{"id":10002,"date":"2019-06-25T10:52:54","date_gmt":"2019-06-25T10:52:54","guid":{"rendered":"https:\/\/www.interforce.dk\/?p=10002"},"modified":"2020-03-26T15:16:31","modified_gmt":"2020-03-26T15:16:31","slug":"hjemmevaernets-specialenhed-har-rundet-endnu-et-skarpt-hjoerne","status":"publish","type":"post","link":"https:\/\/www.interforce.dk\/kl\/hjemmevaernets-specialenhed-har-rundet-endnu-et-skarpt-hjoerne\/","title":{"rendered":"Hjemmev\u00e6rnets specialenhed har rundet endnu et skarpt hj\u00f8rne"},"content":{"rendered":"<div class=\"block core-block core-block--heading\">\n      <div class=\"inner inner--small\">\n      \n<h4 class=\"wp-block-heading\">Specielle Efterretningspatruljer, SEP, blev oprettet i 1959, og i dag 60 \u00e5r senere yder specialtr\u00e6nede, frivillige hjemmev\u00e6rnssoldater stadig v\u00e6rdifuld st\u00f8tte til bl.a. Fr\u00f8mandskorpset.<\/h4>\n\n      <\/div>\n  <\/div>\n<div class=\"block core-block core-block--paragraph\">\n      <div class=\"inner inner--small\">\n      \n<p>Af Morten Fredslund<\/p>\n\n      <\/div>\n  <\/div>\n<div class=\"block core-block core-block--paragraph\">\n      <div class=\"inner inner--small\">\n      \n<p>I fredags var blandt andre en r\u00e6kke milit\u00e6re chefer samt nuv\u00e6rende og tidligere frivillige medlemmer Hjemmev\u00e6rnets nationale specialenhed, \u2013 S\u00e6rlig St\u00f8tte og Rekognoscering, SSR \u2013 samlet til reception p\u00e5 H\u00f8velte Kaserne, for at fejre, at det er 60 siden, at Hjemmev\u00e6rnet fik sin egen enhed med specialister inden for rekognoscering og patruljetjeneste.<\/p>\n\n      <\/div>\n  <\/div>\n<div class=\"block core-block core-block--paragraph\">\n      <div class=\"inner inner--small\">\n      \n<p>Siden 1959 har Hjemmev\u00e6rnet r\u00e5det over den landsd\u00e6kkende specialenhed, der best\u00e5r af s\u00e6rligt udvalgte soldater med en specialuddannelse, der g\u00f8r SSR i stand til at samarbejde med specialenheder fra Danmark og udlandet. Og det til trods for, at soldaterne i SSR alle er frivillige soldater, der l\u00f8ser deres opgaver ved siden af job, uddannelse og familieliv.<\/p>\n\n      <\/div>\n  <\/div>\n<div class=\"block core-block core-block--image align-left\">\n      <div class=\"inner inner--small\">\n      \n<div class=\"wp-block-image\"><figure class=\"alignleft is-resized\"><img loading=\"lazy\" decoding=\"async\" src=\"\/app\/uploads\/2019\/06\/11D30318-1024x683.jpg\" alt=\"\" class=\"wp-image-901\" width=\"346\" height=\"230\" srcset=\"https:\/\/www.interforce.dk\/app\/uploads\/2019\/06\/11D30318-1024x683.jpg 1024w, https:\/\/www.interforce.dk\/app\/uploads\/2019\/06\/11D30318-300x200.jpg 300w, https:\/\/www.interforce.dk\/app\/uploads\/2019\/06\/11D30318-768x512.jpg 768w\" sizes=\"auto, (max-width: 346px) 100vw, 346px\" \/><figcaption><em>De frivillige hjemmev\u00e6rnssoldater i SSR st\u00f8tter bl.a. Fr\u00f8mandskorpset, som her ses i aktion ved Fr\u00f8mandskorpsets 60 \u00e5rs jubil\u00e6um i 2017 Arkivfoto: Morten Fredslund<\/em><\/figcaption><\/figure><\/div>\n\n      <\/div>\n  <\/div>\n<div class=\"block core-block core-block--paragraph\">\n      <div class=\"inner inner--small\">\n      \n<p>SSR st\u00f8tter Forsvarets nationale og internationale opgaver herunder ogs\u00e5 specialoperationsstyrker som J\u00e6gerkorpset og Fr\u00f8mandskorpset. S\u00e5dan har det altid v\u00e6ret i de 60 \u00e5r, enheden har eksisteret. N\u00e5r SSR st\u00f8tter Forsvarets specialoperationsstyrker og l\u00f8ser opgaver nationalt s\u00e5vel som internationalt, stiller det store krav til den enkelte patruljesoldat i SSR. Og ligesom det er tilf\u00e6ldet med optagelserne til Forsvarets specialoperationsstyrker som J\u00e6ger- og Fr\u00f8mandskorpset, er det ogs\u00e5 et n\u00e5le\u00f8je, man skal igennem, hvis man vil v\u00e6re en del af Hjemmev\u00e6rnets specialenhed.&nbsp;<\/p>\n\n      <\/div>\n  <\/div>\n<div class=\"block core-block core-block--paragraph\">\n      <div class=\"inner inner--small\">\n      \n<p><strong>21 dages optagelsespr\u00f8ve<\/strong><\/p>\n\n      <\/div>\n  <\/div>\n<div class=\"block core-block core-block--paragraph\">\n      <div class=\"inner inner--small\">\n      \n<p>Nyt personel til SSR-patruljerne udv\u00e6lges gennem et internt uddannelses- og selektionsforl\u00f8b, hvor soldatens enkeltk\u00e6mperf\u00e6rdigheder, viljestyrke og robusthed afpr\u00f8ves, samtidig med at soldaten uddannes i patruljetjeneste og spejdervirke. I alt 21 dage fordelt henover cirka to m\u00e5neder. De blot ca. 10-20 procent, der gennemf\u00f8rer det \u00e5rlige optagelsesforl\u00f8b, begynder herefter en grundl\u00e6ggende- og derefter en videreg\u00e5ende patruljeuddannelse, som tager cirka to-tre \u00e5r.&nbsp;<\/p>\n\n      <\/div>\n  <\/div>\n<div class=\"block core-block core-block--paragraph\">\n      <div class=\"inner inner--small\">\n      \n<p>I \u00e5r har enheden oplevet et rekordoptag p\u00e5 seks soldater, der alle har gennemf\u00f8rt det lange og kr\u00e6vende optagelsesforl\u00f8b.<\/p>\n\n      <\/div>\n  <\/div>\n<div class=\"block core-block core-block--image\">\n      <div class=\"inner inner--small\">\n      \n<figure class=\"wp-block-image\"><img loading=\"lazy\" decoding=\"async\" width=\"1024\" height=\"683\" src=\"\/app\/uploads\/2019\/06\/11D30201-1024x683.jpg\" alt=\"\" class=\"wp-image-902\" srcset=\"https:\/\/www.interforce.dk\/app\/uploads\/2019\/06\/11D30201-1024x683.jpg 1024w, https:\/\/www.interforce.dk\/app\/uploads\/2019\/06\/11D30201-300x200.jpg 300w, https:\/\/www.interforce.dk\/app\/uploads\/2019\/06\/11D30201-768x512.jpg 768w\" sizes=\"auto, (max-width: 1024px) 100vw, 1024px\" \/><figcaption><em>Det kr\u00e6ver en s\u00e6rlig mentalitet, styrke og uddannelse, n\u00e5r man som frivillig hjemmev\u00e6rnssoldat bl.a. skal l\u00f8se opgaver i t\u00e6t samarbejde med Fr\u00f8mandskorpset, der her ses i aktion ved Fr\u00f8mandskorpsets 60 \u00e5rs jubil\u00e6um i 2017. Arkivfoto: Morten Fredslund<\/em><\/figcaption><\/figure>\n\n      <\/div>\n  <\/div>\n<div class=\"block core-block core-block--paragraph\">\n      <div class=\"inner inner--small\">\n      \n<p>\u201dSSR skal blandt andet kunne st\u00f8tte Forsvarets specialoperationsstyrker og l\u00f8se opgaver nationalt s\u00e5vel som internationalt. Det stiller store krav til den enkelte patruljesoldat i SSR, og det er langt fra alle, der har evnen og viljestyrken,\u201d sagde chefen for SSR, kaptajn Morten Rask til hjv.dk, da Hjemmev\u00e6rnet omtalte 60-\u00e5rsdagen i april.&nbsp;<\/p>\n\n      <\/div>\n  <\/div>\n<div class=\"block core-block core-block--paragraph\">\n      <div class=\"inner inner--small\">\n      \n<p><\/p>\n\n      <\/div>\n  <\/div>\n<div class=\"block core-block core-block--paragraph\">\n      <div class=\"inner inner--small\">\n      \n<p>Derfor gl\u00e6der chefen sig ogs\u00e5 s\u00e6rligt over, at SSR netop i jubil\u00e6ums\u00e5ret har f\u00e5et hele seks nye soldater ind fra b\u00e5de Jylland og Sj\u00e6lland.<\/p>\n\n      <\/div>\n  <\/div>\n<div class=\"block core-block core-block--paragraph\">\n      <div class=\"inner inner--small\">\n      \n<p>\u201dDet er der god grund til at gl\u00e6de sig over. For det er det h\u00f8jeste antal nye patruljesoldater til SSR i mange \u00e5r,\u201d tilf\u00f8jede Morten Rask, som p\u00e5 hjv.dk understreger det frivillige aspekt<\/p>\n\n      <\/div>\n  <\/div>\n<div class=\"block core-block core-block--paragraph\">\n      <div class=\"inner inner--small\">\n      \n<p>\u201dFrivillighed er Hjemmev\u00e6rnets DNA. Derfor gl\u00e6der jeg mig over, at vi fortsat kan rekruttere nye soldater, som prioriterer tjenesten i SSR p\u00e5 helt samme vilk\u00e5r som kollegerne i andre enheder i Hjemmev\u00e6rnet\u201d.<\/p>\n\n      <\/div>\n  <\/div>\n<div class=\"block core-block core-block--image\">\n      <div class=\"inner inner--small\">\n      \n<figure class=\"wp-block-image\"><img loading=\"lazy\" decoding=\"async\" width=\"558\" height=\"326\" src=\"\/app\/uploads\/2019\/06\/SSR_web.jpg\" alt=\"\" class=\"wp-image-903\" srcset=\"https:\/\/www.interforce.dk\/app\/uploads\/2019\/06\/SSR_web.jpg 558w, https:\/\/www.interforce.dk\/app\/uploads\/2019\/06\/SSR_web-300x175.jpg 300w\" sizes=\"auto, (max-width: 558px) 100vw, 558px\" \/><figcaption><em>\u200bChefen for Hjemmev\u00e6rnet, generalmajor Jens Garly i samtale med chef for Fr\u00f8mandskorpset, kommand\u00f8rkaptajn Jens Birkeb\u00e6k Bach, th. Yderst tv. ses oberst og vicechef Poul Ebstrup fra Specialoperationskommandoen. Foto: Daniel Mathiasen<\/em><\/figcaption><\/figure>\n\n      <\/div>\n  <\/div>\n<div class=\"block core-block core-block--paragraph\">\n      <div class=\"inner inner--small\">\n      \n<p>Hjemmev\u00e6rnets \u00f8verste milit\u00e6re chef, generalmajor Jens Garly var ogs\u00e5 tilstede ved fredagens reception. I sin tale pegede han p\u00e5, at det er unikt, at soldaterne fra SSR kan levere toppr\u00e6stationer til st\u00f8tte for specialoperationsstyrker. Til trods for at alle soldater i SSR er frivillige.&nbsp;<\/p>\n\n      <\/div>\n  <\/div>\n<div class=\"block core-block core-block--paragraph\">\n      <div class=\"inner inner--small\">\n      \n<p>\u201dDet kr\u00e6ver en s\u00e6rlig uddannelse, en s\u00e6rlig holdning at holde ved og levere de resultater, som I er i stand til. Det har I gjort igennem alle \u00e5rene. Derfor m\u00e5 vi sige, at det er en speciel dag for en speciel enhed,\u201d sagde Jens Garly if\u00f8lge hjv.dk, da de specialuddannede hjemmev\u00e6rnssoldater blev fejret p\u00e5 H\u00f8velte Kaserne i Aller\u00f8d, hvor SSR-enheden holder til.&nbsp;<\/p>\n\n      <\/div>\n  <\/div>\n<div class=\"block core-block core-block--paragraph\">\n      <div class=\"inner inner--small\">\n      \n<p>L\u00e6s mere p\u00e5 <a href=\"http:\/\/ssr.dk\">http:\/\/ssr.dk<\/a><\/p>\n\n      <\/div>\n  <\/div>\n<div class=\"block core-block core-block--paragraph\">\n      <div class=\"inner inner--small\">\n      \n<p><\/p>\n\n      <\/div>\n  <\/div>","protected":false},"excerpt":{"rendered":"Specielle Efterretningspatruljer, SEP, blev oprettet i 1959, og i dag 60 \u00e5r sen...","protected":false},"author":4,"featured_media":901,"comment_status":"closed","ping_status":"closed","sticky":false,"template":"","format":"standard","meta":{"_acf_changed":false,"footnotes":""},"categories":[1],"tags":[],"class_list":["post-10002","post","type-post","status-publish","format-standard","has-post-thumbnail","hentry","category-uncategorized-da"],"acf":[],"yoast_head":"<!-- This site is optimized with the Yoast SEO plugin v27.3 - https:\/\/yoast.com\/product\/yoast-seo-wordpress\/ -->\n<title>Hjemmev\u00e6rnets specialenhed har rundet endnu et skarpt hj\u00f8rne - InterForce<\/title>\n<meta name=\"robots\" content=\"index, follow, max-snippet:-1, max-image-preview:large, max-video-preview:-1\" \/>\n<link rel=\"canonical\" href=\"https:\/\/www.interforce.dk\/kl\/hjemmevaernets-specialenhed-har-rundet-endnu-et-skarpt-hjoerne\/\" \/>\n<meta property=\"og:locale\" content=\"en_US\" \/>\n<meta property=\"og:type\" content=\"article\" \/>\n<meta property=\"og:title\" content=\"Hjemmev\u00e6rnets specialenhed har rundet endnu et skarpt hj\u00f8rne - InterForce\" \/>\n<meta property=\"og:description\" content=\"Specielle Efterretningspatruljer, SEP, blev oprettet i 1959, og i dag 60 \u00e5r senere yder specialtr\u00e6nede, frivillige hjemmev\u00e6rnssoldater stadig v\u00e6rdifuld st\u00f8tte til bl.a. Fr\u00f8mandskorpset. Af Morten Fredslund I fredags var blandt andre en r\u00e6kke milit\u00e6re chefer samt nuv\u00e6rende og tidligere frivillige medlemmer Hjemmev\u00e6rnets nationale specialenhed, \u2013 S\u00e6rlig St\u00f8tte og Rekognoscering, SSR \u2013 samlet til reception p\u00e5 &hellip;\" \/>\n<meta property=\"og:url\" content=\"https:\/\/www.interforce.dk\/kl\/hjemmevaernets-specialenhed-har-rundet-endnu-et-skarpt-hjoerne\/\" \/>\n<meta property=\"og:site_name\" content=\"InterForce\" \/>\n<meta property=\"article:published_time\" content=\"2019-06-25T10:52:54+00:00\" \/>\n<meta property=\"article:modified_time\" content=\"2020-03-26T15:16:31+00:00\" \/>\n<meta property=\"og:image\" content=\"https:\/\/www.interforce.dk\/app\/uploads\/2019\/06\/11D30318-1024x683.jpg\" \/>\n\t<meta property=\"og:image:width\" content=\"1024\" \/>\n\t<meta property=\"og:image:height\" content=\"683\" \/>\n\t<meta property=\"og:image:type\" content=\"image\/jpeg\" \/>\n<meta name=\"author\" content=\"Morten Fredslund\" \/>\n<meta name=\"twitter:card\" content=\"summary_large_image\" \/>\n<meta name=\"twitter:label1\" content=\"Written by\" \/>\n\t<meta name=\"twitter:data1\" content=\"Morten Fredslund\" \/>\n\t<meta name=\"twitter:label2\" content=\"Est. reading time\" \/>\n\t<meta name=\"twitter:data2\" content=\"4 minutes\" \/>\n<script type=\"application\/ld+json\" class=\"yoast-schema-graph\">{\"@context\":\"https:\\\/\\\/schema.org\",\"@graph\":[{\"@type\":\"Article\",\"@id\":\"https:\\\/\\\/www.interforce.dk\\\/hjemmevaernets-specialenhed-har-rundet-endnu-et-skarpt-hjoerne\\\/#article\",\"isPartOf\":{\"@id\":\"https:\\\/\\\/www.interforce.dk\\\/hjemmevaernets-specialenhed-har-rundet-endnu-et-skarpt-hjoerne\\\/\"},\"author\":{\"name\":\"Morten Fredslund\",\"@id\":\"https:\\\/\\\/www.interforce.dk\\\/#\\\/schema\\\/person\\\/5477512a00e03f11d143b8bb3eb2eb90\"},\"headline\":\"Hjemmev\u00e6rnets specialenhed har rundet endnu et skarpt hj\u00f8rne\",\"datePublished\":\"2019-06-25T10:52:54+00:00\",\"dateModified\":\"2020-03-26T15:16:31+00:00\",\"mainEntityOfPage\":{\"@id\":\"https:\\\/\\\/www.interforce.dk\\\/hjemmevaernets-specialenhed-har-rundet-endnu-et-skarpt-hjoerne\\\/\"},\"wordCount\":744,\"image\":{\"@id\":\"https:\\\/\\\/www.interforce.dk\\\/hjemmevaernets-specialenhed-har-rundet-endnu-et-skarpt-hjoerne\\\/#primaryimage\"},\"thumbnailUrl\":\"https:\\\/\\\/www.interforce.dk\\\/app\\\/uploads\\\/2019\\\/06\\\/11D30318.jpg\",\"articleSection\":[\"Uncategorized @da\"],\"inLanguage\":\"kl-GL\"},{\"@type\":\"WebPage\",\"@id\":\"https:\\\/\\\/www.interforce.dk\\\/hjemmevaernets-specialenhed-har-rundet-endnu-et-skarpt-hjoerne\\\/\",\"url\":\"https:\\\/\\\/www.interforce.dk\\\/hjemmevaernets-specialenhed-har-rundet-endnu-et-skarpt-hjoerne\\\/\",\"name\":\"Hjemmev\u00e6rnets specialenhed har rundet endnu et skarpt hj\u00f8rne - InterForce\",\"isPartOf\":{\"@id\":\"https:\\\/\\\/www.interforce.dk\\\/#website\"},\"primaryImageOfPage\":{\"@id\":\"https:\\\/\\\/www.interforce.dk\\\/hjemmevaernets-specialenhed-har-rundet-endnu-et-skarpt-hjoerne\\\/#primaryimage\"},\"image\":{\"@id\":\"https:\\\/\\\/www.interforce.dk\\\/hjemmevaernets-specialenhed-har-rundet-endnu-et-skarpt-hjoerne\\\/#primaryimage\"},\"thumbnailUrl\":\"https:\\\/\\\/www.interforce.dk\\\/app\\\/uploads\\\/2019\\\/06\\\/11D30318.jpg\",\"datePublished\":\"2019-06-25T10:52:54+00:00\",\"dateModified\":\"2020-03-26T15:16:31+00:00\",\"author\":{\"@id\":\"https:\\\/\\\/www.interforce.dk\\\/#\\\/schema\\\/person\\\/5477512a00e03f11d143b8bb3eb2eb90\"},\"breadcrumb\":{\"@id\":\"https:\\\/\\\/www.interforce.dk\\\/hjemmevaernets-specialenhed-har-rundet-endnu-et-skarpt-hjoerne\\\/#breadcrumb\"},\"inLanguage\":\"kl-GL\",\"potentialAction\":[{\"@type\":\"ReadAction\",\"target\":[\"https:\\\/\\\/www.interforce.dk\\\/hjemmevaernets-specialenhed-har-rundet-endnu-et-skarpt-hjoerne\\\/\"]}]},{\"@type\":\"ImageObject\",\"inLanguage\":\"kl-GL\",\"@id\":\"https:\\\/\\\/www.interforce.dk\\\/hjemmevaernets-specialenhed-har-rundet-endnu-et-skarpt-hjoerne\\\/#primaryimage\",\"url\":\"https:\\\/\\\/www.interforce.dk\\\/app\\\/uploads\\\/2019\\\/06\\\/11D30318.jpg\",\"contentUrl\":\"https:\\\/\\\/www.interforce.dk\\\/app\\\/uploads\\\/2019\\\/06\\\/11D30318.jpg\",\"width\":3888,\"height\":2592,\"caption\":\"Hjemmev\u00e6rnssoldater fra SSR st\u00f8tter bl.a Fr\u00f8mandskorpset. Arkivfoto: Morten Fredslund\"},{\"@type\":\"BreadcrumbList\",\"@id\":\"https:\\\/\\\/www.interforce.dk\\\/hjemmevaernets-specialenhed-har-rundet-endnu-et-skarpt-hjoerne\\\/#breadcrumb\",\"itemListElement\":[{\"@type\":\"ListItem\",\"position\":1,\"name\":\"Hjem\",\"item\":\"https:\\\/\\\/www.interforce.dk\\\/\"},{\"@type\":\"ListItem\",\"position\":2,\"name\":\"Hjemmev\u00e6rnets specialenhed har rundet endnu et skarpt hj\u00f8rne\"}]},{\"@type\":\"WebSite\",\"@id\":\"https:\\\/\\\/www.interforce.dk\\\/#website\",\"url\":\"https:\\\/\\\/www.interforce.dk\\\/\",\"name\":\"InterForce\",\"description\":\"\",\"potentialAction\":[{\"@type\":\"SearchAction\",\"target\":{\"@type\":\"EntryPoint\",\"urlTemplate\":\"https:\\\/\\\/www.interforce.dk\\\/?s={search_term_string}\"},\"query-input\":{\"@type\":\"PropertyValueSpecification\",\"valueRequired\":true,\"valueName\":\"search_term_string\"}}],\"inLanguage\":\"kl-GL\"},{\"@type\":\"Person\",\"@id\":\"https:\\\/\\\/www.interforce.dk\\\/#\\\/schema\\\/person\\\/5477512a00e03f11d143b8bb3eb2eb90\",\"name\":\"Morten Fredslund\",\"image\":{\"@type\":\"ImageObject\",\"inLanguage\":\"kl-GL\",\"@id\":\"https:\\\/\\\/secure.gravatar.com\\\/avatar\\\/67a6005c62149980e771e9a43b3cd6a4384c966c10c03c2641da6ea4f52fb6b8?s=96&d=mm&r=g\",\"url\":\"https:\\\/\\\/secure.gravatar.com\\\/avatar\\\/67a6005c62149980e771e9a43b3cd6a4384c966c10c03c2641da6ea4f52fb6b8?s=96&d=mm&r=g\",\"contentUrl\":\"https:\\\/\\\/secure.gravatar.com\\\/avatar\\\/67a6005c62149980e771e9a43b3cd6a4384c966c10c03c2641da6ea4f52fb6b8?s=96&d=mm&r=g\",\"caption\":\"Morten Fredslund\"},\"url\":\"https:\\\/\\\/www.interforce.dk\\\/kl\\\/author\\\/morten-fredslund\\\/\"}]}<\/script>\n<!-- \/ Yoast SEO plugin. -->","yoast_head_json":{"title":"Hjemmev\u00e6rnets specialenhed har rundet endnu et skarpt hj\u00f8rne - InterForce","robots":{"index":"index","follow":"follow","max-snippet":"max-snippet:-1","max-image-preview":"max-image-preview:large","max-video-preview":"max-video-preview:-1"},"canonical":"https:\/\/www.interforce.dk\/kl\/hjemmevaernets-specialenhed-har-rundet-endnu-et-skarpt-hjoerne\/","og_locale":"en_US","og_type":"article","og_title":"Hjemmev\u00e6rnets specialenhed har rundet endnu et skarpt hj\u00f8rne - InterForce","og_description":"Specielle Efterretningspatruljer, SEP, blev oprettet i 1959, og i dag 60 \u00e5r senere yder specialtr\u00e6nede, frivillige hjemmev\u00e6rnssoldater stadig v\u00e6rdifuld st\u00f8tte til bl.a. Fr\u00f8mandskorpset. Af Morten Fredslund I fredags var blandt andre en r\u00e6kke milit\u00e6re chefer samt nuv\u00e6rende og tidligere frivillige medlemmer Hjemmev\u00e6rnets nationale specialenhed, \u2013 S\u00e6rlig St\u00f8tte og Rekognoscering, SSR \u2013 samlet til reception p\u00e5 &hellip;","og_url":"https:\/\/www.interforce.dk\/kl\/hjemmevaernets-specialenhed-har-rundet-endnu-et-skarpt-hjoerne\/","og_site_name":"InterForce","article_published_time":"2019-06-25T10:52:54+00:00","article_modified_time":"2020-03-26T15:16:31+00:00","og_image":[{"width":1024,"height":683,"url":"https:\/\/www.interforce.dk\/app\/uploads\/2019\/06\/11D30318-1024x683.jpg","type":"image\/jpeg"}],"author":"Morten Fredslund","twitter_card":"summary_large_image","twitter_misc":{"Written by":"Morten Fredslund","Est. reading time":"4 minutes"},"schema":{"@context":"https:\/\/schema.org","@graph":[{"@type":"Article","@id":"https:\/\/www.interforce.dk\/hjemmevaernets-specialenhed-har-rundet-endnu-et-skarpt-hjoerne\/#article","isPartOf":{"@id":"https:\/\/www.interforce.dk\/hjemmevaernets-specialenhed-har-rundet-endnu-et-skarpt-hjoerne\/"},"author":{"name":"Morten Fredslund","@id":"https:\/\/www.interforce.dk\/#\/schema\/person\/5477512a00e03f11d143b8bb3eb2eb90"},"headline":"Hjemmev\u00e6rnets specialenhed har rundet endnu et skarpt hj\u00f8rne","datePublished":"2019-06-25T10:52:54+00:00","dateModified":"2020-03-26T15:16:31+00:00","mainEntityOfPage":{"@id":"https:\/\/www.interforce.dk\/hjemmevaernets-specialenhed-har-rundet-endnu-et-skarpt-hjoerne\/"},"wordCount":744,"image":{"@id":"https:\/\/www.interforce.dk\/hjemmevaernets-specialenhed-har-rundet-endnu-et-skarpt-hjoerne\/#primaryimage"},"thumbnailUrl":"https:\/\/www.interforce.dk\/app\/uploads\/2019\/06\/11D30318.jpg","articleSection":["Uncategorized @da"],"inLanguage":"kl-GL"},{"@type":"WebPage","@id":"https:\/\/www.interforce.dk\/hjemmevaernets-specialenhed-har-rundet-endnu-et-skarpt-hjoerne\/","url":"https:\/\/www.interforce.dk\/hjemmevaernets-specialenhed-har-rundet-endnu-et-skarpt-hjoerne\/","name":"Hjemmev\u00e6rnets specialenhed har rundet endnu et skarpt hj\u00f8rne - InterForce","isPartOf":{"@id":"https:\/\/www.interforce.dk\/#website"},"primaryImageOfPage":{"@id":"https:\/\/www.interforce.dk\/hjemmevaernets-specialenhed-har-rundet-endnu-et-skarpt-hjoerne\/#primaryimage"},"image":{"@id":"https:\/\/www.interforce.dk\/hjemmevaernets-specialenhed-har-rundet-endnu-et-skarpt-hjoerne\/#primaryimage"},"thumbnailUrl":"https:\/\/www.interforce.dk\/app\/uploads\/2019\/06\/11D30318.jpg","datePublished":"2019-06-25T10:52:54+00:00","dateModified":"2020-03-26T15:16:31+00:00","author":{"@id":"https:\/\/www.interforce.dk\/#\/schema\/person\/5477512a00e03f11d143b8bb3eb2eb90"},"breadcrumb":{"@id":"https:\/\/www.interforce.dk\/hjemmevaernets-specialenhed-har-rundet-endnu-et-skarpt-hjoerne\/#breadcrumb"},"inLanguage":"kl-GL","potentialAction":[{"@type":"ReadAction","target":["https:\/\/www.interforce.dk\/hjemmevaernets-specialenhed-har-rundet-endnu-et-skarpt-hjoerne\/"]}]},{"@type":"ImageObject","inLanguage":"kl-GL","@id":"https:\/\/www.interforce.dk\/hjemmevaernets-specialenhed-har-rundet-endnu-et-skarpt-hjoerne\/#primaryimage","url":"https:\/\/www.interforce.dk\/app\/uploads\/2019\/06\/11D30318.jpg","contentUrl":"https:\/\/www.interforce.dk\/app\/uploads\/2019\/06\/11D30318.jpg","width":3888,"height":2592,"caption":"Hjemmev\u00e6rnssoldater fra SSR st\u00f8tter bl.a Fr\u00f8mandskorpset. Arkivfoto: Morten Fredslund"},{"@type":"BreadcrumbList","@id":"https:\/\/www.interforce.dk\/hjemmevaernets-specialenhed-har-rundet-endnu-et-skarpt-hjoerne\/#breadcrumb","itemListElement":[{"@type":"ListItem","position":1,"name":"Hjem","item":"https:\/\/www.interforce.dk\/"},{"@type":"ListItem","position":2,"name":"Hjemmev\u00e6rnets specialenhed har rundet endnu et skarpt hj\u00f8rne"}]},{"@type":"WebSite","@id":"https:\/\/www.interforce.dk\/#website","url":"https:\/\/www.interforce.dk\/","name":"InterForce","description":"","potentialAction":[{"@type":"SearchAction","target":{"@type":"EntryPoint","urlTemplate":"https:\/\/www.interforce.dk\/?s={search_term_string}"},"query-input":{"@type":"PropertyValueSpecification","valueRequired":true,"valueName":"search_term_string"}}],"inLanguage":"kl-GL"},{"@type":"Person","@id":"https:\/\/www.interforce.dk\/#\/schema\/person\/5477512a00e03f11d143b8bb3eb2eb90","name":"Morten Fredslund","image":{"@type":"ImageObject","inLanguage":"kl-GL","@id":"https:\/\/secure.gravatar.com\/avatar\/67a6005c62149980e771e9a43b3cd6a4384c966c10c03c2641da6ea4f52fb6b8?s=96&d=mm&r=g","url":"https:\/\/secure.gravatar.com\/avatar\/67a6005c62149980e771e9a43b3cd6a4384c966c10c03c2641da6ea4f52fb6b8?s=96&d=mm&r=g","contentUrl":"https:\/\/secure.gravatar.com\/avatar\/67a6005c62149980e771e9a43b3cd6a4384c966c10c03c2641da6ea4f52fb6b8?s=96&d=mm&r=g","caption":"Morten Fredslund"},"url":"https:\/\/www.interforce.dk\/kl\/author\/morten-fredslund\/"}]}},"_links":{"self":[{"href":"https:\/\/www.interforce.dk\/kl\/wp-json\/wp\/v2\/posts\/10002","targetHints":{"allow":["GET"]}}],"collection":[{"href":"https:\/\/www.interforce.dk\/kl\/wp-json\/wp\/v2\/posts"}],"about":[{"href":"https:\/\/www.interforce.dk\/kl\/wp-json\/wp\/v2\/types\/post"}],"author":[{"embeddable":true,"href":"https:\/\/www.interforce.dk\/kl\/wp-json\/wp\/v2\/users\/4"}],"replies":[{"embeddable":true,"href":"https:\/\/www.interforce.dk\/kl\/wp-json\/wp\/v2\/comments?post=10002"}],"version-history":[{"count":0,"href":"https:\/\/www.interforce.dk\/kl\/wp-json\/wp\/v2\/posts\/10002\/revisions"}],"wp:featuredmedia":[{"embeddable":true,"href":"https:\/\/www.interforce.dk\/kl\/wp-json\/wp\/v2\/media\/901"}],"wp:attachment":[{"href":"https:\/\/www.interforce.dk\/kl\/wp-json\/wp\/v2\/media?parent=10002"}],"wp:term":[{"taxonomy":"category","embeddable":true,"href":"https:\/\/www.interforce.dk\/kl\/wp-json\/wp\/v2\/categories?post=10002"},{"taxonomy":"post_tag","embeddable":true,"href":"https:\/\/www.interforce.dk\/kl\/wp-json\/wp\/v2\/tags?post=10002"}],"curies":[{"name":"wp","href":"https:\/\/api.w.org\/{rel}","templated":true}]}}