{"id":915,"date":"2019-08-04T18:16:10","date_gmt":"2019-08-04T18:16:10","guid":{"rendered":"https:\/\/www.interforce.dk\/?p=915"},"modified":"2020-09-08T08:04:29","modified_gmt":"2020-09-08T08:04:29","slug":"arktisk-kommando-har-indledt-jagten-efter-120-reservister-2","status":"publish","type":"post","link":"https:\/\/www.interforce.dk\/en\/arktisk-kommando-har-indledt-jagten-efter-120-reservister-2\/","title":{"rendered":"Arktisk Kommando har indledt jagten efter 120 reservister"},"content":{"rendered":"<div class=\"block core-block core-block--heading\">\n      <div class=\"inner inner--small\">\n      \n<h3 class=\"wp-block-heading\"><strong>Reservestyrken hos Arktisk Kommando skal frem til ultimo 2020 boostes fra de nuv\u00e6rende 15 til cirka 120 reservister. Den f\u00f8rste b\u00f8lge af tre ans\u00f8gningsrunder er indledt og f\u00f8lges op af to informationsseminar hhv. den 12. og 13. august<\/strong><\/h3>\n\n      <\/div>\n  <\/div>\n<div class=\"block core-block core-block--paragraph\">\n      <div class=\"inner inner--small\">\n      \n<p>Af Morten Fredslund<\/p>\n\n      <\/div>\n  <\/div>\n<div class=\"block core-block core-block--paragraph\">\n      <div class=\"inner inner--small\">\n      \n<p>Netop nu kan man p\u00e5 karriere.forsvaret.dk finde 23 stillingsopslag d\u00e6kkende 32 jobs ved Arktisk Kommandos reservestyrke, og der er flere p\u00e5 vej. Samlet set skal reservestyrken ved Arktisk Kommando, AKO, inden udgangen af 2020 best\u00e5 af ca. 120 reservister, der skal bes\u00e6tte operative stillinger ved AKOs mange tjenestesteder \u2013 prim\u00e6rt i Gr\u00f8nland, men ogs\u00e5 p\u00e5 F\u00e6r\u00f8erne, Island og i Danmark.<\/p>\n\n      <\/div>\n  <\/div>\n<div class=\"block core-block core-block--paragraph\">\n      <div class=\"inner inner--small\">\n      \n<p>De mange stillingsopslag efter reservister skal ses som en naturlig del af selve opbygningen af Arktisk Kommando, forklarer chefen for AKOs reservestyrke, oberstl\u00f8jtnant af reserven, Jan Hjortsh\u00f8j.<\/p>\n\n      <\/div>\n  <\/div>\n<div class=\"block core-block core-block--image\">\n      <div class=\"inner inner--small\">\n      \n<figure class=\"wp-block-image\"><img loading=\"lazy\" decoding=\"async\" width=\"1024\" height=\"682\" src=\"\/app\/uploads\/2019\/08\/IMG_0297-1024x682.jpg\" alt=\"\" class=\"wp-image-917\" srcset=\"https:\/\/www.interforce.dk\/app\/uploads\/2019\/08\/IMG_0297-1024x682.jpg 1024w, https:\/\/www.interforce.dk\/app\/uploads\/2019\/08\/IMG_0297-300x200.jpg 300w, https:\/\/www.interforce.dk\/app\/uploads\/2019\/08\/IMG_0297-768x512.jpg 768w, https:\/\/www.interforce.dk\/app\/uploads\/2019\/08\/IMG_0297.jpg 1280w\" sizes=\"auto, (max-width: 1024px) 100vw, 1024px\" \/><figcaption>Arktisk Kommando hoveds\u00e6de i Nuuk. De kommende par \u00e5r skal AKO have tilf\u00f8rt ca. 120 reservister fra alle personelkategorier og alle v\u00e6rn. Arkivfoto: Morten Fredslund.<\/figcaption><\/figure>\n\n      <\/div>\n  <\/div>\n<div class=\"block core-block core-block--paragraph\">\n      <div class=\"inner inner--small\">\n      \n<p>&#8211; Vi har v\u00e6ret klar til den her man\u00f8vre et stykke tid, men har afventet konsekvenserne af budgetanalyse, forsvarsforliget og en r\u00e6kke andre processer \u2013 blandt andet forligsinitiativ F 23A, der fordeler ekstra midler til reserven imellem v\u00e6rn og kommandoer, siger Jan Hjortsh\u00f8j.&nbsp;<\/p>\n\n      <\/div>\n  <\/div>\n<div class=\"block core-block core-block--paragraph\">\n      <div class=\"inner inner--small\">\n      \n<p>Han forklarer, at opgaven for de mange reservister i AKOs nye og st\u00f8rre reservestruktur prim\u00e6rt bliver at v\u00e6re stand-in for det fastansatte personel ved AKO, s\u00e5fremt der sker en st\u00f8rre ulykke eller en naturkatastrofe, som kr\u00e6ver, at personellet er indsat p\u00e5 forh\u00f8jet aktivitetsniveau 24\/7 i en l\u00e6ngere periode.&nbsp;<\/p>\n\n      <\/div>\n  <\/div>\n<div class=\"block core-block core-block--paragraph\">\n      <div class=\"inner inner--small\">\n      \n<p>&#8211; Blandt andet bel\u00e6rt af tsunamien ved bygden&nbsp;Nuugaatsiaq i 2017 ved vi, at det stort set er umuligt at holde en fast, operativ stab k\u00f8rende 24\/7 p\u00e5 et meget h\u00f8jt aktivitetsniveau under alvorlige h\u00e6ndelser, der str\u00e6kker sig over lang tid. Derfor har vi behov for at kunne tr\u00e6kke p\u00e5 b\u00e5de mere arbejdskraft og et st\u00f8rre spektrum af kapaciteter. S\u00e5 tilgangen af de mange reservister sker for at udbygge Arktisk Kommandos kriseorganisation, siger Jan Hjortsh\u00f8j.&nbsp;<\/p>\n\n      <\/div>\n  <\/div>\n<div class=\"block core-block core-block--paragraph\">\n      <div class=\"inner inner--small\">\n      \n<p><strong>Jobs i alle personelkategorier&nbsp;<\/strong><\/p>\n\n      <\/div>\n  <\/div>\n<div class=\"block core-block core-block--paragraph\">\n      <div class=\"inner inner--small\">\n      \n<p>De 23 nuv\u00e6rende jobopslag omfatter blandt andet en oberstl\u00f8jtnantsstilling, seks major-, syv kaptajn, to seniorsergent-, to oversergentstillinger og en sergentstilling samt fire korporal- og konstabelstillinger. Flere af opslagene favner mere end en enkelt person, og samlet set s\u00f8ger AKO i denne omgang 32 personer.&nbsp;<\/p>\n\n      <\/div>\n  <\/div>\n<div class=\"block core-block core-block--paragraph\">\n      <div class=\"inner inner--small\">\n      \n<p>&#8211; Det omfatter reservepersonel fra alle v\u00e6rn og alle personelkategorier, og b\u00e5de personel fra den nuv\u00e6rende reservestyrke og hjemsendt samt tidligere tjenesteg\u00f8rende soldater kan s\u00f8ge stillingerne, siger Jan Hjortsh\u00f8j.<\/p>\n\n      <\/div>\n  <\/div>\n<div class=\"block core-block core-block--image\">\n      <div class=\"inner inner--small\">\n      \n<figure class=\"wp-block-image\"><img loading=\"lazy\" decoding=\"async\" width=\"1024\" height=\"768\" src=\"https:\/\/www.interforce.dk\/app\/uploads\/2019\/08\/IMG_2559-1024x768.jpeg\" alt=\"Jan Hjortsh\u00f8j, Arktisk Kommando, reservestyrke\" class=\"wp-image-916\" srcset=\"https:\/\/www.interforce.dk\/app\/uploads\/2019\/08\/IMG_2559-1024x768.jpeg 1024w, https:\/\/www.interforce.dk\/app\/uploads\/2019\/08\/IMG_2559-300x225.jpeg 300w, https:\/\/www.interforce.dk\/app\/uploads\/2019\/08\/IMG_2559-768x576.jpeg 768w\" sizes=\"auto, (max-width: 1024px) 100vw, 1024px\" \/><figcaption>Chefen for Arktisk Kommandos reservestyrke, Jan Hjortsh\u00f8j, skal bruge 120 reservister. Foto: Privat<\/figcaption><\/figure>\n\n      <\/div>\n  <\/div>\n<div class=\"block core-block core-block--paragraph\">\n      <div class=\"inner inner--small\">\n      \n<p>Han har oplevet stor interesse for stillingerne i AKOs reserve, men erkender ogs\u00e5, at det kan blive en udfordring at finde reservister, der kan hive en uge ud af kalenderen to-tre gange om \u00e5ret \u2013 eller de minimum 15 dage, som er anf\u00f8rt i stillingsopslagene.&nbsp;<\/p>\n\n      <\/div>\n  <\/div>\n<div class=\"block core-block core-block--paragraph\">\n      <div class=\"inner inner--small\">\n      \n<p>&#8211; Da inds\u00e6ttelserne og \u00f8velsesaktiviteterne som udgangspunkt foreg\u00e5r i Gr\u00f8nland, vil der som regel v\u00e6re tale om indkommanderinger p\u00e5 minimum en uges tid ad gangen p\u00e5 grund af rejsetid. Derfor er det ogs\u00e5 vigtigt, at man som ans\u00f8ger har taget sin arbejdsgiver og familie i ed om netop det forhold, inden man sender sin ans\u00f8gning, siger Jan Hjortsh\u00f8j.<\/p>\n\n      <\/div>\n  <\/div>\n<div class=\"block core-block core-block--paragraph\">\n      <div class=\"inner inner--small\">\n      \n<p>Han peger samtidig p\u00e5 to forhold, der aktuelt kan v\u00e6re med til at blive afg\u00f8rende lod p\u00e5 v\u00e6gtsk\u00e5len, hvis man som reservist overvejer at s\u00f8ge en af stillingerne.<\/p>\n\n      <\/div>\n  <\/div>\n<div class=\"block core-block core-block--paragraph\">\n      <div class=\"inner inner--small\">\n      \n<p>&#8211; Generelt er der netop nu meget stor fokus p\u00e5 Arktisk &#8211; b\u00e5de storpolitisk og milj\u00f8m\u00e6ssigt. Desuden tiltaler det mange, at AKO i h\u00f8j grad er&nbsp;&nbsp;operativ stab, der driver skarpe operationer i dagligdagen, siger Jan Hjortsh\u00f8j<\/p>\n\n      <\/div>\n  <\/div>\n<div class=\"block core-block core-block--paragraph\">\n      <div class=\"inner inner--small\">\n      \n<p>P\u00e5 to seminar vil han orientereom Arktisk Kommandos opgaver, reservestyrken og de stillinger, der udbydes nu og de kommende 12-18 m\u00e5neder. Det f\u00f8rste seminar gennemf\u00f8res p\u00e5 Kastellet i K\u00f8benhavn den 12. august og dagen efter f\u00f8lges op med et seminar p\u00e5 Ryes Kaserne i Fredericia. Det er muligt at tilmelde sig via opslaget p\u00e5 Facebook: <\/p>\n\n      <\/div>\n  <\/div>\n<div class=\"block core-block core-block--paragraph\">\n      <div class=\"inner inner--small\">\n      \n<p><a href=\"https:\/\/www.facebook.com\/forsvaretsreserve\/posts\/1373399206158629\">https:\/\/www.facebook.com\/forsvaretsreserve\/posts\/1373399206158629<\/a><\/p>\n\n      <\/div>\n  <\/div>\n<div class=\"block core-block core-block--paragraph\">\n      <div class=\"inner inner--small\">\n      \n<p>Ans\u00f8gningsfristen p\u00e5 jobopslagene i den aktuelle f\u00f8rste b\u00f8lge, er den 15. august.&nbsp;<\/p>\n\n      <\/div>\n  <\/div>\n<div class=\"block core-block core-block--paragraph\">\n      <div class=\"inner inner--small\">\n      \n<p>Du finder stillingerne her: <a href=\"https:\/\/karriere.forsvaret.dk\/job\/\">https:\/\/karriere.forsvaret.dk\/job\/<\/a><\/p>\n\n      <\/div>\n  <\/div>","protected":false},"excerpt":{"rendered":"Reservestyrken hos Arktisk Kommando skal frem til ultimo 2020 boostes fra de nuv...","protected":false},"author":4,"featured_media":918,"comment_status":"closed","ping_status":"closed","sticky":false,"template":"","format":"standard","meta":{"_acf_changed":false,"footnotes":""},"categories":[19],"tags":[118],"class_list":["post-915","post","type-post","status-publish","format-standard","has-post-thumbnail","hentry","category-arktis","tag-tag-groenland"],"acf":[],"yoast_head":"<!-- This site is optimized with the Yoast SEO plugin v27.3 - https:\/\/yoast.com\/product\/yoast-seo-wordpress\/ -->\n<title>Arktisk Kommando har indledt jagten efter 120 reservister - InterForce<\/title>\n<meta name=\"robots\" content=\"index, follow, max-snippet:-1, max-image-preview:large, max-video-preview:-1\" \/>\n<link rel=\"canonical\" href=\"https:\/\/www.interforce.dk\/en\/arktisk-kommando-har-indledt-jagten-efter-120-reservister-2\/\" \/>\n<meta property=\"og:locale\" content=\"en_GB\" \/>\n<meta property=\"og:type\" content=\"article\" \/>\n<meta property=\"og:title\" content=\"Arktisk Kommando har indledt jagten efter 120 reservister - InterForce\" \/>\n<meta property=\"og:description\" content=\"Reservestyrken hos Arktisk Kommando skal frem til ultimo 2020 boostes fra de nuv\u00e6rende 15 til cirka 120 reservister. Den f\u00f8rste b\u00f8lge af tre ans\u00f8gningsrunder er indledt og f\u00f8lges op af to informationsseminar hhv. den 12. og 13. august Af Morten Fredslund Netop nu kan man p\u00e5 karriere.forsvaret.dk finde 23 stillingsopslag d\u00e6kkende 32 jobs ved Arktisk &hellip;\" \/>\n<meta property=\"og:url\" content=\"https:\/\/www.interforce.dk\/en\/arktisk-kommando-har-indledt-jagten-efter-120-reservister-2\/\" \/>\n<meta property=\"og:site_name\" content=\"InterForce\" \/>\n<meta property=\"article:published_time\" content=\"2019-08-04T18:16:10+00:00\" \/>\n<meta property=\"article:modified_time\" content=\"2020-09-08T08:04:29+00:00\" \/>\n<meta property=\"og:image\" content=\"https:\/\/www.interforce.dk\/app\/uploads\/2019\/08\/IMGM6772.jpg\" \/>\n\t<meta property=\"og:image:width\" content=\"1280\" \/>\n\t<meta property=\"og:image:height\" content=\"853\" \/>\n\t<meta property=\"og:image:type\" content=\"image\/jpeg\" \/>\n<meta name=\"author\" content=\"Morten Fredslund\" \/>\n<meta name=\"twitter:card\" content=\"summary_large_image\" \/>\n<meta name=\"twitter:label1\" content=\"Written by\" \/>\n\t<meta name=\"twitter:data1\" content=\"Morten Fredslund\" \/>\n\t<meta name=\"twitter:label2\" content=\"Est. reading time\" \/>\n\t<meta name=\"twitter:data2\" content=\"4 minutes\" \/>\n<script type=\"application\/ld+json\" class=\"yoast-schema-graph\">{\"@context\":\"https:\\\/\\\/schema.org\",\"@graph\":[{\"@type\":\"Article\",\"@id\":\"https:\\\/\\\/www.interforce.dk\\\/arktisk-kommando-har-indledt-jagten-efter-120-reservister-2\\\/#article\",\"isPartOf\":{\"@id\":\"https:\\\/\\\/www.interforce.dk\\\/arktisk-kommando-har-indledt-jagten-efter-120-reservister-2\\\/\"},\"author\":{\"name\":\"Morten Fredslund\",\"@id\":\"https:\\\/\\\/www.interforce.dk\\\/#\\\/schema\\\/person\\\/5477512a00e03f11d143b8bb3eb2eb90\"},\"headline\":\"Arktisk Kommando har indledt jagten efter 120 reservister\",\"datePublished\":\"2019-08-04T18:16:10+00:00\",\"dateModified\":\"2020-09-08T08:04:29+00:00\",\"mainEntityOfPage\":{\"@id\":\"https:\\\/\\\/www.interforce.dk\\\/arktisk-kommando-har-indledt-jagten-efter-120-reservister-2\\\/\"},\"wordCount\":730,\"image\":{\"@id\":\"https:\\\/\\\/www.interforce.dk\\\/arktisk-kommando-har-indledt-jagten-efter-120-reservister-2\\\/#primaryimage\"},\"thumbnailUrl\":\"https:\\\/\\\/www.interforce.dk\\\/app\\\/uploads\\\/2019\\\/08\\\/IMGM6772.jpg\",\"keywords\":[\"Tag:Gr\u00f8nland\"],\"articleSection\":[\"Arktis\"],\"inLanguage\":\"en-GB\"},{\"@type\":\"WebPage\",\"@id\":\"https:\\\/\\\/www.interforce.dk\\\/arktisk-kommando-har-indledt-jagten-efter-120-reservister-2\\\/\",\"url\":\"https:\\\/\\\/www.interforce.dk\\\/arktisk-kommando-har-indledt-jagten-efter-120-reservister-2\\\/\",\"name\":\"Arktisk Kommando har indledt jagten efter 120 reservister - InterForce\",\"isPartOf\":{\"@id\":\"https:\\\/\\\/www.interforce.dk\\\/#website\"},\"primaryImageOfPage\":{\"@id\":\"https:\\\/\\\/www.interforce.dk\\\/arktisk-kommando-har-indledt-jagten-efter-120-reservister-2\\\/#primaryimage\"},\"image\":{\"@id\":\"https:\\\/\\\/www.interforce.dk\\\/arktisk-kommando-har-indledt-jagten-efter-120-reservister-2\\\/#primaryimage\"},\"thumbnailUrl\":\"https:\\\/\\\/www.interforce.dk\\\/app\\\/uploads\\\/2019\\\/08\\\/IMGM6772.jpg\",\"datePublished\":\"2019-08-04T18:16:10+00:00\",\"dateModified\":\"2020-09-08T08:04:29+00:00\",\"author\":{\"@id\":\"https:\\\/\\\/www.interforce.dk\\\/#\\\/schema\\\/person\\\/5477512a00e03f11d143b8bb3eb2eb90\"},\"breadcrumb\":{\"@id\":\"https:\\\/\\\/www.interforce.dk\\\/arktisk-kommando-har-indledt-jagten-efter-120-reservister-2\\\/#breadcrumb\"},\"inLanguage\":\"en-GB\",\"potentialAction\":[{\"@type\":\"ReadAction\",\"target\":[\"https:\\\/\\\/www.interforce.dk\\\/arktisk-kommando-har-indledt-jagten-efter-120-reservister-2\\\/\"]}]},{\"@type\":\"ImageObject\",\"inLanguage\":\"en-GB\",\"@id\":\"https:\\\/\\\/www.interforce.dk\\\/arktisk-kommando-har-indledt-jagten-efter-120-reservister-2\\\/#primaryimage\",\"url\":\"https:\\\/\\\/www.interforce.dk\\\/app\\\/uploads\\\/2019\\\/08\\\/IMGM6772.jpg\",\"contentUrl\":\"https:\\\/\\\/www.interforce.dk\\\/app\\\/uploads\\\/2019\\\/08\\\/IMGM6772.jpg\",\"width\":1280,\"height\":853,\"caption\":\"De mange nye reservister skal bes\u00e6tte operative stillinger p\u00e5 en lang r\u00e6kke af Arktisk Kommandos tjenesteder. Her Station Nord \u2013 den nordligst beliggende, fast bemandede lokalitet i Gr\u00f8nland. Arkivfoto: Morten Fredslund\"},{\"@type\":\"BreadcrumbList\",\"@id\":\"https:\\\/\\\/www.interforce.dk\\\/arktisk-kommando-har-indledt-jagten-efter-120-reservister-2\\\/#breadcrumb\",\"itemListElement\":[{\"@type\":\"ListItem\",\"position\":1,\"name\":\"Hjem\",\"item\":\"https:\\\/\\\/www.interforce.dk\\\/\"},{\"@type\":\"ListItem\",\"position\":2,\"name\":\"Arktisk Kommando har indledt jagten efter 120 reservister\"}]},{\"@type\":\"WebSite\",\"@id\":\"https:\\\/\\\/www.interforce.dk\\\/#website\",\"url\":\"https:\\\/\\\/www.interforce.dk\\\/\",\"name\":\"InterForce\",\"description\":\"\",\"potentialAction\":[{\"@type\":\"SearchAction\",\"target\":{\"@type\":\"EntryPoint\",\"urlTemplate\":\"https:\\\/\\\/www.interforce.dk\\\/?s={search_term_string}\"},\"query-input\":{\"@type\":\"PropertyValueSpecification\",\"valueRequired\":true,\"valueName\":\"search_term_string\"}}],\"inLanguage\":\"en-GB\"},{\"@type\":\"Person\",\"@id\":\"https:\\\/\\\/www.interforce.dk\\\/#\\\/schema\\\/person\\\/5477512a00e03f11d143b8bb3eb2eb90\",\"name\":\"Morten Fredslund\",\"image\":{\"@type\":\"ImageObject\",\"inLanguage\":\"en-GB\",\"@id\":\"https:\\\/\\\/secure.gravatar.com\\\/avatar\\\/67a6005c62149980e771e9a43b3cd6a4384c966c10c03c2641da6ea4f52fb6b8?s=96&d=mm&r=g\",\"url\":\"https:\\\/\\\/secure.gravatar.com\\\/avatar\\\/67a6005c62149980e771e9a43b3cd6a4384c966c10c03c2641da6ea4f52fb6b8?s=96&d=mm&r=g\",\"contentUrl\":\"https:\\\/\\\/secure.gravatar.com\\\/avatar\\\/67a6005c62149980e771e9a43b3cd6a4384c966c10c03c2641da6ea4f52fb6b8?s=96&d=mm&r=g\",\"caption\":\"Morten Fredslund\"},\"url\":\"https:\\\/\\\/www.interforce.dk\\\/en\\\/author\\\/morten-fredslund\\\/\"}]}<\/script>\n<!-- \/ Yoast SEO plugin. -->","yoast_head_json":{"title":"Arktisk Kommando har indledt jagten efter 120 reservister - InterForce","robots":{"index":"index","follow":"follow","max-snippet":"max-snippet:-1","max-image-preview":"max-image-preview:large","max-video-preview":"max-video-preview:-1"},"canonical":"https:\/\/www.interforce.dk\/en\/arktisk-kommando-har-indledt-jagten-efter-120-reservister-2\/","og_locale":"en_GB","og_type":"article","og_title":"Arktisk Kommando har indledt jagten efter 120 reservister - InterForce","og_description":"Reservestyrken hos Arktisk Kommando skal frem til ultimo 2020 boostes fra de nuv\u00e6rende 15 til cirka 120 reservister. Den f\u00f8rste b\u00f8lge af tre ans\u00f8gningsrunder er indledt og f\u00f8lges op af to informationsseminar hhv. den 12. og 13. august Af Morten Fredslund Netop nu kan man p\u00e5 karriere.forsvaret.dk finde 23 stillingsopslag d\u00e6kkende 32 jobs ved Arktisk &hellip;","og_url":"https:\/\/www.interforce.dk\/en\/arktisk-kommando-har-indledt-jagten-efter-120-reservister-2\/","og_site_name":"InterForce","article_published_time":"2019-08-04T18:16:10+00:00","article_modified_time":"2020-09-08T08:04:29+00:00","og_image":[{"width":1280,"height":853,"url":"https:\/\/www.interforce.dk\/app\/uploads\/2019\/08\/IMGM6772.jpg","type":"image\/jpeg"}],"author":"Morten Fredslund","twitter_card":"summary_large_image","twitter_misc":{"Written by":"Morten Fredslund","Est. reading time":"4 minutes"},"schema":{"@context":"https:\/\/schema.org","@graph":[{"@type":"Article","@id":"https:\/\/www.interforce.dk\/arktisk-kommando-har-indledt-jagten-efter-120-reservister-2\/#article","isPartOf":{"@id":"https:\/\/www.interforce.dk\/arktisk-kommando-har-indledt-jagten-efter-120-reservister-2\/"},"author":{"name":"Morten Fredslund","@id":"https:\/\/www.interforce.dk\/#\/schema\/person\/5477512a00e03f11d143b8bb3eb2eb90"},"headline":"Arktisk Kommando har indledt jagten efter 120 reservister","datePublished":"2019-08-04T18:16:10+00:00","dateModified":"2020-09-08T08:04:29+00:00","mainEntityOfPage":{"@id":"https:\/\/www.interforce.dk\/arktisk-kommando-har-indledt-jagten-efter-120-reservister-2\/"},"wordCount":730,"image":{"@id":"https:\/\/www.interforce.dk\/arktisk-kommando-har-indledt-jagten-efter-120-reservister-2\/#primaryimage"},"thumbnailUrl":"https:\/\/www.interforce.dk\/app\/uploads\/2019\/08\/IMGM6772.jpg","keywords":["Tag:Gr\u00f8nland"],"articleSection":["Arktis"],"inLanguage":"en-GB"},{"@type":"WebPage","@id":"https:\/\/www.interforce.dk\/arktisk-kommando-har-indledt-jagten-efter-120-reservister-2\/","url":"https:\/\/www.interforce.dk\/arktisk-kommando-har-indledt-jagten-efter-120-reservister-2\/","name":"Arktisk Kommando har indledt jagten efter 120 reservister - InterForce","isPartOf":{"@id":"https:\/\/www.interforce.dk\/#website"},"primaryImageOfPage":{"@id":"https:\/\/www.interforce.dk\/arktisk-kommando-har-indledt-jagten-efter-120-reservister-2\/#primaryimage"},"image":{"@id":"https:\/\/www.interforce.dk\/arktisk-kommando-har-indledt-jagten-efter-120-reservister-2\/#primaryimage"},"thumbnailUrl":"https:\/\/www.interforce.dk\/app\/uploads\/2019\/08\/IMGM6772.jpg","datePublished":"2019-08-04T18:16:10+00:00","dateModified":"2020-09-08T08:04:29+00:00","author":{"@id":"https:\/\/www.interforce.dk\/#\/schema\/person\/5477512a00e03f11d143b8bb3eb2eb90"},"breadcrumb":{"@id":"https:\/\/www.interforce.dk\/arktisk-kommando-har-indledt-jagten-efter-120-reservister-2\/#breadcrumb"},"inLanguage":"en-GB","potentialAction":[{"@type":"ReadAction","target":["https:\/\/www.interforce.dk\/arktisk-kommando-har-indledt-jagten-efter-120-reservister-2\/"]}]},{"@type":"ImageObject","inLanguage":"en-GB","@id":"https:\/\/www.interforce.dk\/arktisk-kommando-har-indledt-jagten-efter-120-reservister-2\/#primaryimage","url":"https:\/\/www.interforce.dk\/app\/uploads\/2019\/08\/IMGM6772.jpg","contentUrl":"https:\/\/www.interforce.dk\/app\/uploads\/2019\/08\/IMGM6772.jpg","width":1280,"height":853,"caption":"De mange nye reservister skal bes\u00e6tte operative stillinger p\u00e5 en lang r\u00e6kke af Arktisk Kommandos tjenesteder. Her Station Nord \u2013 den nordligst beliggende, fast bemandede lokalitet i Gr\u00f8nland. Arkivfoto: Morten Fredslund"},{"@type":"BreadcrumbList","@id":"https:\/\/www.interforce.dk\/arktisk-kommando-har-indledt-jagten-efter-120-reservister-2\/#breadcrumb","itemListElement":[{"@type":"ListItem","position":1,"name":"Hjem","item":"https:\/\/www.interforce.dk\/"},{"@type":"ListItem","position":2,"name":"Arktisk Kommando har indledt jagten efter 120 reservister"}]},{"@type":"WebSite","@id":"https:\/\/www.interforce.dk\/#website","url":"https:\/\/www.interforce.dk\/","name":"InterForce","description":"","potentialAction":[{"@type":"SearchAction","target":{"@type":"EntryPoint","urlTemplate":"https:\/\/www.interforce.dk\/?s={search_term_string}"},"query-input":{"@type":"PropertyValueSpecification","valueRequired":true,"valueName":"search_term_string"}}],"inLanguage":"en-GB"},{"@type":"Person","@id":"https:\/\/www.interforce.dk\/#\/schema\/person\/5477512a00e03f11d143b8bb3eb2eb90","name":"Morten Fredslund","image":{"@type":"ImageObject","inLanguage":"en-GB","@id":"https:\/\/secure.gravatar.com\/avatar\/67a6005c62149980e771e9a43b3cd6a4384c966c10c03c2641da6ea4f52fb6b8?s=96&d=mm&r=g","url":"https:\/\/secure.gravatar.com\/avatar\/67a6005c62149980e771e9a43b3cd6a4384c966c10c03c2641da6ea4f52fb6b8?s=96&d=mm&r=g","contentUrl":"https:\/\/secure.gravatar.com\/avatar\/67a6005c62149980e771e9a43b3cd6a4384c966c10c03c2641da6ea4f52fb6b8?s=96&d=mm&r=g","caption":"Morten Fredslund"},"url":"https:\/\/www.interforce.dk\/en\/author\/morten-fredslund\/"}]}},"_links":{"self":[{"href":"https:\/\/www.interforce.dk\/en\/wp-json\/wp\/v2\/posts\/915","targetHints":{"allow":["GET"]}}],"collection":[{"href":"https:\/\/www.interforce.dk\/en\/wp-json\/wp\/v2\/posts"}],"about":[{"href":"https:\/\/www.interforce.dk\/en\/wp-json\/wp\/v2\/types\/post"}],"author":[{"embeddable":true,"href":"https:\/\/www.interforce.dk\/en\/wp-json\/wp\/v2\/users\/4"}],"replies":[{"embeddable":true,"href":"https:\/\/www.interforce.dk\/en\/wp-json\/wp\/v2\/comments?post=915"}],"version-history":[{"count":0,"href":"https:\/\/www.interforce.dk\/en\/wp-json\/wp\/v2\/posts\/915\/revisions"}],"wp:featuredmedia":[{"embeddable":true,"href":"https:\/\/www.interforce.dk\/en\/wp-json\/wp\/v2\/media\/918"}],"wp:attachment":[{"href":"https:\/\/www.interforce.dk\/en\/wp-json\/wp\/v2\/media?parent=915"}],"wp:term":[{"taxonomy":"category","embeddable":true,"href":"https:\/\/www.interforce.dk\/en\/wp-json\/wp\/v2\/categories?post=915"},{"taxonomy":"post_tag","embeddable":true,"href":"https:\/\/www.interforce.dk\/en\/wp-json\/wp\/v2\/tags?post=915"}],"curies":[{"name":"wp","href":"https:\/\/api.w.org\/{rel}","templated":true}]}}