{"id":861,"date":"2019-05-05T07:48:05","date_gmt":"2019-05-05T07:48:05","guid":{"rendered":"https:\/\/www.interforce.dk\/?p=861"},"modified":"2020-02-12T06:40:37","modified_gmt":"2020-02-12T06:40:37","slug":"frivillige-kraefter-stoettede-lysfesten-i-haderslev","status":"publish","type":"post","link":"https:\/\/www.interforce.dk\/en\/frivillige-kraefter-stoettede-lysfesten-i-haderslev\/","title":{"rendered":"Frivillige kr\u00e6fter st\u00f8ttede Lysfesten i Haderslev"},"content":{"rendered":"<div class=\"block core-block core-block--paragraph\">\n      <div class=\"inner inner--small\">\n      \n<p><em>Omkring 50 frivillige hjemmev\u00e6rnssoldater hjalp til, da Haderslev fejrede Danmarks Befrielse med Lysfest p\u00e5 byens kaserne.<\/em><\/p>\n\n      <\/div>\n  <\/div>\n<div class=\"block core-block core-block--paragraph\">\n      <div class=\"inner inner--small\">\n      \n<p>Af Morten Fredslund<\/p>\n\n      <\/div>\n  <\/div>\n<div class=\"block core-block core-block--paragraph\">\n      <div class=\"inner inner--small\">\n      \n<p>L\u00f8rdag aften var det 70. gang, at Haderslev Kaserne dannede rammerne for en Lysfest som markering af Danmarks Befrielse.&nbsp;<\/p>\n\n      <\/div>\n  <\/div>\n<div class=\"block core-block core-block--paragraph\">\n      <div class=\"inner inner--small\">\n      \n<p>Traditionen tro blev der t\u00e6ndt 314 levende lys i kasernefacadens 158 vinduer og et 52 m2 stort Dannebrogsflag blev hejst da et optog med 500 t\u00e6ndte fakler ankom med Tappenstregen fra bymidten med Slesvigske Musikkorps, SMUK, i front.&nbsp;<\/p>\n\n      <\/div>\n  <\/div>\n<div class=\"block core-block core-block--image align-left\">\n      <div class=\"inner inner--small\">\n      \n<div class=\"wp-block-image\"><figure class=\"alignleft is-resized\"><img loading=\"lazy\" decoding=\"async\" src=\"\/app\/uploads\/2019\/06\/D59B2358_0_0.jpg\" alt=\"\" class=\"wp-image-862\" width=\"462\" height=\"308\" srcset=\"https:\/\/www.interforce.dk\/app\/uploads\/2019\/06\/D59B2358_0_0.jpg 400w, https:\/\/www.interforce.dk\/app\/uploads\/2019\/06\/D59B2358_0_0-300x200.jpg 300w\" sizes=\"auto, (max-width: 462px) 100vw, 462px\" \/><figcaption>Godt 180 store spot-projekt\u00f8rer bidrog til det spektakul\u00e6re lysshow p\u00e5 Haderslev Kaserne ifm. Lysfesten.<br>Foto: Morten Fredslund&nbsp;<\/figcaption><\/figure><\/div>\n\n      <\/div>\n  <\/div>\n<div class=\"block core-block core-block--paragraph\">\n      <div class=\"inner inner--small\">\n      \n<p>Sk\u00f8nsm\u00e6ssigt var mellem 8.000 og 10.000 borgere m\u00f8dt op for at f\u00f8lge \u00e5rets lysfest, der siden 2015 ogs\u00e5 har budt p\u00e5 et kunstnerisk indslag med et storstilet lys- eller 3D animationsshow. I \u00e5r var det et showprogram med violinisten Harald Haugaard og sangeren Helene Blum i t\u00e6t samspil med Haderslev Domkirkes Pigekor og SMUK. Det timelange show b\u00f8d p\u00e5 imponerende lyss\u00e6tninger, pyroteknik og sk\u00f8nsang, og s\u00e5vel i timerne op som under selve showet var de mange frivillige fra Hjemmev\u00e6rnet indsat for at hj\u00e6lpe med at holde nogenlunde styr p\u00e5 de mange g\u00e6ster.&nbsp;<\/p>\n\n      <\/div>\n  <\/div>\n<div class=\"block core-block core-block--paragraph\">\n      <div class=\"inner inner--small\">\n      \n<p>&#8220;Det er f\u00f8rste gang, jeg er med som Hjemmev\u00e6rnssoldat, og jeg gl\u00e6der mig selvf\u00f8lge til at se lysshowet,&#8221; sagde 39-\u00e5rige Carsten Lauridsen, der var p\u00e5 en af sine allerf\u00f8rste opgaver for Hjemmev\u00e6rnet.<\/p>\n\n      <\/div>\n  <\/div>\n<div class=\"block core-block core-block--image align-right\">\n      <div class=\"inner inner--small\">\n      \n<div class=\"wp-block-image\"><figure class=\"alignright is-resized\"><img loading=\"lazy\" decoding=\"async\" src=\"\/app\/uploads\/2019\/06\/D59B2047_0.jpg\" alt=\"\" class=\"wp-image-863\" width=\"366\" height=\"244\"\/><figcaption>39-\u00e5rige Carsten Lauridsen var vagt opgaven i forbindelse med Lysfesten p\u00e5 Haderslev Kaserne en af hans f\u00f8rste for Hjemmev\u00e6rnet.<br>Foto: Morten Fredslund<\/figcaption><\/figure><\/div>\n\n      <\/div>\n  <\/div>\n<div class=\"block core-block core-block--paragraph\">\n      <div class=\"inner inner--small\">\n      \n<p><strong>F\u00f8rstehj\u00e6lp og kammeratskab<\/strong><\/p>\n\n      <\/div>\n  <\/div>\n<div class=\"block core-block core-block--paragraph\">\n      <div class=\"inner inner--small\">\n      \n<p>&#8220;Jeg meldte mig ind i Hjemmev\u00e6rnet i december, og er tilknyttet Hjemmev\u00e6rnskompagni Haderslev Nord. Det er is\u00e6r min interesse for at l\u00e6re mere f\u00f8rstehj\u00e6lp, der fik mig til at melde mig til Hjemmev\u00e6rnet. Og s\u00e5 kammeratskabet selvf\u00f8lgelig,&#8221; sagde Carsten Lauridsen, der ogs\u00e5 er hjertel\u00f8ber \u2013 dvs. han har meldt sig til at l\u00f8be ud og hente en hjertestarter, hvis en person i nabolaget for hjertestop.&nbsp;<\/p>\n\n      <\/div>\n  <\/div>\n<div class=\"block core-block core-block--paragraph\">\n      <div class=\"inner inner--small\">\n      \n<p>Ud over at st\u00f8tte Slesvigske Fodregiment med praktiske opgaver og det store overblik over de mange g\u00e6ster, indgik der ogs\u00e5 et detachement fra Hjemmev\u00e6rnet i selve Tappenstregen. Og Flyverhjemmev\u00e6rnets Musikkorps musicerede i ydre kaserneg\u00e5rd, s\u00e5 ventetiden ikke blev for lang inden Tappenstregen og det traditionsrige fakkeltog ankom til kasernen og Lysfesten kunne skydes i gang med afspilning af det originale frihedsbudskab fra 1945.<\/p>\n\n      <\/div>\n  <\/div>\n<div class=\"block core-block core-block--image align-center\">\n      <div class=\"inner inner--small\">\n      \n<div class=\"wp-block-image\"><figure class=\"aligncenter is-resized\"><img loading=\"lazy\" decoding=\"async\" src=\"\/app\/uploads\/2019\/06\/D59B2156_0.jpg\" alt=\"\" class=\"wp-image-864\" width=\"423\" height=\"282\"\/><figcaption>Flyverhjemmev\u00e6rnets Musikkorps underholdt de mange g\u00e6ster, inden Lysfesten blev skudt i gang. Foto: Morten Fredslund&nbsp;<\/figcaption><\/figure><\/div>\n\n      <\/div>\n  <\/div>","protected":false},"excerpt":{"rendered":"Haderslev fejrede Danmarks Befrielse...","protected":false},"author":4,"featured_media":862,"comment_status":"closed","ping_status":"closed","sticky":false,"template":"","format":"standard","meta":{"_acf_changed":false,"footnotes":""},"categories":[6],"tags":[],"class_list":["post-861","post","type-post","status-publish","format-standard","has-post-thumbnail","hentry","category-hjv"],"acf":[],"yoast_head":"<!-- This site is optimized with the Yoast SEO plugin v27.3 - https:\/\/yoast.com\/product\/yoast-seo-wordpress\/ -->\n<title>Frivillige kr\u00e6fter st\u00f8ttede Lysfesten i Haderslev - InterForce<\/title>\n<meta name=\"robots\" content=\"index, follow, max-snippet:-1, max-image-preview:large, max-video-preview:-1\" \/>\n<link rel=\"canonical\" href=\"https:\/\/www.interforce.dk\/en\/frivillige-kraefter-stoettede-lysfesten-i-haderslev\/\" \/>\n<meta property=\"og:locale\" content=\"en_GB\" \/>\n<meta property=\"og:type\" content=\"article\" \/>\n<meta property=\"og:title\" content=\"Frivillige kr\u00e6fter st\u00f8ttede Lysfesten i Haderslev - InterForce\" \/>\n<meta property=\"og:description\" content=\"Haderslev fejrede Danmarks Befrielse\" \/>\n<meta property=\"og:url\" content=\"https:\/\/www.interforce.dk\/en\/frivillige-kraefter-stoettede-lysfesten-i-haderslev\/\" \/>\n<meta property=\"og:site_name\" content=\"InterForce\" \/>\n<meta property=\"article:published_time\" content=\"2019-05-05T07:48:05+00:00\" \/>\n<meta property=\"article:modified_time\" content=\"2020-02-12T06:40:37+00:00\" \/>\n<meta property=\"og:image\" content=\"https:\/\/www.interforce.dk\/app\/uploads\/2019\/06\/D59B2358_0_0.jpg\" \/>\n\t<meta property=\"og:image:width\" content=\"400\" \/>\n\t<meta property=\"og:image:height\" content=\"267\" \/>\n\t<meta property=\"og:image:type\" content=\"image\/jpeg\" \/>\n<meta name=\"author\" content=\"Morten Fredslund\" \/>\n<meta name=\"twitter:card\" content=\"summary_large_image\" \/>\n<meta name=\"twitter:label1\" content=\"Written by\" \/>\n\t<meta name=\"twitter:data1\" content=\"Morten Fredslund\" \/>\n\t<meta name=\"twitter:label2\" content=\"Est. reading time\" \/>\n\t<meta name=\"twitter:data2\" content=\"2 minutes\" \/>\n<script type=\"application\/ld+json\" class=\"yoast-schema-graph\">{\"@context\":\"https:\\\/\\\/schema.org\",\"@graph\":[{\"@type\":\"Article\",\"@id\":\"https:\\\/\\\/www.interforce.dk\\\/frivillige-kraefter-stoettede-lysfesten-i-haderslev\\\/#article\",\"isPartOf\":{\"@id\":\"https:\\\/\\\/www.interforce.dk\\\/frivillige-kraefter-stoettede-lysfesten-i-haderslev\\\/\"},\"author\":{\"name\":\"Morten Fredslund\",\"@id\":\"https:\\\/\\\/www.interforce.dk\\\/#\\\/schema\\\/person\\\/5477512a00e03f11d143b8bb3eb2eb90\"},\"headline\":\"Frivillige kr\u00e6fter st\u00f8ttede Lysfesten i Haderslev\",\"datePublished\":\"2019-05-05T07:48:05+00:00\",\"dateModified\":\"2020-02-12T06:40:37+00:00\",\"mainEntityOfPage\":{\"@id\":\"https:\\\/\\\/www.interforce.dk\\\/frivillige-kraefter-stoettede-lysfesten-i-haderslev\\\/\"},\"wordCount\":434,\"image\":{\"@id\":\"https:\\\/\\\/www.interforce.dk\\\/frivillige-kraefter-stoettede-lysfesten-i-haderslev\\\/#primaryimage\"},\"thumbnailUrl\":\"https:\\\/\\\/www.interforce.dk\\\/app\\\/uploads\\\/2019\\\/06\\\/D59B2358_0_0.jpg\",\"articleSection\":[\"Hjemmev\u00e6rnet\"],\"inLanguage\":\"en-GB\"},{\"@type\":\"WebPage\",\"@id\":\"https:\\\/\\\/www.interforce.dk\\\/frivillige-kraefter-stoettede-lysfesten-i-haderslev\\\/\",\"url\":\"https:\\\/\\\/www.interforce.dk\\\/frivillige-kraefter-stoettede-lysfesten-i-haderslev\\\/\",\"name\":\"Frivillige kr\u00e6fter st\u00f8ttede Lysfesten i Haderslev - InterForce\",\"isPartOf\":{\"@id\":\"https:\\\/\\\/www.interforce.dk\\\/#website\"},\"primaryImageOfPage\":{\"@id\":\"https:\\\/\\\/www.interforce.dk\\\/frivillige-kraefter-stoettede-lysfesten-i-haderslev\\\/#primaryimage\"},\"image\":{\"@id\":\"https:\\\/\\\/www.interforce.dk\\\/frivillige-kraefter-stoettede-lysfesten-i-haderslev\\\/#primaryimage\"},\"thumbnailUrl\":\"https:\\\/\\\/www.interforce.dk\\\/app\\\/uploads\\\/2019\\\/06\\\/D59B2358_0_0.jpg\",\"datePublished\":\"2019-05-05T07:48:05+00:00\",\"dateModified\":\"2020-02-12T06:40:37+00:00\",\"author\":{\"@id\":\"https:\\\/\\\/www.interforce.dk\\\/#\\\/schema\\\/person\\\/5477512a00e03f11d143b8bb3eb2eb90\"},\"breadcrumb\":{\"@id\":\"https:\\\/\\\/www.interforce.dk\\\/frivillige-kraefter-stoettede-lysfesten-i-haderslev\\\/#breadcrumb\"},\"inLanguage\":\"en-GB\",\"potentialAction\":[{\"@type\":\"ReadAction\",\"target\":[\"https:\\\/\\\/www.interforce.dk\\\/frivillige-kraefter-stoettede-lysfesten-i-haderslev\\\/\"]}]},{\"@type\":\"ImageObject\",\"inLanguage\":\"en-GB\",\"@id\":\"https:\\\/\\\/www.interforce.dk\\\/frivillige-kraefter-stoettede-lysfesten-i-haderslev\\\/#primaryimage\",\"url\":\"https:\\\/\\\/www.interforce.dk\\\/app\\\/uploads\\\/2019\\\/06\\\/D59B2358_0_0.jpg\",\"contentUrl\":\"https:\\\/\\\/www.interforce.dk\\\/app\\\/uploads\\\/2019\\\/06\\\/D59B2358_0_0.jpg\",\"width\":400,\"height\":267,\"caption\":\"Godt 180 store spot-projekt\u00f8rer bidrog til det spektakul\u00e6re lysshow p\u00e5 Haderslev Kaserne ifm. Lysfesten. Foto: Morten Fredslund\"},{\"@type\":\"BreadcrumbList\",\"@id\":\"https:\\\/\\\/www.interforce.dk\\\/frivillige-kraefter-stoettede-lysfesten-i-haderslev\\\/#breadcrumb\",\"itemListElement\":[{\"@type\":\"ListItem\",\"position\":1,\"name\":\"Hjem\",\"item\":\"https:\\\/\\\/www.interforce.dk\\\/\"},{\"@type\":\"ListItem\",\"position\":2,\"name\":\"Frivillige kr\u00e6fter st\u00f8ttede Lysfesten i Haderslev\"}]},{\"@type\":\"WebSite\",\"@id\":\"https:\\\/\\\/www.interforce.dk\\\/#website\",\"url\":\"https:\\\/\\\/www.interforce.dk\\\/\",\"name\":\"InterForce\",\"description\":\"\",\"potentialAction\":[{\"@type\":\"SearchAction\",\"target\":{\"@type\":\"EntryPoint\",\"urlTemplate\":\"https:\\\/\\\/www.interforce.dk\\\/?s={search_term_string}\"},\"query-input\":{\"@type\":\"PropertyValueSpecification\",\"valueRequired\":true,\"valueName\":\"search_term_string\"}}],\"inLanguage\":\"en-GB\"},{\"@type\":\"Person\",\"@id\":\"https:\\\/\\\/www.interforce.dk\\\/#\\\/schema\\\/person\\\/5477512a00e03f11d143b8bb3eb2eb90\",\"name\":\"Morten Fredslund\",\"image\":{\"@type\":\"ImageObject\",\"inLanguage\":\"en-GB\",\"@id\":\"https:\\\/\\\/secure.gravatar.com\\\/avatar\\\/67a6005c62149980e771e9a43b3cd6a4384c966c10c03c2641da6ea4f52fb6b8?s=96&d=mm&r=g\",\"url\":\"https:\\\/\\\/secure.gravatar.com\\\/avatar\\\/67a6005c62149980e771e9a43b3cd6a4384c966c10c03c2641da6ea4f52fb6b8?s=96&d=mm&r=g\",\"contentUrl\":\"https:\\\/\\\/secure.gravatar.com\\\/avatar\\\/67a6005c62149980e771e9a43b3cd6a4384c966c10c03c2641da6ea4f52fb6b8?s=96&d=mm&r=g\",\"caption\":\"Morten Fredslund\"},\"url\":\"https:\\\/\\\/www.interforce.dk\\\/en\\\/author\\\/morten-fredslund\\\/\"}]}<\/script>\n<!-- \/ Yoast SEO plugin. -->","yoast_head_json":{"title":"Frivillige kr\u00e6fter st\u00f8ttede Lysfesten i Haderslev - InterForce","robots":{"index":"index","follow":"follow","max-snippet":"max-snippet:-1","max-image-preview":"max-image-preview:large","max-video-preview":"max-video-preview:-1"},"canonical":"https:\/\/www.interforce.dk\/en\/frivillige-kraefter-stoettede-lysfesten-i-haderslev\/","og_locale":"en_GB","og_type":"article","og_title":"Frivillige kr\u00e6fter st\u00f8ttede Lysfesten i Haderslev - InterForce","og_description":"Haderslev fejrede Danmarks Befrielse","og_url":"https:\/\/www.interforce.dk\/en\/frivillige-kraefter-stoettede-lysfesten-i-haderslev\/","og_site_name":"InterForce","article_published_time":"2019-05-05T07:48:05+00:00","article_modified_time":"2020-02-12T06:40:37+00:00","og_image":[{"width":400,"height":267,"url":"https:\/\/www.interforce.dk\/app\/uploads\/2019\/06\/D59B2358_0_0.jpg","type":"image\/jpeg"}],"author":"Morten Fredslund","twitter_card":"summary_large_image","twitter_misc":{"Written by":"Morten Fredslund","Est. reading time":"2 minutes"},"schema":{"@context":"https:\/\/schema.org","@graph":[{"@type":"Article","@id":"https:\/\/www.interforce.dk\/frivillige-kraefter-stoettede-lysfesten-i-haderslev\/#article","isPartOf":{"@id":"https:\/\/www.interforce.dk\/frivillige-kraefter-stoettede-lysfesten-i-haderslev\/"},"author":{"name":"Morten Fredslund","@id":"https:\/\/www.interforce.dk\/#\/schema\/person\/5477512a00e03f11d143b8bb3eb2eb90"},"headline":"Frivillige kr\u00e6fter st\u00f8ttede Lysfesten i Haderslev","datePublished":"2019-05-05T07:48:05+00:00","dateModified":"2020-02-12T06:40:37+00:00","mainEntityOfPage":{"@id":"https:\/\/www.interforce.dk\/frivillige-kraefter-stoettede-lysfesten-i-haderslev\/"},"wordCount":434,"image":{"@id":"https:\/\/www.interforce.dk\/frivillige-kraefter-stoettede-lysfesten-i-haderslev\/#primaryimage"},"thumbnailUrl":"https:\/\/www.interforce.dk\/app\/uploads\/2019\/06\/D59B2358_0_0.jpg","articleSection":["Hjemmev\u00e6rnet"],"inLanguage":"en-GB"},{"@type":"WebPage","@id":"https:\/\/www.interforce.dk\/frivillige-kraefter-stoettede-lysfesten-i-haderslev\/","url":"https:\/\/www.interforce.dk\/frivillige-kraefter-stoettede-lysfesten-i-haderslev\/","name":"Frivillige kr\u00e6fter st\u00f8ttede Lysfesten i Haderslev - InterForce","isPartOf":{"@id":"https:\/\/www.interforce.dk\/#website"},"primaryImageOfPage":{"@id":"https:\/\/www.interforce.dk\/frivillige-kraefter-stoettede-lysfesten-i-haderslev\/#primaryimage"},"image":{"@id":"https:\/\/www.interforce.dk\/frivillige-kraefter-stoettede-lysfesten-i-haderslev\/#primaryimage"},"thumbnailUrl":"https:\/\/www.interforce.dk\/app\/uploads\/2019\/06\/D59B2358_0_0.jpg","datePublished":"2019-05-05T07:48:05+00:00","dateModified":"2020-02-12T06:40:37+00:00","author":{"@id":"https:\/\/www.interforce.dk\/#\/schema\/person\/5477512a00e03f11d143b8bb3eb2eb90"},"breadcrumb":{"@id":"https:\/\/www.interforce.dk\/frivillige-kraefter-stoettede-lysfesten-i-haderslev\/#breadcrumb"},"inLanguage":"en-GB","potentialAction":[{"@type":"ReadAction","target":["https:\/\/www.interforce.dk\/frivillige-kraefter-stoettede-lysfesten-i-haderslev\/"]}]},{"@type":"ImageObject","inLanguage":"en-GB","@id":"https:\/\/www.interforce.dk\/frivillige-kraefter-stoettede-lysfesten-i-haderslev\/#primaryimage","url":"https:\/\/www.interforce.dk\/app\/uploads\/2019\/06\/D59B2358_0_0.jpg","contentUrl":"https:\/\/www.interforce.dk\/app\/uploads\/2019\/06\/D59B2358_0_0.jpg","width":400,"height":267,"caption":"Godt 180 store spot-projekt\u00f8rer bidrog til det spektakul\u00e6re lysshow p\u00e5 Haderslev Kaserne ifm. Lysfesten. Foto: Morten Fredslund"},{"@type":"BreadcrumbList","@id":"https:\/\/www.interforce.dk\/frivillige-kraefter-stoettede-lysfesten-i-haderslev\/#breadcrumb","itemListElement":[{"@type":"ListItem","position":1,"name":"Hjem","item":"https:\/\/www.interforce.dk\/"},{"@type":"ListItem","position":2,"name":"Frivillige kr\u00e6fter st\u00f8ttede Lysfesten i Haderslev"}]},{"@type":"WebSite","@id":"https:\/\/www.interforce.dk\/#website","url":"https:\/\/www.interforce.dk\/","name":"InterForce","description":"","potentialAction":[{"@type":"SearchAction","target":{"@type":"EntryPoint","urlTemplate":"https:\/\/www.interforce.dk\/?s={search_term_string}"},"query-input":{"@type":"PropertyValueSpecification","valueRequired":true,"valueName":"search_term_string"}}],"inLanguage":"en-GB"},{"@type":"Person","@id":"https:\/\/www.interforce.dk\/#\/schema\/person\/5477512a00e03f11d143b8bb3eb2eb90","name":"Morten Fredslund","image":{"@type":"ImageObject","inLanguage":"en-GB","@id":"https:\/\/secure.gravatar.com\/avatar\/67a6005c62149980e771e9a43b3cd6a4384c966c10c03c2641da6ea4f52fb6b8?s=96&d=mm&r=g","url":"https:\/\/secure.gravatar.com\/avatar\/67a6005c62149980e771e9a43b3cd6a4384c966c10c03c2641da6ea4f52fb6b8?s=96&d=mm&r=g","contentUrl":"https:\/\/secure.gravatar.com\/avatar\/67a6005c62149980e771e9a43b3cd6a4384c966c10c03c2641da6ea4f52fb6b8?s=96&d=mm&r=g","caption":"Morten Fredslund"},"url":"https:\/\/www.interforce.dk\/en\/author\/morten-fredslund\/"}]}},"_links":{"self":[{"href":"https:\/\/www.interforce.dk\/en\/wp-json\/wp\/v2\/posts\/861","targetHints":{"allow":["GET"]}}],"collection":[{"href":"https:\/\/www.interforce.dk\/en\/wp-json\/wp\/v2\/posts"}],"about":[{"href":"https:\/\/www.interforce.dk\/en\/wp-json\/wp\/v2\/types\/post"}],"author":[{"embeddable":true,"href":"https:\/\/www.interforce.dk\/en\/wp-json\/wp\/v2\/users\/4"}],"replies":[{"embeddable":true,"href":"https:\/\/www.interforce.dk\/en\/wp-json\/wp\/v2\/comments?post=861"}],"version-history":[{"count":0,"href":"https:\/\/www.interforce.dk\/en\/wp-json\/wp\/v2\/posts\/861\/revisions"}],"wp:featuredmedia":[{"embeddable":true,"href":"https:\/\/www.interforce.dk\/en\/wp-json\/wp\/v2\/media\/862"}],"wp:attachment":[{"href":"https:\/\/www.interforce.dk\/en\/wp-json\/wp\/v2\/media?parent=861"}],"wp:term":[{"taxonomy":"category","embeddable":true,"href":"https:\/\/www.interforce.dk\/en\/wp-json\/wp\/v2\/categories?post=861"},{"taxonomy":"post_tag","embeddable":true,"href":"https:\/\/www.interforce.dk\/en\/wp-json\/wp\/v2\/tags?post=861"}],"curies":[{"name":"wp","href":"https:\/\/api.w.org\/{rel}","templated":true}]}}