{"id":850,"date":"2019-04-15T19:05:53","date_gmt":"2019-04-15T19:05:53","guid":{"rendered":"https:\/\/www.interforce.dk\/?p=850"},"modified":"2020-02-13T06:52:17","modified_gmt":"2020-02-13T06:52:17","slug":"haeren-har-overtaget-vagten-ved-graensen-men-hjemmevaernet-er-stadig-med","status":"publish","type":"post","link":"https:\/\/www.interforce.dk\/en\/haeren-har-overtaget-vagten-ved-graensen-men-hjemmevaernet-er-stadig-med\/","title":{"rendered":"H\u00e6ren har overtaget vagten ved gr\u00e6nsen \u2013 men Hjemmev\u00e6rnet er stadig med"},"content":{"rendered":"<div class=\"block core-block core-block--paragraph\">\n      <div class=\"inner inner--small\">\n      \n<p><em>Op mod 100 mand fra H\u00e6ren er nu indsat som vagt ved den dansk\/tyske gr\u00e6nse, hvor Hjemmev\u00e6rnet siden 2016 samlet set har brugt over 700.000 timer.<\/em><\/p>\n\n      <\/div>\n  <\/div>\n<div class=\"block core-block core-block--paragraph\">\n      <div class=\"inner inner--small\">\n      \n<p>Af Morten Fredslund<\/p>\n\n      <\/div>\n  <\/div>\n<div class=\"block core-block core-block--paragraph\">\n      <div class=\"inner inner--small\">\n      \n<p>Selvom det nu er H\u00e6ren, der har hovedopgaven med at st\u00f8tte politiet med kontrol&nbsp;ved den dansk-tyske gr\u00e6nse i S\u00f8nderjylland, er knap 30 hjemmev\u00e6rnssoldater fortsat involveret i opgave. Det skriver s\u00e5vel forsvaret som Hjemmev\u00e6rnet p\u00e5 deres respektive web-stites.<\/p>\n\n      <\/div>\n  <\/div>\n<div class=\"block core-block core-block--paragraph\">\n      <div class=\"inner inner--small\">\n      \n<p>Soldater fra Hjemmev\u00e6rnet har siden 14. juni 2016 aflastet politiet ved den midlertidige gr\u00e6nsekontrolstyrke ved den dansk-tyske landegr\u00e6nse i S\u00f8nderjylland og lidt senere samme \u00e5r ogs\u00e5 ved den &#8220;bl\u00e5&#8221; gr\u00e6nse ved R\u00f8dby og Gedser. Soldaterne har hjulpet politiet blandt andet med at kontrollere k\u00f8ret\u00f8jer, pas og transport af asylans\u00f8gere.&nbsp;<\/p>\n\n      <\/div>\n  <\/div>\n<div class=\"block core-block core-block--paragraph\">\n      <div class=\"inner inner--small\">\n      \n<p>Efter knap tre \u00e5r er Hjemmev\u00e6rnets bidrag til den midlertidige gr\u00e6nsekontrol&nbsp;imidlertid nedtrappet. Fra 1. april i \u00e5r er det H\u00e6rens soldater, som udg\u00f8r&nbsp;hovedparten &#8211; cirka 2\/3 &#8211; af styrken ved den gr\u00f8nne landegr\u00e6nse. I 2020 bliver Hjemmev\u00e6rnets bidrag ved den bl\u00e5 gr\u00e6nse ogs\u00e5 reduceret.<\/p>\n\n      <\/div>\n  <\/div>\n<div class=\"block core-block core-block--image align-center\">\n      <div class=\"inner inner--small\">\n      \n<div class=\"wp-block-image\"><figure class=\"aligncenter is-resized\"><img loading=\"lazy\" decoding=\"async\" src=\"\/app\/uploads\/2019\/06\/11D35805_0_0.jpg\" alt=\"\" class=\"wp-image-851\" width=\"709\" height=\"472\" srcset=\"https:\/\/www.interforce.dk\/app\/uploads\/2019\/06\/11D35805_0_0.jpg 600w, https:\/\/www.interforce.dk\/app\/uploads\/2019\/06\/11D35805_0_0-300x200.jpg 300w\" sizes=\"auto, (max-width: 709px) 100vw, 709px\" \/><figcaption>Hjemmev\u00e6rnet vil stadig v\u00e6re repr\u00e6senteret ved gr\u00e6nsekontrollen, selvom det nu er H\u00e6ren, der har overtaget opgaven. Arkivfoto: Morten Fredslund<\/figcaption><\/figure><\/div>\n\n      <\/div>\n  <\/div>\n<div class=\"block core-block core-block--paragraph\">\n      <div class=\"inner inner--small\">\n      \n<p><strong>Rutinerede hjemmev\u00e6rnssoldater forbliver p\u00e5 opgaven<\/strong><\/p>\n\n      <\/div>\n  <\/div>\n<div class=\"block core-block core-block--paragraph\">\n      <div class=\"inner inner--small\">\n      \n<p>Skiftet er sket som en udl\u00f8ber af det seneste forsvarsforlig, som indeb\u00e6rer flere nationale opgaver til H\u00e6ren. En af dem er at stille med soldater til gr\u00e6nsekontrollen. I 2020 bliver der ligeledes f\u00e6rre hjemmev\u00e6rnssoldater ved den bl\u00e5 gr\u00e6nse, skriver hjv.dk.<\/p>\n\n      <\/div>\n  <\/div>\n<div class=\"block core-block core-block--paragraph\">\n      <div class=\"inner inner--small\">\n      \n<p>\u201dBilisterne vil dog stadig m\u00f8de vores hjemmev\u00e6rnssoldater ved gr\u00e6nsekontrollen.&nbsp;Vi har udvalgt en bruttotrup p\u00e5 26 hjemmev\u00e6rnssoldater til opgaven ved den gr\u00f8nne gr\u00e6nse. Det er nogle rutinerede soldater, som har vist, at de har flair for netop denne kontrolopgave,\u201d forklarer oberstl\u00f8jtnant Claus Klaris, der er chef for H\u00e6rhjemmev\u00e6rnsdistrikt Syd- og S\u00f8nderjylland til hjv.dk.<\/p>\n\n      <\/div>\n  <\/div>\n<div class=\"block core-block core-block--paragraph\">\n      <div class=\"inner inner--small\">\n      \n<p>If\u00f8lge forsvaret.dk&nbsp;vil det dog prim\u00e6rt v\u00e6re soldater fra Danske Artilleriregiment og Ingeni\u00f8rtropperne, man som billist vil m\u00f8de ved gr\u00e6nseovergangen, n\u00e5r man har v\u00e6ret en tur sydp\u00e5.<\/p>\n\n      <\/div>\n  <\/div>\n<div class=\"block core-block core-block--paragraph\">\n      <div class=\"inner inner--small\">\n      \n<p>\u201dDer er ingen tvivl om, at det er en stor opgave Hjemmev\u00e6rnet har l\u00f8ftet de seneste to \u00e5r, og at det er en yderst professionel indsats man har leveret, hvilket naturligt nok ogs\u00e5 har aff\u00f8dt stor anerkendelse fra Politiet,\u201d siger&nbsp;kaptajn ved Danske Artilleriregiment, Christian Wetchketil forsvaret.dk.<\/p>\n\n      <\/div>\n  <\/div>\n<div class=\"block core-block core-block--paragraph\">\n      <div class=\"inner inner--small\">\n      \n<p>Vagtholdene ved landegr\u00e6nsen har p\u00e5 sit h\u00f8jeste v\u00e6ret oppe p\u00e5 over 100 hjemmev\u00e6rnssoldater, mens vagtholdet ved &#8220;den bl\u00e5 gr\u00e6nse&#8221; omfatter cirka 40 soldater. &nbsp;<\/p>\n\n      <\/div>\n  <\/div>","protected":false},"excerpt":{"rendered":"Hjemmev\u00e6rnet brugt i over 700.000 timer!...","protected":false},"author":4,"featured_media":851,"comment_status":"closed","ping_status":"closed","sticky":false,"template":"","format":"standard","meta":{"_acf_changed":false,"footnotes":""},"categories":[18,6],"tags":[],"class_list":["post-850","post","type-post","status-publish","format-standard","has-post-thumbnail","hentry","category-army","category-hjv"],"acf":[],"yoast_head":"<!-- This site is optimized with the Yoast SEO plugin v27.3 - https:\/\/yoast.com\/product\/yoast-seo-wordpress\/ -->\n<title>H\u00e6ren har overtaget vagten ved gr\u00e6nsen \u2013 men Hjemmev\u00e6rnet er stadig med - InterForce<\/title>\n<meta name=\"robots\" content=\"index, follow, max-snippet:-1, max-image-preview:large, max-video-preview:-1\" \/>\n<link rel=\"canonical\" href=\"https:\/\/www.interforce.dk\/en\/haeren-har-overtaget-vagten-ved-graensen-men-hjemmevaernet-er-stadig-med\/\" \/>\n<meta property=\"og:locale\" content=\"en_GB\" \/>\n<meta property=\"og:type\" content=\"article\" \/>\n<meta property=\"og:title\" content=\"H\u00e6ren har overtaget vagten ved gr\u00e6nsen \u2013 men Hjemmev\u00e6rnet er stadig med - InterForce\" \/>\n<meta property=\"og:description\" content=\"Hjemmev\u00e6rnet brugt i over 700.000 timer!\" \/>\n<meta property=\"og:url\" content=\"https:\/\/www.interforce.dk\/en\/haeren-har-overtaget-vagten-ved-graensen-men-hjemmevaernet-er-stadig-med\/\" \/>\n<meta property=\"og:site_name\" content=\"InterForce\" \/>\n<meta property=\"article:published_time\" content=\"2019-04-15T19:05:53+00:00\" \/>\n<meta property=\"article:modified_time\" content=\"2020-02-13T06:52:17+00:00\" \/>\n<meta property=\"og:image\" content=\"https:\/\/www.interforce.dk\/app\/uploads\/2019\/06\/11D35805_0_0.jpg\" \/>\n\t<meta property=\"og:image:width\" content=\"600\" \/>\n\t<meta property=\"og:image:height\" content=\"400\" \/>\n\t<meta property=\"og:image:type\" content=\"image\/jpeg\" \/>\n<meta name=\"author\" content=\"Morten Fredslund\" \/>\n<meta name=\"twitter:card\" content=\"summary_large_image\" \/>\n<meta name=\"twitter:label1\" content=\"Written by\" \/>\n\t<meta name=\"twitter:data1\" content=\"Morten Fredslund\" \/>\n\t<meta name=\"twitter:label2\" content=\"Est. reading time\" \/>\n\t<meta name=\"twitter:data2\" content=\"2 minutes\" \/>\n<script type=\"application\/ld+json\" class=\"yoast-schema-graph\">{\"@context\":\"https:\\\/\\\/schema.org\",\"@graph\":[{\"@type\":\"Article\",\"@id\":\"https:\\\/\\\/www.interforce.dk\\\/haeren-har-overtaget-vagten-ved-graensen-men-hjemmevaernet-er-stadig-med\\\/#article\",\"isPartOf\":{\"@id\":\"https:\\\/\\\/www.interforce.dk\\\/haeren-har-overtaget-vagten-ved-graensen-men-hjemmevaernet-er-stadig-med\\\/\"},\"author\":{\"name\":\"Morten Fredslund\",\"@id\":\"https:\\\/\\\/www.interforce.dk\\\/#\\\/schema\\\/person\\\/5477512a00e03f11d143b8bb3eb2eb90\"},\"headline\":\"H\u00e6ren har overtaget vagten ved gr\u00e6nsen \u2013 men Hjemmev\u00e6rnet er stadig med\",\"datePublished\":\"2019-04-15T19:05:53+00:00\",\"dateModified\":\"2020-02-13T06:52:17+00:00\",\"mainEntityOfPage\":{\"@id\":\"https:\\\/\\\/www.interforce.dk\\\/haeren-har-overtaget-vagten-ved-graensen-men-hjemmevaernet-er-stadig-med\\\/\"},\"wordCount\":456,\"image\":{\"@id\":\"https:\\\/\\\/www.interforce.dk\\\/haeren-har-overtaget-vagten-ved-graensen-men-hjemmevaernet-er-stadig-med\\\/#primaryimage\"},\"thumbnailUrl\":\"https:\\\/\\\/www.interforce.dk\\\/app\\\/uploads\\\/2019\\\/06\\\/11D35805_0_0.jpg\",\"articleSection\":[\"H\u00e6ren\",\"Hjemmev\u00e6rnet\"],\"inLanguage\":\"en-GB\"},{\"@type\":\"WebPage\",\"@id\":\"https:\\\/\\\/www.interforce.dk\\\/haeren-har-overtaget-vagten-ved-graensen-men-hjemmevaernet-er-stadig-med\\\/\",\"url\":\"https:\\\/\\\/www.interforce.dk\\\/haeren-har-overtaget-vagten-ved-graensen-men-hjemmevaernet-er-stadig-med\\\/\",\"name\":\"H\u00e6ren har overtaget vagten ved gr\u00e6nsen \u2013 men Hjemmev\u00e6rnet er stadig med - InterForce\",\"isPartOf\":{\"@id\":\"https:\\\/\\\/www.interforce.dk\\\/#website\"},\"primaryImageOfPage\":{\"@id\":\"https:\\\/\\\/www.interforce.dk\\\/haeren-har-overtaget-vagten-ved-graensen-men-hjemmevaernet-er-stadig-med\\\/#primaryimage\"},\"image\":{\"@id\":\"https:\\\/\\\/www.interforce.dk\\\/haeren-har-overtaget-vagten-ved-graensen-men-hjemmevaernet-er-stadig-med\\\/#primaryimage\"},\"thumbnailUrl\":\"https:\\\/\\\/www.interforce.dk\\\/app\\\/uploads\\\/2019\\\/06\\\/11D35805_0_0.jpg\",\"datePublished\":\"2019-04-15T19:05:53+00:00\",\"dateModified\":\"2020-02-13T06:52:17+00:00\",\"author\":{\"@id\":\"https:\\\/\\\/www.interforce.dk\\\/#\\\/schema\\\/person\\\/5477512a00e03f11d143b8bb3eb2eb90\"},\"breadcrumb\":{\"@id\":\"https:\\\/\\\/www.interforce.dk\\\/haeren-har-overtaget-vagten-ved-graensen-men-hjemmevaernet-er-stadig-med\\\/#breadcrumb\"},\"inLanguage\":\"en-GB\",\"potentialAction\":[{\"@type\":\"ReadAction\",\"target\":[\"https:\\\/\\\/www.interforce.dk\\\/haeren-har-overtaget-vagten-ved-graensen-men-hjemmevaernet-er-stadig-med\\\/\"]}]},{\"@type\":\"ImageObject\",\"inLanguage\":\"en-GB\",\"@id\":\"https:\\\/\\\/www.interforce.dk\\\/haeren-har-overtaget-vagten-ved-graensen-men-hjemmevaernet-er-stadig-med\\\/#primaryimage\",\"url\":\"https:\\\/\\\/www.interforce.dk\\\/app\\\/uploads\\\/2019\\\/06\\\/11D35805_0_0.jpg\",\"contentUrl\":\"https:\\\/\\\/www.interforce.dk\\\/app\\\/uploads\\\/2019\\\/06\\\/11D35805_0_0.jpg\",\"width\":600,\"height\":400,\"caption\":\"Hjemmev\u00e6rnet vil stadig v\u00e6re repr\u00e6senteret ved gr\u00e6nsekontrollen, selvom det nu er H\u00e6ren, der har overtaget opgaven. Arkivfoto: Morten Fredslund\"},{\"@type\":\"BreadcrumbList\",\"@id\":\"https:\\\/\\\/www.interforce.dk\\\/haeren-har-overtaget-vagten-ved-graensen-men-hjemmevaernet-er-stadig-med\\\/#breadcrumb\",\"itemListElement\":[{\"@type\":\"ListItem\",\"position\":1,\"name\":\"Hjem\",\"item\":\"https:\\\/\\\/www.interforce.dk\\\/\"},{\"@type\":\"ListItem\",\"position\":2,\"name\":\"H\u00e6ren har overtaget vagten ved gr\u00e6nsen \u2013 men Hjemmev\u00e6rnet er stadig med\"}]},{\"@type\":\"WebSite\",\"@id\":\"https:\\\/\\\/www.interforce.dk\\\/#website\",\"url\":\"https:\\\/\\\/www.interforce.dk\\\/\",\"name\":\"InterForce\",\"description\":\"\",\"potentialAction\":[{\"@type\":\"SearchAction\",\"target\":{\"@type\":\"EntryPoint\",\"urlTemplate\":\"https:\\\/\\\/www.interforce.dk\\\/?s={search_term_string}\"},\"query-input\":{\"@type\":\"PropertyValueSpecification\",\"valueRequired\":true,\"valueName\":\"search_term_string\"}}],\"inLanguage\":\"en-GB\"},{\"@type\":\"Person\",\"@id\":\"https:\\\/\\\/www.interforce.dk\\\/#\\\/schema\\\/person\\\/5477512a00e03f11d143b8bb3eb2eb90\",\"name\":\"Morten Fredslund\",\"image\":{\"@type\":\"ImageObject\",\"inLanguage\":\"en-GB\",\"@id\":\"https:\\\/\\\/secure.gravatar.com\\\/avatar\\\/67a6005c62149980e771e9a43b3cd6a4384c966c10c03c2641da6ea4f52fb6b8?s=96&d=mm&r=g\",\"url\":\"https:\\\/\\\/secure.gravatar.com\\\/avatar\\\/67a6005c62149980e771e9a43b3cd6a4384c966c10c03c2641da6ea4f52fb6b8?s=96&d=mm&r=g\",\"contentUrl\":\"https:\\\/\\\/secure.gravatar.com\\\/avatar\\\/67a6005c62149980e771e9a43b3cd6a4384c966c10c03c2641da6ea4f52fb6b8?s=96&d=mm&r=g\",\"caption\":\"Morten Fredslund\"},\"url\":\"https:\\\/\\\/www.interforce.dk\\\/en\\\/author\\\/morten-fredslund\\\/\"}]}<\/script>\n<!-- \/ Yoast SEO plugin. -->","yoast_head_json":{"title":"H\u00e6ren har overtaget vagten ved gr\u00e6nsen \u2013 men Hjemmev\u00e6rnet er stadig med - InterForce","robots":{"index":"index","follow":"follow","max-snippet":"max-snippet:-1","max-image-preview":"max-image-preview:large","max-video-preview":"max-video-preview:-1"},"canonical":"https:\/\/www.interforce.dk\/en\/haeren-har-overtaget-vagten-ved-graensen-men-hjemmevaernet-er-stadig-med\/","og_locale":"en_GB","og_type":"article","og_title":"H\u00e6ren har overtaget vagten ved gr\u00e6nsen \u2013 men Hjemmev\u00e6rnet er stadig med - InterForce","og_description":"Hjemmev\u00e6rnet brugt i over 700.000 timer!","og_url":"https:\/\/www.interforce.dk\/en\/haeren-har-overtaget-vagten-ved-graensen-men-hjemmevaernet-er-stadig-med\/","og_site_name":"InterForce","article_published_time":"2019-04-15T19:05:53+00:00","article_modified_time":"2020-02-13T06:52:17+00:00","og_image":[{"width":600,"height":400,"url":"https:\/\/www.interforce.dk\/app\/uploads\/2019\/06\/11D35805_0_0.jpg","type":"image\/jpeg"}],"author":"Morten Fredslund","twitter_card":"summary_large_image","twitter_misc":{"Written by":"Morten Fredslund","Est. reading time":"2 minutes"},"schema":{"@context":"https:\/\/schema.org","@graph":[{"@type":"Article","@id":"https:\/\/www.interforce.dk\/haeren-har-overtaget-vagten-ved-graensen-men-hjemmevaernet-er-stadig-med\/#article","isPartOf":{"@id":"https:\/\/www.interforce.dk\/haeren-har-overtaget-vagten-ved-graensen-men-hjemmevaernet-er-stadig-med\/"},"author":{"name":"Morten Fredslund","@id":"https:\/\/www.interforce.dk\/#\/schema\/person\/5477512a00e03f11d143b8bb3eb2eb90"},"headline":"H\u00e6ren har overtaget vagten ved gr\u00e6nsen \u2013 men Hjemmev\u00e6rnet er stadig med","datePublished":"2019-04-15T19:05:53+00:00","dateModified":"2020-02-13T06:52:17+00:00","mainEntityOfPage":{"@id":"https:\/\/www.interforce.dk\/haeren-har-overtaget-vagten-ved-graensen-men-hjemmevaernet-er-stadig-med\/"},"wordCount":456,"image":{"@id":"https:\/\/www.interforce.dk\/haeren-har-overtaget-vagten-ved-graensen-men-hjemmevaernet-er-stadig-med\/#primaryimage"},"thumbnailUrl":"https:\/\/www.interforce.dk\/app\/uploads\/2019\/06\/11D35805_0_0.jpg","articleSection":["H\u00e6ren","Hjemmev\u00e6rnet"],"inLanguage":"en-GB"},{"@type":"WebPage","@id":"https:\/\/www.interforce.dk\/haeren-har-overtaget-vagten-ved-graensen-men-hjemmevaernet-er-stadig-med\/","url":"https:\/\/www.interforce.dk\/haeren-har-overtaget-vagten-ved-graensen-men-hjemmevaernet-er-stadig-med\/","name":"H\u00e6ren har overtaget vagten ved gr\u00e6nsen \u2013 men Hjemmev\u00e6rnet er stadig med - InterForce","isPartOf":{"@id":"https:\/\/www.interforce.dk\/#website"},"primaryImageOfPage":{"@id":"https:\/\/www.interforce.dk\/haeren-har-overtaget-vagten-ved-graensen-men-hjemmevaernet-er-stadig-med\/#primaryimage"},"image":{"@id":"https:\/\/www.interforce.dk\/haeren-har-overtaget-vagten-ved-graensen-men-hjemmevaernet-er-stadig-med\/#primaryimage"},"thumbnailUrl":"https:\/\/www.interforce.dk\/app\/uploads\/2019\/06\/11D35805_0_0.jpg","datePublished":"2019-04-15T19:05:53+00:00","dateModified":"2020-02-13T06:52:17+00:00","author":{"@id":"https:\/\/www.interforce.dk\/#\/schema\/person\/5477512a00e03f11d143b8bb3eb2eb90"},"breadcrumb":{"@id":"https:\/\/www.interforce.dk\/haeren-har-overtaget-vagten-ved-graensen-men-hjemmevaernet-er-stadig-med\/#breadcrumb"},"inLanguage":"en-GB","potentialAction":[{"@type":"ReadAction","target":["https:\/\/www.interforce.dk\/haeren-har-overtaget-vagten-ved-graensen-men-hjemmevaernet-er-stadig-med\/"]}]},{"@type":"ImageObject","inLanguage":"en-GB","@id":"https:\/\/www.interforce.dk\/haeren-har-overtaget-vagten-ved-graensen-men-hjemmevaernet-er-stadig-med\/#primaryimage","url":"https:\/\/www.interforce.dk\/app\/uploads\/2019\/06\/11D35805_0_0.jpg","contentUrl":"https:\/\/www.interforce.dk\/app\/uploads\/2019\/06\/11D35805_0_0.jpg","width":600,"height":400,"caption":"Hjemmev\u00e6rnet vil stadig v\u00e6re repr\u00e6senteret ved gr\u00e6nsekontrollen, selvom det nu er H\u00e6ren, der har overtaget opgaven. Arkivfoto: Morten Fredslund"},{"@type":"BreadcrumbList","@id":"https:\/\/www.interforce.dk\/haeren-har-overtaget-vagten-ved-graensen-men-hjemmevaernet-er-stadig-med\/#breadcrumb","itemListElement":[{"@type":"ListItem","position":1,"name":"Hjem","item":"https:\/\/www.interforce.dk\/"},{"@type":"ListItem","position":2,"name":"H\u00e6ren har overtaget vagten ved gr\u00e6nsen \u2013 men Hjemmev\u00e6rnet er stadig med"}]},{"@type":"WebSite","@id":"https:\/\/www.interforce.dk\/#website","url":"https:\/\/www.interforce.dk\/","name":"InterForce","description":"","potentialAction":[{"@type":"SearchAction","target":{"@type":"EntryPoint","urlTemplate":"https:\/\/www.interforce.dk\/?s={search_term_string}"},"query-input":{"@type":"PropertyValueSpecification","valueRequired":true,"valueName":"search_term_string"}}],"inLanguage":"en-GB"},{"@type":"Person","@id":"https:\/\/www.interforce.dk\/#\/schema\/person\/5477512a00e03f11d143b8bb3eb2eb90","name":"Morten Fredslund","image":{"@type":"ImageObject","inLanguage":"en-GB","@id":"https:\/\/secure.gravatar.com\/avatar\/67a6005c62149980e771e9a43b3cd6a4384c966c10c03c2641da6ea4f52fb6b8?s=96&d=mm&r=g","url":"https:\/\/secure.gravatar.com\/avatar\/67a6005c62149980e771e9a43b3cd6a4384c966c10c03c2641da6ea4f52fb6b8?s=96&d=mm&r=g","contentUrl":"https:\/\/secure.gravatar.com\/avatar\/67a6005c62149980e771e9a43b3cd6a4384c966c10c03c2641da6ea4f52fb6b8?s=96&d=mm&r=g","caption":"Morten Fredslund"},"url":"https:\/\/www.interforce.dk\/en\/author\/morten-fredslund\/"}]}},"_links":{"self":[{"href":"https:\/\/www.interforce.dk\/en\/wp-json\/wp\/v2\/posts\/850","targetHints":{"allow":["GET"]}}],"collection":[{"href":"https:\/\/www.interforce.dk\/en\/wp-json\/wp\/v2\/posts"}],"about":[{"href":"https:\/\/www.interforce.dk\/en\/wp-json\/wp\/v2\/types\/post"}],"author":[{"embeddable":true,"href":"https:\/\/www.interforce.dk\/en\/wp-json\/wp\/v2\/users\/4"}],"replies":[{"embeddable":true,"href":"https:\/\/www.interforce.dk\/en\/wp-json\/wp\/v2\/comments?post=850"}],"version-history":[{"count":0,"href":"https:\/\/www.interforce.dk\/en\/wp-json\/wp\/v2\/posts\/850\/revisions"}],"wp:featuredmedia":[{"embeddable":true,"href":"https:\/\/www.interforce.dk\/en\/wp-json\/wp\/v2\/media\/851"}],"wp:attachment":[{"href":"https:\/\/www.interforce.dk\/en\/wp-json\/wp\/v2\/media?parent=850"}],"wp:term":[{"taxonomy":"category","embeddable":true,"href":"https:\/\/www.interforce.dk\/en\/wp-json\/wp\/v2\/categories?post=850"},{"taxonomy":"post_tag","embeddable":true,"href":"https:\/\/www.interforce.dk\/en\/wp-json\/wp\/v2\/tags?post=850"}],"curies":[{"name":"wp","href":"https:\/\/api.w.org\/{rel}","templated":true}]}}