{"id":846,"date":"2019-04-04T19:01:58","date_gmt":"2019-04-04T19:01:58","guid":{"rendered":"https:\/\/www.interforce.dk\/?p=846"},"modified":"2020-02-12T06:55:17","modified_gmt":"2020-02-12T06:55:17","slug":"flertal-blandt-ledere-og-direktoerer-har-en-militaer-baggrund","status":"publish","type":"post","link":"https:\/\/www.interforce.dk\/en\/flertal-blandt-ledere-og-direktoerer-har-en-militaer-baggrund\/","title":{"rendered":"Flertal blandt ledere og direkt\u00f8rer har en milit\u00e6r baggrund"},"content":{"rendered":"<div class=\"block core-block core-block--paragraph\">\n      <div class=\"inner inner--small\">\n      \n<p><em>Personer med en baggrund i forsvaret er i flertal p\u00e5 direkt\u00f8rgangen og aftjening af v\u00e6rnepligt betyder, at man senere i livet har tendens til at involvere sig mere i samfundet generelt, viser ny unders\u00f8gelse.<\/em><\/p>\n\n      <\/div>\n  <\/div>\n<div class=\"block core-block core-block--paragraph\">\n      <div class=\"inner inner--small\">\n      \n<p>Af Morten Fredslund<\/p>\n\n      <\/div>\n  <\/div>\n<div class=\"block core-block core-block--paragraph\">\n      <div class=\"inner inner--small\">\n      \n<p>Den milit\u00e6re baggrund giver et godt afs\u00e6t, hvis man efterf\u00f8lgende vil g\u00e5 ledervejen uden for forsvaret, viser ny unders\u00f8gelse, hvor to ud af tre m\u00e6nd, der har aftjent v\u00e6rnepligt i dag sidder i lederstillinger.<\/p>\n\n      <\/div>\n  <\/div>\n<div class=\"block core-block core-block--paragraph\">\n      <div class=\"inner inner--small\">\n      \n<p>I unders\u00f8gelsen &#8220;L\u00e6gges karrieresporene tidligt i livet?&#8221;, har konsulent, ledelsesr\u00e5dgiver og tidligere reserveofficer Susanne Teglkamp spurgt 567 personer om forhold, der kan have haft indflydelse p\u00e5 deres civile karriere.&nbsp;<\/p>\n\n      <\/div>\n  <\/div>\n<div class=\"block core-block core-block--paragraph\">\n      <div class=\"inner inner--small\">\n      \n<p>&#8220;Der er heldigvis ikke kun en vej til at blive direkt\u00f8r. Men n\u00e5r det er sagt, s\u00e5 er der alligevel nogle tr\u00e6k, der g\u00e5r igen blandt deltagerne p\u00e5 direkt\u00f8rniveau. Udover at have g\u00e5et til fodbold og spejder, er der markant flere p\u00e5 direkt\u00f8rniveau, der har spillet badminton og tennis. Der er ligeledes flere p\u00e5 direkt\u00f8rniveau, der har aftjent deres v\u00e6rnepligt eller haft en egentlig milit\u00e6r karriere,&#8221; konkluderer Susanne Teglkamp i sin 21-sider lange rapport.<\/p>\n\n      <\/div>\n  <\/div>\n<div class=\"block core-block core-block--image align-left\">\n      <div class=\"inner inner--small\">\n      \n<div class=\"wp-block-image\"><figure class=\"alignleft\"><img loading=\"lazy\" decoding=\"async\" width=\"400\" height=\"600\" src=\"\/app\/uploads\/2019\/06\/D59B9084_0.jpg\" alt=\"\" class=\"wp-image-847\" srcset=\"https:\/\/www.interforce.dk\/app\/uploads\/2019\/06\/D59B9084_0.jpg 400w, https:\/\/www.interforce.dk\/app\/uploads\/2019\/06\/D59B9084_0-200x300.jpg 200w\" sizes=\"auto, (max-width: 400px) 100vw, 400px\" \/><figcaption>To ud af tre m\u00e6nd, der har aftjent v\u00e6rnepligt sidder i dag i lederstillinger, viser ny unders\u00f8gelse. Arkivfoto: Morten Fredslund<\/figcaption><\/figure><\/div>\n\n      <\/div>\n  <\/div>\n<div class=\"block core-block core-block--paragraph\">\n      <div class=\"inner inner--small\">\n      \n<p>Generelt viser unders\u00f8gelsen, at den milit\u00e6re baggrund har en betydning for karrieren. Af deltagere i unders\u00f8gelsen med en milit\u00e6r baggrund sidder to ud af tre i en lederstilling mod kun godt halvdelen, som ikke har en milit\u00e6r baggrund. P\u00e5 direkt\u00f8rniveau bliver denne forskel endnu st\u00f8rre, idet hver fjerde med en milit\u00e6r baggrund sidder i en direkt\u00f8rstilling mod kun hver 10. deltager uden en milit\u00e6rbaggrund. Med milit\u00e6r baggrund menes udover aftjent v\u00e6rnepligt, uddannelse og tjeneste som befalingsmand, officer eller reserveofficer.&nbsp;<\/p>\n\n      <\/div>\n  <\/div>\n<div class=\"block core-block core-block--paragraph\">\n      <div class=\"inner inner--small\">\n      \n<p>Hvis man v\u00e6lger at bruge en periode af sit liv i uniform i forsvaret, tyder det alts\u00e5 p\u00e5, at fremtiden som leder eller direkt\u00f8r er mere \u00e5benlys, end hvis man ikke stifter bekendtskab med milit\u00e6ret. Og ikke nok med det. Unders\u00f8gelsen peger ogs\u00e5 p\u00e5, at man bliver et mere engageret og dannet menneske, hvis man tager en t\u00f8rn i forsvaret \u2013 eksempelvis som v\u00e6rnepligtig.<\/p>\n\n      <\/div>\n  <\/div>\n<div class=\"block core-block core-block--paragraph\">\n      <div class=\"inner inner--small\">\n      \n<p><strong>V\u00e6rnepligtigt giver dannelse og engagement<\/strong><\/p>\n\n      <\/div>\n  <\/div>\n<div class=\"block core-block core-block--paragraph\">\n      <div class=\"inner inner--small\">\n      \n<p>Ser man n\u00e6rmere p\u00e5 tallene i unders\u00f8gelsen, tyder meget p\u00e5, at det at have aftjent v\u00e6rnepligt i h\u00f8j grad ogs\u00e5 er med til at danne en som menneske. V\u00e6rnepligten f\u00e5r ikke bare betydning for den efterf\u00f8lgende karriere, men ogs\u00e5 for graden af involvering p\u00e5 arbejdspladsen og i samfundet i \u00f8vrigt. Unders\u00f8gelsen viser, at de m\u00e6nd, der har aftjent v\u00e6rnpligt, er mere tilb\u00f8jelige til at involvere sig i samarbejdsudvalget p\u00e5 arbejdspladsen, blive arbejdsmilj\u00f8repr\u00e6sentant, engagere sig i for\u00e6ldrebestyrelsesarbejde og i det hele taget deltage i frivilligt arbejde.&nbsp;<\/p>\n\n      <\/div>\n  <\/div>\n<div class=\"block core-block core-block--paragraph\">\n      <div class=\"inner inner--small\">\n      \n<p>Blandt andet har 51 procent af de tidligere v\u00e6rnepligtige i unders\u00f8gelsen lavet forskellige former for frivilligt arbejde, mens andelen er p\u00e5 41 procent hos dem, der ikke har aftjent v\u00e6rnepligt. 53 procent af de tidligere v\u00e6rnepligtige har v\u00e6ret frivillige tr\u00e6nere\/instrukt\u00f8rer, 31 procent har v\u00e6ret medlem af for\u00e6ldrebestyrelsen p\u00e5 daginstitution\/skole, 18 procent har v\u00e6ret arbejdsmilj\u00f8repr\u00e6sentant p\u00e5 deres arbejdsplads, og 21 procent har siddet i samarbejdsudvalg. Alle de n\u00e6vnte omr\u00e5der scorer de tidligere v\u00e6rnepligtige h\u00f8jere end hos deltagere, som ikke har aftjent v\u00e6rnepligt.&nbsp;<\/p>\n\n      <\/div>\n  <\/div>\n<div class=\"block core-block core-block--paragraph\">\n      <div class=\"inner inner--small\">\n      \n<p>Ud over at se n\u00e6rmere p\u00e5 deltagernes milit\u00e6re baggrund i forhold til karrieren, har Susanne Teglkamp ogs\u00e5 f\u00e5et tilbagemeldinger vedr. deltagernes sportsinteresser, fritidsaktiviteter og involvering i blandt andet spejderbev\u00e6gelsen, elevr\u00e5d og andre frivillige g\u00f8rem\u00e5l. De mange data bruger Susanne Teglkamp, der selv er tidligere oberstl\u00f8jtnant af reserven, som pejlem\u00e6rker p\u00e5, hvad der skal til, hvis man som ung g\u00e5r rundt med en leder- eller direkt\u00f8rdr\u00f8m gemt i maven. Susanne Teglkamp sl\u00e5r dog fast, at der ikke nogen klokkeklar opskrift p\u00e5 vejen til direktionsgangen.&nbsp;<\/p>\n\n      <\/div>\n  <\/div>\n<div class=\"block core-block core-block--paragraph\">\n      <div class=\"inner inner--small\">\n      \n<p>&#8220;Forudse hvem, der bliver direkt\u00f8r, kan man ikke direkte, men har man den overfor (i rapporten, red.) beskrevne baggrund s\u00e5 ligner man dem, der er direkt\u00f8rer i dag. Betyder det s\u00e5, at hvis man er i 30\u2019erne og opfylder stor set alle parametrene i forhold til dem, der er direkt\u00f8rer i dag, s\u00e5 ender karrieresporet p\u00e5 en direkt\u00f8rpost? Nej s\u00e5 bastant kan man og skal man ikke tage det. Men der kan godt v\u00e6re en lidt st\u00f8rre sandsynlighed for, at det g\u00e5r den vej,&#8221; konkluderer hun i rapporten.<\/p>\n\n      <\/div>\n  <\/div>\n<div class=\"block core-block core-block--paragraph\">\n      <div class=\"inner inner--small\">\n      \n<p>Unders\u00f8gelsen blev gennemf\u00f8rt over internettet i januar og februar 2019. Der indkom i alt 567 besvarelser, som fordeler sig p\u00e5 266 fra m\u00e6nd og 301 fra kvinder.<\/p>\n\n      <\/div>\n  <\/div>\n<div class=\"block core-block core-block--paragraph\">\n      <div class=\"inner inner--small\">\n      \n<p>Rapporten kan l\u00e6ses&nbsp;<a href=\"https:\/\/www.teglkamp.dk\/Karrierespor_laegges_tidligt_i_livet_rapport.pdf?fbclid=IwAR2n91z9krxmOPETKI9YgmimO42qJo6EYFsvPFVi_OhIfisVtW78ew4vIt0\">here (link)<\/a>.<\/p>\n\n      <\/div>\n  <\/div>","protected":false},"excerpt":{"rendered":"Det milit\u00e6re giver et godt afs\u00e6t...","protected":false},"author":4,"featured_media":847,"comment_status":"closed","ping_status":"closed","sticky":false,"template":"","format":"standard","meta":{"_acf_changed":false,"footnotes":""},"categories":[56,18],"tags":[],"class_list":["post-846","post","type-post","status-publish","format-standard","has-post-thumbnail","hentry","category-erhvervsliv","category-army"],"acf":[],"yoast_head":"<!-- This site is optimized with the Yoast SEO plugin v27.3 - https:\/\/yoast.com\/product\/yoast-seo-wordpress\/ -->\n<title>Flertal blandt ledere og direkt\u00f8rer har en milit\u00e6r baggrund - InterForce<\/title>\n<meta name=\"robots\" content=\"index, follow, max-snippet:-1, max-image-preview:large, max-video-preview:-1\" \/>\n<link rel=\"canonical\" href=\"https:\/\/www.interforce.dk\/en\/flertal-blandt-ledere-og-direktoerer-har-en-militaer-baggrund\/\" \/>\n<meta property=\"og:locale\" content=\"en_GB\" \/>\n<meta property=\"og:type\" content=\"article\" \/>\n<meta property=\"og:title\" content=\"Flertal blandt ledere og direkt\u00f8rer har en milit\u00e6r baggrund - InterForce\" \/>\n<meta property=\"og:description\" content=\"Det milit\u00e6re giver et godt afs\u00e6t\" \/>\n<meta property=\"og:url\" content=\"https:\/\/www.interforce.dk\/en\/flertal-blandt-ledere-og-direktoerer-har-en-militaer-baggrund\/\" \/>\n<meta property=\"og:site_name\" content=\"InterForce\" \/>\n<meta property=\"article:published_time\" content=\"2019-04-04T19:01:58+00:00\" \/>\n<meta property=\"article:modified_time\" content=\"2020-02-12T06:55:17+00:00\" \/>\n<meta property=\"og:image\" content=\"https:\/\/www.interforce.dk\/app\/uploads\/2019\/06\/D59B9084_0.jpg\" \/>\n\t<meta property=\"og:image:width\" content=\"400\" \/>\n\t<meta property=\"og:image:height\" content=\"600\" \/>\n\t<meta property=\"og:image:type\" content=\"image\/jpeg\" \/>\n<meta name=\"author\" content=\"Morten Fredslund\" \/>\n<meta name=\"twitter:card\" content=\"summary_large_image\" \/>\n<meta name=\"twitter:label1\" content=\"Written by\" \/>\n\t<meta name=\"twitter:data1\" content=\"Morten Fredslund\" \/>\n\t<meta name=\"twitter:label2\" content=\"Est. reading time\" \/>\n\t<meta name=\"twitter:data2\" content=\"4 minutes\" \/>\n<script type=\"application\/ld+json\" class=\"yoast-schema-graph\">{\"@context\":\"https:\\\/\\\/schema.org\",\"@graph\":[{\"@type\":\"Article\",\"@id\":\"https:\\\/\\\/www.interforce.dk\\\/en\\\/flertal-blandt-ledere-og-direktoerer-har-en-militaer-baggrund\\\/#article\",\"isPartOf\":{\"@id\":\"https:\\\/\\\/www.interforce.dk\\\/en\\\/flertal-blandt-ledere-og-direktoerer-har-en-militaer-baggrund\\\/\"},\"author\":{\"name\":\"Morten Fredslund\",\"@id\":\"https:\\\/\\\/www.interforce.dk\\\/#\\\/schema\\\/person\\\/5477512a00e03f11d143b8bb3eb2eb90\"},\"headline\":\"Flertal blandt ledere og direkt\u00f8rer har en milit\u00e6r baggrund\",\"datePublished\":\"2019-04-04T19:01:58+00:00\",\"dateModified\":\"2020-02-12T06:55:17+00:00\",\"mainEntityOfPage\":{\"@id\":\"https:\\\/\\\/www.interforce.dk\\\/en\\\/flertal-blandt-ledere-og-direktoerer-har-en-militaer-baggrund\\\/\"},\"wordCount\":816,\"image\":{\"@id\":\"https:\\\/\\\/www.interforce.dk\\\/en\\\/flertal-blandt-ledere-og-direktoerer-har-en-militaer-baggrund\\\/#primaryimage\"},\"thumbnailUrl\":\"https:\\\/\\\/www.interforce.dk\\\/app\\\/uploads\\\/2019\\\/06\\\/D59B9084_0.jpg\",\"articleSection\":[\"Erhvervsliv\",\"H\u00e6ren\"],\"inLanguage\":\"en-GB\"},{\"@type\":\"WebPage\",\"@id\":\"https:\\\/\\\/www.interforce.dk\\\/en\\\/flertal-blandt-ledere-og-direktoerer-har-en-militaer-baggrund\\\/\",\"url\":\"https:\\\/\\\/www.interforce.dk\\\/en\\\/flertal-blandt-ledere-og-direktoerer-har-en-militaer-baggrund\\\/\",\"name\":\"Flertal blandt ledere og direkt\u00f8rer har en milit\u00e6r baggrund - InterForce\",\"isPartOf\":{\"@id\":\"https:\\\/\\\/www.interforce.dk\\\/#website\"},\"primaryImageOfPage\":{\"@id\":\"https:\\\/\\\/www.interforce.dk\\\/en\\\/flertal-blandt-ledere-og-direktoerer-har-en-militaer-baggrund\\\/#primaryimage\"},\"image\":{\"@id\":\"https:\\\/\\\/www.interforce.dk\\\/en\\\/flertal-blandt-ledere-og-direktoerer-har-en-militaer-baggrund\\\/#primaryimage\"},\"thumbnailUrl\":\"https:\\\/\\\/www.interforce.dk\\\/app\\\/uploads\\\/2019\\\/06\\\/D59B9084_0.jpg\",\"datePublished\":\"2019-04-04T19:01:58+00:00\",\"dateModified\":\"2020-02-12T06:55:17+00:00\",\"author\":{\"@id\":\"https:\\\/\\\/www.interforce.dk\\\/#\\\/schema\\\/person\\\/5477512a00e03f11d143b8bb3eb2eb90\"},\"breadcrumb\":{\"@id\":\"https:\\\/\\\/www.interforce.dk\\\/en\\\/flertal-blandt-ledere-og-direktoerer-har-en-militaer-baggrund\\\/#breadcrumb\"},\"inLanguage\":\"en-GB\",\"potentialAction\":[{\"@type\":\"ReadAction\",\"target\":[\"https:\\\/\\\/www.interforce.dk\\\/en\\\/flertal-blandt-ledere-og-direktoerer-har-en-militaer-baggrund\\\/\"]}]},{\"@type\":\"ImageObject\",\"inLanguage\":\"en-GB\",\"@id\":\"https:\\\/\\\/www.interforce.dk\\\/en\\\/flertal-blandt-ledere-og-direktoerer-har-en-militaer-baggrund\\\/#primaryimage\",\"url\":\"https:\\\/\\\/www.interforce.dk\\\/app\\\/uploads\\\/2019\\\/06\\\/D59B9084_0.jpg\",\"contentUrl\":\"https:\\\/\\\/www.interforce.dk\\\/app\\\/uploads\\\/2019\\\/06\\\/D59B9084_0.jpg\",\"width\":400,\"height\":600,\"caption\":\"To ud af tre m\u00e6nd, der har aftjent v\u00e6rnepligt sidder i dag i lederstillinger, viser ny unders\u00f8gelse. Arkivfoto: Morten Fredslund\"},{\"@type\":\"BreadcrumbList\",\"@id\":\"https:\\\/\\\/www.interforce.dk\\\/en\\\/flertal-blandt-ledere-og-direktoerer-har-en-militaer-baggrund\\\/#breadcrumb\",\"itemListElement\":[{\"@type\":\"ListItem\",\"position\":1,\"name\":\"Hjem\",\"item\":\"https:\\\/\\\/www.interforce.dk\\\/\"},{\"@type\":\"ListItem\",\"position\":2,\"name\":\"Flertal blandt ledere og direkt\u00f8rer har en milit\u00e6r baggrund\"}]},{\"@type\":\"WebSite\",\"@id\":\"https:\\\/\\\/www.interforce.dk\\\/#website\",\"url\":\"https:\\\/\\\/www.interforce.dk\\\/\",\"name\":\"InterForce\",\"description\":\"\",\"potentialAction\":[{\"@type\":\"SearchAction\",\"target\":{\"@type\":\"EntryPoint\",\"urlTemplate\":\"https:\\\/\\\/www.interforce.dk\\\/?s={search_term_string}\"},\"query-input\":{\"@type\":\"PropertyValueSpecification\",\"valueRequired\":true,\"valueName\":\"search_term_string\"}}],\"inLanguage\":\"en-GB\"},{\"@type\":\"Person\",\"@id\":\"https:\\\/\\\/www.interforce.dk\\\/#\\\/schema\\\/person\\\/5477512a00e03f11d143b8bb3eb2eb90\",\"name\":\"Morten Fredslund\",\"image\":{\"@type\":\"ImageObject\",\"inLanguage\":\"en-GB\",\"@id\":\"https:\\\/\\\/secure.gravatar.com\\\/avatar\\\/67a6005c62149980e771e9a43b3cd6a4384c966c10c03c2641da6ea4f52fb6b8?s=96&d=mm&r=g\",\"url\":\"https:\\\/\\\/secure.gravatar.com\\\/avatar\\\/67a6005c62149980e771e9a43b3cd6a4384c966c10c03c2641da6ea4f52fb6b8?s=96&d=mm&r=g\",\"contentUrl\":\"https:\\\/\\\/secure.gravatar.com\\\/avatar\\\/67a6005c62149980e771e9a43b3cd6a4384c966c10c03c2641da6ea4f52fb6b8?s=96&d=mm&r=g\",\"caption\":\"Morten Fredslund\"},\"url\":\"https:\\\/\\\/www.interforce.dk\\\/en\\\/author\\\/morten-fredslund\\\/\"}]}<\/script>\n<!-- \/ Yoast SEO plugin. -->","yoast_head_json":{"title":"Flertal blandt ledere og direkt\u00f8rer har en milit\u00e6r baggrund - InterForce","robots":{"index":"index","follow":"follow","max-snippet":"max-snippet:-1","max-image-preview":"max-image-preview:large","max-video-preview":"max-video-preview:-1"},"canonical":"https:\/\/www.interforce.dk\/en\/flertal-blandt-ledere-og-direktoerer-har-en-militaer-baggrund\/","og_locale":"en_GB","og_type":"article","og_title":"Flertal blandt ledere og direkt\u00f8rer har en milit\u00e6r baggrund - InterForce","og_description":"Det milit\u00e6re giver et godt afs\u00e6t","og_url":"https:\/\/www.interforce.dk\/en\/flertal-blandt-ledere-og-direktoerer-har-en-militaer-baggrund\/","og_site_name":"InterForce","article_published_time":"2019-04-04T19:01:58+00:00","article_modified_time":"2020-02-12T06:55:17+00:00","og_image":[{"width":400,"height":600,"url":"https:\/\/www.interforce.dk\/app\/uploads\/2019\/06\/D59B9084_0.jpg","type":"image\/jpeg"}],"author":"Morten Fredslund","twitter_card":"summary_large_image","twitter_misc":{"Written by":"Morten Fredslund","Est. reading time":"4 minutes"},"schema":{"@context":"https:\/\/schema.org","@graph":[{"@type":"Article","@id":"https:\/\/www.interforce.dk\/en\/flertal-blandt-ledere-og-direktoerer-har-en-militaer-baggrund\/#article","isPartOf":{"@id":"https:\/\/www.interforce.dk\/en\/flertal-blandt-ledere-og-direktoerer-har-en-militaer-baggrund\/"},"author":{"name":"Morten Fredslund","@id":"https:\/\/www.interforce.dk\/#\/schema\/person\/5477512a00e03f11d143b8bb3eb2eb90"},"headline":"Flertal blandt ledere og direkt\u00f8rer har en milit\u00e6r baggrund","datePublished":"2019-04-04T19:01:58+00:00","dateModified":"2020-02-12T06:55:17+00:00","mainEntityOfPage":{"@id":"https:\/\/www.interforce.dk\/en\/flertal-blandt-ledere-og-direktoerer-har-en-militaer-baggrund\/"},"wordCount":816,"image":{"@id":"https:\/\/www.interforce.dk\/en\/flertal-blandt-ledere-og-direktoerer-har-en-militaer-baggrund\/#primaryimage"},"thumbnailUrl":"https:\/\/www.interforce.dk\/app\/uploads\/2019\/06\/D59B9084_0.jpg","articleSection":["Erhvervsliv","H\u00e6ren"],"inLanguage":"en-GB"},{"@type":"WebPage","@id":"https:\/\/www.interforce.dk\/en\/flertal-blandt-ledere-og-direktoerer-har-en-militaer-baggrund\/","url":"https:\/\/www.interforce.dk\/en\/flertal-blandt-ledere-og-direktoerer-har-en-militaer-baggrund\/","name":"Flertal blandt ledere og direkt\u00f8rer har en milit\u00e6r baggrund - InterForce","isPartOf":{"@id":"https:\/\/www.interforce.dk\/#website"},"primaryImageOfPage":{"@id":"https:\/\/www.interforce.dk\/en\/flertal-blandt-ledere-og-direktoerer-har-en-militaer-baggrund\/#primaryimage"},"image":{"@id":"https:\/\/www.interforce.dk\/en\/flertal-blandt-ledere-og-direktoerer-har-en-militaer-baggrund\/#primaryimage"},"thumbnailUrl":"https:\/\/www.interforce.dk\/app\/uploads\/2019\/06\/D59B9084_0.jpg","datePublished":"2019-04-04T19:01:58+00:00","dateModified":"2020-02-12T06:55:17+00:00","author":{"@id":"https:\/\/www.interforce.dk\/#\/schema\/person\/5477512a00e03f11d143b8bb3eb2eb90"},"breadcrumb":{"@id":"https:\/\/www.interforce.dk\/en\/flertal-blandt-ledere-og-direktoerer-har-en-militaer-baggrund\/#breadcrumb"},"inLanguage":"en-GB","potentialAction":[{"@type":"ReadAction","target":["https:\/\/www.interforce.dk\/en\/flertal-blandt-ledere-og-direktoerer-har-en-militaer-baggrund\/"]}]},{"@type":"ImageObject","inLanguage":"en-GB","@id":"https:\/\/www.interforce.dk\/en\/flertal-blandt-ledere-og-direktoerer-har-en-militaer-baggrund\/#primaryimage","url":"https:\/\/www.interforce.dk\/app\/uploads\/2019\/06\/D59B9084_0.jpg","contentUrl":"https:\/\/www.interforce.dk\/app\/uploads\/2019\/06\/D59B9084_0.jpg","width":400,"height":600,"caption":"To ud af tre m\u00e6nd, der har aftjent v\u00e6rnepligt sidder i dag i lederstillinger, viser ny unders\u00f8gelse. Arkivfoto: Morten Fredslund"},{"@type":"BreadcrumbList","@id":"https:\/\/www.interforce.dk\/en\/flertal-blandt-ledere-og-direktoerer-har-en-militaer-baggrund\/#breadcrumb","itemListElement":[{"@type":"ListItem","position":1,"name":"Hjem","item":"https:\/\/www.interforce.dk\/"},{"@type":"ListItem","position":2,"name":"Flertal blandt ledere og direkt\u00f8rer har en milit\u00e6r baggrund"}]},{"@type":"WebSite","@id":"https:\/\/www.interforce.dk\/#website","url":"https:\/\/www.interforce.dk\/","name":"InterForce","description":"","potentialAction":[{"@type":"SearchAction","target":{"@type":"EntryPoint","urlTemplate":"https:\/\/www.interforce.dk\/?s={search_term_string}"},"query-input":{"@type":"PropertyValueSpecification","valueRequired":true,"valueName":"search_term_string"}}],"inLanguage":"en-GB"},{"@type":"Person","@id":"https:\/\/www.interforce.dk\/#\/schema\/person\/5477512a00e03f11d143b8bb3eb2eb90","name":"Morten Fredslund","image":{"@type":"ImageObject","inLanguage":"en-GB","@id":"https:\/\/secure.gravatar.com\/avatar\/67a6005c62149980e771e9a43b3cd6a4384c966c10c03c2641da6ea4f52fb6b8?s=96&d=mm&r=g","url":"https:\/\/secure.gravatar.com\/avatar\/67a6005c62149980e771e9a43b3cd6a4384c966c10c03c2641da6ea4f52fb6b8?s=96&d=mm&r=g","contentUrl":"https:\/\/secure.gravatar.com\/avatar\/67a6005c62149980e771e9a43b3cd6a4384c966c10c03c2641da6ea4f52fb6b8?s=96&d=mm&r=g","caption":"Morten Fredslund"},"url":"https:\/\/www.interforce.dk\/en\/author\/morten-fredslund\/"}]}},"_links":{"self":[{"href":"https:\/\/www.interforce.dk\/en\/wp-json\/wp\/v2\/posts\/846","targetHints":{"allow":["GET"]}}],"collection":[{"href":"https:\/\/www.interforce.dk\/en\/wp-json\/wp\/v2\/posts"}],"about":[{"href":"https:\/\/www.interforce.dk\/en\/wp-json\/wp\/v2\/types\/post"}],"author":[{"embeddable":true,"href":"https:\/\/www.interforce.dk\/en\/wp-json\/wp\/v2\/users\/4"}],"replies":[{"embeddable":true,"href":"https:\/\/www.interforce.dk\/en\/wp-json\/wp\/v2\/comments?post=846"}],"version-history":[{"count":0,"href":"https:\/\/www.interforce.dk\/en\/wp-json\/wp\/v2\/posts\/846\/revisions"}],"wp:featuredmedia":[{"embeddable":true,"href":"https:\/\/www.interforce.dk\/en\/wp-json\/wp\/v2\/media\/847"}],"wp:attachment":[{"href":"https:\/\/www.interforce.dk\/en\/wp-json\/wp\/v2\/media?parent=846"}],"wp:term":[{"taxonomy":"category","embeddable":true,"href":"https:\/\/www.interforce.dk\/en\/wp-json\/wp\/v2\/categories?post=846"},{"taxonomy":"post_tag","embeddable":true,"href":"https:\/\/www.interforce.dk\/en\/wp-json\/wp\/v2\/tags?post=846"}],"curies":[{"name":"wp","href":"https:\/\/api.w.org\/{rel}","templated":true}]}}