{"id":840,"date":"2019-03-27T18:55:27","date_gmt":"2019-03-27T18:55:27","guid":{"rendered":"https:\/\/www.interforce.dk\/?p=840"},"modified":"2020-02-12T06:59:15","modified_gmt":"2020-02-12T06:59:15","slug":"nye-patruljefartoejer-til-soevaernet-og-marinehjemmevaernet","status":"publish","type":"post","link":"https:\/\/www.interforce.dk\/en\/nye-patruljefartoejer-til-soevaernet-og-marinehjemmevaernet\/","title":{"rendered":"Nye patruljefart\u00f8jer til S\u00f8v\u00e6rnet og Marinehjemmev\u00e6rnet"},"content":{"rendered":"<div class=\"block core-block core-block--paragraph\">\n      <div class=\"inner inner--small\">\n      \n<p><em>Fem nyindk\u00f8bte patruljefart\u00f8jer skal b\u00e5de l\u00f8se nationale opgaver og inds\u00e6ttes til FRONTEX-operationer i Middelhavet.<\/em><\/p>\n\n      <\/div>\n  <\/div>\n<div class=\"block core-block core-block--paragraph\">\n      <div class=\"inner inner--small\">\n      \n<p>Af Morten Fredslund<\/p>\n\n      <\/div>\n  <\/div>\n<div class=\"block core-block core-block--paragraph\">\n      <div class=\"inner inner--small\">\n      \n<p>To til S\u00f8v\u00e6rnet, tre til Marinehjemmev\u00e6rnet.<\/p>\n\n      <\/div>\n  <\/div>\n<div class=\"block core-block core-block--paragraph\">\n      <div class=\"inner inner--small\">\n      \n<p>S\u00e5dan bliver fordelingsn\u00f8glen i forhold til fem tidligere lodsfart\u00f8jer, som Forsvarsministeriets Materiel- og Indk\u00f8bsstyrelse, FMI, netop har k\u00f8bt af det statslige lodseri DanPilot.&nbsp;&nbsp;<\/p>\n\n      <\/div>\n  <\/div>\n<div class=\"block core-block core-block--paragraph\">\n      <div class=\"inner inner--small\">\n      \n<p>Der er tale om fem mindre, hurtigg\u00e5ende fart\u00f8jer, som aktuelt er ben\u00e6vnt Vikar, Stella Polaris, Frigg, Jubiter og Rigel, der hidtil har v\u00e6ret anvendt som Lodsfart\u00f8jer. Nu venter en mindre ombygningsopgave, hvor fart\u00f8jerne blandt andet skal synes, males, klarg\u00f8res til let bev\u00e6bning og i det hele taget opgraderes til deres fremtidige anvendelse, skriver fmi.dk.<\/p>\n\n      <\/div>\n  <\/div>\n<div class=\"block core-block core-block--image align-center\">\n      <div class=\"inner inner--small\">\n      \n<div class=\"wp-block-image\"><figure class=\"aligncenter is-resized\"><img loading=\"lazy\" decoding=\"async\" src=\"\/app\/uploads\/2019\/06\/Patruljefartoj-2_560x_1.jpg\" alt=\"\" class=\"wp-image-841\" width=\"728\" height=\"485\" srcset=\"https:\/\/www.interforce.dk\/app\/uploads\/2019\/06\/Patruljefartoj-2_560x_1.jpg 560w, https:\/\/www.interforce.dk\/app\/uploads\/2019\/06\/Patruljefartoj-2_560x_1-300x200.jpg 300w\" sizes=\"auto, (max-width: 728px) 100vw, 728px\" \/><figcaption>Hver af de fem patruljefart\u00f8jer er knap 14 meter langt, 4,6 meter bredt og har en dybgang p\u00e5 blot 1,34 meter. Motorens&nbsp;500 hk g\u00f8r fart\u00f8jet i stand til at skyde 25 knob. Foto: FMI<\/figcaption><\/figure><\/div>\n\n      <\/div>\n  <\/div>\n<div class=\"block core-block core-block--paragraph\">\n      <div class=\"inner inner--small\">\n      \n<p>Efter ombygningen vil Marinehjemmev\u00e6rnet anvende tre af fart\u00f8jerne til et bredt spektrum af nationale opgaver, og anskaffelsen af fart\u00f8jerne sker som led i det pilotprojekt vedr\u00f8rende mindre, hurtigtg\u00e5ende skibe, der blev vedtaget med Forsvarsforliget 2018-2023.<\/p>\n\n      <\/div>\n  <\/div>\n<div class=\"block core-block core-block--paragraph\">\n      <div class=\"inner inner--small\">\n      \n<p>I Marinehjemmev\u00e6rnet ser man frem til at modtage de tre fart\u00f8jer:<\/p>\n\n      <\/div>\n  <\/div>\n<div class=\"block core-block core-block--paragraph\">\n      <div class=\"inner inner--small\">\n      \n<p>&#8211; Vi gl\u00e6der os i den grad over, at Marinehjemmev\u00e6rnets frivillige snart kan tage de nye fart\u00f8jer i brug, s\u00e5 vi kan g\u00f8re os praktiske erfaringer med en fart\u00f8jstype, der er mindre, men hurtigere end de fart\u00f8jer, vi har i dag. Halvdelen af Marinehjemmev\u00e6rnets 30 fart\u00f8jer har nemlig en alder, der g\u00f8r, at de st\u00e5r overfor udfasning indenfor de kommende \u00e5r. Det er derfor interessant at opn\u00e5 erfaring med, om en s\u00e5dan fart\u00f8jstype kan anvendes til at l\u00f8se de milit\u00e6re og beredskabsm\u00e6ssige opgaver i fremtidens marinehjemmev\u00e6rnsfl\u00e5de, siger Chefen for Marinehjemmev\u00e6rnet, kommand\u00f8r Henrik Holck Rasmussen til fmi.dk.<\/p>\n\n      <\/div>\n  <\/div>\n<div class=\"block core-block core-block--paragraph\">\n      <div class=\"inner inner--small\">\n      \n<p><strong>Inds\u00e6ttes mod menneskesmugling<\/strong><\/p>\n\n      <\/div>\n  <\/div>\n<div class=\"block core-block core-block--paragraph\">\n      <div class=\"inner inner--small\">\n      \n<p>S\u00f8v\u00e6rnet vil anvende to af fart\u00f8jerne til inds\u00e6ttelse i EU\u2019s gr\u00e6nseoverv\u00e5gningsagenturs FRONTEX-operationer i Middelhavet, hvor man i samarbejde med dansk politi og lokale myndigheder vil skulle gennemf\u00f8re patruljering, rekognoscering og overv\u00e5gning samt efters\u00e6ttelse og standsning af fart\u00f8jer mist\u00e6nkt for lovovertr\u00e6delser \u2013 herunder menneskesmugling.<\/p>\n\n      <\/div>\n  <\/div>\n<div class=\"block core-block core-block--paragraph\">\n      <div class=\"inner inner--small\">\n      \n<p>If\u00f8lge fmi.dk er det hensigten, at udbyde opgaven om modifikation af fart\u00f8jerne i regi af FMI \u201dKategoriprogram for Skibsvedligeholdelse\u201d for fart\u00f8jer under 100 ton, hvor blandt andet en r\u00e6kke danske v\u00e6rfter er pr\u00e6kvalificerede.<\/p>\n\n      <\/div>\n  <\/div>\n<div class=\"block core-block core-block--paragraph\">\n      <div class=\"inner inner--small\">\n      \n<p>&#8211; Jeg ser jeg frem til at f\u00e5 efterset og ombygget fart\u00f8jerne, s\u00e5 vi kan f\u00e5 dem overdraget, og de kan komme ud og g\u00f8re gavn. Fart\u00f8jernes alsidighed, st\u00f8rrelse og man\u00f8vredygtighed g\u00f8r dem umiddelbart velegnede til operationer p\u00e5 s\u00e5vel \u00e5bent hav, som i kystn\u00e6re milj\u00f8er nationalt som internationalt, udtaler kommand\u00f8rkaptajn Stig Kastberg fra FMI i forbindelse med kontraktindg\u00e5elsen.<\/p>\n\n      <\/div>\n  <\/div>\n<div class=\"block core-block core-block--paragraph\">\n      <div class=\"inner inner--small\">\n      \n<p>Handlen er gennemf\u00f8rt som en s\u00e5kaldt \u201dGovernment to Government-aftale\u201d mellem Forsvarsministeriets Materiel- og Indk\u00f8bsstyrelse og DanPilot, som er en myndighed under Erhvervsministeriet.<\/p>\n\n      <\/div>\n  <\/div>\n<div class=\"block core-block core-block--paragraph\">\n      <div class=\"inner inner--small\">\n      \n<p>L\u00e6s mere om Marinehjemmev\u00e6rnets opgaver i InterForce News nr. 1\/2019, der udkommer om f\u00e5 dage.&nbsp;<\/p>\n\n      <\/div>\n  <\/div>","protected":false},"excerpt":{"rendered":"De fem mindre, hurtigg\u00e5ende fart\u00f8jer...","protected":false},"author":2,"featured_media":841,"comment_status":"closed","ping_status":"closed","sticky":false,"template":"","format":"standard","meta":{"_acf_changed":false,"footnotes":""},"categories":[6,17],"tags":[],"class_list":["post-840","post","type-post","status-publish","format-standard","has-post-thumbnail","hentry","category-hjv","category-navy"],"acf":[],"yoast_head":"<!-- This site is optimized with the Yoast SEO plugin v27.3 - https:\/\/yoast.com\/product\/yoast-seo-wordpress\/ -->\n<title>Nye patruljefart\u00f8jer til S\u00f8v\u00e6rnet og Marinehjemmev\u00e6rnet - InterForce<\/title>\n<meta name=\"robots\" content=\"index, follow, max-snippet:-1, max-image-preview:large, max-video-preview:-1\" \/>\n<link rel=\"canonical\" href=\"https:\/\/www.interforce.dk\/en\/nye-patruljefartoejer-til-soevaernet-og-marinehjemmevaernet\/\" \/>\n<meta property=\"og:locale\" content=\"en_GB\" \/>\n<meta property=\"og:type\" content=\"article\" \/>\n<meta property=\"og:title\" content=\"Nye patruljefart\u00f8jer til S\u00f8v\u00e6rnet og Marinehjemmev\u00e6rnet - InterForce\" \/>\n<meta property=\"og:description\" content=\"De fem mindre, hurtigg\u00e5ende fart\u00f8jer\" \/>\n<meta property=\"og:url\" content=\"https:\/\/www.interforce.dk\/en\/nye-patruljefartoejer-til-soevaernet-og-marinehjemmevaernet\/\" \/>\n<meta property=\"og:site_name\" content=\"InterForce\" \/>\n<meta property=\"article:published_time\" content=\"2019-03-27T18:55:27+00:00\" \/>\n<meta property=\"article:modified_time\" content=\"2020-02-12T06:59:15+00:00\" \/>\n<meta property=\"og:image\" content=\"https:\/\/www.interforce.dk\/app\/uploads\/2019\/06\/Patruljefartoj-2_560x_1.jpg\" \/>\n\t<meta property=\"og:image:width\" content=\"560\" \/>\n\t<meta property=\"og:image:height\" content=\"373\" \/>\n\t<meta property=\"og:image:type\" content=\"image\/jpeg\" \/>\n<meta name=\"author\" content=\"InterForce\" \/>\n<meta name=\"twitter:card\" content=\"summary_large_image\" \/>\n<meta name=\"twitter:label1\" content=\"Written by\" \/>\n\t<meta name=\"twitter:data1\" content=\"InterForce\" \/>\n\t<meta name=\"twitter:label2\" content=\"Est. reading time\" \/>\n\t<meta name=\"twitter:data2\" content=\"3 minutes\" \/>\n<script type=\"application\/ld+json\" class=\"yoast-schema-graph\">{\"@context\":\"https:\\\/\\\/schema.org\",\"@graph\":[{\"@type\":\"Article\",\"@id\":\"https:\\\/\\\/www.interforce.dk\\\/nye-patruljefartoejer-til-soevaernet-og-marinehjemmevaernet\\\/#article\",\"isPartOf\":{\"@id\":\"https:\\\/\\\/www.interforce.dk\\\/nye-patruljefartoejer-til-soevaernet-og-marinehjemmevaernet\\\/\"},\"author\":{\"name\":\"InterForce\",\"@id\":\"https:\\\/\\\/www.interforce.dk\\\/#\\\/schema\\\/person\\\/e0192b63d0a5b8f69ae146e87f7116fb\"},\"headline\":\"Nye patruljefart\u00f8jer til S\u00f8v\u00e6rnet og Marinehjemmev\u00e6rnet\",\"datePublished\":\"2019-03-27T18:55:27+00:00\",\"dateModified\":\"2020-02-12T06:59:15+00:00\",\"mainEntityOfPage\":{\"@id\":\"https:\\\/\\\/www.interforce.dk\\\/nye-patruljefartoejer-til-soevaernet-og-marinehjemmevaernet\\\/\"},\"wordCount\":545,\"image\":{\"@id\":\"https:\\\/\\\/www.interforce.dk\\\/nye-patruljefartoejer-til-soevaernet-og-marinehjemmevaernet\\\/#primaryimage\"},\"thumbnailUrl\":\"https:\\\/\\\/www.interforce.dk\\\/app\\\/uploads\\\/2019\\\/06\\\/Patruljefartoj-2_560x_1.jpg\",\"articleSection\":[\"Hjemmev\u00e6rnet\",\"S\u00f8v\u00e6rnet\"],\"inLanguage\":\"en-GB\"},{\"@type\":\"WebPage\",\"@id\":\"https:\\\/\\\/www.interforce.dk\\\/nye-patruljefartoejer-til-soevaernet-og-marinehjemmevaernet\\\/\",\"url\":\"https:\\\/\\\/www.interforce.dk\\\/nye-patruljefartoejer-til-soevaernet-og-marinehjemmevaernet\\\/\",\"name\":\"Nye patruljefart\u00f8jer til S\u00f8v\u00e6rnet og Marinehjemmev\u00e6rnet - InterForce\",\"isPartOf\":{\"@id\":\"https:\\\/\\\/www.interforce.dk\\\/#website\"},\"primaryImageOfPage\":{\"@id\":\"https:\\\/\\\/www.interforce.dk\\\/nye-patruljefartoejer-til-soevaernet-og-marinehjemmevaernet\\\/#primaryimage\"},\"image\":{\"@id\":\"https:\\\/\\\/www.interforce.dk\\\/nye-patruljefartoejer-til-soevaernet-og-marinehjemmevaernet\\\/#primaryimage\"},\"thumbnailUrl\":\"https:\\\/\\\/www.interforce.dk\\\/app\\\/uploads\\\/2019\\\/06\\\/Patruljefartoj-2_560x_1.jpg\",\"datePublished\":\"2019-03-27T18:55:27+00:00\",\"dateModified\":\"2020-02-12T06:59:15+00:00\",\"author\":{\"@id\":\"https:\\\/\\\/www.interforce.dk\\\/#\\\/schema\\\/person\\\/e0192b63d0a5b8f69ae146e87f7116fb\"},\"breadcrumb\":{\"@id\":\"https:\\\/\\\/www.interforce.dk\\\/nye-patruljefartoejer-til-soevaernet-og-marinehjemmevaernet\\\/#breadcrumb\"},\"inLanguage\":\"en-GB\",\"potentialAction\":[{\"@type\":\"ReadAction\",\"target\":[\"https:\\\/\\\/www.interforce.dk\\\/nye-patruljefartoejer-til-soevaernet-og-marinehjemmevaernet\\\/\"]}]},{\"@type\":\"ImageObject\",\"inLanguage\":\"en-GB\",\"@id\":\"https:\\\/\\\/www.interforce.dk\\\/nye-patruljefartoejer-til-soevaernet-og-marinehjemmevaernet\\\/#primaryimage\",\"url\":\"https:\\\/\\\/www.interforce.dk\\\/app\\\/uploads\\\/2019\\\/06\\\/Patruljefartoj-2_560x_1.jpg\",\"contentUrl\":\"https:\\\/\\\/www.interforce.dk\\\/app\\\/uploads\\\/2019\\\/06\\\/Patruljefartoj-2_560x_1.jpg\",\"width\":560,\"height\":373,\"caption\":\"Hver af de fem patruljefart\u00f8jer er knap 14 meter langt, 4,6 meter bredt og har en dybgang p\u00e5 blot 1,34 meter. Motorens 500 hk g\u00f8r fart\u00f8jet i stand til at skyde 25 knob. Foto: FMI\"},{\"@type\":\"BreadcrumbList\",\"@id\":\"https:\\\/\\\/www.interforce.dk\\\/nye-patruljefartoejer-til-soevaernet-og-marinehjemmevaernet\\\/#breadcrumb\",\"itemListElement\":[{\"@type\":\"ListItem\",\"position\":1,\"name\":\"Hjem\",\"item\":\"https:\\\/\\\/www.interforce.dk\\\/\"},{\"@type\":\"ListItem\",\"position\":2,\"name\":\"Nye patruljefart\u00f8jer til S\u00f8v\u00e6rnet og Marinehjemmev\u00e6rnet\"}]},{\"@type\":\"WebSite\",\"@id\":\"https:\\\/\\\/www.interforce.dk\\\/#website\",\"url\":\"https:\\\/\\\/www.interforce.dk\\\/\",\"name\":\"InterForce\",\"description\":\"\",\"potentialAction\":[{\"@type\":\"SearchAction\",\"target\":{\"@type\":\"EntryPoint\",\"urlTemplate\":\"https:\\\/\\\/www.interforce.dk\\\/?s={search_term_string}\"},\"query-input\":{\"@type\":\"PropertyValueSpecification\",\"valueRequired\":true,\"valueName\":\"search_term_string\"}}],\"inLanguage\":\"en-GB\"},{\"@type\":\"Person\",\"@id\":\"https:\\\/\\\/www.interforce.dk\\\/#\\\/schema\\\/person\\\/e0192b63d0a5b8f69ae146e87f7116fb\",\"name\":\"InterForce\",\"image\":{\"@type\":\"ImageObject\",\"inLanguage\":\"en-GB\",\"@id\":\"https:\\\/\\\/secure.gravatar.com\\\/avatar\\\/2ca4b79c0fb3239b8666089682925a48076b8ca78fd38cf279aa4345189a33e3?s=96&d=mm&r=g\",\"url\":\"https:\\\/\\\/secure.gravatar.com\\\/avatar\\\/2ca4b79c0fb3239b8666089682925a48076b8ca78fd38cf279aa4345189a33e3?s=96&d=mm&r=g\",\"contentUrl\":\"https:\\\/\\\/secure.gravatar.com\\\/avatar\\\/2ca4b79c0fb3239b8666089682925a48076b8ca78fd38cf279aa4345189a33e3?s=96&d=mm&r=g\",\"caption\":\"InterForce\"},\"sameAs\":[\"https:\\\/\\\/www.interforce.dk\"],\"url\":\"https:\\\/\\\/www.interforce.dk\\\/en\\\/author\\\/interforce\\\/\"}]}<\/script>\n<!-- \/ Yoast SEO plugin. -->","yoast_head_json":{"title":"Nye patruljefart\u00f8jer til S\u00f8v\u00e6rnet og Marinehjemmev\u00e6rnet - InterForce","robots":{"index":"index","follow":"follow","max-snippet":"max-snippet:-1","max-image-preview":"max-image-preview:large","max-video-preview":"max-video-preview:-1"},"canonical":"https:\/\/www.interforce.dk\/en\/nye-patruljefartoejer-til-soevaernet-og-marinehjemmevaernet\/","og_locale":"en_GB","og_type":"article","og_title":"Nye patruljefart\u00f8jer til S\u00f8v\u00e6rnet og Marinehjemmev\u00e6rnet - InterForce","og_description":"De fem mindre, hurtigg\u00e5ende fart\u00f8jer","og_url":"https:\/\/www.interforce.dk\/en\/nye-patruljefartoejer-til-soevaernet-og-marinehjemmevaernet\/","og_site_name":"InterForce","article_published_time":"2019-03-27T18:55:27+00:00","article_modified_time":"2020-02-12T06:59:15+00:00","og_image":[{"width":560,"height":373,"url":"https:\/\/www.interforce.dk\/app\/uploads\/2019\/06\/Patruljefartoj-2_560x_1.jpg","type":"image\/jpeg"}],"author":"InterForce","twitter_card":"summary_large_image","twitter_misc":{"Written by":"InterForce","Est. reading time":"3 minutes"},"schema":{"@context":"https:\/\/schema.org","@graph":[{"@type":"Article","@id":"https:\/\/www.interforce.dk\/nye-patruljefartoejer-til-soevaernet-og-marinehjemmevaernet\/#article","isPartOf":{"@id":"https:\/\/www.interforce.dk\/nye-patruljefartoejer-til-soevaernet-og-marinehjemmevaernet\/"},"author":{"name":"InterForce","@id":"https:\/\/www.interforce.dk\/#\/schema\/person\/e0192b63d0a5b8f69ae146e87f7116fb"},"headline":"Nye patruljefart\u00f8jer til S\u00f8v\u00e6rnet og Marinehjemmev\u00e6rnet","datePublished":"2019-03-27T18:55:27+00:00","dateModified":"2020-02-12T06:59:15+00:00","mainEntityOfPage":{"@id":"https:\/\/www.interforce.dk\/nye-patruljefartoejer-til-soevaernet-og-marinehjemmevaernet\/"},"wordCount":545,"image":{"@id":"https:\/\/www.interforce.dk\/nye-patruljefartoejer-til-soevaernet-og-marinehjemmevaernet\/#primaryimage"},"thumbnailUrl":"https:\/\/www.interforce.dk\/app\/uploads\/2019\/06\/Patruljefartoj-2_560x_1.jpg","articleSection":["Hjemmev\u00e6rnet","S\u00f8v\u00e6rnet"],"inLanguage":"en-GB"},{"@type":"WebPage","@id":"https:\/\/www.interforce.dk\/nye-patruljefartoejer-til-soevaernet-og-marinehjemmevaernet\/","url":"https:\/\/www.interforce.dk\/nye-patruljefartoejer-til-soevaernet-og-marinehjemmevaernet\/","name":"Nye patruljefart\u00f8jer til S\u00f8v\u00e6rnet og Marinehjemmev\u00e6rnet - InterForce","isPartOf":{"@id":"https:\/\/www.interforce.dk\/#website"},"primaryImageOfPage":{"@id":"https:\/\/www.interforce.dk\/nye-patruljefartoejer-til-soevaernet-og-marinehjemmevaernet\/#primaryimage"},"image":{"@id":"https:\/\/www.interforce.dk\/nye-patruljefartoejer-til-soevaernet-og-marinehjemmevaernet\/#primaryimage"},"thumbnailUrl":"https:\/\/www.interforce.dk\/app\/uploads\/2019\/06\/Patruljefartoj-2_560x_1.jpg","datePublished":"2019-03-27T18:55:27+00:00","dateModified":"2020-02-12T06:59:15+00:00","author":{"@id":"https:\/\/www.interforce.dk\/#\/schema\/person\/e0192b63d0a5b8f69ae146e87f7116fb"},"breadcrumb":{"@id":"https:\/\/www.interforce.dk\/nye-patruljefartoejer-til-soevaernet-og-marinehjemmevaernet\/#breadcrumb"},"inLanguage":"en-GB","potentialAction":[{"@type":"ReadAction","target":["https:\/\/www.interforce.dk\/nye-patruljefartoejer-til-soevaernet-og-marinehjemmevaernet\/"]}]},{"@type":"ImageObject","inLanguage":"en-GB","@id":"https:\/\/www.interforce.dk\/nye-patruljefartoejer-til-soevaernet-og-marinehjemmevaernet\/#primaryimage","url":"https:\/\/www.interforce.dk\/app\/uploads\/2019\/06\/Patruljefartoj-2_560x_1.jpg","contentUrl":"https:\/\/www.interforce.dk\/app\/uploads\/2019\/06\/Patruljefartoj-2_560x_1.jpg","width":560,"height":373,"caption":"Hver af de fem patruljefart\u00f8jer er knap 14 meter langt, 4,6 meter bredt og har en dybgang p\u00e5 blot 1,34 meter. Motorens 500 hk g\u00f8r fart\u00f8jet i stand til at skyde 25 knob. Foto: FMI"},{"@type":"BreadcrumbList","@id":"https:\/\/www.interforce.dk\/nye-patruljefartoejer-til-soevaernet-og-marinehjemmevaernet\/#breadcrumb","itemListElement":[{"@type":"ListItem","position":1,"name":"Hjem","item":"https:\/\/www.interforce.dk\/"},{"@type":"ListItem","position":2,"name":"Nye patruljefart\u00f8jer til S\u00f8v\u00e6rnet og Marinehjemmev\u00e6rnet"}]},{"@type":"WebSite","@id":"https:\/\/www.interforce.dk\/#website","url":"https:\/\/www.interforce.dk\/","name":"InterForce","description":"","potentialAction":[{"@type":"SearchAction","target":{"@type":"EntryPoint","urlTemplate":"https:\/\/www.interforce.dk\/?s={search_term_string}"},"query-input":{"@type":"PropertyValueSpecification","valueRequired":true,"valueName":"search_term_string"}}],"inLanguage":"en-GB"},{"@type":"Person","@id":"https:\/\/www.interforce.dk\/#\/schema\/person\/e0192b63d0a5b8f69ae146e87f7116fb","name":"InterForce","image":{"@type":"ImageObject","inLanguage":"en-GB","@id":"https:\/\/secure.gravatar.com\/avatar\/2ca4b79c0fb3239b8666089682925a48076b8ca78fd38cf279aa4345189a33e3?s=96&d=mm&r=g","url":"https:\/\/secure.gravatar.com\/avatar\/2ca4b79c0fb3239b8666089682925a48076b8ca78fd38cf279aa4345189a33e3?s=96&d=mm&r=g","contentUrl":"https:\/\/secure.gravatar.com\/avatar\/2ca4b79c0fb3239b8666089682925a48076b8ca78fd38cf279aa4345189a33e3?s=96&d=mm&r=g","caption":"InterForce"},"sameAs":["https:\/\/www.interforce.dk"],"url":"https:\/\/www.interforce.dk\/en\/author\/interforce\/"}]}},"_links":{"self":[{"href":"https:\/\/www.interforce.dk\/en\/wp-json\/wp\/v2\/posts\/840","targetHints":{"allow":["GET"]}}],"collection":[{"href":"https:\/\/www.interforce.dk\/en\/wp-json\/wp\/v2\/posts"}],"about":[{"href":"https:\/\/www.interforce.dk\/en\/wp-json\/wp\/v2\/types\/post"}],"author":[{"embeddable":true,"href":"https:\/\/www.interforce.dk\/en\/wp-json\/wp\/v2\/users\/2"}],"replies":[{"embeddable":true,"href":"https:\/\/www.interforce.dk\/en\/wp-json\/wp\/v2\/comments?post=840"}],"version-history":[{"count":0,"href":"https:\/\/www.interforce.dk\/en\/wp-json\/wp\/v2\/posts\/840\/revisions"}],"wp:featuredmedia":[{"embeddable":true,"href":"https:\/\/www.interforce.dk\/en\/wp-json\/wp\/v2\/media\/841"}],"wp:attachment":[{"href":"https:\/\/www.interforce.dk\/en\/wp-json\/wp\/v2\/media?parent=840"}],"wp:term":[{"taxonomy":"category","embeddable":true,"href":"https:\/\/www.interforce.dk\/en\/wp-json\/wp\/v2\/categories?post=840"},{"taxonomy":"post_tag","embeddable":true,"href":"https:\/\/www.interforce.dk\/en\/wp-json\/wp\/v2\/tags?post=840"}],"curies":[{"name":"wp","href":"https:\/\/api.w.org\/{rel}","templated":true}]}}