{"id":779,"date":"2018-08-19T13:21:17","date_gmt":"2018-08-19T13:21:17","guid":{"rendered":"https:\/\/www.interforce.dk\/?p=779"},"modified":"2020-02-12T08:31:31","modified_gmt":"2020-02-12T08:31:31","slug":"rekordmange-kommuner-goer-klar-til-jubilaeums-flagdag","status":"publish","type":"post","link":"https:\/\/www.interforce.dk\/en\/rekordmange-kommuner-goer-klar-til-jubilaeums-flagdag\/","title":{"rendered":"Rekordmange kommuner g\u00f8r klar til jubil\u00e6ums-flagdag"},"content":{"rendered":"<div class=\"block core-block core-block--paragraph\">\n      <div class=\"inner inner--small\">\n      \n<p><em>Der er t\u00e6t p\u00e5 at v\u00e6re fuldt hus, n\u00e5r det handler om kommunale arrangementer, der vil hylde og \u00e6re Danmarks udsendte p\u00e5 Flagdagen den 5. september.<\/em><\/p>\n\n      <\/div>\n  <\/div>\n<div class=\"block core-block core-block--paragraph\">\n      <div class=\"inner inner--small\">\n      \n<p>Af Morten Fredslund<\/p>\n\n      <\/div>\n  <\/div>\n<div class=\"block core-block core-block--paragraph\">\n      <div class=\"inner inner--small\">\n      \n<p>Med 90 arrangementer rundt om i landets kommuner er der allerede nu sat rekord, og blot otte kommuner mangler at melde sig under fanerne, f\u00f8r der er fuldt hus.<\/p>\n\n      <\/div>\n  <\/div>\n<div class=\"block core-block core-block--paragraph\">\n      <div class=\"inner inner--small\">\n      \n<p>Ud over de 90 kommuner gennemf\u00f8rer en h\u00e5ndfuld foreninger samt en r\u00e6kke milit\u00e6re tjenestesteder ogs\u00e5 s\u00e6rlige arrangementer p\u00e5 Flagdagen. Hvilke kommuner, foreninger og tjenestesteder, der er i spil, kan man se p\u00e5 flagdagen.dk, som foreningen Folk&amp;Sikkerhed, st\u00e5r bag.<\/p>\n\n      <\/div>\n  <\/div>\n<div class=\"block core-block core-block--paragraph\">\n      <div class=\"inner inner--small\">\n      \n<p>P\u00e5 websitet kan man ogs\u00e5 l\u00e6se de specifikke dagsprogrammer, som 72 af kommunerne i skrivende stund har klar. &nbsp;De lokale arrangementer sp\u00e6nder vidt \u2013 fra mindre sammenkomster for kommunens veteraner til march, parade og musik centralt i byerne.<\/p>\n\n      <\/div>\n  <\/div>\n<div class=\"block core-block core-block--image align-center\">\n      <div class=\"inner inner--small\">\n      \n<div class=\"wp-block-image\"><figure class=\"aligncenter is-resized\"><img loading=\"lazy\" decoding=\"async\" src=\"\/app\/uploads\/2019\/06\/11D34179_0.jpg\" alt=\"\" class=\"wp-image-780\" width=\"646\" height=\"430\" srcset=\"https:\/\/www.interforce.dk\/app\/uploads\/2019\/06\/11D34179_0.jpg 600w, https:\/\/www.interforce.dk\/app\/uploads\/2019\/06\/11D34179_0-300x200.jpg 300w\" sizes=\"auto, (max-width: 646px) 100vw, 646px\" \/><figcaption>\u00c5rhus Kommune er blandt de 90 kommuner, der igen i \u00e5r har inviteret alle kommunes veteraner til Flagdagsarrangementet. Programmet omfatter bl.a. parade og kransenedl\u00e6ggelse ved monumentet for Danmarks udsendte ved Marselisborg Slot samt efterf\u00f8lgende reception p\u00e5 restaurant Terrassen i Tivoli Friheden. Arkivfoto: Morten Fredslund<\/figcaption><\/figure><\/div>\n\n      <\/div>\n  <\/div>\n<div class=\"block core-block core-block--paragraph\">\n      <div class=\"inner inner--small\">\n      \n<p>I \u00e5r er det 10. gang, at Flagdag for Danmarks udsendte bliver markeret med kransenedl\u00e6ggelser, marcher, parader og festligholdelse herhjemme og i udlandet. For Flagdagen bliver ogs\u00e5 markeret ude i de internationale missioner, hvortil der er udsendt danske soldater, politifolk, beredskabsfolk, l\u00e6ger, sygeplejersker og andre med s\u00e6rlige kompetencer.<\/p>\n\n      <\/div>\n  <\/div>\n<div class=\"block core-block core-block--paragraph\">\n      <div class=\"inner inner--small\">\n      \n<p><strong>Kongelig deltagelse i K\u00f8benhavn og Fredericia<\/strong><\/p>\n\n      <\/div>\n  <\/div>\n<div class=\"block core-block core-block--paragraph\">\n      <div class=\"inner inner--small\">\n      \n<p>Traditionen tro er det K\u00f8benhavn der danner rammen for det officielle Danmarks markering af Flagdagen.<\/p>\n\n      <\/div>\n  <\/div>\n<div class=\"block core-block core-block--paragraph\">\n      <div class=\"inner inner--small\">\n      \n<p>I \u00e5r repr\u00e6senterer Kronprinsparret Kongehuset ved arrangementerne i K\u00f8benhavn, der ogs\u00e5 vil have deltagelse af repr\u00e6sentanter for regeringen og medlemmer af Folketinget. Dagen markeres med kransl\u00e6gning p\u00e5 Kastellet, mindegudstjeneste i Holmens Kirke og en stor parade p\u00e5 Thorvaldsens Plads for \u00e5rets udsendte.<\/p>\n\n      <\/div>\n  <\/div>\n<div class=\"block core-block core-block--paragraph\">\n      <div class=\"inner inner--small\">\n      \n<p>I Fredericia gennemf\u00f8res ogs\u00e5 et officielt flagdagsarrangement. Her deltager Prins Joachim og Prinsesse Marie.<\/p>\n\n      <\/div>\n  <\/div>\n<div class=\"block core-block core-block--paragraph\">\n      <div class=\"inner inner--small\">\n      \n<p>Initiativtager bag&nbsp;flagdagen&nbsp;var&nbsp;overkonstabel&nbsp;Kim Eg Thygesen,&nbsp;som aftjente sin v\u00e6rnepligt ved&nbsp;Prinsens Livregiment&nbsp;i Skive tilbage i 2003 og senere har v\u00e6ret udsendt til b\u00e5de Kosovo og Afghanistan.<\/p>\n\n      <\/div>\n  <\/div>\n<div class=\"block core-block core-block--paragraph\">\n      <div class=\"inner inner--small\">\n      \n<p>Han begyndte af samle opbakning til flagdagen via internettet i 2006. Id\u00e9en vandt geh\u00f8r p\u00e5&nbsp;Christiansborg, og efter en del diskussion om valg af dato blev flagdagen i marts 2009 officielt vedtaget af forligspartierne bag forsvarsforliget for 2004-2009.<\/p>\n\n      <\/div>\n  <\/div>\n<div class=\"block core-block core-block--paragraph\">\n      <div class=\"inner inner--small\">\n      \n<p>Flagdagen blev h\u00f8jtideligholdt f\u00f8rste gang i 2009, og form\u00e5let er at h\u00e6dre de personer, der er eller har v\u00e6ret udsendt p\u00e5 en mission af Danmark p\u00e5 baggrund af en beslutning truffet af regering, Folketing eller en minister.&nbsp;<\/p>\n\n      <\/div>\n  <\/div>","protected":false},"excerpt":{"rendered":"Kongelig deltagelse i K\u00f8benhavn og Fredericia...","protected":false},"author":2,"featured_media":780,"comment_status":"closed","ping_status":"closed","sticky":false,"template":"","format":"standard","meta":{"_acf_changed":false,"footnotes":""},"categories":[13],"tags":[],"class_list":["post-779","post","type-post","status-publish","format-standard","has-post-thumbnail","hentry","category-events"],"acf":[],"yoast_head":"<!-- This site is optimized with the Yoast SEO plugin v27.3 - https:\/\/yoast.com\/product\/yoast-seo-wordpress\/ -->\n<title>Rekordmange kommuner g\u00f8r klar til jubil\u00e6ums-flagdag - InterForce<\/title>\n<meta name=\"robots\" content=\"index, follow, max-snippet:-1, max-image-preview:large, max-video-preview:-1\" \/>\n<link rel=\"canonical\" href=\"https:\/\/www.interforce.dk\/en\/rekordmange-kommuner-goer-klar-til-jubilaeums-flagdag\/\" \/>\n<meta property=\"og:locale\" content=\"en_GB\" \/>\n<meta property=\"og:type\" content=\"article\" \/>\n<meta property=\"og:title\" content=\"Rekordmange kommuner g\u00f8r klar til jubil\u00e6ums-flagdag - InterForce\" \/>\n<meta property=\"og:description\" content=\"Kongelig deltagelse i K\u00f8benhavn og Fredericia\" \/>\n<meta property=\"og:url\" content=\"https:\/\/www.interforce.dk\/en\/rekordmange-kommuner-goer-klar-til-jubilaeums-flagdag\/\" \/>\n<meta property=\"og:site_name\" content=\"InterForce\" \/>\n<meta property=\"article:published_time\" content=\"2018-08-19T13:21:17+00:00\" \/>\n<meta property=\"article:modified_time\" content=\"2020-02-12T08:31:31+00:00\" \/>\n<meta property=\"og:image\" content=\"https:\/\/www.interforce.dk\/app\/uploads\/2019\/06\/11D34179_0.jpg\" \/>\n\t<meta property=\"og:image:width\" content=\"600\" \/>\n\t<meta property=\"og:image:height\" content=\"400\" \/>\n\t<meta property=\"og:image:type\" content=\"image\/jpeg\" \/>\n<meta name=\"author\" content=\"InterForce\" \/>\n<meta name=\"twitter:card\" content=\"summary_large_image\" \/>\n<meta name=\"twitter:label1\" content=\"Written by\" \/>\n\t<meta name=\"twitter:data1\" content=\"InterForce\" \/>\n\t<meta name=\"twitter:label2\" content=\"Est. reading time\" \/>\n\t<meta name=\"twitter:data2\" content=\"2 minutes\" \/>\n<script type=\"application\/ld+json\" class=\"yoast-schema-graph\">{\"@context\":\"https:\\\/\\\/schema.org\",\"@graph\":[{\"@type\":\"Article\",\"@id\":\"https:\\\/\\\/www.interforce.dk\\\/rekordmange-kommuner-goer-klar-til-jubilaeums-flagdag\\\/#article\",\"isPartOf\":{\"@id\":\"https:\\\/\\\/www.interforce.dk\\\/rekordmange-kommuner-goer-klar-til-jubilaeums-flagdag\\\/\"},\"author\":{\"name\":\"InterForce\",\"@id\":\"https:\\\/\\\/www.interforce.dk\\\/#\\\/schema\\\/person\\\/e0192b63d0a5b8f69ae146e87f7116fb\"},\"headline\":\"Rekordmange kommuner g\u00f8r klar til jubil\u00e6ums-flagdag\",\"datePublished\":\"2018-08-19T13:21:17+00:00\",\"dateModified\":\"2020-02-12T08:31:31+00:00\",\"mainEntityOfPage\":{\"@id\":\"https:\\\/\\\/www.interforce.dk\\\/rekordmange-kommuner-goer-klar-til-jubilaeums-flagdag\\\/\"},\"wordCount\":453,\"image\":{\"@id\":\"https:\\\/\\\/www.interforce.dk\\\/rekordmange-kommuner-goer-klar-til-jubilaeums-flagdag\\\/#primaryimage\"},\"thumbnailUrl\":\"https:\\\/\\\/www.interforce.dk\\\/app\\\/uploads\\\/2019\\\/06\\\/11D34179_0.jpg\",\"articleSection\":[\"Arrangementsomtale\"],\"inLanguage\":\"en-GB\"},{\"@type\":\"WebPage\",\"@id\":\"https:\\\/\\\/www.interforce.dk\\\/rekordmange-kommuner-goer-klar-til-jubilaeums-flagdag\\\/\",\"url\":\"https:\\\/\\\/www.interforce.dk\\\/rekordmange-kommuner-goer-klar-til-jubilaeums-flagdag\\\/\",\"name\":\"Rekordmange kommuner g\u00f8r klar til jubil\u00e6ums-flagdag - InterForce\",\"isPartOf\":{\"@id\":\"https:\\\/\\\/www.interforce.dk\\\/#website\"},\"primaryImageOfPage\":{\"@id\":\"https:\\\/\\\/www.interforce.dk\\\/rekordmange-kommuner-goer-klar-til-jubilaeums-flagdag\\\/#primaryimage\"},\"image\":{\"@id\":\"https:\\\/\\\/www.interforce.dk\\\/rekordmange-kommuner-goer-klar-til-jubilaeums-flagdag\\\/#primaryimage\"},\"thumbnailUrl\":\"https:\\\/\\\/www.interforce.dk\\\/app\\\/uploads\\\/2019\\\/06\\\/11D34179_0.jpg\",\"datePublished\":\"2018-08-19T13:21:17+00:00\",\"dateModified\":\"2020-02-12T08:31:31+00:00\",\"author\":{\"@id\":\"https:\\\/\\\/www.interforce.dk\\\/#\\\/schema\\\/person\\\/e0192b63d0a5b8f69ae146e87f7116fb\"},\"breadcrumb\":{\"@id\":\"https:\\\/\\\/www.interforce.dk\\\/rekordmange-kommuner-goer-klar-til-jubilaeums-flagdag\\\/#breadcrumb\"},\"inLanguage\":\"en-GB\",\"potentialAction\":[{\"@type\":\"ReadAction\",\"target\":[\"https:\\\/\\\/www.interforce.dk\\\/rekordmange-kommuner-goer-klar-til-jubilaeums-flagdag\\\/\"]}]},{\"@type\":\"ImageObject\",\"inLanguage\":\"en-GB\",\"@id\":\"https:\\\/\\\/www.interforce.dk\\\/rekordmange-kommuner-goer-klar-til-jubilaeums-flagdag\\\/#primaryimage\",\"url\":\"https:\\\/\\\/www.interforce.dk\\\/app\\\/uploads\\\/2019\\\/06\\\/11D34179_0.jpg\",\"contentUrl\":\"https:\\\/\\\/www.interforce.dk\\\/app\\\/uploads\\\/2019\\\/06\\\/11D34179_0.jpg\",\"width\":600,\"height\":400},{\"@type\":\"BreadcrumbList\",\"@id\":\"https:\\\/\\\/www.interforce.dk\\\/rekordmange-kommuner-goer-klar-til-jubilaeums-flagdag\\\/#breadcrumb\",\"itemListElement\":[{\"@type\":\"ListItem\",\"position\":1,\"name\":\"Hjem\",\"item\":\"https:\\\/\\\/www.interforce.dk\\\/\"},{\"@type\":\"ListItem\",\"position\":2,\"name\":\"Rekordmange kommuner g\u00f8r klar til jubil\u00e6ums-flagdag\"}]},{\"@type\":\"WebSite\",\"@id\":\"https:\\\/\\\/www.interforce.dk\\\/#website\",\"url\":\"https:\\\/\\\/www.interforce.dk\\\/\",\"name\":\"InterForce\",\"description\":\"\",\"potentialAction\":[{\"@type\":\"SearchAction\",\"target\":{\"@type\":\"EntryPoint\",\"urlTemplate\":\"https:\\\/\\\/www.interforce.dk\\\/?s={search_term_string}\"},\"query-input\":{\"@type\":\"PropertyValueSpecification\",\"valueRequired\":true,\"valueName\":\"search_term_string\"}}],\"inLanguage\":\"en-GB\"},{\"@type\":\"Person\",\"@id\":\"https:\\\/\\\/www.interforce.dk\\\/#\\\/schema\\\/person\\\/e0192b63d0a5b8f69ae146e87f7116fb\",\"name\":\"InterForce\",\"image\":{\"@type\":\"ImageObject\",\"inLanguage\":\"en-GB\",\"@id\":\"https:\\\/\\\/secure.gravatar.com\\\/avatar\\\/2ca4b79c0fb3239b8666089682925a48076b8ca78fd38cf279aa4345189a33e3?s=96&d=mm&r=g\",\"url\":\"https:\\\/\\\/secure.gravatar.com\\\/avatar\\\/2ca4b79c0fb3239b8666089682925a48076b8ca78fd38cf279aa4345189a33e3?s=96&d=mm&r=g\",\"contentUrl\":\"https:\\\/\\\/secure.gravatar.com\\\/avatar\\\/2ca4b79c0fb3239b8666089682925a48076b8ca78fd38cf279aa4345189a33e3?s=96&d=mm&r=g\",\"caption\":\"InterForce\"},\"sameAs\":[\"https:\\\/\\\/www.interforce.dk\"],\"url\":\"https:\\\/\\\/www.interforce.dk\\\/en\\\/author\\\/interforce\\\/\"}]}<\/script>\n<!-- \/ Yoast SEO plugin. -->","yoast_head_json":{"title":"Rekordmange kommuner g\u00f8r klar til jubil\u00e6ums-flagdag - InterForce","robots":{"index":"index","follow":"follow","max-snippet":"max-snippet:-1","max-image-preview":"max-image-preview:large","max-video-preview":"max-video-preview:-1"},"canonical":"https:\/\/www.interforce.dk\/en\/rekordmange-kommuner-goer-klar-til-jubilaeums-flagdag\/","og_locale":"en_GB","og_type":"article","og_title":"Rekordmange kommuner g\u00f8r klar til jubil\u00e6ums-flagdag - InterForce","og_description":"Kongelig deltagelse i K\u00f8benhavn og Fredericia","og_url":"https:\/\/www.interforce.dk\/en\/rekordmange-kommuner-goer-klar-til-jubilaeums-flagdag\/","og_site_name":"InterForce","article_published_time":"2018-08-19T13:21:17+00:00","article_modified_time":"2020-02-12T08:31:31+00:00","og_image":[{"width":600,"height":400,"url":"https:\/\/www.interforce.dk\/app\/uploads\/2019\/06\/11D34179_0.jpg","type":"image\/jpeg"}],"author":"InterForce","twitter_card":"summary_large_image","twitter_misc":{"Written by":"InterForce","Est. reading time":"2 minutes"},"schema":{"@context":"https:\/\/schema.org","@graph":[{"@type":"Article","@id":"https:\/\/www.interforce.dk\/rekordmange-kommuner-goer-klar-til-jubilaeums-flagdag\/#article","isPartOf":{"@id":"https:\/\/www.interforce.dk\/rekordmange-kommuner-goer-klar-til-jubilaeums-flagdag\/"},"author":{"name":"InterForce","@id":"https:\/\/www.interforce.dk\/#\/schema\/person\/e0192b63d0a5b8f69ae146e87f7116fb"},"headline":"Rekordmange kommuner g\u00f8r klar til jubil\u00e6ums-flagdag","datePublished":"2018-08-19T13:21:17+00:00","dateModified":"2020-02-12T08:31:31+00:00","mainEntityOfPage":{"@id":"https:\/\/www.interforce.dk\/rekordmange-kommuner-goer-klar-til-jubilaeums-flagdag\/"},"wordCount":453,"image":{"@id":"https:\/\/www.interforce.dk\/rekordmange-kommuner-goer-klar-til-jubilaeums-flagdag\/#primaryimage"},"thumbnailUrl":"https:\/\/www.interforce.dk\/app\/uploads\/2019\/06\/11D34179_0.jpg","articleSection":["Arrangementsomtale"],"inLanguage":"en-GB"},{"@type":"WebPage","@id":"https:\/\/www.interforce.dk\/rekordmange-kommuner-goer-klar-til-jubilaeums-flagdag\/","url":"https:\/\/www.interforce.dk\/rekordmange-kommuner-goer-klar-til-jubilaeums-flagdag\/","name":"Rekordmange kommuner g\u00f8r klar til jubil\u00e6ums-flagdag - InterForce","isPartOf":{"@id":"https:\/\/www.interforce.dk\/#website"},"primaryImageOfPage":{"@id":"https:\/\/www.interforce.dk\/rekordmange-kommuner-goer-klar-til-jubilaeums-flagdag\/#primaryimage"},"image":{"@id":"https:\/\/www.interforce.dk\/rekordmange-kommuner-goer-klar-til-jubilaeums-flagdag\/#primaryimage"},"thumbnailUrl":"https:\/\/www.interforce.dk\/app\/uploads\/2019\/06\/11D34179_0.jpg","datePublished":"2018-08-19T13:21:17+00:00","dateModified":"2020-02-12T08:31:31+00:00","author":{"@id":"https:\/\/www.interforce.dk\/#\/schema\/person\/e0192b63d0a5b8f69ae146e87f7116fb"},"breadcrumb":{"@id":"https:\/\/www.interforce.dk\/rekordmange-kommuner-goer-klar-til-jubilaeums-flagdag\/#breadcrumb"},"inLanguage":"en-GB","potentialAction":[{"@type":"ReadAction","target":["https:\/\/www.interforce.dk\/rekordmange-kommuner-goer-klar-til-jubilaeums-flagdag\/"]}]},{"@type":"ImageObject","inLanguage":"en-GB","@id":"https:\/\/www.interforce.dk\/rekordmange-kommuner-goer-klar-til-jubilaeums-flagdag\/#primaryimage","url":"https:\/\/www.interforce.dk\/app\/uploads\/2019\/06\/11D34179_0.jpg","contentUrl":"https:\/\/www.interforce.dk\/app\/uploads\/2019\/06\/11D34179_0.jpg","width":600,"height":400},{"@type":"BreadcrumbList","@id":"https:\/\/www.interforce.dk\/rekordmange-kommuner-goer-klar-til-jubilaeums-flagdag\/#breadcrumb","itemListElement":[{"@type":"ListItem","position":1,"name":"Hjem","item":"https:\/\/www.interforce.dk\/"},{"@type":"ListItem","position":2,"name":"Rekordmange kommuner g\u00f8r klar til jubil\u00e6ums-flagdag"}]},{"@type":"WebSite","@id":"https:\/\/www.interforce.dk\/#website","url":"https:\/\/www.interforce.dk\/","name":"InterForce","description":"","potentialAction":[{"@type":"SearchAction","target":{"@type":"EntryPoint","urlTemplate":"https:\/\/www.interforce.dk\/?s={search_term_string}"},"query-input":{"@type":"PropertyValueSpecification","valueRequired":true,"valueName":"search_term_string"}}],"inLanguage":"en-GB"},{"@type":"Person","@id":"https:\/\/www.interforce.dk\/#\/schema\/person\/e0192b63d0a5b8f69ae146e87f7116fb","name":"InterForce","image":{"@type":"ImageObject","inLanguage":"en-GB","@id":"https:\/\/secure.gravatar.com\/avatar\/2ca4b79c0fb3239b8666089682925a48076b8ca78fd38cf279aa4345189a33e3?s=96&d=mm&r=g","url":"https:\/\/secure.gravatar.com\/avatar\/2ca4b79c0fb3239b8666089682925a48076b8ca78fd38cf279aa4345189a33e3?s=96&d=mm&r=g","contentUrl":"https:\/\/secure.gravatar.com\/avatar\/2ca4b79c0fb3239b8666089682925a48076b8ca78fd38cf279aa4345189a33e3?s=96&d=mm&r=g","caption":"InterForce"},"sameAs":["https:\/\/www.interforce.dk"],"url":"https:\/\/www.interforce.dk\/en\/author\/interforce\/"}]}},"_links":{"self":[{"href":"https:\/\/www.interforce.dk\/en\/wp-json\/wp\/v2\/posts\/779","targetHints":{"allow":["GET"]}}],"collection":[{"href":"https:\/\/www.interforce.dk\/en\/wp-json\/wp\/v2\/posts"}],"about":[{"href":"https:\/\/www.interforce.dk\/en\/wp-json\/wp\/v2\/types\/post"}],"author":[{"embeddable":true,"href":"https:\/\/www.interforce.dk\/en\/wp-json\/wp\/v2\/users\/2"}],"replies":[{"embeddable":true,"href":"https:\/\/www.interforce.dk\/en\/wp-json\/wp\/v2\/comments?post=779"}],"version-history":[{"count":0,"href":"https:\/\/www.interforce.dk\/en\/wp-json\/wp\/v2\/posts\/779\/revisions"}],"wp:featuredmedia":[{"embeddable":true,"href":"https:\/\/www.interforce.dk\/en\/wp-json\/wp\/v2\/media\/780"}],"wp:attachment":[{"href":"https:\/\/www.interforce.dk\/en\/wp-json\/wp\/v2\/media?parent=779"}],"wp:term":[{"taxonomy":"category","embeddable":true,"href":"https:\/\/www.interforce.dk\/en\/wp-json\/wp\/v2\/categories?post=779"},{"taxonomy":"post_tag","embeddable":true,"href":"https:\/\/www.interforce.dk\/en\/wp-json\/wp\/v2\/tags?post=779"}],"curies":[{"name":"wp","href":"https:\/\/api.w.org\/{rel}","templated":true}]}}