{"id":19870,"date":"2026-09-04T13:09:49","date_gmt":"2026-09-04T13:09:49","guid":{"rendered":"https:\/\/www.interforce.dk\/?p=19870"},"modified":"2026-09-04T19:18:30","modified_gmt":"2026-09-04T19:18:30","slug":"temaet-sense-of-urgency-samlede-forsvaret-og-erhvervslivets-topledere-til-staerekassemoeder","status":"publish","type":"post","link":"https:\/\/www.interforce.dk\/en\/temaet-sense-of-urgency-samlede-forsvaret-og-erhvervslivets-topledere-til-staerekassemoeder\/","title":{"rendered":"Temaet \u201dSense of urgency\u201d samlede Forsvaret og erhvervslivets topledere til St\u00e6rekassem\u00f8der"},"content":{"rendered":"<div class=\"block core-block core-block--paragraph\">\n      <div class=\"inner inner--small\">\n      \n<p><strong>Over to aftener m\u00f8dtes ledere og topchefer fra Forsvaret samt det private og offentlige erhvervsliv til InterForce Region Hovedstadens St\u00e6rekassem\u00f8der. I \u00e5r var omdrejningspunktet, hvordan chefer ud\u00f8ver sin ledelsesgerning, n\u00e5r tiden er knap, n\u00e5r verden forandrer sig hurtigt, og beredskab er blevet en del af kerneopgaven<\/strong><br><br><em>Af Kenneth J\u00f8rgensen<\/em><br><br>De historiske lokaler p\u00e5 Arbejdermuseet i K\u00f8benhavn dannede igen i \u00e5r ramme om InterForce Region Hovedstadens traditionsrige St\u00e6rekassem\u00f8der, som denne gang blev afholdt for tiende gang.<br><br>Her m\u00f8dtes Forsvarets chefer og ledere med direktioner og topledelser fra det private og offentlige erhvervsliv over to aftener under temaet \u201dSense of urgency \u2013 hvordan p\u00e5virker det din lederrolle?\u201d<\/p>\n\n      <\/div>\n  <\/div>\n<div class=\"block core-block core-block--image\">\n      <div class=\"inner inner--small\">\n      \n<figure class=\"wp-block-image size-large\"><img loading=\"lazy\" decoding=\"async\" width=\"1024\" height=\"683\" src=\"https:\/\/www.interforce.dk\/app\/uploads\/2026\/09\/1-DSC07785-1024x683.jpg\" alt=\"\" class=\"wp-image-19872\" srcset=\"https:\/\/www.interforce.dk\/app\/uploads\/2026\/09\/1-DSC07785-1024x683.jpg 1024w, https:\/\/www.interforce.dk\/app\/uploads\/2026\/09\/1-DSC07785-300x200.jpg 300w, https:\/\/www.interforce.dk\/app\/uploads\/2026\/09\/1-DSC07785-768x512.jpg 768w, https:\/\/www.interforce.dk\/app\/uploads\/2026\/09\/1-DSC07785-1536x1024.jpg 1536w, https:\/\/www.interforce.dk\/app\/uploads\/2026\/09\/1-DSC07785-2048x1365.jpg 2048w, https:\/\/www.interforce.dk\/app\/uploads\/2026\/09\/1-DSC07785-18x12.jpg 18w\" sizes=\"auto, (max-width: 1024px) 100vw, 1024px\" \/><\/figure>\n\n      <\/div>\n  <\/div>\n<div class=\"block core-block core-block--paragraph\">\n      <div class=\"inner inner--small\">\n      \n<p><br>Moderator Camilla Stampe, politisk journalist og analytiker hos TV 2, b\u00f8d velkommen og fastslog, at samtaler og debatter foregik \u201dunder rosen\u201d og dermed i fortrolighed.<br><br>Hun satte samtidig scenen for aftenens tema:<br><br>\u201dFor ti \u00e5r siden handlede det ogs\u00e5 om ledelse; om hvordan man var leder, men ikke s\u00e5 meget om den verden, man var leder i. I dag skal man navigere i en verden, hvor forandringerne sker konstant.\u201d<\/p>\n\n      <\/div>\n  <\/div>\n<div class=\"block core-block core-block--image\">\n      <div class=\"inner inner--small\">\n      \n<figure class=\"wp-block-image size-large\"><img loading=\"lazy\" decoding=\"async\" width=\"1024\" height=\"683\" src=\"https:\/\/www.interforce.dk\/app\/uploads\/2026\/09\/38-DSC07407-1024x683.jpg\" alt=\"\" class=\"wp-image-19873\" srcset=\"https:\/\/www.interforce.dk\/app\/uploads\/2026\/09\/38-DSC07407-1024x683.jpg 1024w, https:\/\/www.interforce.dk\/app\/uploads\/2026\/09\/38-DSC07407-300x200.jpg 300w, https:\/\/www.interforce.dk\/app\/uploads\/2026\/09\/38-DSC07407-768x512.jpg 768w, https:\/\/www.interforce.dk\/app\/uploads\/2026\/09\/38-DSC07407-1536x1024.jpg 1536w, https:\/\/www.interforce.dk\/app\/uploads\/2026\/09\/38-DSC07407-2048x1365.jpg 2048w, https:\/\/www.interforce.dk\/app\/uploads\/2026\/09\/38-DSC07407-18x12.jpg 18w\" sizes=\"auto, (max-width: 1024px) 100vw, 1024px\" \/><\/figure>\n\n      <\/div>\n  <\/div>\n<div class=\"block core-block core-block--heading\">\n      <div class=\"inner inner--small\">\n      \n<h2 class=\"wp-block-heading\">Vi har brug for alle kompetencer<\/h2>\n\n      <\/div>\n  <\/div>\n<div class=\"block core-block core-block--paragraph\">\n      <div class=\"inner inner--small\">\n      \n<p>Formand for InterForce Region Hovedstaden, Martin B\u00f8ge Mikkelsen, gl\u00e6dede sig over det st\u00f8rste fremm\u00f8de i St\u00e6rekassem\u00f8dernes ti\u00e5rige historie.<br><br>\u201dVi har samlet toppen af ledere, der kan dele og berige hinanden med erfaring.\u201d<br><br>Han fremh\u00e6vede, at god ledelse kr\u00e6ver nysgerrighed, mod, samarbejde og viljen til at skabe v\u00e6rdi og opfordrede deltagerne til at bruge b\u00e5de hinandens erfaringer og netv\u00e6rk.<\/p>\n\n      <\/div>\n  <\/div>\n<div class=\"block core-block core-block--image\">\n      <div class=\"inner inner--small\">\n      \n<figure class=\"wp-block-image size-large\"><img loading=\"lazy\" decoding=\"async\" width=\"1024\" height=\"683\" src=\"https:\/\/www.interforce.dk\/app\/uploads\/2026\/09\/14-DSC07110-1024x683.jpg\" alt=\"\" class=\"wp-image-19874\" srcset=\"https:\/\/www.interforce.dk\/app\/uploads\/2026\/09\/14-DSC07110-1024x683.jpg 1024w, https:\/\/www.interforce.dk\/app\/uploads\/2026\/09\/14-DSC07110-300x200.jpg 300w, https:\/\/www.interforce.dk\/app\/uploads\/2026\/09\/14-DSC07110-768x512.jpg 768w, https:\/\/www.interforce.dk\/app\/uploads\/2026\/09\/14-DSC07110-1536x1024.jpg 1536w, https:\/\/www.interforce.dk\/app\/uploads\/2026\/09\/14-DSC07110-2048x1365.jpg 2048w, https:\/\/www.interforce.dk\/app\/uploads\/2026\/09\/14-DSC07110-18x12.jpg 18w\" sizes=\"auto, (max-width: 1024px) 100vw, 1024px\" \/><\/figure>\n\n      <\/div>\n  <\/div>\n<div class=\"block core-block core-block--paragraph\">\n      <div class=\"inner inner--small\">\n      \n<p>Han fortalte videre om InterForce, der er organiseret under Forsvarskommandoen og arbejder for at styrke sammenh\u00e6ngen mellem Forsvaret, Beredskabet og den private og offentlige sektor.<br><br>Omkring 3.900 virksomheder er i dag tilknyttet InterForce, heraf mere end 1.000 i Region Hovedstaden. Cirka 200 er st\u00f8ttevirksomheder, hvoraf omkring halvdelen ligger i hovedstadsregionen.<br><br>Som st\u00f8ttevirksomhed giver man medarbejdere, der er frivillige eller reservister i Forsvaret, Hjemmev\u00e6rnet, Beredskabsstyrelsen eller Kystredningstjenesten, mulighed for mindst fem dages tjeneste om \u00e5ret med l\u00f8n.<br><br>Og behovet vokser i takt med den sikkerhedspolitiske udvikling og Forsvarets opbygning, l\u00f8d det fra formanden:<br><br>\u201dVi har brug for alle kompetencer i den verden, vi i dag lever i.\u201d<\/p>\n\n      <\/div>\n  <\/div>\n<div class=\"block core-block core-block--heading\">\n      <div class=\"inner inner--small\">\n      \n<h2 class=\"wp-block-heading\">Ni kontrakter p\u00e5 ni m\u00e5neder<\/h2>\n\n      <\/div>\n  <\/div>\n<div class=\"block core-block core-block--paragraph\">\n      <div class=\"inner inner--small\">\n      \n<p>Oberst Jan Toft, chef for Air Defence Wing, gav et konkret eksempel p\u00e5 ledelse, n\u00e5r b\u00e5de tempo og opgave \u00e6ndrer sig radikalt.<br><br>For 21 m\u00e5neder siden blev han hentet hjem for at st\u00e5 i spidsen for genopbygningen af Danmarks jordbaserede luftforsvar. Siden eskalerede b\u00e5de den sikkerhedspolitiske situation og opgavens st\u00f8rrelse.<br><br>Et projekt til nogle milliarder voksede til investeringer for 58,6 mia. kroner, ni kontrakter blev indg\u00e5et p\u00e5 ni m\u00e5neder, og organisationen er siden 2024 vokset fra fem til snart over 300 medarbejdere.<\/p>\n\n      <\/div>\n  <\/div>\n<div class=\"block core-block core-block--image\">\n      <div class=\"inner inner--small\">\n      \n<figure class=\"wp-block-image size-large\"><img loading=\"lazy\" decoding=\"async\" width=\"1024\" height=\"683\" src=\"https:\/\/www.interforce.dk\/app\/uploads\/2026\/09\/11-DSC07918-1024x683.jpg\" alt=\"\" class=\"wp-image-19875\" srcset=\"https:\/\/www.interforce.dk\/app\/uploads\/2026\/09\/11-DSC07918-1024x683.jpg 1024w, https:\/\/www.interforce.dk\/app\/uploads\/2026\/09\/11-DSC07918-300x200.jpg 300w, https:\/\/www.interforce.dk\/app\/uploads\/2026\/09\/11-DSC07918-768x512.jpg 768w, https:\/\/www.interforce.dk\/app\/uploads\/2026\/09\/11-DSC07918-1536x1024.jpg 1536w, https:\/\/www.interforce.dk\/app\/uploads\/2026\/09\/11-DSC07918-2048x1365.jpg 2048w, https:\/\/www.interforce.dk\/app\/uploads\/2026\/09\/11-DSC07918-18x12.jpg 18w\" sizes=\"auto, (max-width: 1024px) 100vw, 1024px\" \/><\/figure>\n\n      <\/div>\n  <\/div>\n<div class=\"block core-block core-block--paragraph\">\n      <div class=\"inner inner--small\">\n      \n<p>Det kr\u00e6ver f\u00f8rst og fremmest det rigtige hold, tillid og klare rammer, l\u00f8d det.<br><br>Samtidig m\u00e5 en leder acceptere, at st\u00f8rre hastighed ogs\u00e5 indeb\u00e6rer st\u00f8rre risiko. Det afg\u00f8rende er at vide, hvorn\u00e5r grundigheden skal have forrang, og hvorn\u00e5r tiden kr\u00e6ver handling.<\/p>\n\n      <\/div>\n  <\/div>\n<div class=\"block core-block core-block--heading\">\n      <div class=\"inner inner--small\">\n      \n<h2 class=\"wp-block-heading\">Urgency er ikke fart<\/h2>\n\n      <\/div>\n  <\/div>\n<div class=\"block core-block core-block--paragraph\">\n      <div class=\"inner inner--small\">\n      \n<p>Executive Vice President i COWI Henrik Winther tog udgangspunkt i for\u00e5ret 2024, hvor virksomheden fik besked om, at den ville optr\u00e6de i en TV-dokumentar.<br><br>COWI, der er blandt de mange st\u00f8ttevirksomheder til InterForce, kendte ikke det pr\u00e6cise indhold, men vidste, at sagen kunne ramme b\u00e5de omd\u00f8mme, medarbejdere og kunder \u2013 samtidig med at virksomheden stod midt i den st\u00f8rste transformation i sin historie.<br><br>\u201dVi blev ramt af den perfekte storm.\u201d<br><br>Her blev en allerede gennempr\u00f8vet beredskabsplan afg\u00f8rende. For under en krise skal virksomheden ikke alene h\u00e5ndtere det ekstraordin\u00e6re, men samtidig sikre, at kerneforretningen forts\u00e6tter.<br><br>Henrik Winther fremh\u00e6vede modet til at handle uden at kende alle svar, evnen til at samle organisationen og ikke mindst at fokusere kr\u00e6fterne rigtigt.<br><br>\u201dUrgency er ikke fart, men fokus.\u201d<br><br>Og beredskabet skal etableres, l\u00e6nge inden behovet viser sig:<br><br>\u201dBeredskab opst\u00e5r ikke, n\u00e5r krisen indtr\u00e6ffer, men lang tid f\u00f8r.\u201d<\/p>\n\n      <\/div>\n  <\/div>\n<div class=\"block core-block core-block--heading\">\n      <div class=\"inner inner--small\">\n      \n<h2 class=\"wp-block-heading\">Kultur\u00e6ndring under tidspres<\/h2>\n\n      <\/div>\n  <\/div>\n<div class=\"block core-block core-block--paragraph\">\n      <div class=\"inner inner--small\">\n      \n<p>Viceforsvarschef, generall\u00f8jtnant Henrik Berg gav p\u00e5 den anden aften sit perspektiv p\u00e5 den omfattende kultur\u00e6ndring, Forsvaret gennemg\u00e5r.<br><br>Den \u00e6ndrede sikkerhedssituation har givet mulighed for at tage genveje i processer, som tidligere tog l\u00e6ngere tid. Men f\u00f8r ledere kan fjerne organisationens barrierer for at levere hurtigt, skal de ogs\u00e5 se p\u00e5 de barrierer, de selv har opbygget.<\/p>\n\n      <\/div>\n  <\/div>\n<div class=\"block core-block core-block--image\">\n      <div class=\"inner inner--small\">\n      \n<figure class=\"wp-block-image size-large\"><img loading=\"lazy\" decoding=\"async\" width=\"1024\" height=\"683\" src=\"https:\/\/www.interforce.dk\/app\/uploads\/2026\/09\/19-DSC08002-1024x683.jpg\" alt=\"\" class=\"wp-image-19876\" srcset=\"https:\/\/www.interforce.dk\/app\/uploads\/2026\/09\/19-DSC08002-1024x683.jpg 1024w, https:\/\/www.interforce.dk\/app\/uploads\/2026\/09\/19-DSC08002-300x200.jpg 300w, https:\/\/www.interforce.dk\/app\/uploads\/2026\/09\/19-DSC08002-768x512.jpg 768w, https:\/\/www.interforce.dk\/app\/uploads\/2026\/09\/19-DSC08002-1536x1024.jpg 1536w, https:\/\/www.interforce.dk\/app\/uploads\/2026\/09\/19-DSC08002-2048x1365.jpg 2048w, https:\/\/www.interforce.dk\/app\/uploads\/2026\/09\/19-DSC08002-18x12.jpg 18w\" sizes=\"auto, (max-width: 1024px) 100vw, 1024px\" \/><\/figure>\n\n      <\/div>\n  <\/div>\n<div class=\"block core-block core-block--paragraph\">\n      <div class=\"inner inner--small\">\n      \n<p>Det er s\u00e6rligt vigtigt, fordi materiel kan anskaffes hurtigere, end en organisation kan \u00e6ndre kultur.<br><br>Derfor fremh\u00e6vede Henrik Berg kort, klar kommunikation, digitalisering og evnen til at udnytte organisationens h\u00f8je kompetenceniveau. Ogs\u00e5 kunstig intelligens kan \u00e5bne nye muligheder og skabe nye partnerskaber mellem Forsvaret og industrien.<\/p>\n\n      <\/div>\n  <\/div>\n<div class=\"block core-block core-block--heading\">\n      <div class=\"inner inner--small\">\n      \n<h2 class=\"wp-block-heading\">Beredskab er noget, man kan<\/h2>\n\n      <\/div>\n  <\/div>\n<div class=\"block core-block core-block--paragraph\">\n      <div class=\"inner inner--small\">\n      \n<p>Bestyrelsesformand Susanne Juhl, der blandt andet har poster i Aarhus Havn, HOFOR og BIOFOS, samt tidligere TDC og Nuuday, tog udgangspunkt i kritisk infrastruktur, som de f\u00e6rreste t\u00e6nker over, n\u00e5r den fungerer.<br><br>Men n\u00e5r den ikke g\u00f8r, kan konsekvenserne hurtigt blive samfundskritiske. Derfor skal virksomheder tr\u00e6ffe de sv\u00e6re valg, inden krisen rammer.<br><br>If\u00f8lge Susanne Juhl har mange organisationer ikke et beredskabsproblem, n\u00e5r noget g\u00e5r galt, men et prioriteringsproblem, som f\u00f8rst da bliver synligt.<br><br>Beredskab er derfor ikke l\u00e6ngere noget ved siden af driften, men en del af kerneopgaven og et centralt strategisk ansvar for b\u00e5de direktion og bestyrelse.<br><br>Og det rejser et ubekvemt sp\u00f8rgsm\u00e5l:<br><br>Vil vi betale for robustheden, f\u00f8r krisen rammer? For planer alene g\u00f8r ingen organisation robust.<br><br>\u201dBeredskab er ikke noget, man har, men noget, man kan.\u201d<\/p>\n\n      <\/div>\n  <\/div>\n<div class=\"block core-block core-block--image\">\n      <div class=\"inner inner--small\">\n      \n<figure class=\"wp-block-image size-large\"><img loading=\"lazy\" decoding=\"async\" width=\"1024\" height=\"683\" src=\"https:\/\/www.interforce.dk\/app\/uploads\/2026\/09\/49-DSC08443-1-1024x683.jpg\" alt=\"\" class=\"wp-image-19878\" srcset=\"https:\/\/www.interforce.dk\/app\/uploads\/2026\/09\/49-DSC08443-1-1024x683.jpg 1024w, https:\/\/www.interforce.dk\/app\/uploads\/2026\/09\/49-DSC08443-1-300x200.jpg 300w, https:\/\/www.interforce.dk\/app\/uploads\/2026\/09\/49-DSC08443-1-768x512.jpg 768w, https:\/\/www.interforce.dk\/app\/uploads\/2026\/09\/49-DSC08443-1-1536x1024.jpg 1536w, https:\/\/www.interforce.dk\/app\/uploads\/2026\/09\/49-DSC08443-1-2048x1365.jpg 2048w, https:\/\/www.interforce.dk\/app\/uploads\/2026\/09\/49-DSC08443-1-18x12.jpg 18w\" sizes=\"auto, (max-width: 1024px) 100vw, 1024px\" \/><\/figure>\n\n      <\/div>\n  <\/div>\n<div class=\"block core-block core-block--heading\">\n      <div class=\"inner inner--small\">\n      \n<h2 class=\"wp-block-heading\">Fra opl\u00e6g til ledernes egne dilemmaer<\/h2>\n\n      <\/div>\n  <\/div>\n<div class=\"block core-block core-block--paragraph\">\n      <div class=\"inner inner--small\">\n      \n<p>Efter opl\u00e6ggene fortsatte diskussionerne ved bordene og senere i plenum under ledelse af Camilla Stampe.<br><br>Her blev erfaringer delt p\u00e5 tv\u00e6rs af virksomheder, brancher samt civile og milit\u00e6re ledelseslag med udgangspunkt i tre sp\u00f8rgsm\u00e5l:<br><br>Hvordan sikrer du, at din organisation opretholder sin kerneproduktion? Hvad kr\u00e6ver \u201dsense of urgency\u201d af dig som samfundsleder? Og hvad betyder beredskabsplanl\u00e6gning konkret i dit lederskab?<br><br>Martin B\u00f8ge Mikkelsen rundede de engagerede debatter af med en opfordring til at bruge den us\u00e6dvanlige koncentration af ledelseserfaring i lokalet:<br><br>\u201dT\u00e6nk, hvor mange \u00e5rsv\u00e6rk i ledelse, der er samlet her. Udnyt det, mens I er her.\u201d<\/p>\n\n      <\/div>\n  <\/div>\n<div class=\"block core-block core-block--heading\">\n      <div class=\"inner inner--small\">\n      \n<h2 class=\"wp-block-heading\">InterForce Award til Salling Group<\/h2>\n\n      <\/div>\n  <\/div>\n<div class=\"block core-block core-block--paragraph\">\n      <div class=\"inner inner--small\">\n      \n<p>Torsdag aften uddelte milit\u00e6rkoordinator for InterForce Region Hovedstaden, oberst Peer Sander Rouff, den \u00e5rlige InterForce Hovedstaden Award.<br><br>Prisen gik i \u00e5r til Salling Group og blev modtaget af Senior Vice President Heidi Skovhus.<\/p>\n\n      <\/div>\n  <\/div>\n<div class=\"block core-block core-block--image\">\n      <div class=\"inner inner--small\">\n      \n<figure class=\"wp-block-image size-large\"><img loading=\"lazy\" decoding=\"async\" width=\"1024\" height=\"683\" src=\"https:\/\/www.interforce.dk\/app\/uploads\/2026\/09\/46-DSC08390-1024x683.jpg\" alt=\"\" class=\"wp-image-19879\" srcset=\"https:\/\/www.interforce.dk\/app\/uploads\/2026\/09\/46-DSC08390-1024x683.jpg 1024w, https:\/\/www.interforce.dk\/app\/uploads\/2026\/09\/46-DSC08390-300x200.jpg 300w, https:\/\/www.interforce.dk\/app\/uploads\/2026\/09\/46-DSC08390-768x512.jpg 768w, https:\/\/www.interforce.dk\/app\/uploads\/2026\/09\/46-DSC08390-1536x1024.jpg 1536w, https:\/\/www.interforce.dk\/app\/uploads\/2026\/09\/46-DSC08390-2048x1365.jpg 2048w, https:\/\/www.interforce.dk\/app\/uploads\/2026\/09\/46-DSC08390-18x12.jpg 18w\" sizes=\"auto, (max-width: 1024px) 100vw, 1024px\" \/><\/figure>\n\n      <\/div>\n  <\/div>\n<div class=\"block core-block core-block--paragraph\">\n      <div class=\"inner inner--small\">\n      \n<p>Peer Sander Rouff fremh\u00e6vede, at Salling Group har forenet en pionerindsats som tidlig st\u00f8ttevirksomhed, en forankret og konkret personalepolitik samt et omfattende og synligt bidrag til Danmarks civile beredskab. Salling Group har herudover ydet en ekstraordin\u00e6r indsats for medarbejdere, der g\u00f8r tjeneste i Forsvaret, Hjemmev\u00e6rnet, Beredskabet eller Kystredningstjenesten.<br><br>Virksomheden har p\u00e5 en helt s\u00e6rlig m\u00e5de dermed v\u00e6ret med til at vise, at et civilt arbejdsliv kan forenes med tjeneste for Danmark, og at det at tr\u00e6kke i uniform er et samfundsbidrag.<\/p>\n\n      <\/div>\n  <\/div>\n<div class=\"block core-block core-block--heading\">\n      <div class=\"inner inner--small\">\n      \n<h2 class=\"wp-block-heading\">Mere end ti \u00e5rs brobygning<\/h2>\n\n      <\/div>\n  <\/div>\n<div class=\"block core-block core-block--paragraph\">\n      <div class=\"inner inner--small\">\n      \n<p>Aftenen b\u00f8d ogs\u00e5 p\u00e5 en s\u00e6rlig anerkendelse af oberst Mads Rahbek, der modtog et personligt InterForce skjold som tak for mere end ti \u00e5rs indsats for InterForce og forretningsudvalget.<br><br>Under hans tid har Den Kongelige Livgarde blandt andet bidraget til St\u00e6rekassem\u00f8derne og Milit\u00e6r Udfordringsdag og dermed gjort forbindelsen mellem Forsvaret og erhvervslivet konkret.<\/p>\n\n      <\/div>\n  <\/div>\n<div class=\"block core-block core-block--image\">\n      <div class=\"inner inner--small\">\n      \n<figure class=\"wp-block-image size-large\"><img loading=\"lazy\" decoding=\"async\" width=\"1024\" height=\"683\" src=\"https:\/\/www.interforce.dk\/app\/uploads\/2026\/09\/47-DSC08427-1024x683.jpg\" alt=\"\" class=\"wp-image-19877\" srcset=\"https:\/\/www.interforce.dk\/app\/uploads\/2026\/09\/47-DSC08427-1024x683.jpg 1024w, https:\/\/www.interforce.dk\/app\/uploads\/2026\/09\/47-DSC08427-300x200.jpg 300w, https:\/\/www.interforce.dk\/app\/uploads\/2026\/09\/47-DSC08427-768x512.jpg 768w, https:\/\/www.interforce.dk\/app\/uploads\/2026\/09\/47-DSC08427-1536x1024.jpg 1536w, https:\/\/www.interforce.dk\/app\/uploads\/2026\/09\/47-DSC08427-2048x1365.jpg 2048w, https:\/\/www.interforce.dk\/app\/uploads\/2026\/09\/47-DSC08427-18x12.jpg 18w\" sizes=\"auto, (max-width: 1024px) 100vw, 1024px\" \/><\/figure>\n\n      <\/div>\n  <\/div>\n<div class=\"block core-block core-block--paragraph\">\n      <div class=\"inner inner--small\">\n      \n<p>\u201dVi taler om at bygge bro \u2013 i dit tilf\u00e6lde er det ikke blot blevet ved ord,\u201d sagde Martin B\u00f8ge Mikkelsen fra scenen.<br><br>Begge aftener sluttede med en let anretning og netv\u00e6rk p\u00e5 tv\u00e6rs af den civile og milit\u00e6re verden.<br><br>Og netop denne kontakt er kernen i InterForce hvor relationerne og forst\u00e5elsen mellem arbejdspladserne og dem, der ogs\u00e5 st\u00e5r til r\u00e5dighed for Forsvaret og Beredskabet, bliver skabt, f\u00f8r behovet bliver akut.<\/p>\n\n      <\/div>\n  <\/div>","protected":false},"excerpt":{"rendered":"Over to aftener m\u00f8dtes ledere og topchefer fra Forsvaret samt det private og of...","protected":false},"author":2,"featured_media":19871,"comment_status":"closed","ping_status":"closed","sticky":false,"template":"","format":"standard","meta":{"_acf_changed":false,"footnotes":""},"categories":[13],"tags":[55],"class_list":["post-19870","post","type-post","status-publish","format-standard","has-post-thumbnail","hentry","category-events","tag-tag-hovedstaden"],"acf":[],"yoast_head":"<!-- This site is optimized with the Yoast SEO plugin v27.4 - https:\/\/yoast.com\/product\/yoast-seo-wordpress\/ -->\n<title>Temaet \u201dSense of urgency\u201d samlede Forsvaret og erhvervslivets topledere til St\u00e6rekassem\u00f8der - InterForce<\/title>\n<meta name=\"description\" content=\"Temaet \u201dSense of urgency\u201d samlede Forsvaret og erhvervslivets topledere til InterForces traditionsrige St\u00e6rekassem\u00f8der\" \/>\n<meta name=\"robots\" content=\"index, follow, max-snippet:-1, max-image-preview:large, max-video-preview:-1\" \/>\n<link rel=\"canonical\" href=\"https:\/\/www.interforce.dk\/en\/temaet-sense-of-urgency-samlede-forsvaret-og-erhvervslivets-topledere-til-staerekassemoeder\/\" \/>\n<meta property=\"og:locale\" content=\"en_GB\" \/>\n<meta property=\"og:type\" content=\"article\" \/>\n<meta property=\"og:title\" content=\"Temaet \u201dSense of urgency\u201d samlede Forsvaret og erhvervslivets topledere til St\u00e6rekassem\u00f8der - InterForce\" \/>\n<meta property=\"og:description\" content=\"Temaet \u201dSense of urgency\u201d samlede Forsvaret og erhvervslivets topledere til InterForces traditionsrige St\u00e6rekassem\u00f8der\" \/>\n<meta property=\"og:url\" content=\"https:\/\/www.interforce.dk\/en\/temaet-sense-of-urgency-samlede-forsvaret-og-erhvervslivets-topledere-til-staerekassemoeder\/\" \/>\n<meta property=\"og:site_name\" content=\"InterForce\" \/>\n<meta property=\"article:published_time\" content=\"2026-09-04T13:09:49+00:00\" \/>\n<meta property=\"article:modified_time\" content=\"2026-09-04T19:18:30+00:00\" \/>\n<meta property=\"og:image\" content=\"https:\/\/www.interforce.dk\/app\/uploads\/2026\/09\/49-DSC08443-scaled.jpg\" \/>\n\t<meta property=\"og:image:width\" content=\"2560\" \/>\n\t<meta property=\"og:image:height\" content=\"1707\" \/>\n\t<meta property=\"og:image:type\" content=\"image\/jpeg\" \/>\n<meta name=\"author\" content=\"InterForce\" \/>\n<meta name=\"twitter:card\" content=\"summary_large_image\" \/>\n<meta name=\"twitter:label1\" content=\"Written by\" \/>\n\t<meta name=\"twitter:data1\" content=\"InterForce\" \/>\n\t<meta name=\"twitter:label2\" content=\"Est. reading time\" \/>\n\t<meta name=\"twitter:data2\" content=\"8 minutes\" \/>\n<script type=\"application\/ld+json\" class=\"yoast-schema-graph\">{\"@context\":\"https:\\\/\\\/schema.org\",\"@graph\":[{\"@type\":\"Article\",\"@id\":\"https:\\\/\\\/www.interforce.dk\\\/temaet-sense-of-urgency-samlede-forsvaret-og-erhvervslivets-topledere-til-staerekassemoeder\\\/#article\",\"isPartOf\":{\"@id\":\"https:\\\/\\\/www.interforce.dk\\\/temaet-sense-of-urgency-samlede-forsvaret-og-erhvervslivets-topledere-til-staerekassemoeder\\\/\"},\"author\":{\"name\":\"InterForce\",\"@id\":\"https:\\\/\\\/www.interforce.dk\\\/#\\\/schema\\\/person\\\/e0192b63d0a5b8f69ae146e87f7116fb\"},\"headline\":\"Temaet \u201dSense of urgency\u201d samlede Forsvaret og erhvervslivets topledere til St\u00e6rekassem\u00f8der\",\"datePublished\":\"2026-09-04T13:09:49+00:00\",\"dateModified\":\"2026-09-04T19:18:30+00:00\",\"mainEntityOfPage\":{\"@id\":\"https:\\\/\\\/www.interforce.dk\\\/temaet-sense-of-urgency-samlede-forsvaret-og-erhvervslivets-topledere-til-staerekassemoeder\\\/\"},\"wordCount\":1340,\"image\":{\"@id\":\"https:\\\/\\\/www.interforce.dk\\\/temaet-sense-of-urgency-samlede-forsvaret-og-erhvervslivets-topledere-til-staerekassemoeder\\\/#primaryimage\"},\"thumbnailUrl\":\"https:\\\/\\\/www.interforce.dk\\\/app\\\/uploads\\\/2026\\\/09\\\/49-DSC08443-scaled.jpg\",\"keywords\":[\"Tag:Hovedstaden\"],\"articleSection\":[\"Arrangementsomtale\"],\"inLanguage\":\"en-GB\"},{\"@type\":\"WebPage\",\"@id\":\"https:\\\/\\\/www.interforce.dk\\\/temaet-sense-of-urgency-samlede-forsvaret-og-erhvervslivets-topledere-til-staerekassemoeder\\\/\",\"url\":\"https:\\\/\\\/www.interforce.dk\\\/temaet-sense-of-urgency-samlede-forsvaret-og-erhvervslivets-topledere-til-staerekassemoeder\\\/\",\"name\":\"Temaet \u201dSense of urgency\u201d samlede Forsvaret og erhvervslivets topledere til St\u00e6rekassem\u00f8der - InterForce\",\"isPartOf\":{\"@id\":\"https:\\\/\\\/www.interforce.dk\\\/#website\"},\"primaryImageOfPage\":{\"@id\":\"https:\\\/\\\/www.interforce.dk\\\/temaet-sense-of-urgency-samlede-forsvaret-og-erhvervslivets-topledere-til-staerekassemoeder\\\/#primaryimage\"},\"image\":{\"@id\":\"https:\\\/\\\/www.interforce.dk\\\/temaet-sense-of-urgency-samlede-forsvaret-og-erhvervslivets-topledere-til-staerekassemoeder\\\/#primaryimage\"},\"thumbnailUrl\":\"https:\\\/\\\/www.interforce.dk\\\/app\\\/uploads\\\/2026\\\/09\\\/49-DSC08443-scaled.jpg\",\"datePublished\":\"2026-09-04T13:09:49+00:00\",\"dateModified\":\"2026-09-04T19:18:30+00:00\",\"author\":{\"@id\":\"https:\\\/\\\/www.interforce.dk\\\/#\\\/schema\\\/person\\\/e0192b63d0a5b8f69ae146e87f7116fb\"},\"description\":\"Temaet \u201dSense of urgency\u201d samlede Forsvaret og erhvervslivets topledere til InterForces traditionsrige St\u00e6rekassem\u00f8der\",\"breadcrumb\":{\"@id\":\"https:\\\/\\\/www.interforce.dk\\\/temaet-sense-of-urgency-samlede-forsvaret-og-erhvervslivets-topledere-til-staerekassemoeder\\\/#breadcrumb\"},\"inLanguage\":\"en-GB\",\"potentialAction\":[{\"@type\":\"ReadAction\",\"target\":[\"https:\\\/\\\/www.interforce.dk\\\/temaet-sense-of-urgency-samlede-forsvaret-og-erhvervslivets-topledere-til-staerekassemoeder\\\/\"]}]},{\"@type\":\"ImageObject\",\"inLanguage\":\"en-GB\",\"@id\":\"https:\\\/\\\/www.interforce.dk\\\/temaet-sense-of-urgency-samlede-forsvaret-og-erhvervslivets-topledere-til-staerekassemoeder\\\/#primaryimage\",\"url\":\"https:\\\/\\\/www.interforce.dk\\\/app\\\/uploads\\\/2026\\\/09\\\/49-DSC08443-scaled.jpg\",\"contentUrl\":\"https:\\\/\\\/www.interforce.dk\\\/app\\\/uploads\\\/2026\\\/09\\\/49-DSC08443-scaled.jpg\",\"width\":2560,\"height\":1707,\"caption\":\"St\u00e6rekassem\u00f8der\"},{\"@type\":\"BreadcrumbList\",\"@id\":\"https:\\\/\\\/www.interforce.dk\\\/temaet-sense-of-urgency-samlede-forsvaret-og-erhvervslivets-topledere-til-staerekassemoeder\\\/#breadcrumb\",\"itemListElement\":[{\"@type\":\"ListItem\",\"position\":1,\"name\":\"Hjem\",\"item\":\"https:\\\/\\\/www.interforce.dk\\\/\"},{\"@type\":\"ListItem\",\"position\":2,\"name\":\"Temaet \u201dSense of urgency\u201d samlede Forsvaret og erhvervslivets topledere til St\u00e6rekassem\u00f8der\"}]},{\"@type\":\"WebSite\",\"@id\":\"https:\\\/\\\/www.interforce.dk\\\/#website\",\"url\":\"https:\\\/\\\/www.interforce.dk\\\/\",\"name\":\"InterForce\",\"description\":\"\",\"potentialAction\":[{\"@type\":\"SearchAction\",\"target\":{\"@type\":\"EntryPoint\",\"urlTemplate\":\"https:\\\/\\\/www.interforce.dk\\\/?s={search_term_string}\"},\"query-input\":{\"@type\":\"PropertyValueSpecification\",\"valueRequired\":true,\"valueName\":\"search_term_string\"}}],\"inLanguage\":\"en-GB\"},{\"@type\":\"Person\",\"@id\":\"https:\\\/\\\/www.interforce.dk\\\/#\\\/schema\\\/person\\\/e0192b63d0a5b8f69ae146e87f7116fb\",\"name\":\"InterForce\",\"image\":{\"@type\":\"ImageObject\",\"inLanguage\":\"en-GB\",\"@id\":\"https:\\\/\\\/secure.gravatar.com\\\/avatar\\\/2ca4b79c0fb3239b8666089682925a48076b8ca78fd38cf279aa4345189a33e3?s=96&d=mm&r=g\",\"url\":\"https:\\\/\\\/secure.gravatar.com\\\/avatar\\\/2ca4b79c0fb3239b8666089682925a48076b8ca78fd38cf279aa4345189a33e3?s=96&d=mm&r=g\",\"contentUrl\":\"https:\\\/\\\/secure.gravatar.com\\\/avatar\\\/2ca4b79c0fb3239b8666089682925a48076b8ca78fd38cf279aa4345189a33e3?s=96&d=mm&r=g\",\"caption\":\"InterForce\"},\"sameAs\":[\"https:\\\/\\\/www.interforce.dk\"],\"url\":\"https:\\\/\\\/www.interforce.dk\\\/en\\\/author\\\/interforce\\\/\"}]}<\/script>\n<!-- \/ Yoast SEO plugin. -->","yoast_head_json":{"title":"Temaet \u201dSense of urgency\u201d samlede Forsvaret og erhvervslivets topledere til St\u00e6rekassem\u00f8der - InterForce","description":"Temaet \u201dSense of urgency\u201d samlede Forsvaret og erhvervslivets topledere til InterForces traditionsrige St\u00e6rekassem\u00f8der","robots":{"index":"index","follow":"follow","max-snippet":"max-snippet:-1","max-image-preview":"max-image-preview:large","max-video-preview":"max-video-preview:-1"},"canonical":"https:\/\/www.interforce.dk\/en\/temaet-sense-of-urgency-samlede-forsvaret-og-erhvervslivets-topledere-til-staerekassemoeder\/","og_locale":"en_GB","og_type":"article","og_title":"Temaet \u201dSense of urgency\u201d samlede Forsvaret og erhvervslivets topledere til St\u00e6rekassem\u00f8der - InterForce","og_description":"Temaet \u201dSense of urgency\u201d samlede Forsvaret og erhvervslivets topledere til InterForces traditionsrige St\u00e6rekassem\u00f8der","og_url":"https:\/\/www.interforce.dk\/en\/temaet-sense-of-urgency-samlede-forsvaret-og-erhvervslivets-topledere-til-staerekassemoeder\/","og_site_name":"InterForce","article_published_time":"2026-09-04T13:09:49+00:00","article_modified_time":"2026-09-04T19:18:30+00:00","og_image":[{"width":2560,"height":1707,"url":"https:\/\/www.interforce.dk\/app\/uploads\/2026\/09\/49-DSC08443-scaled.jpg","type":"image\/jpeg"}],"author":"InterForce","twitter_card":"summary_large_image","twitter_misc":{"Written by":"InterForce","Est. reading time":"8 minutes"},"schema":{"@context":"https:\/\/schema.org","@graph":[{"@type":"Article","@id":"https:\/\/www.interforce.dk\/temaet-sense-of-urgency-samlede-forsvaret-og-erhvervslivets-topledere-til-staerekassemoeder\/#article","isPartOf":{"@id":"https:\/\/www.interforce.dk\/temaet-sense-of-urgency-samlede-forsvaret-og-erhvervslivets-topledere-til-staerekassemoeder\/"},"author":{"name":"InterForce","@id":"https:\/\/www.interforce.dk\/#\/schema\/person\/e0192b63d0a5b8f69ae146e87f7116fb"},"headline":"Temaet \u201dSense of urgency\u201d samlede Forsvaret og erhvervslivets topledere til St\u00e6rekassem\u00f8der","datePublished":"2026-09-04T13:09:49+00:00","dateModified":"2026-09-04T19:18:30+00:00","mainEntityOfPage":{"@id":"https:\/\/www.interforce.dk\/temaet-sense-of-urgency-samlede-forsvaret-og-erhvervslivets-topledere-til-staerekassemoeder\/"},"wordCount":1340,"image":{"@id":"https:\/\/www.interforce.dk\/temaet-sense-of-urgency-samlede-forsvaret-og-erhvervslivets-topledere-til-staerekassemoeder\/#primaryimage"},"thumbnailUrl":"https:\/\/www.interforce.dk\/app\/uploads\/2026\/09\/49-DSC08443-scaled.jpg","keywords":["Tag:Hovedstaden"],"articleSection":["Arrangementsomtale"],"inLanguage":"en-GB"},{"@type":"WebPage","@id":"https:\/\/www.interforce.dk\/temaet-sense-of-urgency-samlede-forsvaret-og-erhvervslivets-topledere-til-staerekassemoeder\/","url":"https:\/\/www.interforce.dk\/temaet-sense-of-urgency-samlede-forsvaret-og-erhvervslivets-topledere-til-staerekassemoeder\/","name":"Temaet \u201dSense of urgency\u201d samlede Forsvaret og erhvervslivets topledere til St\u00e6rekassem\u00f8der - InterForce","isPartOf":{"@id":"https:\/\/www.interforce.dk\/#website"},"primaryImageOfPage":{"@id":"https:\/\/www.interforce.dk\/temaet-sense-of-urgency-samlede-forsvaret-og-erhvervslivets-topledere-til-staerekassemoeder\/#primaryimage"},"image":{"@id":"https:\/\/www.interforce.dk\/temaet-sense-of-urgency-samlede-forsvaret-og-erhvervslivets-topledere-til-staerekassemoeder\/#primaryimage"},"thumbnailUrl":"https:\/\/www.interforce.dk\/app\/uploads\/2026\/09\/49-DSC08443-scaled.jpg","datePublished":"2026-09-04T13:09:49+00:00","dateModified":"2026-09-04T19:18:30+00:00","author":{"@id":"https:\/\/www.interforce.dk\/#\/schema\/person\/e0192b63d0a5b8f69ae146e87f7116fb"},"description":"Temaet \u201dSense of urgency\u201d samlede Forsvaret og erhvervslivets topledere til InterForces traditionsrige St\u00e6rekassem\u00f8der","breadcrumb":{"@id":"https:\/\/www.interforce.dk\/temaet-sense-of-urgency-samlede-forsvaret-og-erhvervslivets-topledere-til-staerekassemoeder\/#breadcrumb"},"inLanguage":"en-GB","potentialAction":[{"@type":"ReadAction","target":["https:\/\/www.interforce.dk\/temaet-sense-of-urgency-samlede-forsvaret-og-erhvervslivets-topledere-til-staerekassemoeder\/"]}]},{"@type":"ImageObject","inLanguage":"en-GB","@id":"https:\/\/www.interforce.dk\/temaet-sense-of-urgency-samlede-forsvaret-og-erhvervslivets-topledere-til-staerekassemoeder\/#primaryimage","url":"https:\/\/www.interforce.dk\/app\/uploads\/2026\/09\/49-DSC08443-scaled.jpg","contentUrl":"https:\/\/www.interforce.dk\/app\/uploads\/2026\/09\/49-DSC08443-scaled.jpg","width":2560,"height":1707,"caption":"St\u00e6rekassem\u00f8der"},{"@type":"BreadcrumbList","@id":"https:\/\/www.interforce.dk\/temaet-sense-of-urgency-samlede-forsvaret-og-erhvervslivets-topledere-til-staerekassemoeder\/#breadcrumb","itemListElement":[{"@type":"ListItem","position":1,"name":"Hjem","item":"https:\/\/www.interforce.dk\/"},{"@type":"ListItem","position":2,"name":"Temaet \u201dSense of urgency\u201d samlede Forsvaret og erhvervslivets topledere til St\u00e6rekassem\u00f8der"}]},{"@type":"WebSite","@id":"https:\/\/www.interforce.dk\/#website","url":"https:\/\/www.interforce.dk\/","name":"InterForce","description":"","potentialAction":[{"@type":"SearchAction","target":{"@type":"EntryPoint","urlTemplate":"https:\/\/www.interforce.dk\/?s={search_term_string}"},"query-input":{"@type":"PropertyValueSpecification","valueRequired":true,"valueName":"search_term_string"}}],"inLanguage":"en-GB"},{"@type":"Person","@id":"https:\/\/www.interforce.dk\/#\/schema\/person\/e0192b63d0a5b8f69ae146e87f7116fb","name":"InterForce","image":{"@type":"ImageObject","inLanguage":"en-GB","@id":"https:\/\/secure.gravatar.com\/avatar\/2ca4b79c0fb3239b8666089682925a48076b8ca78fd38cf279aa4345189a33e3?s=96&d=mm&r=g","url":"https:\/\/secure.gravatar.com\/avatar\/2ca4b79c0fb3239b8666089682925a48076b8ca78fd38cf279aa4345189a33e3?s=96&d=mm&r=g","contentUrl":"https:\/\/secure.gravatar.com\/avatar\/2ca4b79c0fb3239b8666089682925a48076b8ca78fd38cf279aa4345189a33e3?s=96&d=mm&r=g","caption":"InterForce"},"sameAs":["https:\/\/www.interforce.dk"],"url":"https:\/\/www.interforce.dk\/en\/author\/interforce\/"}]}},"_links":{"self":[{"href":"https:\/\/www.interforce.dk\/en\/wp-json\/wp\/v2\/posts\/19870","targetHints":{"allow":["GET"]}}],"collection":[{"href":"https:\/\/www.interforce.dk\/en\/wp-json\/wp\/v2\/posts"}],"about":[{"href":"https:\/\/www.interforce.dk\/en\/wp-json\/wp\/v2\/types\/post"}],"author":[{"embeddable":true,"href":"https:\/\/www.interforce.dk\/en\/wp-json\/wp\/v2\/users\/2"}],"replies":[{"embeddable":true,"href":"https:\/\/www.interforce.dk\/en\/wp-json\/wp\/v2\/comments?post=19870"}],"version-history":[{"count":2,"href":"https:\/\/www.interforce.dk\/en\/wp-json\/wp\/v2\/posts\/19870\/revisions"}],"predecessor-version":[{"id":19883,"href":"https:\/\/www.interforce.dk\/en\/wp-json\/wp\/v2\/posts\/19870\/revisions\/19883"}],"wp:featuredmedia":[{"embeddable":true,"href":"https:\/\/www.interforce.dk\/en\/wp-json\/wp\/v2\/media\/19871"}],"wp:attachment":[{"href":"https:\/\/www.interforce.dk\/en\/wp-json\/wp\/v2\/media?parent=19870"}],"wp:term":[{"taxonomy":"category","embeddable":true,"href":"https:\/\/www.interforce.dk\/en\/wp-json\/wp\/v2\/categories?post=19870"},{"taxonomy":"post_tag","embeddable":true,"href":"https:\/\/www.interforce.dk\/en\/wp-json\/wp\/v2\/tags?post=19870"}],"curies":[{"name":"wp","href":"https:\/\/api.w.org\/{rel}","templated":true}]}}