{"id":19861,"date":"2026-09-01T08:29:57","date_gmt":"2026-09-01T08:29:57","guid":{"rendered":"https:\/\/www.interforce.dk\/?p=19861"},"modified":"2026-09-01T08:31:52","modified_gmt":"2026-09-01T08:31:52","slug":"hirtshals-havn-er-ny-interforce-stoettevirksomhed","status":"publish","type":"post","link":"https:\/\/www.interforce.dk\/en\/hirtshals-havn-er-ny-interforce-stoettevirksomhed\/","title":{"rendered":"Hirtshals Havn er ny InterForce-st\u00f8ttevirksomhed"},"content":{"rendered":"<div class=\"block core-block core-block--image align-center\">\n      <div class=\"inner inner--small\">\n      \n<figure class=\"wp-block-image aligncenter size-full is-resized\"><img loading=\"lazy\" decoding=\"async\" width=\"640\" height=\"450\" src=\"https:\/\/www.interforce.dk\/app\/uploads\/2026\/09\/IMG_0479.jpeg\" alt=\"\" class=\"wp-image-19862\" style=\"width:761px;height:auto\" srcset=\"https:\/\/www.interforce.dk\/app\/uploads\/2026\/09\/IMG_0479.jpeg 640w, https:\/\/www.interforce.dk\/app\/uploads\/2026\/09\/IMG_0479-300x211.jpeg 300w, https:\/\/www.interforce.dk\/app\/uploads\/2026\/09\/IMG_0479-18x12.jpeg 18w\" sizes=\"auto, (max-width: 640px) 100vw, 640px\" \/><\/figure>\n\n      <\/div>\n  <\/div>\n<div class=\"block core-block core-block--paragraph\">\n      <div class=\"inner inner--small\">\n      \n<p>Den 27. august 2026 fik Per Anholm N\u00f8rgaard, CEO hos Hirtshals Havn, overrakt virksomhedens nye st\u00f8ttemedlemsskjold. Ved overr\u00e6kkelsen deltog ogs\u00e5 Ditte Gerstr\u00f8m S\u00f8rensen, Head of Marketing &amp; Public Relations.<\/p>\n\n      <\/div>\n  <\/div>\n<div class=\"block core-block core-block--paragraph\">\n      <div class=\"inner inner--small\">\n      \n<p>Skjoldet er en officiel anerkendelse af, at Hirtshals Havn yder en ekstra indsats for Kongerigets sikkerhed gennem sit engagement og sin st\u00f8tte til Forsvaret og Beredskabet. InterForce takker varmt for opbakningen. Som en af Nordjyllands st\u00f8rste havne spiller Hirtshals Havn i forvejen en afg\u00f8rende rolle for Kongeriget \u2013 ikke mindst med sine vitale forbindelser til Norge og F\u00e6r\u00f8erne i den nordatlantiske del af rigsf\u00e6llesskabet.<\/p>\n\n      <\/div>\n  <\/div>\n<div class=\"block core-block core-block--paragraph\">\n      <div class=\"inner inner--small\">\n      \n<p>Dagen b\u00f8d desuden p\u00e5 endnu en god nyhed, da havnen netop har f\u00e5et godkendt sin kommende havneudvidelse. InterForce Nordjylland \u00f8nsker stort tillykke med godkendelsen og den fremtidige v\u00e6kst.<\/p>\n\n      <\/div>\n  <\/div>\n<div class=\"block core-block core-block--paragraph\">\n      <div class=\"inner inner--small\">\n      \n<p><\/p>\n\n      <\/div>\n  <\/div>","protected":false},"excerpt":{"rendered":"Den 27. august 2026 fik Per Anholm N\u00f8rgaard, CEO hos Hirtshals Havn, overrakt v...","protected":false},"author":111,"featured_media":19868,"comment_status":"closed","ping_status":"closed","sticky":false,"template":"","format":"standard","meta":{"_acf_changed":false,"footnotes":""},"categories":[12],"tags":[51],"class_list":["post-19861","post","type-post","status-publish","format-standard","has-post-thumbnail","hentry","category-nyt-om-if","tag-tag-nordjylland"],"acf":[],"yoast_head":"<!-- This site is optimized with the Yoast SEO plugin v27.4 - https:\/\/yoast.com\/product\/yoast-seo-wordpress\/ -->\n<title>Hirtshals Havn er ny InterForce-st\u00f8ttevirksomhed - InterForce<\/title>\n<meta name=\"description\" content=\"Den 27. august 2026 fik Per Anholm N\u00f8rgaard, CEO hos Hirtshals Havn, overrakt virksomhedens nye st\u00f8ttemedlemsskjold.\" \/>\n<meta name=\"robots\" content=\"index, follow, max-snippet:-1, max-image-preview:large, max-video-preview:-1\" \/>\n<link rel=\"canonical\" href=\"https:\/\/www.interforce.dk\/en\/hirtshals-havn-er-ny-interforce-stoettevirksomhed\/\" \/>\n<meta property=\"og:locale\" content=\"en_GB\" \/>\n<meta property=\"og:type\" content=\"article\" \/>\n<meta property=\"og:title\" content=\"Hirtshals Havn er ny InterForce-st\u00f8ttevirksomhed - InterForce\" \/>\n<meta property=\"og:description\" content=\"Den 27. august 2026 fik Per Anholm N\u00f8rgaard, CEO hos Hirtshals Havn, overrakt virksomhedens nye st\u00f8ttemedlemsskjold.\" \/>\n<meta property=\"og:url\" content=\"https:\/\/www.interforce.dk\/en\/hirtshals-havn-er-ny-interforce-stoettevirksomhed\/\" \/>\n<meta property=\"og:site_name\" content=\"InterForce\" \/>\n<meta property=\"article:published_time\" content=\"2026-09-01T08:29:57+00:00\" \/>\n<meta property=\"article:modified_time\" content=\"2026-09-01T08:31:52+00:00\" \/>\n<meta property=\"og:image\" content=\"https:\/\/www.interforce.dk\/app\/uploads\/2026\/09\/IMG_0479-3.jpeg\" \/>\n\t<meta property=\"og:image:width\" content=\"528\" \/>\n\t<meta property=\"og:image:height\" content=\"430\" \/>\n\t<meta property=\"og:image:type\" content=\"image\/jpeg\" \/>\n<meta name=\"author\" content=\"Simon Staffeldt Schou\" \/>\n<meta name=\"twitter:card\" content=\"summary_large_image\" \/>\n<meta name=\"twitter:label1\" content=\"Written by\" \/>\n\t<meta name=\"twitter:data1\" content=\"Simon Staffeldt Schou\" \/>\n\t<meta name=\"twitter:label2\" content=\"Est. reading time\" \/>\n\t<meta name=\"twitter:data2\" content=\"1 minute\" \/>\n<script type=\"application\/ld+json\" class=\"yoast-schema-graph\">{\"@context\":\"https:\\\/\\\/schema.org\",\"@graph\":[{\"@type\":\"Article\",\"@id\":\"https:\\\/\\\/www.interforce.dk\\\/hirtshals-havn-er-ny-interforce-stoettevirksomhed\\\/#article\",\"isPartOf\":{\"@id\":\"https:\\\/\\\/www.interforce.dk\\\/hirtshals-havn-er-ny-interforce-stoettevirksomhed\\\/\"},\"author\":{\"name\":\"Simon Staffeldt Schou\",\"@id\":\"https:\\\/\\\/www.interforce.dk\\\/#\\\/schema\\\/person\\\/3604a2bb29e48048ea484fbfb3703fad\"},\"headline\":\"Hirtshals Havn er ny InterForce-st\u00f8ttevirksomhed\",\"datePublished\":\"2026-09-01T08:29:57+00:00\",\"dateModified\":\"2026-09-01T08:31:52+00:00\",\"mainEntityOfPage\":{\"@id\":\"https:\\\/\\\/www.interforce.dk\\\/hirtshals-havn-er-ny-interforce-stoettevirksomhed\\\/\"},\"wordCount\":138,\"image\":{\"@id\":\"https:\\\/\\\/www.interforce.dk\\\/hirtshals-havn-er-ny-interforce-stoettevirksomhed\\\/#primaryimage\"},\"thumbnailUrl\":\"https:\\\/\\\/www.interforce.dk\\\/app\\\/uploads\\\/2026\\\/09\\\/IMG_0479-3.jpeg\",\"keywords\":[\"Tag:Nordjylland\"],\"articleSection\":[\"Nyheder om InterForce\"],\"inLanguage\":\"en-GB\"},{\"@type\":\"WebPage\",\"@id\":\"https:\\\/\\\/www.interforce.dk\\\/hirtshals-havn-er-ny-interforce-stoettevirksomhed\\\/\",\"url\":\"https:\\\/\\\/www.interforce.dk\\\/hirtshals-havn-er-ny-interforce-stoettevirksomhed\\\/\",\"name\":\"Hirtshals Havn er ny InterForce-st\u00f8ttevirksomhed - InterForce\",\"isPartOf\":{\"@id\":\"https:\\\/\\\/www.interforce.dk\\\/#website\"},\"primaryImageOfPage\":{\"@id\":\"https:\\\/\\\/www.interforce.dk\\\/hirtshals-havn-er-ny-interforce-stoettevirksomhed\\\/#primaryimage\"},\"image\":{\"@id\":\"https:\\\/\\\/www.interforce.dk\\\/hirtshals-havn-er-ny-interforce-stoettevirksomhed\\\/#primaryimage\"},\"thumbnailUrl\":\"https:\\\/\\\/www.interforce.dk\\\/app\\\/uploads\\\/2026\\\/09\\\/IMG_0479-3.jpeg\",\"datePublished\":\"2026-09-01T08:29:57+00:00\",\"dateModified\":\"2026-09-01T08:31:52+00:00\",\"author\":{\"@id\":\"https:\\\/\\\/www.interforce.dk\\\/#\\\/schema\\\/person\\\/3604a2bb29e48048ea484fbfb3703fad\"},\"description\":\"Den 27. august 2026 fik Per Anholm N\u00f8rgaard, CEO hos Hirtshals Havn, overrakt virksomhedens nye st\u00f8ttemedlemsskjold.\",\"breadcrumb\":{\"@id\":\"https:\\\/\\\/www.interforce.dk\\\/hirtshals-havn-er-ny-interforce-stoettevirksomhed\\\/#breadcrumb\"},\"inLanguage\":\"en-GB\",\"potentialAction\":[{\"@type\":\"ReadAction\",\"target\":[\"https:\\\/\\\/www.interforce.dk\\\/hirtshals-havn-er-ny-interforce-stoettevirksomhed\\\/\"]}]},{\"@type\":\"ImageObject\",\"inLanguage\":\"en-GB\",\"@id\":\"https:\\\/\\\/www.interforce.dk\\\/hirtshals-havn-er-ny-interforce-stoettevirksomhed\\\/#primaryimage\",\"url\":\"https:\\\/\\\/www.interforce.dk\\\/app\\\/uploads\\\/2026\\\/09\\\/IMG_0479-3.jpeg\",\"contentUrl\":\"https:\\\/\\\/www.interforce.dk\\\/app\\\/uploads\\\/2026\\\/09\\\/IMG_0479-3.jpeg\",\"width\":528,\"height\":430},{\"@type\":\"BreadcrumbList\",\"@id\":\"https:\\\/\\\/www.interforce.dk\\\/hirtshals-havn-er-ny-interforce-stoettevirksomhed\\\/#breadcrumb\",\"itemListElement\":[{\"@type\":\"ListItem\",\"position\":1,\"name\":\"Hjem\",\"item\":\"https:\\\/\\\/www.interforce.dk\\\/\"},{\"@type\":\"ListItem\",\"position\":2,\"name\":\"Hirtshals Havn er ny InterForce-st\u00f8ttevirksomhed\"}]},{\"@type\":\"WebSite\",\"@id\":\"https:\\\/\\\/www.interforce.dk\\\/#website\",\"url\":\"https:\\\/\\\/www.interforce.dk\\\/\",\"name\":\"InterForce\",\"description\":\"\",\"potentialAction\":[{\"@type\":\"SearchAction\",\"target\":{\"@type\":\"EntryPoint\",\"urlTemplate\":\"https:\\\/\\\/www.interforce.dk\\\/?s={search_term_string}\"},\"query-input\":{\"@type\":\"PropertyValueSpecification\",\"valueRequired\":true,\"valueName\":\"search_term_string\"}}],\"inLanguage\":\"en-GB\"},{\"@type\":\"Person\",\"@id\":\"https:\\\/\\\/www.interforce.dk\\\/#\\\/schema\\\/person\\\/3604a2bb29e48048ea484fbfb3703fad\",\"name\":\"Simon Staffeldt Schou\",\"image\":{\"@type\":\"ImageObject\",\"inLanguage\":\"en-GB\",\"@id\":\"https:\\\/\\\/secure.gravatar.com\\\/avatar\\\/1ff3b89414668243258c5ed26b84872c273dcdf7fe7ee0c553a52e1b4c2002fd?s=96&d=mm&r=g\",\"url\":\"https:\\\/\\\/secure.gravatar.com\\\/avatar\\\/1ff3b89414668243258c5ed26b84872c273dcdf7fe7ee0c553a52e1b4c2002fd?s=96&d=mm&r=g\",\"contentUrl\":\"https:\\\/\\\/secure.gravatar.com\\\/avatar\\\/1ff3b89414668243258c5ed26b84872c273dcdf7fe7ee0c553a52e1b4c2002fd?s=96&d=mm&r=g\",\"caption\":\"Simon Staffeldt Schou\"},\"url\":\"https:\\\/\\\/www.interforce.dk\\\/en\\\/author\\\/simon\\\/\"}]}<\/script>\n<!-- \/ Yoast SEO plugin. -->","yoast_head_json":{"title":"Hirtshals Havn er ny InterForce-st\u00f8ttevirksomhed - InterForce","description":"Den 27. august 2026 fik Per Anholm N\u00f8rgaard, CEO hos Hirtshals Havn, overrakt virksomhedens nye st\u00f8ttemedlemsskjold.","robots":{"index":"index","follow":"follow","max-snippet":"max-snippet:-1","max-image-preview":"max-image-preview:large","max-video-preview":"max-video-preview:-1"},"canonical":"https:\/\/www.interforce.dk\/en\/hirtshals-havn-er-ny-interforce-stoettevirksomhed\/","og_locale":"en_GB","og_type":"article","og_title":"Hirtshals Havn er ny InterForce-st\u00f8ttevirksomhed - InterForce","og_description":"Den 27. august 2026 fik Per Anholm N\u00f8rgaard, CEO hos Hirtshals Havn, overrakt virksomhedens nye st\u00f8ttemedlemsskjold.","og_url":"https:\/\/www.interforce.dk\/en\/hirtshals-havn-er-ny-interforce-stoettevirksomhed\/","og_site_name":"InterForce","article_published_time":"2026-09-01T08:29:57+00:00","article_modified_time":"2026-09-01T08:31:52+00:00","og_image":[{"width":528,"height":430,"url":"https:\/\/www.interforce.dk\/app\/uploads\/2026\/09\/IMG_0479-3.jpeg","type":"image\/jpeg"}],"author":"Simon Staffeldt Schou","twitter_card":"summary_large_image","twitter_misc":{"Written by":"Simon Staffeldt Schou","Est. reading time":"1 minute"},"schema":{"@context":"https:\/\/schema.org","@graph":[{"@type":"Article","@id":"https:\/\/www.interforce.dk\/hirtshals-havn-er-ny-interforce-stoettevirksomhed\/#article","isPartOf":{"@id":"https:\/\/www.interforce.dk\/hirtshals-havn-er-ny-interforce-stoettevirksomhed\/"},"author":{"name":"Simon Staffeldt Schou","@id":"https:\/\/www.interforce.dk\/#\/schema\/person\/3604a2bb29e48048ea484fbfb3703fad"},"headline":"Hirtshals Havn er ny InterForce-st\u00f8ttevirksomhed","datePublished":"2026-09-01T08:29:57+00:00","dateModified":"2026-09-01T08:31:52+00:00","mainEntityOfPage":{"@id":"https:\/\/www.interforce.dk\/hirtshals-havn-er-ny-interforce-stoettevirksomhed\/"},"wordCount":138,"image":{"@id":"https:\/\/www.interforce.dk\/hirtshals-havn-er-ny-interforce-stoettevirksomhed\/#primaryimage"},"thumbnailUrl":"https:\/\/www.interforce.dk\/app\/uploads\/2026\/09\/IMG_0479-3.jpeg","keywords":["Tag:Nordjylland"],"articleSection":["Nyheder om InterForce"],"inLanguage":"en-GB"},{"@type":"WebPage","@id":"https:\/\/www.interforce.dk\/hirtshals-havn-er-ny-interforce-stoettevirksomhed\/","url":"https:\/\/www.interforce.dk\/hirtshals-havn-er-ny-interforce-stoettevirksomhed\/","name":"Hirtshals Havn er ny InterForce-st\u00f8ttevirksomhed - InterForce","isPartOf":{"@id":"https:\/\/www.interforce.dk\/#website"},"primaryImageOfPage":{"@id":"https:\/\/www.interforce.dk\/hirtshals-havn-er-ny-interforce-stoettevirksomhed\/#primaryimage"},"image":{"@id":"https:\/\/www.interforce.dk\/hirtshals-havn-er-ny-interforce-stoettevirksomhed\/#primaryimage"},"thumbnailUrl":"https:\/\/www.interforce.dk\/app\/uploads\/2026\/09\/IMG_0479-3.jpeg","datePublished":"2026-09-01T08:29:57+00:00","dateModified":"2026-09-01T08:31:52+00:00","author":{"@id":"https:\/\/www.interforce.dk\/#\/schema\/person\/3604a2bb29e48048ea484fbfb3703fad"},"description":"Den 27. august 2026 fik Per Anholm N\u00f8rgaard, CEO hos Hirtshals Havn, overrakt virksomhedens nye st\u00f8ttemedlemsskjold.","breadcrumb":{"@id":"https:\/\/www.interforce.dk\/hirtshals-havn-er-ny-interforce-stoettevirksomhed\/#breadcrumb"},"inLanguage":"en-GB","potentialAction":[{"@type":"ReadAction","target":["https:\/\/www.interforce.dk\/hirtshals-havn-er-ny-interforce-stoettevirksomhed\/"]}]},{"@type":"ImageObject","inLanguage":"en-GB","@id":"https:\/\/www.interforce.dk\/hirtshals-havn-er-ny-interforce-stoettevirksomhed\/#primaryimage","url":"https:\/\/www.interforce.dk\/app\/uploads\/2026\/09\/IMG_0479-3.jpeg","contentUrl":"https:\/\/www.interforce.dk\/app\/uploads\/2026\/09\/IMG_0479-3.jpeg","width":528,"height":430},{"@type":"BreadcrumbList","@id":"https:\/\/www.interforce.dk\/hirtshals-havn-er-ny-interforce-stoettevirksomhed\/#breadcrumb","itemListElement":[{"@type":"ListItem","position":1,"name":"Hjem","item":"https:\/\/www.interforce.dk\/"},{"@type":"ListItem","position":2,"name":"Hirtshals Havn er ny InterForce-st\u00f8ttevirksomhed"}]},{"@type":"WebSite","@id":"https:\/\/www.interforce.dk\/#website","url":"https:\/\/www.interforce.dk\/","name":"InterForce","description":"","potentialAction":[{"@type":"SearchAction","target":{"@type":"EntryPoint","urlTemplate":"https:\/\/www.interforce.dk\/?s={search_term_string}"},"query-input":{"@type":"PropertyValueSpecification","valueRequired":true,"valueName":"search_term_string"}}],"inLanguage":"en-GB"},{"@type":"Person","@id":"https:\/\/www.interforce.dk\/#\/schema\/person\/3604a2bb29e48048ea484fbfb3703fad","name":"Simon Staffeldt Schou","image":{"@type":"ImageObject","inLanguage":"en-GB","@id":"https:\/\/secure.gravatar.com\/avatar\/1ff3b89414668243258c5ed26b84872c273dcdf7fe7ee0c553a52e1b4c2002fd?s=96&d=mm&r=g","url":"https:\/\/secure.gravatar.com\/avatar\/1ff3b89414668243258c5ed26b84872c273dcdf7fe7ee0c553a52e1b4c2002fd?s=96&d=mm&r=g","contentUrl":"https:\/\/secure.gravatar.com\/avatar\/1ff3b89414668243258c5ed26b84872c273dcdf7fe7ee0c553a52e1b4c2002fd?s=96&d=mm&r=g","caption":"Simon Staffeldt Schou"},"url":"https:\/\/www.interforce.dk\/en\/author\/simon\/"}]}},"_links":{"self":[{"href":"https:\/\/www.interforce.dk\/en\/wp-json\/wp\/v2\/posts\/19861","targetHints":{"allow":["GET"]}}],"collection":[{"href":"https:\/\/www.interforce.dk\/en\/wp-json\/wp\/v2\/posts"}],"about":[{"href":"https:\/\/www.interforce.dk\/en\/wp-json\/wp\/v2\/types\/post"}],"author":[{"embeddable":true,"href":"https:\/\/www.interforce.dk\/en\/wp-json\/wp\/v2\/users\/111"}],"replies":[{"embeddable":true,"href":"https:\/\/www.interforce.dk\/en\/wp-json\/wp\/v2\/comments?post=19861"}],"version-history":[{"count":1,"href":"https:\/\/www.interforce.dk\/en\/wp-json\/wp\/v2\/posts\/19861\/revisions"}],"predecessor-version":[{"id":19866,"href":"https:\/\/www.interforce.dk\/en\/wp-json\/wp\/v2\/posts\/19861\/revisions\/19866"}],"wp:featuredmedia":[{"embeddable":true,"href":"https:\/\/www.interforce.dk\/en\/wp-json\/wp\/v2\/media\/19868"}],"wp:attachment":[{"href":"https:\/\/www.interforce.dk\/en\/wp-json\/wp\/v2\/media?parent=19861"}],"wp:term":[{"taxonomy":"category","embeddable":true,"href":"https:\/\/www.interforce.dk\/en\/wp-json\/wp\/v2\/categories?post=19861"},{"taxonomy":"post_tag","embeddable":true,"href":"https:\/\/www.interforce.dk\/en\/wp-json\/wp\/v2\/tags?post=19861"}],"curies":[{"name":"wp","href":"https:\/\/api.w.org\/{rel}","templated":true}]}}