{"id":17044,"date":"2025-01-16T09:35:23","date_gmt":"2025-01-16T09:35:23","guid":{"rendered":"https:\/\/www.interforce.dk\/?p=17044"},"modified":"2025-01-16T09:35:40","modified_gmt":"2025-01-16T09:35:40","slug":"hjemmevaernet-styrker-samarbejdet-med-sverige","status":"publish","type":"post","link":"https:\/\/www.interforce.dk\/en\/hjemmevaernet-styrker-samarbejdet-med-sverige\/","title":{"rendered":"Hjemmev\u00e6rnet styrker samarbejdet med Sverige"},"content":{"rendered":"<div class=\"block core-block core-block--paragraph\">\n      <div class=\"inner inner--small\">\n      \n<p>Efter Sveriges indtr\u00e6den i NATO tidligere p\u00e5 \u00e5ret styrker Hjemmev\u00e6rnet samarbejdet med svenske S\u00f6dra Milit\u00e4rregionen. Der er meget, de to nationer kan l\u00e6re af hinanden, mener milit\u00e6rcheferne.<\/p>\n\n      <\/div>\n  <\/div>\n<div class=\"block core-block core-block--image\">\n      <div class=\"inner inner--small\">\n      \n<figure class=\"wp-block-image size-large\"><img loading=\"lazy\" decoding=\"async\" width=\"1024\" height=\"752\" src=\"https:\/\/www.interforce.dk\/app\/uploads\/2025\/01\/Udklip-1-1024x752.jpg\" alt=\"\" class=\"wp-image-17048\" srcset=\"https:\/\/www.interforce.dk\/app\/uploads\/2025\/01\/Udklip-1-1024x752.jpg 1024w, https:\/\/www.interforce.dk\/app\/uploads\/2025\/01\/Udklip-1-300x220.jpg 300w, https:\/\/www.interforce.dk\/app\/uploads\/2025\/01\/Udklip-1-768x564.jpg 768w, https:\/\/www.interforce.dk\/app\/uploads\/2025\/01\/Udklip-1-16x12.jpg 16w, https:\/\/www.interforce.dk\/app\/uploads\/2025\/01\/Udklip-1.jpg 1026w\" sizes=\"auto, (max-width: 1024px) 100vw, 1024px\" \/><figcaption class=\"wp-element-caption\"><em>I begyndelsen af marts b\u00f8d oberst Peer Sander Rouff (t.v.) velkommen i NATO til sin svenske kollega oberstl\u00f8jtnant Johan Mohlin, der p\u00e5 dav\u00e6rende tidspunkt var fungerende chef for S\u00f6dra Milit\u00e4rregionen. Foto: Lasse B\u00e6khus<\/em>.<\/figcaption><\/figure>\n\n      <\/div>\n  <\/div>\n<div class=\"block core-block core-block--paragraph\">\n      <div class=\"inner inner--small\">\n      \n<p>Med \u00d8resundsbroen og en lysebl\u00e5 himmel i baggrunden stod oberst Peer Sander Rouff fra Hjemmev\u00e6rnets Landsdelsregion \u00d8st skulder ved skulder med den p\u00e5 det tidspunkt fungerende chef for den svenske S\u00f6dra Milit\u00e4rregionen, oberstl\u00f8jtnant Johan Mohlin. Mohlin havde et fast greb om et bl\u00e5t blafrende NATO-flag.<\/p>\n\n      <\/div>\n  <\/div>\n<div class=\"block core-block core-block--paragraph\">\n      <div class=\"inner inner--small\">\n      \n<p>Anledningen var Sveriges officielle indtr\u00e6den som medlem af forsvarsalliancen, der fandt sted i begyndelsen af marts. Peer Sander Rouff b\u00f8d sin svenske kollega velkommen i NATO, for med landets optagelse kan Hjemmev\u00e6rnet se frem til et styrket samarbejde.<\/p>\n\n      <\/div>\n  <\/div>\n<div class=\"block core-block core-block--paragraph\">\n      <div class=\"inner inner--small\">\n      \n<p>\u201dVi har en f\u00e6lles trussel at forholde os til. Derudover er sammenh\u00e6ngskraften i regionen helt afg\u00f8rende i opretholdelsen af et st\u00e6rkt og veluddannet forsvar og hjemmev\u00e6rn,\u201d siger Peer Sander Rouff. If\u00f8lge ham er samarbejdet med Sverige af h\u00f8jeste prioritet.<\/p>\n\n      <\/div>\n  <\/div>\n<div class=\"block core-block core-block--heading\">\n      <div class=\"inner inner--small\">\n      \n<h2 class=\"wp-block-heading\">\u00d8get trusselsbillede<\/h2>\n\n      <\/div>\n  <\/div>\n<div class=\"block core-block core-block--paragraph\">\n      <div class=\"inner inner--small\">\n      \n<p>P\u00e5 \u00f8verste etage i en af Kastellets genkendelige, r\u00f8de bygninger, med udkig over monumentet for Danmarks internationale indsats, ligger Peer Sander Rouffs kontor. Sveriges medlemskab er nu nogle m\u00e5neder gammelt.<\/p>\n\n      <\/div>\n  <\/div>\n<div class=\"block core-block core-block--paragraph\">\n      <div class=\"inner inner--small\">\n      \n<p>Som chef for Landsdelsregion \u00d8st, der h\u00f8rer under Hjemmev\u00e6rnskommandoen, er han \u00f8verste ansvarlige for seks h\u00e6rhjemmev\u00e6rnsdistrikter og Hjemmev\u00e6rnets specialenhed, S\u00e6rlig St\u00f8tte og Rekognosceringskompagniet. Derudover koordinerer Landsdelsregion \u00d8st med civile myndigheder i forhold til det nationale beredskab, uddanner og opstiller hjemmev\u00e6rnsenheder, stabe og soldater samt yder st\u00f8tte til Forsvarets milit\u00e6re opgaver.<\/p>\n\n      <\/div>\n  <\/div>\n<div class=\"block core-block core-block--paragraph\">\n      <div class=\"inner inner--small\">\n      \n<p>P\u00e5 bordet foran ham er diverse rapporter om trussels- og risikovurderinger fra danske myndigheder linet op. Det er alvorlig l\u00e6sning, bem\u00e6rker Peer Sander Rouff.<\/p>\n\n      <\/div>\n  <\/div>\n<div class=\"block core-block core-block--paragraph\">\n      <div class=\"inner inner--small\">\n      \n<p>If\u00f8lge Forsvarets Efterretningstjenestes efterretningsm\u00e6ssige risikovurdering fra 2023 \u2013 med titlen Udsyn \u2013 har forholdet mellem Rusland og de vestlige lande ikke v\u00e6ret pr\u00e6get af samme grad af usikkerhed siden de f\u00f8rste \u00e5r af den kolde krig.<\/p>\n\n      <\/div>\n  <\/div>\n<div class=\"block core-block core-block--image align-right\">\n      <div class=\"inner inner--small\">\n      \n<figure class=\"wp-block-image alignright size-large is-resized\"><img loading=\"lazy\" decoding=\"async\" width=\"785\" height=\"1024\" src=\"https:\/\/www.interforce.dk\/app\/uploads\/2025\/01\/Hjemmevaernet-styrker-samarbejdet-med-Sverige-1-Foto-Jacob-Kongsmar-785x1024.jpg\" alt=\"\" class=\"wp-image-17049\" style=\"width:465px;height:auto\" srcset=\"https:\/\/www.interforce.dk\/app\/uploads\/2025\/01\/Hjemmevaernet-styrker-samarbejdet-med-Sverige-1-Foto-Jacob-Kongsmar-785x1024.jpg 785w, https:\/\/www.interforce.dk\/app\/uploads\/2025\/01\/Hjemmevaernet-styrker-samarbejdet-med-Sverige-1-Foto-Jacob-Kongsmar-230x300.jpg 230w, https:\/\/www.interforce.dk\/app\/uploads\/2025\/01\/Hjemmevaernet-styrker-samarbejdet-med-Sverige-1-Foto-Jacob-Kongsmar-768x1002.jpg 768w, https:\/\/www.interforce.dk\/app\/uploads\/2025\/01\/Hjemmevaernet-styrker-samarbejdet-med-Sverige-1-Foto-Jacob-Kongsmar-1177x1536.jpg 1177w, https:\/\/www.interforce.dk\/app\/uploads\/2025\/01\/Hjemmevaernet-styrker-samarbejdet-med-Sverige-1-Foto-Jacob-Kongsmar-1569x2048.jpg 1569w, https:\/\/www.interforce.dk\/app\/uploads\/2025\/01\/Hjemmevaernet-styrker-samarbejdet-med-Sverige-1-Foto-Jacob-Kongsmar-9x12.jpg 9w, https:\/\/www.interforce.dk\/app\/uploads\/2025\/01\/Hjemmevaernet-styrker-samarbejdet-med-Sverige-1-Foto-Jacob-Kongsmar-scaled.jpg 1961w\" sizes=\"auto, (max-width: 785px) 100vw, 785px\" \/><figcaption class=\"wp-element-caption\"><em>Oberst Peer Sander Rouff er chef for Landsdelsregion \u00d8st i Hjemmev\u00e6rnet og milit\u00e6r koordinator for InterForce Region Hovedstaden. Foto: Jacob Kongsmar<\/em>.<\/figcaption><\/figure>\n\n      <\/div>\n  <\/div>\n<div class=\"block core-block core-block--paragraph\">\n      <div class=\"inner inner--small\">\n      \n<p>Rapporten \u2019Dansk sikkerhed og forsvar frem mod 2035\u2019 beskriver, hvordan \u201det nyt jernt\u00e6ppe s\u00e6nker sig over Europa\u201d efter Ruslands invasion af Ukraine den 24. februar 2022. Analysen er udarbejdet af en regeringens tv\u00e6rministerielle sikkerhedspolitiske analysegruppe under ledelse af ambassad\u00f8r Michael Zilmer-Johns med det form\u00e5l at danne fagligt grundlag for forsvarsforliget 2024-2033. Rapporten er udgivet i september 2022, efter Sverige og Finlands ans\u00f8gning om NATO-medlemskab, men alts\u00e5 inden landenes optagelse.<\/p>\n\n      <\/div>\n  <\/div>\n<div class=\"block core-block core-block--paragraph\">\n      <div class=\"inner inner--small\">\n      \n<p>Trusselsvurderingerne danner samtidig baggrunden for, hvorfor samarbejdet med Sverige er blevet s\u00e5 vigtigt, p\u00e5peger Peer Sander Rouff.<\/p>\n\n      <\/div>\n  <\/div>\n<div class=\"block core-block core-block--paragraph\">\n      <div class=\"inner inner--small\">\n      \n<p>\u201dDet er naivt at g\u00e5 og sige, at vi befinder os i fredstid. Det g\u00f8r vi ikke, vi befinder os i en konkurrencesituation, hvor det handler om at vinde. For os handler det om at have the upper hand. Vi er n\u00f8dt til at vide, hvad der foreg\u00e5r, hvad der truer vores samfund, og hvordan vi kan im\u00f8deg\u00e5 eventuelle trusler,\u201d siger Peer Sander Rouff og forts\u00e6tter:<\/p>\n\n      <\/div>\n  <\/div>\n<div class=\"block core-block core-block--paragraph\">\n      <div class=\"inner inner--small\">\n      \n<p>\u201dDet handler om, at vi i fredstid har f\u00e5et skabt de relevante forbindelser, og at vi kan agere, n\u00e5r der bliver krise eller konflikt.\u201d<\/p>\n\n      <\/div>\n  <\/div>\n<div class=\"block core-block core-block--heading\">\n      <div class=\"inner inner--small\">\n      \n<h2 class=\"wp-block-heading\">Sikrere i alliancen<\/h2>\n\n      <\/div>\n  <\/div>\n<div class=\"block core-block core-block--paragraph\">\n      <div class=\"inner inner--small\">\n      \n<p>Rapporten \u2019Dansk sikkerhed og forsvar frem mod 2035\u2019 sl\u00e5r samtidig fast, at Finland og Sveriges indtr\u00e6den i NATO \u00e6ndrer mulighederne for det milit\u00e6re samarbejde i Norden. For f\u00f8rste gang st\u00e5r de nordiske lande samlet som milit\u00e6re allierede.<\/p>\n\n      <\/div>\n  <\/div>\n<div class=\"block core-block core-block--paragraph\">\n      <div class=\"inner inner--small\">\n      \n<p>\u201dP\u00e5 rigtig mange omr\u00e5der er uvisheden bare steget. Vores s\u00e5rbarhed er steget, og derfor skal vores parathed til at g\u00f8re noget ogs\u00e5 tilsvarende stige,\u201d siger Peer Sander Rouff.<\/p>\n\n      <\/div>\n  <\/div>\n<div class=\"block core-block core-block--paragraph\">\n      <div class=\"inner inner--small\">\n      \n<p>I mere end 60 \u00e5r har de svenske og danske hjemmev\u00e6rns frivillige soldater haft et samarbejde, herunder om uddannelse. Derudover har det danske og svenske forsvar historisk set haft forbindelser. Samarbejdet mellem Landsdelsregion \u00d8st og S\u00f6dra Milit\u00e4rregionen blev imidlertid startet op 2019 i lyset af en stigende trussel og et stigende behov for et operativt samarbejde. Covid-19-pandemien fik dog sat samarbejdet p\u00e5 standby for en to\u00e5rig periode, men er alts\u00e5 blevet genoptaget.<\/p>\n\n      <\/div>\n  <\/div>\n<div class=\"block core-block core-block--paragraph\">\n      <div class=\"inner inner--small\">\n      \n<p>Hidtil har det prim\u00e6rt best\u00e5et af deltagelse i for eksempel skydekonkurrencer og f\u00e6lles uddannelse for frivillige enheder. Men samarbejdet st\u00e5r alts\u00e5 nu til at blive udvidet p\u00e5 det operative niveau, fastsl\u00e5r den nuv\u00e6rende chef for S\u00f6dra Milit\u00e4rregionen, oberst Per Nilsson. Milit\u00e6rregionen er en del af det svenske milit\u00e6r, F\u00f6rsvarsmakten, og st\u00e5r for forbindelsen mellem samfundet og forsvaret.<\/p>\n\n      <\/div>\n  <\/div>\n<div class=\"block core-block core-block--paragraph\">\n      <div class=\"inner inner--small\">\n      \n<p>\u201dEfter vores optagelse i NATO er samarbejdet blevet styrket,\u201d siger han og uddyber:<\/p>\n\n      <\/div>\n  <\/div>\n<div class=\"block core-block core-block--paragraph\">\n      <div class=\"inner inner--small\">\n      \n<p>\u201dJeg opfatter, at vi bliver tryggere og sikrere sammen i alliancen. N\u00e5r vi deler information og deltager i f\u00e6lles aktiviteter, afskr\u00e6kker vi modstanderen i Rusland,\u201d siger Per Nilsson. S\u00f6dra Milit\u00e4rregionen d\u00e6kker Sveriges sydligste provinser \u2013 kaldet l\u00e4n \u2013 Sk\u00e5ne, Blekinge, Kronoberg, J\u00f6nk\u00f6ping, Kalmar og \u00d6sterg\u00f6tland.<\/p>\n\n      <\/div>\n  <\/div>\n<div class=\"block core-block core-block--heading\">\n      <div class=\"inner inner--small\">\n      \n<h2 class=\"wp-block-heading\">A sense of urgency<\/h2>\n\n      <\/div>\n  <\/div>\n<div class=\"block core-block core-block--paragraph\">\n      <div class=\"inner inner--small\">\n      \n<p>I begyndelsen af \u00e5ret afholdt Sverige sin nationale konference for sikkerheds- og forsvarspolitiske akt\u00f8rer i byen S\u00e4len. Her opfordrede blandt andre ministeren for civilt forsvar, Carl-Oskar Bohlin, ansatte i offentlige myndigheder og private virksomheder s\u00e5vel som civile borgere til at h\u00f8jne deres beredskab for krig. Beskeden var klar, gengiver Per Nilsson.<\/p>\n\n      <\/div>\n  <\/div>\n<div class=\"block core-block core-block--paragraph\">\n      <div class=\"inner inner--small\">\n      \n<p>\u201dDet er ikke l\u00e6ngere ut\u00e6nkeligt, at der bliver krig (i Sverige, red.), og at vi m\u00e5 forberede os som nation p\u00e5 en krig med Rusland. Det tilf\u00f8jer a sense of urgency (en f\u00f8lelse af at det haster, red.),\u201d siger Per Nilsson og fors\u00e6tter:<\/p>\n\n      <\/div>\n  <\/div>\n<div class=\"block core-block core-block--paragraph\">\n      <div class=\"inner inner--small\">\n      \n<p>\u201dJeg opfatter, at det er nogenlunde det samme i Sverige og Danmark, p\u00e5 grund af vores geografi og p\u00e5 grund af, at vi ligger t\u00e6t p\u00e5 Rusland og p\u00e5 Ukraine. Det p\u00e5virker os. Det p\u00e5virker Forsvaret i s\u00e6rdeleshed, men ogs\u00e5 den brede befolkning.\u201d<\/p>\n\n      <\/div>\n  <\/div>\n<div class=\"block core-block core-block--heading\">\n      <div class=\"inner inner--small\">\n      \n<h2 class=\"wp-block-heading\">Brud med neutralitet<\/h2>\n\n      <\/div>\n  <\/div>\n<div class=\"block core-block core-block--paragraph\">\n      <div class=\"inner inner--small\">\n      \n<p>Sveriges medlemskab af NATO bryder med en \u00e5relang svensk tradition for neutralitet og alliancefrihed. Neutralitetsprincippet blev indf\u00f8rt i 1809 efter krig med Rusland og fortsatte med at v\u00e6re en vejledende doktrin under Den kolde krig. Netop Sveriges geografiske n\u00e6rhed til Rusland er en af grundene til landets lange tradition med alliancefrihed fra NATO.<\/p>\n\n      <\/div>\n  <\/div>\n<div class=\"block core-block core-block--image align-right\">\n      <div class=\"inner inner--small\">\n      \n<figure class=\"wp-block-image alignright size-large is-resized\"><img loading=\"lazy\" decoding=\"async\" width=\"661\" height=\"1024\" src=\"https:\/\/www.interforce.dk\/app\/uploads\/2025\/01\/Hjemmevaernet-styrker-samarbejdet-med-Sverige-4-661x1024.jpg\" alt=\"\" class=\"wp-image-17053\" style=\"width:421px;height:auto\" srcset=\"https:\/\/www.interforce.dk\/app\/uploads\/2025\/01\/Hjemmevaernet-styrker-samarbejdet-med-Sverige-4-661x1024.jpg 661w, https:\/\/www.interforce.dk\/app\/uploads\/2025\/01\/Hjemmevaernet-styrker-samarbejdet-med-Sverige-4-194x300.jpg 194w, https:\/\/www.interforce.dk\/app\/uploads\/2025\/01\/Hjemmevaernet-styrker-samarbejdet-med-Sverige-4-768x1189.jpg 768w, https:\/\/www.interforce.dk\/app\/uploads\/2025\/01\/Hjemmevaernet-styrker-samarbejdet-med-Sverige-4-992x1536.jpg 992w, https:\/\/www.interforce.dk\/app\/uploads\/2025\/01\/Hjemmevaernet-styrker-samarbejdet-med-Sverige-4-1323x2048.jpg 1323w, https:\/\/www.interforce.dk\/app\/uploads\/2025\/01\/Hjemmevaernet-styrker-samarbejdet-med-Sverige-4-8x12.jpg 8w, https:\/\/www.interforce.dk\/app\/uploads\/2025\/01\/Hjemmevaernet-styrker-samarbejdet-med-Sverige-4-scaled.jpg 1653w\" sizes=\"auto, (max-width: 661px) 100vw, 661px\" \/><figcaption class=\"wp-element-caption\"><em>Oberst Per Nilsson er chef for S\u00f6dra Milit\u00e4rregionen, som d\u00e6kker Sk\u00e5ne, Blekinge, Kronobergs, J\u00f6nk\u00f6pings, Kalmar og \u00d6sterg\u00f6tlands l\u00e4n. Foto: Janne Bohman, F\u00f6rsvarsmakten<\/em>.<\/figcaption><\/figure>\n\n      <\/div>\n  <\/div>\n<div class=\"block core-block core-block--paragraph\">\n      <div class=\"inner inner--small\">\n      \n<p>De seneste mere end 30 \u00e5r har Sverige dog alligevel n\u00e6rmet sig alliancen p\u00e5 forskellige m\u00e5der, lige som landet har deltaget i FN-missioner rundtomkring i verdens br\u00e6ndpunkter. Dermed markerer NATO-medlemskabet kulminationen p\u00e5 en l\u00e6ngerevarende \u00e6ndring i den svenske forsvarspolitik.<\/p>\n\n      <\/div>\n  <\/div>\n<div class=\"block core-block core-block--paragraph\">\n      <div class=\"inner inner--small\">\n      \n<p>\u201dDer er ingen regler, som stopper vores samarbejde nu. Vi har jo ogs\u00e5 haft et godt samarbejde indtil videre, for eksempel inden for rammerne af NORDEFCO (Nordic Defence Cooperation, et nordisk forsvarssamarbejde mellem Danmark, Sverige, Finland, Norge og Island, red.). Men nu bliver det endnu bedre, i og med at vi er NATO-medlem. Sverige \u00f8nsker at v\u00e6re et st\u00e6rkt allianceland i NATO. Vi bidrager med enheder, som har et h\u00f8jt niveau og nogle evner, som er s\u00e6rlige for den svenske stat,\u201d siger Per Nilsson.<\/p>\n\n      <\/div>\n  <\/div>\n<div class=\"block core-block core-block--paragraph\">\n      <div class=\"inner inner--small\">\n      \n<p>NATO-alliancen har med Finlands og Sveriges optagelse nu en nordisk dimension. Det har \u2013 som de to oberster begge p\u00e5peger \u2013 naturligvis betydning for samarbejdet. Det letter koordineringen, interoperabiliteten og delingen af informationer, at landene nu f\u00f8lger NATO-standarder.<\/p>\n\n      <\/div>\n  <\/div>\n<div class=\"block core-block core-block--paragraph\">\n      <div class=\"inner inner--small\">\n      \n<p>Og det f\u00e5r ogs\u00e5 betydning for planl\u00e6gningen af operationer og \u00f8velser.<\/p>\n\n      <\/div>\n  <\/div>\n<div class=\"block core-block core-block--paragraph\">\n      <div class=\"inner inner--small\">\n      \n<p>\u201dSom jeg ser det, bliver vores samarbejde udbygget i forhold til planl\u00e6gning, og at vi deler vores planer i bredere omfang, end vi har gjort tidligere. Der har jo v\u00e6ret en vis form for hemmeligholdelse. Men i en alliance er det muligt at dele langt mere,\u201d forklarer Per Nilsson.<\/p>\n\n      <\/div>\n  <\/div>\n<div class=\"block core-block core-block--paragraph\">\n      <div class=\"inner inner--small\">\n      \n<p>Oberstens danske kollega p\u00e5peger ogs\u00e5, at d\u00e9t, at man nu kan kalde sig NATO-alliancepartnere, har betydning for tilliden og \u00e5benheden nationerne imellem.<\/p>\n\n      <\/div>\n  <\/div>\n<div class=\"block core-block core-block--paragraph\">\n      <div class=\"inner inner--small\">\n      \n<p>\u201dDer er blevet en anden \u00e5benhed, end der var f\u00f8r krigen i Ukraine og f\u00f8r svensk medlemskab af NATO. Selv om partnerskabsaftalen var god for mange ting, s\u00e5 var Sverige jo aldrig fuldst\u00e6ndigt medlem. Det er de f\u00f8rst nu,\u201d siger Peer Sander Rouff.<\/p>\n\n      <\/div>\n  <\/div>\n<div class=\"block core-block core-block--paragraph\">\n      <div class=\"inner inner--small\">\n      \n<p>Han forudser, at samarbejdet kommer til at udvikle sig p\u00e5 en lang r\u00e6kke punkter.<\/p>\n\n      <\/div>\n  <\/div>\n<div class=\"block core-block core-block--paragraph\">\n      <div class=\"inner inner--small\">\n      \n<p>\u201dAdgangen til informationer og f\u00e6lles efterretninger kommer til at udvikle sig. Sverige og Finland indg\u00e5r jo i NATO&#8217;s overordnede planl\u00e6gning, herunder operationsplanl\u00e6gning. Derfor er der bare langt st\u00f8rre mulighed for nu at udveksle informationer om efterretningsm\u00e6ssige og operative forhold. Det g\u00f8r, at vi kan have en langt bedre samordning af forsvaret af vores nationer, i hvert fald p\u00e5 det overordnede omr\u00e5de. Samtalen kan blive meget mere fortrolig, end den har kunnet f\u00f8r,\u201d siger Peer Sander Rouff.<\/p>\n\n      <\/div>\n  <\/div>\n<div class=\"block core-block core-block--heading\">\n      <div class=\"inner inner--small\">\n      \n<h2 class=\"wp-block-heading\">Geografisk dimension<\/h2>\n\n      <\/div>\n  <\/div>\n<div class=\"block core-block core-block--paragraph\">\n      <div class=\"inner inner--small\">\n      \n<p>Med Sveriges optagelse f\u00f8lger ogs\u00e5 en geografisk dimension. Alliancens gr\u00e6nse mod Rusland er nu \u00f8get med mere end 1.300 kilometer. Samtidig er \u00d8sters\u00f8en nu et NATO-indhav. Det har betydning for truslen fra \u00f8st.<\/p>\n\n      <\/div>\n  <\/div>\n<div class=\"block core-block core-block--paragraph\">\n      <div class=\"inner inner--small\">\n      \n<p>\u201dDen russiske aggression i Ukraine og den m\u00e5de, som Rusland opf\u00f8rer sig i \u00d8sters\u00f8en, b\u00e5de til s\u00f8s og i vores luftrum, g\u00f8r, at det bliver vigtigere, at vi som allierede kan pr\u00e6sentere en samlet front mod Rusland. Det synes jeg, at vi g\u00f8r i samarbejdet mellem S\u00f6dra Milit\u00e4rregionen og Landsdelsregion \u00d8st i Danmark. Vi har et godt udgangspunkt, og vi kommer til at \u00f8ge samarbejdet for at vise modstanderen, at det bliver sv\u00e6rt at sl\u00e5 hul p\u00e5 alliancen og de styrker, alliancen har,\u201d siger Per Nilsson.<\/p>\n\n      <\/div>\n  <\/div>\n<div class=\"block core-block core-block--paragraph\">\n      <div class=\"inner inner--small\">\n      \n<p>\u201dDet har jo en afg\u00f8rende betydning for, hvordan vi ser verden, at \u00d8sters\u00f8en er blevet et indre NATO-farvand,\u201d siger Peer Sander Rouff. S\u00e5 er vi tilbage til det, han beskriver som \u201ddet nye jernt\u00e6ppe\u201d med reference til den sikkerhedspolitiske analysegruppes formulering.<\/p>\n\n      <\/div>\n  <\/div>\n<div class=\"block core-block core-block--paragraph\">\n      <div class=\"inner inner--small\">\n      \n<p>\u201dRusland f\u00e5r ikke adgang til Kaliningrad, hvis ikke de kan bruge vores sm\u00e5 farvande. Derfor f\u00e5r Danmark ogs\u00e5 strategisk betydning for den russiske fl\u00e5des bev\u00e6gelser. Det er klart, at der derfor er n\u00f8dt til at v\u00e6re et meget t\u00e6ttere samarbejde mellem NATO-nationerne, herunder ogs\u00e5 Norge og Sverige,\u201d tilf\u00f8jer Peer Sander Rouff.<\/p>\n\n      <\/div>\n  <\/div>\n<div class=\"block core-block core-block--image\">\n      <div class=\"inner inner--small\">\n      \n<figure class=\"wp-block-image size-large is-resized\"><img loading=\"lazy\" decoding=\"async\" width=\"1024\" height=\"683\" src=\"https:\/\/www.interforce.dk\/app\/uploads\/2025\/01\/Hjemmevaernet-styrker-samarbejdet-med-Sverige-8-Foto-Kenneth-Ophus-Hawk-Assistor-IV-1024x683.jpg\" alt=\"\" class=\"wp-image-17051\" style=\"width:840px;height:auto\" srcset=\"https:\/\/www.interforce.dk\/app\/uploads\/2025\/01\/Hjemmevaernet-styrker-samarbejdet-med-Sverige-8-Foto-Kenneth-Ophus-Hawk-Assistor-IV-1024x683.jpg 1024w, https:\/\/www.interforce.dk\/app\/uploads\/2025\/01\/Hjemmevaernet-styrker-samarbejdet-med-Sverige-8-Foto-Kenneth-Ophus-Hawk-Assistor-IV-300x200.jpg 300w, https:\/\/www.interforce.dk\/app\/uploads\/2025\/01\/Hjemmevaernet-styrker-samarbejdet-med-Sverige-8-Foto-Kenneth-Ophus-Hawk-Assistor-IV-768x512.jpg 768w, https:\/\/www.interforce.dk\/app\/uploads\/2025\/01\/Hjemmevaernet-styrker-samarbejdet-med-Sverige-8-Foto-Kenneth-Ophus-Hawk-Assistor-IV-1536x1024.jpg 1536w, https:\/\/www.interforce.dk\/app\/uploads\/2025\/01\/Hjemmevaernet-styrker-samarbejdet-med-Sverige-8-Foto-Kenneth-Ophus-Hawk-Assistor-IV-18x12.jpg 18w, https:\/\/www.interforce.dk\/app\/uploads\/2025\/01\/Hjemmevaernet-styrker-samarbejdet-med-Sverige-8-Foto-Kenneth-Ophus-Hawk-Assistor-IV.jpg 2048w\" sizes=\"auto, (max-width: 1024px) 100vw, 1024px\" \/><figcaption class=\"wp-element-caption\"><em>I april 2024 deltog Hjemmev\u00e6rnet og Forsvaret i Operation Hawk Assistor, som var en opgave i v\u00e6rtsnationsst\u00f8tte i Kalundborg Havn. Under operationen deltog medarbejdere fra S\u00f6dra Milit\u00e4rregionen for at l\u00e6re af danske erfaringer. Foto: Kenneth Ophus<\/em>.<\/figcaption><\/figure>\n\n      <\/div>\n  <\/div>\n<div class=\"block core-block core-block--heading\">\n      <div class=\"inner inner--small\">\n      \n<h2 class=\"wp-block-heading\">Opgave som transitland<\/h2>\n\n      <\/div>\n  <\/div>\n<div class=\"block core-block core-block--paragraph\">\n      <div class=\"inner inner--small\">\n      \n<p>Samtidig har Sveriges geografiske n\u00e6rhed til Rusland ogs\u00e5 betydning for, hvilke opgaver Sverige kan l\u00f8se i alliancen.<\/p>\n\n      <\/div>\n  <\/div>\n<div class=\"block core-block core-block--paragraph\">\n      <div class=\"inner inner--small\">\n      \n<p>\u201dVi bidrager med geografi, da vi kan v\u00e6re en nation, som st\u00e5r for host nation support (v\u00e6rtnationsst\u00f8tte, red.). S\u00e5 kan vi transportere andre nationers enheder gennem Sverige p\u00e5 en sikker og god m\u00e5de, til eksempelvis Baltikum eller Finland,\u201d siger Per Nilsson.<\/p>\n\n      <\/div>\n  <\/div>\n<div class=\"block core-block core-block--paragraph\">\n      <div class=\"inner inner--small\">\n      \n<p>Netop v\u00e6rtsnationsst\u00f8tten er en af de opgaver, som Danmark med sin strategiske placering som indgangen til \u00d8sters\u00f8en har erfaring med at l\u00f8se. V\u00e6rtsnationsst\u00f8tte indeb\u00e6rer at agere base- og opmarchland for alliancepartneres materiel og styrker, s\u00e5 de kan transporteres videre, for eksempel mod \u00d8steuropa, de baltiske lande eller de nordiske lande.<\/p>\n\n      <\/div>\n  <\/div>\n<div class=\"block core-block core-block--paragraph\">\n      <div class=\"inner inner--small\">\n      \n<p>I april-juni foregik en operation i netop v\u00e6rtsnationsst\u00f8tte, da havnen i Kalundborg var logistisk knudepunkt. Et amerikansk fragtskib med mange hundrede k\u00f8ret\u00f8jer, materiel og helikoptere fra U.S. Army skulle transporteres gennem Danmark, s\u00e5 materiellet kunne anvendes i forskellige aktiviteter og \u00f8velser i forbindelse med USA\u2019s milit\u00e6re tilstedev\u00e6relse andre steder i Europa.<\/p>\n\n      <\/div>\n  <\/div>\n<div class=\"block core-block core-block--paragraph\">\n      <div class=\"inner inner--small\">\n      \n<p>Opgaven blev l\u00f8st som et samarbejde mellem Forsvaret, Hjemmev\u00e6rnet, politiet samt en r\u00e6kke civile samarbejdspartnere, herunder kommunale myndigheder og private virksomheder.<\/p>\n\n      <\/div>\n  <\/div>\n<div class=\"block core-block core-block--paragraph\">\n      <div class=\"inner inner--small\">\n      \n<p>Medarbejdere fra S\u00f6dra Milit\u00e4rregionen og L\u00e4nsstyrelsen var ogs\u00e5 inviteret til Kalundborg Havn for at overv\u00e6re opgavel\u00f8sningen. I Sverige vil en s\u00e5dan opgave heller ikke blot v\u00e6re en milit\u00e6rfaglig opgave for totalforsvaret, men vil ogs\u00e5 blive gennemf\u00f8rt med st\u00f8tte fra civile myndigheder.<\/p>\n\n      <\/div>\n  <\/div>\n<div class=\"block core-block core-block--paragraph\">\n      <div class=\"inner inner--small\">\n      \n<p>\u201dI forhold til v\u00e6rtsnationsst\u00f8tte har vi meget at l\u00e6re af Danmark, som igennem lang tid har haft denne opgave. Opgaven i Kalundborg et glimrende eksempel, som vi kan l\u00e6re af, s\u00e5 samarbejdet styrkes,\u201d siger Per Nilsson.<\/p>\n\n      <\/div>\n  <\/div>\n<div class=\"block core-block core-block--paragraph\">\n      <div class=\"inner inner--small\">\n      \n<p>Fra den danske modpart till\u00e6gges Sveriges rolle p\u00e5 samme omr\u00e5de stor betydning.<\/p>\n\n      <\/div>\n  <\/div>\n<div class=\"block core-block core-block--paragraph\">\n      <div class=\"inner inner--small\">\n      \n<p>\u201dDet g\u00f8r en afg\u00f8rende forskel, at man nu fra NATO\u2019s side kan bede Sverige om at l\u00f8se host nation support-opgaver,\u201d fastsl\u00e5r Peer Sander Rouff og forts\u00e6tter:<\/p>\n\n      <\/div>\n  <\/div>\n<div class=\"block core-block core-block--paragraph\">\n      <div class=\"inner inner--small\">\n      \n<p>\u201dP\u00e5 det operative omr\u00e5de, hvor vi kan se, at der er nogle f\u00e6lles opgaver, for eksempel som transitland, er det helt indlysende n\u00f8dvendigt, at vi har et samarbejde med svenskerne.\u201d<\/p>\n\n      <\/div>\n  <\/div>\n<div class=\"block core-block core-block--paragraph\">\n      <div class=\"inner inner--small\">\n      \n<p>L\u00e6s ogs\u00e5: <a href=\"https:\/\/www.interforce.dk\/en\/hvis-krigen-kommer-2\/\">Hvis krigen kommer<\/a><\/p>\n\n      <\/div>\n  <\/div>","protected":false},"excerpt":{"rendered":"Efter Sveriges indtr\u00e6den i NATO tidligere p\u00e5 \u00e5ret styrker Hjemmev\u00e6rnet samar...","protected":false},"author":123,"featured_media":17048,"comment_status":"closed","ping_status":"closed","sticky":false,"template":"","format":"standard","meta":{"_acf_changed":false,"footnotes":""},"categories":[6],"tags":[97],"class_list":["post-17044","post","type-post","status-publish","format-standard","has-post-thumbnail","hentry","category-hjv","tag-interforce"],"acf":[],"yoast_head":"<!-- This site is optimized with the Yoast SEO plugin v27.3 - https:\/\/yoast.com\/product\/yoast-seo-wordpress\/ -->\n<title>Hjemmev\u00e6rnet styrker samarbejdet med Sverige - InterForce<\/title>\n<meta name=\"description\" content=\"Efter Sveriges indtr\u00e6den i NATO tidligere p\u00e5 \u00e5ret styrker Hjemmev\u00e6rnet samarbejdet med svenske S\u00f6dra Milit\u00e4rregionen.\" \/>\n<meta name=\"robots\" content=\"index, follow, max-snippet:-1, max-image-preview:large, max-video-preview:-1\" \/>\n<link rel=\"canonical\" href=\"https:\/\/www.interforce.dk\/en\/hjemmevaernet-styrker-samarbejdet-med-sverige\/\" \/>\n<meta property=\"og:locale\" content=\"en_GB\" \/>\n<meta property=\"og:type\" content=\"article\" \/>\n<meta property=\"og:title\" content=\"Hjemmev\u00e6rnet styrker samarbejdet med Sverige - InterForce\" \/>\n<meta property=\"og:description\" content=\"Efter Sveriges indtr\u00e6den i NATO tidligere p\u00e5 \u00e5ret styrker Hjemmev\u00e6rnet samarbejdet med svenske S\u00f6dra Milit\u00e4rregionen.\" \/>\n<meta property=\"og:url\" content=\"https:\/\/www.interforce.dk\/en\/hjemmevaernet-styrker-samarbejdet-med-sverige\/\" \/>\n<meta property=\"og:site_name\" content=\"InterForce\" \/>\n<meta property=\"article:published_time\" content=\"2025-01-16T09:35:23+00:00\" \/>\n<meta property=\"article:modified_time\" content=\"2025-01-16T09:35:40+00:00\" \/>\n<meta property=\"og:image\" content=\"https:\/\/www.interforce.dk\/app\/uploads\/2025\/01\/Udklip-1.jpg\" \/>\n\t<meta property=\"og:image:width\" content=\"1026\" \/>\n\t<meta property=\"og:image:height\" content=\"753\" \/>\n\t<meta property=\"og:image:type\" content=\"image\/jpeg\" \/>\n<meta name=\"author\" content=\"Emma Kirketerp\" \/>\n<meta name=\"twitter:card\" content=\"summary_large_image\" \/>\n<meta name=\"twitter:label1\" content=\"Written by\" \/>\n\t<meta name=\"twitter:data1\" content=\"Emma Kirketerp\" \/>\n\t<meta name=\"twitter:label2\" content=\"Est. reading time\" \/>\n\t<meta name=\"twitter:data2\" content=\"11 minutes\" \/>\n<script type=\"application\/ld+json\" class=\"yoast-schema-graph\">{\"@context\":\"https:\\\/\\\/schema.org\",\"@graph\":[{\"@type\":\"Article\",\"@id\":\"https:\\\/\\\/www.interforce.dk\\\/hjemmevaernet-styrker-samarbejdet-med-sverige\\\/#article\",\"isPartOf\":{\"@id\":\"https:\\\/\\\/www.interforce.dk\\\/hjemmevaernet-styrker-samarbejdet-med-sverige\\\/\"},\"author\":{\"name\":\"Emma Kirketerp\",\"@id\":\"https:\\\/\\\/www.interforce.dk\\\/#\\\/schema\\\/person\\\/32030c694ea1ede34e7961ad2860546b\"},\"headline\":\"Hjemmev\u00e6rnet styrker samarbejdet med Sverige\",\"datePublished\":\"2025-01-16T09:35:23+00:00\",\"dateModified\":\"2025-01-16T09:35:40+00:00\",\"mainEntityOfPage\":{\"@id\":\"https:\\\/\\\/www.interforce.dk\\\/hjemmevaernet-styrker-samarbejdet-med-sverige\\\/\"},\"wordCount\":2179,\"image\":{\"@id\":\"https:\\\/\\\/www.interforce.dk\\\/hjemmevaernet-styrker-samarbejdet-med-sverige\\\/#primaryimage\"},\"thumbnailUrl\":\"https:\\\/\\\/www.interforce.dk\\\/app\\\/uploads\\\/2025\\\/01\\\/Udklip-1.jpg\",\"keywords\":[\"InterForce\"],\"articleSection\":[\"Hjemmev\u00e6rnet\"],\"inLanguage\":\"en-GB\"},{\"@type\":\"WebPage\",\"@id\":\"https:\\\/\\\/www.interforce.dk\\\/hjemmevaernet-styrker-samarbejdet-med-sverige\\\/\",\"url\":\"https:\\\/\\\/www.interforce.dk\\\/hjemmevaernet-styrker-samarbejdet-med-sverige\\\/\",\"name\":\"Hjemmev\u00e6rnet styrker samarbejdet med Sverige - InterForce\",\"isPartOf\":{\"@id\":\"https:\\\/\\\/www.interforce.dk\\\/#website\"},\"primaryImageOfPage\":{\"@id\":\"https:\\\/\\\/www.interforce.dk\\\/hjemmevaernet-styrker-samarbejdet-med-sverige\\\/#primaryimage\"},\"image\":{\"@id\":\"https:\\\/\\\/www.interforce.dk\\\/hjemmevaernet-styrker-samarbejdet-med-sverige\\\/#primaryimage\"},\"thumbnailUrl\":\"https:\\\/\\\/www.interforce.dk\\\/app\\\/uploads\\\/2025\\\/01\\\/Udklip-1.jpg\",\"datePublished\":\"2025-01-16T09:35:23+00:00\",\"dateModified\":\"2025-01-16T09:35:40+00:00\",\"author\":{\"@id\":\"https:\\\/\\\/www.interforce.dk\\\/#\\\/schema\\\/person\\\/32030c694ea1ede34e7961ad2860546b\"},\"description\":\"Efter Sveriges indtr\u00e6den i NATO tidligere p\u00e5 \u00e5ret styrker Hjemmev\u00e6rnet samarbejdet med svenske S\u00f6dra Milit\u00e4rregionen.\",\"breadcrumb\":{\"@id\":\"https:\\\/\\\/www.interforce.dk\\\/hjemmevaernet-styrker-samarbejdet-med-sverige\\\/#breadcrumb\"},\"inLanguage\":\"en-GB\",\"potentialAction\":[{\"@type\":\"ReadAction\",\"target\":[\"https:\\\/\\\/www.interforce.dk\\\/hjemmevaernet-styrker-samarbejdet-med-sverige\\\/\"]}]},{\"@type\":\"ImageObject\",\"inLanguage\":\"en-GB\",\"@id\":\"https:\\\/\\\/www.interforce.dk\\\/hjemmevaernet-styrker-samarbejdet-med-sverige\\\/#primaryimage\",\"url\":\"https:\\\/\\\/www.interforce.dk\\\/app\\\/uploads\\\/2025\\\/01\\\/Udklip-1.jpg\",\"contentUrl\":\"https:\\\/\\\/www.interforce.dk\\\/app\\\/uploads\\\/2025\\\/01\\\/Udklip-1.jpg\",\"width\":1026,\"height\":753},{\"@type\":\"BreadcrumbList\",\"@id\":\"https:\\\/\\\/www.interforce.dk\\\/hjemmevaernet-styrker-samarbejdet-med-sverige\\\/#breadcrumb\",\"itemListElement\":[{\"@type\":\"ListItem\",\"position\":1,\"name\":\"Hjem\",\"item\":\"https:\\\/\\\/www.interforce.dk\\\/\"},{\"@type\":\"ListItem\",\"position\":2,\"name\":\"Hjemmev\u00e6rnet styrker samarbejdet med Sverige\"}]},{\"@type\":\"WebSite\",\"@id\":\"https:\\\/\\\/www.interforce.dk\\\/#website\",\"url\":\"https:\\\/\\\/www.interforce.dk\\\/\",\"name\":\"InterForce\",\"description\":\"\",\"potentialAction\":[{\"@type\":\"SearchAction\",\"target\":{\"@type\":\"EntryPoint\",\"urlTemplate\":\"https:\\\/\\\/www.interforce.dk\\\/?s={search_term_string}\"},\"query-input\":{\"@type\":\"PropertyValueSpecification\",\"valueRequired\":true,\"valueName\":\"search_term_string\"}}],\"inLanguage\":\"en-GB\"},{\"@type\":\"Person\",\"@id\":\"https:\\\/\\\/www.interforce.dk\\\/#\\\/schema\\\/person\\\/32030c694ea1ede34e7961ad2860546b\",\"name\":\"Emma Kirketerp\",\"image\":{\"@type\":\"ImageObject\",\"inLanguage\":\"en-GB\",\"@id\":\"https:\\\/\\\/secure.gravatar.com\\\/avatar\\\/d31e8b9b750c06282af897482eae9a82eae3436a2edf04fb11e126b68486a144?s=96&d=mm&r=g\",\"url\":\"https:\\\/\\\/secure.gravatar.com\\\/avatar\\\/d31e8b9b750c06282af897482eae9a82eae3436a2edf04fb11e126b68486a144?s=96&d=mm&r=g\",\"contentUrl\":\"https:\\\/\\\/secure.gravatar.com\\\/avatar\\\/d31e8b9b750c06282af897482eae9a82eae3436a2edf04fb11e126b68486a144?s=96&d=mm&r=g\",\"caption\":\"Emma Kirketerp\"},\"url\":\"https:\\\/\\\/www.interforce.dk\\\/en\\\/author\\\/aarsmagasinforfatter\\\/\"}]}<\/script>\n<!-- \/ Yoast SEO plugin. -->","yoast_head_json":{"title":"Hjemmev\u00e6rnet styrker samarbejdet med Sverige - InterForce","description":"Efter Sveriges indtr\u00e6den i NATO tidligere p\u00e5 \u00e5ret styrker Hjemmev\u00e6rnet samarbejdet med svenske S\u00f6dra Milit\u00e4rregionen.","robots":{"index":"index","follow":"follow","max-snippet":"max-snippet:-1","max-image-preview":"max-image-preview:large","max-video-preview":"max-video-preview:-1"},"canonical":"https:\/\/www.interforce.dk\/en\/hjemmevaernet-styrker-samarbejdet-med-sverige\/","og_locale":"en_GB","og_type":"article","og_title":"Hjemmev\u00e6rnet styrker samarbejdet med Sverige - InterForce","og_description":"Efter Sveriges indtr\u00e6den i NATO tidligere p\u00e5 \u00e5ret styrker Hjemmev\u00e6rnet samarbejdet med svenske S\u00f6dra Milit\u00e4rregionen.","og_url":"https:\/\/www.interforce.dk\/en\/hjemmevaernet-styrker-samarbejdet-med-sverige\/","og_site_name":"InterForce","article_published_time":"2025-01-16T09:35:23+00:00","article_modified_time":"2025-01-16T09:35:40+00:00","og_image":[{"width":1026,"height":753,"url":"https:\/\/www.interforce.dk\/app\/uploads\/2025\/01\/Udklip-1.jpg","type":"image\/jpeg"}],"author":"Emma Kirketerp","twitter_card":"summary_large_image","twitter_misc":{"Written by":"Emma Kirketerp","Est. reading time":"11 minutes"},"schema":{"@context":"https:\/\/schema.org","@graph":[{"@type":"Article","@id":"https:\/\/www.interforce.dk\/hjemmevaernet-styrker-samarbejdet-med-sverige\/#article","isPartOf":{"@id":"https:\/\/www.interforce.dk\/hjemmevaernet-styrker-samarbejdet-med-sverige\/"},"author":{"name":"Emma Kirketerp","@id":"https:\/\/www.interforce.dk\/#\/schema\/person\/32030c694ea1ede34e7961ad2860546b"},"headline":"Hjemmev\u00e6rnet styrker samarbejdet med Sverige","datePublished":"2025-01-16T09:35:23+00:00","dateModified":"2025-01-16T09:35:40+00:00","mainEntityOfPage":{"@id":"https:\/\/www.interforce.dk\/hjemmevaernet-styrker-samarbejdet-med-sverige\/"},"wordCount":2179,"image":{"@id":"https:\/\/www.interforce.dk\/hjemmevaernet-styrker-samarbejdet-med-sverige\/#primaryimage"},"thumbnailUrl":"https:\/\/www.interforce.dk\/app\/uploads\/2025\/01\/Udklip-1.jpg","keywords":["InterForce"],"articleSection":["Hjemmev\u00e6rnet"],"inLanguage":"en-GB"},{"@type":"WebPage","@id":"https:\/\/www.interforce.dk\/hjemmevaernet-styrker-samarbejdet-med-sverige\/","url":"https:\/\/www.interforce.dk\/hjemmevaernet-styrker-samarbejdet-med-sverige\/","name":"Hjemmev\u00e6rnet styrker samarbejdet med Sverige - InterForce","isPartOf":{"@id":"https:\/\/www.interforce.dk\/#website"},"primaryImageOfPage":{"@id":"https:\/\/www.interforce.dk\/hjemmevaernet-styrker-samarbejdet-med-sverige\/#primaryimage"},"image":{"@id":"https:\/\/www.interforce.dk\/hjemmevaernet-styrker-samarbejdet-med-sverige\/#primaryimage"},"thumbnailUrl":"https:\/\/www.interforce.dk\/app\/uploads\/2025\/01\/Udklip-1.jpg","datePublished":"2025-01-16T09:35:23+00:00","dateModified":"2025-01-16T09:35:40+00:00","author":{"@id":"https:\/\/www.interforce.dk\/#\/schema\/person\/32030c694ea1ede34e7961ad2860546b"},"description":"Efter Sveriges indtr\u00e6den i NATO tidligere p\u00e5 \u00e5ret styrker Hjemmev\u00e6rnet samarbejdet med svenske S\u00f6dra Milit\u00e4rregionen.","breadcrumb":{"@id":"https:\/\/www.interforce.dk\/hjemmevaernet-styrker-samarbejdet-med-sverige\/#breadcrumb"},"inLanguage":"en-GB","potentialAction":[{"@type":"ReadAction","target":["https:\/\/www.interforce.dk\/hjemmevaernet-styrker-samarbejdet-med-sverige\/"]}]},{"@type":"ImageObject","inLanguage":"en-GB","@id":"https:\/\/www.interforce.dk\/hjemmevaernet-styrker-samarbejdet-med-sverige\/#primaryimage","url":"https:\/\/www.interforce.dk\/app\/uploads\/2025\/01\/Udklip-1.jpg","contentUrl":"https:\/\/www.interforce.dk\/app\/uploads\/2025\/01\/Udklip-1.jpg","width":1026,"height":753},{"@type":"BreadcrumbList","@id":"https:\/\/www.interforce.dk\/hjemmevaernet-styrker-samarbejdet-med-sverige\/#breadcrumb","itemListElement":[{"@type":"ListItem","position":1,"name":"Hjem","item":"https:\/\/www.interforce.dk\/"},{"@type":"ListItem","position":2,"name":"Hjemmev\u00e6rnet styrker samarbejdet med Sverige"}]},{"@type":"WebSite","@id":"https:\/\/www.interforce.dk\/#website","url":"https:\/\/www.interforce.dk\/","name":"InterForce","description":"","potentialAction":[{"@type":"SearchAction","target":{"@type":"EntryPoint","urlTemplate":"https:\/\/www.interforce.dk\/?s={search_term_string}"},"query-input":{"@type":"PropertyValueSpecification","valueRequired":true,"valueName":"search_term_string"}}],"inLanguage":"en-GB"},{"@type":"Person","@id":"https:\/\/www.interforce.dk\/#\/schema\/person\/32030c694ea1ede34e7961ad2860546b","name":"Emma Kirketerp","image":{"@type":"ImageObject","inLanguage":"en-GB","@id":"https:\/\/secure.gravatar.com\/avatar\/d31e8b9b750c06282af897482eae9a82eae3436a2edf04fb11e126b68486a144?s=96&d=mm&r=g","url":"https:\/\/secure.gravatar.com\/avatar\/d31e8b9b750c06282af897482eae9a82eae3436a2edf04fb11e126b68486a144?s=96&d=mm&r=g","contentUrl":"https:\/\/secure.gravatar.com\/avatar\/d31e8b9b750c06282af897482eae9a82eae3436a2edf04fb11e126b68486a144?s=96&d=mm&r=g","caption":"Emma Kirketerp"},"url":"https:\/\/www.interforce.dk\/en\/author\/aarsmagasinforfatter\/"}]}},"_links":{"self":[{"href":"https:\/\/www.interforce.dk\/en\/wp-json\/wp\/v2\/posts\/17044","targetHints":{"allow":["GET"]}}],"collection":[{"href":"https:\/\/www.interforce.dk\/en\/wp-json\/wp\/v2\/posts"}],"about":[{"href":"https:\/\/www.interforce.dk\/en\/wp-json\/wp\/v2\/types\/post"}],"author":[{"embeddable":true,"href":"https:\/\/www.interforce.dk\/en\/wp-json\/wp\/v2\/users\/123"}],"replies":[{"embeddable":true,"href":"https:\/\/www.interforce.dk\/en\/wp-json\/wp\/v2\/comments?post=17044"}],"version-history":[{"count":3,"href":"https:\/\/www.interforce.dk\/en\/wp-json\/wp\/v2\/posts\/17044\/revisions"}],"predecessor-version":[{"id":17054,"href":"https:\/\/www.interforce.dk\/en\/wp-json\/wp\/v2\/posts\/17044\/revisions\/17054"}],"wp:featuredmedia":[{"embeddable":true,"href":"https:\/\/www.interforce.dk\/en\/wp-json\/wp\/v2\/media\/17048"}],"wp:attachment":[{"href":"https:\/\/www.interforce.dk\/en\/wp-json\/wp\/v2\/media?parent=17044"}],"wp:term":[{"taxonomy":"category","embeddable":true,"href":"https:\/\/www.interforce.dk\/en\/wp-json\/wp\/v2\/categories?post=17044"},{"taxonomy":"post_tag","embeddable":true,"href":"https:\/\/www.interforce.dk\/en\/wp-json\/wp\/v2\/tags?post=17044"}],"curies":[{"name":"wp","href":"https:\/\/api.w.org\/{rel}","templated":true}]}}