{"id":16985,"date":"2025-01-02T17:07:56","date_gmt":"2025-01-02T17:07:56","guid":{"rendered":"https:\/\/www.interforce.dk\/?p=16985"},"modified":"2025-01-02T17:08:55","modified_gmt":"2025-01-02T17:08:55","slug":"den-bornholmske-forsvarsvilje","status":"publish","type":"post","link":"https:\/\/www.interforce.dk\/en\/den-bornholmske-forsvarsvilje\/","title":{"rendered":"Den bornholmske forsvarsvilje"},"content":{"rendered":"<div class=\"block core-block core-block--paragraph\">\n      <div class=\"inner inner--small\">\n      \n<p>Lokale virksomheder st\u00f8tter op om Bornholms beredskab og forsvar. Det er s\u00e6rligt vigtigt p\u00e5 \u00f8en, hvor hj\u00e6lpen kan v\u00e6re l\u00e6ngere v\u00e6k end i resten af landet.<\/p>\n\n      <\/div>\n  <\/div>\n<div class=\"block core-block core-block--image\">\n      <div class=\"inner inner--small\">\n      \n<figure class=\"wp-block-image size-large\"><img loading=\"lazy\" decoding=\"async\" width=\"1024\" height=\"743\" src=\"https:\/\/www.interforce.dk\/app\/uploads\/2025\/01\/Udklip-1024x743.jpg\" alt=\"\" class=\"wp-image-16991\" srcset=\"https:\/\/www.interforce.dk\/app\/uploads\/2025\/01\/Udklip-1024x743.jpg 1024w, https:\/\/www.interforce.dk\/app\/uploads\/2025\/01\/Udklip-300x218.jpg 300w, https:\/\/www.interforce.dk\/app\/uploads\/2025\/01\/Udklip-768x557.jpg 768w, https:\/\/www.interforce.dk\/app\/uploads\/2025\/01\/Udklip-18x12.jpg 18w, https:\/\/www.interforce.dk\/app\/uploads\/2025\/01\/Udklip.jpg 1297w\" sizes=\"auto, (max-width: 1024px) 100vw, 1024px\" \/><figcaption class=\"wp-element-caption\"><em>Krigen i Ukraine f\u00f8rte i 2022 til en m\u00e6rkbar stigende interesse for at melde sig ind i Hjemmev\u00e6rnet. Det bet\u00f8d blandt andet, at Det Bornholmske Hjemmev\u00e6rn for f\u00f8rste gang gennemf\u00f8rte Hjemmev\u00e6rnets grunduddannelse p\u00e5 \u00f8en for de nye medlemmer. Foto: Jacob Kongsmar<\/em>.<\/figcaption><\/figure>\n\n      <\/div>\n  <\/div>\n<div class=\"block core-block core-block--paragraph\">\n      <div class=\"inner inner--small\">\n      \n<p>Mark Palmquists opgaveportef\u00f8lje sp\u00e6nder vidt. Siden 2018 har han v\u00e6ret ejer af vognmandsforretningen Gudhjem Bus og et autov\u00e6rksted, der ogs\u00e5 udf\u00f8rer autohj\u00e6lp.<\/p>\n\n      <\/div>\n  <\/div>\n<div class=\"block core-block core-block--paragraph\">\n      <div class=\"inner inner--small\">\n      \n<p>Allerede et halvt \u00e5r efter, at han havde opstartet sin virksomhed, b\u00f8d han og hans medarbejdere ind p\u00e5 opgaven med at drive en ambulanceservice. Opgaven er at st\u00f8tte det bornholmske politi med transport af d\u00f8dfundne personer til sygehuset eller kapellet. Han vandt udbuddet. Men Mark Palmquists st\u00f8tte til det bornholmske beredskab stopper ikke d\u00e9r.<\/p>\n\n      <\/div>\n  <\/div>\n<div class=\"block core-block core-block--paragraph\">\n      <div class=\"inner inner--small\">\n      \n<p>For efter lidt overtalelse fra en bekendt blev Mark Palmquist i 2020 desuden medlem af et af Hjemmev\u00e6rnets kompagnier p\u00e5 \u00f8en. Flere af hans 37 medarbejdere er ogs\u00e5 engagerede i Hjemmev\u00e6rnet.<\/p>\n\n      <\/div>\n  <\/div>\n<div class=\"block core-block core-block--paragraph\">\n      <div class=\"inner inner--small\">\n      \n<p>\u201dDerfor var det jo naturligt, at min virksomhed ogs\u00e5 skulle v\u00e6re medlem af InterForce,\u201d siger Mark. Dette indeb\u00e6rer blandt andet at st\u00f8tte op om medarbejdernes engagement i Hjemmev\u00e6rnet, Forsvaret og beredskabet i \u00f8vrigt \u2013 og give dem fri, n\u00e5r de skal p\u00e5 \u00f8velse eller inds\u00e6ttes i opgaver.<\/p>\n\n      <\/div>\n  <\/div>\n<div class=\"block core-block core-block--heading\">\n      <div class=\"inner inner--small\">\n      \n<h2 class=\"wp-block-heading\">Vigtig puslespilsbrik<\/h2>\n\n      <\/div>\n  <\/div>\n<div class=\"block core-block core-block--paragraph\">\n      <div class=\"inner inner--small\">\n      \n<p>For Mark Palmquist er hans engagement \u2013 og andre civile bornholmeres i \u00f8vrigt \u2013 vigtigt.<\/p>\n\n      <\/div>\n  <\/div>\n<div class=\"block core-block core-block--paragraph\">\n      <div class=\"inner inner--small\">\n      \n<p>\u201dVores beredskab er jo dem, der v\u00e5ger over os andre, n\u00e5r vi ligger og sover. Det er dem, der g\u00f8r, at vi kan v\u00e6re sikre. Hvis der sker en h\u00e6ndelse, er der nogen, der har udt\u00e6nkt en plan,\u201d siger Mark Palmquist og forts\u00e6tter:<\/p>\n\n      <\/div>\n  <\/div>\n<div class=\"block core-block core-block--paragraph\">\n      <div class=\"inner inner--small\">\n      \n<p>\u201dDet synes jeg b\u00e5de, at man skal anerkende, og man m\u00e5 ogs\u00e5 godt st\u00f8tte op om det. En lille brik i et k\u00e6mpestort puslespil kan m\u00e5ske synes ubetydelig. Men hvis den lille brik er v\u00e6k, bliver puslespillet aldrig f\u00e6rdigt. Derfor synes jeg, at det b\u00e5de er vigtigt at v\u00e6rds\u00e6tte, men ogs\u00e5 at underst\u00f8tte vores beredskab. For i sidste ende er de her jo for vores skyld.\u201d<\/p>\n\n      <\/div>\n  <\/div>\n<div class=\"block core-block core-block--paragraph\">\n      <div class=\"inner inner--small\">\n      \n<p>Som frivillig i Hjemmev\u00e6rnet l\u00f8ser Mark Palmquist og de \u00f8vrige frivillige soldater ikke blot trafikreguleringsopgaver. De assisterer ogs\u00e5 politiet i efters\u00f8gninger af personer, og de bevogter gerningssteder og brandsteder, mens politiet venter p\u00e5 teknikere.<\/p>\n\n      <\/div>\n  <\/div>\n<div class=\"block core-block core-block--paragraph\">\n      <div class=\"inner inner--small\">\n      \n<p>Hvert \u00e5r har Mark Palmquists ansatte i Gudhjem Bus en tilbagevendende opgave: nemlig Folkem\u00f8det, Bornholms st\u00f8rste arrangement, der tiltr\u00e6kker flere tusind mennesker til \u00f8en. Her er opgaven for medarbejdere i vognmandsforretningen at st\u00e5 standby med afsp\u00e6rringsmateriel og k\u00f8ret\u00f8jer, der kan fjerne ulovligt parkerede biler.<\/p>\n\n      <\/div>\n  <\/div>\n<div class=\"block core-block core-block--paragraph\">\n      <div class=\"inner inner--small\">\n      \n<p>\u201dSelv om vi er en lille brik, er vi jo stadig vigtige. For eksempel kan adgangsveje v\u00e6re blokeret af parkerede biler, og sikkerheden kan i yderste konsekvens blive kompromitteret. S\u00e5 den lille brik kan ogs\u00e5 g\u00f8re en forskel. Det synes jeg er supersp\u00e6ndende,\u201d siger Mark Palmquist, der \u00e9t \u00e5r kom p\u00e5 en ordentlig opgave, da et kraftfuldt regnvejr resulterede i et kaos af fastk\u00f8rte biler. Han og hans medarbejdere m\u00e5tte s\u00e6tte alle kr\u00e6fter ind p\u00e5 at tr\u00e6kke k\u00f8ret\u00f8jerne fri.<\/p>\n\n      <\/div>\n  <\/div>\n<div class=\"block core-block core-block--paragraph\">\n      <div class=\"inner inner--small\">\n      \n<p>\u201dDet giver mig en supergod mavefornemmelse, at vi har gjort, hvad vi skulle. Vi har leveret en god indsats og har f\u00e5et positive tilbagemeldinger, som jeg kan give videre til mine dygtige medarbejdere. Men det giver ogs\u00e5 en stolthedsf\u00f8lelse over, at vi har v\u00e6ret med til at skabe nogle gode vilk\u00e5r og rammer for de her mange tusinde mennesker, som har bes\u00f8gt Bornholm og Folkem\u00f8det,\u201d siger han.<\/p>\n\n      <\/div>\n  <\/div>\n<div class=\"block core-block core-block--image\">\n      <div class=\"inner inner--small\">\n      \n<figure class=\"wp-block-image size-large\"><img loading=\"lazy\" decoding=\"async\" width=\"1024\" height=\"683\" src=\"https:\/\/www.interforce.dk\/app\/uploads\/2025\/01\/Den-bornholmske-forsvarsvilje-4-1024x683.jpg\" alt=\"\" class=\"wp-image-16994\" srcset=\"https:\/\/www.interforce.dk\/app\/uploads\/2025\/01\/Den-bornholmske-forsvarsvilje-4-1024x683.jpg 1024w, https:\/\/www.interforce.dk\/app\/uploads\/2025\/01\/Den-bornholmske-forsvarsvilje-4-300x200.jpg 300w, https:\/\/www.interforce.dk\/app\/uploads\/2025\/01\/Den-bornholmske-forsvarsvilje-4-768x512.jpg 768w, https:\/\/www.interforce.dk\/app\/uploads\/2025\/01\/Den-bornholmske-forsvarsvilje-4-1536x1024.jpg 1536w, https:\/\/www.interforce.dk\/app\/uploads\/2025\/01\/Den-bornholmske-forsvarsvilje-4-18x12.jpg 18w, https:\/\/www.interforce.dk\/app\/uploads\/2025\/01\/Den-bornholmske-forsvarsvilje-4.jpg 2048w\" sizes=\"auto, (max-width: 1024px) 100vw, 1024px\" \/><figcaption class=\"wp-element-caption\"><em>Hjemmev\u00e6rnet st\u00f8tter i stigende grad Forsvarets operative opgaver i forbindelse med oprettelse og bevogtning af s\u00e5kaldte midlertidige milt\u00e6re omr\u00e5der. P\u00e5 billedet ses en soldat fra Det Bornholmske Hjemmev\u00e6rn p\u00e5 en skarp opgave i for\u00e5ret 2023, hvor man st\u00f8ttede Flyvev\u00e5bnet. Foto: Kimmie Holm<\/em>.<\/figcaption><\/figure>\n\n      <\/div>\n  <\/div>\n<div class=\"block core-block core-block--heading\">\n      <div class=\"inner inner--small\">\n      \n<h2 class=\"wp-block-heading\">Minder fra den kolde krig<\/h2>\n\n      <\/div>\n  <\/div>\n<div class=\"block core-block core-block--paragraph\">\n      <div class=\"inner inner--small\">\n      \n<p>En af InterForces nye medlemsvirksomheder er Langemyreg\u00e5rd, som Peter Brandt Koefoed ejer. Han er selvst\u00e6ndig landmand med 10 ansatte og driver et traditionelt planteavlsbrug med griseproduktion.<\/p>\n\n      <\/div>\n  <\/div>\n<div class=\"block core-block core-block--paragraph\">\n      <div class=\"inner inner--small\">\n      \n<p>Tidligere p\u00e5 \u00e5ret opfordrede en person i hans vennekreds ham til at melde sin virksomhed til InterForce.<\/p>\n\n      <\/div>\n  <\/div>\n<div class=\"block core-block core-block--paragraph\">\n      <div class=\"inner inner--small\">\n      \n<p>\u201dDet er min grundl\u00e6ggende indstilling, at vi alle sammen skal bidrage. Selvf\u00f8lgelig har de seneste to et halvt \u00e5r ogs\u00e5 haft en stor indflydelse. Hvis der er nogen, der f\u00f8ler, vi kan bidrage med noget, s\u00e5 stiller vi selvf\u00f8lgelig op,\u201d siger Peter Brandt Koefoed med henvisning til Ruslands invasion af Ukraine.<\/p>\n\n      <\/div>\n  <\/div>\n<div class=\"block core-block core-block--paragraph\">\n      <div class=\"inner inner--small\">\n      \n<p>Peter Brandt Koefoed er f\u00f8dt og opvokset p\u00e5 Bornholm og husker en koldkrigstid med en far og farfar, der var medlemmer af Hjemmev\u00e6rnet, \u201dsp\u00f8gelsesfiskerb\u00e5de i \u00d8sters\u00f8en\u201d samt ugentlige sirenetests og beskyttelsesrum under den lokale skole. Det nuv\u00e6rende trusselbillede giver ham flashbacks til tiden under Den kolde krig.<\/p>\n\n      <\/div>\n  <\/div>\n<div class=\"block core-block core-block--paragraph\">\n      <div class=\"inner inner--small\">\n      \n<p>\u201dDet kommer jo t\u00e6t op p\u00e5 igen (p\u00e5 grund af krigen i Ukraine, red.). Man f\u00e5r tiden f\u00f8r Murens Fald genopfrisket,\u201d siger Peter Brandt Koefoed og fort\u00e6ller, at morgendagens uforudsigelighed styrker hans vilje til at st\u00f8tte op om Forsvaret og beredskabet i \u00f8vrigt.<\/p>\n\n      <\/div>\n  <\/div>\n<div class=\"block core-block core-block--image\">\n      <div class=\"inner inner--small\">\n      \n<figure class=\"wp-block-image size-large\"><img loading=\"lazy\" decoding=\"async\" width=\"1024\" height=\"663\" src=\"https:\/\/www.interforce.dk\/app\/uploads\/2025\/01\/Udklip5-1024x663.jpg\" alt=\"\" class=\"wp-image-16997\" srcset=\"https:\/\/www.interforce.dk\/app\/uploads\/2025\/01\/Udklip5-1024x663.jpg 1024w, https:\/\/www.interforce.dk\/app\/uploads\/2025\/01\/Udklip5-300x194.jpg 300w, https:\/\/www.interforce.dk\/app\/uploads\/2025\/01\/Udklip5-768x497.jpg 768w, https:\/\/www.interforce.dk\/app\/uploads\/2025\/01\/Udklip5-18x12.jpg 18w, https:\/\/www.interforce.dk\/app\/uploads\/2025\/01\/Udklip5.jpg 1442w\" sizes=\"auto, (max-width: 1024px) 100vw, 1024px\" \/><figcaption class=\"wp-element-caption\"><em>Bornholmske soldater var indsat med skarpladte v\u00e5ben i R\u00f8nne Lufthavn som bevogtningsst\u00f8tte under den storstilede DEFENDER Europe 2022, hvor amerikanerne afpr\u00f8vede deres raketkastersystem HIMARS \u2013 High Mobility Artillery Rocket System. 135 HJV-soldater prim\u00e6rt fra Bornholm medvirkede under \u00f8velsen. Foto: Jacob Kongsmar<\/em>.<\/figcaption><\/figure>\n\n      <\/div>\n  <\/div>\n<div class=\"block core-block core-block--heading\">\n      <div class=\"inner inner--small\">\n      \n<h2 class=\"wp-block-heading\">Vigtigheden af forsvarsvilje<\/h2>\n\n      <\/div>\n  <\/div>\n<div class=\"block core-block core-block--paragraph\">\n      <div class=\"inner inner--small\">\n      \n<p>Hvis man sp\u00f8rger oberstl\u00f8jtnant Kenneth Kim Nielsen, der er milit\u00e6r koordinator for InterForce Bornholm og chef for det Bornholmske Hjemmev\u00e6rn, lever fort\u00e6llingen om Bornholms unikke placering i \u00d8sters\u00f8en stadig i \u00f8boernes bevidsthed. Det g\u00e6lder ikke mindst minderne om den sovjetiske bes\u00e6ttelse af \u00f8en frem til 5. april 1946.<\/p>\n\n      <\/div>\n  <\/div>\n<div class=\"block core-block core-block--paragraph\">\n      <div class=\"inner inner--small\">\n      \n<p>Bornholm l\u00e5 jo i en udsat position (under den kolde krig, red.), og man vidste jo m\u00e5ske godt, at hj\u00e6lpen m\u00e5ske ikke kom lige med det samme, og at de som bornholmere m\u00e5tte klare sig selv,\u201d siger han.<\/p>\n\n      <\/div>\n  <\/div>\n<div class=\"block core-block core-block--paragraph\">\n      <div class=\"inner inner--small\">\n      \n<p>Han oplever, at nutidens krig i Ukraine v\u00e6ves sammen med minderne om Bornholms fortid.<\/p>\n\n      <\/div>\n  <\/div>\n<div class=\"block core-block core-block--paragraph\">\n      <div class=\"inner inner--small\">\n      \n<p>\u201dDer er nu en trussel i Ukraine, og den trussel, tror jeg, f\u00e5r fort\u00e6llingen (om truslen under den kolde krig, red.) til at bluse op p\u00e5 Bornholm. Man glemmer lidt, at verdensbilledet har \u00e6ndret sig. Bornholm ligger ikke l\u00e6ngere i frontlinjen. Bornholm ligger nu pakket godt ind af det tidligere \u00d8sttyskland, Polen, de baltiske lande og senest Sverige og Finland. Men jeg tror, at man glemmer det i hele fort\u00e6llingen, s\u00e5ledes at man stadig f\u00f8ler sig meget udsat,\u201d siger Kenneth Kim Nielsen.<\/p>\n\n      <\/div>\n  <\/div>\n<div class=\"block core-block core-block--paragraph\">\n      <div class=\"inner inner--small\">\n      \n<p>If\u00f8lge ham har minderne om en krigstid stor betydning for lokalbefolkningens forsvarsvilje. Han mener, at lokal opbakning til Forsvaret er vigtig. Ikke mindst i en tid, hvor regeringen \u00f8ger forsvarsbudgetterne. Folketinget vedtog s\u00e5ledes tidligere i \u00e5r, at der de kommende 10 \u00e5r skal bruges yderligere 143 milliarder kroner p\u00e5 Forsvaret.<\/p>\n\n      <\/div>\n  <\/div>\n<div class=\"block core-block core-block--paragraph\">\n      <div class=\"inner inner--small\">\n      \n<p>\u201dDen lokale opbakning til det milit\u00e6re forsvar h\u00e6nger jo sammen med forsvarsviljen i samfundet generelt. Det er jo decideret m\u00e5lbart, at jo mere opbakning, der er, jo mere forsvarsvilje er der ogs\u00e5. Og p\u00e5 Bornholm er forsvarsviljen stor,\u201d siger Kenneth Kim Nielsen.<\/p>\n\n      <\/div>\n  <\/div>\n<div class=\"block core-block core-block--paragraph\">\n      <div class=\"inner inner--small\">\n      \n<p>M\u00e5ler man p\u00e5 antallet af medlemmer i Hjemmev\u00e6rnet, ligger Bornholm da ogs\u00e5 h\u00f8jere end landsgennemsnittet, forklarer Kenneth Kim Nielsen. Her er cirka to procent af den bornholmske befolkning en del af Hjemmev\u00e6rnet. I resten af landet ligger den p\u00e5 omkring en halv procent.<\/p>\n\n      <\/div>\n  <\/div>\n<div class=\"block core-block core-block--paragraph\">\n      <div class=\"inner inner--small\">\n      \n<p>Denne form for opbakning, lige som virksomheders st\u00f8tte til Forsvaret og beredskabet \u2013 som eksempel medlemskab af InterForce \u2013 har stor betydning i en tid, hvor forsvarsforliget betyder \u00f8gede investeringer i forsvaret.<\/p>\n\n      <\/div>\n  <\/div>\n<div class=\"block core-block core-block--paragraph\">\n      <div class=\"inner inner--small\">\n      \n<p>\u201dDet ville jo ikke kunne lade sig g\u00f8re, hvis ikke man havde en st\u00e6rk forsvarsvilje i hele samfundet,\u201d fastsl\u00e5r Kenneth Kim Nielsen.<\/p>\n\n      <\/div>\n  <\/div>\n<div class=\"block core-block core-block--paragraph\">\n      <div class=\"inner inner--small\">\n      \n<p>L\u00e6s ogs\u00e5: <a href=\"https:\/\/www.interforce.dk\/en\/hvad-har-vi-laert-af-krigen-i-ukraine\/\">Hvad har vi l\u00e6rt af krigen i Ukraine?<\/a><\/p>\n\n      <\/div>\n  <\/div>","protected":false},"excerpt":{"rendered":"Lokale virksomheder st\u00f8tter op om Bornholms beredskab og forsvar p\u00e5 \u00f8en, hvor...","protected":false},"author":123,"featured_media":16991,"comment_status":"closed","ping_status":"closed","sticky":false,"template":"","format":"standard","meta":{"_acf_changed":false,"footnotes":""},"categories":[12],"tags":[97,14],"class_list":["post-16985","post","type-post","status-publish","format-standard","has-post-thumbnail","hentry","category-nyt-om-if","tag-interforce","tag-bornholm"],"acf":[],"yoast_head":"<!-- This site is optimized with the Yoast SEO plugin v27.3 - https:\/\/yoast.com\/product\/yoast-seo-wordpress\/ -->\n<title>Den bornholmske forsvarsvilje - InterForce<\/title>\n<meta name=\"description\" content=\"Lokale virksomheder st\u00f8tter op om Bornholms beredskab og forsvar p\u00e5 \u00f8en, hvor hj\u00e6lpen kan v\u00e6re l\u00e6ngere v\u00e6k end i resten af landet.\" \/>\n<meta name=\"robots\" content=\"index, follow, max-snippet:-1, max-image-preview:large, max-video-preview:-1\" \/>\n<link rel=\"canonical\" href=\"https:\/\/www.interforce.dk\/en\/den-bornholmske-forsvarsvilje\/\" \/>\n<meta property=\"og:locale\" content=\"en_GB\" \/>\n<meta property=\"og:type\" content=\"article\" \/>\n<meta property=\"og:title\" content=\"Den bornholmske forsvarsvilje - InterForce\" \/>\n<meta property=\"og:description\" content=\"Lokale virksomheder st\u00f8tter op om Bornholms beredskab og forsvar p\u00e5 \u00f8en, hvor hj\u00e6lpen kan v\u00e6re l\u00e6ngere v\u00e6k end i resten af landet.\" \/>\n<meta property=\"og:url\" content=\"https:\/\/www.interforce.dk\/en\/den-bornholmske-forsvarsvilje\/\" \/>\n<meta property=\"og:site_name\" content=\"InterForce\" \/>\n<meta property=\"article:published_time\" content=\"2025-01-02T17:07:56+00:00\" \/>\n<meta property=\"article:modified_time\" content=\"2025-01-02T17:08:55+00:00\" \/>\n<meta property=\"og:image\" content=\"https:\/\/www.interforce.dk\/app\/uploads\/2025\/01\/Udklip.jpg\" \/>\n\t<meta property=\"og:image:width\" content=\"1297\" \/>\n\t<meta property=\"og:image:height\" content=\"941\" \/>\n\t<meta property=\"og:image:type\" content=\"image\/jpeg\" \/>\n<meta name=\"author\" content=\"Emma Kirketerp\" \/>\n<meta name=\"twitter:card\" content=\"summary_large_image\" \/>\n<meta name=\"twitter:label1\" content=\"Written by\" \/>\n\t<meta name=\"twitter:data1\" content=\"Emma Kirketerp\" \/>\n\t<meta name=\"twitter:label2\" content=\"Est. reading time\" \/>\n\t<meta name=\"twitter:data2\" content=\"7 minutes\" \/>\n<script type=\"application\/ld+json\" class=\"yoast-schema-graph\">{\"@context\":\"https:\\\/\\\/schema.org\",\"@graph\":[{\"@type\":\"Article\",\"@id\":\"https:\\\/\\\/www.interforce.dk\\\/den-bornholmske-forsvarsvilje\\\/#article\",\"isPartOf\":{\"@id\":\"https:\\\/\\\/www.interforce.dk\\\/den-bornholmske-forsvarsvilje\\\/\"},\"author\":{\"name\":\"Emma Kirketerp\",\"@id\":\"https:\\\/\\\/www.interforce.dk\\\/#\\\/schema\\\/person\\\/32030c694ea1ede34e7961ad2860546b\"},\"headline\":\"Den bornholmske forsvarsvilje\",\"datePublished\":\"2025-01-02T17:07:56+00:00\",\"dateModified\":\"2025-01-02T17:08:55+00:00\",\"mainEntityOfPage\":{\"@id\":\"https:\\\/\\\/www.interforce.dk\\\/den-bornholmske-forsvarsvilje\\\/\"},\"wordCount\":1352,\"image\":{\"@id\":\"https:\\\/\\\/www.interforce.dk\\\/den-bornholmske-forsvarsvilje\\\/#primaryimage\"},\"thumbnailUrl\":\"https:\\\/\\\/www.interforce.dk\\\/app\\\/uploads\\\/2025\\\/01\\\/Udklip.jpg\",\"keywords\":[\"InterForce\",\"Tag:Bornholm\"],\"articleSection\":[\"Nyheder om InterForce\"],\"inLanguage\":\"en-GB\"},{\"@type\":\"WebPage\",\"@id\":\"https:\\\/\\\/www.interforce.dk\\\/den-bornholmske-forsvarsvilje\\\/\",\"url\":\"https:\\\/\\\/www.interforce.dk\\\/den-bornholmske-forsvarsvilje\\\/\",\"name\":\"Den bornholmske forsvarsvilje - InterForce\",\"isPartOf\":{\"@id\":\"https:\\\/\\\/www.interforce.dk\\\/#website\"},\"primaryImageOfPage\":{\"@id\":\"https:\\\/\\\/www.interforce.dk\\\/den-bornholmske-forsvarsvilje\\\/#primaryimage\"},\"image\":{\"@id\":\"https:\\\/\\\/www.interforce.dk\\\/den-bornholmske-forsvarsvilje\\\/#primaryimage\"},\"thumbnailUrl\":\"https:\\\/\\\/www.interforce.dk\\\/app\\\/uploads\\\/2025\\\/01\\\/Udklip.jpg\",\"datePublished\":\"2025-01-02T17:07:56+00:00\",\"dateModified\":\"2025-01-02T17:08:55+00:00\",\"author\":{\"@id\":\"https:\\\/\\\/www.interforce.dk\\\/#\\\/schema\\\/person\\\/32030c694ea1ede34e7961ad2860546b\"},\"description\":\"Lokale virksomheder st\u00f8tter op om Bornholms beredskab og forsvar p\u00e5 \u00f8en, hvor hj\u00e6lpen kan v\u00e6re l\u00e6ngere v\u00e6k end i resten af landet.\",\"breadcrumb\":{\"@id\":\"https:\\\/\\\/www.interforce.dk\\\/den-bornholmske-forsvarsvilje\\\/#breadcrumb\"},\"inLanguage\":\"en-GB\",\"potentialAction\":[{\"@type\":\"ReadAction\",\"target\":[\"https:\\\/\\\/www.interforce.dk\\\/den-bornholmske-forsvarsvilje\\\/\"]}]},{\"@type\":\"ImageObject\",\"inLanguage\":\"en-GB\",\"@id\":\"https:\\\/\\\/www.interforce.dk\\\/den-bornholmske-forsvarsvilje\\\/#primaryimage\",\"url\":\"https:\\\/\\\/www.interforce.dk\\\/app\\\/uploads\\\/2025\\\/01\\\/Udklip.jpg\",\"contentUrl\":\"https:\\\/\\\/www.interforce.dk\\\/app\\\/uploads\\\/2025\\\/01\\\/Udklip.jpg\",\"width\":1297,\"height\":941},{\"@type\":\"BreadcrumbList\",\"@id\":\"https:\\\/\\\/www.interforce.dk\\\/den-bornholmske-forsvarsvilje\\\/#breadcrumb\",\"itemListElement\":[{\"@type\":\"ListItem\",\"position\":1,\"name\":\"Hjem\",\"item\":\"https:\\\/\\\/www.interforce.dk\\\/\"},{\"@type\":\"ListItem\",\"position\":2,\"name\":\"Den bornholmske forsvarsvilje\"}]},{\"@type\":\"WebSite\",\"@id\":\"https:\\\/\\\/www.interforce.dk\\\/#website\",\"url\":\"https:\\\/\\\/www.interforce.dk\\\/\",\"name\":\"InterForce\",\"description\":\"\",\"potentialAction\":[{\"@type\":\"SearchAction\",\"target\":{\"@type\":\"EntryPoint\",\"urlTemplate\":\"https:\\\/\\\/www.interforce.dk\\\/?s={search_term_string}\"},\"query-input\":{\"@type\":\"PropertyValueSpecification\",\"valueRequired\":true,\"valueName\":\"search_term_string\"}}],\"inLanguage\":\"en-GB\"},{\"@type\":\"Person\",\"@id\":\"https:\\\/\\\/www.interforce.dk\\\/#\\\/schema\\\/person\\\/32030c694ea1ede34e7961ad2860546b\",\"name\":\"Emma Kirketerp\",\"image\":{\"@type\":\"ImageObject\",\"inLanguage\":\"en-GB\",\"@id\":\"https:\\\/\\\/secure.gravatar.com\\\/avatar\\\/d31e8b9b750c06282af897482eae9a82eae3436a2edf04fb11e126b68486a144?s=96&d=mm&r=g\",\"url\":\"https:\\\/\\\/secure.gravatar.com\\\/avatar\\\/d31e8b9b750c06282af897482eae9a82eae3436a2edf04fb11e126b68486a144?s=96&d=mm&r=g\",\"contentUrl\":\"https:\\\/\\\/secure.gravatar.com\\\/avatar\\\/d31e8b9b750c06282af897482eae9a82eae3436a2edf04fb11e126b68486a144?s=96&d=mm&r=g\",\"caption\":\"Emma Kirketerp\"},\"url\":\"https:\\\/\\\/www.interforce.dk\\\/en\\\/author\\\/aarsmagasinforfatter\\\/\"}]}<\/script>\n<!-- \/ Yoast SEO plugin. -->","yoast_head_json":{"title":"Den bornholmske forsvarsvilje - InterForce","description":"Lokale virksomheder st\u00f8tter op om Bornholms beredskab og forsvar p\u00e5 \u00f8en, hvor hj\u00e6lpen kan v\u00e6re l\u00e6ngere v\u00e6k end i resten af landet.","robots":{"index":"index","follow":"follow","max-snippet":"max-snippet:-1","max-image-preview":"max-image-preview:large","max-video-preview":"max-video-preview:-1"},"canonical":"https:\/\/www.interforce.dk\/en\/den-bornholmske-forsvarsvilje\/","og_locale":"en_GB","og_type":"article","og_title":"Den bornholmske forsvarsvilje - InterForce","og_description":"Lokale virksomheder st\u00f8tter op om Bornholms beredskab og forsvar p\u00e5 \u00f8en, hvor hj\u00e6lpen kan v\u00e6re l\u00e6ngere v\u00e6k end i resten af landet.","og_url":"https:\/\/www.interforce.dk\/en\/den-bornholmske-forsvarsvilje\/","og_site_name":"InterForce","article_published_time":"2025-01-02T17:07:56+00:00","article_modified_time":"2025-01-02T17:08:55+00:00","og_image":[{"width":1297,"height":941,"url":"https:\/\/www.interforce.dk\/app\/uploads\/2025\/01\/Udklip.jpg","type":"image\/jpeg"}],"author":"Emma Kirketerp","twitter_card":"summary_large_image","twitter_misc":{"Written by":"Emma Kirketerp","Est. reading time":"7 minutes"},"schema":{"@context":"https:\/\/schema.org","@graph":[{"@type":"Article","@id":"https:\/\/www.interforce.dk\/den-bornholmske-forsvarsvilje\/#article","isPartOf":{"@id":"https:\/\/www.interforce.dk\/den-bornholmske-forsvarsvilje\/"},"author":{"name":"Emma Kirketerp","@id":"https:\/\/www.interforce.dk\/#\/schema\/person\/32030c694ea1ede34e7961ad2860546b"},"headline":"Den bornholmske forsvarsvilje","datePublished":"2025-01-02T17:07:56+00:00","dateModified":"2025-01-02T17:08:55+00:00","mainEntityOfPage":{"@id":"https:\/\/www.interforce.dk\/den-bornholmske-forsvarsvilje\/"},"wordCount":1352,"image":{"@id":"https:\/\/www.interforce.dk\/den-bornholmske-forsvarsvilje\/#primaryimage"},"thumbnailUrl":"https:\/\/www.interforce.dk\/app\/uploads\/2025\/01\/Udklip.jpg","keywords":["InterForce","Tag:Bornholm"],"articleSection":["Nyheder om InterForce"],"inLanguage":"en-GB"},{"@type":"WebPage","@id":"https:\/\/www.interforce.dk\/den-bornholmske-forsvarsvilje\/","url":"https:\/\/www.interforce.dk\/den-bornholmske-forsvarsvilje\/","name":"Den bornholmske forsvarsvilje - InterForce","isPartOf":{"@id":"https:\/\/www.interforce.dk\/#website"},"primaryImageOfPage":{"@id":"https:\/\/www.interforce.dk\/den-bornholmske-forsvarsvilje\/#primaryimage"},"image":{"@id":"https:\/\/www.interforce.dk\/den-bornholmske-forsvarsvilje\/#primaryimage"},"thumbnailUrl":"https:\/\/www.interforce.dk\/app\/uploads\/2025\/01\/Udklip.jpg","datePublished":"2025-01-02T17:07:56+00:00","dateModified":"2025-01-02T17:08:55+00:00","author":{"@id":"https:\/\/www.interforce.dk\/#\/schema\/person\/32030c694ea1ede34e7961ad2860546b"},"description":"Lokale virksomheder st\u00f8tter op om Bornholms beredskab og forsvar p\u00e5 \u00f8en, hvor hj\u00e6lpen kan v\u00e6re l\u00e6ngere v\u00e6k end i resten af landet.","breadcrumb":{"@id":"https:\/\/www.interforce.dk\/den-bornholmske-forsvarsvilje\/#breadcrumb"},"inLanguage":"en-GB","potentialAction":[{"@type":"ReadAction","target":["https:\/\/www.interforce.dk\/den-bornholmske-forsvarsvilje\/"]}]},{"@type":"ImageObject","inLanguage":"en-GB","@id":"https:\/\/www.interforce.dk\/den-bornholmske-forsvarsvilje\/#primaryimage","url":"https:\/\/www.interforce.dk\/app\/uploads\/2025\/01\/Udklip.jpg","contentUrl":"https:\/\/www.interforce.dk\/app\/uploads\/2025\/01\/Udklip.jpg","width":1297,"height":941},{"@type":"BreadcrumbList","@id":"https:\/\/www.interforce.dk\/den-bornholmske-forsvarsvilje\/#breadcrumb","itemListElement":[{"@type":"ListItem","position":1,"name":"Hjem","item":"https:\/\/www.interforce.dk\/"},{"@type":"ListItem","position":2,"name":"Den bornholmske forsvarsvilje"}]},{"@type":"WebSite","@id":"https:\/\/www.interforce.dk\/#website","url":"https:\/\/www.interforce.dk\/","name":"InterForce","description":"","potentialAction":[{"@type":"SearchAction","target":{"@type":"EntryPoint","urlTemplate":"https:\/\/www.interforce.dk\/?s={search_term_string}"},"query-input":{"@type":"PropertyValueSpecification","valueRequired":true,"valueName":"search_term_string"}}],"inLanguage":"en-GB"},{"@type":"Person","@id":"https:\/\/www.interforce.dk\/#\/schema\/person\/32030c694ea1ede34e7961ad2860546b","name":"Emma Kirketerp","image":{"@type":"ImageObject","inLanguage":"en-GB","@id":"https:\/\/secure.gravatar.com\/avatar\/d31e8b9b750c06282af897482eae9a82eae3436a2edf04fb11e126b68486a144?s=96&d=mm&r=g","url":"https:\/\/secure.gravatar.com\/avatar\/d31e8b9b750c06282af897482eae9a82eae3436a2edf04fb11e126b68486a144?s=96&d=mm&r=g","contentUrl":"https:\/\/secure.gravatar.com\/avatar\/d31e8b9b750c06282af897482eae9a82eae3436a2edf04fb11e126b68486a144?s=96&d=mm&r=g","caption":"Emma Kirketerp"},"url":"https:\/\/www.interforce.dk\/en\/author\/aarsmagasinforfatter\/"}]}},"_links":{"self":[{"href":"https:\/\/www.interforce.dk\/en\/wp-json\/wp\/v2\/posts\/16985","targetHints":{"allow":["GET"]}}],"collection":[{"href":"https:\/\/www.interforce.dk\/en\/wp-json\/wp\/v2\/posts"}],"about":[{"href":"https:\/\/www.interforce.dk\/en\/wp-json\/wp\/v2\/types\/post"}],"author":[{"embeddable":true,"href":"https:\/\/www.interforce.dk\/en\/wp-json\/wp\/v2\/users\/123"}],"replies":[{"embeddable":true,"href":"https:\/\/www.interforce.dk\/en\/wp-json\/wp\/v2\/comments?post=16985"}],"version-history":[{"count":3,"href":"https:\/\/www.interforce.dk\/en\/wp-json\/wp\/v2\/posts\/16985\/revisions"}],"predecessor-version":[{"id":16998,"href":"https:\/\/www.interforce.dk\/en\/wp-json\/wp\/v2\/posts\/16985\/revisions\/16998"}],"wp:featuredmedia":[{"embeddable":true,"href":"https:\/\/www.interforce.dk\/en\/wp-json\/wp\/v2\/media\/16991"}],"wp:attachment":[{"href":"https:\/\/www.interforce.dk\/en\/wp-json\/wp\/v2\/media?parent=16985"}],"wp:term":[{"taxonomy":"category","embeddable":true,"href":"https:\/\/www.interforce.dk\/en\/wp-json\/wp\/v2\/categories?post=16985"},{"taxonomy":"post_tag","embeddable":true,"href":"https:\/\/www.interforce.dk\/en\/wp-json\/wp\/v2\/tags?post=16985"}],"curies":[{"name":"wp","href":"https:\/\/api.w.org\/{rel}","templated":true}]}}