{"id":16837,"date":"2024-11-20T08:46:28","date_gmt":"2024-11-20T08:46:28","guid":{"rendered":"https:\/\/www.interforce.dk\/?p=16837"},"modified":"2024-11-20T09:00:14","modified_gmt":"2024-11-20T09:00:14","slug":"med-interforce-i-bunkeren-regan-vest","status":"publish","type":"post","link":"https:\/\/www.interforce.dk\/en\/med-interforce-i-bunkeren-regan-vest\/","title":{"rendered":"Med InterForce i bunkeren REGAN Vest"},"content":{"rendered":"<div class=\"block core-block core-block--paragraph\">\n      <div class=\"inner inner--small\">\n      \n<p><strong>Tekst:<\/strong> Friederike Felbo <br><strong>Fotos:<\/strong> Henning Jespersen-Skree, Flyvev\u00e5bnets Fototjeneste Nord<\/p>\n\n      <\/div>\n  <\/div>\n<div class=\"block core-block core-block--paragraph\">\n      <div class=\"inner inner--small\">\n      \n<p>Dybt under en kridtbakke i udkanten af Rold Skov g\u00e5r 45 repr\u00e6sentanter fra medlemsvirksomheder i Interforce m\u00e5lrettet rundt i smalle, flagermusbesatte gange. De befinder sig 60 meter under jorden. <\/p>\n\n      <\/div>\n  <\/div>\n<div class=\"block core-block core-block--image\">\n      <div class=\"inner inner--small\">\n      \n<figure class=\"wp-block-image size-large\"><img loading=\"lazy\" decoding=\"async\" width=\"1024\" height=\"739\" src=\"https:\/\/www.interforce.dk\/app\/uploads\/2024\/11\/2024-11-11-INTERFORCE_DSC8308-1024x739.jpg\" alt=\"REGAN Vest\" class=\"wp-image-16845\" srcset=\"https:\/\/www.interforce.dk\/app\/uploads\/2024\/11\/2024-11-11-INTERFORCE_DSC8308-1024x739.jpg 1024w, https:\/\/www.interforce.dk\/app\/uploads\/2024\/11\/2024-11-11-INTERFORCE_DSC8308-300x217.jpg 300w, https:\/\/www.interforce.dk\/app\/uploads\/2024\/11\/2024-11-11-INTERFORCE_DSC8308-768x555.jpg 768w, https:\/\/www.interforce.dk\/app\/uploads\/2024\/11\/2024-11-11-INTERFORCE_DSC8308-1536x1109.jpg 1536w, https:\/\/www.interforce.dk\/app\/uploads\/2024\/11\/2024-11-11-INTERFORCE_DSC8308-2048x1479.jpg 2048w, https:\/\/www.interforce.dk\/app\/uploads\/2024\/11\/2024-11-11-INTERFORCE_DSC8308-18x12.jpg 18w\" sizes=\"auto, (max-width: 1024px) 100vw, 1024px\" \/><figcaption class=\"wp-element-caption\"><em>Den atomsikrede bunker REGAN Vest er bl.a. hjemsted for flagermus.<\/em><\/figcaption><\/figure>\n\n      <\/div>\n  <\/div>\n<div class=\"block core-block core-block--paragraph\">\n      <div class=\"inner inner--small\">\n      \n<p>Guiden, for s\u00e5dan en skal man have hernede, f\u00f8rer dem stedkendt gennem gange og lokaler, som engang var tilt\u00e6nkt n\u00f8glepersoner fra blandt andet Udenrigsministeriet, Efterretningstjenesten og Kongehuset.<\/p>\n\n      <\/div>\n  <\/div>\n<div class=\"block core-block core-block--image\">\n      <div class=\"inner inner--small\">\n      \n<figure class=\"wp-block-image size-large\"><img loading=\"lazy\" decoding=\"async\" width=\"1024\" height=\"739\" src=\"https:\/\/www.interforce.dk\/app\/uploads\/2024\/11\/2024-11-11-INTERFORCE_DSC8351-1024x739.jpg\" alt=\"REGAN Vest\" class=\"wp-image-16853\" srcset=\"https:\/\/www.interforce.dk\/app\/uploads\/2024\/11\/2024-11-11-INTERFORCE_DSC8351-1024x739.jpg 1024w, https:\/\/www.interforce.dk\/app\/uploads\/2024\/11\/2024-11-11-INTERFORCE_DSC8351-300x217.jpg 300w, https:\/\/www.interforce.dk\/app\/uploads\/2024\/11\/2024-11-11-INTERFORCE_DSC8351-768x555.jpg 768w, https:\/\/www.interforce.dk\/app\/uploads\/2024\/11\/2024-11-11-INTERFORCE_DSC8351-1536x1109.jpg 1536w, https:\/\/www.interforce.dk\/app\/uploads\/2024\/11\/2024-11-11-INTERFORCE_DSC8351-2048x1479.jpg 2048w, https:\/\/www.interforce.dk\/app\/uploads\/2024\/11\/2024-11-11-INTERFORCE_DSC8351-18x12.jpg 18w\" sizes=\"auto, (max-width: 1024px) 100vw, 1024px\" \/><figcaption class=\"wp-element-caption\"><em>Det kr\u00e6ver en guide, n\u00e5r man skal vises rundt i det k\u00e6mpe underjordiske anl\u00e6g.<\/em><\/figcaption><\/figure>\n\n      <\/div>\n  <\/div>\n<div class=\"block core-block core-block--paragraph\">\n      <div class=\"inner inner--small\">\n      \n<p>Stedet er Regeringsanl\u00e6g Vestdanmark, bedre kendt som REGAN Vest. Herfra skulle regeringen lede landet, hvis der udbr\u00f8d en atomkrig. <\/p>\n\n      <\/div>\n  <\/div>\n<div class=\"block core-block core-block--image\">\n      <div class=\"inner inner--small\">\n      \n<figure class=\"wp-block-image size-large\"><img loading=\"lazy\" decoding=\"async\" width=\"1024\" height=\"739\" src=\"https:\/\/www.interforce.dk\/app\/uploads\/2024\/11\/2024-11-11-INTERFORCE_DSC8349-1024x739.jpg\" alt=\"REGAN Vest\" class=\"wp-image-16852\" srcset=\"https:\/\/www.interforce.dk\/app\/uploads\/2024\/11\/2024-11-11-INTERFORCE_DSC8349-1024x739.jpg 1024w, https:\/\/www.interforce.dk\/app\/uploads\/2024\/11\/2024-11-11-INTERFORCE_DSC8349-300x217.jpg 300w, https:\/\/www.interforce.dk\/app\/uploads\/2024\/11\/2024-11-11-INTERFORCE_DSC8349-768x555.jpg 768w, https:\/\/www.interforce.dk\/app\/uploads\/2024\/11\/2024-11-11-INTERFORCE_DSC8349-1536x1109.jpg 1536w, https:\/\/www.interforce.dk\/app\/uploads\/2024\/11\/2024-11-11-INTERFORCE_DSC8349-2048x1479.jpg 2048w, https:\/\/www.interforce.dk\/app\/uploads\/2024\/11\/2024-11-11-INTERFORCE_DSC8349-18x12.jpg 18w\" sizes=\"auto, (max-width: 1024px) 100vw, 1024px\" \/><figcaption class=\"wp-element-caption\"><em>Fra REGAN Vest skulle landet ledes i tilf\u00e6lde af, at der udbr\u00f8d atomkrig.<\/em><\/figcaption><\/figure>\n\n      <\/div>\n  <\/div>\n<div class=\"block core-block core-block--paragraph\">\n      <div class=\"inner inner--small\">\n      \n<p>I dag er det atomsikrede underjordiske anl\u00e6g omdannet til et museum med daglige rundvisninger i de lange, smalle gange.<\/p>\n\n      <\/div>\n  <\/div>\n<div class=\"block core-block core-block--heading\">\n      <div class=\"inner inner--small\">\n      \n<h2 class=\"wp-block-heading\">Danmarks sikkerhed<\/h2>\n\n      <\/div>\n  <\/div>\n<div class=\"block core-block core-block--paragraph\">\n      <div class=\"inner inner--small\">\n      \n<p>P\u00e5 en m\u00e5de giver netop disse menneskers bes\u00f8g rigtig god mening p\u00e5 netop dette sted i Danmark. For bunkeren blev bygget med Danmarks sikkerhed for \u00f8je, og medlemmerne af Interforce har med deres medlemskab ogs\u00e5 tilkendegivet, at nationens sikkerhed ligger dem p\u00e5 sinde.<\/p>\n\n      <\/div>\n  <\/div>\n<div class=\"block core-block core-block--image\">\n      <div class=\"inner inner--small\">\n      \n<figure class=\"wp-block-image size-large\"><img loading=\"lazy\" decoding=\"async\" width=\"1024\" height=\"739\" src=\"https:\/\/www.interforce.dk\/app\/uploads\/2024\/11\/2024-11-11-INTERFORCEDSC_0680-1024x739.jpg\" alt=\"REGAN Vest\" class=\"wp-image-16857\" srcset=\"https:\/\/www.interforce.dk\/app\/uploads\/2024\/11\/2024-11-11-INTERFORCEDSC_0680-1024x739.jpg 1024w, https:\/\/www.interforce.dk\/app\/uploads\/2024\/11\/2024-11-11-INTERFORCEDSC_0680-300x217.jpg 300w, https:\/\/www.interforce.dk\/app\/uploads\/2024\/11\/2024-11-11-INTERFORCEDSC_0680-768x555.jpg 768w, https:\/\/www.interforce.dk\/app\/uploads\/2024\/11\/2024-11-11-INTERFORCEDSC_0680-1536x1109.jpg 1536w, https:\/\/www.interforce.dk\/app\/uploads\/2024\/11\/2024-11-11-INTERFORCEDSC_0680-2048x1479.jpg 2048w, https:\/\/www.interforce.dk\/app\/uploads\/2024\/11\/2024-11-11-INTERFORCEDSC_0680-18x12.jpg 18w\" sizes=\"auto, (max-width: 1024px) 100vw, 1024px\" \/><figcaption class=\"wp-element-caption\"><em>Der var fulde huse til REGAN Vest-arrangementet. Der er nemlig venteliste p\u00e5 at bes\u00f8ge bunkeranl\u00e6gget.<\/em><\/figcaption><\/figure>\n\n      <\/div>\n  <\/div>\n<div class=\"block core-block core-block--paragraph\">\n      <div class=\"inner inner--small\">\n      \n<p>\u201dVi er en del af det danske samfund, og jeg synes, det er en helt naturlig ting, at virksomheder og erhvervsliv st\u00f8tter op omkring Forsvaret og is\u00e6r omkring de frivillige\u201d, siger Niels Henrik Olesen. Han er administrerende direkt\u00f8r i firmaet Trusted A\/S, som er en af de mange virksomheder, der er med til arrangementet.<\/p>\n\n      <\/div>\n  <\/div>\n<div class=\"block core-block core-block--image\">\n      <div class=\"inner inner--small\">\n      \n<figure class=\"wp-block-image size-large\"><img loading=\"lazy\" decoding=\"async\" width=\"1024\" height=\"739\" src=\"https:\/\/www.interforce.dk\/app\/uploads\/2024\/11\/2024-11-11-INTERFORCEDSC_0857-1024x739.jpg\" alt=\"REGAN Vest\" class=\"wp-image-16859\" srcset=\"https:\/\/www.interforce.dk\/app\/uploads\/2024\/11\/2024-11-11-INTERFORCEDSC_0857-1024x739.jpg 1024w, https:\/\/www.interforce.dk\/app\/uploads\/2024\/11\/2024-11-11-INTERFORCEDSC_0857-300x217.jpg 300w, https:\/\/www.interforce.dk\/app\/uploads\/2024\/11\/2024-11-11-INTERFORCEDSC_0857-768x555.jpg 768w, https:\/\/www.interforce.dk\/app\/uploads\/2024\/11\/2024-11-11-INTERFORCEDSC_0857-1536x1109.jpg 1536w, https:\/\/www.interforce.dk\/app\/uploads\/2024\/11\/2024-11-11-INTERFORCEDSC_0857-2048x1479.jpg 2048w, https:\/\/www.interforce.dk\/app\/uploads\/2024\/11\/2024-11-11-INTERFORCEDSC_0857-18x12.jpg 18w\" sizes=\"auto, (max-width: 1024px) 100vw, 1024px\" \/><figcaption class=\"wp-element-caption\"><em>Den administrerende direkt\u00f8r i Trusted A\/S, Niels Henrik Olesen, bakker op om Forsvaret og beredskabet.<\/em><\/figcaption><\/figure>\n\n      <\/div>\n  <\/div>\n<div class=\"block core-block core-block--paragraph\">\n      <div class=\"inner inner--small\">\n      \n<p>\u201dDet er jo en form for give-and-take: Har man en medarbejder, der g\u00e5r op i Forsvaret og g\u00e5r til soldat, s\u00e5 ved man ogs\u00e5, de har nogle f\u00e6rdigheder. De kan tage ansvar og klare ting under pres. S\u00e5 jeg ser det som et stort plus\u201d, siger han.<\/p>\n\n      <\/div>\n  <\/div>\n<div class=\"block core-block core-block--image\">\n      <div class=\"inner inner--small\">\n      \n<figure class=\"wp-block-image size-large\"><img loading=\"lazy\" decoding=\"async\" width=\"1024\" height=\"739\" src=\"https:\/\/www.interforce.dk\/app\/uploads\/2024\/11\/2024-11-11-INTERFORCE_DSC8270-1024x739.jpg\" alt=\"REGAN Vest\" class=\"wp-image-16842\" srcset=\"https:\/\/www.interforce.dk\/app\/uploads\/2024\/11\/2024-11-11-INTERFORCE_DSC8270-1024x739.jpg 1024w, https:\/\/www.interforce.dk\/app\/uploads\/2024\/11\/2024-11-11-INTERFORCE_DSC8270-300x217.jpg 300w, https:\/\/www.interforce.dk\/app\/uploads\/2024\/11\/2024-11-11-INTERFORCE_DSC8270-768x555.jpg 768w, https:\/\/www.interforce.dk\/app\/uploads\/2024\/11\/2024-11-11-INTERFORCE_DSC8270-1536x1109.jpg 1536w, https:\/\/www.interforce.dk\/app\/uploads\/2024\/11\/2024-11-11-INTERFORCE_DSC8270-2048x1479.jpg 2048w, https:\/\/www.interforce.dk\/app\/uploads\/2024\/11\/2024-11-11-INTERFORCE_DSC8270-18x12.jpg 18w\" sizes=\"auto, (max-width: 1024px) 100vw, 1024px\" \/><figcaption class=\"wp-element-caption\"><em>REGAN Vest-bunkeren syner ikke af meget oven p\u00e5 jorden, i Rold Skov. Men dybt under jorden breder anl\u00e6gget sig ud i vidt spredte gange. <\/em><\/figcaption><\/figure>\n\n      <\/div>\n  <\/div>\n<div class=\"block core-block core-block--heading\">\n      <div class=\"inner inner--small\">\n      \n<h2 class=\"wp-block-heading\">Fri til tjeneste<\/h2>\n\n      <\/div>\n  <\/div>\n<div class=\"block core-block core-block--paragraph\">\n      <div class=\"inner inner--small\">\n      \n<p>Nogle firmaer er med til et Interforcearrangement for f\u00f8rste gang denne aften. Det g\u00e6lder blandt andet Starkad Vagt og Sikkerhed. For firmaets stifter Frank Mikkelsen er det helt oplagt at v\u00e6re medlem af Interforce:<\/p>\n\n      <\/div>\n  <\/div>\n<div class=\"block core-block core-block--paragraph\">\n      <div class=\"inner inner--small\">\n      \n<p>\u201dEn del af de folk, vi har ansat, har milit\u00e6r baggrund. Det vil sige, at de til tider er aktive i Reserven og Hjemmev\u00e6rnet. S\u00e5 synes vi, det er ganske fornuftigt, at de kan f\u00e5 lov at g\u00f8re tjeneste, hvis der er behov for det.\u201d<\/p>\n\n      <\/div>\n  <\/div>\n<div class=\"block core-block core-block--image\">\n      <div class=\"inner inner--small\">\n      \n<figure class=\"wp-block-image size-large\"><img loading=\"lazy\" decoding=\"async\" width=\"1024\" height=\"683\" src=\"https:\/\/www.interforce.dk\/app\/uploads\/2024\/11\/2024-11-11-INTERFORCEDSC_0821-1024x683.jpg\" alt=\"REGAN Vest\" class=\"wp-image-16858\" srcset=\"https:\/\/www.interforce.dk\/app\/uploads\/2024\/11\/2024-11-11-INTERFORCEDSC_0821-1024x683.jpg 1024w, https:\/\/www.interforce.dk\/app\/uploads\/2024\/11\/2024-11-11-INTERFORCEDSC_0821-300x200.jpg 300w, https:\/\/www.interforce.dk\/app\/uploads\/2024\/11\/2024-11-11-INTERFORCEDSC_0821-768x512.jpg 768w, https:\/\/www.interforce.dk\/app\/uploads\/2024\/11\/2024-11-11-INTERFORCEDSC_0821-1536x1024.jpg 1536w, https:\/\/www.interforce.dk\/app\/uploads\/2024\/11\/2024-11-11-INTERFORCEDSC_0821-2048x1365.jpg 2048w, https:\/\/www.interforce.dk\/app\/uploads\/2024\/11\/2024-11-11-INTERFORCEDSC_0821-18x12.jpg 18w\" sizes=\"auto, (max-width: 1024px) 100vw, 1024px\" \/><figcaption class=\"wp-element-caption\"><em>For stifteren af vagtselskabet Starkad Vagt og Sikkerhed, Frank Mikkelsen, er det en naturlig ting at st\u00f8tte op om InterForce. For firmaet har en r\u00e6kke folk ansat med milit\u00e6r baggrund.<\/em><\/figcaption><\/figure>\n\n      <\/div>\n  <\/div>\n<div class=\"block core-block core-block--paragraph\">\n      <div class=\"inner inner--small\">\n      \n<p>Arrangementet byder ikke alene p\u00e5 rundvisning i bunkeranl\u00e6gget, men ogs\u00e5 p\u00e5 opl\u00e6g om ny droneteknologi, kriseledelse og Siriuspatruljens arbejde.<\/p>\n\n      <\/div>\n  <\/div>\n<div class=\"block core-block core-block--image\">\n      <div class=\"inner inner--small\">\n      \n<figure class=\"wp-block-image size-large\"><img loading=\"lazy\" decoding=\"async\" width=\"1024\" height=\"739\" src=\"https:\/\/www.interforce.dk\/app\/uploads\/2024\/11\/2024-11-11-INTERFORCE_DSC8426-1024x739.jpg\" alt=\"REGAN Vest\" class=\"wp-image-16856\" srcset=\"https:\/\/www.interforce.dk\/app\/uploads\/2024\/11\/2024-11-11-INTERFORCE_DSC8426-1024x739.jpg 1024w, https:\/\/www.interforce.dk\/app\/uploads\/2024\/11\/2024-11-11-INTERFORCE_DSC8426-300x217.jpg 300w, https:\/\/www.interforce.dk\/app\/uploads\/2024\/11\/2024-11-11-INTERFORCE_DSC8426-768x555.jpg 768w, https:\/\/www.interforce.dk\/app\/uploads\/2024\/11\/2024-11-11-INTERFORCE_DSC8426-1536x1109.jpg 1536w, https:\/\/www.interforce.dk\/app\/uploads\/2024\/11\/2024-11-11-INTERFORCE_DSC8426-2048x1479.jpg 2048w, https:\/\/www.interforce.dk\/app\/uploads\/2024\/11\/2024-11-11-INTERFORCE_DSC8426-18x12.jpg 18w\" sizes=\"auto, (max-width: 1024px) 100vw, 1024px\" \/><figcaption class=\"wp-element-caption\"><em>Til arrangementet fik deltagerne ogs\u00e5 mulighed for at m\u00f8de medlemmer af Siriuspatruljen og h\u00f8re om deres arbejde.<\/em><\/figcaption><\/figure>\n\n      <\/div>\n  <\/div>\n<div class=\"block core-block core-block--heading\">\n      <div class=\"inner inner--small\">\n      \n<h2 class=\"wp-block-heading\">Kriseberedskab<\/h2>\n\n      <\/div>\n  <\/div>\n<div class=\"block core-block core-block--paragraph\">\n      <div class=\"inner inner--small\">\n      \n<p>Da Regionsambassad\u00f8r Per B\u00f8ch Andersen runder aftenen af, er der flere gode ting, Frank Mikkelsen tager med hjem fra aftenens opl\u00e6g:<\/p>\n\n      <\/div>\n  <\/div>\n<div class=\"block core-block core-block--paragraph\">\n      <div class=\"inner inner--small\">\n      \n<p>\u201dJeg synes, det har v\u00e6ret fremragende og utroligt sp\u00e6ndende. B\u00e5de det at se REGAN Vest og s\u00e5 de opl\u00e6g, vi har v\u00e6ret til. S\u00e6rligt kriseberedskabet synes jeg har v\u00e6ret rigtig sp\u00e6ndende, da det taler ind i noget af det, vi arbejder med i vores virksomhed. Men ogs\u00e5 fordi det er noget, vi kan l\u00e6re noget af.\u201d<\/p>\n\n      <\/div>\n  <\/div>\n<div class=\"block core-block core-block--image\">\n      <div class=\"inner inner--small\">\n      \n<figure class=\"wp-block-image size-large\"><img loading=\"lazy\" decoding=\"async\" width=\"1024\" height=\"739\" src=\"https:\/\/www.interforce.dk\/app\/uploads\/2024\/11\/2024-11-11-INTERFORCE_DSC8229-1024x739.jpg\" alt=\"REGAN Vest\" class=\"wp-image-16838\" srcset=\"https:\/\/www.interforce.dk\/app\/uploads\/2024\/11\/2024-11-11-INTERFORCE_DSC8229-1024x739.jpg 1024w, https:\/\/www.interforce.dk\/app\/uploads\/2024\/11\/2024-11-11-INTERFORCE_DSC8229-300x217.jpg 300w, https:\/\/www.interforce.dk\/app\/uploads\/2024\/11\/2024-11-11-INTERFORCE_DSC8229-768x555.jpg 768w, https:\/\/www.interforce.dk\/app\/uploads\/2024\/11\/2024-11-11-INTERFORCE_DSC8229-1536x1109.jpg 1536w, https:\/\/www.interforce.dk\/app\/uploads\/2024\/11\/2024-11-11-INTERFORCE_DSC8229-2048x1479.jpg 2048w, https:\/\/www.interforce.dk\/app\/uploads\/2024\/11\/2024-11-11-INTERFORCE_DSC8229-18x12.jpg 18w\" sizes=\"auto, (max-width: 1024px) 100vw, 1024px\" \/><figcaption class=\"wp-element-caption\"><em>Regionsambassad\u00f8r for InterForce Region Midtjylland Per B\u00f8ch Andersen runder aftenen af.<\/em><\/figcaption><\/figure>\n\n      <\/div>\n  <\/div>","protected":false},"excerpt":{"rendered":"45 medlemsvirksomheder bes\u00f8gte REGAN Vest i Rold Skov med InterForce...","protected":false},"author":111,"featured_media":16854,"comment_status":"closed","ping_status":"closed","sticky":false,"template":"","format":"standard","meta":{"_acf_changed":false,"footnotes":""},"categories":[13],"tags":[52],"class_list":["post-16837","post","type-post","status-publish","format-standard","has-post-thumbnail","hentry","category-events","tag-tag-midtjylland"],"acf":[],"yoast_head":"<!-- This site is optimized with the Yoast SEO plugin v27.3 - https:\/\/yoast.com\/product\/yoast-seo-wordpress\/ -->\n<title>Med InterForce i bunkeren REGAN Vest - InterForce<\/title>\n<meta name=\"description\" content=\"45 medlemsvirksomheder kom med dybt ned under jorden, da de bes\u00f8gte bunkeranl\u00e6gget REGAN Vest i Rold Skov med InterForce.\" \/>\n<meta name=\"robots\" content=\"index, follow, max-snippet:-1, max-image-preview:large, max-video-preview:-1\" \/>\n<link rel=\"canonical\" href=\"https:\/\/www.interforce.dk\/en\/med-interforce-i-bunkeren-regan-vest\/\" \/>\n<meta property=\"og:locale\" content=\"en_GB\" \/>\n<meta property=\"og:type\" content=\"article\" \/>\n<meta property=\"og:title\" content=\"Med InterForce i bunkeren REGAN Vest - InterForce\" \/>\n<meta property=\"og:description\" content=\"45 medlemsvirksomheder kom med dybt ned under jorden, da de bes\u00f8gte bunkeranl\u00e6gget REGAN Vest i Rold Skov med InterForce.\" \/>\n<meta property=\"og:url\" content=\"https:\/\/www.interforce.dk\/en\/med-interforce-i-bunkeren-regan-vest\/\" \/>\n<meta property=\"og:site_name\" content=\"InterForce\" \/>\n<meta property=\"article:published_time\" content=\"2024-11-20T08:46:28+00:00\" \/>\n<meta property=\"article:modified_time\" content=\"2024-11-20T09:00:14+00:00\" \/>\n<meta property=\"og:image\" content=\"https:\/\/www.interforce.dk\/app\/uploads\/2024\/11\/2024-11-11-INTERFORCE_DSC8360.jpg\" \/>\n\t<meta property=\"og:image:width\" content=\"2126\" \/>\n\t<meta property=\"og:image:height\" content=\"1535\" \/>\n\t<meta property=\"og:image:type\" content=\"image\/jpeg\" \/>\n<meta name=\"author\" content=\"Simon Staffeldt Schou\" \/>\n<meta name=\"twitter:card\" content=\"summary_large_image\" \/>\n<meta name=\"twitter:label1\" content=\"Written by\" \/>\n\t<meta name=\"twitter:data1\" content=\"Simon Staffeldt Schou\" \/>\n\t<meta name=\"twitter:label2\" content=\"Est. reading time\" \/>\n\t<meta name=\"twitter:data2\" content=\"3 minutes\" \/>\n<script type=\"application\/ld+json\" class=\"yoast-schema-graph\">{\"@context\":\"https:\\\/\\\/schema.org\",\"@graph\":[{\"@type\":\"Article\",\"@id\":\"https:\\\/\\\/www.interforce.dk\\\/med-interforce-i-bunkeren-regan-vest\\\/#article\",\"isPartOf\":{\"@id\":\"https:\\\/\\\/www.interforce.dk\\\/med-interforce-i-bunkeren-regan-vest\\\/\"},\"author\":{\"name\":\"Simon Staffeldt Schou\",\"@id\":\"https:\\\/\\\/www.interforce.dk\\\/#\\\/schema\\\/person\\\/3604a2bb29e48048ea484fbfb3703fad\"},\"headline\":\"Med InterForce i bunkeren REGAN Vest\",\"datePublished\":\"2024-11-20T08:46:28+00:00\",\"dateModified\":\"2024-11-20T09:00:14+00:00\",\"mainEntityOfPage\":{\"@id\":\"https:\\\/\\\/www.interforce.dk\\\/med-interforce-i-bunkeren-regan-vest\\\/\"},\"wordCount\":640,\"image\":{\"@id\":\"https:\\\/\\\/www.interforce.dk\\\/med-interforce-i-bunkeren-regan-vest\\\/#primaryimage\"},\"thumbnailUrl\":\"https:\\\/\\\/www.interforce.dk\\\/app\\\/uploads\\\/2024\\\/11\\\/2024-11-11-INTERFORCE_DSC8360.jpg\",\"keywords\":[\"Tag:Midtjylland\"],\"articleSection\":[\"Arrangementsomtale\"],\"inLanguage\":\"en-GB\"},{\"@type\":\"WebPage\",\"@id\":\"https:\\\/\\\/www.interforce.dk\\\/med-interforce-i-bunkeren-regan-vest\\\/\",\"url\":\"https:\\\/\\\/www.interforce.dk\\\/med-interforce-i-bunkeren-regan-vest\\\/\",\"name\":\"Med InterForce i bunkeren REGAN Vest - InterForce\",\"isPartOf\":{\"@id\":\"https:\\\/\\\/www.interforce.dk\\\/#website\"},\"primaryImageOfPage\":{\"@id\":\"https:\\\/\\\/www.interforce.dk\\\/med-interforce-i-bunkeren-regan-vest\\\/#primaryimage\"},\"image\":{\"@id\":\"https:\\\/\\\/www.interforce.dk\\\/med-interforce-i-bunkeren-regan-vest\\\/#primaryimage\"},\"thumbnailUrl\":\"https:\\\/\\\/www.interforce.dk\\\/app\\\/uploads\\\/2024\\\/11\\\/2024-11-11-INTERFORCE_DSC8360.jpg\",\"datePublished\":\"2024-11-20T08:46:28+00:00\",\"dateModified\":\"2024-11-20T09:00:14+00:00\",\"author\":{\"@id\":\"https:\\\/\\\/www.interforce.dk\\\/#\\\/schema\\\/person\\\/3604a2bb29e48048ea484fbfb3703fad\"},\"description\":\"45 medlemsvirksomheder kom med dybt ned under jorden, da de bes\u00f8gte bunkeranl\u00e6gget REGAN Vest i Rold Skov med InterForce.\",\"breadcrumb\":{\"@id\":\"https:\\\/\\\/www.interforce.dk\\\/med-interforce-i-bunkeren-regan-vest\\\/#breadcrumb\"},\"inLanguage\":\"en-GB\",\"potentialAction\":[{\"@type\":\"ReadAction\",\"target\":[\"https:\\\/\\\/www.interforce.dk\\\/med-interforce-i-bunkeren-regan-vest\\\/\"]}]},{\"@type\":\"ImageObject\",\"inLanguage\":\"en-GB\",\"@id\":\"https:\\\/\\\/www.interforce.dk\\\/med-interforce-i-bunkeren-regan-vest\\\/#primaryimage\",\"url\":\"https:\\\/\\\/www.interforce.dk\\\/app\\\/uploads\\\/2024\\\/11\\\/2024-11-11-INTERFORCE_DSC8360.jpg\",\"contentUrl\":\"https:\\\/\\\/www.interforce.dk\\\/app\\\/uploads\\\/2024\\\/11\\\/2024-11-11-INTERFORCE_DSC8360.jpg\",\"width\":2126,\"height\":1535,\"caption\":\"REGAN Vest\"},{\"@type\":\"BreadcrumbList\",\"@id\":\"https:\\\/\\\/www.interforce.dk\\\/med-interforce-i-bunkeren-regan-vest\\\/#breadcrumb\",\"itemListElement\":[{\"@type\":\"ListItem\",\"position\":1,\"name\":\"Hjem\",\"item\":\"https:\\\/\\\/www.interforce.dk\\\/\"},{\"@type\":\"ListItem\",\"position\":2,\"name\":\"Med InterForce i bunkeren REGAN Vest\"}]},{\"@type\":\"WebSite\",\"@id\":\"https:\\\/\\\/www.interforce.dk\\\/#website\",\"url\":\"https:\\\/\\\/www.interforce.dk\\\/\",\"name\":\"InterForce\",\"description\":\"\",\"potentialAction\":[{\"@type\":\"SearchAction\",\"target\":{\"@type\":\"EntryPoint\",\"urlTemplate\":\"https:\\\/\\\/www.interforce.dk\\\/?s={search_term_string}\"},\"query-input\":{\"@type\":\"PropertyValueSpecification\",\"valueRequired\":true,\"valueName\":\"search_term_string\"}}],\"inLanguage\":\"en-GB\"},{\"@type\":\"Person\",\"@id\":\"https:\\\/\\\/www.interforce.dk\\\/#\\\/schema\\\/person\\\/3604a2bb29e48048ea484fbfb3703fad\",\"name\":\"Simon Staffeldt Schou\",\"image\":{\"@type\":\"ImageObject\",\"inLanguage\":\"en-GB\",\"@id\":\"https:\\\/\\\/secure.gravatar.com\\\/avatar\\\/1ff3b89414668243258c5ed26b84872c273dcdf7fe7ee0c553a52e1b4c2002fd?s=96&d=mm&r=g\",\"url\":\"https:\\\/\\\/secure.gravatar.com\\\/avatar\\\/1ff3b89414668243258c5ed26b84872c273dcdf7fe7ee0c553a52e1b4c2002fd?s=96&d=mm&r=g\",\"contentUrl\":\"https:\\\/\\\/secure.gravatar.com\\\/avatar\\\/1ff3b89414668243258c5ed26b84872c273dcdf7fe7ee0c553a52e1b4c2002fd?s=96&d=mm&r=g\",\"caption\":\"Simon Staffeldt Schou\"},\"url\":\"https:\\\/\\\/www.interforce.dk\\\/en\\\/author\\\/simon\\\/\"}]}<\/script>\n<!-- \/ Yoast SEO plugin. -->","yoast_head_json":{"title":"Med InterForce i bunkeren REGAN Vest - InterForce","description":"45 medlemsvirksomheder kom med dybt ned under jorden, da de bes\u00f8gte bunkeranl\u00e6gget REGAN Vest i Rold Skov med InterForce.","robots":{"index":"index","follow":"follow","max-snippet":"max-snippet:-1","max-image-preview":"max-image-preview:large","max-video-preview":"max-video-preview:-1"},"canonical":"https:\/\/www.interforce.dk\/en\/med-interforce-i-bunkeren-regan-vest\/","og_locale":"en_GB","og_type":"article","og_title":"Med InterForce i bunkeren REGAN Vest - InterForce","og_description":"45 medlemsvirksomheder kom med dybt ned under jorden, da de bes\u00f8gte bunkeranl\u00e6gget REGAN Vest i Rold Skov med InterForce.","og_url":"https:\/\/www.interforce.dk\/en\/med-interforce-i-bunkeren-regan-vest\/","og_site_name":"InterForce","article_published_time":"2024-11-20T08:46:28+00:00","article_modified_time":"2024-11-20T09:00:14+00:00","og_image":[{"width":2126,"height":1535,"url":"https:\/\/www.interforce.dk\/app\/uploads\/2024\/11\/2024-11-11-INTERFORCE_DSC8360.jpg","type":"image\/jpeg"}],"author":"Simon Staffeldt Schou","twitter_card":"summary_large_image","twitter_misc":{"Written by":"Simon Staffeldt Schou","Est. reading time":"3 minutes"},"schema":{"@context":"https:\/\/schema.org","@graph":[{"@type":"Article","@id":"https:\/\/www.interforce.dk\/med-interforce-i-bunkeren-regan-vest\/#article","isPartOf":{"@id":"https:\/\/www.interforce.dk\/med-interforce-i-bunkeren-regan-vest\/"},"author":{"name":"Simon Staffeldt Schou","@id":"https:\/\/www.interforce.dk\/#\/schema\/person\/3604a2bb29e48048ea484fbfb3703fad"},"headline":"Med InterForce i bunkeren REGAN Vest","datePublished":"2024-11-20T08:46:28+00:00","dateModified":"2024-11-20T09:00:14+00:00","mainEntityOfPage":{"@id":"https:\/\/www.interforce.dk\/med-interforce-i-bunkeren-regan-vest\/"},"wordCount":640,"image":{"@id":"https:\/\/www.interforce.dk\/med-interforce-i-bunkeren-regan-vest\/#primaryimage"},"thumbnailUrl":"https:\/\/www.interforce.dk\/app\/uploads\/2024\/11\/2024-11-11-INTERFORCE_DSC8360.jpg","keywords":["Tag:Midtjylland"],"articleSection":["Arrangementsomtale"],"inLanguage":"en-GB"},{"@type":"WebPage","@id":"https:\/\/www.interforce.dk\/med-interforce-i-bunkeren-regan-vest\/","url":"https:\/\/www.interforce.dk\/med-interforce-i-bunkeren-regan-vest\/","name":"Med InterForce i bunkeren REGAN Vest - InterForce","isPartOf":{"@id":"https:\/\/www.interforce.dk\/#website"},"primaryImageOfPage":{"@id":"https:\/\/www.interforce.dk\/med-interforce-i-bunkeren-regan-vest\/#primaryimage"},"image":{"@id":"https:\/\/www.interforce.dk\/med-interforce-i-bunkeren-regan-vest\/#primaryimage"},"thumbnailUrl":"https:\/\/www.interforce.dk\/app\/uploads\/2024\/11\/2024-11-11-INTERFORCE_DSC8360.jpg","datePublished":"2024-11-20T08:46:28+00:00","dateModified":"2024-11-20T09:00:14+00:00","author":{"@id":"https:\/\/www.interforce.dk\/#\/schema\/person\/3604a2bb29e48048ea484fbfb3703fad"},"description":"45 medlemsvirksomheder kom med dybt ned under jorden, da de bes\u00f8gte bunkeranl\u00e6gget REGAN Vest i Rold Skov med InterForce.","breadcrumb":{"@id":"https:\/\/www.interforce.dk\/med-interforce-i-bunkeren-regan-vest\/#breadcrumb"},"inLanguage":"en-GB","potentialAction":[{"@type":"ReadAction","target":["https:\/\/www.interforce.dk\/med-interforce-i-bunkeren-regan-vest\/"]}]},{"@type":"ImageObject","inLanguage":"en-GB","@id":"https:\/\/www.interforce.dk\/med-interforce-i-bunkeren-regan-vest\/#primaryimage","url":"https:\/\/www.interforce.dk\/app\/uploads\/2024\/11\/2024-11-11-INTERFORCE_DSC8360.jpg","contentUrl":"https:\/\/www.interforce.dk\/app\/uploads\/2024\/11\/2024-11-11-INTERFORCE_DSC8360.jpg","width":2126,"height":1535,"caption":"REGAN Vest"},{"@type":"BreadcrumbList","@id":"https:\/\/www.interforce.dk\/med-interforce-i-bunkeren-regan-vest\/#breadcrumb","itemListElement":[{"@type":"ListItem","position":1,"name":"Hjem","item":"https:\/\/www.interforce.dk\/"},{"@type":"ListItem","position":2,"name":"Med InterForce i bunkeren REGAN Vest"}]},{"@type":"WebSite","@id":"https:\/\/www.interforce.dk\/#website","url":"https:\/\/www.interforce.dk\/","name":"InterForce","description":"","potentialAction":[{"@type":"SearchAction","target":{"@type":"EntryPoint","urlTemplate":"https:\/\/www.interforce.dk\/?s={search_term_string}"},"query-input":{"@type":"PropertyValueSpecification","valueRequired":true,"valueName":"search_term_string"}}],"inLanguage":"en-GB"},{"@type":"Person","@id":"https:\/\/www.interforce.dk\/#\/schema\/person\/3604a2bb29e48048ea484fbfb3703fad","name":"Simon Staffeldt Schou","image":{"@type":"ImageObject","inLanguage":"en-GB","@id":"https:\/\/secure.gravatar.com\/avatar\/1ff3b89414668243258c5ed26b84872c273dcdf7fe7ee0c553a52e1b4c2002fd?s=96&d=mm&r=g","url":"https:\/\/secure.gravatar.com\/avatar\/1ff3b89414668243258c5ed26b84872c273dcdf7fe7ee0c553a52e1b4c2002fd?s=96&d=mm&r=g","contentUrl":"https:\/\/secure.gravatar.com\/avatar\/1ff3b89414668243258c5ed26b84872c273dcdf7fe7ee0c553a52e1b4c2002fd?s=96&d=mm&r=g","caption":"Simon Staffeldt Schou"},"url":"https:\/\/www.interforce.dk\/en\/author\/simon\/"}]}},"_links":{"self":[{"href":"https:\/\/www.interforce.dk\/en\/wp-json\/wp\/v2\/posts\/16837","targetHints":{"allow":["GET"]}}],"collection":[{"href":"https:\/\/www.interforce.dk\/en\/wp-json\/wp\/v2\/posts"}],"about":[{"href":"https:\/\/www.interforce.dk\/en\/wp-json\/wp\/v2\/types\/post"}],"author":[{"embeddable":true,"href":"https:\/\/www.interforce.dk\/en\/wp-json\/wp\/v2\/users\/111"}],"replies":[{"embeddable":true,"href":"https:\/\/www.interforce.dk\/en\/wp-json\/wp\/v2\/comments?post=16837"}],"version-history":[{"count":2,"href":"https:\/\/www.interforce.dk\/en\/wp-json\/wp\/v2\/posts\/16837\/revisions"}],"predecessor-version":[{"id":16862,"href":"https:\/\/www.interforce.dk\/en\/wp-json\/wp\/v2\/posts\/16837\/revisions\/16862"}],"wp:featuredmedia":[{"embeddable":true,"href":"https:\/\/www.interforce.dk\/en\/wp-json\/wp\/v2\/media\/16854"}],"wp:attachment":[{"href":"https:\/\/www.interforce.dk\/en\/wp-json\/wp\/v2\/media?parent=16837"}],"wp:term":[{"taxonomy":"category","embeddable":true,"href":"https:\/\/www.interforce.dk\/en\/wp-json\/wp\/v2\/categories?post=16837"},{"taxonomy":"post_tag","embeddable":true,"href":"https:\/\/www.interforce.dk\/en\/wp-json\/wp\/v2\/tags?post=16837"}],"curies":[{"name":"wp","href":"https:\/\/api.w.org\/{rel}","templated":true}]}}