{"id":16785,"date":"2024-11-04T12:51:20","date_gmt":"2024-11-04T12:51:20","guid":{"rendered":"https:\/\/www.interforce.dk\/?p=16785"},"modified":"2024-11-04T12:52:04","modified_gmt":"2024-11-04T12:52:04","slug":"hvad-hvis-krigen-kommer","status":"publish","type":"post","link":"https:\/\/www.interforce.dk\/en\/hvad-hvis-krigen-kommer\/","title":{"rendered":"Hvad hvis krigen kommer?"},"content":{"rendered":"<div class=\"block core-block core-block--image\">\n      <div class=\"inner inner--small\">\n      \n<figure class=\"wp-block-image size-large\"><img loading=\"lazy\" decoding=\"async\" width=\"1024\" height=\"683\" src=\"https:\/\/www.interforce.dk\/app\/uploads\/2024\/11\/IMG_0700-1-1024x683.jpg\" alt=\"\" class=\"wp-image-16793\" srcset=\"https:\/\/www.interforce.dk\/app\/uploads\/2024\/11\/IMG_0700-1-1024x683.jpg 1024w, https:\/\/www.interforce.dk\/app\/uploads\/2024\/11\/IMG_0700-1-300x200.jpg 300w, https:\/\/www.interforce.dk\/app\/uploads\/2024\/11\/IMG_0700-1-768x512.jpg 768w, https:\/\/www.interforce.dk\/app\/uploads\/2024\/11\/IMG_0700-1-1536x1024.jpg 1536w, https:\/\/www.interforce.dk\/app\/uploads\/2024\/11\/IMG_0700-1-2048x1365.jpg 2048w, https:\/\/www.interforce.dk\/app\/uploads\/2024\/11\/IMG_0700-1-18x12.jpg 18w\" sizes=\"auto, (max-width: 1024px) 100vw, 1024px\" \/><\/figure>\n\n      <\/div>\n  <\/div>\n<div class=\"block core-block core-block--paragraph\">\n      <div class=\"inner inner--small\">\n      \n<p>Roskilde var for nylig ramme for et vigtigt arrangement om forsvar og beredskab, da InterForce Region Sj\u00e6lland afholdt eventet &#8216;Hvis krigen kommer&#8217;. Her deltog repr\u00e6sentanter fra 30 virksomheder, der blev informeret om de strategiske og praktiske tiltag, som skal sikre Danmark og vores kritiske infrastruktur i tilf\u00e6lde af en milit\u00e6r konflikt.<\/p>\n\n      <\/div>\n  <\/div>\n<div class=\"block core-block core-block--image align-right\">\n      <div class=\"inner inner--small\">\n      \n<figure class=\"wp-block-image alignright size-large is-resized\"><img loading=\"lazy\" decoding=\"async\" width=\"1024\" height=\"683\" src=\"https:\/\/www.interforce.dk\/app\/uploads\/2024\/11\/IMG_0728-1-1024x683.jpg\" alt=\"\" class=\"wp-image-16794\" style=\"width:363px;height:auto\" srcset=\"https:\/\/www.interforce.dk\/app\/uploads\/2024\/11\/IMG_0728-1-1024x683.jpg 1024w, https:\/\/www.interforce.dk\/app\/uploads\/2024\/11\/IMG_0728-1-300x200.jpg 300w, https:\/\/www.interforce.dk\/app\/uploads\/2024\/11\/IMG_0728-1-768x512.jpg 768w, https:\/\/www.interforce.dk\/app\/uploads\/2024\/11\/IMG_0728-1-1536x1024.jpg 1536w, https:\/\/www.interforce.dk\/app\/uploads\/2024\/11\/IMG_0728-1-2048x1365.jpg 2048w, https:\/\/www.interforce.dk\/app\/uploads\/2024\/11\/IMG_0728-1-18x12.jpg 18w\" sizes=\"auto, (max-width: 1024px) 100vw, 1024px\" \/><\/figure>\n\n      <\/div>\n  <\/div>\n<div class=\"block core-block core-block--paragraph\">\n      <div class=\"inner inner--small\">\n      \n<p>Oberstl\u00f8jtnant Kristian Kirsch Bentzen, chef for H\u00e6rhjemmev\u00e6rnsdistrikt Midt og Vestsj\u00e6lland, pr\u00e6senterede planerne for forsvaret af Danmark. Hans opl\u00e6g gav indsigt i, hvordan milit\u00e6ret og det civile samfund kan samarbejde om at beskytte vital infrastruktur og sikre landets stabilitet under ekstreme forhold.<\/p>\n\n      <\/div>\n  <\/div>\n<div class=\"block core-block core-block--paragraph\">\n      <div class=\"inner inner--small\">\n      \n<p>Thomas Ludvigsen, InterForce Ambassad\u00f8r, orienterede virksomhederne om InterForces arbejde og deres muligheder for at st\u00f8tte det danske forsvar og beredskab. InterForce er et samarbejde mellem Forsvaret og det private erhvervsliv, der opfordrer danske virksomheder til at v\u00e6re en aktiv del af landets forsvarsberedskab.<\/p>\n\n      <\/div>\n  <\/div>\n<div class=\"block core-block core-block--image align-right\">\n      <div class=\"inner inner--small\">\n      \n<figure class=\"wp-block-image alignright size-large is-resized\"><img loading=\"lazy\" decoding=\"async\" width=\"1024\" height=\"683\" src=\"https:\/\/www.interforce.dk\/app\/uploads\/2024\/11\/IMG_0664-1024x683.jpg\" alt=\"\" class=\"wp-image-16795\" style=\"width:359px;height:auto\" srcset=\"https:\/\/www.interforce.dk\/app\/uploads\/2024\/11\/IMG_0664-1024x683.jpg 1024w, https:\/\/www.interforce.dk\/app\/uploads\/2024\/11\/IMG_0664-300x200.jpg 300w, https:\/\/www.interforce.dk\/app\/uploads\/2024\/11\/IMG_0664-768x512.jpg 768w, https:\/\/www.interforce.dk\/app\/uploads\/2024\/11\/IMG_0664-1536x1024.jpg 1536w, https:\/\/www.interforce.dk\/app\/uploads\/2024\/11\/IMG_0664-2048x1365.jpg 2048w, https:\/\/www.interforce.dk\/app\/uploads\/2024\/11\/IMG_0664-18x12.jpg 18w\" sizes=\"auto, (max-width: 1024px) 100vw, 1024px\" \/><\/figure>\n\n      <\/div>\n  <\/div>\n<div class=\"block core-block core-block--paragraph\">\n      <div class=\"inner inner--small\">\n      \n<p>Arrangementet blev afholdt i Malmos Idverdes lokaler i Roskilde, og der blev rettet en s\u00e6rlig tak til b\u00e5de de deltagende virksomheder og Malmos Idverde for deres engagement i emnet.<\/p>\n\n      <\/div>\n  <\/div>\n<div class=\"block core-block core-block--paragraph\">\n      <div class=\"inner inner--small\">\n      \n<p>L\u00e6s ogs\u00e5: <a href=\"https:\/\/www.interforce.dk\/en\/bred-opbakning-til-interforce\/\">Bred opbakning til InterForce<\/a><\/p>\n\n      <\/div>\n  <\/div>","protected":false},"excerpt":{"rendered":"Roskilde var for nylig ramme for et arrangement om forsvar og beredskab, da Inte...","protected":false},"author":122,"featured_media":16793,"comment_status":"closed","ping_status":"closed","sticky":false,"template":"","format":"standard","meta":{"_acf_changed":false,"footnotes":""},"categories":[13],"tags":[54],"class_list":["post-16785","post","type-post","status-publish","format-standard","has-post-thumbnail","hentry","category-events","tag-tag-sjaelland"],"acf":[],"yoast_head":"<!-- This site is optimized with the Yoast SEO plugin v27.3 - https:\/\/yoast.com\/product\/yoast-seo-wordpress\/ -->\n<title>Hvad hvis krigen kommer? - InterForce<\/title>\n<meta name=\"description\" content=\"Roskilde var for nylig ramme for et arrangement om forsvar og beredskab, da InterForce Region Sj\u00e6lland afholdt eventet &#039;Hvis krigen kommer&#039;.\" \/>\n<meta name=\"robots\" content=\"index, follow, max-snippet:-1, max-image-preview:large, max-video-preview:-1\" \/>\n<link rel=\"canonical\" href=\"https:\/\/www.interforce.dk\/en\/hvad-hvis-krigen-kommer\/\" \/>\n<meta property=\"og:locale\" content=\"en_GB\" \/>\n<meta property=\"og:type\" content=\"article\" \/>\n<meta property=\"og:title\" content=\"Hvad hvis krigen kommer? - InterForce\" \/>\n<meta property=\"og:description\" content=\"Roskilde var for nylig ramme for et arrangement om forsvar og beredskab, da InterForce Region Sj\u00e6lland afholdt eventet &#039;Hvis krigen kommer&#039;.\" \/>\n<meta property=\"og:url\" content=\"https:\/\/www.interforce.dk\/en\/hvad-hvis-krigen-kommer\/\" \/>\n<meta property=\"og:site_name\" content=\"InterForce\" \/>\n<meta property=\"article:published_time\" content=\"2024-11-04T12:51:20+00:00\" \/>\n<meta property=\"article:modified_time\" content=\"2024-11-04T12:52:04+00:00\" \/>\n<meta property=\"og:image\" content=\"https:\/\/www.interforce.dk\/app\/uploads\/2024\/11\/IMG_0700-1-scaled.jpg\" \/>\n\t<meta property=\"og:image:width\" content=\"2560\" \/>\n\t<meta property=\"og:image:height\" content=\"1707\" \/>\n\t<meta property=\"og:image:type\" content=\"image\/jpeg\" \/>\n<meta name=\"author\" content=\"Anton Rask Hauge Steffensen\" \/>\n<meta name=\"twitter:card\" content=\"summary_large_image\" \/>\n<meta name=\"twitter:label1\" content=\"Written by\" \/>\n\t<meta name=\"twitter:data1\" content=\"Anton Rask Hauge Steffensen\" \/>\n\t<meta name=\"twitter:label2\" content=\"Est. reading time\" \/>\n\t<meta name=\"twitter:data2\" content=\"1 minute\" \/>\n<script type=\"application\/ld+json\" class=\"yoast-schema-graph\">{\"@context\":\"https:\\\/\\\/schema.org\",\"@graph\":[{\"@type\":\"Article\",\"@id\":\"https:\\\/\\\/www.interforce.dk\\\/hvad-hvis-krigen-kommer\\\/#article\",\"isPartOf\":{\"@id\":\"https:\\\/\\\/www.interforce.dk\\\/hvad-hvis-krigen-kommer\\\/\"},\"author\":{\"name\":\"Anton Rask Hauge Steffensen\",\"@id\":\"https:\\\/\\\/www.interforce.dk\\\/#\\\/schema\\\/person\\\/93de0ad27fec55a2f38d2195162834c7\"},\"headline\":\"Hvad hvis krigen kommer?\",\"datePublished\":\"2024-11-04T12:51:20+00:00\",\"dateModified\":\"2024-11-04T12:52:04+00:00\",\"mainEntityOfPage\":{\"@id\":\"https:\\\/\\\/www.interforce.dk\\\/hvad-hvis-krigen-kommer\\\/\"},\"wordCount\":190,\"image\":{\"@id\":\"https:\\\/\\\/www.interforce.dk\\\/hvad-hvis-krigen-kommer\\\/#primaryimage\"},\"thumbnailUrl\":\"https:\\\/\\\/www.interforce.dk\\\/app\\\/uploads\\\/2024\\\/11\\\/IMG_0700-1-scaled.jpg\",\"keywords\":[\"Tag:Sj\u00e6lland\"],\"articleSection\":[\"Arrangementsomtale\"],\"inLanguage\":\"en-GB\"},{\"@type\":\"WebPage\",\"@id\":\"https:\\\/\\\/www.interforce.dk\\\/hvad-hvis-krigen-kommer\\\/\",\"url\":\"https:\\\/\\\/www.interforce.dk\\\/hvad-hvis-krigen-kommer\\\/\",\"name\":\"Hvad hvis krigen kommer? - InterForce\",\"isPartOf\":{\"@id\":\"https:\\\/\\\/www.interforce.dk\\\/#website\"},\"primaryImageOfPage\":{\"@id\":\"https:\\\/\\\/www.interforce.dk\\\/hvad-hvis-krigen-kommer\\\/#primaryimage\"},\"image\":{\"@id\":\"https:\\\/\\\/www.interforce.dk\\\/hvad-hvis-krigen-kommer\\\/#primaryimage\"},\"thumbnailUrl\":\"https:\\\/\\\/www.interforce.dk\\\/app\\\/uploads\\\/2024\\\/11\\\/IMG_0700-1-scaled.jpg\",\"datePublished\":\"2024-11-04T12:51:20+00:00\",\"dateModified\":\"2024-11-04T12:52:04+00:00\",\"author\":{\"@id\":\"https:\\\/\\\/www.interforce.dk\\\/#\\\/schema\\\/person\\\/93de0ad27fec55a2f38d2195162834c7\"},\"description\":\"Roskilde var for nylig ramme for et arrangement om forsvar og beredskab, da InterForce Region Sj\u00e6lland afholdt eventet 'Hvis krigen kommer'.\",\"breadcrumb\":{\"@id\":\"https:\\\/\\\/www.interforce.dk\\\/hvad-hvis-krigen-kommer\\\/#breadcrumb\"},\"inLanguage\":\"en-GB\",\"potentialAction\":[{\"@type\":\"ReadAction\",\"target\":[\"https:\\\/\\\/www.interforce.dk\\\/hvad-hvis-krigen-kommer\\\/\"]}]},{\"@type\":\"ImageObject\",\"inLanguage\":\"en-GB\",\"@id\":\"https:\\\/\\\/www.interforce.dk\\\/hvad-hvis-krigen-kommer\\\/#primaryimage\",\"url\":\"https:\\\/\\\/www.interforce.dk\\\/app\\\/uploads\\\/2024\\\/11\\\/IMG_0700-1-scaled.jpg\",\"contentUrl\":\"https:\\\/\\\/www.interforce.dk\\\/app\\\/uploads\\\/2024\\\/11\\\/IMG_0700-1-scaled.jpg\",\"width\":2560,\"height\":1707},{\"@type\":\"BreadcrumbList\",\"@id\":\"https:\\\/\\\/www.interforce.dk\\\/hvad-hvis-krigen-kommer\\\/#breadcrumb\",\"itemListElement\":[{\"@type\":\"ListItem\",\"position\":1,\"name\":\"Hjem\",\"item\":\"https:\\\/\\\/www.interforce.dk\\\/\"},{\"@type\":\"ListItem\",\"position\":2,\"name\":\"Hvad hvis krigen kommer?\"}]},{\"@type\":\"WebSite\",\"@id\":\"https:\\\/\\\/www.interforce.dk\\\/#website\",\"url\":\"https:\\\/\\\/www.interforce.dk\\\/\",\"name\":\"InterForce\",\"description\":\"\",\"potentialAction\":[{\"@type\":\"SearchAction\",\"target\":{\"@type\":\"EntryPoint\",\"urlTemplate\":\"https:\\\/\\\/www.interforce.dk\\\/?s={search_term_string}\"},\"query-input\":{\"@type\":\"PropertyValueSpecification\",\"valueRequired\":true,\"valueName\":\"search_term_string\"}}],\"inLanguage\":\"en-GB\"},{\"@type\":\"Person\",\"@id\":\"https:\\\/\\\/www.interforce.dk\\\/#\\\/schema\\\/person\\\/93de0ad27fec55a2f38d2195162834c7\",\"name\":\"Anton Rask Hauge Steffensen\",\"image\":{\"@type\":\"ImageObject\",\"inLanguage\":\"en-GB\",\"@id\":\"https:\\\/\\\/secure.gravatar.com\\\/avatar\\\/8e4247cfae5f9f3cbd0c18740bdc45f335fc586e35e954f20e626e45d46e568d?s=96&d=mm&r=g\",\"url\":\"https:\\\/\\\/secure.gravatar.com\\\/avatar\\\/8e4247cfae5f9f3cbd0c18740bdc45f335fc586e35e954f20e626e45d46e568d?s=96&d=mm&r=g\",\"contentUrl\":\"https:\\\/\\\/secure.gravatar.com\\\/avatar\\\/8e4247cfae5f9f3cbd0c18740bdc45f335fc586e35e954f20e626e45d46e568d?s=96&d=mm&r=g\",\"caption\":\"Anton Rask Hauge Steffensen\"},\"url\":\"https:\\\/\\\/www.interforce.dk\\\/en\\\/author\\\/anton\\\/\"}]}<\/script>\n<!-- \/ Yoast SEO plugin. -->","yoast_head_json":{"title":"Hvad hvis krigen kommer? - InterForce","description":"Roskilde var for nylig ramme for et arrangement om forsvar og beredskab, da InterForce Region Sj\u00e6lland afholdt eventet 'Hvis krigen kommer'.","robots":{"index":"index","follow":"follow","max-snippet":"max-snippet:-1","max-image-preview":"max-image-preview:large","max-video-preview":"max-video-preview:-1"},"canonical":"https:\/\/www.interforce.dk\/en\/hvad-hvis-krigen-kommer\/","og_locale":"en_GB","og_type":"article","og_title":"Hvad hvis krigen kommer? - InterForce","og_description":"Roskilde var for nylig ramme for et arrangement om forsvar og beredskab, da InterForce Region Sj\u00e6lland afholdt eventet 'Hvis krigen kommer'.","og_url":"https:\/\/www.interforce.dk\/en\/hvad-hvis-krigen-kommer\/","og_site_name":"InterForce","article_published_time":"2024-11-04T12:51:20+00:00","article_modified_time":"2024-11-04T12:52:04+00:00","og_image":[{"width":2560,"height":1707,"url":"https:\/\/www.interforce.dk\/app\/uploads\/2024\/11\/IMG_0700-1-scaled.jpg","type":"image\/jpeg"}],"author":"Anton Rask Hauge Steffensen","twitter_card":"summary_large_image","twitter_misc":{"Written by":"Anton Rask Hauge Steffensen","Est. reading time":"1 minute"},"schema":{"@context":"https:\/\/schema.org","@graph":[{"@type":"Article","@id":"https:\/\/www.interforce.dk\/hvad-hvis-krigen-kommer\/#article","isPartOf":{"@id":"https:\/\/www.interforce.dk\/hvad-hvis-krigen-kommer\/"},"author":{"name":"Anton Rask Hauge Steffensen","@id":"https:\/\/www.interforce.dk\/#\/schema\/person\/93de0ad27fec55a2f38d2195162834c7"},"headline":"Hvad hvis krigen kommer?","datePublished":"2024-11-04T12:51:20+00:00","dateModified":"2024-11-04T12:52:04+00:00","mainEntityOfPage":{"@id":"https:\/\/www.interforce.dk\/hvad-hvis-krigen-kommer\/"},"wordCount":190,"image":{"@id":"https:\/\/www.interforce.dk\/hvad-hvis-krigen-kommer\/#primaryimage"},"thumbnailUrl":"https:\/\/www.interforce.dk\/app\/uploads\/2024\/11\/IMG_0700-1-scaled.jpg","keywords":["Tag:Sj\u00e6lland"],"articleSection":["Arrangementsomtale"],"inLanguage":"en-GB"},{"@type":"WebPage","@id":"https:\/\/www.interforce.dk\/hvad-hvis-krigen-kommer\/","url":"https:\/\/www.interforce.dk\/hvad-hvis-krigen-kommer\/","name":"Hvad hvis krigen kommer? - InterForce","isPartOf":{"@id":"https:\/\/www.interforce.dk\/#website"},"primaryImageOfPage":{"@id":"https:\/\/www.interforce.dk\/hvad-hvis-krigen-kommer\/#primaryimage"},"image":{"@id":"https:\/\/www.interforce.dk\/hvad-hvis-krigen-kommer\/#primaryimage"},"thumbnailUrl":"https:\/\/www.interforce.dk\/app\/uploads\/2024\/11\/IMG_0700-1-scaled.jpg","datePublished":"2024-11-04T12:51:20+00:00","dateModified":"2024-11-04T12:52:04+00:00","author":{"@id":"https:\/\/www.interforce.dk\/#\/schema\/person\/93de0ad27fec55a2f38d2195162834c7"},"description":"Roskilde var for nylig ramme for et arrangement om forsvar og beredskab, da InterForce Region Sj\u00e6lland afholdt eventet 'Hvis krigen kommer'.","breadcrumb":{"@id":"https:\/\/www.interforce.dk\/hvad-hvis-krigen-kommer\/#breadcrumb"},"inLanguage":"en-GB","potentialAction":[{"@type":"ReadAction","target":["https:\/\/www.interforce.dk\/hvad-hvis-krigen-kommer\/"]}]},{"@type":"ImageObject","inLanguage":"en-GB","@id":"https:\/\/www.interforce.dk\/hvad-hvis-krigen-kommer\/#primaryimage","url":"https:\/\/www.interforce.dk\/app\/uploads\/2024\/11\/IMG_0700-1-scaled.jpg","contentUrl":"https:\/\/www.interforce.dk\/app\/uploads\/2024\/11\/IMG_0700-1-scaled.jpg","width":2560,"height":1707},{"@type":"BreadcrumbList","@id":"https:\/\/www.interforce.dk\/hvad-hvis-krigen-kommer\/#breadcrumb","itemListElement":[{"@type":"ListItem","position":1,"name":"Hjem","item":"https:\/\/www.interforce.dk\/"},{"@type":"ListItem","position":2,"name":"Hvad hvis krigen kommer?"}]},{"@type":"WebSite","@id":"https:\/\/www.interforce.dk\/#website","url":"https:\/\/www.interforce.dk\/","name":"InterForce","description":"","potentialAction":[{"@type":"SearchAction","target":{"@type":"EntryPoint","urlTemplate":"https:\/\/www.interforce.dk\/?s={search_term_string}"},"query-input":{"@type":"PropertyValueSpecification","valueRequired":true,"valueName":"search_term_string"}}],"inLanguage":"en-GB"},{"@type":"Person","@id":"https:\/\/www.interforce.dk\/#\/schema\/person\/93de0ad27fec55a2f38d2195162834c7","name":"Anton Rask Hauge Steffensen","image":{"@type":"ImageObject","inLanguage":"en-GB","@id":"https:\/\/secure.gravatar.com\/avatar\/8e4247cfae5f9f3cbd0c18740bdc45f335fc586e35e954f20e626e45d46e568d?s=96&d=mm&r=g","url":"https:\/\/secure.gravatar.com\/avatar\/8e4247cfae5f9f3cbd0c18740bdc45f335fc586e35e954f20e626e45d46e568d?s=96&d=mm&r=g","contentUrl":"https:\/\/secure.gravatar.com\/avatar\/8e4247cfae5f9f3cbd0c18740bdc45f335fc586e35e954f20e626e45d46e568d?s=96&d=mm&r=g","caption":"Anton Rask Hauge Steffensen"},"url":"https:\/\/www.interforce.dk\/en\/author\/anton\/"}]}},"_links":{"self":[{"href":"https:\/\/www.interforce.dk\/en\/wp-json\/wp\/v2\/posts\/16785","targetHints":{"allow":["GET"]}}],"collection":[{"href":"https:\/\/www.interforce.dk\/en\/wp-json\/wp\/v2\/posts"}],"about":[{"href":"https:\/\/www.interforce.dk\/en\/wp-json\/wp\/v2\/types\/post"}],"author":[{"embeddable":true,"href":"https:\/\/www.interforce.dk\/en\/wp-json\/wp\/v2\/users\/122"}],"replies":[{"embeddable":true,"href":"https:\/\/www.interforce.dk\/en\/wp-json\/wp\/v2\/comments?post=16785"}],"version-history":[{"count":9,"href":"https:\/\/www.interforce.dk\/en\/wp-json\/wp\/v2\/posts\/16785\/revisions"}],"predecessor-version":[{"id":16799,"href":"https:\/\/www.interforce.dk\/en\/wp-json\/wp\/v2\/posts\/16785\/revisions\/16799"}],"wp:featuredmedia":[{"embeddable":true,"href":"https:\/\/www.interforce.dk\/en\/wp-json\/wp\/v2\/media\/16793"}],"wp:attachment":[{"href":"https:\/\/www.interforce.dk\/en\/wp-json\/wp\/v2\/media?parent=16785"}],"wp:term":[{"taxonomy":"category","embeddable":true,"href":"https:\/\/www.interforce.dk\/en\/wp-json\/wp\/v2\/categories?post=16785"},{"taxonomy":"post_tag","embeddable":true,"href":"https:\/\/www.interforce.dk\/en\/wp-json\/wp\/v2\/tags?post=16785"}],"curies":[{"name":"wp","href":"https:\/\/api.w.org\/{rel}","templated":true}]}}