{"id":16782,"date":"2024-11-04T12:40:57","date_gmt":"2024-11-04T12:40:57","guid":{"rendered":"https:\/\/www.interforce.dk\/?p=16782"},"modified":"2024-11-04T12:40:58","modified_gmt":"2024-11-04T12:40:58","slug":"kang-sanasoq-aps-modtager-interforce-skjold","status":"publish","type":"post","link":"https:\/\/www.interforce.dk\/en\/kang-sanasoq-aps-modtager-interforce-skjold\/","title":{"rendered":"Kang Sanasoq ApS modtager InterForce-skjold"},"content":{"rendered":"<div class=\"block core-block core-block--paragraph\">\n      <div class=\"inner inner--small\">\n      \n<p>Tirsdag d. 10. september 2024 overrakte brigadegeneral, milit\u00e6rkoordinator for InterForce<br>Gr\u00f8nland samt Vicechef for Arktisk Kommando Poul Jensen Primdahl, InterForce-skjoldet til<br>Thomas Rasmussen, direkt\u00f8r for Kang Sanasoq ApS i Kangerlussuaq.<\/p>\n\n      <\/div>\n  <\/div>\n<div class=\"block core-block core-block--image\">\n      <div class=\"inner inner--small\">\n      \n<figure class=\"wp-block-image size-large\"><img loading=\"lazy\" decoding=\"async\" width=\"1024\" height=\"768\" src=\"https:\/\/www.interforce.dk\/app\/uploads\/2024\/11\/Kang-Sanasoq-ApS-Thomas-Rasmussen-1024x768.jpg\" alt=\"\" class=\"wp-image-16783\" srcset=\"https:\/\/www.interforce.dk\/app\/uploads\/2024\/11\/Kang-Sanasoq-ApS-Thomas-Rasmussen-1024x768.jpg 1024w, https:\/\/www.interforce.dk\/app\/uploads\/2024\/11\/Kang-Sanasoq-ApS-Thomas-Rasmussen-300x225.jpg 300w, https:\/\/www.interforce.dk\/app\/uploads\/2024\/11\/Kang-Sanasoq-ApS-Thomas-Rasmussen-768x576.jpg 768w, https:\/\/www.interforce.dk\/app\/uploads\/2024\/11\/Kang-Sanasoq-ApS-Thomas-Rasmussen-1536x1152.jpg 1536w, https:\/\/www.interforce.dk\/app\/uploads\/2024\/11\/Kang-Sanasoq-ApS-Thomas-Rasmussen-2048x1536.jpg 2048w, https:\/\/www.interforce.dk\/app\/uploads\/2024\/11\/Kang-Sanasoq-ApS-Thomas-Rasmussen-16x12.jpg 16w\" sizes=\"auto, (max-width: 1024px) 100vw, 1024px\" \/><\/figure>\n\n      <\/div>\n  <\/div>\n<div class=\"block core-block core-block--paragraph\">\n      <div class=\"inner inner--small\">\n      \n<p>Kang Sanasoq ApS blev grundlagt i \u00e5r 2010 og er en af de velfungerende og veletablerede private virksomheder i Kangerlussuaq. Kang Sanasoq ApS er t\u00f8mrer og bygningsh\u00e5ndv\u00e6rker og har v\u00e6ret leverand\u00f8r for Arktisk Kommandos afdeling i Kangerlussuaq. <\/p>\n\n      <\/div>\n  <\/div>\n<div class=\"block core-block core-block--paragraph\">\n      <div class=\"inner inner--small\">\n      \n<p>Vi er i InterForce Gr\u00f8nland stolte af og glade for, at Kang Sanasoq ApS st\u00f8tter op om InterForce, Forsvaret, sikkerheden og beredskabet i Gr\u00f8nland. <\/p>\n\n      <\/div>\n  <\/div>\n<div class=\"block core-block core-block--paragraph\">\n      <div class=\"inner inner--small\">\n      \n<p>Mange tak for st\u00f8tten!<\/p>\n\n      <\/div>\n  <\/div>\n<div class=\"block core-block core-block--heading\">\n      <div class=\"inner inner--small\">\n      \n<h1 class=\"wp-block-heading\">Kang Sanasoq ApS-i InterForce-ip ilisarnaataanik tunisippoq<\/h1>\n\n      <\/div>\n  <\/div>\n<div class=\"block core-block core-block--paragraph\">\n      <div class=\"inner inner--small\">\n      \n<p>Marlunngorneq ulloq 10. september ukioq 2024 Poul Jensen Primdahl-ip, Brigadegeneraali, Sakkutooqarnerlu pillugu InterForce-imi Kalaallit Nunaanni ataqatigiissaarisup aammalu Issittumi Sakkutooqarfimmi ittuunerup tulliata, InterForce-ip eqqornaveequtitut ilisarnaataanik tunniussivoq Pisortaanermut Thomas Rasmussen-imut, Kang Sanasoq ApS-imi Kangerlussuarmiittumi piginnittoq.<\/p>\n\n      <\/div>\n  <\/div>\n<div class=\"block core-block core-block--paragraph\">\n      <div class=\"inner inner--small\">\n      \n<p>Kang Sanasoq ApS-i pilersinneqarpoq ukioq 2010-imi, suliffeqarfiillu Kangerlussuarmiittut namminersortut ingerlalluartullu ilagalugu. Kang Sanasoq ApS-i Sanasutut Sanaartornermullu tunngasunik suliffeqarfiuvoq maannamullu Issittumi Sakkutooqarfimmut suliassanik assigiinngitsunik aamma Kangerlussuarmi suliaqartareersimalluni.<\/p>\n\n      <\/div>\n  <\/div>\n<div class=\"block core-block core-block--paragraph\">\n      <div class=\"inner inner--small\">\n      \n<p>Kalaallit Nunaanni InterForce-imiit tulluusimaarutigaarput tanngassimaarutigalugu, Kang Sanasoq ApS-ip InterForce-i, Illersornissaq, isumannaallisaaneq aammalu sillimaniarneq Kalaallit Nunaani tapersersormagu.<\/p>\n\n      <\/div>\n  <\/div>\n<div class=\"block core-block core-block--paragraph\">\n      <div class=\"inner inner--small\">\n      \n<p>Qujanarujussuaq!<\/p>\n\n      <\/div>\n  <\/div>","protected":false},"excerpt":{"rendered":"InterForce-skjoldet blev den 10. september overrakt til Thomas Rasmussen, direkt...","protected":false},"author":122,"featured_media":16783,"comment_status":"closed","ping_status":"closed","sticky":false,"template":"","format":"standard","meta":{"_acf_changed":false,"footnotes":""},"categories":[12],"tags":[118],"class_list":["post-16782","post","type-post","status-publish","format-standard","has-post-thumbnail","hentry","category-nyt-om-if","tag-tag-groenland"],"acf":[],"yoast_head":"<!-- This site is optimized with the Yoast SEO plugin v27.3 - https:\/\/yoast.com\/product\/yoast-seo-wordpress\/ -->\n<title>Kang Sanasoq ApS modtager InterForce-skjold - InterForce<\/title>\n<meta name=\"description\" content=\"InterForce-skjoldet blev den 10. september overrakt til Thomas Rasmussen, direkt\u00f8r for Kang Sanasoq ApS i Kangerlussuaq.\" \/>\n<meta name=\"robots\" content=\"index, follow, max-snippet:-1, max-image-preview:large, max-video-preview:-1\" \/>\n<link rel=\"canonical\" href=\"https:\/\/www.interforce.dk\/en\/kang-sanasoq-aps-modtager-interforce-skjold\/\" \/>\n<meta property=\"og:locale\" content=\"en_GB\" \/>\n<meta property=\"og:type\" content=\"article\" \/>\n<meta property=\"og:title\" content=\"Kang Sanasoq ApS modtager InterForce-skjold - InterForce\" \/>\n<meta property=\"og:description\" content=\"InterForce-skjoldet blev den 10. september overrakt til Thomas Rasmussen, direkt\u00f8r for Kang Sanasoq ApS i Kangerlussuaq.\" \/>\n<meta property=\"og:url\" content=\"https:\/\/www.interforce.dk\/en\/kang-sanasoq-aps-modtager-interforce-skjold\/\" \/>\n<meta property=\"og:site_name\" content=\"InterForce\" \/>\n<meta property=\"article:published_time\" content=\"2024-11-04T12:40:57+00:00\" \/>\n<meta property=\"article:modified_time\" content=\"2024-11-04T12:40:58+00:00\" \/>\n<meta property=\"og:image\" content=\"https:\/\/www.interforce.dk\/app\/uploads\/2024\/11\/Kang-Sanasoq-ApS-Thomas-Rasmussen-scaled.jpg\" \/>\n\t<meta property=\"og:image:width\" content=\"2560\" \/>\n\t<meta property=\"og:image:height\" content=\"1920\" \/>\n\t<meta property=\"og:image:type\" content=\"image\/jpeg\" \/>\n<meta name=\"author\" content=\"Anton Rask Hauge Steffensen\" \/>\n<meta name=\"twitter:card\" content=\"summary_large_image\" \/>\n<meta name=\"twitter:label1\" content=\"Written by\" \/>\n\t<meta name=\"twitter:data1\" content=\"Anton Rask Hauge Steffensen\" \/>\n\t<meta name=\"twitter:label2\" content=\"Est. reading time\" \/>\n\t<meta name=\"twitter:data2\" content=\"1 minute\" \/>\n<script type=\"application\/ld+json\" class=\"yoast-schema-graph\">{\"@context\":\"https:\\\/\\\/schema.org\",\"@graph\":[{\"@type\":\"Article\",\"@id\":\"https:\\\/\\\/www.interforce.dk\\\/kang-sanasoq-aps-modtager-interforce-skjold\\\/#article\",\"isPartOf\":{\"@id\":\"https:\\\/\\\/www.interforce.dk\\\/kang-sanasoq-aps-modtager-interforce-skjold\\\/\"},\"author\":{\"name\":\"Anton Rask Hauge Steffensen\",\"@id\":\"https:\\\/\\\/www.interforce.dk\\\/#\\\/schema\\\/person\\\/93de0ad27fec55a2f38d2195162834c7\"},\"headline\":\"Kang Sanasoq ApS modtager InterForce-skjold\",\"datePublished\":\"2024-11-04T12:40:57+00:00\",\"dateModified\":\"2024-11-04T12:40:58+00:00\",\"mainEntityOfPage\":{\"@id\":\"https:\\\/\\\/www.interforce.dk\\\/kang-sanasoq-aps-modtager-interforce-skjold\\\/\"},\"wordCount\":187,\"image\":{\"@id\":\"https:\\\/\\\/www.interforce.dk\\\/kang-sanasoq-aps-modtager-interforce-skjold\\\/#primaryimage\"},\"thumbnailUrl\":\"https:\\\/\\\/www.interforce.dk\\\/app\\\/uploads\\\/2024\\\/11\\\/Kang-Sanasoq-ApS-Thomas-Rasmussen-scaled.jpg\",\"keywords\":[\"Tag:Gr\u00f8nland\"],\"articleSection\":[\"Nyheder om InterForce\"],\"inLanguage\":\"en-GB\"},{\"@type\":\"WebPage\",\"@id\":\"https:\\\/\\\/www.interforce.dk\\\/kang-sanasoq-aps-modtager-interforce-skjold\\\/\",\"url\":\"https:\\\/\\\/www.interforce.dk\\\/kang-sanasoq-aps-modtager-interforce-skjold\\\/\",\"name\":\"Kang Sanasoq ApS modtager InterForce-skjold - InterForce\",\"isPartOf\":{\"@id\":\"https:\\\/\\\/www.interforce.dk\\\/#website\"},\"primaryImageOfPage\":{\"@id\":\"https:\\\/\\\/www.interforce.dk\\\/kang-sanasoq-aps-modtager-interforce-skjold\\\/#primaryimage\"},\"image\":{\"@id\":\"https:\\\/\\\/www.interforce.dk\\\/kang-sanasoq-aps-modtager-interforce-skjold\\\/#primaryimage\"},\"thumbnailUrl\":\"https:\\\/\\\/www.interforce.dk\\\/app\\\/uploads\\\/2024\\\/11\\\/Kang-Sanasoq-ApS-Thomas-Rasmussen-scaled.jpg\",\"datePublished\":\"2024-11-04T12:40:57+00:00\",\"dateModified\":\"2024-11-04T12:40:58+00:00\",\"author\":{\"@id\":\"https:\\\/\\\/www.interforce.dk\\\/#\\\/schema\\\/person\\\/93de0ad27fec55a2f38d2195162834c7\"},\"description\":\"InterForce-skjoldet blev den 10. september overrakt til Thomas Rasmussen, direkt\u00f8r for Kang Sanasoq ApS i Kangerlussuaq.\",\"breadcrumb\":{\"@id\":\"https:\\\/\\\/www.interforce.dk\\\/kang-sanasoq-aps-modtager-interforce-skjold\\\/#breadcrumb\"},\"inLanguage\":\"en-GB\",\"potentialAction\":[{\"@type\":\"ReadAction\",\"target\":[\"https:\\\/\\\/www.interforce.dk\\\/kang-sanasoq-aps-modtager-interforce-skjold\\\/\"]}]},{\"@type\":\"ImageObject\",\"inLanguage\":\"en-GB\",\"@id\":\"https:\\\/\\\/www.interforce.dk\\\/kang-sanasoq-aps-modtager-interforce-skjold\\\/#primaryimage\",\"url\":\"https:\\\/\\\/www.interforce.dk\\\/app\\\/uploads\\\/2024\\\/11\\\/Kang-Sanasoq-ApS-Thomas-Rasmussen-scaled.jpg\",\"contentUrl\":\"https:\\\/\\\/www.interforce.dk\\\/app\\\/uploads\\\/2024\\\/11\\\/Kang-Sanasoq-ApS-Thomas-Rasmussen-scaled.jpg\",\"width\":2560,\"height\":1920},{\"@type\":\"BreadcrumbList\",\"@id\":\"https:\\\/\\\/www.interforce.dk\\\/kang-sanasoq-aps-modtager-interforce-skjold\\\/#breadcrumb\",\"itemListElement\":[{\"@type\":\"ListItem\",\"position\":1,\"name\":\"Hjem\",\"item\":\"https:\\\/\\\/www.interforce.dk\\\/\"},{\"@type\":\"ListItem\",\"position\":2,\"name\":\"Kang Sanasoq ApS modtager InterForce-skjold\"}]},{\"@type\":\"WebSite\",\"@id\":\"https:\\\/\\\/www.interforce.dk\\\/#website\",\"url\":\"https:\\\/\\\/www.interforce.dk\\\/\",\"name\":\"InterForce\",\"description\":\"\",\"potentialAction\":[{\"@type\":\"SearchAction\",\"target\":{\"@type\":\"EntryPoint\",\"urlTemplate\":\"https:\\\/\\\/www.interforce.dk\\\/?s={search_term_string}\"},\"query-input\":{\"@type\":\"PropertyValueSpecification\",\"valueRequired\":true,\"valueName\":\"search_term_string\"}}],\"inLanguage\":\"en-GB\"},{\"@type\":\"Person\",\"@id\":\"https:\\\/\\\/www.interforce.dk\\\/#\\\/schema\\\/person\\\/93de0ad27fec55a2f38d2195162834c7\",\"name\":\"Anton Rask Hauge Steffensen\",\"image\":{\"@type\":\"ImageObject\",\"inLanguage\":\"en-GB\",\"@id\":\"https:\\\/\\\/secure.gravatar.com\\\/avatar\\\/8e4247cfae5f9f3cbd0c18740bdc45f335fc586e35e954f20e626e45d46e568d?s=96&d=mm&r=g\",\"url\":\"https:\\\/\\\/secure.gravatar.com\\\/avatar\\\/8e4247cfae5f9f3cbd0c18740bdc45f335fc586e35e954f20e626e45d46e568d?s=96&d=mm&r=g\",\"contentUrl\":\"https:\\\/\\\/secure.gravatar.com\\\/avatar\\\/8e4247cfae5f9f3cbd0c18740bdc45f335fc586e35e954f20e626e45d46e568d?s=96&d=mm&r=g\",\"caption\":\"Anton Rask Hauge Steffensen\"},\"url\":\"https:\\\/\\\/www.interforce.dk\\\/en\\\/author\\\/anton\\\/\"}]}<\/script>\n<!-- \/ Yoast SEO plugin. -->","yoast_head_json":{"title":"Kang Sanasoq ApS modtager InterForce-skjold - InterForce","description":"InterForce-skjoldet blev den 10. september overrakt til Thomas Rasmussen, direkt\u00f8r for Kang Sanasoq ApS i Kangerlussuaq.","robots":{"index":"index","follow":"follow","max-snippet":"max-snippet:-1","max-image-preview":"max-image-preview:large","max-video-preview":"max-video-preview:-1"},"canonical":"https:\/\/www.interforce.dk\/en\/kang-sanasoq-aps-modtager-interforce-skjold\/","og_locale":"en_GB","og_type":"article","og_title":"Kang Sanasoq ApS modtager InterForce-skjold - InterForce","og_description":"InterForce-skjoldet blev den 10. september overrakt til Thomas Rasmussen, direkt\u00f8r for Kang Sanasoq ApS i Kangerlussuaq.","og_url":"https:\/\/www.interforce.dk\/en\/kang-sanasoq-aps-modtager-interforce-skjold\/","og_site_name":"InterForce","article_published_time":"2024-11-04T12:40:57+00:00","article_modified_time":"2024-11-04T12:40:58+00:00","og_image":[{"width":2560,"height":1920,"url":"https:\/\/www.interforce.dk\/app\/uploads\/2024\/11\/Kang-Sanasoq-ApS-Thomas-Rasmussen-scaled.jpg","type":"image\/jpeg"}],"author":"Anton Rask Hauge Steffensen","twitter_card":"summary_large_image","twitter_misc":{"Written by":"Anton Rask Hauge Steffensen","Est. reading time":"1 minute"},"schema":{"@context":"https:\/\/schema.org","@graph":[{"@type":"Article","@id":"https:\/\/www.interforce.dk\/kang-sanasoq-aps-modtager-interforce-skjold\/#article","isPartOf":{"@id":"https:\/\/www.interforce.dk\/kang-sanasoq-aps-modtager-interforce-skjold\/"},"author":{"name":"Anton Rask Hauge Steffensen","@id":"https:\/\/www.interforce.dk\/#\/schema\/person\/93de0ad27fec55a2f38d2195162834c7"},"headline":"Kang Sanasoq ApS modtager InterForce-skjold","datePublished":"2024-11-04T12:40:57+00:00","dateModified":"2024-11-04T12:40:58+00:00","mainEntityOfPage":{"@id":"https:\/\/www.interforce.dk\/kang-sanasoq-aps-modtager-interforce-skjold\/"},"wordCount":187,"image":{"@id":"https:\/\/www.interforce.dk\/kang-sanasoq-aps-modtager-interforce-skjold\/#primaryimage"},"thumbnailUrl":"https:\/\/www.interforce.dk\/app\/uploads\/2024\/11\/Kang-Sanasoq-ApS-Thomas-Rasmussen-scaled.jpg","keywords":["Tag:Gr\u00f8nland"],"articleSection":["Nyheder om InterForce"],"inLanguage":"en-GB"},{"@type":"WebPage","@id":"https:\/\/www.interforce.dk\/kang-sanasoq-aps-modtager-interforce-skjold\/","url":"https:\/\/www.interforce.dk\/kang-sanasoq-aps-modtager-interforce-skjold\/","name":"Kang Sanasoq ApS modtager InterForce-skjold - InterForce","isPartOf":{"@id":"https:\/\/www.interforce.dk\/#website"},"primaryImageOfPage":{"@id":"https:\/\/www.interforce.dk\/kang-sanasoq-aps-modtager-interforce-skjold\/#primaryimage"},"image":{"@id":"https:\/\/www.interforce.dk\/kang-sanasoq-aps-modtager-interforce-skjold\/#primaryimage"},"thumbnailUrl":"https:\/\/www.interforce.dk\/app\/uploads\/2024\/11\/Kang-Sanasoq-ApS-Thomas-Rasmussen-scaled.jpg","datePublished":"2024-11-04T12:40:57+00:00","dateModified":"2024-11-04T12:40:58+00:00","author":{"@id":"https:\/\/www.interforce.dk\/#\/schema\/person\/93de0ad27fec55a2f38d2195162834c7"},"description":"InterForce-skjoldet blev den 10. september overrakt til Thomas Rasmussen, direkt\u00f8r for Kang Sanasoq ApS i Kangerlussuaq.","breadcrumb":{"@id":"https:\/\/www.interforce.dk\/kang-sanasoq-aps-modtager-interforce-skjold\/#breadcrumb"},"inLanguage":"en-GB","potentialAction":[{"@type":"ReadAction","target":["https:\/\/www.interforce.dk\/kang-sanasoq-aps-modtager-interforce-skjold\/"]}]},{"@type":"ImageObject","inLanguage":"en-GB","@id":"https:\/\/www.interforce.dk\/kang-sanasoq-aps-modtager-interforce-skjold\/#primaryimage","url":"https:\/\/www.interforce.dk\/app\/uploads\/2024\/11\/Kang-Sanasoq-ApS-Thomas-Rasmussen-scaled.jpg","contentUrl":"https:\/\/www.interforce.dk\/app\/uploads\/2024\/11\/Kang-Sanasoq-ApS-Thomas-Rasmussen-scaled.jpg","width":2560,"height":1920},{"@type":"BreadcrumbList","@id":"https:\/\/www.interforce.dk\/kang-sanasoq-aps-modtager-interforce-skjold\/#breadcrumb","itemListElement":[{"@type":"ListItem","position":1,"name":"Hjem","item":"https:\/\/www.interforce.dk\/"},{"@type":"ListItem","position":2,"name":"Kang Sanasoq ApS modtager InterForce-skjold"}]},{"@type":"WebSite","@id":"https:\/\/www.interforce.dk\/#website","url":"https:\/\/www.interforce.dk\/","name":"InterForce","description":"","potentialAction":[{"@type":"SearchAction","target":{"@type":"EntryPoint","urlTemplate":"https:\/\/www.interforce.dk\/?s={search_term_string}"},"query-input":{"@type":"PropertyValueSpecification","valueRequired":true,"valueName":"search_term_string"}}],"inLanguage":"en-GB"},{"@type":"Person","@id":"https:\/\/www.interforce.dk\/#\/schema\/person\/93de0ad27fec55a2f38d2195162834c7","name":"Anton Rask Hauge Steffensen","image":{"@type":"ImageObject","inLanguage":"en-GB","@id":"https:\/\/secure.gravatar.com\/avatar\/8e4247cfae5f9f3cbd0c18740bdc45f335fc586e35e954f20e626e45d46e568d?s=96&d=mm&r=g","url":"https:\/\/secure.gravatar.com\/avatar\/8e4247cfae5f9f3cbd0c18740bdc45f335fc586e35e954f20e626e45d46e568d?s=96&d=mm&r=g","contentUrl":"https:\/\/secure.gravatar.com\/avatar\/8e4247cfae5f9f3cbd0c18740bdc45f335fc586e35e954f20e626e45d46e568d?s=96&d=mm&r=g","caption":"Anton Rask Hauge Steffensen"},"url":"https:\/\/www.interforce.dk\/en\/author\/anton\/"}]}},"_links":{"self":[{"href":"https:\/\/www.interforce.dk\/en\/wp-json\/wp\/v2\/posts\/16782","targetHints":{"allow":["GET"]}}],"collection":[{"href":"https:\/\/www.interforce.dk\/en\/wp-json\/wp\/v2\/posts"}],"about":[{"href":"https:\/\/www.interforce.dk\/en\/wp-json\/wp\/v2\/types\/post"}],"author":[{"embeddable":true,"href":"https:\/\/www.interforce.dk\/en\/wp-json\/wp\/v2\/users\/122"}],"replies":[{"embeddable":true,"href":"https:\/\/www.interforce.dk\/en\/wp-json\/wp\/v2\/comments?post=16782"}],"version-history":[{"count":1,"href":"https:\/\/www.interforce.dk\/en\/wp-json\/wp\/v2\/posts\/16782\/revisions"}],"predecessor-version":[{"id":16784,"href":"https:\/\/www.interforce.dk\/en\/wp-json\/wp\/v2\/posts\/16782\/revisions\/16784"}],"wp:featuredmedia":[{"embeddable":true,"href":"https:\/\/www.interforce.dk\/en\/wp-json\/wp\/v2\/media\/16783"}],"wp:attachment":[{"href":"https:\/\/www.interforce.dk\/en\/wp-json\/wp\/v2\/media?parent=16782"}],"wp:term":[{"taxonomy":"category","embeddable":true,"href":"https:\/\/www.interforce.dk\/en\/wp-json\/wp\/v2\/categories?post=16782"},{"taxonomy":"post_tag","embeddable":true,"href":"https:\/\/www.interforce.dk\/en\/wp-json\/wp\/v2\/tags?post=16782"}],"curies":[{"name":"wp","href":"https:\/\/api.w.org\/{rel}","templated":true}]}}