{"id":16708,"date":"2024-10-03T08:35:39","date_gmt":"2024-10-03T08:35:39","guid":{"rendered":"https:\/\/www.interforce.dk\/?p=16708"},"modified":"2024-10-03T08:35:40","modified_gmt":"2024-10-03T08:35:40","slug":"succesfuld-fynsk-forsvarsdag","status":"publish","type":"post","link":"https:\/\/www.interforce.dk\/en\/succesfuld-fynsk-forsvarsdag\/","title":{"rendered":"Succesfuld Fynsk Forsvarsdag"},"content":{"rendered":"<div class=\"block core-block core-block--paragraph\">\n      <div class=\"inner inner--small\">\n      \n<p>Hvordan bliver man leverand\u00f8r til Forsvaret?<br><br>Det var temaet for Fynsk Forsvarsdag, der blev afholdt d. 2. oktober 2024. <\/p>\n\n      <\/div>\n  <\/div>\n<div class=\"block core-block core-block--image\">\n      <div class=\"inner inner--small\">\n      \n<figure class=\"wp-block-image size-large\"><img loading=\"lazy\" decoding=\"async\" width=\"1024\" height=\"683\" src=\"https:\/\/www.interforce.dk\/app\/uploads\/2024\/10\/Fynsk-Forsvarsdag-I-1024x683.jpg\" alt=\"Fynsk Forsvarsdag\" class=\"wp-image-16716\" srcset=\"https:\/\/www.interforce.dk\/app\/uploads\/2024\/10\/Fynsk-Forsvarsdag-I-1024x683.jpg 1024w, https:\/\/www.interforce.dk\/app\/uploads\/2024\/10\/Fynsk-Forsvarsdag-I-300x200.jpg 300w, https:\/\/www.interforce.dk\/app\/uploads\/2024\/10\/Fynsk-Forsvarsdag-I-768x512.jpg 768w, https:\/\/www.interforce.dk\/app\/uploads\/2024\/10\/Fynsk-Forsvarsdag-I-1536x1024.jpg 1536w, https:\/\/www.interforce.dk\/app\/uploads\/2024\/10\/Fynsk-Forsvarsdag-I-2048x1365.jpg 2048w, https:\/\/www.interforce.dk\/app\/uploads\/2024\/10\/Fynsk-Forsvarsdag-I-18x12.jpg 18w\" sizes=\"auto, (max-width: 1024px) 100vw, 1024px\" \/><figcaption class=\"wp-element-caption\"><em>Der var n\u00e6sten fuldt hus, da der blev afholdt Fynsk Forsvarsdag hos SIMAC i Svendborg<\/em><\/figcaption><\/figure>\n\n      <\/div>\n  <\/div>\n<div class=\"block core-block core-block--paragraph\">\n      <div class=\"inner inner--small\">\n      \n<p>Til heldagsarrangementet var der opl\u00e6g fra en r\u00e6kke offentlige offentlige myndigheder som Udenrigsministeriet, Forsvarskommandoen, Forsvarsministeriets Materiel og Indk\u00f8bsstyrelse og Erhvervsstyrelsen. <\/p>\n\n      <\/div>\n  <\/div>\n<div class=\"block core-block core-block--image\">\n      <div class=\"inner inner--small\">\n      \n<figure class=\"wp-block-image size-large\"><img loading=\"lazy\" decoding=\"async\" width=\"683\" height=\"1024\" src=\"https:\/\/www.interforce.dk\/app\/uploads\/2024\/10\/Fynsk-Forsvarsdag-4-683x1024.jpg\" alt=\"Sydfynsk Forsvarsdag\" class=\"wp-image-16710\" srcset=\"https:\/\/www.interforce.dk\/app\/uploads\/2024\/10\/Fynsk-Forsvarsdag-4-683x1024.jpg 683w, https:\/\/www.interforce.dk\/app\/uploads\/2024\/10\/Fynsk-Forsvarsdag-4-200x300.jpg 200w, https:\/\/www.interforce.dk\/app\/uploads\/2024\/10\/Fynsk-Forsvarsdag-4-768x1152.jpg 768w, https:\/\/www.interforce.dk\/app\/uploads\/2024\/10\/Fynsk-Forsvarsdag-4-1024x1536.jpg 1024w, https:\/\/www.interforce.dk\/app\/uploads\/2024\/10\/Fynsk-Forsvarsdag-4-1365x2048.jpg 1365w, https:\/\/www.interforce.dk\/app\/uploads\/2024\/10\/Fynsk-Forsvarsdag-4-8x12.jpg 8w, https:\/\/www.interforce.dk\/app\/uploads\/2024\/10\/Fynsk-Forsvarsdag-4-scaled.jpg 1707w\" sizes=\"auto, (max-width: 683px) 100vw, 683px\" \/><figcaption class=\"wp-element-caption\"><em>Blandt opl\u00e6gsholderne var der b\u00e5de private og offentlige akt\u00f8rer. Her er det kommand\u00f8r S\u00f8ren Kjeldsen, Chef for Styringsafdelingen i Forsvarskommandoen<\/em>, <em>der fort\u00e6ller om, hvordan fremtidens forsvar tegner til at se ud <\/em><\/figcaption><\/figure>\n\n      <\/div>\n  <\/div>\n<div class=\"block core-block core-block--paragraph\">\n      <div class=\"inner inner--small\">\n      \n<p>Derudover holdt et bredt udvalg af private virksomheder som Odense Robotics, UXV Technologies, Engbakken Group, FORCE Technology, NextGen Robotics, DanaDynamics, SH Defence m.fl. opl\u00e6g.<\/p>\n\n      <\/div>\n  <\/div>\n<div class=\"block core-block core-block--image\">\n      <div class=\"inner inner--small\">\n      \n<figure class=\"wp-block-image size-large\"><img loading=\"lazy\" decoding=\"async\" width=\"683\" height=\"1024\" src=\"https:\/\/www.interforce.dk\/app\/uploads\/2024\/10\/Fynsk-Forsvarsdag-9-683x1024.jpg\" alt=\"Fynsk Forsvardag\" class=\"wp-image-16715\" srcset=\"https:\/\/www.interforce.dk\/app\/uploads\/2024\/10\/Fynsk-Forsvarsdag-9-683x1024.jpg 683w, https:\/\/www.interforce.dk\/app\/uploads\/2024\/10\/Fynsk-Forsvarsdag-9-200x300.jpg 200w, https:\/\/www.interforce.dk\/app\/uploads\/2024\/10\/Fynsk-Forsvarsdag-9-768x1152.jpg 768w, https:\/\/www.interforce.dk\/app\/uploads\/2024\/10\/Fynsk-Forsvarsdag-9-1024x1536.jpg 1024w, https:\/\/www.interforce.dk\/app\/uploads\/2024\/10\/Fynsk-Forsvarsdag-9-1365x2048.jpg 1365w, https:\/\/www.interforce.dk\/app\/uploads\/2024\/10\/Fynsk-Forsvarsdag-9-8x12.jpg 8w, https:\/\/www.interforce.dk\/app\/uploads\/2024\/10\/Fynsk-Forsvarsdag-9-scaled.jpg 1707w\" sizes=\"auto, (max-width: 683px) 100vw, 683px\" \/><figcaption class=\"wp-element-caption\"><em>I pauserne mellem opl\u00e6ggene var der rig mulighed for at netv\u00e6rke og stille sp\u00f8rgsm\u00e5l til indl\u00e6gsholderne<\/em><\/figcaption><\/figure>\n\n      <\/div>\n  <\/div>\n<div class=\"block core-block core-block--paragraph\">\n      <div class=\"inner inner--small\">\n      \n<p>Repr\u00e6sentanterne fra de mange danske virksomheder, der deltog i arrangementet, havde i pauserne rig mulighed for at netv\u00e6rke og stille sp\u00f8rgsm\u00e5l til opl\u00e6gsholderne.<br><br>Bag Fynsk Forsvarsdag, der blev afholdt hos det helt nyopf\u00f8rte SIMAC &#8211; Svendborg International Maritime Academy, stod Erhvervshus Fyn, CenSec, BlueTech Center, Odense Robotics, TEKNIQ Arbejdsgiverne, Udenrigsministeriet og InterForce Region Syddanmark. <\/p>\n\n      <\/div>\n  <\/div>\n<div class=\"block core-block core-block--image\">\n      <div class=\"inner inner--small\">\n      \n<figure class=\"wp-block-image size-large\"><img loading=\"lazy\" decoding=\"async\" width=\"683\" height=\"1024\" src=\"https:\/\/www.interforce.dk\/app\/uploads\/2024\/10\/Fynsk-Forsvarsdag-7-683x1024.jpg\" alt=\"Fynsk Forsvarsdag\" class=\"wp-image-16713\" srcset=\"https:\/\/www.interforce.dk\/app\/uploads\/2024\/10\/Fynsk-Forsvarsdag-7-683x1024.jpg 683w, https:\/\/www.interforce.dk\/app\/uploads\/2024\/10\/Fynsk-Forsvarsdag-7-200x300.jpg 200w, https:\/\/www.interforce.dk\/app\/uploads\/2024\/10\/Fynsk-Forsvarsdag-7-768x1152.jpg 768w, https:\/\/www.interforce.dk\/app\/uploads\/2024\/10\/Fynsk-Forsvarsdag-7-1024x1536.jpg 1024w, https:\/\/www.interforce.dk\/app\/uploads\/2024\/10\/Fynsk-Forsvarsdag-7-1365x2048.jpg 1365w, https:\/\/www.interforce.dk\/app\/uploads\/2024\/10\/Fynsk-Forsvarsdag-7-8x12.jpg 8w, https:\/\/www.interforce.dk\/app\/uploads\/2024\/10\/Fynsk-Forsvarsdag-7-scaled.jpg 1707w\" sizes=\"auto, (max-width: 683px) 100vw, 683px\" \/><figcaption class=\"wp-element-caption\"><em>Bag Fynsk Forsvarsdag stod bl.a. InterForce Region Syddanmark<\/em><\/figcaption><\/figure>\n\n      <\/div>\n  <\/div>\n<div class=\"block core-block core-block--paragraph\">\n      <div class=\"inner inner--small\">\n      \n<p>Tak til alle, der deltog i dagen!<\/p>\n\n      <\/div>\n  <\/div>","protected":false},"excerpt":{"rendered":"Hvordan bliver man leverand\u00f8r til Forsvaret? Det var fokus, da der blev afholdt...","protected":false},"author":111,"featured_media":16716,"comment_status":"closed","ping_status":"closed","sticky":false,"template":"","format":"standard","meta":{"_acf_changed":false,"footnotes":""},"categories":[13],"tags":[53],"class_list":["post-16708","post","type-post","status-publish","format-standard","has-post-thumbnail","hentry","category-events","tag-tag-syddanmark"],"acf":[],"yoast_head":"<!-- This site is optimized with the Yoast SEO plugin v27.3 - https:\/\/yoast.com\/product\/yoast-seo-wordpress\/ -->\n<title>Succesfuld Fynsk Forsvarsdag - InterForce<\/title>\n<meta name=\"description\" content=\"D. 2. oktober 2024 blev der afholdt Sydfynsk Forsvarsdag med en r\u00e6kke private og offentlige akt\u00f8rer hos SIMAC i Svendborg.\" \/>\n<meta name=\"robots\" content=\"index, follow, max-snippet:-1, max-image-preview:large, max-video-preview:-1\" \/>\n<link rel=\"canonical\" href=\"https:\/\/www.interforce.dk\/en\/succesfuld-fynsk-forsvarsdag\/\" \/>\n<meta property=\"og:locale\" content=\"en_GB\" \/>\n<meta property=\"og:type\" content=\"article\" \/>\n<meta property=\"og:title\" content=\"Succesfuld Fynsk Forsvarsdag - InterForce\" \/>\n<meta property=\"og:description\" content=\"D. 2. oktober 2024 blev der afholdt Sydfynsk Forsvarsdag med en r\u00e6kke private og offentlige akt\u00f8rer hos SIMAC i Svendborg.\" \/>\n<meta property=\"og:url\" content=\"https:\/\/www.interforce.dk\/en\/succesfuld-fynsk-forsvarsdag\/\" \/>\n<meta property=\"og:site_name\" content=\"InterForce\" \/>\n<meta property=\"article:published_time\" content=\"2024-10-03T08:35:39+00:00\" \/>\n<meta property=\"article:modified_time\" content=\"2024-10-03T08:35:40+00:00\" \/>\n<meta property=\"og:image\" content=\"https:\/\/www.interforce.dk\/app\/uploads\/2024\/10\/Fynsk-Forsvarsdag-I-scaled.jpg\" \/>\n\t<meta property=\"og:image:width\" content=\"2560\" \/>\n\t<meta property=\"og:image:height\" content=\"1707\" \/>\n\t<meta property=\"og:image:type\" content=\"image\/jpeg\" \/>\n<meta name=\"author\" content=\"Simon Staffeldt Schou\" \/>\n<meta name=\"twitter:card\" content=\"summary_large_image\" \/>\n<meta name=\"twitter:label1\" content=\"Written by\" \/>\n\t<meta name=\"twitter:data1\" content=\"Simon Staffeldt Schou\" \/>\n\t<meta name=\"twitter:label2\" content=\"Est. reading time\" \/>\n\t<meta name=\"twitter:data2\" content=\"1 minute\" \/>\n<script type=\"application\/ld+json\" class=\"yoast-schema-graph\">{\"@context\":\"https:\\\/\\\/schema.org\",\"@graph\":[{\"@type\":\"Article\",\"@id\":\"https:\\\/\\\/www.interforce.dk\\\/succesfuld-fynsk-forsvarsdag\\\/#article\",\"isPartOf\":{\"@id\":\"https:\\\/\\\/www.interforce.dk\\\/succesfuld-fynsk-forsvarsdag\\\/\"},\"author\":{\"name\":\"Simon Staffeldt Schou\",\"@id\":\"https:\\\/\\\/www.interforce.dk\\\/#\\\/schema\\\/person\\\/3604a2bb29e48048ea484fbfb3703fad\"},\"headline\":\"Succesfuld Fynsk Forsvarsdag\",\"datePublished\":\"2024-10-03T08:35:39+00:00\",\"dateModified\":\"2024-10-03T08:35:40+00:00\",\"mainEntityOfPage\":{\"@id\":\"https:\\\/\\\/www.interforce.dk\\\/succesfuld-fynsk-forsvarsdag\\\/\"},\"wordCount\":220,\"image\":{\"@id\":\"https:\\\/\\\/www.interforce.dk\\\/succesfuld-fynsk-forsvarsdag\\\/#primaryimage\"},\"thumbnailUrl\":\"https:\\\/\\\/www.interforce.dk\\\/app\\\/uploads\\\/2024\\\/10\\\/Fynsk-Forsvarsdag-I-scaled.jpg\",\"keywords\":[\"Tag:Syddanmark\"],\"articleSection\":[\"Arrangementsomtale\"],\"inLanguage\":\"en-GB\"},{\"@type\":\"WebPage\",\"@id\":\"https:\\\/\\\/www.interforce.dk\\\/succesfuld-fynsk-forsvarsdag\\\/\",\"url\":\"https:\\\/\\\/www.interforce.dk\\\/succesfuld-fynsk-forsvarsdag\\\/\",\"name\":\"Succesfuld Fynsk Forsvarsdag - InterForce\",\"isPartOf\":{\"@id\":\"https:\\\/\\\/www.interforce.dk\\\/#website\"},\"primaryImageOfPage\":{\"@id\":\"https:\\\/\\\/www.interforce.dk\\\/succesfuld-fynsk-forsvarsdag\\\/#primaryimage\"},\"image\":{\"@id\":\"https:\\\/\\\/www.interforce.dk\\\/succesfuld-fynsk-forsvarsdag\\\/#primaryimage\"},\"thumbnailUrl\":\"https:\\\/\\\/www.interforce.dk\\\/app\\\/uploads\\\/2024\\\/10\\\/Fynsk-Forsvarsdag-I-scaled.jpg\",\"datePublished\":\"2024-10-03T08:35:39+00:00\",\"dateModified\":\"2024-10-03T08:35:40+00:00\",\"author\":{\"@id\":\"https:\\\/\\\/www.interforce.dk\\\/#\\\/schema\\\/person\\\/3604a2bb29e48048ea484fbfb3703fad\"},\"description\":\"D. 2. oktober 2024 blev der afholdt Sydfynsk Forsvarsdag med en r\u00e6kke private og offentlige akt\u00f8rer hos SIMAC i Svendborg.\",\"breadcrumb\":{\"@id\":\"https:\\\/\\\/www.interforce.dk\\\/succesfuld-fynsk-forsvarsdag\\\/#breadcrumb\"},\"inLanguage\":\"en-GB\",\"potentialAction\":[{\"@type\":\"ReadAction\",\"target\":[\"https:\\\/\\\/www.interforce.dk\\\/succesfuld-fynsk-forsvarsdag\\\/\"]}]},{\"@type\":\"ImageObject\",\"inLanguage\":\"en-GB\",\"@id\":\"https:\\\/\\\/www.interforce.dk\\\/succesfuld-fynsk-forsvarsdag\\\/#primaryimage\",\"url\":\"https:\\\/\\\/www.interforce.dk\\\/app\\\/uploads\\\/2024\\\/10\\\/Fynsk-Forsvarsdag-I-scaled.jpg\",\"contentUrl\":\"https:\\\/\\\/www.interforce.dk\\\/app\\\/uploads\\\/2024\\\/10\\\/Fynsk-Forsvarsdag-I-scaled.jpg\",\"width\":2560,\"height\":1707,\"caption\":\"Fynsk Forsvarsdag\"},{\"@type\":\"BreadcrumbList\",\"@id\":\"https:\\\/\\\/www.interforce.dk\\\/succesfuld-fynsk-forsvarsdag\\\/#breadcrumb\",\"itemListElement\":[{\"@type\":\"ListItem\",\"position\":1,\"name\":\"Hjem\",\"item\":\"https:\\\/\\\/www.interforce.dk\\\/\"},{\"@type\":\"ListItem\",\"position\":2,\"name\":\"Succesfuld Fynsk Forsvarsdag\"}]},{\"@type\":\"WebSite\",\"@id\":\"https:\\\/\\\/www.interforce.dk\\\/#website\",\"url\":\"https:\\\/\\\/www.interforce.dk\\\/\",\"name\":\"InterForce\",\"description\":\"\",\"potentialAction\":[{\"@type\":\"SearchAction\",\"target\":{\"@type\":\"EntryPoint\",\"urlTemplate\":\"https:\\\/\\\/www.interforce.dk\\\/?s={search_term_string}\"},\"query-input\":{\"@type\":\"PropertyValueSpecification\",\"valueRequired\":true,\"valueName\":\"search_term_string\"}}],\"inLanguage\":\"en-GB\"},{\"@type\":\"Person\",\"@id\":\"https:\\\/\\\/www.interforce.dk\\\/#\\\/schema\\\/person\\\/3604a2bb29e48048ea484fbfb3703fad\",\"name\":\"Simon Staffeldt Schou\",\"image\":{\"@type\":\"ImageObject\",\"inLanguage\":\"en-GB\",\"@id\":\"https:\\\/\\\/secure.gravatar.com\\\/avatar\\\/1ff3b89414668243258c5ed26b84872c273dcdf7fe7ee0c553a52e1b4c2002fd?s=96&d=mm&r=g\",\"url\":\"https:\\\/\\\/secure.gravatar.com\\\/avatar\\\/1ff3b89414668243258c5ed26b84872c273dcdf7fe7ee0c553a52e1b4c2002fd?s=96&d=mm&r=g\",\"contentUrl\":\"https:\\\/\\\/secure.gravatar.com\\\/avatar\\\/1ff3b89414668243258c5ed26b84872c273dcdf7fe7ee0c553a52e1b4c2002fd?s=96&d=mm&r=g\",\"caption\":\"Simon Staffeldt Schou\"},\"url\":\"https:\\\/\\\/www.interforce.dk\\\/en\\\/author\\\/simon\\\/\"}]}<\/script>\n<!-- \/ Yoast SEO plugin. -->","yoast_head_json":{"title":"Succesfuld Fynsk Forsvarsdag - InterForce","description":"D. 2. oktober 2024 blev der afholdt Sydfynsk Forsvarsdag med en r\u00e6kke private og offentlige akt\u00f8rer hos SIMAC i Svendborg.","robots":{"index":"index","follow":"follow","max-snippet":"max-snippet:-1","max-image-preview":"max-image-preview:large","max-video-preview":"max-video-preview:-1"},"canonical":"https:\/\/www.interforce.dk\/en\/succesfuld-fynsk-forsvarsdag\/","og_locale":"en_GB","og_type":"article","og_title":"Succesfuld Fynsk Forsvarsdag - InterForce","og_description":"D. 2. oktober 2024 blev der afholdt Sydfynsk Forsvarsdag med en r\u00e6kke private og offentlige akt\u00f8rer hos SIMAC i Svendborg.","og_url":"https:\/\/www.interforce.dk\/en\/succesfuld-fynsk-forsvarsdag\/","og_site_name":"InterForce","article_published_time":"2024-10-03T08:35:39+00:00","article_modified_time":"2024-10-03T08:35:40+00:00","og_image":[{"width":2560,"height":1707,"url":"https:\/\/www.interforce.dk\/app\/uploads\/2024\/10\/Fynsk-Forsvarsdag-I-scaled.jpg","type":"image\/jpeg"}],"author":"Simon Staffeldt Schou","twitter_card":"summary_large_image","twitter_misc":{"Written by":"Simon Staffeldt Schou","Est. reading time":"1 minute"},"schema":{"@context":"https:\/\/schema.org","@graph":[{"@type":"Article","@id":"https:\/\/www.interforce.dk\/succesfuld-fynsk-forsvarsdag\/#article","isPartOf":{"@id":"https:\/\/www.interforce.dk\/succesfuld-fynsk-forsvarsdag\/"},"author":{"name":"Simon Staffeldt Schou","@id":"https:\/\/www.interforce.dk\/#\/schema\/person\/3604a2bb29e48048ea484fbfb3703fad"},"headline":"Succesfuld Fynsk Forsvarsdag","datePublished":"2024-10-03T08:35:39+00:00","dateModified":"2024-10-03T08:35:40+00:00","mainEntityOfPage":{"@id":"https:\/\/www.interforce.dk\/succesfuld-fynsk-forsvarsdag\/"},"wordCount":220,"image":{"@id":"https:\/\/www.interforce.dk\/succesfuld-fynsk-forsvarsdag\/#primaryimage"},"thumbnailUrl":"https:\/\/www.interforce.dk\/app\/uploads\/2024\/10\/Fynsk-Forsvarsdag-I-scaled.jpg","keywords":["Tag:Syddanmark"],"articleSection":["Arrangementsomtale"],"inLanguage":"en-GB"},{"@type":"WebPage","@id":"https:\/\/www.interforce.dk\/succesfuld-fynsk-forsvarsdag\/","url":"https:\/\/www.interforce.dk\/succesfuld-fynsk-forsvarsdag\/","name":"Succesfuld Fynsk Forsvarsdag - InterForce","isPartOf":{"@id":"https:\/\/www.interforce.dk\/#website"},"primaryImageOfPage":{"@id":"https:\/\/www.interforce.dk\/succesfuld-fynsk-forsvarsdag\/#primaryimage"},"image":{"@id":"https:\/\/www.interforce.dk\/succesfuld-fynsk-forsvarsdag\/#primaryimage"},"thumbnailUrl":"https:\/\/www.interforce.dk\/app\/uploads\/2024\/10\/Fynsk-Forsvarsdag-I-scaled.jpg","datePublished":"2024-10-03T08:35:39+00:00","dateModified":"2024-10-03T08:35:40+00:00","author":{"@id":"https:\/\/www.interforce.dk\/#\/schema\/person\/3604a2bb29e48048ea484fbfb3703fad"},"description":"D. 2. oktober 2024 blev der afholdt Sydfynsk Forsvarsdag med en r\u00e6kke private og offentlige akt\u00f8rer hos SIMAC i Svendborg.","breadcrumb":{"@id":"https:\/\/www.interforce.dk\/succesfuld-fynsk-forsvarsdag\/#breadcrumb"},"inLanguage":"en-GB","potentialAction":[{"@type":"ReadAction","target":["https:\/\/www.interforce.dk\/succesfuld-fynsk-forsvarsdag\/"]}]},{"@type":"ImageObject","inLanguage":"en-GB","@id":"https:\/\/www.interforce.dk\/succesfuld-fynsk-forsvarsdag\/#primaryimage","url":"https:\/\/www.interforce.dk\/app\/uploads\/2024\/10\/Fynsk-Forsvarsdag-I-scaled.jpg","contentUrl":"https:\/\/www.interforce.dk\/app\/uploads\/2024\/10\/Fynsk-Forsvarsdag-I-scaled.jpg","width":2560,"height":1707,"caption":"Fynsk Forsvarsdag"},{"@type":"BreadcrumbList","@id":"https:\/\/www.interforce.dk\/succesfuld-fynsk-forsvarsdag\/#breadcrumb","itemListElement":[{"@type":"ListItem","position":1,"name":"Hjem","item":"https:\/\/www.interforce.dk\/"},{"@type":"ListItem","position":2,"name":"Succesfuld Fynsk Forsvarsdag"}]},{"@type":"WebSite","@id":"https:\/\/www.interforce.dk\/#website","url":"https:\/\/www.interforce.dk\/","name":"InterForce","description":"","potentialAction":[{"@type":"SearchAction","target":{"@type":"EntryPoint","urlTemplate":"https:\/\/www.interforce.dk\/?s={search_term_string}"},"query-input":{"@type":"PropertyValueSpecification","valueRequired":true,"valueName":"search_term_string"}}],"inLanguage":"en-GB"},{"@type":"Person","@id":"https:\/\/www.interforce.dk\/#\/schema\/person\/3604a2bb29e48048ea484fbfb3703fad","name":"Simon Staffeldt Schou","image":{"@type":"ImageObject","inLanguage":"en-GB","@id":"https:\/\/secure.gravatar.com\/avatar\/1ff3b89414668243258c5ed26b84872c273dcdf7fe7ee0c553a52e1b4c2002fd?s=96&d=mm&r=g","url":"https:\/\/secure.gravatar.com\/avatar\/1ff3b89414668243258c5ed26b84872c273dcdf7fe7ee0c553a52e1b4c2002fd?s=96&d=mm&r=g","contentUrl":"https:\/\/secure.gravatar.com\/avatar\/1ff3b89414668243258c5ed26b84872c273dcdf7fe7ee0c553a52e1b4c2002fd?s=96&d=mm&r=g","caption":"Simon Staffeldt Schou"},"url":"https:\/\/www.interforce.dk\/en\/author\/simon\/"}]}},"_links":{"self":[{"href":"https:\/\/www.interforce.dk\/en\/wp-json\/wp\/v2\/posts\/16708","targetHints":{"allow":["GET"]}}],"collection":[{"href":"https:\/\/www.interforce.dk\/en\/wp-json\/wp\/v2\/posts"}],"about":[{"href":"https:\/\/www.interforce.dk\/en\/wp-json\/wp\/v2\/types\/post"}],"author":[{"embeddable":true,"href":"https:\/\/www.interforce.dk\/en\/wp-json\/wp\/v2\/users\/111"}],"replies":[{"embeddable":true,"href":"https:\/\/www.interforce.dk\/en\/wp-json\/wp\/v2\/comments?post=16708"}],"version-history":[{"count":1,"href":"https:\/\/www.interforce.dk\/en\/wp-json\/wp\/v2\/posts\/16708\/revisions"}],"predecessor-version":[{"id":16718,"href":"https:\/\/www.interforce.dk\/en\/wp-json\/wp\/v2\/posts\/16708\/revisions\/16718"}],"wp:featuredmedia":[{"embeddable":true,"href":"https:\/\/www.interforce.dk\/en\/wp-json\/wp\/v2\/media\/16716"}],"wp:attachment":[{"href":"https:\/\/www.interforce.dk\/en\/wp-json\/wp\/v2\/media?parent=16708"}],"wp:term":[{"taxonomy":"category","embeddable":true,"href":"https:\/\/www.interforce.dk\/en\/wp-json\/wp\/v2\/categories?post=16708"},{"taxonomy":"post_tag","embeddable":true,"href":"https:\/\/www.interforce.dk\/en\/wp-json\/wp\/v2\/tags?post=16708"}],"curies":[{"name":"wp","href":"https:\/\/api.w.org\/{rel}","templated":true}]}}