{"id":16474,"date":"2024-09-10T12:41:59","date_gmt":"2024-09-10T12:41:59","guid":{"rendered":"https:\/\/www.interforce.dk\/?p=16474"},"modified":"2024-09-10T12:42:00","modified_gmt":"2024-09-10T12:42:00","slug":"magasin-du-nord-stoetter-op-om-interforce","status":"publish","type":"post","link":"https:\/\/www.interforce.dk\/en\/magasin-du-nord-stoetter-op-om-interforce\/","title":{"rendered":"Magasin du Nord st\u00f8tter op om InterForce"},"content":{"rendered":"<div class=\"block core-block core-block--image\">\n      <div class=\"inner inner--small\">\n      \n<figure class=\"wp-block-image size-large\"><img loading=\"lazy\" decoding=\"async\" width=\"768\" height=\"1024\" src=\"https:\/\/www.interforce.dk\/app\/uploads\/2024\/09\/Magasin-768x1024.jpg\" alt=\"\" class=\"wp-image-16475\" srcset=\"https:\/\/www.interforce.dk\/app\/uploads\/2024\/09\/Magasin-768x1024.jpg 768w, https:\/\/www.interforce.dk\/app\/uploads\/2024\/09\/Magasin-225x300.jpg 225w, https:\/\/www.interforce.dk\/app\/uploads\/2024\/09\/Magasin-1152x1536.jpg 1152w, https:\/\/www.interforce.dk\/app\/uploads\/2024\/09\/Magasin-1536x2048.jpg 1536w, https:\/\/www.interforce.dk\/app\/uploads\/2024\/09\/Magasin-9x12.jpg 9w, https:\/\/www.interforce.dk\/app\/uploads\/2024\/09\/Magasin-scaled.jpg 1920w\" sizes=\"auto, (max-width: 768px) 100vw, 768px\" \/><\/figure>\n\n      <\/div>\n  <\/div>\n<div class=\"block core-block core-block--paragraph\">\n      <div class=\"inner inner--small\">\n      \n<p>I fredags modtog Magasin du Nord og Mark Smed InterForce-skjoldet af InterForce ambassad\u00f8r Christian Fredberg. Skjoldet er en anerkendelse af, at Magasin st\u00f8tter op om reservestyrken og derved bidrager til Danmarks samfundssikkerhed.<\/p>\n\n      <\/div>\n  <\/div>\n<div class=\"block core-block core-block--paragraph\">\n      <div class=\"inner inner--small\">\n      \n<p>I forbindelse med skjoldoverr\u00e6kkelsen dr\u00f8ftedes reservestyrkens forhold og hvordan vi ved f\u00e6lles hj\u00e6lp kan arbejde for at tilknytte flere medarbejdere til reservestyrken. F.eks. medarbejdere, der tidligere har haft tilknytning til Forsvaret, Hjemmev\u00e6rnet, Beredskabet eller Kystredningstjenesten, men som nu har mistet tilknytningen.<\/p>\n\n      <\/div>\n  <\/div>\n<div class=\"block core-block core-block--paragraph\">\n      <div class=\"inner inner--small\">\n      \n<p>Tak for st\u00f8tten fra Magasin du Nord!<\/p>\n\n      <\/div>\n  <\/div>\n<div class=\"block core-block core-block--paragraph\">\n      <div class=\"inner inner--small\">\n      \n<p>L\u00e6s ogs\u00e5: <a href=\"https:\/\/www.interforce.dk\/en\/forsvaret-og-erhvervslivet-moedtes-i-arbejdermuseet\/\">Forsvaret og erhvervslivet m\u00f8dtes i Arbejdermuseet<\/a><\/p>\n\n      <\/div>\n  <\/div>","protected":false},"excerpt":{"rendered":"I fredags modtog Magasin du Nord og Mark Smed InterForce-skjoldet af InterForce ...","protected":false},"author":122,"featured_media":16475,"comment_status":"closed","ping_status":"closed","sticky":false,"template":"","format":"standard","meta":{"_acf_changed":false,"footnotes":""},"categories":[12],"tags":[55],"class_list":["post-16474","post","type-post","status-publish","format-standard","has-post-thumbnail","hentry","category-nyt-om-if","tag-tag-hovedstaden"],"acf":[],"yoast_head":"<!-- This site is optimized with the Yoast SEO plugin v27.3 - https:\/\/yoast.com\/product\/yoast-seo-wordpress\/ -->\n<title>Magasin du Nord st\u00f8tter op om InterForce - InterForce<\/title>\n<meta name=\"description\" content=\"I fredags modtog Magasin du Nord og Mark Smed InterForce-skjoldet af InterForce ambassad\u00f8r Christian Fredberg.\" \/>\n<meta name=\"robots\" content=\"index, follow, max-snippet:-1, max-image-preview:large, max-video-preview:-1\" \/>\n<link rel=\"canonical\" href=\"https:\/\/www.interforce.dk\/en\/magasin-du-nord-stoetter-op-om-interforce\/\" \/>\n<meta property=\"og:locale\" content=\"en_GB\" \/>\n<meta property=\"og:type\" content=\"article\" \/>\n<meta property=\"og:title\" content=\"Magasin du Nord st\u00f8tter op om InterForce - InterForce\" \/>\n<meta property=\"og:description\" content=\"I fredags modtog Magasin du Nord og Mark Smed InterForce-skjoldet af InterForce ambassad\u00f8r Christian Fredberg.\" \/>\n<meta property=\"og:url\" content=\"https:\/\/www.interforce.dk\/en\/magasin-du-nord-stoetter-op-om-interforce\/\" \/>\n<meta property=\"og:site_name\" content=\"InterForce\" \/>\n<meta property=\"article:published_time\" content=\"2024-09-10T12:41:59+00:00\" \/>\n<meta property=\"article:modified_time\" content=\"2024-09-10T12:42:00+00:00\" \/>\n<meta property=\"og:image\" content=\"https:\/\/www.interforce.dk\/app\/uploads\/2024\/09\/Magasin-scaled.jpg\" \/>\n\t<meta property=\"og:image:width\" content=\"1920\" \/>\n\t<meta property=\"og:image:height\" content=\"2560\" \/>\n\t<meta property=\"og:image:type\" content=\"image\/jpeg\" \/>\n<meta name=\"author\" content=\"Anton Rask Hauge Steffensen\" \/>\n<meta name=\"twitter:card\" content=\"summary_large_image\" \/>\n<meta name=\"twitter:label1\" content=\"Written by\" \/>\n\t<meta name=\"twitter:data1\" content=\"Anton Rask Hauge Steffensen\" \/>\n<script type=\"application\/ld+json\" class=\"yoast-schema-graph\">{\"@context\":\"https:\\\/\\\/schema.org\",\"@graph\":[{\"@type\":\"Article\",\"@id\":\"https:\\\/\\\/www.interforce.dk\\\/magasin-du-nord-stoetter-op-om-interforce\\\/#article\",\"isPartOf\":{\"@id\":\"https:\\\/\\\/www.interforce.dk\\\/magasin-du-nord-stoetter-op-om-interforce\\\/\"},\"author\":{\"name\":\"Anton Rask Hauge Steffensen\",\"@id\":\"https:\\\/\\\/www.interforce.dk\\\/#\\\/schema\\\/person\\\/93de0ad27fec55a2f38d2195162834c7\"},\"headline\":\"Magasin du Nord st\u00f8tter op om InterForce\",\"datePublished\":\"2024-09-10T12:41:59+00:00\",\"dateModified\":\"2024-09-10T12:42:00+00:00\",\"mainEntityOfPage\":{\"@id\":\"https:\\\/\\\/www.interforce.dk\\\/magasin-du-nord-stoetter-op-om-interforce\\\/\"},\"wordCount\":107,\"image\":{\"@id\":\"https:\\\/\\\/www.interforce.dk\\\/magasin-du-nord-stoetter-op-om-interforce\\\/#primaryimage\"},\"thumbnailUrl\":\"https:\\\/\\\/www.interforce.dk\\\/app\\\/uploads\\\/2024\\\/09\\\/Magasin-scaled.jpg\",\"keywords\":[\"Tag:Hovedstaden\"],\"articleSection\":[\"Nyheder om InterForce\"],\"inLanguage\":\"en-GB\"},{\"@type\":\"WebPage\",\"@id\":\"https:\\\/\\\/www.interforce.dk\\\/magasin-du-nord-stoetter-op-om-interforce\\\/\",\"url\":\"https:\\\/\\\/www.interforce.dk\\\/magasin-du-nord-stoetter-op-om-interforce\\\/\",\"name\":\"Magasin du Nord st\u00f8tter op om InterForce - InterForce\",\"isPartOf\":{\"@id\":\"https:\\\/\\\/www.interforce.dk\\\/#website\"},\"primaryImageOfPage\":{\"@id\":\"https:\\\/\\\/www.interforce.dk\\\/magasin-du-nord-stoetter-op-om-interforce\\\/#primaryimage\"},\"image\":{\"@id\":\"https:\\\/\\\/www.interforce.dk\\\/magasin-du-nord-stoetter-op-om-interforce\\\/#primaryimage\"},\"thumbnailUrl\":\"https:\\\/\\\/www.interforce.dk\\\/app\\\/uploads\\\/2024\\\/09\\\/Magasin-scaled.jpg\",\"datePublished\":\"2024-09-10T12:41:59+00:00\",\"dateModified\":\"2024-09-10T12:42:00+00:00\",\"author\":{\"@id\":\"https:\\\/\\\/www.interforce.dk\\\/#\\\/schema\\\/person\\\/93de0ad27fec55a2f38d2195162834c7\"},\"description\":\"I fredags modtog Magasin du Nord og Mark Smed InterForce-skjoldet af InterForce ambassad\u00f8r Christian Fredberg.\",\"breadcrumb\":{\"@id\":\"https:\\\/\\\/www.interforce.dk\\\/magasin-du-nord-stoetter-op-om-interforce\\\/#breadcrumb\"},\"inLanguage\":\"en-GB\",\"potentialAction\":[{\"@type\":\"ReadAction\",\"target\":[\"https:\\\/\\\/www.interforce.dk\\\/magasin-du-nord-stoetter-op-om-interforce\\\/\"]}]},{\"@type\":\"ImageObject\",\"inLanguage\":\"en-GB\",\"@id\":\"https:\\\/\\\/www.interforce.dk\\\/magasin-du-nord-stoetter-op-om-interforce\\\/#primaryimage\",\"url\":\"https:\\\/\\\/www.interforce.dk\\\/app\\\/uploads\\\/2024\\\/09\\\/Magasin-scaled.jpg\",\"contentUrl\":\"https:\\\/\\\/www.interforce.dk\\\/app\\\/uploads\\\/2024\\\/09\\\/Magasin-scaled.jpg\",\"width\":1920,\"height\":2560},{\"@type\":\"BreadcrumbList\",\"@id\":\"https:\\\/\\\/www.interforce.dk\\\/magasin-du-nord-stoetter-op-om-interforce\\\/#breadcrumb\",\"itemListElement\":[{\"@type\":\"ListItem\",\"position\":1,\"name\":\"Hjem\",\"item\":\"https:\\\/\\\/www.interforce.dk\\\/\"},{\"@type\":\"ListItem\",\"position\":2,\"name\":\"Magasin du Nord st\u00f8tter op om InterForce\"}]},{\"@type\":\"WebSite\",\"@id\":\"https:\\\/\\\/www.interforce.dk\\\/#website\",\"url\":\"https:\\\/\\\/www.interforce.dk\\\/\",\"name\":\"InterForce\",\"description\":\"\",\"potentialAction\":[{\"@type\":\"SearchAction\",\"target\":{\"@type\":\"EntryPoint\",\"urlTemplate\":\"https:\\\/\\\/www.interforce.dk\\\/?s={search_term_string}\"},\"query-input\":{\"@type\":\"PropertyValueSpecification\",\"valueRequired\":true,\"valueName\":\"search_term_string\"}}],\"inLanguage\":\"en-GB\"},{\"@type\":\"Person\",\"@id\":\"https:\\\/\\\/www.interforce.dk\\\/#\\\/schema\\\/person\\\/93de0ad27fec55a2f38d2195162834c7\",\"name\":\"Anton Rask Hauge Steffensen\",\"image\":{\"@type\":\"ImageObject\",\"inLanguage\":\"en-GB\",\"@id\":\"https:\\\/\\\/secure.gravatar.com\\\/avatar\\\/8e4247cfae5f9f3cbd0c18740bdc45f335fc586e35e954f20e626e45d46e568d?s=96&d=mm&r=g\",\"url\":\"https:\\\/\\\/secure.gravatar.com\\\/avatar\\\/8e4247cfae5f9f3cbd0c18740bdc45f335fc586e35e954f20e626e45d46e568d?s=96&d=mm&r=g\",\"contentUrl\":\"https:\\\/\\\/secure.gravatar.com\\\/avatar\\\/8e4247cfae5f9f3cbd0c18740bdc45f335fc586e35e954f20e626e45d46e568d?s=96&d=mm&r=g\",\"caption\":\"Anton Rask Hauge Steffensen\"},\"url\":\"https:\\\/\\\/www.interforce.dk\\\/en\\\/author\\\/anton\\\/\"}]}<\/script>\n<!-- \/ Yoast SEO plugin. -->","yoast_head_json":{"title":"Magasin du Nord st\u00f8tter op om InterForce - InterForce","description":"I fredags modtog Magasin du Nord og Mark Smed InterForce-skjoldet af InterForce ambassad\u00f8r Christian Fredberg.","robots":{"index":"index","follow":"follow","max-snippet":"max-snippet:-1","max-image-preview":"max-image-preview:large","max-video-preview":"max-video-preview:-1"},"canonical":"https:\/\/www.interforce.dk\/en\/magasin-du-nord-stoetter-op-om-interforce\/","og_locale":"en_GB","og_type":"article","og_title":"Magasin du Nord st\u00f8tter op om InterForce - InterForce","og_description":"I fredags modtog Magasin du Nord og Mark Smed InterForce-skjoldet af InterForce ambassad\u00f8r Christian Fredberg.","og_url":"https:\/\/www.interforce.dk\/en\/magasin-du-nord-stoetter-op-om-interforce\/","og_site_name":"InterForce","article_published_time":"2024-09-10T12:41:59+00:00","article_modified_time":"2024-09-10T12:42:00+00:00","og_image":[{"width":1920,"height":2560,"url":"https:\/\/www.interforce.dk\/app\/uploads\/2024\/09\/Magasin-scaled.jpg","type":"image\/jpeg"}],"author":"Anton Rask Hauge Steffensen","twitter_card":"summary_large_image","twitter_misc":{"Written by":"Anton Rask Hauge Steffensen"},"schema":{"@context":"https:\/\/schema.org","@graph":[{"@type":"Article","@id":"https:\/\/www.interforce.dk\/magasin-du-nord-stoetter-op-om-interforce\/#article","isPartOf":{"@id":"https:\/\/www.interforce.dk\/magasin-du-nord-stoetter-op-om-interforce\/"},"author":{"name":"Anton Rask Hauge Steffensen","@id":"https:\/\/www.interforce.dk\/#\/schema\/person\/93de0ad27fec55a2f38d2195162834c7"},"headline":"Magasin du Nord st\u00f8tter op om InterForce","datePublished":"2024-09-10T12:41:59+00:00","dateModified":"2024-09-10T12:42:00+00:00","mainEntityOfPage":{"@id":"https:\/\/www.interforce.dk\/magasin-du-nord-stoetter-op-om-interforce\/"},"wordCount":107,"image":{"@id":"https:\/\/www.interforce.dk\/magasin-du-nord-stoetter-op-om-interforce\/#primaryimage"},"thumbnailUrl":"https:\/\/www.interforce.dk\/app\/uploads\/2024\/09\/Magasin-scaled.jpg","keywords":["Tag:Hovedstaden"],"articleSection":["Nyheder om InterForce"],"inLanguage":"en-GB"},{"@type":"WebPage","@id":"https:\/\/www.interforce.dk\/magasin-du-nord-stoetter-op-om-interforce\/","url":"https:\/\/www.interforce.dk\/magasin-du-nord-stoetter-op-om-interforce\/","name":"Magasin du Nord st\u00f8tter op om InterForce - InterForce","isPartOf":{"@id":"https:\/\/www.interforce.dk\/#website"},"primaryImageOfPage":{"@id":"https:\/\/www.interforce.dk\/magasin-du-nord-stoetter-op-om-interforce\/#primaryimage"},"image":{"@id":"https:\/\/www.interforce.dk\/magasin-du-nord-stoetter-op-om-interforce\/#primaryimage"},"thumbnailUrl":"https:\/\/www.interforce.dk\/app\/uploads\/2024\/09\/Magasin-scaled.jpg","datePublished":"2024-09-10T12:41:59+00:00","dateModified":"2024-09-10T12:42:00+00:00","author":{"@id":"https:\/\/www.interforce.dk\/#\/schema\/person\/93de0ad27fec55a2f38d2195162834c7"},"description":"I fredags modtog Magasin du Nord og Mark Smed InterForce-skjoldet af InterForce ambassad\u00f8r Christian Fredberg.","breadcrumb":{"@id":"https:\/\/www.interforce.dk\/magasin-du-nord-stoetter-op-om-interforce\/#breadcrumb"},"inLanguage":"en-GB","potentialAction":[{"@type":"ReadAction","target":["https:\/\/www.interforce.dk\/magasin-du-nord-stoetter-op-om-interforce\/"]}]},{"@type":"ImageObject","inLanguage":"en-GB","@id":"https:\/\/www.interforce.dk\/magasin-du-nord-stoetter-op-om-interforce\/#primaryimage","url":"https:\/\/www.interforce.dk\/app\/uploads\/2024\/09\/Magasin-scaled.jpg","contentUrl":"https:\/\/www.interforce.dk\/app\/uploads\/2024\/09\/Magasin-scaled.jpg","width":1920,"height":2560},{"@type":"BreadcrumbList","@id":"https:\/\/www.interforce.dk\/magasin-du-nord-stoetter-op-om-interforce\/#breadcrumb","itemListElement":[{"@type":"ListItem","position":1,"name":"Hjem","item":"https:\/\/www.interforce.dk\/"},{"@type":"ListItem","position":2,"name":"Magasin du Nord st\u00f8tter op om InterForce"}]},{"@type":"WebSite","@id":"https:\/\/www.interforce.dk\/#website","url":"https:\/\/www.interforce.dk\/","name":"InterForce","description":"","potentialAction":[{"@type":"SearchAction","target":{"@type":"EntryPoint","urlTemplate":"https:\/\/www.interforce.dk\/?s={search_term_string}"},"query-input":{"@type":"PropertyValueSpecification","valueRequired":true,"valueName":"search_term_string"}}],"inLanguage":"en-GB"},{"@type":"Person","@id":"https:\/\/www.interforce.dk\/#\/schema\/person\/93de0ad27fec55a2f38d2195162834c7","name":"Anton Rask Hauge Steffensen","image":{"@type":"ImageObject","inLanguage":"en-GB","@id":"https:\/\/secure.gravatar.com\/avatar\/8e4247cfae5f9f3cbd0c18740bdc45f335fc586e35e954f20e626e45d46e568d?s=96&d=mm&r=g","url":"https:\/\/secure.gravatar.com\/avatar\/8e4247cfae5f9f3cbd0c18740bdc45f335fc586e35e954f20e626e45d46e568d?s=96&d=mm&r=g","contentUrl":"https:\/\/secure.gravatar.com\/avatar\/8e4247cfae5f9f3cbd0c18740bdc45f335fc586e35e954f20e626e45d46e568d?s=96&d=mm&r=g","caption":"Anton Rask Hauge Steffensen"},"url":"https:\/\/www.interforce.dk\/en\/author\/anton\/"}]}},"_links":{"self":[{"href":"https:\/\/www.interforce.dk\/en\/wp-json\/wp\/v2\/posts\/16474","targetHints":{"allow":["GET"]}}],"collection":[{"href":"https:\/\/www.interforce.dk\/en\/wp-json\/wp\/v2\/posts"}],"about":[{"href":"https:\/\/www.interforce.dk\/en\/wp-json\/wp\/v2\/types\/post"}],"author":[{"embeddable":true,"href":"https:\/\/www.interforce.dk\/en\/wp-json\/wp\/v2\/users\/122"}],"replies":[{"embeddable":true,"href":"https:\/\/www.interforce.dk\/en\/wp-json\/wp\/v2\/comments?post=16474"}],"version-history":[{"count":1,"href":"https:\/\/www.interforce.dk\/en\/wp-json\/wp\/v2\/posts\/16474\/revisions"}],"predecessor-version":[{"id":16476,"href":"https:\/\/www.interforce.dk\/en\/wp-json\/wp\/v2\/posts\/16474\/revisions\/16476"}],"wp:featuredmedia":[{"embeddable":true,"href":"https:\/\/www.interforce.dk\/en\/wp-json\/wp\/v2\/media\/16475"}],"wp:attachment":[{"href":"https:\/\/www.interforce.dk\/en\/wp-json\/wp\/v2\/media?parent=16474"}],"wp:term":[{"taxonomy":"category","embeddable":true,"href":"https:\/\/www.interforce.dk\/en\/wp-json\/wp\/v2\/categories?post=16474"},{"taxonomy":"post_tag","embeddable":true,"href":"https:\/\/www.interforce.dk\/en\/wp-json\/wp\/v2\/tags?post=16474"}],"curies":[{"name":"wp","href":"https:\/\/api.w.org\/{rel}","templated":true}]}}