{"id":16345,"date":"2024-09-10T12:20:22","date_gmt":"2024-09-10T12:20:22","guid":{"rendered":"https:\/\/www.interforce.dk\/?p=16345"},"modified":"2024-09-10T12:20:23","modified_gmt":"2024-09-10T12:20:23","slug":"bendt-bendtsen-consulting-modtager-interforce-skjoldet","status":"publish","type":"post","link":"https:\/\/www.interforce.dk\/en\/bendt-bendtsen-consulting-modtager-interforce-skjoldet\/","title":{"rendered":"Bendt Bendtsen Consulting modtager InterForce-skjoldet"},"content":{"rendered":"<div class=\"block core-block core-block--image\">\n      <div class=\"inner inner--small\">\n      \n<figure class=\"wp-block-image size-large is-resized\"><img loading=\"lazy\" decoding=\"async\" width=\"768\" height=\"1024\" src=\"https:\/\/www.interforce.dk\/app\/uploads\/2024\/09\/IMG_5179-768x1024.jpeg\" alt=\"\" class=\"wp-image-16346\" style=\"width:840px;height:auto\" srcset=\"https:\/\/www.interforce.dk\/app\/uploads\/2024\/09\/IMG_5179-768x1024.jpeg 768w, https:\/\/www.interforce.dk\/app\/uploads\/2024\/09\/IMG_5179-225x300.jpeg 225w, https:\/\/www.interforce.dk\/app\/uploads\/2024\/09\/IMG_5179-1152x1536.jpeg 1152w, https:\/\/www.interforce.dk\/app\/uploads\/2024\/09\/IMG_5179-1536x2048.jpeg 1536w, https:\/\/www.interforce.dk\/app\/uploads\/2024\/09\/IMG_5179-9x12.jpeg 9w, https:\/\/www.interforce.dk\/app\/uploads\/2024\/09\/IMG_5179-scaled.jpeg 1920w\" sizes=\"auto, (max-width: 768px) 100vw, 768px\" \/><figcaption class=\"wp-element-caption\"><em>Bendt Bendtsen f\u00e5r overrakt InterForce-skjoldet af InterForce regionsambassad\u00f8r Flemming Bonavent Hansen.<\/em><\/figcaption><\/figure>\n\n      <\/div>\n  <\/div>\n<div class=\"block core-block core-block--paragraph\">\n      <div class=\"inner inner--small\">\n      \n<p>Regionsambassad\u00f8r oberstl\u00f8jtnant Flemming Bonavent havde forn\u00f8jelsen at overr\u00e6kke InterForce-skjoldet til tidl. \u00f8konomi- og erhvervsminister, vicestatsminister, medlem af Europa-Parlamentet og formand for Det Konservative Folkeparti Bendt Bendtsen.<\/p>\n\n      <\/div>\n  <\/div>\n<div class=\"block core-block core-block--paragraph\">\n      <div class=\"inner inner--small\">\n      \n<p>Med sin store erfaring fra politik er Bendt Bendtsen et eftertragtet medlem i forskellige fora gennem Bendt Bendtsen Consulting. I kraft af sin tid som politibetjent er Bendt Bendtsen i den grad opm\u00e6rksom p\u00e5 n\u00f8dvendigheden af et robust beredskab &#8211; ikke mindst i disse urolige tider.<\/p>\n\n      <\/div>\n  <\/div>\n<div class=\"block core-block core-block--paragraph\">\n      <div class=\"inner inner--small\">\n      \n<p>Tak for st\u00f8tten!<\/p>\n\n      <\/div>\n  <\/div>\n<div class=\"block core-block core-block--paragraph\">\n      <div class=\"inner inner--small\">\n      \n<p>L\u00e6s ogs\u00e5: <a href=\"https:\/\/www.interforce.dk\/en\/smvdanmark-stoetter-op-om-interforce\/\">SMV Danmark st\u00f8tter op om InterForce<\/a><\/p>\n\n      <\/div>\n  <\/div>","protected":false},"excerpt":{"rendered":"Tidl. minister, medlem af Europa-Parlamentet og formand for Det Konservative Fol...","protected":false},"author":122,"featured_media":16346,"comment_status":"closed","ping_status":"closed","sticky":false,"template":"","format":"standard","meta":{"_acf_changed":false,"footnotes":""},"categories":[12],"tags":[53],"class_list":["post-16345","post","type-post","status-publish","format-standard","has-post-thumbnail","hentry","category-nyt-om-if","tag-tag-syddanmark"],"acf":[],"yoast_head":"<!-- This site is optimized with the Yoast SEO plugin v27.3 - https:\/\/yoast.com\/product\/yoast-seo-wordpress\/ -->\n<title>Bendt Bendtsen Consulting modtager InterForce-skjoldet - InterForce<\/title>\n<meta name=\"description\" content=\"Tidl. minister, medlem af Europa-Parlamentet og formand for Det Konservative Folkeparti Bendt Bendtsen modtager InterForce-skjoldet\" \/>\n<meta name=\"robots\" content=\"index, follow, max-snippet:-1, max-image-preview:large, max-video-preview:-1\" \/>\n<link rel=\"canonical\" href=\"https:\/\/www.interforce.dk\/en\/bendt-bendtsen-consulting-modtager-interforce-skjoldet\/\" \/>\n<meta property=\"og:locale\" content=\"en_GB\" \/>\n<meta property=\"og:type\" content=\"article\" \/>\n<meta property=\"og:title\" content=\"Bendt Bendtsen Consulting modtager InterForce-skjoldet - InterForce\" \/>\n<meta property=\"og:description\" content=\"Tidl. minister, medlem af Europa-Parlamentet og formand for Det Konservative Folkeparti Bendt Bendtsen modtager InterForce-skjoldet\" \/>\n<meta property=\"og:url\" content=\"https:\/\/www.interforce.dk\/en\/bendt-bendtsen-consulting-modtager-interforce-skjoldet\/\" \/>\n<meta property=\"og:site_name\" content=\"InterForce\" \/>\n<meta property=\"article:published_time\" content=\"2024-09-10T12:20:22+00:00\" \/>\n<meta property=\"article:modified_time\" content=\"2024-09-10T12:20:23+00:00\" \/>\n<meta property=\"og:image\" content=\"https:\/\/www.interforce.dk\/app\/uploads\/2024\/09\/IMG_5179-scaled.jpeg\" \/>\n\t<meta property=\"og:image:width\" content=\"1920\" \/>\n\t<meta property=\"og:image:height\" content=\"2560\" \/>\n\t<meta property=\"og:image:type\" content=\"image\/jpeg\" \/>\n<meta name=\"author\" content=\"Anton Rask Hauge Steffensen\" \/>\n<meta name=\"twitter:card\" content=\"summary_large_image\" \/>\n<meta name=\"twitter:label1\" content=\"Written by\" \/>\n\t<meta name=\"twitter:data1\" content=\"Anton Rask Hauge Steffensen\" \/>\n\t<meta name=\"twitter:label2\" content=\"Est. reading time\" \/>\n\t<meta name=\"twitter:data2\" content=\"1 minute\" \/>\n<script type=\"application\/ld+json\" class=\"yoast-schema-graph\">{\"@context\":\"https:\\\/\\\/schema.org\",\"@graph\":[{\"@type\":\"Article\",\"@id\":\"https:\\\/\\\/www.interforce.dk\\\/bendt-bendtsen-consulting-modtager-interforce-skjoldet\\\/#article\",\"isPartOf\":{\"@id\":\"https:\\\/\\\/www.interforce.dk\\\/bendt-bendtsen-consulting-modtager-interforce-skjoldet\\\/\"},\"author\":{\"name\":\"Anton Rask Hauge Steffensen\",\"@id\":\"https:\\\/\\\/www.interforce.dk\\\/#\\\/schema\\\/person\\\/93de0ad27fec55a2f38d2195162834c7\"},\"headline\":\"Bendt Bendtsen Consulting modtager InterForce-skjoldet\",\"datePublished\":\"2024-09-10T12:20:22+00:00\",\"dateModified\":\"2024-09-10T12:20:23+00:00\",\"mainEntityOfPage\":{\"@id\":\"https:\\\/\\\/www.interforce.dk\\\/bendt-bendtsen-consulting-modtager-interforce-skjoldet\\\/\"},\"wordCount\":110,\"image\":{\"@id\":\"https:\\\/\\\/www.interforce.dk\\\/bendt-bendtsen-consulting-modtager-interforce-skjoldet\\\/#primaryimage\"},\"thumbnailUrl\":\"https:\\\/\\\/www.interforce.dk\\\/app\\\/uploads\\\/2024\\\/09\\\/IMG_5179-scaled.jpeg\",\"keywords\":[\"Tag:Syddanmark\"],\"articleSection\":[\"Nyheder om InterForce\"],\"inLanguage\":\"en-GB\"},{\"@type\":\"WebPage\",\"@id\":\"https:\\\/\\\/www.interforce.dk\\\/bendt-bendtsen-consulting-modtager-interforce-skjoldet\\\/\",\"url\":\"https:\\\/\\\/www.interforce.dk\\\/bendt-bendtsen-consulting-modtager-interforce-skjoldet\\\/\",\"name\":\"Bendt Bendtsen Consulting modtager InterForce-skjoldet - InterForce\",\"isPartOf\":{\"@id\":\"https:\\\/\\\/www.interforce.dk\\\/#website\"},\"primaryImageOfPage\":{\"@id\":\"https:\\\/\\\/www.interforce.dk\\\/bendt-bendtsen-consulting-modtager-interforce-skjoldet\\\/#primaryimage\"},\"image\":{\"@id\":\"https:\\\/\\\/www.interforce.dk\\\/bendt-bendtsen-consulting-modtager-interforce-skjoldet\\\/#primaryimage\"},\"thumbnailUrl\":\"https:\\\/\\\/www.interforce.dk\\\/app\\\/uploads\\\/2024\\\/09\\\/IMG_5179-scaled.jpeg\",\"datePublished\":\"2024-09-10T12:20:22+00:00\",\"dateModified\":\"2024-09-10T12:20:23+00:00\",\"author\":{\"@id\":\"https:\\\/\\\/www.interforce.dk\\\/#\\\/schema\\\/person\\\/93de0ad27fec55a2f38d2195162834c7\"},\"description\":\"Tidl. minister, medlem af Europa-Parlamentet og formand for Det Konservative Folkeparti Bendt Bendtsen modtager InterForce-skjoldet\",\"breadcrumb\":{\"@id\":\"https:\\\/\\\/www.interforce.dk\\\/bendt-bendtsen-consulting-modtager-interforce-skjoldet\\\/#breadcrumb\"},\"inLanguage\":\"en-GB\",\"potentialAction\":[{\"@type\":\"ReadAction\",\"target\":[\"https:\\\/\\\/www.interforce.dk\\\/bendt-bendtsen-consulting-modtager-interforce-skjoldet\\\/\"]}]},{\"@type\":\"ImageObject\",\"inLanguage\":\"en-GB\",\"@id\":\"https:\\\/\\\/www.interforce.dk\\\/bendt-bendtsen-consulting-modtager-interforce-skjoldet\\\/#primaryimage\",\"url\":\"https:\\\/\\\/www.interforce.dk\\\/app\\\/uploads\\\/2024\\\/09\\\/IMG_5179-scaled.jpeg\",\"contentUrl\":\"https:\\\/\\\/www.interforce.dk\\\/app\\\/uploads\\\/2024\\\/09\\\/IMG_5179-scaled.jpeg\",\"width\":1920,\"height\":2560},{\"@type\":\"BreadcrumbList\",\"@id\":\"https:\\\/\\\/www.interforce.dk\\\/bendt-bendtsen-consulting-modtager-interforce-skjoldet\\\/#breadcrumb\",\"itemListElement\":[{\"@type\":\"ListItem\",\"position\":1,\"name\":\"Hjem\",\"item\":\"https:\\\/\\\/www.interforce.dk\\\/\"},{\"@type\":\"ListItem\",\"position\":2,\"name\":\"Bendt Bendtsen Consulting modtager InterForce-skjoldet\"}]},{\"@type\":\"WebSite\",\"@id\":\"https:\\\/\\\/www.interforce.dk\\\/#website\",\"url\":\"https:\\\/\\\/www.interforce.dk\\\/\",\"name\":\"InterForce\",\"description\":\"\",\"potentialAction\":[{\"@type\":\"SearchAction\",\"target\":{\"@type\":\"EntryPoint\",\"urlTemplate\":\"https:\\\/\\\/www.interforce.dk\\\/?s={search_term_string}\"},\"query-input\":{\"@type\":\"PropertyValueSpecification\",\"valueRequired\":true,\"valueName\":\"search_term_string\"}}],\"inLanguage\":\"en-GB\"},{\"@type\":\"Person\",\"@id\":\"https:\\\/\\\/www.interforce.dk\\\/#\\\/schema\\\/person\\\/93de0ad27fec55a2f38d2195162834c7\",\"name\":\"Anton Rask Hauge Steffensen\",\"image\":{\"@type\":\"ImageObject\",\"inLanguage\":\"en-GB\",\"@id\":\"https:\\\/\\\/secure.gravatar.com\\\/avatar\\\/8e4247cfae5f9f3cbd0c18740bdc45f335fc586e35e954f20e626e45d46e568d?s=96&d=mm&r=g\",\"url\":\"https:\\\/\\\/secure.gravatar.com\\\/avatar\\\/8e4247cfae5f9f3cbd0c18740bdc45f335fc586e35e954f20e626e45d46e568d?s=96&d=mm&r=g\",\"contentUrl\":\"https:\\\/\\\/secure.gravatar.com\\\/avatar\\\/8e4247cfae5f9f3cbd0c18740bdc45f335fc586e35e954f20e626e45d46e568d?s=96&d=mm&r=g\",\"caption\":\"Anton Rask Hauge Steffensen\"},\"url\":\"https:\\\/\\\/www.interforce.dk\\\/en\\\/author\\\/anton\\\/\"}]}<\/script>\n<!-- \/ Yoast SEO plugin. -->","yoast_head_json":{"title":"Bendt Bendtsen Consulting modtager InterForce-skjoldet - InterForce","description":"Tidl. minister, medlem af Europa-Parlamentet og formand for Det Konservative Folkeparti Bendt Bendtsen modtager InterForce-skjoldet","robots":{"index":"index","follow":"follow","max-snippet":"max-snippet:-1","max-image-preview":"max-image-preview:large","max-video-preview":"max-video-preview:-1"},"canonical":"https:\/\/www.interforce.dk\/en\/bendt-bendtsen-consulting-modtager-interforce-skjoldet\/","og_locale":"en_GB","og_type":"article","og_title":"Bendt Bendtsen Consulting modtager InterForce-skjoldet - InterForce","og_description":"Tidl. minister, medlem af Europa-Parlamentet og formand for Det Konservative Folkeparti Bendt Bendtsen modtager InterForce-skjoldet","og_url":"https:\/\/www.interforce.dk\/en\/bendt-bendtsen-consulting-modtager-interforce-skjoldet\/","og_site_name":"InterForce","article_published_time":"2024-09-10T12:20:22+00:00","article_modified_time":"2024-09-10T12:20:23+00:00","og_image":[{"width":1920,"height":2560,"url":"https:\/\/www.interforce.dk\/app\/uploads\/2024\/09\/IMG_5179-scaled.jpeg","type":"image\/jpeg"}],"author":"Anton Rask Hauge Steffensen","twitter_card":"summary_large_image","twitter_misc":{"Written by":"Anton Rask Hauge Steffensen","Est. reading time":"1 minute"},"schema":{"@context":"https:\/\/schema.org","@graph":[{"@type":"Article","@id":"https:\/\/www.interforce.dk\/bendt-bendtsen-consulting-modtager-interforce-skjoldet\/#article","isPartOf":{"@id":"https:\/\/www.interforce.dk\/bendt-bendtsen-consulting-modtager-interforce-skjoldet\/"},"author":{"name":"Anton Rask Hauge Steffensen","@id":"https:\/\/www.interforce.dk\/#\/schema\/person\/93de0ad27fec55a2f38d2195162834c7"},"headline":"Bendt Bendtsen Consulting modtager InterForce-skjoldet","datePublished":"2024-09-10T12:20:22+00:00","dateModified":"2024-09-10T12:20:23+00:00","mainEntityOfPage":{"@id":"https:\/\/www.interforce.dk\/bendt-bendtsen-consulting-modtager-interforce-skjoldet\/"},"wordCount":110,"image":{"@id":"https:\/\/www.interforce.dk\/bendt-bendtsen-consulting-modtager-interforce-skjoldet\/#primaryimage"},"thumbnailUrl":"https:\/\/www.interforce.dk\/app\/uploads\/2024\/09\/IMG_5179-scaled.jpeg","keywords":["Tag:Syddanmark"],"articleSection":["Nyheder om InterForce"],"inLanguage":"en-GB"},{"@type":"WebPage","@id":"https:\/\/www.interforce.dk\/bendt-bendtsen-consulting-modtager-interforce-skjoldet\/","url":"https:\/\/www.interforce.dk\/bendt-bendtsen-consulting-modtager-interforce-skjoldet\/","name":"Bendt Bendtsen Consulting modtager InterForce-skjoldet - InterForce","isPartOf":{"@id":"https:\/\/www.interforce.dk\/#website"},"primaryImageOfPage":{"@id":"https:\/\/www.interforce.dk\/bendt-bendtsen-consulting-modtager-interforce-skjoldet\/#primaryimage"},"image":{"@id":"https:\/\/www.interforce.dk\/bendt-bendtsen-consulting-modtager-interforce-skjoldet\/#primaryimage"},"thumbnailUrl":"https:\/\/www.interforce.dk\/app\/uploads\/2024\/09\/IMG_5179-scaled.jpeg","datePublished":"2024-09-10T12:20:22+00:00","dateModified":"2024-09-10T12:20:23+00:00","author":{"@id":"https:\/\/www.interforce.dk\/#\/schema\/person\/93de0ad27fec55a2f38d2195162834c7"},"description":"Tidl. minister, medlem af Europa-Parlamentet og formand for Det Konservative Folkeparti Bendt Bendtsen modtager InterForce-skjoldet","breadcrumb":{"@id":"https:\/\/www.interforce.dk\/bendt-bendtsen-consulting-modtager-interforce-skjoldet\/#breadcrumb"},"inLanguage":"en-GB","potentialAction":[{"@type":"ReadAction","target":["https:\/\/www.interforce.dk\/bendt-bendtsen-consulting-modtager-interforce-skjoldet\/"]}]},{"@type":"ImageObject","inLanguage":"en-GB","@id":"https:\/\/www.interforce.dk\/bendt-bendtsen-consulting-modtager-interforce-skjoldet\/#primaryimage","url":"https:\/\/www.interforce.dk\/app\/uploads\/2024\/09\/IMG_5179-scaled.jpeg","contentUrl":"https:\/\/www.interforce.dk\/app\/uploads\/2024\/09\/IMG_5179-scaled.jpeg","width":1920,"height":2560},{"@type":"BreadcrumbList","@id":"https:\/\/www.interforce.dk\/bendt-bendtsen-consulting-modtager-interforce-skjoldet\/#breadcrumb","itemListElement":[{"@type":"ListItem","position":1,"name":"Hjem","item":"https:\/\/www.interforce.dk\/"},{"@type":"ListItem","position":2,"name":"Bendt Bendtsen Consulting modtager InterForce-skjoldet"}]},{"@type":"WebSite","@id":"https:\/\/www.interforce.dk\/#website","url":"https:\/\/www.interforce.dk\/","name":"InterForce","description":"","potentialAction":[{"@type":"SearchAction","target":{"@type":"EntryPoint","urlTemplate":"https:\/\/www.interforce.dk\/?s={search_term_string}"},"query-input":{"@type":"PropertyValueSpecification","valueRequired":true,"valueName":"search_term_string"}}],"inLanguage":"en-GB"},{"@type":"Person","@id":"https:\/\/www.interforce.dk\/#\/schema\/person\/93de0ad27fec55a2f38d2195162834c7","name":"Anton Rask Hauge Steffensen","image":{"@type":"ImageObject","inLanguage":"en-GB","@id":"https:\/\/secure.gravatar.com\/avatar\/8e4247cfae5f9f3cbd0c18740bdc45f335fc586e35e954f20e626e45d46e568d?s=96&d=mm&r=g","url":"https:\/\/secure.gravatar.com\/avatar\/8e4247cfae5f9f3cbd0c18740bdc45f335fc586e35e954f20e626e45d46e568d?s=96&d=mm&r=g","contentUrl":"https:\/\/secure.gravatar.com\/avatar\/8e4247cfae5f9f3cbd0c18740bdc45f335fc586e35e954f20e626e45d46e568d?s=96&d=mm&r=g","caption":"Anton Rask Hauge Steffensen"},"url":"https:\/\/www.interforce.dk\/en\/author\/anton\/"}]}},"_links":{"self":[{"href":"https:\/\/www.interforce.dk\/en\/wp-json\/wp\/v2\/posts\/16345","targetHints":{"allow":["GET"]}}],"collection":[{"href":"https:\/\/www.interforce.dk\/en\/wp-json\/wp\/v2\/posts"}],"about":[{"href":"https:\/\/www.interforce.dk\/en\/wp-json\/wp\/v2\/types\/post"}],"author":[{"embeddable":true,"href":"https:\/\/www.interforce.dk\/en\/wp-json\/wp\/v2\/users\/122"}],"replies":[{"embeddable":true,"href":"https:\/\/www.interforce.dk\/en\/wp-json\/wp\/v2\/comments?post=16345"}],"version-history":[{"count":1,"href":"https:\/\/www.interforce.dk\/en\/wp-json\/wp\/v2\/posts\/16345\/revisions"}],"predecessor-version":[{"id":16347,"href":"https:\/\/www.interforce.dk\/en\/wp-json\/wp\/v2\/posts\/16345\/revisions\/16347"}],"wp:featuredmedia":[{"embeddable":true,"href":"https:\/\/www.interforce.dk\/en\/wp-json\/wp\/v2\/media\/16346"}],"wp:attachment":[{"href":"https:\/\/www.interforce.dk\/en\/wp-json\/wp\/v2\/media?parent=16345"}],"wp:term":[{"taxonomy":"category","embeddable":true,"href":"https:\/\/www.interforce.dk\/en\/wp-json\/wp\/v2\/categories?post=16345"},{"taxonomy":"post_tag","embeddable":true,"href":"https:\/\/www.interforce.dk\/en\/wp-json\/wp\/v2\/tags?post=16345"}],"curies":[{"name":"wp","href":"https:\/\/api.w.org\/{rel}","templated":true}]}}