{"id":16214,"date":"2024-06-27T10:00:00","date_gmt":"2024-06-27T10:00:00","guid":{"rendered":"https:\/\/www.interforce.dk\/?p=16214"},"modified":"2024-06-18T13:19:55","modified_gmt":"2024-06-18T13:19:55","slug":"militaer-udfordringsdag-i-interforce-region-syddanmark","status":"publish","type":"post","link":"https:\/\/www.interforce.dk\/en\/militaer-udfordringsdag-i-interforce-region-syddanmark\/","title":{"rendered":"Milit\u00e6r Udfordringsdag hos InterForce Region Syddanmark"},"content":{"rendered":"<div class=\"block core-block core-block--paragraph\">\n      <div class=\"inner inner--small\">\n      \n<p>Den 24. maj tog 14 syddanske virksomheder udfordringen op og stillede med st\u00e6rke og kompetente hold op i \u00e5rets milit\u00e6re udfordringsdag.<\/p>\n\n      <\/div>\n  <\/div>\n<div class=\"block core-block core-block--image\">\n      <div class=\"inner inner--small\">\n      \n<figure class=\"wp-block-image size-full\"><img loading=\"lazy\" decoding=\"async\" width=\"808\" height=\"606\" src=\"https:\/\/www.interforce.dk\/app\/uploads\/2024\/06\/image003.jpg\" alt=\"\" class=\"wp-image-16215\" srcset=\"https:\/\/www.interforce.dk\/app\/uploads\/2024\/06\/image003.jpg 808w, https:\/\/www.interforce.dk\/app\/uploads\/2024\/06\/image003-300x225.jpg 300w, https:\/\/www.interforce.dk\/app\/uploads\/2024\/06\/image003-768x576.jpg 768w, https:\/\/www.interforce.dk\/app\/uploads\/2024\/06\/image003-16x12.jpg 16w\" sizes=\"auto, (max-width: 808px) 100vw, 808px\" \/><figcaption class=\"wp-element-caption\"><em>Holdet fra BILLESCHOU A\/S, der l\u00f8b med sejren til sidst.<\/em><\/figcaption><\/figure>\n\n      <\/div>\n  <\/div>\n<div class=\"block core-block core-block--paragraph\">\n      <div class=\"inner inner--small\">\n      \n<p>Der blev k\u00e6mpet, svedt, heppet og hum\u00f8ret var h\u00f8jt blandt alle deltagere gennem hele den solrige dag. Slesvigske Fodregiment styrede alle hold igennem fire discipliner; Milit\u00e6r forhindringsbane, O-l\u00f8b, skydning og h\u00e5ndgranatskast. Der skal lyde et k\u00e6mpe tak fra InterForce til Slesvigske Fodregiment for deres st\u00f8tte til planl\u00e6gning og afvikling af dagen.<\/p>\n\n      <\/div>\n  <\/div>\n<div class=\"block core-block core-block--paragraph\">\n      <div class=\"inner inner--small\">\n      \n<p>Der blev k\u00e6mpet h\u00e5rdt af alle hold gennem de fire discipliner, der ogs\u00e5 gav et kort indblik i verden, som mange ikke havde et forudg\u00e5ende kendskab til. Men selvom alle deltagerne gav alt, hvad de havde i sig, kunne der kun v\u00e6re en vinder i sidste ende. Holdet der til sidst kunne l\u00f8fte pokalen i vejret som dette \u00e5rs samlede vinder blev BILLLESCHOU A\/S.<\/p>\n\n      <\/div>\n  <\/div>\n<div class=\"block core-block core-block--paragraph\">\n      <div class=\"inner inner--small\">\n      \n<p>Stort tillykke og tak for kampen til alle deltagerne!<\/p>\n\n      <\/div>\n  <\/div>\n<div class=\"block core-block core-block--paragraph\">\n      <div class=\"inner inner--small\">\n      \n<p>L\u00e6s ogs\u00e5: <a href=\"https:\/\/www.interforce.dk\/en\/militaere-udfordringsdage-med-interforce\/\">Milit\u00e6re Udfordringsdage med InterForce<\/a><\/p>\n\n      <\/div>\n  <\/div>","protected":false},"excerpt":{"rendered":"Den 24. maj tog 14 syddanske virksomheder udfordringen op og stillede med st\u00e6rk...","protected":false},"author":122,"featured_media":16215,"comment_status":"closed","ping_status":"closed","sticky":false,"template":"","format":"standard","meta":{"_acf_changed":false,"footnotes":""},"categories":[13],"tags":[53],"class_list":["post-16214","post","type-post","status-publish","format-standard","has-post-thumbnail","hentry","category-events","tag-tag-syddanmark"],"acf":[],"yoast_head":"<!-- This site is optimized with the Yoast SEO plugin v27.3 - https:\/\/yoast.com\/product\/yoast-seo-wordpress\/ -->\n<title>Milit\u00e6r Udfordringsdag hos InterForce Region Syddanmark - InterForce<\/title>\n<meta name=\"description\" content=\"Den 24. maj tog 14 syddanske virksomheder udfordringen op og stillede med st\u00e6rke og kompetente hold op i \u00e5rets milit\u00e6re udfordringsdag.\" \/>\n<meta name=\"robots\" content=\"index, follow, max-snippet:-1, max-image-preview:large, max-video-preview:-1\" \/>\n<link rel=\"canonical\" href=\"http:\/\/localhost\/militaer-udfordringsdag-i-interforce-region-syddanmark\/\" \/>\n<meta property=\"og:locale\" content=\"en_GB\" \/>\n<meta property=\"og:type\" content=\"article\" \/>\n<meta property=\"og:title\" content=\"Milit\u00e6r Udfordringsdag hos InterForce Region Syddanmark - InterForce\" \/>\n<meta property=\"og:description\" content=\"Den 24. maj tog 14 syddanske virksomheder udfordringen op og stillede med st\u00e6rke og kompetente hold op i \u00e5rets milit\u00e6re udfordringsdag.\" \/>\n<meta property=\"og:url\" content=\"http:\/\/localhost\/militaer-udfordringsdag-i-interforce-region-syddanmark\/\" \/>\n<meta property=\"og:site_name\" content=\"InterForce\" \/>\n<meta property=\"article:published_time\" content=\"2024-06-27T10:00:00+00:00\" \/>\n<meta property=\"og:image\" content=\"http:\/\/localhost\/app\/uploads\/2024\/06\/image003.jpg\" \/>\n\t<meta property=\"og:image:width\" content=\"808\" \/>\n\t<meta property=\"og:image:height\" content=\"606\" \/>\n\t<meta property=\"og:image:type\" content=\"image\/jpeg\" \/>\n<meta name=\"author\" content=\"Anton Rask Hauge Steffensen\" \/>\n<meta name=\"twitter:card\" content=\"summary_large_image\" \/>\n<meta name=\"twitter:label1\" content=\"Written by\" \/>\n\t<meta name=\"twitter:data1\" content=\"Anton Rask Hauge Steffensen\" \/>\n\t<meta name=\"twitter:label2\" content=\"Est. reading time\" \/>\n\t<meta name=\"twitter:data2\" content=\"1 minute\" \/>\n<script type=\"application\/ld+json\" class=\"yoast-schema-graph\">{\"@context\":\"https:\\\/\\\/schema.org\",\"@graph\":[{\"@type\":\"Article\",\"@id\":\"http:\\\/\\\/localhost\\\/militaer-udfordringsdag-i-interforce-region-syddanmark\\\/#article\",\"isPartOf\":{\"@id\":\"http:\\\/\\\/localhost\\\/militaer-udfordringsdag-i-interforce-region-syddanmark\\\/\"},\"author\":{\"name\":\"Anton Rask Hauge Steffensen\",\"@id\":\"https:\\\/\\\/www.interforce.dk\\\/#\\\/schema\\\/person\\\/93de0ad27fec55a2f38d2195162834c7\"},\"headline\":\"Milit\u00e6r Udfordringsdag hos InterForce Region Syddanmark\",\"datePublished\":\"2024-06-27T10:00:00+00:00\",\"mainEntityOfPage\":{\"@id\":\"http:\\\/\\\/localhost\\\/militaer-udfordringsdag-i-interforce-region-syddanmark\\\/\"},\"wordCount\":187,\"image\":{\"@id\":\"http:\\\/\\\/localhost\\\/militaer-udfordringsdag-i-interforce-region-syddanmark\\\/#primaryimage\"},\"thumbnailUrl\":\"https:\\\/\\\/www.interforce.dk\\\/app\\\/uploads\\\/2024\\\/06\\\/image003.jpg\",\"keywords\":[\"Tag:Syddanmark\"],\"articleSection\":[\"Arrangementsomtale\"],\"inLanguage\":\"en-GB\"},{\"@type\":\"WebPage\",\"@id\":\"http:\\\/\\\/localhost\\\/militaer-udfordringsdag-i-interforce-region-syddanmark\\\/\",\"url\":\"http:\\\/\\\/localhost\\\/militaer-udfordringsdag-i-interforce-region-syddanmark\\\/\",\"name\":\"Milit\u00e6r Udfordringsdag hos InterForce Region Syddanmark - InterForce\",\"isPartOf\":{\"@id\":\"https:\\\/\\\/www.interforce.dk\\\/#website\"},\"primaryImageOfPage\":{\"@id\":\"http:\\\/\\\/localhost\\\/militaer-udfordringsdag-i-interforce-region-syddanmark\\\/#primaryimage\"},\"image\":{\"@id\":\"http:\\\/\\\/localhost\\\/militaer-udfordringsdag-i-interforce-region-syddanmark\\\/#primaryimage\"},\"thumbnailUrl\":\"https:\\\/\\\/www.interforce.dk\\\/app\\\/uploads\\\/2024\\\/06\\\/image003.jpg\",\"datePublished\":\"2024-06-27T10:00:00+00:00\",\"author\":{\"@id\":\"https:\\\/\\\/www.interforce.dk\\\/#\\\/schema\\\/person\\\/93de0ad27fec55a2f38d2195162834c7\"},\"description\":\"Den 24. maj tog 14 syddanske virksomheder udfordringen op og stillede med st\u00e6rke og kompetente hold op i \u00e5rets milit\u00e6re udfordringsdag.\",\"breadcrumb\":{\"@id\":\"http:\\\/\\\/localhost\\\/militaer-udfordringsdag-i-interforce-region-syddanmark\\\/#breadcrumb\"},\"inLanguage\":\"en-GB\",\"potentialAction\":[{\"@type\":\"ReadAction\",\"target\":[\"http:\\\/\\\/localhost\\\/militaer-udfordringsdag-i-interforce-region-syddanmark\\\/\"]}]},{\"@type\":\"ImageObject\",\"inLanguage\":\"en-GB\",\"@id\":\"http:\\\/\\\/localhost\\\/militaer-udfordringsdag-i-interforce-region-syddanmark\\\/#primaryimage\",\"url\":\"https:\\\/\\\/www.interforce.dk\\\/app\\\/uploads\\\/2024\\\/06\\\/image003.jpg\",\"contentUrl\":\"https:\\\/\\\/www.interforce.dk\\\/app\\\/uploads\\\/2024\\\/06\\\/image003.jpg\",\"width\":808,\"height\":606},{\"@type\":\"BreadcrumbList\",\"@id\":\"http:\\\/\\\/localhost\\\/militaer-udfordringsdag-i-interforce-region-syddanmark\\\/#breadcrumb\",\"itemListElement\":[{\"@type\":\"ListItem\",\"position\":1,\"name\":\"Hjem\",\"item\":\"https:\\\/\\\/www.interforce.dk\\\/\"},{\"@type\":\"ListItem\",\"position\":2,\"name\":\"Milit\u00e6r Udfordringsdag hos InterForce Region Syddanmark\"}]},{\"@type\":\"WebSite\",\"@id\":\"https:\\\/\\\/www.interforce.dk\\\/#website\",\"url\":\"https:\\\/\\\/www.interforce.dk\\\/\",\"name\":\"InterForce\",\"description\":\"\",\"potentialAction\":[{\"@type\":\"SearchAction\",\"target\":{\"@type\":\"EntryPoint\",\"urlTemplate\":\"https:\\\/\\\/www.interforce.dk\\\/?s={search_term_string}\"},\"query-input\":{\"@type\":\"PropertyValueSpecification\",\"valueRequired\":true,\"valueName\":\"search_term_string\"}}],\"inLanguage\":\"en-GB\"},{\"@type\":\"Person\",\"@id\":\"https:\\\/\\\/www.interforce.dk\\\/#\\\/schema\\\/person\\\/93de0ad27fec55a2f38d2195162834c7\",\"name\":\"Anton Rask Hauge Steffensen\",\"image\":{\"@type\":\"ImageObject\",\"inLanguage\":\"en-GB\",\"@id\":\"https:\\\/\\\/secure.gravatar.com\\\/avatar\\\/8e4247cfae5f9f3cbd0c18740bdc45f335fc586e35e954f20e626e45d46e568d?s=96&d=mm&r=g\",\"url\":\"https:\\\/\\\/secure.gravatar.com\\\/avatar\\\/8e4247cfae5f9f3cbd0c18740bdc45f335fc586e35e954f20e626e45d46e568d?s=96&d=mm&r=g\",\"contentUrl\":\"https:\\\/\\\/secure.gravatar.com\\\/avatar\\\/8e4247cfae5f9f3cbd0c18740bdc45f335fc586e35e954f20e626e45d46e568d?s=96&d=mm&r=g\",\"caption\":\"Anton Rask Hauge Steffensen\"},\"url\":\"https:\\\/\\\/www.interforce.dk\\\/en\\\/author\\\/anton\\\/\"}]}<\/script>\n<!-- \/ Yoast SEO plugin. -->","yoast_head_json":{"title":"Milit\u00e6r Udfordringsdag hos InterForce Region Syddanmark - InterForce","description":"Den 24. maj tog 14 syddanske virksomheder udfordringen op og stillede med st\u00e6rke og kompetente hold op i \u00e5rets milit\u00e6re udfordringsdag.","robots":{"index":"index","follow":"follow","max-snippet":"max-snippet:-1","max-image-preview":"max-image-preview:large","max-video-preview":"max-video-preview:-1"},"canonical":"http:\/\/localhost\/militaer-udfordringsdag-i-interforce-region-syddanmark\/","og_locale":"en_GB","og_type":"article","og_title":"Milit\u00e6r Udfordringsdag hos InterForce Region Syddanmark - InterForce","og_description":"Den 24. maj tog 14 syddanske virksomheder udfordringen op og stillede med st\u00e6rke og kompetente hold op i \u00e5rets milit\u00e6re udfordringsdag.","og_url":"http:\/\/localhost\/militaer-udfordringsdag-i-interforce-region-syddanmark\/","og_site_name":"InterForce","article_published_time":"2024-06-27T10:00:00+00:00","og_image":[{"width":808,"height":606,"url":"http:\/\/localhost\/app\/uploads\/2024\/06\/image003.jpg","type":"image\/jpeg"}],"author":"Anton Rask Hauge Steffensen","twitter_card":"summary_large_image","twitter_misc":{"Written by":"Anton Rask Hauge Steffensen","Est. reading time":"1 minute"},"schema":{"@context":"https:\/\/schema.org","@graph":[{"@type":"Article","@id":"http:\/\/localhost\/militaer-udfordringsdag-i-interforce-region-syddanmark\/#article","isPartOf":{"@id":"http:\/\/localhost\/militaer-udfordringsdag-i-interforce-region-syddanmark\/"},"author":{"name":"Anton Rask Hauge Steffensen","@id":"https:\/\/www.interforce.dk\/#\/schema\/person\/93de0ad27fec55a2f38d2195162834c7"},"headline":"Milit\u00e6r Udfordringsdag hos InterForce Region Syddanmark","datePublished":"2024-06-27T10:00:00+00:00","mainEntityOfPage":{"@id":"http:\/\/localhost\/militaer-udfordringsdag-i-interforce-region-syddanmark\/"},"wordCount":187,"image":{"@id":"http:\/\/localhost\/militaer-udfordringsdag-i-interforce-region-syddanmark\/#primaryimage"},"thumbnailUrl":"https:\/\/www.interforce.dk\/app\/uploads\/2024\/06\/image003.jpg","keywords":["Tag:Syddanmark"],"articleSection":["Arrangementsomtale"],"inLanguage":"en-GB"},{"@type":"WebPage","@id":"http:\/\/localhost\/militaer-udfordringsdag-i-interforce-region-syddanmark\/","url":"http:\/\/localhost\/militaer-udfordringsdag-i-interforce-region-syddanmark\/","name":"Milit\u00e6r Udfordringsdag hos InterForce Region Syddanmark - InterForce","isPartOf":{"@id":"https:\/\/www.interforce.dk\/#website"},"primaryImageOfPage":{"@id":"http:\/\/localhost\/militaer-udfordringsdag-i-interforce-region-syddanmark\/#primaryimage"},"image":{"@id":"http:\/\/localhost\/militaer-udfordringsdag-i-interforce-region-syddanmark\/#primaryimage"},"thumbnailUrl":"https:\/\/www.interforce.dk\/app\/uploads\/2024\/06\/image003.jpg","datePublished":"2024-06-27T10:00:00+00:00","author":{"@id":"https:\/\/www.interforce.dk\/#\/schema\/person\/93de0ad27fec55a2f38d2195162834c7"},"description":"Den 24. maj tog 14 syddanske virksomheder udfordringen op og stillede med st\u00e6rke og kompetente hold op i \u00e5rets milit\u00e6re udfordringsdag.","breadcrumb":{"@id":"http:\/\/localhost\/militaer-udfordringsdag-i-interforce-region-syddanmark\/#breadcrumb"},"inLanguage":"en-GB","potentialAction":[{"@type":"ReadAction","target":["http:\/\/localhost\/militaer-udfordringsdag-i-interforce-region-syddanmark\/"]}]},{"@type":"ImageObject","inLanguage":"en-GB","@id":"http:\/\/localhost\/militaer-udfordringsdag-i-interforce-region-syddanmark\/#primaryimage","url":"https:\/\/www.interforce.dk\/app\/uploads\/2024\/06\/image003.jpg","contentUrl":"https:\/\/www.interforce.dk\/app\/uploads\/2024\/06\/image003.jpg","width":808,"height":606},{"@type":"BreadcrumbList","@id":"http:\/\/localhost\/militaer-udfordringsdag-i-interforce-region-syddanmark\/#breadcrumb","itemListElement":[{"@type":"ListItem","position":1,"name":"Hjem","item":"https:\/\/www.interforce.dk\/"},{"@type":"ListItem","position":2,"name":"Milit\u00e6r Udfordringsdag hos InterForce Region Syddanmark"}]},{"@type":"WebSite","@id":"https:\/\/www.interforce.dk\/#website","url":"https:\/\/www.interforce.dk\/","name":"InterForce","description":"","potentialAction":[{"@type":"SearchAction","target":{"@type":"EntryPoint","urlTemplate":"https:\/\/www.interforce.dk\/?s={search_term_string}"},"query-input":{"@type":"PropertyValueSpecification","valueRequired":true,"valueName":"search_term_string"}}],"inLanguage":"en-GB"},{"@type":"Person","@id":"https:\/\/www.interforce.dk\/#\/schema\/person\/93de0ad27fec55a2f38d2195162834c7","name":"Anton Rask Hauge Steffensen","image":{"@type":"ImageObject","inLanguage":"en-GB","@id":"https:\/\/secure.gravatar.com\/avatar\/8e4247cfae5f9f3cbd0c18740bdc45f335fc586e35e954f20e626e45d46e568d?s=96&d=mm&r=g","url":"https:\/\/secure.gravatar.com\/avatar\/8e4247cfae5f9f3cbd0c18740bdc45f335fc586e35e954f20e626e45d46e568d?s=96&d=mm&r=g","contentUrl":"https:\/\/secure.gravatar.com\/avatar\/8e4247cfae5f9f3cbd0c18740bdc45f335fc586e35e954f20e626e45d46e568d?s=96&d=mm&r=g","caption":"Anton Rask Hauge Steffensen"},"url":"https:\/\/www.interforce.dk\/en\/author\/anton\/"}]}},"_links":{"self":[{"href":"https:\/\/www.interforce.dk\/en\/wp-json\/wp\/v2\/posts\/16214","targetHints":{"allow":["GET"]}}],"collection":[{"href":"https:\/\/www.interforce.dk\/en\/wp-json\/wp\/v2\/posts"}],"about":[{"href":"https:\/\/www.interforce.dk\/en\/wp-json\/wp\/v2\/types\/post"}],"author":[{"embeddable":true,"href":"https:\/\/www.interforce.dk\/en\/wp-json\/wp\/v2\/users\/122"}],"replies":[{"embeddable":true,"href":"https:\/\/www.interforce.dk\/en\/wp-json\/wp\/v2\/comments?post=16214"}],"version-history":[{"count":4,"href":"https:\/\/www.interforce.dk\/en\/wp-json\/wp\/v2\/posts\/16214\/revisions"}],"predecessor-version":[{"id":16222,"href":"https:\/\/www.interforce.dk\/en\/wp-json\/wp\/v2\/posts\/16214\/revisions\/16222"}],"wp:featuredmedia":[{"embeddable":true,"href":"https:\/\/www.interforce.dk\/en\/wp-json\/wp\/v2\/media\/16215"}],"wp:attachment":[{"href":"https:\/\/www.interforce.dk\/en\/wp-json\/wp\/v2\/media?parent=16214"}],"wp:term":[{"taxonomy":"category","embeddable":true,"href":"https:\/\/www.interforce.dk\/en\/wp-json\/wp\/v2\/categories?post=16214"},{"taxonomy":"post_tag","embeddable":true,"href":"https:\/\/www.interforce.dk\/en\/wp-json\/wp\/v2\/tags?post=16214"}],"curies":[{"name":"wp","href":"https:\/\/api.w.org\/{rel}","templated":true}]}}