{"id":15575,"date":"2024-04-17T10:30:00","date_gmt":"2024-04-17T10:30:00","guid":{"rendered":"https:\/\/www.interforce.dk\/?p=15575"},"modified":"2024-04-16T15:34:31","modified_gmt":"2024-04-16T15:34:31","slug":"vi-noejes-ikke-med-at-goere-det-der-forventes-vi-goer-det-der-er-noedvendigt","status":"publish","type":"post","link":"https:\/\/www.interforce.dk\/en\/vi-noejes-ikke-med-at-goere-det-der-forventes-vi-goer-det-der-er-noedvendigt\/","title":{"rendered":"\u201dVi n\u00f8jes ikke med at g\u00f8re det, der forventes \u2013 vi g\u00f8r det, der er n\u00f8dvendigt\u201d"},"content":{"rendered":"<div class=\"block core-block core-block--paragraph\">\n      <div class=\"inner inner--small\">\n      \n<p>P\u00e5 \u00e5rets f\u00f8rste smukke for\u00e5rsdag kunne InterForce Region Sj\u00e6lland byde 60 virksomhedsledere og deres ansatte velkommen til arrangementet \u201dHvis krigen kommer\u2026\u201d i fantastiske rammer p\u00e5 Kragerup Gods.<\/p>\n\n      <\/div>\n  <\/div>\n<div class=\"block core-block core-block--image\">\n      <div class=\"inner inner--small\">\n      \n<figure class=\"wp-block-image size-large\"><img loading=\"lazy\" decoding=\"async\" width=\"1024\" height=\"768\" src=\"https:\/\/www.interforce.dk\/app\/uploads\/2024\/04\/Billede-1-1024x768.jpg\" alt=\"\" class=\"wp-image-15579\" srcset=\"https:\/\/www.interforce.dk\/app\/uploads\/2024\/04\/Billede-1-1024x768.jpg 1024w, https:\/\/www.interforce.dk\/app\/uploads\/2024\/04\/Billede-1-300x225.jpg 300w, https:\/\/www.interforce.dk\/app\/uploads\/2024\/04\/Billede-1-768x576.jpg 768w, https:\/\/www.interforce.dk\/app\/uploads\/2024\/04\/Billede-1-1536x1152.jpg 1536w, https:\/\/www.interforce.dk\/app\/uploads\/2024\/04\/Billede-1-2048x1536.jpg 2048w, https:\/\/www.interforce.dk\/app\/uploads\/2024\/04\/Billede-1-16x12.jpg 16w\" sizes=\"auto, (max-width: 1024px) 100vw, 1024px\" \/><\/figure>\n\n      <\/div>\n  <\/div>\n<div class=\"block core-block core-block--heading\">\n      <div class=\"inner inner--small\">\n      \n<h2 class=\"wp-block-heading\">Hjemmev\u00e6rnets rolle for Danmarks sikkerhed<\/h2>\n\n      <\/div>\n  <\/div>\n<div class=\"block core-block core-block--paragraph\">\n      <div class=\"inner inner--small\">\n      \n<p>Der var to hovedtalere p\u00e5 arrangementet. F\u00f8rst p\u00e5 podiet var oberstl\u00f8jtnant Kristian Kirsch Bentsen, chef for H\u00e6rhjemmev\u00e6rnsdistrikt Midt- og Vestsj\u00e6lland.<\/p>\n\n      <\/div>\n  <\/div>\n<div class=\"block core-block core-block--paragraph\">\n      <div class=\"inner inner--small\">\n      \n<p>\u201dVi n\u00f8jes ikke med at g\u00f8re det, der forventes \u2013 vi g\u00f8r det, der er n\u00f8dvendigt!&#8221; S\u00e5dan lagde oberstl\u00f8jtnant Kristian Kirsch Bentsen ud. Han er chef for H\u00e6rhjemmev\u00e6rnsdistrikt Midt- og Vestsj\u00e6lland, der har til huse i Skalstrup. Her r\u00e5der oberstl\u00f8jtnanten over 16 fastansatte og 775 aktive samt 2300 reservister. Deres daglige opgave er at st\u00f8tte forsvaret, politiet og samfundet.<\/p>\n\n      <\/div>\n  <\/div>\n<div class=\"block core-block core-block--paragraph\">\n      <div class=\"inner inner--small\">\n      \n<p>Det er dybt professionelle soldater, der er i Hjemmev\u00e6rnet \u2013 frivillige soldater, der bruger deres fritid p\u00e5 at tjene Danmark. \u201dOg netop derfor har vi brug for jer virksomheders opbakning\u201d fortsatte oberstl\u00f8jtnanten, hvilket h\u00e6nger godt sammen med InterForces kerneopgave; at s\u00e6tte fokus p\u00e5 arbejdsbetingelserne for Reservestyrken for de mange mennesker, der har et dobbelt ansvar herunder samarbejdet med erhvervslivet.<\/p>\n\n      <\/div>\n  <\/div>\n<div class=\"block core-block core-block--paragraph\">\n      <div class=\"inner inner--small\">\n      \n<p>Der er i Hjemmev\u00e6rnet i 2023 brugt over 124.000 frivillige timer. Hvor vi i mange \u00e5r har haft fokus p\u00e5 de internationale operationer i blandet andet Afghanistan og Irak, s\u00e5 betyder krigen i Ukraine, at vi nu skal rette fokus p\u00e5 det nationale. Vi skal v\u00e6re klar til at beskytte vores infrastruktur, og her kommer Hjemmev\u00e6rnet ind. Hvor politiet har ansvaret til dagligt, s\u00e5 er det Hjemmev\u00e6rnet, der har de nationale<br>forsvarsopgaver, n\u00e5r der kommer en styrke udefra. \u201dDet er vores frivillige hjemmev\u00e6rnssoldater, der s\u00f8rger for danske borgers sikkerhed. Punktum!\u201d<\/p>\n\n      <\/div>\n  <\/div>\n<div class=\"block core-block core-block--image\">\n      <div class=\"inner inner--small\">\n      \n<figure class=\"wp-block-image size-large\"><img loading=\"lazy\" decoding=\"async\" width=\"1024\" height=\"689\" src=\"https:\/\/www.interforce.dk\/app\/uploads\/2024\/04\/Billede-7-1024x689.jpg\" alt=\"\" class=\"wp-image-15583\" srcset=\"https:\/\/www.interforce.dk\/app\/uploads\/2024\/04\/Billede-7-1024x689.jpg 1024w, https:\/\/www.interforce.dk\/app\/uploads\/2024\/04\/Billede-7-300x202.jpg 300w, https:\/\/www.interforce.dk\/app\/uploads\/2024\/04\/Billede-7-768x517.jpg 768w, https:\/\/www.interforce.dk\/app\/uploads\/2024\/04\/Billede-7-1536x1033.jpg 1536w, https:\/\/www.interforce.dk\/app\/uploads\/2024\/04\/Billede-7-2048x1378.jpg 2048w, https:\/\/www.interforce.dk\/app\/uploads\/2024\/04\/Billede-7-18x12.jpg 18w\" sizes=\"auto, (max-width: 1024px) 100vw, 1024px\" \/><figcaption class=\"wp-element-caption\"><em>Oberstl\u00f8jtnant Kristian Kirsch Bentsen i snak med to af deltagerne til arrangementet<\/em>.<\/figcaption><\/figure>\n\n      <\/div>\n  <\/div>\n<div class=\"block core-block core-block--paragraph\">\n      <div class=\"inner inner--small\">\n      \n<p>Rusland har viljen og modet. De tester os for eksempel med cyberangreb. P\u00e5 den baggrund gennemf\u00f8rer H\u00e6rhjemmev\u00e6rnsdistrikt Midt\u2013 og Vestsj\u00e6lland l\u00f8bende sikkerheds\u00f8velser i blandt andet Kalundborg med det senarie, at NATO kamptropper rykker ind og skal bruge Kalundborg som \u201dhub\u201d i det videre forsvar mod en given fjende. Der er ingen tvivl om, at skulle krigen komme, s\u00e5 vil det f\u00e5 stor indflydelse p\u00e5 civile akt\u00f8rer. Derfor havde man ogs\u00e5 alle kommunerne i regionen med p\u00e5 sidste \u00f8velse.<\/p>\n\n      <\/div>\n  <\/div>\n<div class=\"block core-block core-block--paragraph\">\n      <div class=\"inner inner--small\">\n      \n<p>Der var undervejs mange gode sp\u00f8rgsm\u00e5l og meget stor interesse for at f\u00e5 afd\u00e6kket de eventuelle uklarheder, som civile m\u00e5tte st\u00e5 med s\u00e5fremt, at vi skal im\u00f8deg\u00e5 en fjende. Herunder hvad den enkeltes rolle og bidrag er, hvis krigen kommer.<\/p>\n\n      <\/div>\n  <\/div>\n<div class=\"block core-block core-block--heading\">\n      <div class=\"inner inner--small\">\n      \n<h2 class=\"wp-block-heading\">Virksomheder og det nye trusselsbillede<\/h2>\n\n      <\/div>\n  <\/div>\n<div class=\"block core-block core-block--paragraph\">\n      <div class=\"inner inner--small\">\n      \n<p>Anden opl\u00e6gsholder var Norman Kristiansen, der er direkt\u00f8r i Guardian med speciale i<br>sikkerhedsrisikostyring. <\/p>\n\n      <\/div>\n  <\/div>\n<div class=\"block core-block core-block--paragraph\">\n      <div class=\"inner inner--small\">\n      \n<p>\u201dVi er naive i Danmark \u2013 vi tror alle vil os det godt\u201d. Men s\u00e5dan er det desv\u00e6rre ikke. Guardian er en virksomhed med et team af fagfolk, der har baggrund fra det danske milit\u00e6r og den akademiske verden. De specialiserer sig i professionel sikkerhedsrisikostyring, risikor\u00e5dgivning, tr\u00e6ning, operationel support og sikkerhedsrespons med det form\u00e5l at underst\u00f8tte sikkerheden for virksomheder og deres medarbejdere i udlandet.<\/p>\n\n      <\/div>\n  <\/div>\n<div class=\"block core-block core-block--paragraph\">\n      <div class=\"inner inner--small\">\n      \n<p>Hvad er virksomhedens trussel? Hvad er jeres kritiske s\u00e5rbarheder, hvad er jeres kritiske afh\u00e6ngigheder og hvad kan I selv g\u00f8re? Det er nogle af de sp\u00f8rgsm\u00e5l virksomheden skal stille sig selv if\u00f8lge Norman Kristiansen.<\/p>\n\n      <\/div>\n  <\/div>\n<div class=\"block core-block core-block--paragraph\">\n      <div class=\"inner inner--small\">\n      \n<p>Danske virksomheder har udsendte medarbejdere mange steder i verden herunder steder, hvor man i h\u00f8j<br>grad skal overveje, hvordan man f\u00e6rdes, og hvem der kan have interesse i at f\u00f8lge ens bev\u00e6gelser. Norman Kristiansen beskrev en situation, hvor en virksomhedsejer havde solgt sin virksomhed for en stor sum og derefter valgte at rejse udenlands til et risikofyldt omr\u00e5de. Her var han sandsynligvis blevet \u201dafkodet\u201d i lufthavnen og blev efterf\u00f8lgende taget som gidsel, hvor der p\u00e5 bagkant af intense forhandlinger, blev udbetalt en stor l\u00f8sesum.<\/p>\n\n      <\/div>\n  <\/div>\n<div class=\"block core-block core-block--image\">\n      <div class=\"inner inner--small\">\n      \n<figure class=\"wp-block-image size-large\"><img loading=\"lazy\" decoding=\"async\" width=\"1024\" height=\"801\" src=\"https:\/\/www.interforce.dk\/app\/uploads\/2024\/04\/Billede-8-1024x801.jpg\" alt=\"\" class=\"wp-image-15584\" srcset=\"https:\/\/www.interforce.dk\/app\/uploads\/2024\/04\/Billede-8-1024x801.jpg 1024w, https:\/\/www.interforce.dk\/app\/uploads\/2024\/04\/Billede-8-300x235.jpg 300w, https:\/\/www.interforce.dk\/app\/uploads\/2024\/04\/Billede-8-768x601.jpg 768w, https:\/\/www.interforce.dk\/app\/uploads\/2024\/04\/Billede-8-1536x1201.jpg 1536w, https:\/\/www.interforce.dk\/app\/uploads\/2024\/04\/Billede-8-2048x1602.jpg 2048w, https:\/\/www.interforce.dk\/app\/uploads\/2024\/04\/Billede-8-15x12.jpg 15w\" sizes=\"auto, (max-width: 1024px) 100vw, 1024px\" \/><figcaption class=\"wp-element-caption\"><em>Direkt\u00f8r i Guardian, Norman Kristiansen, holder opl\u00e6g om hvad virksomheder kan g\u00f8re for at sikre sig mod trusler.<\/em><\/figcaption><\/figure>\n\n      <\/div>\n  <\/div>\n<div class=\"block core-block core-block--paragraph\">\n      <div class=\"inner inner--small\">\n      \n<p>Hvad g\u00f8r virksomhederne sig af overvejelser, n\u00e5r de sender deres medarbejdere til risikofyldte omr\u00e5der? Vi skal v\u00e6re p\u00e5 forkant med, hvad der sker, hvem er vi oppe imod, og hvis noget sker, hvad er s\u00e5 planen? For Guardian er det ligegyldigt om fjenden er Putin og hasteevakuering af 200 medarbejdere i Ukraine fra en stor dansk virksomhed. Eller en enkeltperson, som er taget som gidsel. Guardian tager udgangspunkt i det enkelte land og omr\u00e5de, hvor der rejses til. Der skal l\u00e6gges en sikkerhedsplan, laves en risikoanalyse og vigtigst af alt udarbejdes en plan, hvis det g\u00e5r galt.<\/p>\n\n      <\/div>\n  <\/div>\n<div class=\"block core-block core-block--heading\">\n      <div class=\"inner inner--small\">\n      \n<h2 class=\"wp-block-heading\">Skjoldoverr\u00e6kkelse<\/h2>\n\n      <\/div>\n  <\/div>\n<div class=\"block core-block core-block--paragraph\">\n      <div class=\"inner inner--small\">\n      \n<p>Arrangementet b\u00f8d ogs\u00e5 p\u00e5 overr\u00e6kkelse af skjolde til virksomhederne Holmegaard Gods, N\u00f8rgaard &amp; Nedergaard samt JPL R\u00e5dgivning som tak for deres opbakning til forsvaret og Reservestyrken. Tak fordi I er med!<\/p>\n\n      <\/div>\n  <\/div>\n<div class=\"block core-block core-block--image\">\n      <div class=\"inner inner--small\">\n      \n<figure class=\"wp-block-image size-large\"><img loading=\"lazy\" decoding=\"async\" width=\"768\" height=\"1024\" src=\"https:\/\/www.interforce.dk\/app\/uploads\/2024\/04\/Billede-2-1-768x1024.jpg\" alt=\"\" class=\"wp-image-15582\" srcset=\"https:\/\/www.interforce.dk\/app\/uploads\/2024\/04\/Billede-2-1-768x1024.jpg 768w, https:\/\/www.interforce.dk\/app\/uploads\/2024\/04\/Billede-2-1-225x300.jpg 225w, https:\/\/www.interforce.dk\/app\/uploads\/2024\/04\/Billede-2-1-1152x1536.jpg 1152w, https:\/\/www.interforce.dk\/app\/uploads\/2024\/04\/Billede-2-1-1536x2048.jpg 1536w, https:\/\/www.interforce.dk\/app\/uploads\/2024\/04\/Billede-2-1-9x12.jpg 9w, https:\/\/www.interforce.dk\/app\/uploads\/2024\/04\/Billede-2-1-scaled.jpg 1920w\" sizes=\"auto, (max-width: 768px) 100vw, 768px\" \/><figcaption class=\"wp-element-caption\"><em>Repr\u00e6sentanter fra de tre virksomheder Holmegaard Gods, N\u00f8rgaard &amp; Nedergaard og JPL R\u00e5dgivning modtager InterForce-skjoldet<\/em>.<\/figcaption><\/figure>\n\n      <\/div>\n  <\/div>\n<div class=\"block core-block core-block--paragraph\">\n      <div class=\"inner inner--small\">\n      \n<p>P\u00e5 baggrund af det store deltagerantal og aktualitet, vil InterForce Sj\u00e6lland fors\u00f8ge at gennemf\u00f8re to lignende arrangementer med temaet \u201dHvis krigen kommer\u2026\u201d i Sydsj\u00e6lland og Midtsj\u00e6lland til efter\u00e5ret.<\/p>\n\n      <\/div>\n  <\/div>\n<div class=\"block core-block core-block--paragraph\">\n      <div class=\"inner inner--small\">\n      \n<p>L\u00e6s ogs\u00e5: <a href=\"https:\/\/www.interforce.dk\/en\/sammen-om-et-staerkere-danmark\/\">Sammen om et st\u00e6rkere Danmark<\/a><\/p>\n\n      <\/div>\n  <\/div>","protected":false},"excerpt":{"rendered":"1. marts kunne InterForce Region Sj\u00e6lland byde 60 virksomhedsledere og deres an...","protected":false},"author":22,"featured_media":15579,"comment_status":"closed","ping_status":"closed","sticky":false,"template":"","format":"standard","meta":{"_acf_changed":false,"footnotes":""},"categories":[13],"tags":[54],"class_list":["post-15575","post","type-post","status-publish","format-standard","has-post-thumbnail","hentry","category-events","tag-tag-sjaelland"],"acf":[],"yoast_head":"<!-- This site is optimized with the Yoast SEO plugin v27.3 - https:\/\/yoast.com\/product\/yoast-seo-wordpress\/ -->\n<title>\u201dVi n\u00f8jes ikke med at g\u00f8re det, der forventes \u2013 vi g\u00f8r det, der er n\u00f8dvendigt\u201d - InterForce<\/title>\n<meta name=\"description\" content=\"1. marts kunne InterForce Region Sj\u00e6lland byde 60 virksomhedsledere og deres ansatte velkommen til arrangementet \u201dHvis krigen kommer\u2026\u201d.\" \/>\n<meta name=\"robots\" content=\"index, follow, max-snippet:-1, max-image-preview:large, max-video-preview:-1\" \/>\n<link rel=\"canonical\" href=\"http:\/\/localhost\/vi-noejes-ikke-med-at-goere-det-der-forventes-vi-goer-det-der-er-noedvendigt\/\" \/>\n<meta property=\"og:locale\" content=\"en_GB\" \/>\n<meta property=\"og:type\" content=\"article\" \/>\n<meta property=\"og:title\" content=\"\u201dVi n\u00f8jes ikke med at g\u00f8re det, der forventes \u2013 vi g\u00f8r det, der er n\u00f8dvendigt\u201d - InterForce\" \/>\n<meta property=\"og:description\" content=\"1. marts kunne InterForce Region Sj\u00e6lland byde 60 virksomhedsledere og deres ansatte velkommen til arrangementet \u201dHvis krigen kommer\u2026\u201d.\" \/>\n<meta property=\"og:url\" content=\"http:\/\/localhost\/vi-noejes-ikke-med-at-goere-det-der-forventes-vi-goer-det-der-er-noedvendigt\/\" \/>\n<meta property=\"og:site_name\" content=\"InterForce\" \/>\n<meta property=\"article:published_time\" content=\"2024-04-17T10:30:00+00:00\" \/>\n<meta property=\"og:image\" content=\"http:\/\/localhost\/app\/uploads\/2024\/04\/Billede-1-scaled.jpg\" \/>\n\t<meta property=\"og:image:width\" content=\"2560\" \/>\n\t<meta property=\"og:image:height\" content=\"1920\" \/>\n\t<meta property=\"og:image:type\" content=\"image\/jpeg\" \/>\n<meta name=\"author\" content=\"Karina B\u00f8nnelykke\" \/>\n<meta name=\"twitter:card\" content=\"summary_large_image\" \/>\n<meta name=\"twitter:label1\" content=\"Written by\" \/>\n\t<meta name=\"twitter:data1\" content=\"Karina B\u00f8nnelykke\" \/>\n\t<meta name=\"twitter:label2\" content=\"Est. reading time\" \/>\n\t<meta name=\"twitter:data2\" content=\"4 minutes\" \/>\n<script type=\"application\/ld+json\" class=\"yoast-schema-graph\">{\"@context\":\"https:\\\/\\\/schema.org\",\"@graph\":[{\"@type\":\"Article\",\"@id\":\"http:\\\/\\\/localhost\\\/vi-noejes-ikke-med-at-goere-det-der-forventes-vi-goer-det-der-er-noedvendigt\\\/#article\",\"isPartOf\":{\"@id\":\"http:\\\/\\\/localhost\\\/vi-noejes-ikke-med-at-goere-det-der-forventes-vi-goer-det-der-er-noedvendigt\\\/\"},\"author\":{\"name\":\"Karina B\u00f8nnelykke\",\"@id\":\"https:\\\/\\\/www.interforce.dk\\\/#\\\/schema\\\/person\\\/964591db382e7e831fc964f0ae899e0a\"},\"headline\":\"\u201dVi n\u00f8jes ikke med at g\u00f8re det, der forventes \u2013 vi g\u00f8r det, der er n\u00f8dvendigt\u201d\",\"datePublished\":\"2024-04-17T10:30:00+00:00\",\"mainEntityOfPage\":{\"@id\":\"http:\\\/\\\/localhost\\\/vi-noejes-ikke-med-at-goere-det-der-forventes-vi-goer-det-der-er-noedvendigt\\\/\"},\"wordCount\":888,\"image\":{\"@id\":\"http:\\\/\\\/localhost\\\/vi-noejes-ikke-med-at-goere-det-der-forventes-vi-goer-det-der-er-noedvendigt\\\/#primaryimage\"},\"thumbnailUrl\":\"https:\\\/\\\/www.interforce.dk\\\/app\\\/uploads\\\/2024\\\/04\\\/Billede-1-scaled.jpg\",\"keywords\":[\"Tag:Sj\u00e6lland\"],\"articleSection\":[\"Arrangementsomtale\"],\"inLanguage\":\"en-GB\"},{\"@type\":\"WebPage\",\"@id\":\"http:\\\/\\\/localhost\\\/vi-noejes-ikke-med-at-goere-det-der-forventes-vi-goer-det-der-er-noedvendigt\\\/\",\"url\":\"http:\\\/\\\/localhost\\\/vi-noejes-ikke-med-at-goere-det-der-forventes-vi-goer-det-der-er-noedvendigt\\\/\",\"name\":\"\u201dVi n\u00f8jes ikke med at g\u00f8re det, der forventes \u2013 vi g\u00f8r det, der er n\u00f8dvendigt\u201d - InterForce\",\"isPartOf\":{\"@id\":\"https:\\\/\\\/www.interforce.dk\\\/#website\"},\"primaryImageOfPage\":{\"@id\":\"http:\\\/\\\/localhost\\\/vi-noejes-ikke-med-at-goere-det-der-forventes-vi-goer-det-der-er-noedvendigt\\\/#primaryimage\"},\"image\":{\"@id\":\"http:\\\/\\\/localhost\\\/vi-noejes-ikke-med-at-goere-det-der-forventes-vi-goer-det-der-er-noedvendigt\\\/#primaryimage\"},\"thumbnailUrl\":\"https:\\\/\\\/www.interforce.dk\\\/app\\\/uploads\\\/2024\\\/04\\\/Billede-1-scaled.jpg\",\"datePublished\":\"2024-04-17T10:30:00+00:00\",\"author\":{\"@id\":\"https:\\\/\\\/www.interforce.dk\\\/#\\\/schema\\\/person\\\/964591db382e7e831fc964f0ae899e0a\"},\"description\":\"1. marts kunne InterForce Region Sj\u00e6lland byde 60 virksomhedsledere og deres ansatte velkommen til arrangementet \u201dHvis krigen kommer\u2026\u201d.\",\"breadcrumb\":{\"@id\":\"http:\\\/\\\/localhost\\\/vi-noejes-ikke-med-at-goere-det-der-forventes-vi-goer-det-der-er-noedvendigt\\\/#breadcrumb\"},\"inLanguage\":\"en-GB\",\"potentialAction\":[{\"@type\":\"ReadAction\",\"target\":[\"http:\\\/\\\/localhost\\\/vi-noejes-ikke-med-at-goere-det-der-forventes-vi-goer-det-der-er-noedvendigt\\\/\"]}]},{\"@type\":\"ImageObject\",\"inLanguage\":\"en-GB\",\"@id\":\"http:\\\/\\\/localhost\\\/vi-noejes-ikke-med-at-goere-det-der-forventes-vi-goer-det-der-er-noedvendigt\\\/#primaryimage\",\"url\":\"https:\\\/\\\/www.interforce.dk\\\/app\\\/uploads\\\/2024\\\/04\\\/Billede-1-scaled.jpg\",\"contentUrl\":\"https:\\\/\\\/www.interforce.dk\\\/app\\\/uploads\\\/2024\\\/04\\\/Billede-1-scaled.jpg\",\"width\":2560,\"height\":1920},{\"@type\":\"BreadcrumbList\",\"@id\":\"http:\\\/\\\/localhost\\\/vi-noejes-ikke-med-at-goere-det-der-forventes-vi-goer-det-der-er-noedvendigt\\\/#breadcrumb\",\"itemListElement\":[{\"@type\":\"ListItem\",\"position\":1,\"name\":\"Hjem\",\"item\":\"https:\\\/\\\/www.interforce.dk\\\/\"},{\"@type\":\"ListItem\",\"position\":2,\"name\":\"\u201dVi n\u00f8jes ikke med at g\u00f8re det, der forventes \u2013 vi g\u00f8r det, der er n\u00f8dvendigt\u201d\"}]},{\"@type\":\"WebSite\",\"@id\":\"https:\\\/\\\/www.interforce.dk\\\/#website\",\"url\":\"https:\\\/\\\/www.interforce.dk\\\/\",\"name\":\"InterForce\",\"description\":\"\",\"potentialAction\":[{\"@type\":\"SearchAction\",\"target\":{\"@type\":\"EntryPoint\",\"urlTemplate\":\"https:\\\/\\\/www.interforce.dk\\\/?s={search_term_string}\"},\"query-input\":{\"@type\":\"PropertyValueSpecification\",\"valueRequired\":true,\"valueName\":\"search_term_string\"}}],\"inLanguage\":\"en-GB\"},{\"@type\":\"Person\",\"@id\":\"https:\\\/\\\/www.interforce.dk\\\/#\\\/schema\\\/person\\\/964591db382e7e831fc964f0ae899e0a\",\"name\":\"Karina B\u00f8nnelykke\",\"image\":{\"@type\":\"ImageObject\",\"inLanguage\":\"en-GB\",\"@id\":\"https:\\\/\\\/secure.gravatar.com\\\/avatar\\\/13010713aa3fbe78b7bd4ee6f06023c2194d2d443642beefa92d7654d3302514?s=96&d=mm&r=g\",\"url\":\"https:\\\/\\\/secure.gravatar.com\\\/avatar\\\/13010713aa3fbe78b7bd4ee6f06023c2194d2d443642beefa92d7654d3302514?s=96&d=mm&r=g\",\"contentUrl\":\"https:\\\/\\\/secure.gravatar.com\\\/avatar\\\/13010713aa3fbe78b7bd4ee6f06023c2194d2d443642beefa92d7654d3302514?s=96&d=mm&r=g\",\"caption\":\"Karina B\u00f8nnelykke\"},\"sameAs\":[\"https:\\\/\\\/www.interforce.dk\"],\"url\":\"https:\\\/\\\/www.interforce.dk\\\/en\\\/author\\\/sjaellandinterforce-dk\\\/\"}]}<\/script>\n<!-- \/ Yoast SEO plugin. -->","yoast_head_json":{"title":"\u201dVi n\u00f8jes ikke med at g\u00f8re det, der forventes \u2013 vi g\u00f8r det, der er n\u00f8dvendigt\u201d - InterForce","description":"1. marts kunne InterForce Region Sj\u00e6lland byde 60 virksomhedsledere og deres ansatte velkommen til arrangementet \u201dHvis krigen kommer\u2026\u201d.","robots":{"index":"index","follow":"follow","max-snippet":"max-snippet:-1","max-image-preview":"max-image-preview:large","max-video-preview":"max-video-preview:-1"},"canonical":"http:\/\/localhost\/vi-noejes-ikke-med-at-goere-det-der-forventes-vi-goer-det-der-er-noedvendigt\/","og_locale":"en_GB","og_type":"article","og_title":"\u201dVi n\u00f8jes ikke med at g\u00f8re det, der forventes \u2013 vi g\u00f8r det, der er n\u00f8dvendigt\u201d - InterForce","og_description":"1. marts kunne InterForce Region Sj\u00e6lland byde 60 virksomhedsledere og deres ansatte velkommen til arrangementet \u201dHvis krigen kommer\u2026\u201d.","og_url":"http:\/\/localhost\/vi-noejes-ikke-med-at-goere-det-der-forventes-vi-goer-det-der-er-noedvendigt\/","og_site_name":"InterForce","article_published_time":"2024-04-17T10:30:00+00:00","og_image":[{"width":2560,"height":1920,"url":"http:\/\/localhost\/app\/uploads\/2024\/04\/Billede-1-scaled.jpg","type":"image\/jpeg"}],"author":"Karina B\u00f8nnelykke","twitter_card":"summary_large_image","twitter_misc":{"Written by":"Karina B\u00f8nnelykke","Est. reading time":"4 minutes"},"schema":{"@context":"https:\/\/schema.org","@graph":[{"@type":"Article","@id":"http:\/\/localhost\/vi-noejes-ikke-med-at-goere-det-der-forventes-vi-goer-det-der-er-noedvendigt\/#article","isPartOf":{"@id":"http:\/\/localhost\/vi-noejes-ikke-med-at-goere-det-der-forventes-vi-goer-det-der-er-noedvendigt\/"},"author":{"name":"Karina B\u00f8nnelykke","@id":"https:\/\/www.interforce.dk\/#\/schema\/person\/964591db382e7e831fc964f0ae899e0a"},"headline":"\u201dVi n\u00f8jes ikke med at g\u00f8re det, der forventes \u2013 vi g\u00f8r det, der er n\u00f8dvendigt\u201d","datePublished":"2024-04-17T10:30:00+00:00","mainEntityOfPage":{"@id":"http:\/\/localhost\/vi-noejes-ikke-med-at-goere-det-der-forventes-vi-goer-det-der-er-noedvendigt\/"},"wordCount":888,"image":{"@id":"http:\/\/localhost\/vi-noejes-ikke-med-at-goere-det-der-forventes-vi-goer-det-der-er-noedvendigt\/#primaryimage"},"thumbnailUrl":"https:\/\/www.interforce.dk\/app\/uploads\/2024\/04\/Billede-1-scaled.jpg","keywords":["Tag:Sj\u00e6lland"],"articleSection":["Arrangementsomtale"],"inLanguage":"en-GB"},{"@type":"WebPage","@id":"http:\/\/localhost\/vi-noejes-ikke-med-at-goere-det-der-forventes-vi-goer-det-der-er-noedvendigt\/","url":"http:\/\/localhost\/vi-noejes-ikke-med-at-goere-det-der-forventes-vi-goer-det-der-er-noedvendigt\/","name":"\u201dVi n\u00f8jes ikke med at g\u00f8re det, der forventes \u2013 vi g\u00f8r det, der er n\u00f8dvendigt\u201d - InterForce","isPartOf":{"@id":"https:\/\/www.interforce.dk\/#website"},"primaryImageOfPage":{"@id":"http:\/\/localhost\/vi-noejes-ikke-med-at-goere-det-der-forventes-vi-goer-det-der-er-noedvendigt\/#primaryimage"},"image":{"@id":"http:\/\/localhost\/vi-noejes-ikke-med-at-goere-det-der-forventes-vi-goer-det-der-er-noedvendigt\/#primaryimage"},"thumbnailUrl":"https:\/\/www.interforce.dk\/app\/uploads\/2024\/04\/Billede-1-scaled.jpg","datePublished":"2024-04-17T10:30:00+00:00","author":{"@id":"https:\/\/www.interforce.dk\/#\/schema\/person\/964591db382e7e831fc964f0ae899e0a"},"description":"1. marts kunne InterForce Region Sj\u00e6lland byde 60 virksomhedsledere og deres ansatte velkommen til arrangementet \u201dHvis krigen kommer\u2026\u201d.","breadcrumb":{"@id":"http:\/\/localhost\/vi-noejes-ikke-med-at-goere-det-der-forventes-vi-goer-det-der-er-noedvendigt\/#breadcrumb"},"inLanguage":"en-GB","potentialAction":[{"@type":"ReadAction","target":["http:\/\/localhost\/vi-noejes-ikke-med-at-goere-det-der-forventes-vi-goer-det-der-er-noedvendigt\/"]}]},{"@type":"ImageObject","inLanguage":"en-GB","@id":"http:\/\/localhost\/vi-noejes-ikke-med-at-goere-det-der-forventes-vi-goer-det-der-er-noedvendigt\/#primaryimage","url":"https:\/\/www.interforce.dk\/app\/uploads\/2024\/04\/Billede-1-scaled.jpg","contentUrl":"https:\/\/www.interforce.dk\/app\/uploads\/2024\/04\/Billede-1-scaled.jpg","width":2560,"height":1920},{"@type":"BreadcrumbList","@id":"http:\/\/localhost\/vi-noejes-ikke-med-at-goere-det-der-forventes-vi-goer-det-der-er-noedvendigt\/#breadcrumb","itemListElement":[{"@type":"ListItem","position":1,"name":"Hjem","item":"https:\/\/www.interforce.dk\/"},{"@type":"ListItem","position":2,"name":"\u201dVi n\u00f8jes ikke med at g\u00f8re det, der forventes \u2013 vi g\u00f8r det, der er n\u00f8dvendigt\u201d"}]},{"@type":"WebSite","@id":"https:\/\/www.interforce.dk\/#website","url":"https:\/\/www.interforce.dk\/","name":"InterForce","description":"","potentialAction":[{"@type":"SearchAction","target":{"@type":"EntryPoint","urlTemplate":"https:\/\/www.interforce.dk\/?s={search_term_string}"},"query-input":{"@type":"PropertyValueSpecification","valueRequired":true,"valueName":"search_term_string"}}],"inLanguage":"en-GB"},{"@type":"Person","@id":"https:\/\/www.interforce.dk\/#\/schema\/person\/964591db382e7e831fc964f0ae899e0a","name":"Karina B\u00f8nnelykke","image":{"@type":"ImageObject","inLanguage":"en-GB","@id":"https:\/\/secure.gravatar.com\/avatar\/13010713aa3fbe78b7bd4ee6f06023c2194d2d443642beefa92d7654d3302514?s=96&d=mm&r=g","url":"https:\/\/secure.gravatar.com\/avatar\/13010713aa3fbe78b7bd4ee6f06023c2194d2d443642beefa92d7654d3302514?s=96&d=mm&r=g","contentUrl":"https:\/\/secure.gravatar.com\/avatar\/13010713aa3fbe78b7bd4ee6f06023c2194d2d443642beefa92d7654d3302514?s=96&d=mm&r=g","caption":"Karina B\u00f8nnelykke"},"sameAs":["https:\/\/www.interforce.dk"],"url":"https:\/\/www.interforce.dk\/en\/author\/sjaellandinterforce-dk\/"}]}},"_links":{"self":[{"href":"https:\/\/www.interforce.dk\/en\/wp-json\/wp\/v2\/posts\/15575","targetHints":{"allow":["GET"]}}],"collection":[{"href":"https:\/\/www.interforce.dk\/en\/wp-json\/wp\/v2\/posts"}],"about":[{"href":"https:\/\/www.interforce.dk\/en\/wp-json\/wp\/v2\/types\/post"}],"author":[{"embeddable":true,"href":"https:\/\/www.interforce.dk\/en\/wp-json\/wp\/v2\/users\/22"}],"replies":[{"embeddable":true,"href":"https:\/\/www.interforce.dk\/en\/wp-json\/wp\/v2\/comments?post=15575"}],"version-history":[{"count":4,"href":"https:\/\/www.interforce.dk\/en\/wp-json\/wp\/v2\/posts\/15575\/revisions"}],"predecessor-version":[{"id":15586,"href":"https:\/\/www.interforce.dk\/en\/wp-json\/wp\/v2\/posts\/15575\/revisions\/15586"}],"wp:featuredmedia":[{"embeddable":true,"href":"https:\/\/www.interforce.dk\/en\/wp-json\/wp\/v2\/media\/15579"}],"wp:attachment":[{"href":"https:\/\/www.interforce.dk\/en\/wp-json\/wp\/v2\/media?parent=15575"}],"wp:term":[{"taxonomy":"category","embeddable":true,"href":"https:\/\/www.interforce.dk\/en\/wp-json\/wp\/v2\/categories?post=15575"},{"taxonomy":"post_tag","embeddable":true,"href":"https:\/\/www.interforce.dk\/en\/wp-json\/wp\/v2\/tags?post=15575"}],"curies":[{"name":"wp","href":"https:\/\/api.w.org\/{rel}","templated":true}]}}