{"id":15560,"date":"2024-04-12T18:56:40","date_gmt":"2024-04-12T18:56:40","guid":{"rendered":"https:\/\/www.interforce.dk\/?p=15560"},"modified":"2024-04-12T18:56:40","modified_gmt":"2024-04-12T18:56:40","slug":"sammen-om-et-staerkere-danmark","status":"publish","type":"post","link":"https:\/\/www.interforce.dk\/en\/sammen-om-et-staerkere-danmark\/","title":{"rendered":"Sammen om et st\u00e6rkere Danmark"},"content":{"rendered":"<div class=\"block core-block core-block--paragraph\">\n      <div class=\"inner inner--small\">\n      \n<p><strong>B\u00e5de forsvaret og det civile erhvervsliv har behov for at \u00f8ge rekrutteringen og fastholdelse af medarbejdere i de kommende \u00e5r. S\u00e5 hvordan kan parterne i samarbejde sikre nok arbejdskraft i fremtiden?<\/strong><\/p>\n\n      <\/div>\n  <\/div>\n<div class=\"block core-block core-block--paragraph\">\n      <div class=\"inner inner--small\">\n      \n<p><em>Af Jonas Roulund<\/em><\/p>\n\n      <\/div>\n  <\/div>\n<div class=\"block core-block core-block--paragraph\">\n      <div class=\"inner inner--small\">\n      \n<p>Nyt materiel, renoverede milit\u00e6re faciliteter og en v\u00e6kst i personel p\u00e5 6.000-7.000 ansatte er n\u00f8dvendigt for at kunne h\u00e5ndtere Forsvarets opgaver i de kommende \u00e5r. I den sammenh\u00e6ng vil en udvidelse af Reservestyrken \u2013 herunder dvs. reservister, og frivillige i Forsvaret, Hjemmev\u00e6rnet og Beredskabsstyrelsen \u2013 spille en meget v\u00e6sentlig rolle. Det kr\u00e6ver et godt samarbejde med det civile arbejdsmarked, der skal give medarbejderne fri til tjeneste.<\/p>\n\n      <\/div>\n  <\/div>\n<div class=\"block core-block core-block--paragraph\">\n      <div class=\"inner inner--small\">\n      \n<p>Det var fokus, da InterForce tirsdag den 9. april sammen med VL og Erhverv Norddanmark afholdt toplederseminar p\u00e5 Aalborg Kaserne.<\/p>\n\n      <\/div>\n  <\/div>\n<div class=\"block core-block core-block--image\">\n      <div class=\"inner inner--small\">\n      \n<figure class=\"wp-block-image size-large\"><img loading=\"lazy\" decoding=\"async\" width=\"1024\" height=\"681\" src=\"https:\/\/www.interforce.dk\/app\/uploads\/2024\/04\/VL-Interforce-arrangement-pa-Aalborg-Kaserner-I-1024x681.jpg\" alt=\"Susanne Lund VL InterForce-arrangement i Aalborg\" class=\"wp-image-15561\" srcset=\"https:\/\/www.interforce.dk\/app\/uploads\/2024\/04\/VL-Interforce-arrangement-pa-Aalborg-Kaserner-I-1024x681.jpg 1024w, https:\/\/www.interforce.dk\/app\/uploads\/2024\/04\/VL-Interforce-arrangement-pa-Aalborg-Kaserner-I-300x200.jpg 300w, https:\/\/www.interforce.dk\/app\/uploads\/2024\/04\/VL-Interforce-arrangement-pa-Aalborg-Kaserner-I-768x511.jpg 768w, https:\/\/www.interforce.dk\/app\/uploads\/2024\/04\/VL-Interforce-arrangement-pa-Aalborg-Kaserner-I-1536x1022.jpg 1536w, https:\/\/www.interforce.dk\/app\/uploads\/2024\/04\/VL-Interforce-arrangement-pa-Aalborg-Kaserner-I-2048x1362.jpg 2048w, https:\/\/www.interforce.dk\/app\/uploads\/2024\/04\/VL-Interforce-arrangement-pa-Aalborg-Kaserner-I-18x12.jpg 18w\" sizes=\"auto, (max-width: 1024px) 100vw, 1024px\" \/><figcaption class=\"wp-element-caption\"><em>Chefen for Tr\u00e6nregimentet, oberst Susanne Lund.<\/em><\/figcaption><\/figure>\n\n      <\/div>\n  <\/div>\n<div class=\"block core-block core-block--paragraph\">\n      <div class=\"inner inner--small\">\n      \n<p>Programmet var alsidigt med indl\u00e6g fra chefen for Tr\u00e6nregimentet, oberst Susanne Lund, der gav indsigt i behov og planer for fremtidens forsvar. Derudover var der blandt andre ogs\u00e5 deltagelse fra pensioneret generall\u00f8jtnant Michael Lollesgaard.<\/p>\n\n      <\/div>\n  <\/div>\n<div class=\"block core-block core-block--heading\">\n      <div class=\"inner inner--small\">\n      \n<h2 class=\"wp-block-heading\">En uvis fremtid<\/h2>\n\n      <\/div>\n  <\/div>\n<div class=\"block core-block core-block--paragraph\">\n      <div class=\"inner inner--small\">\n      \n<p>Snakken gik, da de cirka 200 deltagende erhvervsledere indtog gymnastiksalen p\u00e5 Aalborg Kaserne. Det er tydeligt, at netv\u00e6rket vokser ved disse InterForce-arrangementer, hvor der b\u00e5de er information og nyheder at hente om Danmarks sikkerhedspolitiske situation.<\/p>\n\n      <\/div>\n  <\/div>\n<div class=\"block core-block core-block--paragraph\">\n      <div class=\"inner inner--small\">\n      \n<p>Den tidligere DR-v\u00e6rt Tine G\u00f8tzsche styrede med sikker h\u00e5nd slagets gang som moderator og startede med en indf\u00f8ring i dagens program.<\/p>\n\n      <\/div>\n  <\/div>\n<div class=\"block core-block core-block--image\">\n      <div class=\"inner inner--small\">\n      \n<figure class=\"wp-block-image size-large\"><img loading=\"lazy\" decoding=\"async\" width=\"1024\" height=\"681\" src=\"https:\/\/www.interforce.dk\/app\/uploads\/2024\/04\/VL-Interforce-arrangement-pa-Aalborg-Kaserner-VII-1024x681.jpg\" alt=\"Tine G\u00f8tzsche, v\u00e6rt for VL \/ InterForce-arrangement i Aalborg\" class=\"wp-image-15567\" srcset=\"https:\/\/www.interforce.dk\/app\/uploads\/2024\/04\/VL-Interforce-arrangement-pa-Aalborg-Kaserner-VII-1024x681.jpg 1024w, https:\/\/www.interforce.dk\/app\/uploads\/2024\/04\/VL-Interforce-arrangement-pa-Aalborg-Kaserner-VII-300x200.jpg 300w, https:\/\/www.interforce.dk\/app\/uploads\/2024\/04\/VL-Interforce-arrangement-pa-Aalborg-Kaserner-VII-768x511.jpg 768w, https:\/\/www.interforce.dk\/app\/uploads\/2024\/04\/VL-Interforce-arrangement-pa-Aalborg-Kaserner-VII-1536x1022.jpg 1536w, https:\/\/www.interforce.dk\/app\/uploads\/2024\/04\/VL-Interforce-arrangement-pa-Aalborg-Kaserner-VII-2048x1362.jpg 2048w, https:\/\/www.interforce.dk\/app\/uploads\/2024\/04\/VL-Interforce-arrangement-pa-Aalborg-Kaserner-VII-18x12.jpg 18w\" sizes=\"auto, (max-width: 1024px) 100vw, 1024px\" \/><figcaption class=\"wp-element-caption\"><em>Den tidligere tv-v\u00e6rt Tine G\u00f8tzsche var v\u00e6rt for aftenens arrangement.<\/em><\/figcaption><\/figure>\n\n      <\/div>\n  <\/div>\n<div class=\"block core-block core-block--paragraph\">\n      <div class=\"inner inner--small\">\n      \n<p>P\u00e5 baggrund af det nye forsvarsforlig samt en uvis geopolitisk fremtid med krig i Europa, et forest\u00e5ende amerikansk valg og usikkerhed i Mellem\u00f8sten var dagens tema oplagt: Hvilke fordele og samarbejdsmuligheder ligger der imellem Forsvaret og erhvervslivet i forbindelse med fremtidens behov for brug af arbejdsstyrken?<\/p>\n\n      <\/div>\n  <\/div>\n<div class=\"block core-block core-block--heading\">\n      <div class=\"inner inner--small\">\n      \n<h2 class=\"wp-block-heading\">Forsvaret og InterForce i en brydningstid<\/h2>\n\n      <\/div>\n  <\/div>\n<div class=\"block core-block core-block--paragraph\">\n      <div class=\"inner inner--small\">\n      \n<p>Dagens arrang\u00f8rer b\u00f8d velkommen ved InterForce Regionsformand i Nordjylland og CEO i Hydrema, Jan Werner Jensen, og direkt\u00f8r hos Dansk Selskab for Virksomhedsledelse, Ida Bratting Kongsted, inden ordet gik videre til chefen for Tr\u00e6nregimentet, oberst, Susanne Lund.<\/p>\n\n      <\/div>\n  <\/div>\n<div class=\"block core-block core-block--paragraph\">\n      <div class=\"inner inner--small\">\n      \n<p>&#8220;Forsvaret og det civile erhvervsliv kommer til at k\u00e6mpe om den samme arbejdskraft i fremtiden,&#8221; indledte Susanne Lund, der gav en grundig indf\u00f8ring i de udfordringer, Forsvaret st\u00e5r overfor i de kommende \u00e5r.<\/p>\n\n      <\/div>\n  <\/div>\n<div class=\"block core-block core-block--image\">\n      <div class=\"inner inner--small\">\n      \n<figure class=\"wp-block-image size-large\"><img loading=\"lazy\" decoding=\"async\" width=\"1024\" height=\"681\" src=\"https:\/\/www.interforce.dk\/app\/uploads\/2024\/04\/VL-Interforce-arrangement-pa-Aalborg-Kaserner-V-1024x681.jpg\" alt=\"Susanne Lund, Tr\u00e6nregimentet, VL \/ InterForce-arrangement i Aalborg\" class=\"wp-image-15565\" srcset=\"https:\/\/www.interforce.dk\/app\/uploads\/2024\/04\/VL-Interforce-arrangement-pa-Aalborg-Kaserner-V-1024x681.jpg 1024w, https:\/\/www.interforce.dk\/app\/uploads\/2024\/04\/VL-Interforce-arrangement-pa-Aalborg-Kaserner-V-300x200.jpg 300w, https:\/\/www.interforce.dk\/app\/uploads\/2024\/04\/VL-Interforce-arrangement-pa-Aalborg-Kaserner-V-768x511.jpg 768w, https:\/\/www.interforce.dk\/app\/uploads\/2024\/04\/VL-Interforce-arrangement-pa-Aalborg-Kaserner-V-1536x1022.jpg 1536w, https:\/\/www.interforce.dk\/app\/uploads\/2024\/04\/VL-Interforce-arrangement-pa-Aalborg-Kaserner-V-2048x1362.jpg 2048w, https:\/\/www.interforce.dk\/app\/uploads\/2024\/04\/VL-Interforce-arrangement-pa-Aalborg-Kaserner-V-18x12.jpg 18w\" sizes=\"auto, (max-width: 1024px) 100vw, 1024px\" \/><figcaption class=\"wp-element-caption\"><em>Forsvaret skal t\u00e6nke i nye baner, hvis man skal lykkes med at skaffe nok medarbejdere, fremh\u00e6vede oberst Susanne Lund.<\/em><\/figcaption><\/figure>\n\n      <\/div>\n  <\/div>\n<div class=\"block core-block core-block--paragraph\">\n      <div class=\"inner inner--small\">\n      \n<p>Det g\u00e6lder en omkalfatrende kultur- og struktur\u00e6ndring, som er n\u00f8dvendig efter Ruslands invasion af Ukraine og de mange \u00f8vrige usikkerheder i verden, mener obersten. Forsvaret f\u00e5r brug for mange flere h\u00e6nder til at l\u00f8fte opgaverne i \u00e5rene, der kommer.<\/p>\n\n      <\/div>\n  <\/div>\n<div class=\"block core-block core-block--paragraph\">\n      <div class=\"inner inner--small\">\n      \n<p>&#8220;Mennesker er en knap ressource, men jeg skal bruge folk til at l\u00f8se opgaverne. For at lykkes er jeg med p\u00e5 nyt\u00e6nkning, bl.a. arbejdsdeling og andet i forhold til at f\u00e5 det til at fungere i samarbejde med erhvervslivet,&#8221; sagde obersten med henvisning til, at man vil se p\u00e5 mange forskellige l\u00f8sninger for at kunne g\u00f8re brug af flere reservister i Forsvaret.<\/p>\n\n      <\/div>\n  <\/div>\n<div class=\"block core-block core-block--paragraph\">\n      <div class=\"inner inner--small\">\n      \n<p>Ordet gik herefter til sekretariatschef for InterForce generalmajor (pens.) Finn Winkler, der kom ind p\u00e5, at forsvaret har brug for en st\u00e6rk, effektiv og fleksibel reservestyrke for at klare de mange opgaver, der venter.<\/p>\n\n      <\/div>\n  <\/div>\n<div class=\"block core-block core-block--image\">\n      <div class=\"inner inner--small\">\n      \n<figure class=\"wp-block-image size-large\"><img loading=\"lazy\" decoding=\"async\" width=\"1024\" height=\"681\" src=\"https:\/\/www.interforce.dk\/app\/uploads\/2024\/04\/VL-Interforce-arrangement-pa-Aalborg-Kaserner-II-1024x681.jpg\" alt=\"Finn Winkler, VL \/ InterForce-arrangement i Aalborg\" class=\"wp-image-15562\" srcset=\"https:\/\/www.interforce.dk\/app\/uploads\/2024\/04\/VL-Interforce-arrangement-pa-Aalborg-Kaserner-II-1024x681.jpg 1024w, https:\/\/www.interforce.dk\/app\/uploads\/2024\/04\/VL-Interforce-arrangement-pa-Aalborg-Kaserner-II-300x200.jpg 300w, https:\/\/www.interforce.dk\/app\/uploads\/2024\/04\/VL-Interforce-arrangement-pa-Aalborg-Kaserner-II-768x511.jpg 768w, https:\/\/www.interforce.dk\/app\/uploads\/2024\/04\/VL-Interforce-arrangement-pa-Aalborg-Kaserner-II-1536x1022.jpg 1536w, https:\/\/www.interforce.dk\/app\/uploads\/2024\/04\/VL-Interforce-arrangement-pa-Aalborg-Kaserner-II-2048x1362.jpg 2048w, https:\/\/www.interforce.dk\/app\/uploads\/2024\/04\/VL-Interforce-arrangement-pa-Aalborg-Kaserner-II-18x12.jpg 18w\" sizes=\"auto, (max-width: 1024px) 100vw, 1024px\" \/><figcaption class=\"wp-element-caption\"><em>Pens. generalmajor Finn Winkler pr\u00e6senterede nye InterForce-tiltag, der skal styrke samarbejdet mellem Forsvaret og erhvervslivet.<\/em><\/figcaption><\/figure>\n\n      <\/div>\n  <\/div>\n<div class=\"block core-block core-block--paragraph\">\n      <div class=\"inner inner--small\">\n      \n<p>&#8220;Vi skal forbedre og finde nye veje til at styrke samarbejdet mellem Forsvaret og erhvervslivet,&#8221; sagde Winkler, der samtidig gav en introduktion til InterForces nye tiltag \u2013 herunder branchedifferentierede nyhedsbreve, en frontdesk og nye medlemskabstyper, hvor man i fremtiden vil kunne v\u00e6lge mellem flere typer medlemskab som InterForce-virksomhed.<\/p>\n\n      <\/div>\n  <\/div>\n<div class=\"block core-block core-block--paragraph\">\n      <div class=\"inner inner--small\">\n      \n<p>Alt sammen for at \u00f8ge v\u00e6rdien for medlemsvirksomhederne og skabe en t\u00e6ttere forbindelse og st\u00f8rre indsigt i Forsvarets opgavel\u00f8sning.<\/p>\n\n      <\/div>\n  <\/div>\n<div class=\"block core-block core-block--heading\">\n      <div class=\"inner inner--small\">\n      \n<h2 class=\"wp-block-heading\">Hvordan deler vi arbejdskraften i fremtiden?<\/h2>\n\n      <\/div>\n  <\/div>\n<div class=\"block core-block core-block--paragraph\">\n      <div class=\"inner inner--small\">\n      \n<p>Direkt\u00f8r ved Nordjyllands Beredskab, Diana S\u00f8rensen, Public Affairs Manager i Salling Group, Pernille Bonne Neisig, oberst, Susanne Lund, oberst og chef for Air Transport Wing, Lars Hedemark samt kommand\u00f8rkaptajn og chef ved Fl\u00e5destation Frederikshavn, Jan Svendsen, indtog herefter scenen til en paneldebat om kampen om- og l\u00f8sninger p\u00e5 manglen p\u00e5 arbejdskraft i Danmark.<\/p>\n\n      <\/div>\n  <\/div>\n<div class=\"block core-block core-block--image\">\n      <div class=\"inner inner--small\">\n      \n<figure class=\"wp-block-image size-large\"><img loading=\"lazy\" decoding=\"async\" width=\"1024\" height=\"681\" src=\"https:\/\/www.interforce.dk\/app\/uploads\/2024\/04\/VL-Interforce-arrangement-pa-Aalborg-Kaserner-VI-1024x681.jpg\" alt=\"Paneldebat, VL \/ InterForce-arrangement i Aalborg\" class=\"wp-image-15566\" srcset=\"https:\/\/www.interforce.dk\/app\/uploads\/2024\/04\/VL-Interforce-arrangement-pa-Aalborg-Kaserner-VI-1024x681.jpg 1024w, https:\/\/www.interforce.dk\/app\/uploads\/2024\/04\/VL-Interforce-arrangement-pa-Aalborg-Kaserner-VI-300x200.jpg 300w, https:\/\/www.interforce.dk\/app\/uploads\/2024\/04\/VL-Interforce-arrangement-pa-Aalborg-Kaserner-VI-768x511.jpg 768w, https:\/\/www.interforce.dk\/app\/uploads\/2024\/04\/VL-Interforce-arrangement-pa-Aalborg-Kaserner-VI-1536x1022.jpg 1536w, https:\/\/www.interforce.dk\/app\/uploads\/2024\/04\/VL-Interforce-arrangement-pa-Aalborg-Kaserner-VI-2048x1362.jpg 2048w, https:\/\/www.interforce.dk\/app\/uploads\/2024\/04\/VL-Interforce-arrangement-pa-Aalborg-Kaserner-VI-18x12.jpg 18w\" sizes=\"auto, (max-width: 1024px) 100vw, 1024px\" \/><figcaption class=\"wp-element-caption\"><em>Deltagerne i arrangementet havde mulighed for at stille sp\u00f8rgsm\u00e5l under paneldebatten.<\/em><\/figcaption><\/figure>\n\n      <\/div>\n  <\/div>\n<div class=\"block core-block core-block--paragraph\">\n      <div class=\"inner inner--small\">\n      \n<p>For hvordan sikrer vi, at Forsvaret er rustet til de mange kommende opgaver? Og hvilken rolle spiller de civile virksomheder i den sammenh\u00e6ng?<\/p>\n\n      <\/div>\n  <\/div>\n<div class=\"block core-block core-block--paragraph\">\n      <div class=\"inner inner--small\">\n      \n<p>Sp\u00f8rgsm\u00e5lene var mange \u2013 ogs\u00e5 fra salen, hvor de l\u00f8bende str\u00f8mmede ind fra de deltagende erhvervsledere.<\/p>\n\n      <\/div>\n  <\/div>\n<div class=\"block core-block core-block--paragraph\">\n      <div class=\"inner inner--small\">\n      \n<p>Et af de gennemg\u00e5ende temaer var, at fremtidens arbejdsmarked bliver mere dynamisk med flere jobskift. Det g\u00f8r sig ogs\u00e5 g\u00e6ldende i forsvaret, hvorfor der er brug for fleksible civile arbejdsgivere for at kunne hente kompetencerne retur, n\u00e5r der er brug for dem.<\/p>\n\n      <\/div>\n  <\/div>\n<div class=\"block core-block core-block--paragraph\">\n      <div class=\"inner inner--small\">\n      \n<p>&#8220;Vi har ogs\u00e5 fastholdelsesudfordringer. Men med vores InterForce-medlemskab skaber vi en stolthed omkring det at give noget igen. Det gavner b\u00e5de os og Forsvaret, n\u00e5r vi har medarbejdere afsted,&#8221; fortalte Public Affairs Manager i Salling Group Pernille Bonne Nejsig.<\/p>\n\n      <\/div>\n  <\/div>\n<div class=\"block core-block core-block--image\">\n      <div class=\"inner inner--small\">\n      \n<figure class=\"wp-block-image size-large\"><img loading=\"lazy\" decoding=\"async\" width=\"1024\" height=\"681\" src=\"https:\/\/www.interforce.dk\/app\/uploads\/2024\/04\/VL-Interforce-arrangement-pa-Aalborg-Kaserner-III-1024x681.jpg\" alt=\"Pernille Bonne Nejsig, VL \/ InterForce-arrangement i Aalborg\" class=\"wp-image-15563\" srcset=\"https:\/\/www.interforce.dk\/app\/uploads\/2024\/04\/VL-Interforce-arrangement-pa-Aalborg-Kaserner-III-1024x681.jpg 1024w, https:\/\/www.interforce.dk\/app\/uploads\/2024\/04\/VL-Interforce-arrangement-pa-Aalborg-Kaserner-III-300x200.jpg 300w, https:\/\/www.interforce.dk\/app\/uploads\/2024\/04\/VL-Interforce-arrangement-pa-Aalborg-Kaserner-III-768x511.jpg 768w, https:\/\/www.interforce.dk\/app\/uploads\/2024\/04\/VL-Interforce-arrangement-pa-Aalborg-Kaserner-III-1536x1022.jpg 1536w, https:\/\/www.interforce.dk\/app\/uploads\/2024\/04\/VL-Interforce-arrangement-pa-Aalborg-Kaserner-III-2048x1362.jpg 2048w, https:\/\/www.interforce.dk\/app\/uploads\/2024\/04\/VL-Interforce-arrangement-pa-Aalborg-Kaserner-III-18x12.jpg 18w\" sizes=\"auto, (max-width: 1024px) 100vw, 1024px\" \/><\/figure>\n\n      <\/div>\n  <\/div>\n<div class=\"block core-block core-block--paragraph\">\n      <div class=\"inner inner--small\">\n      \n<p>Der var bred enighed i panelet om, at man b\u00f8r v\u00e6re mere fleksible internt i Forsvaret. Og der blev b\u00e5de diskuteret l\u00f8sninger i forhold til l\u00e6rlinge, opgradering af faciliteter og v\u00e6rnepligt, inden Diana S\u00f8rensen fra Nordjyllands Beredskab afrundede debatten:<\/p>\n\n      <\/div>\n  <\/div>\n<div class=\"block core-block core-block--paragraph\">\n      <div class=\"inner inner--small\">\n      \n<p>&#8220;Mange \u00f8nsker at g\u00f8re en forskel, at vise samfundssind og at g\u00f8re noget meningsfuldt. Det er det, vi kan bruge til fremtidens rekruttering og fastholdelse,&#8221; sagde hun.<\/p>\n\n      <\/div>\n  <\/div>\n<div class=\"block core-block core-block--heading\">\n      <div class=\"inner inner--small\">\n      \n<h2 class=\"wp-block-heading\">Det store billede<\/h2>\n\n      <\/div>\n  <\/div>\n<div class=\"block core-block core-block--paragraph\">\n      <div class=\"inner inner--small\">\n      \n<p>Efter paneldebatten tr\u00e5dte den pensionerede generall\u00f8jtnant Michael Lollesgaard op p\u00e5 scenen. General Lollesgaard arbejder nu som Senior Mentor i NATO og har udgivet bogen \u2019Bare kald mig chef\u2019 om sine mange internationale udsendelser i blandt andet Mali, Yemen og Irak.<\/p>\n\n      <\/div>\n  <\/div>\n<div class=\"block core-block core-block--image\">\n      <div class=\"inner inner--small\">\n      \n<figure class=\"wp-block-image size-large\"><img loading=\"lazy\" decoding=\"async\" width=\"1024\" height=\"681\" src=\"https:\/\/www.interforce.dk\/app\/uploads\/2024\/04\/VL-Interforce-arrangement-pa-Aalborg-Kaserner-IV-1024x681.jpg\" alt=\"Michael Lollesgaard, VL \/ InterForce-arrangement i Aalborg\" class=\"wp-image-15564\" srcset=\"https:\/\/www.interforce.dk\/app\/uploads\/2024\/04\/VL-Interforce-arrangement-pa-Aalborg-Kaserner-IV-1024x681.jpg 1024w, https:\/\/www.interforce.dk\/app\/uploads\/2024\/04\/VL-Interforce-arrangement-pa-Aalborg-Kaserner-IV-300x200.jpg 300w, https:\/\/www.interforce.dk\/app\/uploads\/2024\/04\/VL-Interforce-arrangement-pa-Aalborg-Kaserner-IV-768x511.jpg 768w, https:\/\/www.interforce.dk\/app\/uploads\/2024\/04\/VL-Interforce-arrangement-pa-Aalborg-Kaserner-IV-1536x1022.jpg 1536w, https:\/\/www.interforce.dk\/app\/uploads\/2024\/04\/VL-Interforce-arrangement-pa-Aalborg-Kaserner-IV-2048x1362.jpg 2048w, https:\/\/www.interforce.dk\/app\/uploads\/2024\/04\/VL-Interforce-arrangement-pa-Aalborg-Kaserner-IV-18x12.jpg 18w\" sizes=\"auto, (max-width: 1024px) 100vw, 1024px\" \/><figcaption class=\"wp-element-caption\"><em>Den meget erfarne pensionerede generall\u00f8jtnant Michael Lollesgaard fortalte om NATO&#8217;s operationer rundt omkring i verden.<\/em><\/figcaption><\/figure>\n\n      <\/div>\n  <\/div>\n<div class=\"block core-block core-block--paragraph\">\n      <div class=\"inner inner--small\">\n      \n<p>Han leverede et indl\u00e6g om NATO\u2019s operationer f\u00f8r og nu, digitalisering, trusler og planer for fremtiden. Det gav yderligere perspektiv p\u00e5, hvorfor det er vigtigt, at vi bidrager med personel \u2013 og deles om arbejdskraften.<\/p>\n\n      <\/div>\n  <\/div>\n<div class=\"block core-block core-block--paragraph\">\n      <div class=\"inner inner--small\">\n      \n<p>Lollesgaard blev efterfulgt af chefen for Forsvarsministeriets Ejendomsstyrelse, generalmajor Anders M\u00e6rkedahl, som med sit indl\u00e6g gav deltagerne forst\u00e5else for, hvordan aktuelle projekter gribes an. Opgradering af materiel og faciliteter er nemlig ogs\u00e5 en del af god fastholdelse og rekruttering, forklarede han.<\/p>\n\n      <\/div>\n  <\/div>\n<div class=\"block core-block core-block--image\">\n      <div class=\"inner inner--small\">\n      \n<figure class=\"wp-block-image size-large\"><img loading=\"lazy\" decoding=\"async\" width=\"1024\" height=\"681\" src=\"https:\/\/www.interforce.dk\/app\/uploads\/2024\/04\/VL-Interforce-arrangement-pa-Aalborg-Kaserner-IX-1024x681.jpg\" alt=\"\" class=\"wp-image-15569\" srcset=\"https:\/\/www.interforce.dk\/app\/uploads\/2024\/04\/VL-Interforce-arrangement-pa-Aalborg-Kaserner-IX-1024x681.jpg 1024w, https:\/\/www.interforce.dk\/app\/uploads\/2024\/04\/VL-Interforce-arrangement-pa-Aalborg-Kaserner-IX-300x200.jpg 300w, https:\/\/www.interforce.dk\/app\/uploads\/2024\/04\/VL-Interforce-arrangement-pa-Aalborg-Kaserner-IX-768x511.jpg 768w, https:\/\/www.interforce.dk\/app\/uploads\/2024\/04\/VL-Interforce-arrangement-pa-Aalborg-Kaserner-IX-1536x1022.jpg 1536w, https:\/\/www.interforce.dk\/app\/uploads\/2024\/04\/VL-Interforce-arrangement-pa-Aalborg-Kaserner-IX-2048x1362.jpg 2048w, https:\/\/www.interforce.dk\/app\/uploads\/2024\/04\/VL-Interforce-arrangement-pa-Aalborg-Kaserner-IX-18x12.jpg 18w\" sizes=\"auto, (max-width: 1024px) 100vw, 1024px\" \/><figcaption class=\"wp-element-caption\"><em>Chefen for Forsvarsministeriets Ejendomsstyrelse, generalmajor Anders M\u00e6rkedahl, fortalte om, hvordan nogle af Forsvarets store aktuelle projekter bliver grebet an.<\/em><\/figcaption><\/figure>\n\n      <\/div>\n  <\/div>\n<div class=\"block core-block core-block--paragraph\">\n      <div class=\"inner inner--small\">\n      \n<p>Der blev i samme omgang opfordret til, at de fremm\u00f8dte erhvervsledere \u2013 og danske virksomheder generelt \u2013 kontakter FES og byder ind p\u00e5 projekter. For projekter er der nok af efter det nye forsvarsforlig blev indg\u00e5et, forklarede M\u00e6rkedahl, inden han b\u00e5de kom ind p\u00e5 kantinedrift, forholdene for v\u00e6rnepligtige og generelt renoveringsarbejde.<\/p>\n\n      <\/div>\n  <\/div>\n<div class=\"block core-block core-block--paragraph\">\n      <div class=\"inner inner--small\">\n      \n<p>Dagen blev rundet af ved sekretariatschef for InterForce Finn Winkler, inden en middag ventede. Her var der rig mulighed for at netv\u00e6rke og dr\u00f8fte diverse emner mellem erhvervslederne og repr\u00e6sentanterne fra Forsvaret, som tilsammen udg\u00f8r en vigtig del af InterForces og VL\u2019s f\u00e6lles m\u00f8der.<\/p>\n\n      <\/div>\n  <\/div>","protected":false},"excerpt":{"rendered":"Der var fulde huse, da VL og InterForce afholdt arrangement p\u00e5 Aalborg Kaserner...","protected":false},"author":111,"featured_media":15568,"comment_status":"closed","ping_status":"closed","sticky":false,"template":"","format":"standard","meta":{"_acf_changed":false,"footnotes":""},"categories":[13],"tags":[51],"class_list":["post-15560","post","type-post","status-publish","format-standard","has-post-thumbnail","hentry","category-events","tag-tag-nordjylland"],"acf":[],"yoast_head":"<!-- This site is optimized with the Yoast SEO plugin v27.3 - https:\/\/yoast.com\/product\/yoast-seo-wordpress\/ -->\n<title>Sammen om et st\u00e6rkere Danmark - InterForce<\/title>\n<meta name=\"description\" content=\"Der var fulde huse, da VL og InterForce afholdt arrangement p\u00e5 Aalborg Kaserner d. 9. april om Forsvaret og det private erhvervsliv.\" \/>\n<meta name=\"robots\" content=\"index, follow, max-snippet:-1, max-image-preview:large, max-video-preview:-1\" \/>\n<link rel=\"canonical\" href=\"https:\/\/www.interforce.dk\/en\/sammen-om-et-staerkere-danmark\/\" \/>\n<meta property=\"og:locale\" content=\"en_GB\" \/>\n<meta property=\"og:type\" content=\"article\" \/>\n<meta property=\"og:title\" content=\"Sammen om et st\u00e6rkere Danmark - InterForce\" \/>\n<meta property=\"og:description\" content=\"Der var fulde huse, da VL og InterForce afholdt arrangement p\u00e5 Aalborg Kaserner d. 9. april om Forsvaret og det private erhvervsliv.\" \/>\n<meta property=\"og:url\" content=\"https:\/\/www.interforce.dk\/en\/sammen-om-et-staerkere-danmark\/\" \/>\n<meta property=\"og:site_name\" content=\"InterForce\" \/>\n<meta property=\"article:published_time\" content=\"2024-04-12T18:56:40+00:00\" \/>\n<meta property=\"og:image\" content=\"https:\/\/www.interforce.dk\/app\/uploads\/2024\/04\/VL-Interforce-arrangement-pa-Aalborg-Kaserner-VIII.jpg\" \/>\n\t<meta property=\"og:image:width\" content=\"2362\" \/>\n\t<meta property=\"og:image:height\" content=\"1571\" \/>\n\t<meta property=\"og:image:type\" content=\"image\/jpeg\" \/>\n<meta name=\"author\" content=\"Simon Staffeldt Schou\" \/>\n<meta name=\"twitter:card\" content=\"summary_large_image\" \/>\n<meta name=\"twitter:label1\" content=\"Written by\" \/>\n\t<meta name=\"twitter:data1\" content=\"Simon Staffeldt Schou\" \/>\n\t<meta name=\"twitter:label2\" content=\"Est. reading time\" \/>\n\t<meta name=\"twitter:data2\" content=\"6 minutes\" \/>\n<script type=\"application\/ld+json\" class=\"yoast-schema-graph\">{\"@context\":\"https:\\\/\\\/schema.org\",\"@graph\":[{\"@type\":\"Article\",\"@id\":\"https:\\\/\\\/www.interforce.dk\\\/sammen-om-et-staerkere-danmark\\\/#article\",\"isPartOf\":{\"@id\":\"https:\\\/\\\/www.interforce.dk\\\/sammen-om-et-staerkere-danmark\\\/\"},\"author\":{\"name\":\"Simon Staffeldt Schou\",\"@id\":\"https:\\\/\\\/www.interforce.dk\\\/#\\\/schema\\\/person\\\/3604a2bb29e48048ea484fbfb3703fad\"},\"headline\":\"Sammen om et st\u00e6rkere Danmark\",\"datePublished\":\"2024-04-12T18:56:40+00:00\",\"mainEntityOfPage\":{\"@id\":\"https:\\\/\\\/www.interforce.dk\\\/sammen-om-et-staerkere-danmark\\\/\"},\"wordCount\":1189,\"image\":{\"@id\":\"https:\\\/\\\/www.interforce.dk\\\/sammen-om-et-staerkere-danmark\\\/#primaryimage\"},\"thumbnailUrl\":\"https:\\\/\\\/www.interforce.dk\\\/app\\\/uploads\\\/2024\\\/04\\\/VL-Interforce-arrangement-pa-Aalborg-Kaserner-VIII.jpg\",\"keywords\":[\"Tag:Nordjylland\"],\"articleSection\":[\"Arrangementsomtale\"],\"inLanguage\":\"en-GB\"},{\"@type\":\"WebPage\",\"@id\":\"https:\\\/\\\/www.interforce.dk\\\/sammen-om-et-staerkere-danmark\\\/\",\"url\":\"https:\\\/\\\/www.interforce.dk\\\/sammen-om-et-staerkere-danmark\\\/\",\"name\":\"Sammen om et st\u00e6rkere Danmark - InterForce\",\"isPartOf\":{\"@id\":\"https:\\\/\\\/www.interforce.dk\\\/#website\"},\"primaryImageOfPage\":{\"@id\":\"https:\\\/\\\/www.interforce.dk\\\/sammen-om-et-staerkere-danmark\\\/#primaryimage\"},\"image\":{\"@id\":\"https:\\\/\\\/www.interforce.dk\\\/sammen-om-et-staerkere-danmark\\\/#primaryimage\"},\"thumbnailUrl\":\"https:\\\/\\\/www.interforce.dk\\\/app\\\/uploads\\\/2024\\\/04\\\/VL-Interforce-arrangement-pa-Aalborg-Kaserner-VIII.jpg\",\"datePublished\":\"2024-04-12T18:56:40+00:00\",\"author\":{\"@id\":\"https:\\\/\\\/www.interforce.dk\\\/#\\\/schema\\\/person\\\/3604a2bb29e48048ea484fbfb3703fad\"},\"description\":\"Der var fulde huse, da VL og InterForce afholdt arrangement p\u00e5 Aalborg Kaserner d. 9. april om Forsvaret og det private erhvervsliv.\",\"breadcrumb\":{\"@id\":\"https:\\\/\\\/www.interforce.dk\\\/sammen-om-et-staerkere-danmark\\\/#breadcrumb\"},\"inLanguage\":\"en-GB\",\"potentialAction\":[{\"@type\":\"ReadAction\",\"target\":[\"https:\\\/\\\/www.interforce.dk\\\/sammen-om-et-staerkere-danmark\\\/\"]}]},{\"@type\":\"ImageObject\",\"inLanguage\":\"en-GB\",\"@id\":\"https:\\\/\\\/www.interforce.dk\\\/sammen-om-et-staerkere-danmark\\\/#primaryimage\",\"url\":\"https:\\\/\\\/www.interforce.dk\\\/app\\\/uploads\\\/2024\\\/04\\\/VL-Interforce-arrangement-pa-Aalborg-Kaserner-VIII.jpg\",\"contentUrl\":\"https:\\\/\\\/www.interforce.dk\\\/app\\\/uploads\\\/2024\\\/04\\\/VL-Interforce-arrangement-pa-Aalborg-Kaserner-VIII.jpg\",\"width\":2362,\"height\":1571,\"caption\":\"VL\\\/InterForce-arrangement i Aalborg\"},{\"@type\":\"BreadcrumbList\",\"@id\":\"https:\\\/\\\/www.interforce.dk\\\/sammen-om-et-staerkere-danmark\\\/#breadcrumb\",\"itemListElement\":[{\"@type\":\"ListItem\",\"position\":1,\"name\":\"Hjem\",\"item\":\"https:\\\/\\\/www.interforce.dk\\\/\"},{\"@type\":\"ListItem\",\"position\":2,\"name\":\"Sammen om et st\u00e6rkere Danmark\"}]},{\"@type\":\"WebSite\",\"@id\":\"https:\\\/\\\/www.interforce.dk\\\/#website\",\"url\":\"https:\\\/\\\/www.interforce.dk\\\/\",\"name\":\"InterForce\",\"description\":\"\",\"potentialAction\":[{\"@type\":\"SearchAction\",\"target\":{\"@type\":\"EntryPoint\",\"urlTemplate\":\"https:\\\/\\\/www.interforce.dk\\\/?s={search_term_string}\"},\"query-input\":{\"@type\":\"PropertyValueSpecification\",\"valueRequired\":true,\"valueName\":\"search_term_string\"}}],\"inLanguage\":\"en-GB\"},{\"@type\":\"Person\",\"@id\":\"https:\\\/\\\/www.interforce.dk\\\/#\\\/schema\\\/person\\\/3604a2bb29e48048ea484fbfb3703fad\",\"name\":\"Simon Staffeldt Schou\",\"image\":{\"@type\":\"ImageObject\",\"inLanguage\":\"en-GB\",\"@id\":\"https:\\\/\\\/secure.gravatar.com\\\/avatar\\\/1ff3b89414668243258c5ed26b84872c273dcdf7fe7ee0c553a52e1b4c2002fd?s=96&d=mm&r=g\",\"url\":\"https:\\\/\\\/secure.gravatar.com\\\/avatar\\\/1ff3b89414668243258c5ed26b84872c273dcdf7fe7ee0c553a52e1b4c2002fd?s=96&d=mm&r=g\",\"contentUrl\":\"https:\\\/\\\/secure.gravatar.com\\\/avatar\\\/1ff3b89414668243258c5ed26b84872c273dcdf7fe7ee0c553a52e1b4c2002fd?s=96&d=mm&r=g\",\"caption\":\"Simon Staffeldt Schou\"},\"url\":\"https:\\\/\\\/www.interforce.dk\\\/en\\\/author\\\/simon\\\/\"}]}<\/script>\n<!-- \/ Yoast SEO plugin. -->","yoast_head_json":{"title":"Sammen om et st\u00e6rkere Danmark - InterForce","description":"Der var fulde huse, da VL og InterForce afholdt arrangement p\u00e5 Aalborg Kaserner d. 9. april om Forsvaret og det private erhvervsliv.","robots":{"index":"index","follow":"follow","max-snippet":"max-snippet:-1","max-image-preview":"max-image-preview:large","max-video-preview":"max-video-preview:-1"},"canonical":"https:\/\/www.interforce.dk\/en\/sammen-om-et-staerkere-danmark\/","og_locale":"en_GB","og_type":"article","og_title":"Sammen om et st\u00e6rkere Danmark - InterForce","og_description":"Der var fulde huse, da VL og InterForce afholdt arrangement p\u00e5 Aalborg Kaserner d. 9. april om Forsvaret og det private erhvervsliv.","og_url":"https:\/\/www.interforce.dk\/en\/sammen-om-et-staerkere-danmark\/","og_site_name":"InterForce","article_published_time":"2024-04-12T18:56:40+00:00","og_image":[{"width":2362,"height":1571,"url":"https:\/\/www.interforce.dk\/app\/uploads\/2024\/04\/VL-Interforce-arrangement-pa-Aalborg-Kaserner-VIII.jpg","type":"image\/jpeg"}],"author":"Simon Staffeldt Schou","twitter_card":"summary_large_image","twitter_misc":{"Written by":"Simon Staffeldt Schou","Est. reading time":"6 minutes"},"schema":{"@context":"https:\/\/schema.org","@graph":[{"@type":"Article","@id":"https:\/\/www.interforce.dk\/sammen-om-et-staerkere-danmark\/#article","isPartOf":{"@id":"https:\/\/www.interforce.dk\/sammen-om-et-staerkere-danmark\/"},"author":{"name":"Simon Staffeldt Schou","@id":"https:\/\/www.interforce.dk\/#\/schema\/person\/3604a2bb29e48048ea484fbfb3703fad"},"headline":"Sammen om et st\u00e6rkere Danmark","datePublished":"2024-04-12T18:56:40+00:00","mainEntityOfPage":{"@id":"https:\/\/www.interforce.dk\/sammen-om-et-staerkere-danmark\/"},"wordCount":1189,"image":{"@id":"https:\/\/www.interforce.dk\/sammen-om-et-staerkere-danmark\/#primaryimage"},"thumbnailUrl":"https:\/\/www.interforce.dk\/app\/uploads\/2024\/04\/VL-Interforce-arrangement-pa-Aalborg-Kaserner-VIII.jpg","keywords":["Tag:Nordjylland"],"articleSection":["Arrangementsomtale"],"inLanguage":"en-GB"},{"@type":"WebPage","@id":"https:\/\/www.interforce.dk\/sammen-om-et-staerkere-danmark\/","url":"https:\/\/www.interforce.dk\/sammen-om-et-staerkere-danmark\/","name":"Sammen om et st\u00e6rkere Danmark - InterForce","isPartOf":{"@id":"https:\/\/www.interforce.dk\/#website"},"primaryImageOfPage":{"@id":"https:\/\/www.interforce.dk\/sammen-om-et-staerkere-danmark\/#primaryimage"},"image":{"@id":"https:\/\/www.interforce.dk\/sammen-om-et-staerkere-danmark\/#primaryimage"},"thumbnailUrl":"https:\/\/www.interforce.dk\/app\/uploads\/2024\/04\/VL-Interforce-arrangement-pa-Aalborg-Kaserner-VIII.jpg","datePublished":"2024-04-12T18:56:40+00:00","author":{"@id":"https:\/\/www.interforce.dk\/#\/schema\/person\/3604a2bb29e48048ea484fbfb3703fad"},"description":"Der var fulde huse, da VL og InterForce afholdt arrangement p\u00e5 Aalborg Kaserner d. 9. april om Forsvaret og det private erhvervsliv.","breadcrumb":{"@id":"https:\/\/www.interforce.dk\/sammen-om-et-staerkere-danmark\/#breadcrumb"},"inLanguage":"en-GB","potentialAction":[{"@type":"ReadAction","target":["https:\/\/www.interforce.dk\/sammen-om-et-staerkere-danmark\/"]}]},{"@type":"ImageObject","inLanguage":"en-GB","@id":"https:\/\/www.interforce.dk\/sammen-om-et-staerkere-danmark\/#primaryimage","url":"https:\/\/www.interforce.dk\/app\/uploads\/2024\/04\/VL-Interforce-arrangement-pa-Aalborg-Kaserner-VIII.jpg","contentUrl":"https:\/\/www.interforce.dk\/app\/uploads\/2024\/04\/VL-Interforce-arrangement-pa-Aalborg-Kaserner-VIII.jpg","width":2362,"height":1571,"caption":"VL\/InterForce-arrangement i Aalborg"},{"@type":"BreadcrumbList","@id":"https:\/\/www.interforce.dk\/sammen-om-et-staerkere-danmark\/#breadcrumb","itemListElement":[{"@type":"ListItem","position":1,"name":"Hjem","item":"https:\/\/www.interforce.dk\/"},{"@type":"ListItem","position":2,"name":"Sammen om et st\u00e6rkere Danmark"}]},{"@type":"WebSite","@id":"https:\/\/www.interforce.dk\/#website","url":"https:\/\/www.interforce.dk\/","name":"InterForce","description":"","potentialAction":[{"@type":"SearchAction","target":{"@type":"EntryPoint","urlTemplate":"https:\/\/www.interforce.dk\/?s={search_term_string}"},"query-input":{"@type":"PropertyValueSpecification","valueRequired":true,"valueName":"search_term_string"}}],"inLanguage":"en-GB"},{"@type":"Person","@id":"https:\/\/www.interforce.dk\/#\/schema\/person\/3604a2bb29e48048ea484fbfb3703fad","name":"Simon Staffeldt Schou","image":{"@type":"ImageObject","inLanguage":"en-GB","@id":"https:\/\/secure.gravatar.com\/avatar\/1ff3b89414668243258c5ed26b84872c273dcdf7fe7ee0c553a52e1b4c2002fd?s=96&d=mm&r=g","url":"https:\/\/secure.gravatar.com\/avatar\/1ff3b89414668243258c5ed26b84872c273dcdf7fe7ee0c553a52e1b4c2002fd?s=96&d=mm&r=g","contentUrl":"https:\/\/secure.gravatar.com\/avatar\/1ff3b89414668243258c5ed26b84872c273dcdf7fe7ee0c553a52e1b4c2002fd?s=96&d=mm&r=g","caption":"Simon Staffeldt Schou"},"url":"https:\/\/www.interforce.dk\/en\/author\/simon\/"}]}},"_links":{"self":[{"href":"https:\/\/www.interforce.dk\/en\/wp-json\/wp\/v2\/posts\/15560","targetHints":{"allow":["GET"]}}],"collection":[{"href":"https:\/\/www.interforce.dk\/en\/wp-json\/wp\/v2\/posts"}],"about":[{"href":"https:\/\/www.interforce.dk\/en\/wp-json\/wp\/v2\/types\/post"}],"author":[{"embeddable":true,"href":"https:\/\/www.interforce.dk\/en\/wp-json\/wp\/v2\/users\/111"}],"replies":[{"embeddable":true,"href":"https:\/\/www.interforce.dk\/en\/wp-json\/wp\/v2\/comments?post=15560"}],"version-history":[{"count":1,"href":"https:\/\/www.interforce.dk\/en\/wp-json\/wp\/v2\/posts\/15560\/revisions"}],"predecessor-version":[{"id":15570,"href":"https:\/\/www.interforce.dk\/en\/wp-json\/wp\/v2\/posts\/15560\/revisions\/15570"}],"wp:featuredmedia":[{"embeddable":true,"href":"https:\/\/www.interforce.dk\/en\/wp-json\/wp\/v2\/media\/15568"}],"wp:attachment":[{"href":"https:\/\/www.interforce.dk\/en\/wp-json\/wp\/v2\/media?parent=15560"}],"wp:term":[{"taxonomy":"category","embeddable":true,"href":"https:\/\/www.interforce.dk\/en\/wp-json\/wp\/v2\/categories?post=15560"},{"taxonomy":"post_tag","embeddable":true,"href":"https:\/\/www.interforce.dk\/en\/wp-json\/wp\/v2\/tags?post=15560"}],"curies":[{"name":"wp","href":"https:\/\/api.w.org\/{rel}","templated":true}]}}