{"id":15399,"date":"2024-03-08T11:29:58","date_gmt":"2024-03-08T11:29:58","guid":{"rendered":"https:\/\/www.interforce.dk\/?p=15399"},"modified":"2024-03-08T11:30:52","modified_gmt":"2024-03-08T11:30:52","slug":"hvilke-muligheder-giver-det-nye-forsvarsforlig-danske-virksomheder","status":"publish","type":"post","link":"https:\/\/www.interforce.dk\/en\/hvilke-muligheder-giver-det-nye-forsvarsforlig-danske-virksomheder\/","title":{"rendered":"Hvilke muligheder giver det nye forsvarsforlig danske virksomheder?"},"content":{"rendered":"<div class=\"block core-block core-block--image\">\n      <div class=\"inner inner--small\">\n      \n<figure class=\"wp-block-image size-large\"><img loading=\"lazy\" decoding=\"async\" width=\"1024\" height=\"366\" src=\"https:\/\/www.interforce.dk\/app\/uploads\/2024\/03\/Unavngivet-1024x366.jpg\" alt=\"\" class=\"wp-image-15401\" srcset=\"https:\/\/www.interforce.dk\/app\/uploads\/2024\/03\/Unavngivet-1024x366.jpg 1024w, https:\/\/www.interforce.dk\/app\/uploads\/2024\/03\/Unavngivet-300x107.jpg 300w, https:\/\/www.interforce.dk\/app\/uploads\/2024\/03\/Unavngivet-768x274.jpg 768w, https:\/\/www.interforce.dk\/app\/uploads\/2024\/03\/Unavngivet-1536x549.jpg 1536w, https:\/\/www.interforce.dk\/app\/uploads\/2024\/03\/Unavngivet-18x6.jpg 18w, https:\/\/www.interforce.dk\/app\/uploads\/2024\/03\/Unavngivet.jpg 1722w\" sizes=\"auto, (max-width: 1024px) 100vw, 1024px\" \/><\/figure>\n\n      <\/div>\n  <\/div>\n<div class=\"block core-block core-block--paragraph\">\n      <div class=\"inner inner--small\">\n      \n<p>Det er i fokus, n\u00e5r InterForce sammen med VL &#8211; Dansk Selskab for Virksomhedsledelse inviterer til et sp\u00e6ndende arrangement med civile og milit\u00e6re topledere.<\/p>\n\n      <\/div>\n  <\/div>\n<div class=\"block core-block core-block--paragraph\">\n      <div class=\"inner inner--small\">\n      \n<p>Blandt indl\u00e6gsholderne er forsvarschef Flemming Lentfer og generall\u00f8jtnant (pens.) Michael Lollesgaard, der midt i NATOs st\u00f8rste milit\u00e6r\u00f8velse siden Den kolde krig vil fort\u00e6lle om det danske forsvarsforlig og om NATOs forsvarsplanl\u00e6gning.<\/p>\n\n      <\/div>\n  <\/div>\n<div class=\"block core-block core-block--paragraph\">\n      <div class=\"inner inner--small\">\n      \n<p>Arrangementet finder sted<\/p>\n\n      <\/div>\n  <\/div>\n<div class=\"block core-block core-block--paragraph\">\n      <div class=\"inner inner--small\">\n      \n<p><strong>Tirsdag d. 9. april kl. 16:00-20:30 p\u00e5 Tr\u00e6nregimentets kaserne i Aalborg<\/strong><\/p>\n\n      <\/div>\n  <\/div>\n<div class=\"block core-block core-block--paragraph\">\n      <div class=\"inner inner--small\">\n      \n<p>L\u00e6s mere om arrangementet, og tilmeld dig ved at <a href=\"https:\/\/vl.dk\/event\/vl-og-interforce-i-nordjylland\/\" target=\"_blank\" rel=\"noreferrer noopener\">clicking here<\/a>.<\/p>\n\n      <\/div>\n  <\/div>","protected":false},"excerpt":{"rendered":"Kom til InterForce \/ VL-arrangement d. 9. april...","protected":false},"author":111,"featured_media":15400,"comment_status":"closed","ping_status":"closed","sticky":false,"template":"","format":"standard","meta":{"_acf_changed":false,"footnotes":""},"categories":[12],"tags":[97,51],"class_list":["post-15399","post","type-post","status-publish","format-standard","has-post-thumbnail","hentry","category-nyt-om-if","tag-interforce","tag-tag-nordjylland"],"acf":[],"yoast_head":"<!-- This site is optimized with the Yoast SEO plugin v27.3 - https:\/\/yoast.com\/product\/yoast-seo-wordpress\/ -->\n<title>Hvilke muligheder giver det nye forsvarsforlig danske virksomheder? - InterForce<\/title>\n<meta name=\"description\" content=\"Kom til InterForce \/ VL-arrangement d. 9. april p\u00e5 Tr\u00e6nregimentets kaserne i Aalborg med civile og milit\u00e6re topledere.\" \/>\n<meta name=\"robots\" content=\"index, follow, max-snippet:-1, max-image-preview:large, max-video-preview:-1\" \/>\n<link rel=\"canonical\" href=\"https:\/\/www.interforce.dk\/en\/hvilke-muligheder-giver-det-nye-forsvarsforlig-danske-virksomheder\/\" \/>\n<meta property=\"og:locale\" content=\"en_GB\" \/>\n<meta property=\"og:type\" content=\"article\" \/>\n<meta property=\"og:title\" content=\"Hvilke muligheder giver det nye forsvarsforlig danske virksomheder? - InterForce\" \/>\n<meta property=\"og:description\" content=\"Kom til InterForce \/ VL-arrangement d. 9. april p\u00e5 Tr\u00e6nregimentets kaserne i Aalborg med civile og milit\u00e6re topledere.\" \/>\n<meta property=\"og:url\" content=\"https:\/\/www.interforce.dk\/en\/hvilke-muligheder-giver-det-nye-forsvarsforlig-danske-virksomheder\/\" \/>\n<meta property=\"og:site_name\" content=\"InterForce\" \/>\n<meta property=\"article:published_time\" content=\"2024-03-08T11:29:58+00:00\" \/>\n<meta property=\"article:modified_time\" content=\"2024-03-08T11:30:52+00:00\" \/>\n<meta property=\"og:image\" content=\"https:\/\/www.interforce.dk\/app\/uploads\/2024\/03\/image001-scaled.jpg\" \/>\n\t<meta property=\"og:image:width\" content=\"2560\" \/>\n\t<meta property=\"og:image:height\" content=\"1705\" \/>\n\t<meta property=\"og:image:type\" content=\"image\/jpeg\" \/>\n<meta name=\"author\" content=\"Simon Staffeldt Schou\" \/>\n<meta name=\"twitter:card\" content=\"summary_large_image\" \/>\n<meta name=\"twitter:label1\" content=\"Written by\" \/>\n\t<meta name=\"twitter:data1\" content=\"Simon Staffeldt Schou\" \/>\n<script type=\"application\/ld+json\" class=\"yoast-schema-graph\">{\"@context\":\"https:\\\/\\\/schema.org\",\"@graph\":[{\"@type\":\"Article\",\"@id\":\"https:\\\/\\\/www.interforce.dk\\\/hvilke-muligheder-giver-det-nye-forsvarsforlig-danske-virksomheder\\\/#article\",\"isPartOf\":{\"@id\":\"https:\\\/\\\/www.interforce.dk\\\/hvilke-muligheder-giver-det-nye-forsvarsforlig-danske-virksomheder\\\/\"},\"author\":{\"name\":\"Simon Staffeldt Schou\",\"@id\":\"https:\\\/\\\/www.interforce.dk\\\/#\\\/schema\\\/person\\\/3604a2bb29e48048ea484fbfb3703fad\"},\"headline\":\"Hvilke muligheder giver det nye forsvarsforlig danske virksomheder?\",\"datePublished\":\"2024-03-08T11:29:58+00:00\",\"dateModified\":\"2024-03-08T11:30:52+00:00\",\"mainEntityOfPage\":{\"@id\":\"https:\\\/\\\/www.interforce.dk\\\/hvilke-muligheder-giver-det-nye-forsvarsforlig-danske-virksomheder\\\/\"},\"wordCount\":99,\"image\":{\"@id\":\"https:\\\/\\\/www.interforce.dk\\\/hvilke-muligheder-giver-det-nye-forsvarsforlig-danske-virksomheder\\\/#primaryimage\"},\"thumbnailUrl\":\"https:\\\/\\\/www.interforce.dk\\\/app\\\/uploads\\\/2024\\\/03\\\/image001-scaled.jpg\",\"keywords\":[\"InterForce\",\"Tag:Nordjylland\"],\"articleSection\":[\"Nyheder om InterForce\"],\"inLanguage\":\"en-GB\"},{\"@type\":\"WebPage\",\"@id\":\"https:\\\/\\\/www.interforce.dk\\\/hvilke-muligheder-giver-det-nye-forsvarsforlig-danske-virksomheder\\\/\",\"url\":\"https:\\\/\\\/www.interforce.dk\\\/hvilke-muligheder-giver-det-nye-forsvarsforlig-danske-virksomheder\\\/\",\"name\":\"Hvilke muligheder giver det nye forsvarsforlig danske virksomheder? - InterForce\",\"isPartOf\":{\"@id\":\"https:\\\/\\\/www.interforce.dk\\\/#website\"},\"primaryImageOfPage\":{\"@id\":\"https:\\\/\\\/www.interforce.dk\\\/hvilke-muligheder-giver-det-nye-forsvarsforlig-danske-virksomheder\\\/#primaryimage\"},\"image\":{\"@id\":\"https:\\\/\\\/www.interforce.dk\\\/hvilke-muligheder-giver-det-nye-forsvarsforlig-danske-virksomheder\\\/#primaryimage\"},\"thumbnailUrl\":\"https:\\\/\\\/www.interforce.dk\\\/app\\\/uploads\\\/2024\\\/03\\\/image001-scaled.jpg\",\"datePublished\":\"2024-03-08T11:29:58+00:00\",\"dateModified\":\"2024-03-08T11:30:52+00:00\",\"author\":{\"@id\":\"https:\\\/\\\/www.interforce.dk\\\/#\\\/schema\\\/person\\\/3604a2bb29e48048ea484fbfb3703fad\"},\"description\":\"Kom til InterForce \\\/ VL-arrangement d. 9. april p\u00e5 Tr\u00e6nregimentets kaserne i Aalborg med civile og milit\u00e6re topledere.\",\"breadcrumb\":{\"@id\":\"https:\\\/\\\/www.interforce.dk\\\/hvilke-muligheder-giver-det-nye-forsvarsforlig-danske-virksomheder\\\/#breadcrumb\"},\"inLanguage\":\"en-GB\",\"potentialAction\":[{\"@type\":\"ReadAction\",\"target\":[\"https:\\\/\\\/www.interforce.dk\\\/hvilke-muligheder-giver-det-nye-forsvarsforlig-danske-virksomheder\\\/\"]}]},{\"@type\":\"ImageObject\",\"inLanguage\":\"en-GB\",\"@id\":\"https:\\\/\\\/www.interforce.dk\\\/hvilke-muligheder-giver-det-nye-forsvarsforlig-danske-virksomheder\\\/#primaryimage\",\"url\":\"https:\\\/\\\/www.interforce.dk\\\/app\\\/uploads\\\/2024\\\/03\\\/image001-scaled.jpg\",\"contentUrl\":\"https:\\\/\\\/www.interforce.dk\\\/app\\\/uploads\\\/2024\\\/03\\\/image001-scaled.jpg\",\"width\":2560,\"height\":1705},{\"@type\":\"BreadcrumbList\",\"@id\":\"https:\\\/\\\/www.interforce.dk\\\/hvilke-muligheder-giver-det-nye-forsvarsforlig-danske-virksomheder\\\/#breadcrumb\",\"itemListElement\":[{\"@type\":\"ListItem\",\"position\":1,\"name\":\"Hjem\",\"item\":\"https:\\\/\\\/www.interforce.dk\\\/\"},{\"@type\":\"ListItem\",\"position\":2,\"name\":\"Hvilke muligheder giver det nye forsvarsforlig danske virksomheder?\"}]},{\"@type\":\"WebSite\",\"@id\":\"https:\\\/\\\/www.interforce.dk\\\/#website\",\"url\":\"https:\\\/\\\/www.interforce.dk\\\/\",\"name\":\"InterForce\",\"description\":\"\",\"potentialAction\":[{\"@type\":\"SearchAction\",\"target\":{\"@type\":\"EntryPoint\",\"urlTemplate\":\"https:\\\/\\\/www.interforce.dk\\\/?s={search_term_string}\"},\"query-input\":{\"@type\":\"PropertyValueSpecification\",\"valueRequired\":true,\"valueName\":\"search_term_string\"}}],\"inLanguage\":\"en-GB\"},{\"@type\":\"Person\",\"@id\":\"https:\\\/\\\/www.interforce.dk\\\/#\\\/schema\\\/person\\\/3604a2bb29e48048ea484fbfb3703fad\",\"name\":\"Simon Staffeldt Schou\",\"image\":{\"@type\":\"ImageObject\",\"inLanguage\":\"en-GB\",\"@id\":\"https:\\\/\\\/secure.gravatar.com\\\/avatar\\\/1ff3b89414668243258c5ed26b84872c273dcdf7fe7ee0c553a52e1b4c2002fd?s=96&d=mm&r=g\",\"url\":\"https:\\\/\\\/secure.gravatar.com\\\/avatar\\\/1ff3b89414668243258c5ed26b84872c273dcdf7fe7ee0c553a52e1b4c2002fd?s=96&d=mm&r=g\",\"contentUrl\":\"https:\\\/\\\/secure.gravatar.com\\\/avatar\\\/1ff3b89414668243258c5ed26b84872c273dcdf7fe7ee0c553a52e1b4c2002fd?s=96&d=mm&r=g\",\"caption\":\"Simon Staffeldt Schou\"},\"url\":\"https:\\\/\\\/www.interforce.dk\\\/en\\\/author\\\/simon\\\/\"}]}<\/script>\n<!-- \/ Yoast SEO plugin. -->","yoast_head_json":{"title":"Hvilke muligheder giver det nye forsvarsforlig danske virksomheder? - InterForce","description":"Kom til InterForce \/ VL-arrangement d. 9. april p\u00e5 Tr\u00e6nregimentets kaserne i Aalborg med civile og milit\u00e6re topledere.","robots":{"index":"index","follow":"follow","max-snippet":"max-snippet:-1","max-image-preview":"max-image-preview:large","max-video-preview":"max-video-preview:-1"},"canonical":"https:\/\/www.interforce.dk\/en\/hvilke-muligheder-giver-det-nye-forsvarsforlig-danske-virksomheder\/","og_locale":"en_GB","og_type":"article","og_title":"Hvilke muligheder giver det nye forsvarsforlig danske virksomheder? - InterForce","og_description":"Kom til InterForce \/ VL-arrangement d. 9. april p\u00e5 Tr\u00e6nregimentets kaserne i Aalborg med civile og milit\u00e6re topledere.","og_url":"https:\/\/www.interforce.dk\/en\/hvilke-muligheder-giver-det-nye-forsvarsforlig-danske-virksomheder\/","og_site_name":"InterForce","article_published_time":"2024-03-08T11:29:58+00:00","article_modified_time":"2024-03-08T11:30:52+00:00","og_image":[{"width":2560,"height":1705,"url":"https:\/\/www.interforce.dk\/app\/uploads\/2024\/03\/image001-scaled.jpg","type":"image\/jpeg"}],"author":"Simon Staffeldt Schou","twitter_card":"summary_large_image","twitter_misc":{"Written by":"Simon Staffeldt Schou"},"schema":{"@context":"https:\/\/schema.org","@graph":[{"@type":"Article","@id":"https:\/\/www.interforce.dk\/hvilke-muligheder-giver-det-nye-forsvarsforlig-danske-virksomheder\/#article","isPartOf":{"@id":"https:\/\/www.interforce.dk\/hvilke-muligheder-giver-det-nye-forsvarsforlig-danske-virksomheder\/"},"author":{"name":"Simon Staffeldt Schou","@id":"https:\/\/www.interforce.dk\/#\/schema\/person\/3604a2bb29e48048ea484fbfb3703fad"},"headline":"Hvilke muligheder giver det nye forsvarsforlig danske virksomheder?","datePublished":"2024-03-08T11:29:58+00:00","dateModified":"2024-03-08T11:30:52+00:00","mainEntityOfPage":{"@id":"https:\/\/www.interforce.dk\/hvilke-muligheder-giver-det-nye-forsvarsforlig-danske-virksomheder\/"},"wordCount":99,"image":{"@id":"https:\/\/www.interforce.dk\/hvilke-muligheder-giver-det-nye-forsvarsforlig-danske-virksomheder\/#primaryimage"},"thumbnailUrl":"https:\/\/www.interforce.dk\/app\/uploads\/2024\/03\/image001-scaled.jpg","keywords":["InterForce","Tag:Nordjylland"],"articleSection":["Nyheder om InterForce"],"inLanguage":"en-GB"},{"@type":"WebPage","@id":"https:\/\/www.interforce.dk\/hvilke-muligheder-giver-det-nye-forsvarsforlig-danske-virksomheder\/","url":"https:\/\/www.interforce.dk\/hvilke-muligheder-giver-det-nye-forsvarsforlig-danske-virksomheder\/","name":"Hvilke muligheder giver det nye forsvarsforlig danske virksomheder? - InterForce","isPartOf":{"@id":"https:\/\/www.interforce.dk\/#website"},"primaryImageOfPage":{"@id":"https:\/\/www.interforce.dk\/hvilke-muligheder-giver-det-nye-forsvarsforlig-danske-virksomheder\/#primaryimage"},"image":{"@id":"https:\/\/www.interforce.dk\/hvilke-muligheder-giver-det-nye-forsvarsforlig-danske-virksomheder\/#primaryimage"},"thumbnailUrl":"https:\/\/www.interforce.dk\/app\/uploads\/2024\/03\/image001-scaled.jpg","datePublished":"2024-03-08T11:29:58+00:00","dateModified":"2024-03-08T11:30:52+00:00","author":{"@id":"https:\/\/www.interforce.dk\/#\/schema\/person\/3604a2bb29e48048ea484fbfb3703fad"},"description":"Kom til InterForce \/ VL-arrangement d. 9. april p\u00e5 Tr\u00e6nregimentets kaserne i Aalborg med civile og milit\u00e6re topledere.","breadcrumb":{"@id":"https:\/\/www.interforce.dk\/hvilke-muligheder-giver-det-nye-forsvarsforlig-danske-virksomheder\/#breadcrumb"},"inLanguage":"en-GB","potentialAction":[{"@type":"ReadAction","target":["https:\/\/www.interforce.dk\/hvilke-muligheder-giver-det-nye-forsvarsforlig-danske-virksomheder\/"]}]},{"@type":"ImageObject","inLanguage":"en-GB","@id":"https:\/\/www.interforce.dk\/hvilke-muligheder-giver-det-nye-forsvarsforlig-danske-virksomheder\/#primaryimage","url":"https:\/\/www.interforce.dk\/app\/uploads\/2024\/03\/image001-scaled.jpg","contentUrl":"https:\/\/www.interforce.dk\/app\/uploads\/2024\/03\/image001-scaled.jpg","width":2560,"height":1705},{"@type":"BreadcrumbList","@id":"https:\/\/www.interforce.dk\/hvilke-muligheder-giver-det-nye-forsvarsforlig-danske-virksomheder\/#breadcrumb","itemListElement":[{"@type":"ListItem","position":1,"name":"Hjem","item":"https:\/\/www.interforce.dk\/"},{"@type":"ListItem","position":2,"name":"Hvilke muligheder giver det nye forsvarsforlig danske virksomheder?"}]},{"@type":"WebSite","@id":"https:\/\/www.interforce.dk\/#website","url":"https:\/\/www.interforce.dk\/","name":"InterForce","description":"","potentialAction":[{"@type":"SearchAction","target":{"@type":"EntryPoint","urlTemplate":"https:\/\/www.interforce.dk\/?s={search_term_string}"},"query-input":{"@type":"PropertyValueSpecification","valueRequired":true,"valueName":"search_term_string"}}],"inLanguage":"en-GB"},{"@type":"Person","@id":"https:\/\/www.interforce.dk\/#\/schema\/person\/3604a2bb29e48048ea484fbfb3703fad","name":"Simon Staffeldt Schou","image":{"@type":"ImageObject","inLanguage":"en-GB","@id":"https:\/\/secure.gravatar.com\/avatar\/1ff3b89414668243258c5ed26b84872c273dcdf7fe7ee0c553a52e1b4c2002fd?s=96&d=mm&r=g","url":"https:\/\/secure.gravatar.com\/avatar\/1ff3b89414668243258c5ed26b84872c273dcdf7fe7ee0c553a52e1b4c2002fd?s=96&d=mm&r=g","contentUrl":"https:\/\/secure.gravatar.com\/avatar\/1ff3b89414668243258c5ed26b84872c273dcdf7fe7ee0c553a52e1b4c2002fd?s=96&d=mm&r=g","caption":"Simon Staffeldt Schou"},"url":"https:\/\/www.interforce.dk\/en\/author\/simon\/"}]}},"_links":{"self":[{"href":"https:\/\/www.interforce.dk\/en\/wp-json\/wp\/v2\/posts\/15399","targetHints":{"allow":["GET"]}}],"collection":[{"href":"https:\/\/www.interforce.dk\/en\/wp-json\/wp\/v2\/posts"}],"about":[{"href":"https:\/\/www.interforce.dk\/en\/wp-json\/wp\/v2\/types\/post"}],"author":[{"embeddable":true,"href":"https:\/\/www.interforce.dk\/en\/wp-json\/wp\/v2\/users\/111"}],"replies":[{"embeddable":true,"href":"https:\/\/www.interforce.dk\/en\/wp-json\/wp\/v2\/comments?post=15399"}],"version-history":[{"count":2,"href":"https:\/\/www.interforce.dk\/en\/wp-json\/wp\/v2\/posts\/15399\/revisions"}],"predecessor-version":[{"id":15403,"href":"https:\/\/www.interforce.dk\/en\/wp-json\/wp\/v2\/posts\/15399\/revisions\/15403"}],"wp:featuredmedia":[{"embeddable":true,"href":"https:\/\/www.interforce.dk\/en\/wp-json\/wp\/v2\/media\/15400"}],"wp:attachment":[{"href":"https:\/\/www.interforce.dk\/en\/wp-json\/wp\/v2\/media?parent=15399"}],"wp:term":[{"taxonomy":"category","embeddable":true,"href":"https:\/\/www.interforce.dk\/en\/wp-json\/wp\/v2\/categories?post=15399"},{"taxonomy":"post_tag","embeddable":true,"href":"https:\/\/www.interforce.dk\/en\/wp-json\/wp\/v2\/tags?post=15399"}],"curies":[{"name":"wp","href":"https:\/\/api.w.org\/{rel}","templated":true}]}}