{"id":15376,"date":"2024-03-05T11:23:27","date_gmt":"2024-03-05T11:23:27","guid":{"rendered":"https:\/\/www.interforce.dk\/?p=15376"},"modified":"2024-03-05T11:23:28","modified_gmt":"2024-03-05T11:23:28","slug":"skal-du-eller-din-virksomhed-deltage-i-action24","status":"publish","type":"post","link":"https:\/\/www.interforce.dk\/en\/skal-du-eller-din-virksomhed-deltage-i-action24\/","title":{"rendered":"Skal du eller din virksomhed deltage i ACTION24?"},"content":{"rendered":"<div class=\"block core-block core-block--image\">\n      <div class=\"inner inner--small\">\n      \n<figure class=\"wp-block-image size-full is-resized\"><img loading=\"lazy\" decoding=\"async\" src=\"https:\/\/www.interforce.dk\/app\/uploads\/2024\/03\/action24-sondag-original-4017-1.jpg\" alt=\"\" class=\"wp-image-15378\" style=\"width:842px;height:481px\" width=\"842\" height=\"481\" srcset=\"https:\/\/www.interforce.dk\/app\/uploads\/2024\/03\/action24-sondag-original-4017-1.jpg 525w, https:\/\/www.interforce.dk\/app\/uploads\/2024\/03\/action24-sondag-original-4017-1-300x171.jpg 300w, https:\/\/www.interforce.dk\/app\/uploads\/2024\/03\/action24-sondag-original-4017-1-18x10.jpg 18w\" sizes=\"auto, (max-width: 842px) 100vw, 842px\" \/><\/figure>\n\n      <\/div>\n  <\/div>\n<div class=\"block core-block core-block--paragraph\">\n      <div class=\"inner inner--small\">\n      \n<p>ACTION24 er \u00e5rets st\u00f8rste forsvarsmesse i Fredericia, som bliver afholdt af organisationen Folk og Sikkerhed. Det er en f\u00e6lles fejring af Danmarks medlemskab af NATO i 75 \u00e5r i t\u00e6t samarbejde med Forsvaret,\u00a0 Hjemmev\u00e6rnet, Beredskabet, Politiet samt forsvars- og rumindustrien.<\/p>\n\n      <\/div>\n  <\/div>\n<div class=\"block core-block core-block--paragraph\">\n      <div class=\"inner inner--small\">\n      \n<p>Messen vil give et indblik i, hvad Danmark har af eksisterende kapaciteter, s\u00e5vel indenfor som udenfor hegnet \u2013 og den vil ogs\u00e5 vise det, der er under udvikling. B\u00e5de inden for Forsvaret, det civile beredskab og de danske forsvars- og rumindustrivirksomheder og andre samfundskritiske sektorer m.m.<\/p>\n\n      <\/div>\n  <\/div>\n<div class=\"block core-block core-block--paragraph\">\n      <div class=\"inner inner--small\">\n      \n<p>MesseC i Fredericia vil blive fyldt med grej, gear, gadgets, mennesker, hunde, kampvogne, helikoptere, snescootere, faldsk\u00e6rme, og der vil v\u00e6re opvisninger med hunde, musikkorps, heste og meget mere. Udenfor kan man bl.a. opleve demonstrationer af robothunde, droner, kampvogne, faldteknik, r\u00f8g, brag og andet godt.<\/p>\n\n      <\/div>\n  <\/div>\n<div class=\"block core-block core-block--paragraph\">\n      <div class=\"inner inner--small\">\n      \n<p>Messen er \u00e5ben for b\u00e5de privatpersoner og virksomheder. Messestande for virksomheder og billetter for privatpersoner kan k\u00f8bes via Folk og Sikkerheds hjemmeside, som er linket herunder. P\u00e5 hjemmesiden kan du ogs\u00e5 finde mere praktisk information om messen.<\/p>\n\n      <\/div>\n  <\/div>\n<div class=\"block core-block core-block--paragraph\">\n      <div class=\"inner inner--small\">\n      \n<p>L\u00e6s mere p\u00e5 Folk og Sikkerheds hjemmeside: <a href=\"https:\/\/folkogsikkerhed.dk\/action24\/\">Action24 &#8211; Folk og Sikkerhed<\/a><\/p>\n\n      <\/div>\n  <\/div>","protected":false},"excerpt":{"rendered":"Action24 er en f\u00e6lles fejring af Danmarks medlemskab af NATO i 75 \u00e5r. Messen a...","protected":false},"author":122,"featured_media":15378,"comment_status":"closed","ping_status":"closed","sticky":false,"template":"","format":"standard","meta":{"_acf_changed":false,"footnotes":""},"categories":[12],"tags":[97],"class_list":["post-15376","post","type-post","status-publish","format-standard","has-post-thumbnail","hentry","category-nyt-om-if","tag-interforce"],"acf":[],"yoast_head":"<!-- This site is optimized with the Yoast SEO plugin v27.3 - https:\/\/yoast.com\/product\/yoast-seo-wordpress\/ -->\n<title>Skal du eller din virksomhed deltage i ACTION24? - InterForce<\/title>\n<meta name=\"description\" content=\"Action24 er en f\u00e6lles fejring af Danmarks medlemskab af NATO i 75 \u00e5r. Messen afholdes den 19.-21. april i Fredericia.\" \/>\n<meta name=\"robots\" content=\"index, follow, max-snippet:-1, max-image-preview:large, max-video-preview:-1\" \/>\n<link rel=\"canonical\" href=\"https:\/\/www.interforce.dk\/en\/skal-du-eller-din-virksomhed-deltage-i-action24\/\" \/>\n<meta property=\"og:locale\" content=\"en_GB\" \/>\n<meta property=\"og:type\" content=\"article\" \/>\n<meta property=\"og:title\" content=\"Skal du eller din virksomhed deltage i ACTION24? - InterForce\" \/>\n<meta property=\"og:description\" content=\"Action24 er en f\u00e6lles fejring af Danmarks medlemskab af NATO i 75 \u00e5r. Messen afholdes den 19.-21. april i Fredericia.\" \/>\n<meta property=\"og:url\" content=\"https:\/\/www.interforce.dk\/en\/skal-du-eller-din-virksomhed-deltage-i-action24\/\" \/>\n<meta property=\"og:site_name\" content=\"InterForce\" \/>\n<meta property=\"article:published_time\" content=\"2024-03-05T11:23:27+00:00\" \/>\n<meta property=\"article:modified_time\" content=\"2024-03-05T11:23:28+00:00\" \/>\n<meta property=\"og:image\" content=\"https:\/\/www.interforce.dk\/app\/uploads\/2024\/03\/action24-sondag-original-4017-1.jpg\" \/>\n\t<meta property=\"og:image:width\" content=\"525\" \/>\n\t<meta property=\"og:image:height\" content=\"300\" \/>\n\t<meta property=\"og:image:type\" content=\"image\/jpeg\" \/>\n<meta name=\"author\" content=\"Anton Rask Hauge Steffensen\" \/>\n<meta name=\"twitter:card\" content=\"summary_large_image\" \/>\n<meta name=\"twitter:label1\" content=\"Written by\" \/>\n\t<meta name=\"twitter:data1\" content=\"Anton Rask Hauge Steffensen\" \/>\n\t<meta name=\"twitter:label2\" content=\"Est. reading time\" \/>\n\t<meta name=\"twitter:data2\" content=\"1 minute\" \/>\n<script type=\"application\/ld+json\" class=\"yoast-schema-graph\">{\"@context\":\"https:\\\/\\\/schema.org\",\"@graph\":[{\"@type\":\"Article\",\"@id\":\"https:\\\/\\\/www.interforce.dk\\\/skal-du-eller-din-virksomhed-deltage-i-action24\\\/#article\",\"isPartOf\":{\"@id\":\"https:\\\/\\\/www.interforce.dk\\\/skal-du-eller-din-virksomhed-deltage-i-action24\\\/\"},\"author\":{\"name\":\"Anton Rask Hauge Steffensen\",\"@id\":\"https:\\\/\\\/www.interforce.dk\\\/#\\\/schema\\\/person\\\/93de0ad27fec55a2f38d2195162834c7\"},\"headline\":\"Skal du eller din virksomhed deltage i ACTION24?\",\"datePublished\":\"2024-03-05T11:23:27+00:00\",\"dateModified\":\"2024-03-05T11:23:28+00:00\",\"mainEntityOfPage\":{\"@id\":\"https:\\\/\\\/www.interforce.dk\\\/skal-du-eller-din-virksomhed-deltage-i-action24\\\/\"},\"wordCount\":199,\"image\":{\"@id\":\"https:\\\/\\\/www.interforce.dk\\\/skal-du-eller-din-virksomhed-deltage-i-action24\\\/#primaryimage\"},\"thumbnailUrl\":\"https:\\\/\\\/www.interforce.dk\\\/app\\\/uploads\\\/2024\\\/03\\\/action24-sondag-original-4017-1.jpg\",\"keywords\":[\"InterForce\"],\"articleSection\":[\"Nyheder om InterForce\"],\"inLanguage\":\"en-GB\"},{\"@type\":\"WebPage\",\"@id\":\"https:\\\/\\\/www.interforce.dk\\\/skal-du-eller-din-virksomhed-deltage-i-action24\\\/\",\"url\":\"https:\\\/\\\/www.interforce.dk\\\/skal-du-eller-din-virksomhed-deltage-i-action24\\\/\",\"name\":\"Skal du eller din virksomhed deltage i ACTION24? - InterForce\",\"isPartOf\":{\"@id\":\"https:\\\/\\\/www.interforce.dk\\\/#website\"},\"primaryImageOfPage\":{\"@id\":\"https:\\\/\\\/www.interforce.dk\\\/skal-du-eller-din-virksomhed-deltage-i-action24\\\/#primaryimage\"},\"image\":{\"@id\":\"https:\\\/\\\/www.interforce.dk\\\/skal-du-eller-din-virksomhed-deltage-i-action24\\\/#primaryimage\"},\"thumbnailUrl\":\"https:\\\/\\\/www.interforce.dk\\\/app\\\/uploads\\\/2024\\\/03\\\/action24-sondag-original-4017-1.jpg\",\"datePublished\":\"2024-03-05T11:23:27+00:00\",\"dateModified\":\"2024-03-05T11:23:28+00:00\",\"author\":{\"@id\":\"https:\\\/\\\/www.interforce.dk\\\/#\\\/schema\\\/person\\\/93de0ad27fec55a2f38d2195162834c7\"},\"description\":\"Action24 er en f\u00e6lles fejring af Danmarks medlemskab af NATO i 75 \u00e5r. Messen afholdes den 19.-21. april i Fredericia.\",\"breadcrumb\":{\"@id\":\"https:\\\/\\\/www.interforce.dk\\\/skal-du-eller-din-virksomhed-deltage-i-action24\\\/#breadcrumb\"},\"inLanguage\":\"en-GB\",\"potentialAction\":[{\"@type\":\"ReadAction\",\"target\":[\"https:\\\/\\\/www.interforce.dk\\\/skal-du-eller-din-virksomhed-deltage-i-action24\\\/\"]}]},{\"@type\":\"ImageObject\",\"inLanguage\":\"en-GB\",\"@id\":\"https:\\\/\\\/www.interforce.dk\\\/skal-du-eller-din-virksomhed-deltage-i-action24\\\/#primaryimage\",\"url\":\"https:\\\/\\\/www.interforce.dk\\\/app\\\/uploads\\\/2024\\\/03\\\/action24-sondag-original-4017-1.jpg\",\"contentUrl\":\"https:\\\/\\\/www.interforce.dk\\\/app\\\/uploads\\\/2024\\\/03\\\/action24-sondag-original-4017-1.jpg\",\"width\":525,\"height\":300},{\"@type\":\"BreadcrumbList\",\"@id\":\"https:\\\/\\\/www.interforce.dk\\\/skal-du-eller-din-virksomhed-deltage-i-action24\\\/#breadcrumb\",\"itemListElement\":[{\"@type\":\"ListItem\",\"position\":1,\"name\":\"Hjem\",\"item\":\"https:\\\/\\\/www.interforce.dk\\\/\"},{\"@type\":\"ListItem\",\"position\":2,\"name\":\"Skal du eller din virksomhed deltage i ACTION24?\"}]},{\"@type\":\"WebSite\",\"@id\":\"https:\\\/\\\/www.interforce.dk\\\/#website\",\"url\":\"https:\\\/\\\/www.interforce.dk\\\/\",\"name\":\"InterForce\",\"description\":\"\",\"potentialAction\":[{\"@type\":\"SearchAction\",\"target\":{\"@type\":\"EntryPoint\",\"urlTemplate\":\"https:\\\/\\\/www.interforce.dk\\\/?s={search_term_string}\"},\"query-input\":{\"@type\":\"PropertyValueSpecification\",\"valueRequired\":true,\"valueName\":\"search_term_string\"}}],\"inLanguage\":\"en-GB\"},{\"@type\":\"Person\",\"@id\":\"https:\\\/\\\/www.interforce.dk\\\/#\\\/schema\\\/person\\\/93de0ad27fec55a2f38d2195162834c7\",\"name\":\"Anton Rask Hauge Steffensen\",\"image\":{\"@type\":\"ImageObject\",\"inLanguage\":\"en-GB\",\"@id\":\"https:\\\/\\\/secure.gravatar.com\\\/avatar\\\/8e4247cfae5f9f3cbd0c18740bdc45f335fc586e35e954f20e626e45d46e568d?s=96&d=mm&r=g\",\"url\":\"https:\\\/\\\/secure.gravatar.com\\\/avatar\\\/8e4247cfae5f9f3cbd0c18740bdc45f335fc586e35e954f20e626e45d46e568d?s=96&d=mm&r=g\",\"contentUrl\":\"https:\\\/\\\/secure.gravatar.com\\\/avatar\\\/8e4247cfae5f9f3cbd0c18740bdc45f335fc586e35e954f20e626e45d46e568d?s=96&d=mm&r=g\",\"caption\":\"Anton Rask Hauge Steffensen\"},\"url\":\"https:\\\/\\\/www.interforce.dk\\\/en\\\/author\\\/anton\\\/\"}]}<\/script>\n<!-- \/ Yoast SEO plugin. -->","yoast_head_json":{"title":"Skal du eller din virksomhed deltage i ACTION24? - InterForce","description":"Action24 er en f\u00e6lles fejring af Danmarks medlemskab af NATO i 75 \u00e5r. Messen afholdes den 19.-21. april i Fredericia.","robots":{"index":"index","follow":"follow","max-snippet":"max-snippet:-1","max-image-preview":"max-image-preview:large","max-video-preview":"max-video-preview:-1"},"canonical":"https:\/\/www.interforce.dk\/en\/skal-du-eller-din-virksomhed-deltage-i-action24\/","og_locale":"en_GB","og_type":"article","og_title":"Skal du eller din virksomhed deltage i ACTION24? - InterForce","og_description":"Action24 er en f\u00e6lles fejring af Danmarks medlemskab af NATO i 75 \u00e5r. Messen afholdes den 19.-21. april i Fredericia.","og_url":"https:\/\/www.interforce.dk\/en\/skal-du-eller-din-virksomhed-deltage-i-action24\/","og_site_name":"InterForce","article_published_time":"2024-03-05T11:23:27+00:00","article_modified_time":"2024-03-05T11:23:28+00:00","og_image":[{"width":525,"height":300,"url":"https:\/\/www.interforce.dk\/app\/uploads\/2024\/03\/action24-sondag-original-4017-1.jpg","type":"image\/jpeg"}],"author":"Anton Rask Hauge Steffensen","twitter_card":"summary_large_image","twitter_misc":{"Written by":"Anton Rask Hauge Steffensen","Est. reading time":"1 minute"},"schema":{"@context":"https:\/\/schema.org","@graph":[{"@type":"Article","@id":"https:\/\/www.interforce.dk\/skal-du-eller-din-virksomhed-deltage-i-action24\/#article","isPartOf":{"@id":"https:\/\/www.interforce.dk\/skal-du-eller-din-virksomhed-deltage-i-action24\/"},"author":{"name":"Anton Rask Hauge Steffensen","@id":"https:\/\/www.interforce.dk\/#\/schema\/person\/93de0ad27fec55a2f38d2195162834c7"},"headline":"Skal du eller din virksomhed deltage i ACTION24?","datePublished":"2024-03-05T11:23:27+00:00","dateModified":"2024-03-05T11:23:28+00:00","mainEntityOfPage":{"@id":"https:\/\/www.interforce.dk\/skal-du-eller-din-virksomhed-deltage-i-action24\/"},"wordCount":199,"image":{"@id":"https:\/\/www.interforce.dk\/skal-du-eller-din-virksomhed-deltage-i-action24\/#primaryimage"},"thumbnailUrl":"https:\/\/www.interforce.dk\/app\/uploads\/2024\/03\/action24-sondag-original-4017-1.jpg","keywords":["InterForce"],"articleSection":["Nyheder om InterForce"],"inLanguage":"en-GB"},{"@type":"WebPage","@id":"https:\/\/www.interforce.dk\/skal-du-eller-din-virksomhed-deltage-i-action24\/","url":"https:\/\/www.interforce.dk\/skal-du-eller-din-virksomhed-deltage-i-action24\/","name":"Skal du eller din virksomhed deltage i ACTION24? - InterForce","isPartOf":{"@id":"https:\/\/www.interforce.dk\/#website"},"primaryImageOfPage":{"@id":"https:\/\/www.interforce.dk\/skal-du-eller-din-virksomhed-deltage-i-action24\/#primaryimage"},"image":{"@id":"https:\/\/www.interforce.dk\/skal-du-eller-din-virksomhed-deltage-i-action24\/#primaryimage"},"thumbnailUrl":"https:\/\/www.interforce.dk\/app\/uploads\/2024\/03\/action24-sondag-original-4017-1.jpg","datePublished":"2024-03-05T11:23:27+00:00","dateModified":"2024-03-05T11:23:28+00:00","author":{"@id":"https:\/\/www.interforce.dk\/#\/schema\/person\/93de0ad27fec55a2f38d2195162834c7"},"description":"Action24 er en f\u00e6lles fejring af Danmarks medlemskab af NATO i 75 \u00e5r. Messen afholdes den 19.-21. april i Fredericia.","breadcrumb":{"@id":"https:\/\/www.interforce.dk\/skal-du-eller-din-virksomhed-deltage-i-action24\/#breadcrumb"},"inLanguage":"en-GB","potentialAction":[{"@type":"ReadAction","target":["https:\/\/www.interforce.dk\/skal-du-eller-din-virksomhed-deltage-i-action24\/"]}]},{"@type":"ImageObject","inLanguage":"en-GB","@id":"https:\/\/www.interforce.dk\/skal-du-eller-din-virksomhed-deltage-i-action24\/#primaryimage","url":"https:\/\/www.interforce.dk\/app\/uploads\/2024\/03\/action24-sondag-original-4017-1.jpg","contentUrl":"https:\/\/www.interforce.dk\/app\/uploads\/2024\/03\/action24-sondag-original-4017-1.jpg","width":525,"height":300},{"@type":"BreadcrumbList","@id":"https:\/\/www.interforce.dk\/skal-du-eller-din-virksomhed-deltage-i-action24\/#breadcrumb","itemListElement":[{"@type":"ListItem","position":1,"name":"Hjem","item":"https:\/\/www.interforce.dk\/"},{"@type":"ListItem","position":2,"name":"Skal du eller din virksomhed deltage i ACTION24?"}]},{"@type":"WebSite","@id":"https:\/\/www.interforce.dk\/#website","url":"https:\/\/www.interforce.dk\/","name":"InterForce","description":"","potentialAction":[{"@type":"SearchAction","target":{"@type":"EntryPoint","urlTemplate":"https:\/\/www.interforce.dk\/?s={search_term_string}"},"query-input":{"@type":"PropertyValueSpecification","valueRequired":true,"valueName":"search_term_string"}}],"inLanguage":"en-GB"},{"@type":"Person","@id":"https:\/\/www.interforce.dk\/#\/schema\/person\/93de0ad27fec55a2f38d2195162834c7","name":"Anton Rask Hauge Steffensen","image":{"@type":"ImageObject","inLanguage":"en-GB","@id":"https:\/\/secure.gravatar.com\/avatar\/8e4247cfae5f9f3cbd0c18740bdc45f335fc586e35e954f20e626e45d46e568d?s=96&d=mm&r=g","url":"https:\/\/secure.gravatar.com\/avatar\/8e4247cfae5f9f3cbd0c18740bdc45f335fc586e35e954f20e626e45d46e568d?s=96&d=mm&r=g","contentUrl":"https:\/\/secure.gravatar.com\/avatar\/8e4247cfae5f9f3cbd0c18740bdc45f335fc586e35e954f20e626e45d46e568d?s=96&d=mm&r=g","caption":"Anton Rask Hauge Steffensen"},"url":"https:\/\/www.interforce.dk\/en\/author\/anton\/"}]}},"_links":{"self":[{"href":"https:\/\/www.interforce.dk\/en\/wp-json\/wp\/v2\/posts\/15376","targetHints":{"allow":["GET"]}}],"collection":[{"href":"https:\/\/www.interforce.dk\/en\/wp-json\/wp\/v2\/posts"}],"about":[{"href":"https:\/\/www.interforce.dk\/en\/wp-json\/wp\/v2\/types\/post"}],"author":[{"embeddable":true,"href":"https:\/\/www.interforce.dk\/en\/wp-json\/wp\/v2\/users\/122"}],"replies":[{"embeddable":true,"href":"https:\/\/www.interforce.dk\/en\/wp-json\/wp\/v2\/comments?post=15376"}],"version-history":[{"count":1,"href":"https:\/\/www.interforce.dk\/en\/wp-json\/wp\/v2\/posts\/15376\/revisions"}],"predecessor-version":[{"id":15379,"href":"https:\/\/www.interforce.dk\/en\/wp-json\/wp\/v2\/posts\/15376\/revisions\/15379"}],"wp:featuredmedia":[{"embeddable":true,"href":"https:\/\/www.interforce.dk\/en\/wp-json\/wp\/v2\/media\/15378"}],"wp:attachment":[{"href":"https:\/\/www.interforce.dk\/en\/wp-json\/wp\/v2\/media?parent=15376"}],"wp:term":[{"taxonomy":"category","embeddable":true,"href":"https:\/\/www.interforce.dk\/en\/wp-json\/wp\/v2\/categories?post=15376"},{"taxonomy":"post_tag","embeddable":true,"href":"https:\/\/www.interforce.dk\/en\/wp-json\/wp\/v2\/tags?post=15376"}],"curies":[{"name":"wp","href":"https:\/\/api.w.org\/{rel}","templated":true}]}}