{"id":15311,"date":"2024-02-07T09:19:52","date_gmt":"2024-02-07T09:19:52","guid":{"rendered":"https:\/\/www.interforce.dk\/?p=15311"},"modified":"2024-02-07T09:19:53","modified_gmt":"2024-02-07T09:19:53","slug":"varde-kommune-giver-reservestyrken-fri-for-at-styrke-danmarks-beredskab","status":"publish","type":"post","link":"https:\/\/www.interforce.dk\/en\/varde-kommune-giver-reservestyrken-fri-for-at-styrke-danmarks-beredskab\/","title":{"rendered":"Varde Kommune giver Reservestyrken fri for at styrke Danmarks beredskab"},"content":{"rendered":"<div class=\"block core-block core-block--paragraph\">\n      <div class=\"inner inner--small\">\n      \n<p>Frivillige i Forsvaret og Beredskabet, som er ansat i Varde Kommune, f\u00e5r nu bedre vilk\u00e5r. Med op til fem tjenestefri dage \u00e5rligt styrkes deres mulighed for at uddanne sig og tr\u00e6de til, n\u00e5r pligten kalder.<\/p>\n\n      <\/div>\n  <\/div>\n<div class=\"block core-block core-block--image align-center\">\n      <div class=\"inner inner--small\">\n      \n<figure class=\"wp-block-image aligncenter size-full\"><img loading=\"lazy\" decoding=\"async\" width=\"576\" height=\"383\" src=\"https:\/\/www.interforce.dk\/app\/uploads\/2024\/02\/unnamed.jpg\" alt=\"\" class=\"wp-image-15312\" srcset=\"https:\/\/www.interforce.dk\/app\/uploads\/2024\/02\/unnamed.jpg 576w, https:\/\/www.interforce.dk\/app\/uploads\/2024\/02\/unnamed-300x199.jpg 300w, https:\/\/www.interforce.dk\/app\/uploads\/2024\/02\/unnamed-18x12.jpg 18w\" sizes=\"auto, (max-width: 576px) 100vw, 576px\" \/><figcaption class=\"wp-element-caption\"><em>Varde Kommune er hjemkommune for flere af Forsvarets garnisoner og Hjemmev\u00e6rnet. Billedet er fra sidste \u00e5rs Nationale Flagdag, hvor udsendte og veteraner hyldes for deres indsats for Danmark.<\/em><\/figcaption><\/figure>\n\n      <\/div>\n  <\/div>\n<div class=\"block core-block core-block--paragraph\">\n      <div class=\"inner inner--small\">\n      \n<p>Danmark st\u00e5r overfor voksende trusler som angreb p\u00e5 kritisk infrastruktur, pandemier og ekstremt vejr. N\u00e5r h\u00e6ndelser sker, er der brug for, at reservisterne og de frivillige fra Forsvaret, Hjemmev\u00e6rnet, Beredskabsstyrelsen og Kystredningstjenesten kan stille op. Hidtil har ansatte i Varde Kommune brugt ferie eller fridage, n\u00e5r de skulle udfylde deres beredskabsfunktion. Men det er fortid. Fremadrettet f\u00e5r ansatte, som er frivillige eller en del af reserven, op til fem tjenestefri dage med l\u00f8n om \u00e5ret til at gennemf\u00f8re tjeneste eller deltage i uddannelse. Tjenestefriheden planl\u00e6gges i samarbejde med den ansattes n\u00e6rmeste leder.<\/p>\n\n      <\/div>\n  <\/div>\n<div class=\"block core-block core-block--paragraph\">\n      <div class=\"inner inner--small\">\n      \n<p>Borgmester i Varde Kommune, Mads S\u00f8rensen, siger om det nye tiltag, at: &#8220;som en stor garnisonskommune og \u00c5rets Veterankommune er det naturligt for os at blive ved med at udvide vores horisont og kigge p\u00e5, hvor vi kan g\u00f8re vilk\u00e5rene bedre for dem, der har tilknytning til Forsvaret, Hjemmev\u00e6rnet og Beredskabet. Vi g\u00e5r allerede forrest p\u00e5 veteran- og p\u00e5r\u00f8rendeomr\u00e5det, og det her er endnu et tiltag til gl\u00e6de for dem, der tager en ekstra t\u00f8rn ved siden af deres daglige arbejde.\u201d<\/p>\n\n      <\/div>\n  <\/div>\n<div class=\"block core-block core-block--paragraph\">\n      <div class=\"inner inner--small\">\n      \n<p>Varde Kommune har i en lang \u00e5rr\u00e6kke v\u00e6ret medlem af InterForce, og det er netop p\u00e5 baggrund af dette st\u00e6rke samarbejde, at det nye initiativ udspringer. Samtidig indf\u00f8res tjenestefriheden som et led i Varde Kommunes vedvarende indsats p\u00e5 veteran- og p\u00e5r\u00f8rendeomr\u00e5det, hvor kommunen blandt andet har gjort det muligt for ansatte at g\u00e5 ned i tid under en partners udsendelse. En indsats som Varde Kommune har modtaget prisen som \u00c5rets Veterankommune for.<\/p>\n\n      <\/div>\n  <\/div>\n<div class=\"block core-block core-block--paragraph\">\n      <div class=\"inner inner--small\">\n      \n<p>\u201dVarde Kommune er helt p\u00e5 forkant og m\u00e5ske den f\u00f8rste offentlige virksomhed, som giver mulighed for tjenestelig frihed til Danmarks reservestyrke via en m\u00e5lrettet personalepolitik. Initiativet vil uden tvivl ogs\u00e5 gavne Varde Kommune, fordi de opn\u00e5ede kompetencer hos den enkelte reservist eller frivillige vil kunne bruges i det daglige arbejde i kommunen&#8221;, siger formanden for InterForce, Henrik Dam Kristensen.<\/p>\n\n      <\/div>\n  <\/div>\n<div class=\"block core-block core-block--paragraph\">\n      <div class=\"inner inner--small\">\n      \n<p>Tak for st\u00f8tten!<\/p>\n\n      <\/div>\n  <\/div>\n<div class=\"block core-block core-block--paragraph\">\n      <div class=\"inner inner--small\">\n      \n<p>L\u00e6s ogs\u00e5: <a href=\"https:\/\/www.interforce.dk\/en\/livgardens-tambourkorps-modtager-haedersskjold\/\">LIVGARDENS TAMBOURKORPS MODTAGER H\u00c6DERSSKJOLD<\/a><\/p>\n\n      <\/div>\n  <\/div>","protected":false},"excerpt":{"rendered":"Frivillige i Forsvaret og Beredskabet, som er ansat i Varde Kommune, f\u00e5r nu bed...","protected":false},"author":122,"featured_media":15312,"comment_status":"closed","ping_status":"closed","sticky":false,"template":"","format":"standard","meta":{"_acf_changed":false,"footnotes":""},"categories":[12,157],"tags":[120,53],"class_list":["post-15311","post","type-post","status-publish","format-standard","has-post-thumbnail","hentry","category-nyt-om-if","category-reservestyrken","tag-center-for-reservestyrken","tag-tag-syddanmark"],"acf":[],"yoast_head":"<!-- This site is optimized with the Yoast SEO plugin v27.3 - https:\/\/yoast.com\/product\/yoast-seo-wordpress\/ -->\n<title>Varde Kommune giver Reservestyrken fri for at styrke Danmarks beredskab - InterForce<\/title>\n<meta name=\"description\" content=\"Frivillige i Forsvaret og Beredskabet, som er ansat i Varde Kommune, f\u00e5r nu bedre vilk\u00e5r med op til fem tjenestefri dage \u00e5rligt.\" \/>\n<meta name=\"robots\" content=\"index, follow, max-snippet:-1, max-image-preview:large, max-video-preview:-1\" \/>\n<link rel=\"canonical\" href=\"https:\/\/www.interforce.dk\/en\/varde-kommune-giver-reservestyrken-fri-for-at-styrke-danmarks-beredskab\/\" \/>\n<meta property=\"og:locale\" content=\"en_GB\" \/>\n<meta property=\"og:type\" content=\"article\" \/>\n<meta property=\"og:title\" content=\"Varde Kommune giver Reservestyrken fri for at styrke Danmarks beredskab - InterForce\" \/>\n<meta property=\"og:description\" content=\"Frivillige i Forsvaret og Beredskabet, som er ansat i Varde Kommune, f\u00e5r nu bedre vilk\u00e5r med op til fem tjenestefri dage \u00e5rligt.\" \/>\n<meta property=\"og:url\" content=\"https:\/\/www.interforce.dk\/en\/varde-kommune-giver-reservestyrken-fri-for-at-styrke-danmarks-beredskab\/\" \/>\n<meta property=\"og:site_name\" content=\"InterForce\" \/>\n<meta property=\"article:published_time\" content=\"2024-02-07T09:19:52+00:00\" \/>\n<meta property=\"article:modified_time\" content=\"2024-02-07T09:19:53+00:00\" \/>\n<meta property=\"og:image\" content=\"https:\/\/www.interforce.dk\/app\/uploads\/2024\/02\/unnamed.jpg\" \/>\n\t<meta property=\"og:image:width\" content=\"576\" \/>\n\t<meta property=\"og:image:height\" content=\"383\" \/>\n\t<meta property=\"og:image:type\" content=\"image\/jpeg\" \/>\n<meta name=\"author\" content=\"Anton Rask Hauge Steffensen\" \/>\n<meta name=\"twitter:card\" content=\"summary_large_image\" \/>\n<meta name=\"twitter:label1\" content=\"Written by\" \/>\n\t<meta name=\"twitter:data1\" content=\"Anton Rask Hauge Steffensen\" \/>\n\t<meta name=\"twitter:label2\" content=\"Est. reading time\" \/>\n\t<meta name=\"twitter:data2\" content=\"2 minutes\" \/>\n<script type=\"application\/ld+json\" class=\"yoast-schema-graph\">{\"@context\":\"https:\\\/\\\/schema.org\",\"@graph\":[{\"@type\":\"Article\",\"@id\":\"https:\\\/\\\/www.interforce.dk\\\/varde-kommune-giver-reservestyrken-fri-for-at-styrke-danmarks-beredskab\\\/#article\",\"isPartOf\":{\"@id\":\"https:\\\/\\\/www.interforce.dk\\\/varde-kommune-giver-reservestyrken-fri-for-at-styrke-danmarks-beredskab\\\/\"},\"author\":{\"name\":\"Anton Rask Hauge Steffensen\",\"@id\":\"https:\\\/\\\/www.interforce.dk\\\/#\\\/schema\\\/person\\\/93de0ad27fec55a2f38d2195162834c7\"},\"headline\":\"Varde Kommune giver Reservestyrken fri for at styrke Danmarks beredskab\",\"datePublished\":\"2024-02-07T09:19:52+00:00\",\"dateModified\":\"2024-02-07T09:19:53+00:00\",\"mainEntityOfPage\":{\"@id\":\"https:\\\/\\\/www.interforce.dk\\\/varde-kommune-giver-reservestyrken-fri-for-at-styrke-danmarks-beredskab\\\/\"},\"wordCount\":425,\"image\":{\"@id\":\"https:\\\/\\\/www.interforce.dk\\\/varde-kommune-giver-reservestyrken-fri-for-at-styrke-danmarks-beredskab\\\/#primaryimage\"},\"thumbnailUrl\":\"https:\\\/\\\/www.interforce.dk\\\/app\\\/uploads\\\/2024\\\/02\\\/unnamed.jpg\",\"keywords\":[\"Center for Reservestyrken\",\"Tag:Syddanmark\"],\"articleSection\":[\"Nyheder om InterForce\",\"Reservestyrken\"],\"inLanguage\":\"en-GB\"},{\"@type\":\"WebPage\",\"@id\":\"https:\\\/\\\/www.interforce.dk\\\/varde-kommune-giver-reservestyrken-fri-for-at-styrke-danmarks-beredskab\\\/\",\"url\":\"https:\\\/\\\/www.interforce.dk\\\/varde-kommune-giver-reservestyrken-fri-for-at-styrke-danmarks-beredskab\\\/\",\"name\":\"Varde Kommune giver Reservestyrken fri for at styrke Danmarks beredskab - InterForce\",\"isPartOf\":{\"@id\":\"https:\\\/\\\/www.interforce.dk\\\/#website\"},\"primaryImageOfPage\":{\"@id\":\"https:\\\/\\\/www.interforce.dk\\\/varde-kommune-giver-reservestyrken-fri-for-at-styrke-danmarks-beredskab\\\/#primaryimage\"},\"image\":{\"@id\":\"https:\\\/\\\/www.interforce.dk\\\/varde-kommune-giver-reservestyrken-fri-for-at-styrke-danmarks-beredskab\\\/#primaryimage\"},\"thumbnailUrl\":\"https:\\\/\\\/www.interforce.dk\\\/app\\\/uploads\\\/2024\\\/02\\\/unnamed.jpg\",\"datePublished\":\"2024-02-07T09:19:52+00:00\",\"dateModified\":\"2024-02-07T09:19:53+00:00\",\"author\":{\"@id\":\"https:\\\/\\\/www.interforce.dk\\\/#\\\/schema\\\/person\\\/93de0ad27fec55a2f38d2195162834c7\"},\"description\":\"Frivillige i Forsvaret og Beredskabet, som er ansat i Varde Kommune, f\u00e5r nu bedre vilk\u00e5r med op til fem tjenestefri dage \u00e5rligt.\",\"breadcrumb\":{\"@id\":\"https:\\\/\\\/www.interforce.dk\\\/varde-kommune-giver-reservestyrken-fri-for-at-styrke-danmarks-beredskab\\\/#breadcrumb\"},\"inLanguage\":\"en-GB\",\"potentialAction\":[{\"@type\":\"ReadAction\",\"target\":[\"https:\\\/\\\/www.interforce.dk\\\/varde-kommune-giver-reservestyrken-fri-for-at-styrke-danmarks-beredskab\\\/\"]}]},{\"@type\":\"ImageObject\",\"inLanguage\":\"en-GB\",\"@id\":\"https:\\\/\\\/www.interforce.dk\\\/varde-kommune-giver-reservestyrken-fri-for-at-styrke-danmarks-beredskab\\\/#primaryimage\",\"url\":\"https:\\\/\\\/www.interforce.dk\\\/app\\\/uploads\\\/2024\\\/02\\\/unnamed.jpg\",\"contentUrl\":\"https:\\\/\\\/www.interforce.dk\\\/app\\\/uploads\\\/2024\\\/02\\\/unnamed.jpg\",\"width\":576,\"height\":383},{\"@type\":\"BreadcrumbList\",\"@id\":\"https:\\\/\\\/www.interforce.dk\\\/varde-kommune-giver-reservestyrken-fri-for-at-styrke-danmarks-beredskab\\\/#breadcrumb\",\"itemListElement\":[{\"@type\":\"ListItem\",\"position\":1,\"name\":\"Hjem\",\"item\":\"https:\\\/\\\/www.interforce.dk\\\/\"},{\"@type\":\"ListItem\",\"position\":2,\"name\":\"Varde Kommune giver Reservestyrken fri for at styrke Danmarks beredskab\"}]},{\"@type\":\"WebSite\",\"@id\":\"https:\\\/\\\/www.interforce.dk\\\/#website\",\"url\":\"https:\\\/\\\/www.interforce.dk\\\/\",\"name\":\"InterForce\",\"description\":\"\",\"potentialAction\":[{\"@type\":\"SearchAction\",\"target\":{\"@type\":\"EntryPoint\",\"urlTemplate\":\"https:\\\/\\\/www.interforce.dk\\\/?s={search_term_string}\"},\"query-input\":{\"@type\":\"PropertyValueSpecification\",\"valueRequired\":true,\"valueName\":\"search_term_string\"}}],\"inLanguage\":\"en-GB\"},{\"@type\":\"Person\",\"@id\":\"https:\\\/\\\/www.interforce.dk\\\/#\\\/schema\\\/person\\\/93de0ad27fec55a2f38d2195162834c7\",\"name\":\"Anton Rask Hauge Steffensen\",\"image\":{\"@type\":\"ImageObject\",\"inLanguage\":\"en-GB\",\"@id\":\"https:\\\/\\\/secure.gravatar.com\\\/avatar\\\/8e4247cfae5f9f3cbd0c18740bdc45f335fc586e35e954f20e626e45d46e568d?s=96&d=mm&r=g\",\"url\":\"https:\\\/\\\/secure.gravatar.com\\\/avatar\\\/8e4247cfae5f9f3cbd0c18740bdc45f335fc586e35e954f20e626e45d46e568d?s=96&d=mm&r=g\",\"contentUrl\":\"https:\\\/\\\/secure.gravatar.com\\\/avatar\\\/8e4247cfae5f9f3cbd0c18740bdc45f335fc586e35e954f20e626e45d46e568d?s=96&d=mm&r=g\",\"caption\":\"Anton Rask Hauge Steffensen\"},\"url\":\"https:\\\/\\\/www.interforce.dk\\\/en\\\/author\\\/anton\\\/\"}]}<\/script>\n<!-- \/ Yoast SEO plugin. -->","yoast_head_json":{"title":"Varde Kommune giver Reservestyrken fri for at styrke Danmarks beredskab - InterForce","description":"Frivillige i Forsvaret og Beredskabet, som er ansat i Varde Kommune, f\u00e5r nu bedre vilk\u00e5r med op til fem tjenestefri dage \u00e5rligt.","robots":{"index":"index","follow":"follow","max-snippet":"max-snippet:-1","max-image-preview":"max-image-preview:large","max-video-preview":"max-video-preview:-1"},"canonical":"https:\/\/www.interforce.dk\/en\/varde-kommune-giver-reservestyrken-fri-for-at-styrke-danmarks-beredskab\/","og_locale":"en_GB","og_type":"article","og_title":"Varde Kommune giver Reservestyrken fri for at styrke Danmarks beredskab - InterForce","og_description":"Frivillige i Forsvaret og Beredskabet, som er ansat i Varde Kommune, f\u00e5r nu bedre vilk\u00e5r med op til fem tjenestefri dage \u00e5rligt.","og_url":"https:\/\/www.interforce.dk\/en\/varde-kommune-giver-reservestyrken-fri-for-at-styrke-danmarks-beredskab\/","og_site_name":"InterForce","article_published_time":"2024-02-07T09:19:52+00:00","article_modified_time":"2024-02-07T09:19:53+00:00","og_image":[{"width":576,"height":383,"url":"https:\/\/www.interforce.dk\/app\/uploads\/2024\/02\/unnamed.jpg","type":"image\/jpeg"}],"author":"Anton Rask Hauge Steffensen","twitter_card":"summary_large_image","twitter_misc":{"Written by":"Anton Rask Hauge Steffensen","Est. reading time":"2 minutes"},"schema":{"@context":"https:\/\/schema.org","@graph":[{"@type":"Article","@id":"https:\/\/www.interforce.dk\/varde-kommune-giver-reservestyrken-fri-for-at-styrke-danmarks-beredskab\/#article","isPartOf":{"@id":"https:\/\/www.interforce.dk\/varde-kommune-giver-reservestyrken-fri-for-at-styrke-danmarks-beredskab\/"},"author":{"name":"Anton Rask Hauge Steffensen","@id":"https:\/\/www.interforce.dk\/#\/schema\/person\/93de0ad27fec55a2f38d2195162834c7"},"headline":"Varde Kommune giver Reservestyrken fri for at styrke Danmarks beredskab","datePublished":"2024-02-07T09:19:52+00:00","dateModified":"2024-02-07T09:19:53+00:00","mainEntityOfPage":{"@id":"https:\/\/www.interforce.dk\/varde-kommune-giver-reservestyrken-fri-for-at-styrke-danmarks-beredskab\/"},"wordCount":425,"image":{"@id":"https:\/\/www.interforce.dk\/varde-kommune-giver-reservestyrken-fri-for-at-styrke-danmarks-beredskab\/#primaryimage"},"thumbnailUrl":"https:\/\/www.interforce.dk\/app\/uploads\/2024\/02\/unnamed.jpg","keywords":["Center for Reservestyrken","Tag:Syddanmark"],"articleSection":["Nyheder om InterForce","Reservestyrken"],"inLanguage":"en-GB"},{"@type":"WebPage","@id":"https:\/\/www.interforce.dk\/varde-kommune-giver-reservestyrken-fri-for-at-styrke-danmarks-beredskab\/","url":"https:\/\/www.interforce.dk\/varde-kommune-giver-reservestyrken-fri-for-at-styrke-danmarks-beredskab\/","name":"Varde Kommune giver Reservestyrken fri for at styrke Danmarks beredskab - InterForce","isPartOf":{"@id":"https:\/\/www.interforce.dk\/#website"},"primaryImageOfPage":{"@id":"https:\/\/www.interforce.dk\/varde-kommune-giver-reservestyrken-fri-for-at-styrke-danmarks-beredskab\/#primaryimage"},"image":{"@id":"https:\/\/www.interforce.dk\/varde-kommune-giver-reservestyrken-fri-for-at-styrke-danmarks-beredskab\/#primaryimage"},"thumbnailUrl":"https:\/\/www.interforce.dk\/app\/uploads\/2024\/02\/unnamed.jpg","datePublished":"2024-02-07T09:19:52+00:00","dateModified":"2024-02-07T09:19:53+00:00","author":{"@id":"https:\/\/www.interforce.dk\/#\/schema\/person\/93de0ad27fec55a2f38d2195162834c7"},"description":"Frivillige i Forsvaret og Beredskabet, som er ansat i Varde Kommune, f\u00e5r nu bedre vilk\u00e5r med op til fem tjenestefri dage \u00e5rligt.","breadcrumb":{"@id":"https:\/\/www.interforce.dk\/varde-kommune-giver-reservestyrken-fri-for-at-styrke-danmarks-beredskab\/#breadcrumb"},"inLanguage":"en-GB","potentialAction":[{"@type":"ReadAction","target":["https:\/\/www.interforce.dk\/varde-kommune-giver-reservestyrken-fri-for-at-styrke-danmarks-beredskab\/"]}]},{"@type":"ImageObject","inLanguage":"en-GB","@id":"https:\/\/www.interforce.dk\/varde-kommune-giver-reservestyrken-fri-for-at-styrke-danmarks-beredskab\/#primaryimage","url":"https:\/\/www.interforce.dk\/app\/uploads\/2024\/02\/unnamed.jpg","contentUrl":"https:\/\/www.interforce.dk\/app\/uploads\/2024\/02\/unnamed.jpg","width":576,"height":383},{"@type":"BreadcrumbList","@id":"https:\/\/www.interforce.dk\/varde-kommune-giver-reservestyrken-fri-for-at-styrke-danmarks-beredskab\/#breadcrumb","itemListElement":[{"@type":"ListItem","position":1,"name":"Hjem","item":"https:\/\/www.interforce.dk\/"},{"@type":"ListItem","position":2,"name":"Varde Kommune giver Reservestyrken fri for at styrke Danmarks beredskab"}]},{"@type":"WebSite","@id":"https:\/\/www.interforce.dk\/#website","url":"https:\/\/www.interforce.dk\/","name":"InterForce","description":"","potentialAction":[{"@type":"SearchAction","target":{"@type":"EntryPoint","urlTemplate":"https:\/\/www.interforce.dk\/?s={search_term_string}"},"query-input":{"@type":"PropertyValueSpecification","valueRequired":true,"valueName":"search_term_string"}}],"inLanguage":"en-GB"},{"@type":"Person","@id":"https:\/\/www.interforce.dk\/#\/schema\/person\/93de0ad27fec55a2f38d2195162834c7","name":"Anton Rask Hauge Steffensen","image":{"@type":"ImageObject","inLanguage":"en-GB","@id":"https:\/\/secure.gravatar.com\/avatar\/8e4247cfae5f9f3cbd0c18740bdc45f335fc586e35e954f20e626e45d46e568d?s=96&d=mm&r=g","url":"https:\/\/secure.gravatar.com\/avatar\/8e4247cfae5f9f3cbd0c18740bdc45f335fc586e35e954f20e626e45d46e568d?s=96&d=mm&r=g","contentUrl":"https:\/\/secure.gravatar.com\/avatar\/8e4247cfae5f9f3cbd0c18740bdc45f335fc586e35e954f20e626e45d46e568d?s=96&d=mm&r=g","caption":"Anton Rask Hauge Steffensen"},"url":"https:\/\/www.interforce.dk\/en\/author\/anton\/"}]}},"_links":{"self":[{"href":"https:\/\/www.interforce.dk\/en\/wp-json\/wp\/v2\/posts\/15311","targetHints":{"allow":["GET"]}}],"collection":[{"href":"https:\/\/www.interforce.dk\/en\/wp-json\/wp\/v2\/posts"}],"about":[{"href":"https:\/\/www.interforce.dk\/en\/wp-json\/wp\/v2\/types\/post"}],"author":[{"embeddable":true,"href":"https:\/\/www.interforce.dk\/en\/wp-json\/wp\/v2\/users\/122"}],"replies":[{"embeddable":true,"href":"https:\/\/www.interforce.dk\/en\/wp-json\/wp\/v2\/comments?post=15311"}],"version-history":[{"count":2,"href":"https:\/\/www.interforce.dk\/en\/wp-json\/wp\/v2\/posts\/15311\/revisions"}],"predecessor-version":[{"id":15314,"href":"https:\/\/www.interforce.dk\/en\/wp-json\/wp\/v2\/posts\/15311\/revisions\/15314"}],"wp:featuredmedia":[{"embeddable":true,"href":"https:\/\/www.interforce.dk\/en\/wp-json\/wp\/v2\/media\/15312"}],"wp:attachment":[{"href":"https:\/\/www.interforce.dk\/en\/wp-json\/wp\/v2\/media?parent=15311"}],"wp:term":[{"taxonomy":"category","embeddable":true,"href":"https:\/\/www.interforce.dk\/en\/wp-json\/wp\/v2\/categories?post=15311"},{"taxonomy":"post_tag","embeddable":true,"href":"https:\/\/www.interforce.dk\/en\/wp-json\/wp\/v2\/tags?post=15311"}],"curies":[{"name":"wp","href":"https:\/\/api.w.org\/{rel}","templated":true}]}}