{"id":15249,"date":"2024-01-29T11:30:00","date_gmt":"2024-01-29T11:30:00","guid":{"rendered":"https:\/\/www.interforce.dk\/?p=15249"},"modified":"2024-01-22T14:32:27","modified_gmt":"2024-01-22T14:32:27","slug":"noerlundfonden-modtager-interforce-skjoldet","status":"publish","type":"post","link":"https:\/\/www.interforce.dk\/en\/noerlundfonden-modtager-interforce-skjoldet\/","title":{"rendered":"N\u00f8rlundfonden modtager InterForce-skjoldet"},"content":{"rendered":"<div class=\"block core-block core-block--paragraph\">\n      <div class=\"inner inner--small\">\n      \n<p>I hjertet af de maleriske skove n\u00e6r N\u00f8rlund Slot fik InterForce lejlighed til at takke N\u00f8rlundfonden, repr\u00e6senteret af administrationschef Elin Nielsen, for deres st\u00f8tteerkl\u00e6ring til InterForce. Bes\u00f8get var pr\u00e6get af en dyb respekt og en f\u00e6lles forst\u00e5else for vigtigheden af samarbejde mellem Forsvaret og erhvervslivet.<\/p>\n\n      <\/div>\n  <\/div>\n<div class=\"block core-block core-block--image\">\n      <div class=\"inner inner--small\">\n      \n<figure class=\"wp-block-image size-large\"><img loading=\"lazy\" decoding=\"async\" width=\"768\" height=\"1024\" src=\"https:\/\/www.interforce.dk\/app\/uploads\/2024\/01\/IMG_2676-768x1024.jpg\" alt=\"\" class=\"wp-image-15250\" srcset=\"https:\/\/www.interforce.dk\/app\/uploads\/2024\/01\/IMG_2676-768x1024.jpg 768w, https:\/\/www.interforce.dk\/app\/uploads\/2024\/01\/IMG_2676-225x300.jpg 225w, https:\/\/www.interforce.dk\/app\/uploads\/2024\/01\/IMG_2676-1152x1536.jpg 1152w, https:\/\/www.interforce.dk\/app\/uploads\/2024\/01\/IMG_2676-1536x2048.jpg 1536w, https:\/\/www.interforce.dk\/app\/uploads\/2024\/01\/IMG_2676-9x12.jpg 9w, https:\/\/www.interforce.dk\/app\/uploads\/2024\/01\/IMG_2676-scaled.jpg 1920w\" sizes=\"auto, (max-width: 768px) 100vw, 768px\" \/><figcaption class=\"wp-element-caption\"><em>InterForce-ambassad\u00f8r Allan Lemming Lohmann Buus og administrationschef hos N\u00f8rlundfonden Elin Nielsen.<\/em><\/figcaption><\/figure>\n\n      <\/div>\n  <\/div>\n<div class=\"block core-block core-block--paragraph\">\n      <div class=\"inner inner--small\">\n      \n<p>Ambassad\u00f8r Buus blev modtaget i de fornemme lokaler p\u00e5 godskontoret, hvor samtalen hurtigt tog en dyb og meningsfuld drejning. Diskussionen omfattede alt fra det nuv\u00e6rende forsvarsforlig til de direkte virkninger af den globale situation p\u00e5 landbrugets r\u00e5varepriser og forsyningssikkerhed. Elin Nielsen, med en tydelig forst\u00e5else for b\u00e5de Forsvarets udfordringer og erhvervslivets rolle, udtrykte en st\u00e6rk interesse i de kommende st\u00f8tteaftaler fra InterForce.<\/p>\n\n      <\/div>\n  <\/div>\n<div class=\"block core-block core-block--paragraph\">\n      <div class=\"inner inner--small\">\n      \n<p>M\u00f8det sluttede med overr\u00e6kkelsen af InterForce-skjoldet til N\u00f8rlundfonden, en gestus der cementerer fondens st\u00f8tte og engagement i Danmarks forsvar. Dette \u00f8jeblik blev foreviget med et fotografi, der symboliserer det st\u00e6rke b\u00e5nd mellem de to organisationer.<\/p>\n\n      <\/div>\n  <\/div>\n<div class=\"block core-block core-block--paragraph\">\n      <div class=\"inner inner--small\">\n      \n<p>N\u00f8rlundfonden, med sin rige historie og dybe r\u00f8dder i det danske samfund, viser en bem\u00e6rkelsesv\u00e6rdig positiv holdning til yderligere samarbejde med InterForce og Forsvaret. Med denne st\u00f8tteerkl\u00e6ring demonstrerer N\u00f8rlundfonden sin rolle i at styrke Danmarks forsvar og beredskab.<\/p>\n\n      <\/div>\n  <\/div>\n<div class=\"block core-block core-block--paragraph\">\n      <div class=\"inner inner--small\">\n      \n<p>I sine afsluttende bem\u00e6rkninger reflekterer ambassad\u00f8r Buus over bes\u00f8get: &#8220;Det er inspirerende at se, hvordan virksomheder som N\u00f8rlundfonden ikke kun anerkender, men aktivt tager stilling til bidrage til at styrke vores nationale sikkerhed. Deres engagement er et eksempel for andre og understreger vigtigheden af samarbejde p\u00e5 tv\u00e6rs af sektorer for at sikre et st\u00e6rkt og robust Danmark.\u201d<\/p>\n\n      <\/div>\n  <\/div>\n<div class=\"block core-block core-block--paragraph\">\n      <div class=\"inner inner--small\">\n      \n<p>Tak for st\u00f8tten!<\/p>\n\n      <\/div>\n  <\/div>\n<div class=\"block core-block core-block--paragraph\">\n      <div class=\"inner inner--small\">\n      \n<p>L\u00e6s ogs\u00e5: <a href=\"https:\/\/www.interforce.dk\/en\/?p=15236\">Poul Schmith\/Kammeradvokaten modtager InterForce-skjoldet<\/a><\/p>\n\n      <\/div>\n  <\/div>","protected":false},"excerpt":{"rendered":"InterForce-ambassad\u00f8r Allan Lemming Lohmann Buus overr\u00e6kker InterForce-skjolde...","protected":false},"author":122,"featured_media":15250,"comment_status":"closed","ping_status":"closed","sticky":false,"template":"","format":"standard","meta":{"_acf_changed":false,"footnotes":""},"categories":[12],"tags":[51],"class_list":["post-15249","post","type-post","status-publish","format-standard","has-post-thumbnail","hentry","category-nyt-om-if","tag-tag-nordjylland"],"acf":[],"yoast_head":"<!-- This site is optimized with the Yoast SEO plugin v27.3 - https:\/\/yoast.com\/product\/yoast-seo-wordpress\/ -->\n<title>N\u00f8rlundfonden modtager InterForce-skjoldet - InterForce<\/title>\n<meta name=\"description\" content=\"InterForce-ambassad\u00f8r Allan Lemming Lohmann Buus overr\u00e6kker InterForce-skjoldet til administrationschef i N\u00f8rlundfonden Elin Nielsen.\" \/>\n<meta name=\"robots\" content=\"index, follow, max-snippet:-1, max-image-preview:large, max-video-preview:-1\" \/>\n<link rel=\"canonical\" href=\"http:\/\/localhost\/noerlundfonden-modtager-interforce-skjoldet\/\" \/>\n<meta property=\"og:locale\" content=\"en_GB\" \/>\n<meta property=\"og:type\" content=\"article\" \/>\n<meta property=\"og:title\" content=\"N\u00f8rlundfonden modtager InterForce-skjoldet - InterForce\" \/>\n<meta property=\"og:description\" content=\"InterForce-ambassad\u00f8r Allan Lemming Lohmann Buus overr\u00e6kker InterForce-skjoldet til administrationschef i N\u00f8rlundfonden Elin Nielsen.\" \/>\n<meta property=\"og:url\" content=\"http:\/\/localhost\/noerlundfonden-modtager-interforce-skjoldet\/\" \/>\n<meta property=\"og:site_name\" content=\"InterForce\" \/>\n<meta property=\"article:published_time\" content=\"2024-01-29T11:30:00+00:00\" \/>\n<meta property=\"og:image\" content=\"http:\/\/localhost\/app\/uploads\/2024\/01\/IMG_2676-scaled.jpg\" \/>\n\t<meta property=\"og:image:width\" content=\"1920\" \/>\n\t<meta property=\"og:image:height\" content=\"2560\" \/>\n\t<meta property=\"og:image:type\" content=\"image\/jpeg\" \/>\n<meta name=\"author\" content=\"Anton Rask Hauge Steffensen\" \/>\n<meta name=\"twitter:card\" content=\"summary_large_image\" \/>\n<meta name=\"twitter:label1\" content=\"Written by\" \/>\n\t<meta name=\"twitter:data1\" content=\"Anton Rask Hauge Steffensen\" \/>\n\t<meta name=\"twitter:label2\" content=\"Est. reading time\" \/>\n\t<meta name=\"twitter:data2\" content=\"1 minute\" \/>\n<script type=\"application\/ld+json\" class=\"yoast-schema-graph\">{\"@context\":\"https:\\\/\\\/schema.org\",\"@graph\":[{\"@type\":\"Article\",\"@id\":\"http:\\\/\\\/localhost\\\/noerlundfonden-modtager-interforce-skjoldet\\\/#article\",\"isPartOf\":{\"@id\":\"http:\\\/\\\/localhost\\\/noerlundfonden-modtager-interforce-skjoldet\\\/\"},\"author\":{\"name\":\"Anton Rask Hauge Steffensen\",\"@id\":\"https:\\\/\\\/www.interforce.dk\\\/#\\\/schema\\\/person\\\/93de0ad27fec55a2f38d2195162834c7\"},\"headline\":\"N\u00f8rlundfonden modtager InterForce-skjoldet\",\"datePublished\":\"2024-01-29T11:30:00+00:00\",\"mainEntityOfPage\":{\"@id\":\"http:\\\/\\\/localhost\\\/noerlundfonden-modtager-interforce-skjoldet\\\/\"},\"wordCount\":302,\"image\":{\"@id\":\"http:\\\/\\\/localhost\\\/noerlundfonden-modtager-interforce-skjoldet\\\/#primaryimage\"},\"thumbnailUrl\":\"https:\\\/\\\/www.interforce.dk\\\/app\\\/uploads\\\/2024\\\/01\\\/IMG_2676-scaled.jpg\",\"keywords\":[\"Tag:Nordjylland\"],\"articleSection\":[\"Nyheder om InterForce\"],\"inLanguage\":\"en-GB\"},{\"@type\":\"WebPage\",\"@id\":\"http:\\\/\\\/localhost\\\/noerlundfonden-modtager-interforce-skjoldet\\\/\",\"url\":\"http:\\\/\\\/localhost\\\/noerlundfonden-modtager-interforce-skjoldet\\\/\",\"name\":\"N\u00f8rlundfonden modtager InterForce-skjoldet - InterForce\",\"isPartOf\":{\"@id\":\"https:\\\/\\\/www.interforce.dk\\\/#website\"},\"primaryImageOfPage\":{\"@id\":\"http:\\\/\\\/localhost\\\/noerlundfonden-modtager-interforce-skjoldet\\\/#primaryimage\"},\"image\":{\"@id\":\"http:\\\/\\\/localhost\\\/noerlundfonden-modtager-interforce-skjoldet\\\/#primaryimage\"},\"thumbnailUrl\":\"https:\\\/\\\/www.interforce.dk\\\/app\\\/uploads\\\/2024\\\/01\\\/IMG_2676-scaled.jpg\",\"datePublished\":\"2024-01-29T11:30:00+00:00\",\"author\":{\"@id\":\"https:\\\/\\\/www.interforce.dk\\\/#\\\/schema\\\/person\\\/93de0ad27fec55a2f38d2195162834c7\"},\"description\":\"InterForce-ambassad\u00f8r Allan Lemming Lohmann Buus overr\u00e6kker InterForce-skjoldet til administrationschef i N\u00f8rlundfonden Elin Nielsen.\",\"breadcrumb\":{\"@id\":\"http:\\\/\\\/localhost\\\/noerlundfonden-modtager-interforce-skjoldet\\\/#breadcrumb\"},\"inLanguage\":\"en-GB\",\"potentialAction\":[{\"@type\":\"ReadAction\",\"target\":[\"http:\\\/\\\/localhost\\\/noerlundfonden-modtager-interforce-skjoldet\\\/\"]}]},{\"@type\":\"ImageObject\",\"inLanguage\":\"en-GB\",\"@id\":\"http:\\\/\\\/localhost\\\/noerlundfonden-modtager-interforce-skjoldet\\\/#primaryimage\",\"url\":\"https:\\\/\\\/www.interforce.dk\\\/app\\\/uploads\\\/2024\\\/01\\\/IMG_2676-scaled.jpg\",\"contentUrl\":\"https:\\\/\\\/www.interforce.dk\\\/app\\\/uploads\\\/2024\\\/01\\\/IMG_2676-scaled.jpg\",\"width\":1920,\"height\":2560},{\"@type\":\"BreadcrumbList\",\"@id\":\"http:\\\/\\\/localhost\\\/noerlundfonden-modtager-interforce-skjoldet\\\/#breadcrumb\",\"itemListElement\":[{\"@type\":\"ListItem\",\"position\":1,\"name\":\"Hjem\",\"item\":\"https:\\\/\\\/www.interforce.dk\\\/\"},{\"@type\":\"ListItem\",\"position\":2,\"name\":\"N\u00f8rlundfonden modtager InterForce-skjoldet\"}]},{\"@type\":\"WebSite\",\"@id\":\"https:\\\/\\\/www.interforce.dk\\\/#website\",\"url\":\"https:\\\/\\\/www.interforce.dk\\\/\",\"name\":\"InterForce\",\"description\":\"\",\"potentialAction\":[{\"@type\":\"SearchAction\",\"target\":{\"@type\":\"EntryPoint\",\"urlTemplate\":\"https:\\\/\\\/www.interforce.dk\\\/?s={search_term_string}\"},\"query-input\":{\"@type\":\"PropertyValueSpecification\",\"valueRequired\":true,\"valueName\":\"search_term_string\"}}],\"inLanguage\":\"en-GB\"},{\"@type\":\"Person\",\"@id\":\"https:\\\/\\\/www.interforce.dk\\\/#\\\/schema\\\/person\\\/93de0ad27fec55a2f38d2195162834c7\",\"name\":\"Anton Rask Hauge Steffensen\",\"image\":{\"@type\":\"ImageObject\",\"inLanguage\":\"en-GB\",\"@id\":\"https:\\\/\\\/secure.gravatar.com\\\/avatar\\\/8e4247cfae5f9f3cbd0c18740bdc45f335fc586e35e954f20e626e45d46e568d?s=96&d=mm&r=g\",\"url\":\"https:\\\/\\\/secure.gravatar.com\\\/avatar\\\/8e4247cfae5f9f3cbd0c18740bdc45f335fc586e35e954f20e626e45d46e568d?s=96&d=mm&r=g\",\"contentUrl\":\"https:\\\/\\\/secure.gravatar.com\\\/avatar\\\/8e4247cfae5f9f3cbd0c18740bdc45f335fc586e35e954f20e626e45d46e568d?s=96&d=mm&r=g\",\"caption\":\"Anton Rask Hauge Steffensen\"},\"url\":\"https:\\\/\\\/www.interforce.dk\\\/en\\\/author\\\/anton\\\/\"}]}<\/script>\n<!-- \/ Yoast SEO plugin. -->","yoast_head_json":{"title":"N\u00f8rlundfonden modtager InterForce-skjoldet - InterForce","description":"InterForce-ambassad\u00f8r Allan Lemming Lohmann Buus overr\u00e6kker InterForce-skjoldet til administrationschef i N\u00f8rlundfonden Elin Nielsen.","robots":{"index":"index","follow":"follow","max-snippet":"max-snippet:-1","max-image-preview":"max-image-preview:large","max-video-preview":"max-video-preview:-1"},"canonical":"http:\/\/localhost\/noerlundfonden-modtager-interforce-skjoldet\/","og_locale":"en_GB","og_type":"article","og_title":"N\u00f8rlundfonden modtager InterForce-skjoldet - InterForce","og_description":"InterForce-ambassad\u00f8r Allan Lemming Lohmann Buus overr\u00e6kker InterForce-skjoldet til administrationschef i N\u00f8rlundfonden Elin Nielsen.","og_url":"http:\/\/localhost\/noerlundfonden-modtager-interforce-skjoldet\/","og_site_name":"InterForce","article_published_time":"2024-01-29T11:30:00+00:00","og_image":[{"width":1920,"height":2560,"url":"http:\/\/localhost\/app\/uploads\/2024\/01\/IMG_2676-scaled.jpg","type":"image\/jpeg"}],"author":"Anton Rask Hauge Steffensen","twitter_card":"summary_large_image","twitter_misc":{"Written by":"Anton Rask Hauge Steffensen","Est. reading time":"1 minute"},"schema":{"@context":"https:\/\/schema.org","@graph":[{"@type":"Article","@id":"http:\/\/localhost\/noerlundfonden-modtager-interforce-skjoldet\/#article","isPartOf":{"@id":"http:\/\/localhost\/noerlundfonden-modtager-interforce-skjoldet\/"},"author":{"name":"Anton Rask Hauge Steffensen","@id":"https:\/\/www.interforce.dk\/#\/schema\/person\/93de0ad27fec55a2f38d2195162834c7"},"headline":"N\u00f8rlundfonden modtager InterForce-skjoldet","datePublished":"2024-01-29T11:30:00+00:00","mainEntityOfPage":{"@id":"http:\/\/localhost\/noerlundfonden-modtager-interforce-skjoldet\/"},"wordCount":302,"image":{"@id":"http:\/\/localhost\/noerlundfonden-modtager-interforce-skjoldet\/#primaryimage"},"thumbnailUrl":"https:\/\/www.interforce.dk\/app\/uploads\/2024\/01\/IMG_2676-scaled.jpg","keywords":["Tag:Nordjylland"],"articleSection":["Nyheder om InterForce"],"inLanguage":"en-GB"},{"@type":"WebPage","@id":"http:\/\/localhost\/noerlundfonden-modtager-interforce-skjoldet\/","url":"http:\/\/localhost\/noerlundfonden-modtager-interforce-skjoldet\/","name":"N\u00f8rlundfonden modtager InterForce-skjoldet - InterForce","isPartOf":{"@id":"https:\/\/www.interforce.dk\/#website"},"primaryImageOfPage":{"@id":"http:\/\/localhost\/noerlundfonden-modtager-interforce-skjoldet\/#primaryimage"},"image":{"@id":"http:\/\/localhost\/noerlundfonden-modtager-interforce-skjoldet\/#primaryimage"},"thumbnailUrl":"https:\/\/www.interforce.dk\/app\/uploads\/2024\/01\/IMG_2676-scaled.jpg","datePublished":"2024-01-29T11:30:00+00:00","author":{"@id":"https:\/\/www.interforce.dk\/#\/schema\/person\/93de0ad27fec55a2f38d2195162834c7"},"description":"InterForce-ambassad\u00f8r Allan Lemming Lohmann Buus overr\u00e6kker InterForce-skjoldet til administrationschef i N\u00f8rlundfonden Elin Nielsen.","breadcrumb":{"@id":"http:\/\/localhost\/noerlundfonden-modtager-interforce-skjoldet\/#breadcrumb"},"inLanguage":"en-GB","potentialAction":[{"@type":"ReadAction","target":["http:\/\/localhost\/noerlundfonden-modtager-interforce-skjoldet\/"]}]},{"@type":"ImageObject","inLanguage":"en-GB","@id":"http:\/\/localhost\/noerlundfonden-modtager-interforce-skjoldet\/#primaryimage","url":"https:\/\/www.interforce.dk\/app\/uploads\/2024\/01\/IMG_2676-scaled.jpg","contentUrl":"https:\/\/www.interforce.dk\/app\/uploads\/2024\/01\/IMG_2676-scaled.jpg","width":1920,"height":2560},{"@type":"BreadcrumbList","@id":"http:\/\/localhost\/noerlundfonden-modtager-interforce-skjoldet\/#breadcrumb","itemListElement":[{"@type":"ListItem","position":1,"name":"Hjem","item":"https:\/\/www.interforce.dk\/"},{"@type":"ListItem","position":2,"name":"N\u00f8rlundfonden modtager InterForce-skjoldet"}]},{"@type":"WebSite","@id":"https:\/\/www.interforce.dk\/#website","url":"https:\/\/www.interforce.dk\/","name":"InterForce","description":"","potentialAction":[{"@type":"SearchAction","target":{"@type":"EntryPoint","urlTemplate":"https:\/\/www.interforce.dk\/?s={search_term_string}"},"query-input":{"@type":"PropertyValueSpecification","valueRequired":true,"valueName":"search_term_string"}}],"inLanguage":"en-GB"},{"@type":"Person","@id":"https:\/\/www.interforce.dk\/#\/schema\/person\/93de0ad27fec55a2f38d2195162834c7","name":"Anton Rask Hauge Steffensen","image":{"@type":"ImageObject","inLanguage":"en-GB","@id":"https:\/\/secure.gravatar.com\/avatar\/8e4247cfae5f9f3cbd0c18740bdc45f335fc586e35e954f20e626e45d46e568d?s=96&d=mm&r=g","url":"https:\/\/secure.gravatar.com\/avatar\/8e4247cfae5f9f3cbd0c18740bdc45f335fc586e35e954f20e626e45d46e568d?s=96&d=mm&r=g","contentUrl":"https:\/\/secure.gravatar.com\/avatar\/8e4247cfae5f9f3cbd0c18740bdc45f335fc586e35e954f20e626e45d46e568d?s=96&d=mm&r=g","caption":"Anton Rask Hauge Steffensen"},"url":"https:\/\/www.interforce.dk\/en\/author\/anton\/"}]}},"_links":{"self":[{"href":"https:\/\/www.interforce.dk\/en\/wp-json\/wp\/v2\/posts\/15249","targetHints":{"allow":["GET"]}}],"collection":[{"href":"https:\/\/www.interforce.dk\/en\/wp-json\/wp\/v2\/posts"}],"about":[{"href":"https:\/\/www.interforce.dk\/en\/wp-json\/wp\/v2\/types\/post"}],"author":[{"embeddable":true,"href":"https:\/\/www.interforce.dk\/en\/wp-json\/wp\/v2\/users\/122"}],"replies":[{"embeddable":true,"href":"https:\/\/www.interforce.dk\/en\/wp-json\/wp\/v2\/comments?post=15249"}],"version-history":[{"count":1,"href":"https:\/\/www.interforce.dk\/en\/wp-json\/wp\/v2\/posts\/15249\/revisions"}],"predecessor-version":[{"id":15251,"href":"https:\/\/www.interforce.dk\/en\/wp-json\/wp\/v2\/posts\/15249\/revisions\/15251"}],"wp:featuredmedia":[{"embeddable":true,"href":"https:\/\/www.interforce.dk\/en\/wp-json\/wp\/v2\/media\/15250"}],"wp:attachment":[{"href":"https:\/\/www.interforce.dk\/en\/wp-json\/wp\/v2\/media?parent=15249"}],"wp:term":[{"taxonomy":"category","embeddable":true,"href":"https:\/\/www.interforce.dk\/en\/wp-json\/wp\/v2\/categories?post=15249"},{"taxonomy":"post_tag","embeddable":true,"href":"https:\/\/www.interforce.dk\/en\/wp-json\/wp\/v2\/tags?post=15249"}],"curies":[{"name":"wp","href":"https:\/\/api.w.org\/{rel}","templated":true}]}}