{"id":15222,"date":"2024-01-18T14:46:04","date_gmt":"2024-01-18T14:46:04","guid":{"rendered":"https:\/\/www.interforce.dk\/?p=15222"},"modified":"2024-01-18T14:46:05","modified_gmt":"2024-01-18T14:46:05","slug":"region-hovedstaden-stoetter-op-om-interforce","status":"publish","type":"post","link":"https:\/\/www.interforce.dk\/en\/region-hovedstaden-stoetter-op-om-interforce\/","title":{"rendered":"Region Hovedstaden st\u00f8tter op om InterForce"},"content":{"rendered":"<div class=\"block core-block core-block--paragraph\">\n      <div class=\"inner inner--small\">\n      \n<p>Region Hovedstaden, der har ca. 45.000 ansatte, har valgt aktivt at st\u00f8tte op om dansk forsvar og beredskab. <\/p>\n\n      <\/div>\n  <\/div>\n<div class=\"block core-block core-block--paragraph\">\n      <div class=\"inner inner--small\">\n      \n<p>I en artikel til alle regionens ansatte skriver regionsdirekt\u00f8r Jens Gordon Clausen:<\/p>\n\n      <\/div>\n  <\/div>\n<div class=\"block core-block core-block--paragraph\">\n      <div class=\"inner inner--small\">\n      \n<p>&#8220;I en usikker verden er det vigtigt, at Danmark har et godt beredskab. [&#8230;] Det er vigtigt, at vi som sundhedsv\u00e6sen bakker op om landets sikkerhed &#8211; og desv\u00e6rre m\u00e5 vi jo konstatere, at det ikke er blevet mindre vigtigt i de seneneste \u00e5r med krig i Ukraine og den generelle sikkerhedssituation rundt om i verden.&#8221;<\/p>\n\n      <\/div>\n  <\/div>\n<div class=\"block core-block core-block--image\">\n      <div class=\"inner inner--small\">\n      \n<figure class=\"wp-block-image size-large\"><img loading=\"lazy\" decoding=\"async\" width=\"1024\" height=\"576\" src=\"https:\/\/www.interforce.dk\/app\/uploads\/2024\/01\/Region-Hovedstaden-InterForce-IV-1024x576.jpg\" alt=\"Region Hovedstaden InterForce\" class=\"wp-image-15226\" srcset=\"https:\/\/www.interforce.dk\/app\/uploads\/2024\/01\/Region-Hovedstaden-InterForce-IV-1024x576.jpg 1024w, https:\/\/www.interforce.dk\/app\/uploads\/2024\/01\/Region-Hovedstaden-InterForce-IV-300x169.jpg 300w, https:\/\/www.interforce.dk\/app\/uploads\/2024\/01\/Region-Hovedstaden-InterForce-IV-768x432.jpg 768w, https:\/\/www.interforce.dk\/app\/uploads\/2024\/01\/Region-Hovedstaden-InterForce-IV-1536x864.jpg 1536w, https:\/\/www.interforce.dk\/app\/uploads\/2024\/01\/Region-Hovedstaden-InterForce-IV-2048x1152.jpg 2048w, https:\/\/www.interforce.dk\/app\/uploads\/2024\/01\/Region-Hovedstaden-InterForce-IV-18x10.jpg 18w\" sizes=\"auto, (max-width: 1024px) 100vw, 1024px\" \/><figcaption class=\"wp-element-caption\"><em>Regionsdirekt\u00f8r Jens Gordon Clausen, regionsr\u00e5dsformand Lars Gaardh\u00f8j og InterForce-ambassad\u00f8r Michael Wallin.<\/em><\/figcaption><\/figure>\n\n      <\/div>\n  <\/div>\n<div class=\"block core-block core-block--heading\">\n      <div class=\"inner inner--small\">\n      \n<h2 class=\"wp-block-heading\">Medlem af InterForce<\/h2>\n\n      <\/div>\n  <\/div>\n<div class=\"block core-block core-block--paragraph\">\n      <div class=\"inner inner--small\">\n      \n<p>Som en forankring af sin st\u00f8tte til dansk forsvar og beredskab her Region Hovedstaden derfor valgt at blive medlem af InterForce.<\/p>\n\n      <\/div>\n  <\/div>\n<div class=\"block core-block core-block--paragraph\">\n      <div class=\"inner inner--small\">\n      \n<p>InterForce er tilknyttet Forsvaret og arbejder for at sikre opbakning til dansk forsvar og beredskab blandt private virksomheder og offentlige institutioner. <\/p>\n\n      <\/div>\n  <\/div>\n<div class=\"block core-block core-block--paragraph\">\n      <div class=\"inner inner--small\">\n      \n<p>Om medlemskabet af InterForce skriver Jens Gordon Clausen:<\/p>\n\n      <\/div>\n  <\/div>\n<div class=\"block core-block core-block--paragraph\">\n      <div class=\"inner inner--small\">\n      \n<p>&#8220;Jeg er glad for, at Region Hovedstaden nu er blevet medlem af InterForce, og at vi dermed styrker samarbejdet mellem Forsvaret og sundhedsv\u00e6senet. Vores medarbejdere kan blandt andet bidrage med sundhedsfaglige kompetencer, der er livsvigtige i krisesituationer, og de medarbejdere vil vi selvf\u00f8lgelig bakke op om som arbejdsplads.&#8221;<\/p>\n\n      <\/div>\n  <\/div>\n<div class=\"block core-block core-block--heading\">\n      <div class=\"inner inner--small\">\n      \n<h2 class=\"wp-block-heading\">Tjeneste i en usikker verden<\/h2>\n\n      <\/div>\n  <\/div>\n<div class=\"block core-block core-block--paragraph\">\n      <div class=\"inner inner--small\">\n      \n<p>At Region Hovedstaden er blevet medlem af InterForce er f\u00f8rst og fremmest udtryk for regionens anerkendelse af og st\u00f8tte til de medarbejdere, der ved siden af deres civile job i regionen g\u00f8r en indsats i uniform for Danmarks forsvar og beredskab.<\/p>\n\n      <\/div>\n  <\/div>\n<div class=\"block core-block core-block--image\">\n      <div class=\"inner inner--small\">\n      \n<figure class=\"wp-block-image size-large\"><img loading=\"lazy\" decoding=\"async\" width=\"1024\" height=\"576\" src=\"https:\/\/www.interforce.dk\/app\/uploads\/2024\/01\/Region-Hovedstaden-InterForce-II-1024x576.jpg\" alt=\"Region Hovedstaden InterForce\" class=\"wp-image-15224\" srcset=\"https:\/\/www.interforce.dk\/app\/uploads\/2024\/01\/Region-Hovedstaden-InterForce-II-1024x576.jpg 1024w, https:\/\/www.interforce.dk\/app\/uploads\/2024\/01\/Region-Hovedstaden-InterForce-II-300x169.jpg 300w, https:\/\/www.interforce.dk\/app\/uploads\/2024\/01\/Region-Hovedstaden-InterForce-II-768x432.jpg 768w, https:\/\/www.interforce.dk\/app\/uploads\/2024\/01\/Region-Hovedstaden-InterForce-II-1536x864.jpg 1536w, https:\/\/www.interforce.dk\/app\/uploads\/2024\/01\/Region-Hovedstaden-InterForce-II-2048x1152.jpg 2048w, https:\/\/www.interforce.dk\/app\/uploads\/2024\/01\/Region-Hovedstaden-InterForce-II-18x10.jpg 18w\" sizes=\"auto, (max-width: 1024px) 100vw, 1024px\" \/><figcaption class=\"wp-element-caption\"><em>Region Hovedstaden vil nu g\u00f8re det lettere for sine medarbejdere i uniform at g\u00f8re tjeneste.<\/em><\/figcaption><\/figure>\n\n      <\/div>\n  <\/div>\n<div class=\"block core-block core-block--paragraph\">\n      <div class=\"inner inner--small\">\n      \n<p>Men samarbejdet vil ogs\u00e5 helt konkret medf\u00f8re, at regionen vil g\u00f8re det nemmere for sine medarbejdere i uniform at f\u00e5 fri til at g\u00f8re tjeneste, hvis man er reservist i Forsvaret eller frivillig i Hjemmev\u00e6rnet eller beredskabet. <\/p>\n\n      <\/div>\n  <\/div>\n<div class=\"block core-block core-block--heading\">\n      <div class=\"inner inner--small\">\n      \n<h2 class=\"wp-block-heading\">InterForce-skjold til regionen<\/h2>\n\n      <\/div>\n  <\/div>\n<div class=\"block core-block core-block--paragraph\">\n      <div class=\"inner inner--small\">\n      \n<p>Som en stor tak og anerkendelse for Region Hovedstadens opbakning til dansk forsvar og beredskab overrakte InterForce-ambassad\u00f8r Michael Wallin med stor gl\u00e6de InterForce-skjoldet til regionsr\u00e5dsformand Lars Gaardh\u00f8j og regionsdirekt\u00f8r Jens Gordon Clausen.<\/p>\n\n      <\/div>\n  <\/div>\n<div class=\"block core-block core-block--image\">\n      <div class=\"inner inner--small\">\n      \n<figure class=\"wp-block-image size-large\"><img loading=\"lazy\" decoding=\"async\" width=\"1024\" height=\"576\" src=\"https:\/\/www.interforce.dk\/app\/uploads\/2024\/01\/Region-Hovedstaden-InterForce-III-1024x576.jpg\" alt=\"Region Hovedstaden InterForce\" class=\"wp-image-15225\" srcset=\"https:\/\/www.interforce.dk\/app\/uploads\/2024\/01\/Region-Hovedstaden-InterForce-III-1024x576.jpg 1024w, https:\/\/www.interforce.dk\/app\/uploads\/2024\/01\/Region-Hovedstaden-InterForce-III-300x169.jpg 300w, https:\/\/www.interforce.dk\/app\/uploads\/2024\/01\/Region-Hovedstaden-InterForce-III-768x432.jpg 768w, https:\/\/www.interforce.dk\/app\/uploads\/2024\/01\/Region-Hovedstaden-InterForce-III-1536x864.jpg 1536w, https:\/\/www.interforce.dk\/app\/uploads\/2024\/01\/Region-Hovedstaden-InterForce-III-2048x1152.jpg 2048w, https:\/\/www.interforce.dk\/app\/uploads\/2024\/01\/Region-Hovedstaden-InterForce-III-18x10.jpg 18w\" sizes=\"auto, (max-width: 1024px) 100vw, 1024px\" \/><figcaption class=\"wp-element-caption\"><em>InterForce-ambassad\u00f8r Michael Wallin (tv) overr\u00e6kker InterForce-skjoldet til regionsdirekt\u00f8r Jens Gorden Clausen (midt) og regionsformand Lars Gaardh\u00f8j (th).<\/em><\/figcaption><\/figure>\n\n      <\/div>\n  <\/div>\n<div class=\"block core-block core-block--paragraph\">\n      <div class=\"inner inner--small\">\n      \n<p>I forbindelse med overr\u00e6kkelsen udtalte Jens Gordon Clausen:<\/p>\n\n      <\/div>\n  <\/div>\n<div class=\"block core-block core-block--paragraph\">\n      <div class=\"inner inner--small\">\n      \n<p>\u201dJeg er sikker p\u00e5, at vi som organisation f\u00e5r en masse godt ud af at have medarbejdere med tilknytning til Forsvaret. Medarbejderne har nemlig en masse at bidrage med, n\u00e5r det handler om ledelse og planl\u00e6gning &#8211; og ikke mindst at kunne holde hovedet koldt i pressede situationer.\u201d\u00a0<\/p>\n\n      <\/div>\n  <\/div>\n<div class=\"block core-block core-block--paragraph\">\n      <div class=\"inner inner--small\">\n      \n<p>InterForce byder Region Hovedstaden hjerteligt velkommen blandt de over 2.500 danske virksomheder og offentlige organisationer, der nu er medlem af InterForce. Tilsammen repr\u00e6senterer disse medlemmer over 1 mio. danske arbejdspladser. <\/p>\n\n      <\/div>\n  <\/div>\n<div class=\"block core-block core-block--paragraph\">\n      <div class=\"inner inner--small\">\n      \n<p>Vi er sammen om Danmark sikkerhed.<\/p>\n\n      <\/div>\n  <\/div>\n<div class=\"block core-block core-block--paragraph\">\n      <div class=\"inner inner--small\">\n      \n<p>___<\/p>\n\n      <\/div>\n  <\/div>\n<div class=\"block core-block core-block--paragraph\">\n      <div class=\"inner inner--small\">\n      \n<p><strong>L\u00e6s ogs\u00e5<\/strong> om de fem store danske virksomheder, der har skrevet under p\u00e5, at de fremadrettet vil give deres ansatte fem dage fri med l\u00f8n om \u00e5ret til at g\u00f8re tjeneste i uniform<\/p>\n\n      <\/div>\n  <\/div>\n<div class=\"block core-block core-block--paragraph\">\n      <div class=\"inner inner--small\">\n      \n<p><a href=\"https:\/\/www.interforce.dk\/stoettevirksomheder-hos-interforce\/\" target=\"_blank\" rel=\"noreferrer noopener\">St\u00f8ttevirksomheder hos InterForce<\/a><\/p>\n\n      <\/div>\n  <\/div>\n","protected":false},"excerpt":{"rendered":"Region Hovedstaden st\u00f8tter med sine ca. 45.000 medarbejdere op om dansk forsvar...","protected":false},"author":111,"featured_media":15226,"comment_status":"closed","ping_status":"closed","sticky":false,"template":"","format":"standard","meta":{"_acf_changed":false,"footnotes":""},"categories":[12],"tags":[55],"class_list":["post-15222","post","type-post","status-publish","format-standard","has-post-thumbnail","hentry","category-nyt-om-if","tag-tag-hovedstaden"],"acf":[],"yoast_head":"<!-- This site is optimized with the Yoast SEO plugin v27.3 - https:\/\/yoast.com\/product\/yoast-seo-wordpress\/ -->\n<title>Region Hovedstaden st\u00f8tter op om InterForce - InterForce<\/title>\n<meta name=\"description\" content=\"Region Hovedstaden st\u00f8tter med sine ca. 45.000 medarbejdere op om dansk forsvar og beredskab. Regionen er nu medlem af InterForce.\" \/>\n<meta name=\"robots\" content=\"index, follow, max-snippet:-1, max-image-preview:large, max-video-preview:-1\" \/>\n<link rel=\"canonical\" href=\"https:\/\/www.interforce.dk\/en\/region-hovedstaden-stoetter-op-om-interforce\/\" \/>\n<meta property=\"og:locale\" content=\"en_GB\" \/>\n<meta property=\"og:type\" content=\"article\" \/>\n<meta property=\"og:title\" content=\"Region Hovedstaden st\u00f8tter op om InterForce - InterForce\" \/>\n<meta property=\"og:description\" content=\"Region Hovedstaden st\u00f8tter med sine ca. 45.000 medarbejdere op om dansk forsvar og beredskab. Regionen er nu medlem af InterForce.\" \/>\n<meta property=\"og:url\" content=\"https:\/\/www.interforce.dk\/en\/region-hovedstaden-stoetter-op-om-interforce\/\" \/>\n<meta property=\"og:site_name\" content=\"InterForce\" \/>\n<meta property=\"article:published_time\" content=\"2024-01-18T14:46:04+00:00\" \/>\n<meta property=\"article:modified_time\" content=\"2024-01-18T14:46:05+00:00\" \/>\n<meta property=\"og:image\" content=\"https:\/\/www.interforce.dk\/app\/uploads\/2024\/01\/Region-Hovedstaden-InterForce-IV-scaled.jpg\" \/>\n\t<meta property=\"og:image:width\" content=\"2560\" \/>\n\t<meta property=\"og:image:height\" content=\"1439\" \/>\n\t<meta property=\"og:image:type\" content=\"image\/jpeg\" \/>\n<meta name=\"author\" content=\"Simon Staffeldt Schou\" \/>\n<meta name=\"twitter:card\" content=\"summary_large_image\" \/>\n<meta name=\"twitter:label1\" content=\"Written by\" \/>\n\t<meta name=\"twitter:data1\" content=\"Simon Staffeldt Schou\" \/>\n\t<meta name=\"twitter:label2\" content=\"Est. reading time\" \/>\n\t<meta name=\"twitter:data2\" content=\"3 minutes\" \/>\n<script type=\"application\/ld+json\" class=\"yoast-schema-graph\">{\"@context\":\"https:\\\/\\\/schema.org\",\"@graph\":[{\"@type\":\"Article\",\"@id\":\"https:\\\/\\\/www.interforce.dk\\\/region-hovedstaden-stoetter-op-om-interforce\\\/#article\",\"isPartOf\":{\"@id\":\"https:\\\/\\\/www.interforce.dk\\\/region-hovedstaden-stoetter-op-om-interforce\\\/\"},\"author\":{\"name\":\"Simon Staffeldt Schou\",\"@id\":\"https:\\\/\\\/www.interforce.dk\\\/#\\\/schema\\\/person\\\/3604a2bb29e48048ea484fbfb3703fad\"},\"headline\":\"Region Hovedstaden st\u00f8tter op om InterForce\",\"datePublished\":\"2024-01-18T14:46:04+00:00\",\"dateModified\":\"2024-01-18T14:46:05+00:00\",\"mainEntityOfPage\":{\"@id\":\"https:\\\/\\\/www.interforce.dk\\\/region-hovedstaden-stoetter-op-om-interforce\\\/\"},\"wordCount\":517,\"image\":{\"@id\":\"https:\\\/\\\/www.interforce.dk\\\/region-hovedstaden-stoetter-op-om-interforce\\\/#primaryimage\"},\"thumbnailUrl\":\"https:\\\/\\\/www.interforce.dk\\\/app\\\/uploads\\\/2024\\\/01\\\/Region-Hovedstaden-InterForce-IV-scaled.jpg\",\"keywords\":[\"Tag:Hovedstaden\"],\"articleSection\":[\"Nyheder om InterForce\"],\"inLanguage\":\"en-GB\"},{\"@type\":\"WebPage\",\"@id\":\"https:\\\/\\\/www.interforce.dk\\\/region-hovedstaden-stoetter-op-om-interforce\\\/\",\"url\":\"https:\\\/\\\/www.interforce.dk\\\/region-hovedstaden-stoetter-op-om-interforce\\\/\",\"name\":\"Region Hovedstaden st\u00f8tter op om InterForce - InterForce\",\"isPartOf\":{\"@id\":\"https:\\\/\\\/www.interforce.dk\\\/#website\"},\"primaryImageOfPage\":{\"@id\":\"https:\\\/\\\/www.interforce.dk\\\/region-hovedstaden-stoetter-op-om-interforce\\\/#primaryimage\"},\"image\":{\"@id\":\"https:\\\/\\\/www.interforce.dk\\\/region-hovedstaden-stoetter-op-om-interforce\\\/#primaryimage\"},\"thumbnailUrl\":\"https:\\\/\\\/www.interforce.dk\\\/app\\\/uploads\\\/2024\\\/01\\\/Region-Hovedstaden-InterForce-IV-scaled.jpg\",\"datePublished\":\"2024-01-18T14:46:04+00:00\",\"dateModified\":\"2024-01-18T14:46:05+00:00\",\"author\":{\"@id\":\"https:\\\/\\\/www.interforce.dk\\\/#\\\/schema\\\/person\\\/3604a2bb29e48048ea484fbfb3703fad\"},\"description\":\"Region Hovedstaden st\u00f8tter med sine ca. 45.000 medarbejdere op om dansk forsvar og beredskab. Regionen er nu medlem af InterForce.\",\"breadcrumb\":{\"@id\":\"https:\\\/\\\/www.interforce.dk\\\/region-hovedstaden-stoetter-op-om-interforce\\\/#breadcrumb\"},\"inLanguage\":\"en-GB\",\"potentialAction\":[{\"@type\":\"ReadAction\",\"target\":[\"https:\\\/\\\/www.interforce.dk\\\/region-hovedstaden-stoetter-op-om-interforce\\\/\"]}]},{\"@type\":\"ImageObject\",\"inLanguage\":\"en-GB\",\"@id\":\"https:\\\/\\\/www.interforce.dk\\\/region-hovedstaden-stoetter-op-om-interforce\\\/#primaryimage\",\"url\":\"https:\\\/\\\/www.interforce.dk\\\/app\\\/uploads\\\/2024\\\/01\\\/Region-Hovedstaden-InterForce-IV-scaled.jpg\",\"contentUrl\":\"https:\\\/\\\/www.interforce.dk\\\/app\\\/uploads\\\/2024\\\/01\\\/Region-Hovedstaden-InterForce-IV-scaled.jpg\",\"width\":2560,\"height\":1439,\"caption\":\"Region Hovedstaden InterForce\"},{\"@type\":\"BreadcrumbList\",\"@id\":\"https:\\\/\\\/www.interforce.dk\\\/region-hovedstaden-stoetter-op-om-interforce\\\/#breadcrumb\",\"itemListElement\":[{\"@type\":\"ListItem\",\"position\":1,\"name\":\"Hjem\",\"item\":\"https:\\\/\\\/www.interforce.dk\\\/\"},{\"@type\":\"ListItem\",\"position\":2,\"name\":\"Region Hovedstaden st\u00f8tter op om InterForce\"}]},{\"@type\":\"WebSite\",\"@id\":\"https:\\\/\\\/www.interforce.dk\\\/#website\",\"url\":\"https:\\\/\\\/www.interforce.dk\\\/\",\"name\":\"InterForce\",\"description\":\"\",\"potentialAction\":[{\"@type\":\"SearchAction\",\"target\":{\"@type\":\"EntryPoint\",\"urlTemplate\":\"https:\\\/\\\/www.interforce.dk\\\/?s={search_term_string}\"},\"query-input\":{\"@type\":\"PropertyValueSpecification\",\"valueRequired\":true,\"valueName\":\"search_term_string\"}}],\"inLanguage\":\"en-GB\"},{\"@type\":\"Person\",\"@id\":\"https:\\\/\\\/www.interforce.dk\\\/#\\\/schema\\\/person\\\/3604a2bb29e48048ea484fbfb3703fad\",\"name\":\"Simon Staffeldt Schou\",\"image\":{\"@type\":\"ImageObject\",\"inLanguage\":\"en-GB\",\"@id\":\"https:\\\/\\\/secure.gravatar.com\\\/avatar\\\/1ff3b89414668243258c5ed26b84872c273dcdf7fe7ee0c553a52e1b4c2002fd?s=96&d=mm&r=g\",\"url\":\"https:\\\/\\\/secure.gravatar.com\\\/avatar\\\/1ff3b89414668243258c5ed26b84872c273dcdf7fe7ee0c553a52e1b4c2002fd?s=96&d=mm&r=g\",\"contentUrl\":\"https:\\\/\\\/secure.gravatar.com\\\/avatar\\\/1ff3b89414668243258c5ed26b84872c273dcdf7fe7ee0c553a52e1b4c2002fd?s=96&d=mm&r=g\",\"caption\":\"Simon Staffeldt Schou\"},\"url\":\"https:\\\/\\\/www.interforce.dk\\\/en\\\/author\\\/simon\\\/\"}]}<\/script>\n<!-- \/ Yoast SEO plugin. -->","yoast_head_json":{"title":"Region Hovedstaden st\u00f8tter op om InterForce - InterForce","description":"Region Hovedstaden st\u00f8tter med sine ca. 45.000 medarbejdere op om dansk forsvar og beredskab. Regionen er nu medlem af InterForce.","robots":{"index":"index","follow":"follow","max-snippet":"max-snippet:-1","max-image-preview":"max-image-preview:large","max-video-preview":"max-video-preview:-1"},"canonical":"https:\/\/www.interforce.dk\/en\/region-hovedstaden-stoetter-op-om-interforce\/","og_locale":"en_GB","og_type":"article","og_title":"Region Hovedstaden st\u00f8tter op om InterForce - InterForce","og_description":"Region Hovedstaden st\u00f8tter med sine ca. 45.000 medarbejdere op om dansk forsvar og beredskab. Regionen er nu medlem af InterForce.","og_url":"https:\/\/www.interforce.dk\/en\/region-hovedstaden-stoetter-op-om-interforce\/","og_site_name":"InterForce","article_published_time":"2024-01-18T14:46:04+00:00","article_modified_time":"2024-01-18T14:46:05+00:00","og_image":[{"width":2560,"height":1439,"url":"https:\/\/www.interforce.dk\/app\/uploads\/2024\/01\/Region-Hovedstaden-InterForce-IV-scaled.jpg","type":"image\/jpeg"}],"author":"Simon Staffeldt Schou","twitter_card":"summary_large_image","twitter_misc":{"Written by":"Simon Staffeldt Schou","Est. reading time":"3 minutes"},"schema":{"@context":"https:\/\/schema.org","@graph":[{"@type":"Article","@id":"https:\/\/www.interforce.dk\/region-hovedstaden-stoetter-op-om-interforce\/#article","isPartOf":{"@id":"https:\/\/www.interforce.dk\/region-hovedstaden-stoetter-op-om-interforce\/"},"author":{"name":"Simon Staffeldt Schou","@id":"https:\/\/www.interforce.dk\/#\/schema\/person\/3604a2bb29e48048ea484fbfb3703fad"},"headline":"Region Hovedstaden st\u00f8tter op om InterForce","datePublished":"2024-01-18T14:46:04+00:00","dateModified":"2024-01-18T14:46:05+00:00","mainEntityOfPage":{"@id":"https:\/\/www.interforce.dk\/region-hovedstaden-stoetter-op-om-interforce\/"},"wordCount":517,"image":{"@id":"https:\/\/www.interforce.dk\/region-hovedstaden-stoetter-op-om-interforce\/#primaryimage"},"thumbnailUrl":"https:\/\/www.interforce.dk\/app\/uploads\/2024\/01\/Region-Hovedstaden-InterForce-IV-scaled.jpg","keywords":["Tag:Hovedstaden"],"articleSection":["Nyheder om InterForce"],"inLanguage":"en-GB"},{"@type":"WebPage","@id":"https:\/\/www.interforce.dk\/region-hovedstaden-stoetter-op-om-interforce\/","url":"https:\/\/www.interforce.dk\/region-hovedstaden-stoetter-op-om-interforce\/","name":"Region Hovedstaden st\u00f8tter op om InterForce - InterForce","isPartOf":{"@id":"https:\/\/www.interforce.dk\/#website"},"primaryImageOfPage":{"@id":"https:\/\/www.interforce.dk\/region-hovedstaden-stoetter-op-om-interforce\/#primaryimage"},"image":{"@id":"https:\/\/www.interforce.dk\/region-hovedstaden-stoetter-op-om-interforce\/#primaryimage"},"thumbnailUrl":"https:\/\/www.interforce.dk\/app\/uploads\/2024\/01\/Region-Hovedstaden-InterForce-IV-scaled.jpg","datePublished":"2024-01-18T14:46:04+00:00","dateModified":"2024-01-18T14:46:05+00:00","author":{"@id":"https:\/\/www.interforce.dk\/#\/schema\/person\/3604a2bb29e48048ea484fbfb3703fad"},"description":"Region Hovedstaden st\u00f8tter med sine ca. 45.000 medarbejdere op om dansk forsvar og beredskab. Regionen er nu medlem af InterForce.","breadcrumb":{"@id":"https:\/\/www.interforce.dk\/region-hovedstaden-stoetter-op-om-interforce\/#breadcrumb"},"inLanguage":"en-GB","potentialAction":[{"@type":"ReadAction","target":["https:\/\/www.interforce.dk\/region-hovedstaden-stoetter-op-om-interforce\/"]}]},{"@type":"ImageObject","inLanguage":"en-GB","@id":"https:\/\/www.interforce.dk\/region-hovedstaden-stoetter-op-om-interforce\/#primaryimage","url":"https:\/\/www.interforce.dk\/app\/uploads\/2024\/01\/Region-Hovedstaden-InterForce-IV-scaled.jpg","contentUrl":"https:\/\/www.interforce.dk\/app\/uploads\/2024\/01\/Region-Hovedstaden-InterForce-IV-scaled.jpg","width":2560,"height":1439,"caption":"Region Hovedstaden InterForce"},{"@type":"BreadcrumbList","@id":"https:\/\/www.interforce.dk\/region-hovedstaden-stoetter-op-om-interforce\/#breadcrumb","itemListElement":[{"@type":"ListItem","position":1,"name":"Hjem","item":"https:\/\/www.interforce.dk\/"},{"@type":"ListItem","position":2,"name":"Region Hovedstaden st\u00f8tter op om InterForce"}]},{"@type":"WebSite","@id":"https:\/\/www.interforce.dk\/#website","url":"https:\/\/www.interforce.dk\/","name":"InterForce","description":"","potentialAction":[{"@type":"SearchAction","target":{"@type":"EntryPoint","urlTemplate":"https:\/\/www.interforce.dk\/?s={search_term_string}"},"query-input":{"@type":"PropertyValueSpecification","valueRequired":true,"valueName":"search_term_string"}}],"inLanguage":"en-GB"},{"@type":"Person","@id":"https:\/\/www.interforce.dk\/#\/schema\/person\/3604a2bb29e48048ea484fbfb3703fad","name":"Simon Staffeldt Schou","image":{"@type":"ImageObject","inLanguage":"en-GB","@id":"https:\/\/secure.gravatar.com\/avatar\/1ff3b89414668243258c5ed26b84872c273dcdf7fe7ee0c553a52e1b4c2002fd?s=96&d=mm&r=g","url":"https:\/\/secure.gravatar.com\/avatar\/1ff3b89414668243258c5ed26b84872c273dcdf7fe7ee0c553a52e1b4c2002fd?s=96&d=mm&r=g","contentUrl":"https:\/\/secure.gravatar.com\/avatar\/1ff3b89414668243258c5ed26b84872c273dcdf7fe7ee0c553a52e1b4c2002fd?s=96&d=mm&r=g","caption":"Simon Staffeldt Schou"},"url":"https:\/\/www.interforce.dk\/en\/author\/simon\/"}]}},"_links":{"self":[{"href":"https:\/\/www.interforce.dk\/en\/wp-json\/wp\/v2\/posts\/15222","targetHints":{"allow":["GET"]}}],"collection":[{"href":"https:\/\/www.interforce.dk\/en\/wp-json\/wp\/v2\/posts"}],"about":[{"href":"https:\/\/www.interforce.dk\/en\/wp-json\/wp\/v2\/types\/post"}],"author":[{"embeddable":true,"href":"https:\/\/www.interforce.dk\/en\/wp-json\/wp\/v2\/users\/111"}],"replies":[{"embeddable":true,"href":"https:\/\/www.interforce.dk\/en\/wp-json\/wp\/v2\/comments?post=15222"}],"version-history":[{"count":1,"href":"https:\/\/www.interforce.dk\/en\/wp-json\/wp\/v2\/posts\/15222\/revisions"}],"predecessor-version":[{"id":15227,"href":"https:\/\/www.interforce.dk\/en\/wp-json\/wp\/v2\/posts\/15222\/revisions\/15227"}],"wp:featuredmedia":[{"embeddable":true,"href":"https:\/\/www.interforce.dk\/en\/wp-json\/wp\/v2\/media\/15226"}],"wp:attachment":[{"href":"https:\/\/www.interforce.dk\/en\/wp-json\/wp\/v2\/media?parent=15222"}],"wp:term":[{"taxonomy":"category","embeddable":true,"href":"https:\/\/www.interforce.dk\/en\/wp-json\/wp\/v2\/categories?post=15222"},{"taxonomy":"post_tag","embeddable":true,"href":"https:\/\/www.interforce.dk\/en\/wp-json\/wp\/v2\/tags?post=15222"}],"curies":[{"name":"wp","href":"https:\/\/api.w.org\/{rel}","templated":true}]}}