{"id":15152,"date":"2023-11-30T13:05:32","date_gmt":"2023-11-30T13:05:32","guid":{"rendered":"https:\/\/www.interforce.dk\/?p=15152"},"modified":"2023-11-30T13:05:32","modified_gmt":"2023-11-30T13:05:32","slug":"ekstraordinaer-oplevelse-ved-fighter-wing-skrydstrup","status":"publish","type":"post","link":"https:\/\/www.interforce.dk\/en\/ekstraordinaer-oplevelse-ved-fighter-wing-skrydstrup\/","title":{"rendered":"Ekstraordin\u00e6r oplevelse ved Fighter Wing Skrydstrup"},"content":{"rendered":"<div class=\"block core-block core-block--paragraph\">\n      <div class=\"inner inner--small\">\n      \n<p>En st\u00f8rre gruppe InterForce-medlemmer fik d. 16. november en helt unik oplevelse: <\/p>\n\n      <\/div>\n  <\/div>\n<div class=\"block core-block core-block--paragraph\">\n      <div class=\"inner inner--small\">\n      \n<p>De kom nemlig med ind bag hegnet og fik en rundtur p\u00e5 Fighter Wing Skrydstrup. Inklusive et foredrag om F-35-kampflyets kapaciteter, indblik i de helt nyopf\u00f8rte campusfaciliteter og muligheden for at se det spektakul\u00e6re F-35-kampfly helt t\u00e6t p\u00e5.<\/p>\n\n      <\/div>\n  <\/div>\n<div class=\"block core-block core-block--image\">\n      <div class=\"inner inner--small\">\n      \n<figure class=\"wp-block-image size-large\"><img loading=\"lazy\" decoding=\"async\" width=\"1024\" height=\"683\" src=\"https:\/\/www.interforce.dk\/app\/uploads\/2023\/11\/2023-11-16_Interforce_FWSKP_LR_16_RDAF-RTPD-1024x683.jpg\" alt=\"\" class=\"wp-image-15154\" srcset=\"https:\/\/www.interforce.dk\/app\/uploads\/2023\/11\/2023-11-16_Interforce_FWSKP_LR_16_RDAF-RTPD-1024x683.jpg 1024w, https:\/\/www.interforce.dk\/app\/uploads\/2023\/11\/2023-11-16_Interforce_FWSKP_LR_16_RDAF-RTPD-300x200.jpg 300w, https:\/\/www.interforce.dk\/app\/uploads\/2023\/11\/2023-11-16_Interforce_FWSKP_LR_16_RDAF-RTPD-768x512.jpg 768w, https:\/\/www.interforce.dk\/app\/uploads\/2023\/11\/2023-11-16_Interforce_FWSKP_LR_16_RDAF-RTPD-1536x1024.jpg 1536w, https:\/\/www.interforce.dk\/app\/uploads\/2023\/11\/2023-11-16_Interforce_FWSKP_LR_16_RDAF-RTPD-2048x1365.jpg 2048w, https:\/\/www.interforce.dk\/app\/uploads\/2023\/11\/2023-11-16_Interforce_FWSKP_LR_16_RDAF-RTPD-18x12.jpg 18w\" sizes=\"auto, (max-width: 1024px) 100vw, 1024px\" \/><figcaption class=\"wp-element-caption\"><em>Deltagerne fik lov til at se det nye, store kampfly helt t\u00e6t p\u00e5<\/em> <em>og h\u00f8re mere om det fra dem, der selv flyver det.<\/em><\/figcaption><\/figure>\n\n      <\/div>\n  <\/div>\n<div class=\"block core-block core-block--paragraph\">\n      <div class=\"inner inner--small\">\n      \n<p>Deltagerne, som kom fra alle InterForce-regioner, var blevet inviteret til s\u00e6rarrangementet i anledning af, at de f\u00f8rste F-35-kampfly ankom til Danmark i oktober. Arrangementet blev afholdt af InterForce Region Syddanmark i samarbejde med Fighter Wing Skrydstrup.<\/p>\n\n      <\/div>\n  <\/div>\n<div class=\"block core-block core-block--heading\">\n      <div class=\"inner inner--small\">\n      \n<h2 class=\"wp-block-heading\">Topmoderne campus<\/h2>\n\n      <\/div>\n  <\/div>\n<div class=\"block core-block core-block--paragraph\">\n      <div class=\"inner inner--small\">\n      \n<p>Aftenen blev indledt med et opl\u00e6g om det nye campus, der er blevet bygget specielt til F-35-kampflyene. Deltagerne fik et indblik i, hvordan hele den nye facilitet er bygget op som et velsmurt maskineri, der skal underst\u00f8tte implementeringen og p\u00e5 sigt driften af de nye F-35-kampfly. Dern\u00e6st blev g\u00e6sterne guidet gennem faciliteterne og fik et kig bag kulisserne p\u00e5 basen.<\/p>\n\n      <\/div>\n  <\/div>\n<div class=\"block core-block core-block--paragraph\">\n      <div class=\"inner inner--small\">\n      \n<p>Fighter Wing Skrydstrups nye campus imponerer ikke kun med sine moderne faciliteter, men ogs\u00e5 med sit arkitektonisk elegante design. Med briefingrum, undervisningslokaler, teknisk avancerede kontrolcentre og enorme hangarer s\u00e6tter Fighter Wing Skrydstrups campus en ny standard for tr\u00e6ning og operationer i Flyvev\u00e5bnet.<\/p>\n\n      <\/div>\n  <\/div>\n<div class=\"block core-block core-block--image\">\n      <div class=\"inner inner--small\">\n      \n<figure class=\"wp-block-image size-large\"><img loading=\"lazy\" decoding=\"async\" width=\"1024\" height=\"683\" src=\"https:\/\/www.interforce.dk\/app\/uploads\/2023\/11\/2023-11-16_Interforce_FWSKP_LR_13_RDAF-RTPD-1024x683.jpg\" alt=\"\" class=\"wp-image-15158\" srcset=\"https:\/\/www.interforce.dk\/app\/uploads\/2023\/11\/2023-11-16_Interforce_FWSKP_LR_13_RDAF-RTPD-1024x683.jpg 1024w, https:\/\/www.interforce.dk\/app\/uploads\/2023\/11\/2023-11-16_Interforce_FWSKP_LR_13_RDAF-RTPD-300x200.jpg 300w, https:\/\/www.interforce.dk\/app\/uploads\/2023\/11\/2023-11-16_Interforce_FWSKP_LR_13_RDAF-RTPD-768x512.jpg 768w, https:\/\/www.interforce.dk\/app\/uploads\/2023\/11\/2023-11-16_Interforce_FWSKP_LR_13_RDAF-RTPD-1536x1024.jpg 1536w, https:\/\/www.interforce.dk\/app\/uploads\/2023\/11\/2023-11-16_Interforce_FWSKP_LR_13_RDAF-RTPD-2048x1365.jpg 2048w, https:\/\/www.interforce.dk\/app\/uploads\/2023\/11\/2023-11-16_Interforce_FWSKP_LR_13_RDAF-RTPD-18x12.jpg 18w\" sizes=\"auto, (max-width: 1024px) 100vw, 1024px\" \/><figcaption class=\"wp-element-caption\"><em>Chefen for Fighter Wing Skrydstrup, Oberst Kim Kinimond Jensen, b\u00f8d velkommen<\/em> <em>og fortalte sammen med sin n\u00e6stkommanderende om nogle af det nye kampflys evner og kapaciteter.<\/em><\/figcaption><\/figure>\n\n      <\/div>\n  <\/div>\n<div class=\"block core-block core-block--heading\">\n      <div class=\"inner inner--small\">\n      \n<h2 class=\"wp-block-heading\">Dialog om sikkerhedssituationen<\/h2>\n\n      <\/div>\n  <\/div>\n<div class=\"block core-block core-block--paragraph\">\n      <div class=\"inner inner--small\">\n      \n<p>Efter opl\u00e6ggene fik deltagerne mulighed for at stille sp\u00f8rgsm\u00e5l og f\u00e5 et overordnet indblik i nogle af Fighter Wing Skrydstrups strategier for at m\u00f8de nutidens komplekse sikkerhedsudfordringer. <\/p>\n\n      <\/div>\n  <\/div>\n<div class=\"block core-block core-block--paragraph\">\n      <div class=\"inner inner--small\">\n      \n<p>Det f\u00f8rte blandt andet til en snak om Danmarks donation af F-16-kampfly til Ukraine og uddannelse af ukrainske piloter. Fighter Wing Skrydstrup delte indsigter om det strategiske samarbejde og Danmarks engagement i at st\u00f8tte Ukraine i deres forsvarsstrategi. Derudover blev der snakket om, hvordan st\u00f8tten til Ukraine p\u00e5virker prioriteter og kapaciteten for det danske Flyvev\u00e5ben ift. implementeringen af de nye kampfly.<\/p>\n\n      <\/div>\n  <\/div>\n<div class=\"block core-block core-block--image\">\n      <div class=\"inner inner--small\">\n      \n<figure class=\"wp-block-image size-large\"><img loading=\"lazy\" decoding=\"async\" width=\"1024\" height=\"683\" src=\"https:\/\/www.interforce.dk\/app\/uploads\/2023\/11\/2023-11-16_Interforce_FWSKP_LR_11_RDAF-RTPD-1024x683.jpg\" alt=\"\" class=\"wp-image-15157\" srcset=\"https:\/\/www.interforce.dk\/app\/uploads\/2023\/11\/2023-11-16_Interforce_FWSKP_LR_11_RDAF-RTPD-1024x683.jpg 1024w, https:\/\/www.interforce.dk\/app\/uploads\/2023\/11\/2023-11-16_Interforce_FWSKP_LR_11_RDAF-RTPD-300x200.jpg 300w, https:\/\/www.interforce.dk\/app\/uploads\/2023\/11\/2023-11-16_Interforce_FWSKP_LR_11_RDAF-RTPD-768x512.jpg 768w, https:\/\/www.interforce.dk\/app\/uploads\/2023\/11\/2023-11-16_Interforce_FWSKP_LR_11_RDAF-RTPD-1536x1024.jpg 1536w, https:\/\/www.interforce.dk\/app\/uploads\/2023\/11\/2023-11-16_Interforce_FWSKP_LR_11_RDAF-RTPD-2048x1365.jpg 2048w, https:\/\/www.interforce.dk\/app\/uploads\/2023\/11\/2023-11-16_Interforce_FWSKP_LR_11_RDAF-RTPD-18x12.jpg 18w\" sizes=\"auto, (max-width: 1024px) 100vw, 1024px\" \/><figcaption class=\"wp-element-caption\"><em>Der blev ogs\u00e5 tid til sp\u00f8rgsm\u00e5l og en snak om, hvordan den aktuelle sikkerhedssituation p\u00e5virker implementeringen af de nye kampfly.<\/em><\/figcaption><\/figure>\n\n      <\/div>\n  <\/div>\n<div class=\"block core-block core-block--heading\">\n      <div class=\"inner inner--small\">\n      \n<h2 class=\"wp-block-heading\">Det nye F-35-kampfly<\/h2>\n\n      <\/div>\n  <\/div>\n<div class=\"block core-block core-block--paragraph\">\n      <div class=\"inner inner--small\">\n      \n<p>Det var tydeligt fra starten af bes\u00f8get, hvad tr\u00e6kplasteret til arrangementet havde v\u00e6ret. Eksperter fra Fighter Wing Skrydstrup pr\u00e6senterede F-35&#8217;ernes tekniske egenskaber, missionsevner og deres betydning for Danmarks nationale forsvar. Og i lokalet var der en tydelig forventningsfuld stemning for at komme til at se hovedattraktionen.<\/p>\n\n      <\/div>\n  <\/div>\n<div class=\"block core-block core-block--paragraph\">\n      <div class=\"inner inner--small\">\n      \n<p>F\u00e5 personer f\u00e5r lov til at se F-35-kampflyene t\u00e6t p\u00e5, men p\u00e5 denne kolde novemberaften fik deltagerne mulighed for netop det. Som en del af rundvisningen blev deltagerne if\u00f8rt gule refleksveste og gik over mod de enorme hangarer. Indenfor i hangaren stod et af de f\u00f8rste F-35 kampfly, Forsvaret fik leveret i oktober 2023. Forsvaret har indtil videre k\u00f8bt 27 F-35-kampfly, som bliver leveret inden 2027. De 21 skal have base i Danmark, mens de restende skal have base i USA til uddannelse af fremtidens danske piloter.<\/p>\n\n      <\/div>\n  <\/div>\n<div class=\"block core-block core-block--image\">\n      <div class=\"inner inner--small\">\n      \n<figure class=\"wp-block-image size-large\"><img loading=\"lazy\" decoding=\"async\" width=\"1024\" height=\"683\" src=\"https:\/\/www.interforce.dk\/app\/uploads\/2023\/11\/2023-11-16_Interforce_FWSKP_LR_18_RDAF-RTPD-1024x683.jpg\" alt=\"\" class=\"wp-image-15163\" srcset=\"https:\/\/www.interforce.dk\/app\/uploads\/2023\/11\/2023-11-16_Interforce_FWSKP_LR_18_RDAF-RTPD-1024x683.jpg 1024w, https:\/\/www.interforce.dk\/app\/uploads\/2023\/11\/2023-11-16_Interforce_FWSKP_LR_18_RDAF-RTPD-300x200.jpg 300w, https:\/\/www.interforce.dk\/app\/uploads\/2023\/11\/2023-11-16_Interforce_FWSKP_LR_18_RDAF-RTPD-768x512.jpg 768w, https:\/\/www.interforce.dk\/app\/uploads\/2023\/11\/2023-11-16_Interforce_FWSKP_LR_18_RDAF-RTPD-1536x1024.jpg 1536w, https:\/\/www.interforce.dk\/app\/uploads\/2023\/11\/2023-11-16_Interforce_FWSKP_LR_18_RDAF-RTPD-2048x1365.jpg 2048w, https:\/\/www.interforce.dk\/app\/uploads\/2023\/11\/2023-11-16_Interforce_FWSKP_LR_18_RDAF-RTPD-18x12.jpg 18w\" sizes=\"auto, (max-width: 1024px) 100vw, 1024px\" \/><figcaption class=\"wp-element-caption\"><em>F-35-flyet er noget st\u00f8rre end F16-flyet, bl.a. fordi alle v\u00e5ben m.m. bliver b\u00e5ret inde i flyet for at mindske flyets signatur p\u00e5 radarer. <\/em><\/figcaption><\/figure>\n\n      <\/div>\n  <\/div>\n<div class=\"block core-block core-block--paragraph\">\n      <div class=\"inner inner--small\">\n      \n<p>Flyet er forbl\u00f8ffende stort og er udformet kunstf\u00e6rdigt med kurver for at minimere radarsignatur. G\u00e6sterne kunne komme s\u00e5 t\u00e6t p\u00e5, at de n\u00e6sten kunne r\u00f8re ved det avancerede maskineri. Synet af flyet gav anledning til en lang r\u00e6kke opf\u00f8lgende sp\u00f8rgsm\u00e5l fra de tydeligt imponerede g\u00e6ster til rundviserne fra Fighter Wing Skrydstrup om flyets kapaciteter og udformning. <\/p>\n\n      <\/div>\n  <\/div>\n<div class=\"block core-block core-block--paragraph\">\n      <div class=\"inner inner--small\">\n      \n<p>Det var en enest\u00e5ende mulighed for at f\u00e5 en n\u00e6rmere forst\u00e5else af de avancerede teknologier, der i fremtiden skal udg\u00f8re rygraden i Danmarks luftkapacitet.<\/p>\n\n      <\/div>\n  <\/div>\n<div class=\"block core-block core-block--heading\">\n      <div class=\"inner inner--small\">\n      \n<h2 class=\"wp-block-heading\">Afrunding med middag<\/h2>\n\n      <\/div>\n  <\/div>\n<div class=\"block core-block core-block--paragraph\">\n      <div class=\"inner inner--small\">\n      \n<p>Efter en dag fyldt med indsigter og oplevelser blev bes\u00f8get afrundet med en middag i kantinen p\u00e5 det nye campus. Det gav ikke bare deltagerne mulighed for at f\u00e5 lidt mad i maven inden hjemturen, men ogs\u00e5 for at forts\u00e6tte snakken i mere afslappede omgivelser.<\/p>\n\n      <\/div>\n  <\/div>\n<div class=\"block core-block core-block--paragraph\">\n      <div class=\"inner inner--small\">\n      \n<p>Bes\u00f8get gjorde tydeligt indtryk p\u00e5 deltagerne, der forlod med en dybere forst\u00e5else af Danmarks forsvarsindsats og et v\u00e6rdifuldt indblik i de avancerede faciliteter, der skal drive Danmarks luftkapacitet ind i fremtiden.<\/p>\n\n      <\/div>\n  <\/div>\n<div class=\"block core-block core-block--paragraph\">\n      <div class=\"inner inner--small\">\n      \n<p>L\u00e6s ogs\u00e5: <a href=\"https:\/\/www.interforce.dk\/en\/stoettevirksomheder-hos-interforce\/\">St\u00f8ttevirksomheder hos InterForce<\/a><\/p>\n\n      <\/div>\n  <\/div>","protected":false},"excerpt":{"rendered":"Virksomhedsledere fik chancen for at opleve Fighter Wing Skrydstrups state-of-th...","protected":false},"author":122,"featured_media":15154,"comment_status":"closed","ping_status":"closed","sticky":false,"template":"","format":"standard","meta":{"_acf_changed":false,"footnotes":""},"categories":[13],"tags":[97,53],"class_list":["post-15152","post","type-post","status-publish","format-standard","has-post-thumbnail","hentry","category-events","tag-interforce","tag-tag-syddanmark"],"acf":[],"yoast_head":"<!-- This site is optimized with the Yoast SEO plugin v27.3 - https:\/\/yoast.com\/product\/yoast-seo-wordpress\/ -->\n<title>Ekstraordin\u00e6r oplevelse ved Fighter Wing Skrydstrup - InterForce<\/title>\n<meta name=\"description\" content=\"Virksomhedsledere fik chancen for at opleve Fighter Wing Skrydstrups state-of-the-art facilitet og de nye F35 fly helt t\u00e6t p\u00e5.\" \/>\n<meta name=\"robots\" content=\"index, follow, max-snippet:-1, max-image-preview:large, max-video-preview:-1\" \/>\n<link rel=\"canonical\" href=\"https:\/\/www.interforce.dk\/en\/ekstraordinaer-oplevelse-ved-fighter-wing-skrydstrup\/\" \/>\n<meta property=\"og:locale\" content=\"en_GB\" \/>\n<meta property=\"og:type\" content=\"article\" \/>\n<meta property=\"og:title\" content=\"Ekstraordin\u00e6r oplevelse ved Fighter Wing Skrydstrup - InterForce\" \/>\n<meta property=\"og:description\" content=\"Virksomhedsledere fik chancen for at opleve Fighter Wing Skrydstrups state-of-the-art facilitet og de nye F35 fly helt t\u00e6t p\u00e5.\" \/>\n<meta property=\"og:url\" content=\"https:\/\/www.interforce.dk\/en\/ekstraordinaer-oplevelse-ved-fighter-wing-skrydstrup\/\" \/>\n<meta property=\"og:site_name\" content=\"InterForce\" \/>\n<meta property=\"article:published_time\" content=\"2023-11-30T13:05:32+00:00\" \/>\n<meta property=\"og:image\" content=\"https:\/\/www.interforce.dk\/app\/uploads\/2023\/11\/2023-11-16_Interforce_FWSKP_LR_16_RDAF-RTPD-scaled.jpg\" \/>\n\t<meta property=\"og:image:width\" content=\"2560\" \/>\n\t<meta property=\"og:image:height\" content=\"1707\" \/>\n\t<meta property=\"og:image:type\" content=\"image\/jpeg\" \/>\n<meta name=\"author\" content=\"Anton Rask Hauge Steffensen\" \/>\n<meta name=\"twitter:card\" content=\"summary_large_image\" \/>\n<meta name=\"twitter:label1\" content=\"Written by\" \/>\n\t<meta name=\"twitter:data1\" content=\"Anton Rask Hauge Steffensen\" \/>\n\t<meta name=\"twitter:label2\" content=\"Est. reading time\" \/>\n\t<meta name=\"twitter:data2\" content=\"4 minutes\" \/>\n<script type=\"application\/ld+json\" class=\"yoast-schema-graph\">{\"@context\":\"https:\\\/\\\/schema.org\",\"@graph\":[{\"@type\":\"Article\",\"@id\":\"https:\\\/\\\/www.interforce.dk\\\/ekstraordinaer-oplevelse-ved-fighter-wing-skrydstrup\\\/#article\",\"isPartOf\":{\"@id\":\"https:\\\/\\\/www.interforce.dk\\\/ekstraordinaer-oplevelse-ved-fighter-wing-skrydstrup\\\/\"},\"author\":{\"name\":\"Anton Rask Hauge Steffensen\",\"@id\":\"https:\\\/\\\/www.interforce.dk\\\/#\\\/schema\\\/person\\\/93de0ad27fec55a2f38d2195162834c7\"},\"headline\":\"Ekstraordin\u00e6r oplevelse ved Fighter Wing Skrydstrup\",\"datePublished\":\"2023-11-30T13:05:32+00:00\",\"mainEntityOfPage\":{\"@id\":\"https:\\\/\\\/www.interforce.dk\\\/ekstraordinaer-oplevelse-ved-fighter-wing-skrydstrup\\\/\"},\"wordCount\":753,\"image\":{\"@id\":\"https:\\\/\\\/www.interforce.dk\\\/ekstraordinaer-oplevelse-ved-fighter-wing-skrydstrup\\\/#primaryimage\"},\"thumbnailUrl\":\"https:\\\/\\\/www.interforce.dk\\\/app\\\/uploads\\\/2023\\\/11\\\/2023-11-16_Interforce_FWSKP_LR_16_RDAF-RTPD-scaled.jpg\",\"keywords\":[\"InterForce\",\"Tag:Syddanmark\"],\"articleSection\":[\"Arrangementsomtale\"],\"inLanguage\":\"en-GB\"},{\"@type\":\"WebPage\",\"@id\":\"https:\\\/\\\/www.interforce.dk\\\/ekstraordinaer-oplevelse-ved-fighter-wing-skrydstrup\\\/\",\"url\":\"https:\\\/\\\/www.interforce.dk\\\/ekstraordinaer-oplevelse-ved-fighter-wing-skrydstrup\\\/\",\"name\":\"Ekstraordin\u00e6r oplevelse ved Fighter Wing Skrydstrup - InterForce\",\"isPartOf\":{\"@id\":\"https:\\\/\\\/www.interforce.dk\\\/#website\"},\"primaryImageOfPage\":{\"@id\":\"https:\\\/\\\/www.interforce.dk\\\/ekstraordinaer-oplevelse-ved-fighter-wing-skrydstrup\\\/#primaryimage\"},\"image\":{\"@id\":\"https:\\\/\\\/www.interforce.dk\\\/ekstraordinaer-oplevelse-ved-fighter-wing-skrydstrup\\\/#primaryimage\"},\"thumbnailUrl\":\"https:\\\/\\\/www.interforce.dk\\\/app\\\/uploads\\\/2023\\\/11\\\/2023-11-16_Interforce_FWSKP_LR_16_RDAF-RTPD-scaled.jpg\",\"datePublished\":\"2023-11-30T13:05:32+00:00\",\"author\":{\"@id\":\"https:\\\/\\\/www.interforce.dk\\\/#\\\/schema\\\/person\\\/93de0ad27fec55a2f38d2195162834c7\"},\"description\":\"Virksomhedsledere fik chancen for at opleve Fighter Wing Skrydstrups state-of-the-art facilitet og de nye F35 fly helt t\u00e6t p\u00e5.\",\"breadcrumb\":{\"@id\":\"https:\\\/\\\/www.interforce.dk\\\/ekstraordinaer-oplevelse-ved-fighter-wing-skrydstrup\\\/#breadcrumb\"},\"inLanguage\":\"en-GB\",\"potentialAction\":[{\"@type\":\"ReadAction\",\"target\":[\"https:\\\/\\\/www.interforce.dk\\\/ekstraordinaer-oplevelse-ved-fighter-wing-skrydstrup\\\/\"]}]},{\"@type\":\"ImageObject\",\"inLanguage\":\"en-GB\",\"@id\":\"https:\\\/\\\/www.interforce.dk\\\/ekstraordinaer-oplevelse-ved-fighter-wing-skrydstrup\\\/#primaryimage\",\"url\":\"https:\\\/\\\/www.interforce.dk\\\/app\\\/uploads\\\/2023\\\/11\\\/2023-11-16_Interforce_FWSKP_LR_16_RDAF-RTPD-scaled.jpg\",\"contentUrl\":\"https:\\\/\\\/www.interforce.dk\\\/app\\\/uploads\\\/2023\\\/11\\\/2023-11-16_Interforce_FWSKP_LR_16_RDAF-RTPD-scaled.jpg\",\"width\":2560,\"height\":1707},{\"@type\":\"BreadcrumbList\",\"@id\":\"https:\\\/\\\/www.interforce.dk\\\/ekstraordinaer-oplevelse-ved-fighter-wing-skrydstrup\\\/#breadcrumb\",\"itemListElement\":[{\"@type\":\"ListItem\",\"position\":1,\"name\":\"Hjem\",\"item\":\"https:\\\/\\\/www.interforce.dk\\\/\"},{\"@type\":\"ListItem\",\"position\":2,\"name\":\"Ekstraordin\u00e6r oplevelse ved Fighter Wing Skrydstrup\"}]},{\"@type\":\"WebSite\",\"@id\":\"https:\\\/\\\/www.interforce.dk\\\/#website\",\"url\":\"https:\\\/\\\/www.interforce.dk\\\/\",\"name\":\"InterForce\",\"description\":\"\",\"potentialAction\":[{\"@type\":\"SearchAction\",\"target\":{\"@type\":\"EntryPoint\",\"urlTemplate\":\"https:\\\/\\\/www.interforce.dk\\\/?s={search_term_string}\"},\"query-input\":{\"@type\":\"PropertyValueSpecification\",\"valueRequired\":true,\"valueName\":\"search_term_string\"}}],\"inLanguage\":\"en-GB\"},{\"@type\":\"Person\",\"@id\":\"https:\\\/\\\/www.interforce.dk\\\/#\\\/schema\\\/person\\\/93de0ad27fec55a2f38d2195162834c7\",\"name\":\"Anton Rask Hauge Steffensen\",\"image\":{\"@type\":\"ImageObject\",\"inLanguage\":\"en-GB\",\"@id\":\"https:\\\/\\\/secure.gravatar.com\\\/avatar\\\/8e4247cfae5f9f3cbd0c18740bdc45f335fc586e35e954f20e626e45d46e568d?s=96&d=mm&r=g\",\"url\":\"https:\\\/\\\/secure.gravatar.com\\\/avatar\\\/8e4247cfae5f9f3cbd0c18740bdc45f335fc586e35e954f20e626e45d46e568d?s=96&d=mm&r=g\",\"contentUrl\":\"https:\\\/\\\/secure.gravatar.com\\\/avatar\\\/8e4247cfae5f9f3cbd0c18740bdc45f335fc586e35e954f20e626e45d46e568d?s=96&d=mm&r=g\",\"caption\":\"Anton Rask Hauge Steffensen\"},\"url\":\"https:\\\/\\\/www.interforce.dk\\\/en\\\/author\\\/anton\\\/\"}]}<\/script>\n<!-- \/ Yoast SEO plugin. -->","yoast_head_json":{"title":"Ekstraordin\u00e6r oplevelse ved Fighter Wing Skrydstrup - InterForce","description":"Virksomhedsledere fik chancen for at opleve Fighter Wing Skrydstrups state-of-the-art facilitet og de nye F35 fly helt t\u00e6t p\u00e5.","robots":{"index":"index","follow":"follow","max-snippet":"max-snippet:-1","max-image-preview":"max-image-preview:large","max-video-preview":"max-video-preview:-1"},"canonical":"https:\/\/www.interforce.dk\/en\/ekstraordinaer-oplevelse-ved-fighter-wing-skrydstrup\/","og_locale":"en_GB","og_type":"article","og_title":"Ekstraordin\u00e6r oplevelse ved Fighter Wing Skrydstrup - InterForce","og_description":"Virksomhedsledere fik chancen for at opleve Fighter Wing Skrydstrups state-of-the-art facilitet og de nye F35 fly helt t\u00e6t p\u00e5.","og_url":"https:\/\/www.interforce.dk\/en\/ekstraordinaer-oplevelse-ved-fighter-wing-skrydstrup\/","og_site_name":"InterForce","article_published_time":"2023-11-30T13:05:32+00:00","og_image":[{"width":2560,"height":1707,"url":"https:\/\/www.interforce.dk\/app\/uploads\/2023\/11\/2023-11-16_Interforce_FWSKP_LR_16_RDAF-RTPD-scaled.jpg","type":"image\/jpeg"}],"author":"Anton Rask Hauge Steffensen","twitter_card":"summary_large_image","twitter_misc":{"Written by":"Anton Rask Hauge Steffensen","Est. reading time":"4 minutes"},"schema":{"@context":"https:\/\/schema.org","@graph":[{"@type":"Article","@id":"https:\/\/www.interforce.dk\/ekstraordinaer-oplevelse-ved-fighter-wing-skrydstrup\/#article","isPartOf":{"@id":"https:\/\/www.interforce.dk\/ekstraordinaer-oplevelse-ved-fighter-wing-skrydstrup\/"},"author":{"name":"Anton Rask Hauge Steffensen","@id":"https:\/\/www.interforce.dk\/#\/schema\/person\/93de0ad27fec55a2f38d2195162834c7"},"headline":"Ekstraordin\u00e6r oplevelse ved Fighter Wing Skrydstrup","datePublished":"2023-11-30T13:05:32+00:00","mainEntityOfPage":{"@id":"https:\/\/www.interforce.dk\/ekstraordinaer-oplevelse-ved-fighter-wing-skrydstrup\/"},"wordCount":753,"image":{"@id":"https:\/\/www.interforce.dk\/ekstraordinaer-oplevelse-ved-fighter-wing-skrydstrup\/#primaryimage"},"thumbnailUrl":"https:\/\/www.interforce.dk\/app\/uploads\/2023\/11\/2023-11-16_Interforce_FWSKP_LR_16_RDAF-RTPD-scaled.jpg","keywords":["InterForce","Tag:Syddanmark"],"articleSection":["Arrangementsomtale"],"inLanguage":"en-GB"},{"@type":"WebPage","@id":"https:\/\/www.interforce.dk\/ekstraordinaer-oplevelse-ved-fighter-wing-skrydstrup\/","url":"https:\/\/www.interforce.dk\/ekstraordinaer-oplevelse-ved-fighter-wing-skrydstrup\/","name":"Ekstraordin\u00e6r oplevelse ved Fighter Wing Skrydstrup - InterForce","isPartOf":{"@id":"https:\/\/www.interforce.dk\/#website"},"primaryImageOfPage":{"@id":"https:\/\/www.interforce.dk\/ekstraordinaer-oplevelse-ved-fighter-wing-skrydstrup\/#primaryimage"},"image":{"@id":"https:\/\/www.interforce.dk\/ekstraordinaer-oplevelse-ved-fighter-wing-skrydstrup\/#primaryimage"},"thumbnailUrl":"https:\/\/www.interforce.dk\/app\/uploads\/2023\/11\/2023-11-16_Interforce_FWSKP_LR_16_RDAF-RTPD-scaled.jpg","datePublished":"2023-11-30T13:05:32+00:00","author":{"@id":"https:\/\/www.interforce.dk\/#\/schema\/person\/93de0ad27fec55a2f38d2195162834c7"},"description":"Virksomhedsledere fik chancen for at opleve Fighter Wing Skrydstrups state-of-the-art facilitet og de nye F35 fly helt t\u00e6t p\u00e5.","breadcrumb":{"@id":"https:\/\/www.interforce.dk\/ekstraordinaer-oplevelse-ved-fighter-wing-skrydstrup\/#breadcrumb"},"inLanguage":"en-GB","potentialAction":[{"@type":"ReadAction","target":["https:\/\/www.interforce.dk\/ekstraordinaer-oplevelse-ved-fighter-wing-skrydstrup\/"]}]},{"@type":"ImageObject","inLanguage":"en-GB","@id":"https:\/\/www.interforce.dk\/ekstraordinaer-oplevelse-ved-fighter-wing-skrydstrup\/#primaryimage","url":"https:\/\/www.interforce.dk\/app\/uploads\/2023\/11\/2023-11-16_Interforce_FWSKP_LR_16_RDAF-RTPD-scaled.jpg","contentUrl":"https:\/\/www.interforce.dk\/app\/uploads\/2023\/11\/2023-11-16_Interforce_FWSKP_LR_16_RDAF-RTPD-scaled.jpg","width":2560,"height":1707},{"@type":"BreadcrumbList","@id":"https:\/\/www.interforce.dk\/ekstraordinaer-oplevelse-ved-fighter-wing-skrydstrup\/#breadcrumb","itemListElement":[{"@type":"ListItem","position":1,"name":"Hjem","item":"https:\/\/www.interforce.dk\/"},{"@type":"ListItem","position":2,"name":"Ekstraordin\u00e6r oplevelse ved Fighter Wing Skrydstrup"}]},{"@type":"WebSite","@id":"https:\/\/www.interforce.dk\/#website","url":"https:\/\/www.interforce.dk\/","name":"InterForce","description":"","potentialAction":[{"@type":"SearchAction","target":{"@type":"EntryPoint","urlTemplate":"https:\/\/www.interforce.dk\/?s={search_term_string}"},"query-input":{"@type":"PropertyValueSpecification","valueRequired":true,"valueName":"search_term_string"}}],"inLanguage":"en-GB"},{"@type":"Person","@id":"https:\/\/www.interforce.dk\/#\/schema\/person\/93de0ad27fec55a2f38d2195162834c7","name":"Anton Rask Hauge Steffensen","image":{"@type":"ImageObject","inLanguage":"en-GB","@id":"https:\/\/secure.gravatar.com\/avatar\/8e4247cfae5f9f3cbd0c18740bdc45f335fc586e35e954f20e626e45d46e568d?s=96&d=mm&r=g","url":"https:\/\/secure.gravatar.com\/avatar\/8e4247cfae5f9f3cbd0c18740bdc45f335fc586e35e954f20e626e45d46e568d?s=96&d=mm&r=g","contentUrl":"https:\/\/secure.gravatar.com\/avatar\/8e4247cfae5f9f3cbd0c18740bdc45f335fc586e35e954f20e626e45d46e568d?s=96&d=mm&r=g","caption":"Anton Rask Hauge Steffensen"},"url":"https:\/\/www.interforce.dk\/en\/author\/anton\/"}]}},"_links":{"self":[{"href":"https:\/\/www.interforce.dk\/en\/wp-json\/wp\/v2\/posts\/15152","targetHints":{"allow":["GET"]}}],"collection":[{"href":"https:\/\/www.interforce.dk\/en\/wp-json\/wp\/v2\/posts"}],"about":[{"href":"https:\/\/www.interforce.dk\/en\/wp-json\/wp\/v2\/types\/post"}],"author":[{"embeddable":true,"href":"https:\/\/www.interforce.dk\/en\/wp-json\/wp\/v2\/users\/122"}],"replies":[{"embeddable":true,"href":"https:\/\/www.interforce.dk\/en\/wp-json\/wp\/v2\/comments?post=15152"}],"version-history":[{"count":6,"href":"https:\/\/www.interforce.dk\/en\/wp-json\/wp\/v2\/posts\/15152\/revisions"}],"predecessor-version":[{"id":15166,"href":"https:\/\/www.interforce.dk\/en\/wp-json\/wp\/v2\/posts\/15152\/revisions\/15166"}],"wp:featuredmedia":[{"embeddable":true,"href":"https:\/\/www.interforce.dk\/en\/wp-json\/wp\/v2\/media\/15154"}],"wp:attachment":[{"href":"https:\/\/www.interforce.dk\/en\/wp-json\/wp\/v2\/media?parent=15152"}],"wp:term":[{"taxonomy":"category","embeddable":true,"href":"https:\/\/www.interforce.dk\/en\/wp-json\/wp\/v2\/categories?post=15152"},{"taxonomy":"post_tag","embeddable":true,"href":"https:\/\/www.interforce.dk\/en\/wp-json\/wp\/v2\/tags?post=15152"}],"curies":[{"name":"wp","href":"https:\/\/api.w.org\/{rel}","templated":true}]}}