{"id":1500,"date":"2020-02-25T17:54:04","date_gmt":"2020-02-25T17:54:04","guid":{"rendered":"http:\/\/www.interforce.dk\/?p=1500"},"modified":"2020-03-03T10:09:45","modified_gmt":"2020-03-03T10:09:45","slug":"1500","status":"publish","type":"post","link":"https:\/\/www.interforce.dk\/en\/1500\/","title":{"rendered":"Erhvervslivet skal tage et medansvar"},"content":{"rendered":"<div class=\"block core-block core-block--heading\">\n      <div class=\"inner inner--small\">\n      \n<h5 class=\"wp-block-heading\"><strong>Forsvarschefens appel til civile erhvervsledere var ikke til at tage fejl af, da VL og InterForce gennemf\u00f8rte det f\u00f8rste af en r\u00e6kke f\u00e6lles workshops.<\/strong><\/h5>\n\n      <\/div>\n  <\/div>\n<div class=\"block core-block core-block--paragraph\">\n      <div class=\"inner inner--small\">\n      \n<p>Af Morten Fredslund<\/p>\n\n      <\/div>\n  <\/div>\n<div class=\"block core-block core-block--paragraph\">\n      <div class=\"inner inner--small\">\n      \n<p>Cybersikkerhed, InterForce og Forsvaret er omdrejningspunktet for de seks workshops, som Selskab for Virksomhedsledelse, VL, og InterForce gennemf\u00f8rer i f\u00e6llesskab i l\u00f8bet af for\u00e5ret.&nbsp;<\/p>\n\n      <\/div>\n  <\/div>\n<div class=\"block core-block core-block--paragraph\">\n      <div class=\"inner inner--small\">\n      \n<p>Det f\u00f8rste m\u00f8de fandt sted den 24. februar i Danske Banks markante og spritnye kundedomicil ved \u00c5rhus Sydhavn, hvor 92 erhvervsledere fra VL-grupperne var m\u00f8dt op til det overtegnede arrangement.<\/p>\n\n      <\/div>\n  <\/div>\n<div class=\"block core-block core-block--paragraph\">\n      <div class=\"inner inner--small\">\n      \n<p>&#8211; Engang var forsvaret af Danmark alene et milit\u00e6rt anliggende. Det er det ikke l\u00e6ngere, og i dag har vi brug for samfundets samlede ressourcer \u2013 og det g\u00e6lder ogs\u00e5 de ressourcer, der er ude i jeres virksomheder. I er n\u00f8dt til at tage et medansvar, hvis vi skal forsvare Danmark, sagde forsvarschefen, general Bj\u00f8rn Bisserup, da han efter den f\u00f8rste pause indtog podiet p\u00e5 5. sal i det imponerede nybyggeri.&nbsp;<\/p>\n\n      <\/div>\n  <\/div>\n<div class=\"block core-block core-block--image align-left\">\n      <div class=\"inner inner--small\">\n      \n<div class=\"wp-block-image\"><figure class=\"alignleft size-large\"><img loading=\"lazy\" decoding=\"async\" width=\"1024\" height=\"683\" src=\"\/app\/uploads\/2020\/02\/D59B0349-2-1024x683.jpeg\" alt=\"\" class=\"wp-image-1507\" srcset=\"https:\/\/www.interforce.dk\/app\/uploads\/2020\/02\/D59B0349-2-1024x683.jpeg 1024w, https:\/\/www.interforce.dk\/app\/uploads\/2020\/02\/D59B0349-2-300x200.jpeg 300w, https:\/\/www.interforce.dk\/app\/uploads\/2020\/02\/D59B0349-2-768x512.jpeg 768w, https:\/\/www.interforce.dk\/app\/uploads\/2020\/02\/D59B0349-2-1536x1024.jpeg 1536w, https:\/\/www.interforce.dk\/app\/uploads\/2020\/02\/D59B0349-2-2048x1365.jpeg 2048w\" sizes=\"auto, (max-width: 1024px) 100vw, 1024px\" \/><figcaption><em>Forsvarschefen, general Bj\u00f8rn Bisserup understregede, at han ikke var kommet til \u00c5rhus for at reklamere for InterForce, men tilf\u00f8jede med et glimt i \u00f8jet, at han dog forventede, at hovedparten af de 92 virksomhedsledere var blevet st\u00f8ttemedlemmer, inden arrangementet blev afsluttet med networking og middag. Foto: Morten Fredslund.<\/em><\/figcaption><\/figure><\/div>\n\n      <\/div>\n  <\/div>\n<div class=\"block core-block core-block--paragraph\">\n      <div class=\"inner inner--small\">\n      \n<p><\/p>\n\n      <\/div>\n  <\/div>\n<div class=\"block core-block core-block--paragraph\">\n      <div class=\"inner inner--small\">\n      \n<p>Forsvarschefen kom med sin appel efter en gennemgang af den generelle sikkerhedspolitiske udvikling, som han anser for mere kompleks end nogensinde f\u00f8r i de knap 40 \u00e5r, han har v\u00e6ret en del af Forsvaret.&nbsp;&nbsp;<\/p>\n\n      <\/div>\n  <\/div>\n<div class=\"block core-block core-block--paragraph\">\n      <div class=\"inner inner--small\">\n      \n<p>Arktis, Rusland, Afghanistan, Irak, Syrien, Afrika, USA, Kina og Asien var alle lande, omr\u00e5der eller kontinenter, som Bj\u00f8rn Bisserup kom ind p\u00e5 under sin gennemgang af det samlede sikkerhedspolitiske billede, som forsvarschefen i alt betegnede: relativt komplekst.<\/p>\n\n      <\/div>\n  <\/div>\n<div class=\"block core-block core-block--paragraph\">\n      <div class=\"inner inner--small\">\n      \n<p>&#8211; Der, hvor I kommer ind i billedet, er i forsvaret af Danmark, som vi er forpligtiget til i henhold til NATO&#8217;s Artikel 3, sagde Bj\u00f8rn Bisserup og viste en planche, der illustrerede, hvor relativt f\u00e5 danske, milit\u00e6re enheder, der vil v\u00e6re tilbage i Danmark, s\u00e5fremt Forsvaret bliver involveret i en international krise eller konflikt.&nbsp;<\/p>\n\n      <\/div>\n  <\/div>\n<div class=\"block core-block core-block--paragraph\">\n      <div class=\"inner inner--small\">\n      \n<p><strong>Skal bidrage til robusthed<\/strong><\/p>\n\n      <\/div>\n  <\/div>\n<div class=\"block core-block core-block--paragraph\">\n      <div class=\"inner inner--small\">\n      \n<p>&#8211; Det der prim\u00e6rt er tilbage er ca. 15.000 aktive i Hjemmev\u00e6rnet samt Totalforsvarsstyrken \u2013 i alt ca. 20.000 soldater, som skal f\u00f8res af personel fra reserven. Det er nyt, og det betyder, at vi har brug for flere reservister, end vi har haft i lang tid. Forsvaret har i perioden 2004-2014 ikke v\u00e6ret s\u00e6rligt gode til at prioritere reserven specielt h\u00f8jt, men det har vi nu lavet om p\u00e5, sagde Bj\u00f8rn Bisserup.<\/p>\n\n      <\/div>\n  <\/div>\n<div class=\"block core-block core-block--image align-right\">\n      <div class=\"inner inner--small\">\n      \n<div class=\"wp-block-image\"><figure class=\"alignright size-large\"><img loading=\"lazy\" decoding=\"async\" width=\"1024\" height=\"683\" src=\"\/app\/uploads\/2020\/02\/D59B0289-1024x683.jpeg\" alt=\"\" class=\"wp-image-1503\" srcset=\"https:\/\/www.interforce.dk\/app\/uploads\/2020\/02\/D59B0289-1024x683.jpeg 1024w, https:\/\/www.interforce.dk\/app\/uploads\/2020\/02\/D59B0289-300x200.jpeg 300w, https:\/\/www.interforce.dk\/app\/uploads\/2020\/02\/D59B0289-768x512.jpeg 768w, https:\/\/www.interforce.dk\/app\/uploads\/2020\/02\/D59B0289-1536x1024.jpeg 1536w, https:\/\/www.interforce.dk\/app\/uploads\/2020\/02\/D59B0289-2048x1365.jpeg 2048w\" sizes=\"auto, (max-width: 1024px) 100vw, 1024px\" \/><figcaption><em>Ud over at give en generel orientering om den sikkerhedpolitiske situation, understregede forsvarschefen, at Forsvarets behov for at kunne tr\u00e6kke p\u00e5 s\u00e5vel personel af reserven som frivillige i Hjemmev\u00e6rnet vil stige markant de kommende \u00e5r. Foto: Morten Fredslund<\/em><\/figcaption><\/figure><\/div>\n\n      <\/div>\n  <\/div>\n<div class=\"block core-block core-block--paragraph\">\n      <div class=\"inner inner--small\">\n      \n<p>B\u00e5de Hjemmev\u00e6rnet og reserven \u2013 samlet kaldet Reservestyrken \u2013 f\u00e5r i den indev\u00e6rende forligsperiode flere opgaver, og blandt andet \u00f8ges reserven p\u00e5 de nuv\u00e6rende 2900 soldater med ca. 500, der skal v\u00e6re f\u00f8rere for Totalforsvarsstyrken samt yderligere 600, der generelt skal bidrage til st\u00f8rre robusthed.&nbsp;<\/p>\n\n      <\/div>\n  <\/div>\n<div class=\"block core-block core-block--paragraph\">\n      <div class=\"inner inner--small\">\n      \n<p>&#8211; Vi skal simpelthen bruge en st\u00f8rre del af reserven og Hjemmev\u00e6rnet end tidligere. Og hvori best\u00e5r jeres del af den her opgave s\u00e5? Jo, vi ved jo godt, at det kan v\u00e6re sv\u00e6rt at sige ja til en medarbejder, der har forpligtiget sig til at st\u00e5 til r\u00e5dighed for forsvaret i eksempelvis 30 dage om \u00e5ret, hvor han eller hun s\u00e5 ikke kan v\u00e6re tilstede p\u00e5 sin civile arbejdsplads \u2013 uanset om det er en privat eller offentlig arbejdsplads. Derfor har vi etableret InterForce. For at vi \u2013 modsat en del andre lande \u2013 ad frivillighedens vej kan udvikle forst\u00e5elsen og relationerne mellem Forsvaret og de civile virksomheder \u2013 og dele den arbejdskraft, vi taler om her, sagde forsvarschefen, inden der var tid til sp\u00f8rgsm\u00e5l fra salen.<\/p>\n\n      <\/div>\n  <\/div>\n<div class=\"block core-block core-block--paragraph\">\n      <div class=\"inner inner--small\">\n      \n<p>Herfra blev der blandt andet spurgt ind til Forsvarets relation til den teknologiske udvikling i erhvervslivet, Forsvarets engagement i Space-segmentet, i forhold til det milit\u00e6re samarbejde i Europa samt Forsvarets rolle i beredskabsplaner ang\u00e5ende Coronavirus. Men ogs\u00e5 sp\u00f8rgsm\u00e5l om, hvorvidt Forsvarets kapaciteter er kalibreret korrekt ift. til prioritering af forskellige omr\u00e5der s\u00e5som konventionelt materiel, droneforsvar og cyber.<\/p>\n\n      <\/div>\n  <\/div>\n<div class=\"block core-block core-block--paragraph\">\n      <div class=\"inner inner--small\">\n      \n<p><strong>Cybersikkerhed er et ledelsesansvar<\/strong><\/p>\n\n      <\/div>\n  <\/div>\n<div class=\"block core-block core-block--paragraph\">\n      <div class=\"inner inner--small\">\n      \n<p>Og netop cybertruslen er det indledende tema p\u00e5 alle VL- og InterForce-workshops. I \u00c5rhus var det policychef i Center for Cybersikkerhed, Eva Leisner, der fortalte om de forskellige former for cybertrusler, som i b\u00e5de omfang og intensitet stiger med skr\u00e6mmende hastighed.<\/p>\n\n      <\/div>\n  <\/div>\n<div class=\"block core-block core-block--image align-right\">\n      <div class=\"inner inner--small\">\n      \n<div class=\"wp-block-image\"><figure class=\"alignright size-large\"><img loading=\"lazy\" decoding=\"async\" width=\"1024\" height=\"683\" src=\"\/app\/uploads\/2020\/02\/D59B0201-1024x683.jpeg\" alt=\"\" class=\"wp-image-1509\" srcset=\"https:\/\/www.interforce.dk\/app\/uploads\/2020\/02\/D59B0201-1024x683.jpeg 1024w, https:\/\/www.interforce.dk\/app\/uploads\/2020\/02\/D59B0201-300x200.jpeg 300w, https:\/\/www.interforce.dk\/app\/uploads\/2020\/02\/D59B0201-768x512.jpeg 768w, https:\/\/www.interforce.dk\/app\/uploads\/2020\/02\/D59B0201-1536x1024.jpeg 1536w, https:\/\/www.interforce.dk\/app\/uploads\/2020\/02\/D59B0201-2048x1365.jpeg 2048w\" sizes=\"auto, (max-width: 1024px) 100vw, 1024px\" \/><figcaption><em>Policychef i Center for Cybersikkerhed, Eva Leisner fortalte om de generelle cybertrusler, som potientielt kan ramme alle virksomheder. Foto: Morten Fredslund <\/em><\/figcaption><\/figure><\/div>\n\n      <\/div>\n  <\/div>\n<div class=\"block core-block core-block--paragraph\">\n      <div class=\"inner inner--small\">\n      \n<p>&#8211; Danmark er et af de mest digitaliserede lande i verden, og risikoen for cyberspionage og cyberkriminalitet er meget h\u00f8j. Et af de allerbedste r\u00e5d er derfor: opdat\u00e9r, opdat\u00e9r, opdat\u00e9r, sagde Eva Leisner og tilf\u00f8jede:&nbsp;<\/p>\n\n      <\/div>\n  <\/div>\n<div class=\"block core-block core-block--paragraph\">\n      <div class=\"inner inner--small\">\n      \n<p>&#8211; Det er jer virksomhedsledere og -ejere, der skal tage teten. Virksomhedens cybersikkerhed skal forankres i ledelsen. I har ansvaret for forretningen, og I beslutter risikoappetitten \u2013 og hvor mange penge og ressourcer, der skal bruges p\u00e5 at sikre virksomheden bedst muligt. Det er jeres ansvar.<\/p>\n\n      <\/div>\n  <\/div>\n<div class=\"block core-block core-block--paragraph\">\n      <div class=\"inner inner--small\">\n      \n<p>Det var ikke f\u00f8rste gang, at begrebet ansvar blev bragt p\u00e5 banen i l\u00f8bet af aftenen. For VL, der har knap 4.000 medlemmer fordelt i 121 VL-netv\u00e6rksgrupper, har &#8216;Responsible Business \u2013 A Competitive Advantage&#8217; som \u00e5rstema.&nbsp;<\/p>\n\n      <\/div>\n  <\/div>\n<div class=\"block core-block core-block--image align-left\">\n      <div class=\"inner inner--small\">\n      \n<div class=\"wp-block-image\"><figure class=\"alignleft size-large\"><img loading=\"lazy\" decoding=\"async\" width=\"1024\" height=\"683\" src=\"\/app\/uploads\/2020\/02\/IMG_0411-1024x683.jpeg\" alt=\"\" class=\"wp-image-1511\" srcset=\"https:\/\/www.interforce.dk\/app\/uploads\/2020\/02\/IMG_0411-1024x683.jpeg 1024w, https:\/\/www.interforce.dk\/app\/uploads\/2020\/02\/IMG_0411-300x200.jpeg 300w, https:\/\/www.interforce.dk\/app\/uploads\/2020\/02\/IMG_0411-768x512.jpeg 768w, https:\/\/www.interforce.dk\/app\/uploads\/2020\/02\/IMG_0411-1536x1024.jpeg 1536w, https:\/\/www.interforce.dk\/app\/uploads\/2020\/02\/IMG_0411-2048x1365.jpeg 2048w\" sizes=\"auto, (max-width: 1024px) 100vw, 1024px\" \/><figcaption><em>Adm. direkt\u00f8r i VL Ida Bratting Kongsted b\u00f8d velkommen og fortalte kort om VL&#8217;s \u00e5rstema \u2019Responsible Business \u2013 A Competitive Advantage\u2019. Foto: Morten Fredslund<\/em><\/figcaption><\/figure><\/div>\n\n      <\/div>\n  <\/div>\n<div class=\"block core-block core-block--paragraph\">\n      <div class=\"inner inner--small\">\n      \n<p>&#8211; Med temaet \u2019Responsible Business \u2013 A Competitive Advantage\u2019 tager vi initiativ til at s\u00e6tte fokus p\u00e5 ansvarlighed som en del af virksomhedernes strategi og som en konkurrencedygtig ledelses- og forretningsmodel. Vi skal opf\u00f8re os ordentligt. Selvf\u00f8lgelig skal vi overholde den g\u00e6ldende lovgivning, men vi skal ogs\u00e5 kunne holde fast i at opf\u00f8re os ordentligt og tage ansvar, n\u00e5r vi er pressede \u2013 og derfor skal vi g\u00f8re ansvarlighed til en konkurrencefordel, sagde adm. direkt\u00f8r i VL Ida Bratting Kongsted, da hun b\u00f8d de mange erhvervsledere velkommen.<\/p>\n\n      <\/div>\n  <\/div>\n<div class=\"block core-block core-block--paragraph\">\n      <div class=\"inner inner--small\">\n      \n<p><strong>Et godt match<\/strong><\/p>\n\n      <\/div>\n  <\/div>\n<div class=\"block core-block core-block--paragraph\">\n      <div class=\"inner inner--small\">\n      \n<p>Til m\u00f8det i \u00c5rhus var 12 af de i alt 121 VL-grupper repr\u00e6senteret i forsamlingen.&nbsp;<\/p>\n\n      <\/div>\n  <\/div>\n<div class=\"block core-block core-block--paragraph\">\n      <div class=\"inner inner--small\">\n      \n<p>Blandt dem hospitalsdirekt\u00f8r Poul Blaabjerg, der er chef for de godt 10.000 ansatte p\u00e5 Aarhus Universitetshospital i Skejby. Hospitalet har i en \u00e5rr\u00e6kke v\u00e6ret medlem af InterForce, og har desuden lagt hus til virksomhedsbes\u00f8g for InterForce-virksomhederne.<\/p>\n\n      <\/div>\n  <\/div>\n<div class=\"block core-block core-block--paragraph\">\n      <div class=\"inner inner--small\">\n      \n<p>&#8211; Det virker helt naturligt, at VL og InterForce rykker sammen og laver et arrangement som det her. Temaet er jo b\u00e5de relevant for Forsvaret, for InterForce og for virksomhederne. Og temaet cybersikkerhed synes jeg personligt er interessant, men helt konkret ogs\u00e5 meget interessant for en virksomhed som den, jeg er leder for. Vi er pr. definition en virksomhed, der er meget s\u00e5rbar i forhold til cybertruslen, siger Poul Blaabjerg, som selv er medlem af VL-netv\u00e6rksgrupppe 6.<\/p>\n\n      <\/div>\n  <\/div>\n<div class=\"block core-block core-block--paragraph\">\n      <div class=\"inner inner--small\">\n      \n<p>Blandt de \u00f8vrige deltagere &#8211; og fra samme VL-gruppe &#8211; finder vi Kenneth Boll, der CEO i Raptor Services, som bl.a. r\u00e5dgiver og udvikler it-l\u00f8sninger:<\/p>\n\n      <\/div>\n  <\/div>\n<div class=\"block core-block core-block--paragraph\">\n      <div class=\"inner inner--small\">\n      \n<p>&#8211; InterForce er nyt for mig, men en god id\u00e9 at koble p\u00e5 et VL-m\u00f8de. Det er jo et godt sted at f\u00e5 indsigt i, hvad det her er for en st\u00f8rrelse, og g\u00f8r det &#8216;mindre farligt&#8217; p\u00e5 en eller m\u00e5de, siger Kenneth Boll.<\/p>\n\n      <\/div>\n  <\/div>\n<div class=\"block core-block core-block--paragraph\">\n      <div class=\"inner inner--small\">\n      \n<p><em>Overvejer du at blive st\u00f8ttevirksomhed?<\/em><\/p>\n\n      <\/div>\n  <\/div>\n<div class=\"block core-block core-block--paragraph\">\n      <div class=\"inner inner--small\">\n      \n<p>&#8211; Det kunne jeg godt overveje. Men jeg synes, behovet skal komme nedefra og op. S\u00e5 hvis nogen en dag kommer og f\u00e5r brug for frihed p\u00e5 grund af det, som forsvarschefen n\u00e6vnte, vil det helt sikkert v\u00e6re en mulighed.<\/p>\n\n      <\/div>\n  <\/div>\n<div class=\"block core-block core-block--image align-right\">\n      <div class=\"inner inner--small\">\n      \n<div class=\"wp-block-image\"><figure class=\"alignright size-large\"><img loading=\"lazy\" decoding=\"async\" width=\"1024\" height=\"683\" src=\"\/app\/uploads\/2020\/02\/D59B0383-1-1024x683.jpeg\" alt=\"\" class=\"wp-image-1515\" srcset=\"https:\/\/www.interforce.dk\/app\/uploads\/2020\/02\/D59B0383-1-1024x683.jpeg 1024w, https:\/\/www.interforce.dk\/app\/uploads\/2020\/02\/D59B0383-1-300x200.jpeg 300w, https:\/\/www.interforce.dk\/app\/uploads\/2020\/02\/D59B0383-1-768x512.jpeg 768w, https:\/\/www.interforce.dk\/app\/uploads\/2020\/02\/D59B0383-1-1536x1024.jpeg 1536w, https:\/\/www.interforce.dk\/app\/uploads\/2020\/02\/D59B0383-1-2048x1365.jpeg 2048w\" sizes=\"auto, (max-width: 1024px) 100vw, 1024px\" \/><figcaption><em>Pensionsr\u00e5dgiver ved Danica Pension Mogens N\u00f8rgaard Kristensen introducerede de mange erhvervsledere til den regionale InterForce Region Midtjylland. Mogens N\u00f8rgaard Kristensen er selv reserveofficer og en del af regionens InterForce-ambassad\u00f8rkorps, hvis \u00f8vrige medlemmer ogs\u00e5 blev pr\u00e6senteret for deltagerne i aftenens arrangement. Foto: Morten Fredslund&nbsp;<\/em><\/figcaption><\/figure><\/div>\n\n      <\/div>\n  <\/div>\n<div class=\"block core-block core-block--paragraph\">\n      <div class=\"inner inner--small\">\n      \n<p> <\/p>\n\n      <\/div>\n  <\/div>\n<div class=\"block core-block core-block--paragraph\">\n      <div class=\"inner inner--small\">\n      \n<p><\/p>\n\n      <\/div>\n  <\/div>\n<div class=\"block core-block core-block--paragraph\">\n      <div class=\"inner inner--small\">\n      \n<p>Fra Arla Foods er Henrik Linderberg m\u00f8dt op i sin egenskab af Head of Commercial Development.<\/p>\n\n      <\/div>\n  <\/div>\n<div class=\"block core-block core-block--paragraph\">\n      <div class=\"inner inner--small\">\n      \n<p>&#8211; Skal jeg v\u00e6re helt \u00e6rlig, ved jeg faktisk ikke, om vi er medlem af InterForce. Men jeg ved, at vi hos Arla har ret mange ansatte, der ogs\u00e5 er frivillige i Hjemmev\u00e6rnet, s\u00e5 et medlemskab er i h\u00f8j grad relevant. Samtid er Arla Foods ogs\u00e5 en virksomhed med et stort samfundsansvar, s\u00e5 det er da noget, jeg synes, vi burde v\u00e6re medlem af. Det er dog uden for mit dom\u00e6ne at beslutte, men jeg tager gerne tilbage og l\u00f8fter InterForces id\u00e9 og form\u00e5l p\u00e5 ledelsesgangen, siger Henrik Linderberg.&nbsp;<\/p>\n\n      <\/div>\n  <\/div>\n<div class=\"block core-block core-block--image align-left\">\n      <div class=\"inner inner--small\">\n      \n<div class=\"wp-block-image\"><figure class=\"alignleft size-large is-resized\"><img loading=\"lazy\" decoding=\"async\" src=\"\/app\/uploads\/2020\/02\/D59B0389-1024x683.jpeg\" alt=\"\" class=\"wp-image-1517\" width=\"520\" height=\"346\" srcset=\"https:\/\/www.interforce.dk\/app\/uploads\/2020\/02\/D59B0389-1024x683.jpeg 1024w, https:\/\/www.interforce.dk\/app\/uploads\/2020\/02\/D59B0389-300x200.jpeg 300w, https:\/\/www.interforce.dk\/app\/uploads\/2020\/02\/D59B0389-768x512.jpeg 768w, https:\/\/www.interforce.dk\/app\/uploads\/2020\/02\/D59B0389-1536x1024.jpeg 1536w, https:\/\/www.interforce.dk\/app\/uploads\/2020\/02\/D59B0389-2048x1365.jpeg 2048w\" sizes=\"auto, (max-width: 520px) 100vw, 520px\" \/><figcaption><em>St\u00e5ende en h\u00e5ndfuld af Region Midtjyllands InterForce-ambassad\u00f8rer, der alle er en del af reserven. Fra venstre ses  Henrik Herold, CEO i Randers Regnskov, Head of Operations Nordics hos APM Terminals Per B\u00f8ch Andersen, kontaktdirekt\u00f8r i reklamebureauet Skabertrang S\u00f8ren Vestergaard, adm. direkt\u00f8r og r\u00e5dgiver Lars Johansson og Hans J\u00f8rn Laursen, direkt\u00f8r for Teknik &amp; Milj\u00f8 hos Viborg Kommune. Foto: Morten Fredslund<\/em><br>&nbsp;<br><\/figcaption><\/figure><\/div>\n\n      <\/div>\n  <\/div>\n<div class=\"block core-block core-block--paragraph\">\n      <div class=\"inner inner--small\">\n      \n<p>De \u00f8vrige VL workshops, hvor cybertruslen, Forsvaret og InterForce er p\u00e5 programmet gennemf\u00f8res hhv. i K\u00f8benhavn den 25. februar, i Fredericia den 18. marts, i K\u00f8benhavn den 2. april og i Aalborg den 16. april.&nbsp;<\/p>\n\n      <\/div>\n  <\/div>","protected":false},"excerpt":{"rendered":"Engang var forsvaret af Danmark alene et milit\u00e6rt anliggende. Det er det ikke l...","protected":false},"author":4,"featured_media":1507,"comment_status":"closed","ping_status":"closed","sticky":false,"template":"","format":"standard","meta":{"_acf_changed":false,"footnotes":""},"categories":[56],"tags":[52],"class_list":["post-1500","post","type-post","status-publish","format-standard","has-post-thumbnail","hentry","category-erhvervsliv","tag-tag-midtjylland"],"acf":[],"yoast_head":"<!-- This site is optimized with the Yoast SEO plugin v27.3 - https:\/\/yoast.com\/product\/yoast-seo-wordpress\/ -->\n<title>Erhvervslivet skal tage et medansvar - InterForce<\/title>\n<meta name=\"robots\" content=\"index, follow, max-snippet:-1, max-image-preview:large, max-video-preview:-1\" \/>\n<link rel=\"canonical\" href=\"https:\/\/www.interforce.dk\/en\/1500\/\" \/>\n<meta property=\"og:locale\" content=\"en_GB\" \/>\n<meta property=\"og:type\" content=\"article\" \/>\n<meta property=\"og:title\" content=\"Erhvervslivet skal tage et medansvar - InterForce\" \/>\n<meta property=\"og:description\" content=\"Engang var forsvaret af Danmark alene et milit\u00e6rt anliggende. Det er det ikke l\u00e6ngere.\" \/>\n<meta property=\"og:url\" content=\"https:\/\/www.interforce.dk\/en\/1500\/\" \/>\n<meta property=\"og:site_name\" content=\"InterForce\" \/>\n<meta property=\"article:published_time\" content=\"2020-02-25T17:54:04+00:00\" \/>\n<meta property=\"article:modified_time\" content=\"2020-03-03T10:09:45+00:00\" \/>\n<meta property=\"og:image\" content=\"https:\/\/www.interforce.dk\/app\/uploads\/2020\/02\/D59B0349-2-scaled.jpeg\" \/>\n\t<meta property=\"og:image:width\" content=\"2560\" \/>\n\t<meta property=\"og:image:height\" content=\"1707\" \/>\n\t<meta property=\"og:image:type\" content=\"image\/jpeg\" \/>\n<meta name=\"author\" content=\"Morten Fredslund\" \/>\n<meta name=\"twitter:card\" content=\"summary_large_image\" \/>\n<meta name=\"twitter:label1\" content=\"Written by\" \/>\n\t<meta name=\"twitter:data1\" content=\"Morten Fredslund\" \/>\n\t<meta name=\"twitter:label2\" content=\"Est. reading time\" \/>\n\t<meta name=\"twitter:data2\" content=\"8 minutes\" \/>\n<script type=\"application\/ld+json\" class=\"yoast-schema-graph\">{\"@context\":\"https:\\\/\\\/schema.org\",\"@graph\":[{\"@type\":\"Article\",\"@id\":\"https:\\\/\\\/www.interforce.dk\\\/1500\\\/#article\",\"isPartOf\":{\"@id\":\"https:\\\/\\\/www.interforce.dk\\\/1500\\\/\"},\"author\":{\"name\":\"Morten Fredslund\",\"@id\":\"https:\\\/\\\/www.interforce.dk\\\/#\\\/schema\\\/person\\\/5477512a00e03f11d143b8bb3eb2eb90\"},\"headline\":\"Erhvervslivet skal tage et medansvar\",\"datePublished\":\"2020-02-25T17:54:04+00:00\",\"dateModified\":\"2020-03-03T10:09:45+00:00\",\"mainEntityOfPage\":{\"@id\":\"https:\\\/\\\/www.interforce.dk\\\/1500\\\/\"},\"wordCount\":1568,\"image\":{\"@id\":\"https:\\\/\\\/www.interforce.dk\\\/1500\\\/#primaryimage\"},\"thumbnailUrl\":\"https:\\\/\\\/www.interforce.dk\\\/app\\\/uploads\\\/2020\\\/02\\\/D59B0349-2-scaled.jpeg\",\"keywords\":[\"Tag:Midtjylland\"],\"articleSection\":[\"Erhvervsliv\"],\"inLanguage\":\"en-GB\"},{\"@type\":\"WebPage\",\"@id\":\"https:\\\/\\\/www.interforce.dk\\\/1500\\\/\",\"url\":\"https:\\\/\\\/www.interforce.dk\\\/1500\\\/\",\"name\":\"Erhvervslivet skal tage et medansvar - InterForce\",\"isPartOf\":{\"@id\":\"https:\\\/\\\/www.interforce.dk\\\/#website\"},\"primaryImageOfPage\":{\"@id\":\"https:\\\/\\\/www.interforce.dk\\\/1500\\\/#primaryimage\"},\"image\":{\"@id\":\"https:\\\/\\\/www.interforce.dk\\\/1500\\\/#primaryimage\"},\"thumbnailUrl\":\"https:\\\/\\\/www.interforce.dk\\\/app\\\/uploads\\\/2020\\\/02\\\/D59B0349-2-scaled.jpeg\",\"datePublished\":\"2020-02-25T17:54:04+00:00\",\"dateModified\":\"2020-03-03T10:09:45+00:00\",\"author\":{\"@id\":\"https:\\\/\\\/www.interforce.dk\\\/#\\\/schema\\\/person\\\/5477512a00e03f11d143b8bb3eb2eb90\"},\"breadcrumb\":{\"@id\":\"https:\\\/\\\/www.interforce.dk\\\/1500\\\/#breadcrumb\"},\"inLanguage\":\"en-GB\",\"potentialAction\":[{\"@type\":\"ReadAction\",\"target\":[\"https:\\\/\\\/www.interforce.dk\\\/1500\\\/\"]}]},{\"@type\":\"ImageObject\",\"inLanguage\":\"en-GB\",\"@id\":\"https:\\\/\\\/www.interforce.dk\\\/1500\\\/#primaryimage\",\"url\":\"https:\\\/\\\/www.interforce.dk\\\/app\\\/uploads\\\/2020\\\/02\\\/D59B0349-2-scaled.jpeg\",\"contentUrl\":\"https:\\\/\\\/www.interforce.dk\\\/app\\\/uploads\\\/2020\\\/02\\\/D59B0349-2-scaled.jpeg\",\"width\":2560,\"height\":1707,\"caption\":\"Forsvarschef Bj\u00f8rn Bisserup gav de 92 fremm\u00f8dte erhvervsledere fra VL en indsigt i den aktuelle sikkerhedspolitiske situation - herunder den fremtidige brug af reservepersonel og frivillige fra Hjemmev\u00e6rnet. Foto: Morten Fredslund\"},{\"@type\":\"BreadcrumbList\",\"@id\":\"https:\\\/\\\/www.interforce.dk\\\/1500\\\/#breadcrumb\",\"itemListElement\":[{\"@type\":\"ListItem\",\"position\":1,\"name\":\"Hjem\",\"item\":\"https:\\\/\\\/www.interforce.dk\\\/\"},{\"@type\":\"ListItem\",\"position\":2,\"name\":\"Erhvervslivet skal tage et medansvar\"}]},{\"@type\":\"WebSite\",\"@id\":\"https:\\\/\\\/www.interforce.dk\\\/#website\",\"url\":\"https:\\\/\\\/www.interforce.dk\\\/\",\"name\":\"InterForce\",\"description\":\"\",\"potentialAction\":[{\"@type\":\"SearchAction\",\"target\":{\"@type\":\"EntryPoint\",\"urlTemplate\":\"https:\\\/\\\/www.interforce.dk\\\/?s={search_term_string}\"},\"query-input\":{\"@type\":\"PropertyValueSpecification\",\"valueRequired\":true,\"valueName\":\"search_term_string\"}}],\"inLanguage\":\"en-GB\"},{\"@type\":\"Person\",\"@id\":\"https:\\\/\\\/www.interforce.dk\\\/#\\\/schema\\\/person\\\/5477512a00e03f11d143b8bb3eb2eb90\",\"name\":\"Morten Fredslund\",\"image\":{\"@type\":\"ImageObject\",\"inLanguage\":\"en-GB\",\"@id\":\"https:\\\/\\\/secure.gravatar.com\\\/avatar\\\/67a6005c62149980e771e9a43b3cd6a4384c966c10c03c2641da6ea4f52fb6b8?s=96&d=mm&r=g\",\"url\":\"https:\\\/\\\/secure.gravatar.com\\\/avatar\\\/67a6005c62149980e771e9a43b3cd6a4384c966c10c03c2641da6ea4f52fb6b8?s=96&d=mm&r=g\",\"contentUrl\":\"https:\\\/\\\/secure.gravatar.com\\\/avatar\\\/67a6005c62149980e771e9a43b3cd6a4384c966c10c03c2641da6ea4f52fb6b8?s=96&d=mm&r=g\",\"caption\":\"Morten Fredslund\"},\"url\":\"https:\\\/\\\/www.interforce.dk\\\/en\\\/author\\\/morten-fredslund\\\/\"}]}<\/script>\n<!-- \/ Yoast SEO plugin. -->","yoast_head_json":{"title":"Erhvervslivet skal tage et medansvar - InterForce","robots":{"index":"index","follow":"follow","max-snippet":"max-snippet:-1","max-image-preview":"max-image-preview:large","max-video-preview":"max-video-preview:-1"},"canonical":"https:\/\/www.interforce.dk\/en\/1500\/","og_locale":"en_GB","og_type":"article","og_title":"Erhvervslivet skal tage et medansvar - InterForce","og_description":"Engang var forsvaret af Danmark alene et milit\u00e6rt anliggende. Det er det ikke l\u00e6ngere.","og_url":"https:\/\/www.interforce.dk\/en\/1500\/","og_site_name":"InterForce","article_published_time":"2020-02-25T17:54:04+00:00","article_modified_time":"2020-03-03T10:09:45+00:00","og_image":[{"width":2560,"height":1707,"url":"https:\/\/www.interforce.dk\/app\/uploads\/2020\/02\/D59B0349-2-scaled.jpeg","type":"image\/jpeg"}],"author":"Morten Fredslund","twitter_card":"summary_large_image","twitter_misc":{"Written by":"Morten Fredslund","Est. reading time":"8 minutes"},"schema":{"@context":"https:\/\/schema.org","@graph":[{"@type":"Article","@id":"https:\/\/www.interforce.dk\/1500\/#article","isPartOf":{"@id":"https:\/\/www.interforce.dk\/1500\/"},"author":{"name":"Morten Fredslund","@id":"https:\/\/www.interforce.dk\/#\/schema\/person\/5477512a00e03f11d143b8bb3eb2eb90"},"headline":"Erhvervslivet skal tage et medansvar","datePublished":"2020-02-25T17:54:04+00:00","dateModified":"2020-03-03T10:09:45+00:00","mainEntityOfPage":{"@id":"https:\/\/www.interforce.dk\/1500\/"},"wordCount":1568,"image":{"@id":"https:\/\/www.interforce.dk\/1500\/#primaryimage"},"thumbnailUrl":"https:\/\/www.interforce.dk\/app\/uploads\/2020\/02\/D59B0349-2-scaled.jpeg","keywords":["Tag:Midtjylland"],"articleSection":["Erhvervsliv"],"inLanguage":"en-GB"},{"@type":"WebPage","@id":"https:\/\/www.interforce.dk\/1500\/","url":"https:\/\/www.interforce.dk\/1500\/","name":"Erhvervslivet skal tage et medansvar - InterForce","isPartOf":{"@id":"https:\/\/www.interforce.dk\/#website"},"primaryImageOfPage":{"@id":"https:\/\/www.interforce.dk\/1500\/#primaryimage"},"image":{"@id":"https:\/\/www.interforce.dk\/1500\/#primaryimage"},"thumbnailUrl":"https:\/\/www.interforce.dk\/app\/uploads\/2020\/02\/D59B0349-2-scaled.jpeg","datePublished":"2020-02-25T17:54:04+00:00","dateModified":"2020-03-03T10:09:45+00:00","author":{"@id":"https:\/\/www.interforce.dk\/#\/schema\/person\/5477512a00e03f11d143b8bb3eb2eb90"},"breadcrumb":{"@id":"https:\/\/www.interforce.dk\/1500\/#breadcrumb"},"inLanguage":"en-GB","potentialAction":[{"@type":"ReadAction","target":["https:\/\/www.interforce.dk\/1500\/"]}]},{"@type":"ImageObject","inLanguage":"en-GB","@id":"https:\/\/www.interforce.dk\/1500\/#primaryimage","url":"https:\/\/www.interforce.dk\/app\/uploads\/2020\/02\/D59B0349-2-scaled.jpeg","contentUrl":"https:\/\/www.interforce.dk\/app\/uploads\/2020\/02\/D59B0349-2-scaled.jpeg","width":2560,"height":1707,"caption":"Forsvarschef Bj\u00f8rn Bisserup gav de 92 fremm\u00f8dte erhvervsledere fra VL en indsigt i den aktuelle sikkerhedspolitiske situation - herunder den fremtidige brug af reservepersonel og frivillige fra Hjemmev\u00e6rnet. Foto: Morten Fredslund"},{"@type":"BreadcrumbList","@id":"https:\/\/www.interforce.dk\/1500\/#breadcrumb","itemListElement":[{"@type":"ListItem","position":1,"name":"Hjem","item":"https:\/\/www.interforce.dk\/"},{"@type":"ListItem","position":2,"name":"Erhvervslivet skal tage et medansvar"}]},{"@type":"WebSite","@id":"https:\/\/www.interforce.dk\/#website","url":"https:\/\/www.interforce.dk\/","name":"InterForce","description":"","potentialAction":[{"@type":"SearchAction","target":{"@type":"EntryPoint","urlTemplate":"https:\/\/www.interforce.dk\/?s={search_term_string}"},"query-input":{"@type":"PropertyValueSpecification","valueRequired":true,"valueName":"search_term_string"}}],"inLanguage":"en-GB"},{"@type":"Person","@id":"https:\/\/www.interforce.dk\/#\/schema\/person\/5477512a00e03f11d143b8bb3eb2eb90","name":"Morten Fredslund","image":{"@type":"ImageObject","inLanguage":"en-GB","@id":"https:\/\/secure.gravatar.com\/avatar\/67a6005c62149980e771e9a43b3cd6a4384c966c10c03c2641da6ea4f52fb6b8?s=96&d=mm&r=g","url":"https:\/\/secure.gravatar.com\/avatar\/67a6005c62149980e771e9a43b3cd6a4384c966c10c03c2641da6ea4f52fb6b8?s=96&d=mm&r=g","contentUrl":"https:\/\/secure.gravatar.com\/avatar\/67a6005c62149980e771e9a43b3cd6a4384c966c10c03c2641da6ea4f52fb6b8?s=96&d=mm&r=g","caption":"Morten Fredslund"},"url":"https:\/\/www.interforce.dk\/en\/author\/morten-fredslund\/"}]}},"_links":{"self":[{"href":"https:\/\/www.interforce.dk\/en\/wp-json\/wp\/v2\/posts\/1500","targetHints":{"allow":["GET"]}}],"collection":[{"href":"https:\/\/www.interforce.dk\/en\/wp-json\/wp\/v2\/posts"}],"about":[{"href":"https:\/\/www.interforce.dk\/en\/wp-json\/wp\/v2\/types\/post"}],"author":[{"embeddable":true,"href":"https:\/\/www.interforce.dk\/en\/wp-json\/wp\/v2\/users\/4"}],"replies":[{"embeddable":true,"href":"https:\/\/www.interforce.dk\/en\/wp-json\/wp\/v2\/comments?post=1500"}],"version-history":[{"count":0,"href":"https:\/\/www.interforce.dk\/en\/wp-json\/wp\/v2\/posts\/1500\/revisions"}],"wp:featuredmedia":[{"embeddable":true,"href":"https:\/\/www.interforce.dk\/en\/wp-json\/wp\/v2\/media\/1507"}],"wp:attachment":[{"href":"https:\/\/www.interforce.dk\/en\/wp-json\/wp\/v2\/media?parent=1500"}],"wp:term":[{"taxonomy":"category","embeddable":true,"href":"https:\/\/www.interforce.dk\/en\/wp-json\/wp\/v2\/categories?post=1500"},{"taxonomy":"post_tag","embeddable":true,"href":"https:\/\/www.interforce.dk\/en\/wp-json\/wp\/v2\/tags?post=1500"}],"curies":[{"name":"wp","href":"https:\/\/api.w.org\/{rel}","templated":true}]}}