{"id":14713,"date":"2023-10-26T11:30:00","date_gmt":"2023-10-26T11:30:00","guid":{"rendered":"https:\/\/www.interforce.dk\/?p=14713"},"modified":"2023-10-19T09:48:16","modified_gmt":"2023-10-19T09:48:16","slug":"afsted-med-kort-varsel-til-tyrkiet","status":"publish","type":"post","link":"https:\/\/www.interforce.dk\/en\/afsted-med-kort-varsel-til-tyrkiet\/","title":{"rendered":"Afsted med kort varsel til Tyrkiet"},"content":{"rendered":"<div class=\"block core-block core-block--paragraph\">\n      <div class=\"inner inner--small\">\n      \n<p>Jan Kildelund og Martin Munk Hansen smed, hvad de havde i h\u00e6nderne, for at blive udsendt med <a href=\"https:\/\/www.brs.dk\/da\/\">Beredskabsstyrelsen<\/a> til Tyrkiet. For et voldsomt jordsk\u00e6lv havde ramt landet, og der var brug for hj\u00e6lp. Deres arbejdspladser bakkede op.<\/p>\n\n      <\/div>\n  <\/div>\n<div class=\"block core-block core-block--image\">\n      <div class=\"inner inner--small\">\n      \n<figure class=\"wp-block-image size-large is-resized\"><img loading=\"lazy\" decoding=\"async\" src=\"https:\/\/www.interforce.dk\/app\/uploads\/2023\/10\/IMG_6404-1024x768.jpg\" alt=\"\" class=\"wp-image-14731\" style=\"width:838px;height:630px\" width=\"838\" height=\"630\" srcset=\"https:\/\/www.interforce.dk\/app\/uploads\/2023\/10\/IMG_6404-1024x768.jpg 1024w, https:\/\/www.interforce.dk\/app\/uploads\/2023\/10\/IMG_6404-300x225.jpg 300w, https:\/\/www.interforce.dk\/app\/uploads\/2023\/10\/IMG_6404-768x576.jpg 768w, https:\/\/www.interforce.dk\/app\/uploads\/2023\/10\/IMG_6404-1536x1152.jpg 1536w, https:\/\/www.interforce.dk\/app\/uploads\/2023\/10\/IMG_6404-2048x1536.jpg 2048w, https:\/\/www.interforce.dk\/app\/uploads\/2023\/10\/IMG_6404-16x12.jpg 16w\" sizes=\"auto, (max-width: 838px) 100vw, 838px\" \/><figcaption class=\"wp-element-caption\"><em>Beredskabsstyrelsen udsendte i februar og marts personel til de s\u00e5kaldte TAST-teams, som skulle underst\u00f8tte EU\u2019s koordinationsarbejde, blandt andet med internet og telefoni. Foto: Jan Kildelund.<\/em><\/figcaption><\/figure>\n\n      <\/div>\n  <\/div>\n<div class=\"block core-block core-block--paragraph\">\n      <div class=\"inner inner--small\">\n      \n<p>Sent om eftermiddagen den 6. februar 2023 ringer Jan Kildelund til sin chef i <a href=\"https:\/\/www.powernet.dk\/\">PowerNet<\/a>, Per Buchard Hansen. Det skal g\u00e5 lidt st\u00e6rkt. Jan Kildelund st\u00e5r p\u00e5 Beredskabsstyrelsens kaserne i Herning, hvor han er en del af reserven. Der skal en fortrop p\u00e5 to personer af sted til det jordsk\u00e6lvsramte omr\u00e5de i Tyrkiet i morgen tidlig. Kan han f\u00e5 to uger fri? Fra i morgen af, alts\u00e5, sp\u00f8rger Jan sin chef.<\/p>\n\n      <\/div>\n  <\/div>\n<div class=\"block core-block core-block--paragraph\">\n      <div class=\"inner inner--small\">\n      \n<p>\u201dSelvf\u00f8lgelig kan du det,\u201d svarer Per Buchard Hansen. Opkaldet bliver kort.<\/p>\n\n      <\/div>\n  <\/div>\n<div class=\"block core-block core-block--paragraph\">\n      <div class=\"inner inner--small\">\n      \n<p>Sammenlagt taler de to sammen i 10 minutter, inden Jan Kildelund morgenen efter st\u00e5r i K\u00f8benhavns Lufthavn p\u00e5 vej til den tyrkiske del af det omr\u00e5de, der er blevet ramt af et kraftigt jordsk\u00e6lv dagen forinden.<\/p>\n\n      <\/div>\n  <\/div>\n<div class=\"block core-block core-block--image align-left\">\n      <div class=\"inner inner--small\">\n      \n<figure class=\"wp-block-image alignleft size-large is-resized\"><img loading=\"lazy\" decoding=\"async\" src=\"https:\/\/www.interforce.dk\/app\/uploads\/2023\/10\/IMG_0051-1-1024x769.jpg\" alt=\"\" class=\"wp-image-14727\" style=\"width:366px;height:275px\" width=\"366\" height=\"275\" srcset=\"https:\/\/www.interforce.dk\/app\/uploads\/2023\/10\/IMG_0051-1-1024x769.jpg 1024w, https:\/\/www.interforce.dk\/app\/uploads\/2023\/10\/IMG_0051-1-300x225.jpg 300w, https:\/\/www.interforce.dk\/app\/uploads\/2023\/10\/IMG_0051-1-768x577.jpg 768w, https:\/\/www.interforce.dk\/app\/uploads\/2023\/10\/IMG_0051-1-1536x1154.jpg 1536w, https:\/\/www.interforce.dk\/app\/uploads\/2023\/10\/IMG_0051-1-2048x1539.jpg 2048w, https:\/\/www.interforce.dk\/app\/uploads\/2023\/10\/IMG_0051-1-16x12.jpg 16w\" sizes=\"auto, (max-width: 366px) 100vw, 366px\" \/><figcaption class=\"wp-element-caption\"><em>Jan Kildelund har v\u00e6ret en del af Beredskabsstyrelsens reserve siden 2018. Til daglig er han produktansvarlig for PowerNets it-l\u00f8sninger, som de leverer til den danske sundhedssektor. Foto: Jan Kildelund.<\/em><\/figcaption><\/figure>\n\n      <\/div>\n  <\/div>\n<div class=\"block core-block core-block--paragraph\">\n      <div class=\"inner inner--small\">\n      \n<p>Jan Kildelund har akkurat n\u00e5et at aflyse nogle m\u00f8der og overdrage et par opgaver til sine kollegaer og til Per Buchard Hansen.<\/p>\n\n      <\/div>\n  <\/div>\n<div class=\"block core-block core-block--paragraph\">\n      <div class=\"inner inner--small\">\n      \n<p>\u201dDet er selvf\u00f8lgelig timingen i det, som kan v\u00e6re udfordringen. Men der havde vi en fin dialog. Man er n\u00f8dt til at v\u00e6rne om sin arbejdsplads som ansat hos PowerNet. Men PowerNet kommer jo ikke f\u00f8rst, n\u00e5r der er en krise af den kaliber, hvor man ved, at her er der en, der kan g\u00f8re en forskel,\u201d konstaterer Per Buchard Hansen og forts\u00e6tter:<\/p>\n\n      <\/div>\n  <\/div>\n<div class=\"block core-block core-block--paragraph\">\n      <div class=\"inner inner--small\">\n      \n<p>\u201dDet er vigtigt, at arbejdspladsen fungerer, og at Jan har en arbejdsplads at komme tilbage til. Men det, der sker ude i den store verden, er ogs\u00e5 vigtigt. Det har ikke noget at g\u00f8re med, at vi er en humanit\u00e6r virksomhed, der skal redde verden. Men jeg synes, det hele h\u00e6nger sammen.\u201d<\/p>\n\n      <\/div>\n  <\/div>\n<div class=\"block core-block core-block--heading\">\n      <div class=\"inner inner--small\">\n      \n<h2 class=\"wp-block-heading\">Et l\u00f8fte der blev holdt<\/h2>\n\n      <\/div>\n  <\/div>\n<div class=\"block core-block core-block--paragraph\">\n      <div class=\"inner inner--small\">\n      \n<p>Da Jan Kildelund blev ansat i it-virksomheden PowerNet for halvandet \u00e5r siden, fortalte han sin chef, at han var i Reserven, og at der derfor kunne komme et tilbud om en udsendelse. P\u00e5 et tidspunkt.<\/p>\n\n      <\/div>\n  <\/div>\n<div class=\"block core-block core-block--paragraph\">\n      <div class=\"inner inner--small\">\n      \n<p>I sine 12 \u00e5r i Beredskabsstyrelsen som fastansat it-teknolog og seniorsergent har han i gennemsnit v\u00e6ret udsendt en gang om \u00e5ret til diverse katastrofer og kriser rundtomkring i verden. En stor del af dem jordsk\u00e6lv.<\/p>\n\n      <\/div>\n  <\/div>\n<div class=\"block core-block core-block--paragraph\">\n      <div class=\"inner inner--small\">\n      \n<p>Med hans specialiserede viden om det it-udstyr, som Beredskabsstyrelsen har at s\u00e6tte op til at underst\u00f8tte redningsaktioners koordineringsindsats, ville tilbuddet om endnu en udsendelse nok komme en dag.<\/p>\n\n      <\/div>\n  <\/div>\n<div class=\"block core-block core-block--image align-right\">\n      <div class=\"inner inner--small\">\n      \n<figure class=\"wp-block-image alignright size-large is-resized\"><img loading=\"lazy\" decoding=\"async\" src=\"https:\/\/www.interforce.dk\/app\/uploads\/2023\/10\/IMG_6642-1-1024x768.jpg\" alt=\"\" class=\"wp-image-14729\" style=\"width:391px;height:293px\" width=\"391\" height=\"293\" srcset=\"https:\/\/www.interforce.dk\/app\/uploads\/2023\/10\/IMG_6642-1-1024x768.jpg 1024w, https:\/\/www.interforce.dk\/app\/uploads\/2023\/10\/IMG_6642-1-300x225.jpg 300w, https:\/\/www.interforce.dk\/app\/uploads\/2023\/10\/IMG_6642-1-768x576.jpg 768w, https:\/\/www.interforce.dk\/app\/uploads\/2023\/10\/IMG_6642-1-1536x1152.jpg 1536w, https:\/\/www.interforce.dk\/app\/uploads\/2023\/10\/IMG_6642-1-2048x1536.jpg 2048w, https:\/\/www.interforce.dk\/app\/uploads\/2023\/10\/IMG_6642-1-16x12.jpg 16w\" sizes=\"auto, (max-width: 391px) 100vw, 391px\" \/><figcaption class=\"wp-element-caption\"><em>Jan Kildelund og Beredskabsstyrelsens \u00f8vrige udsendte s\u00f8rgede blandt andet for, at personel fra EU og FN kunne koordinere redningsindsatsen i Tyrkiet. Foto: Privat.<\/em><\/figcaption><\/figure>\n\n      <\/div>\n  <\/div>\n<div class=\"block core-block core-block--paragraph\">\n      <div class=\"inner inner--small\">\n      \n<p>Jan Kildelund var derfor sp\u00e6ndt p\u00e5, om chefens l\u00f8fte dengang stadig stod ved magt.<\/p>\n\n      <\/div>\n  <\/div>\n<div class=\"block core-block core-block--paragraph\">\n      <div class=\"inner inner--small\">\n      \n<p>\u201dDet var jo fedt, at det stadigv\u00e6k gjaldt, n\u00e5r jeg reelt kom og sagde, at nu var det alts\u00e5 nu,\u201d siger Jan Kildelund, der selvf\u00f8lgelig ogs\u00e5 skulle afklare udsendelsen med sin hustru og sine b\u00f8rn.<\/p>\n\n      <\/div>\n  <\/div>\n<div class=\"block core-block core-block--paragraph\">\n      <div class=\"inner inner--small\">\n      \n<p>For Per Buchard Hansen er sp\u00f8rgsm\u00e5let om Jans udsendelse i h\u00f8j grad ogs\u00e5 et sp\u00f8rgsm\u00e5l om fleksibilitet.<\/p>\n\n      <\/div>\n  <\/div>\n<div class=\"block core-block core-block--paragraph\">\n      <div class=\"inner inner--small\">\n      \n<p>\u201dHvis Jan ikke kunne have f\u00e5et friheden til at g\u00f8re det, s\u00e5 ville han sidde og t\u00e6nke, at det var dog \u00e6rgerligt. N\u00e5r han nu havde b\u00e5de lysten og evnen, og der var brug for ham, og det var noget, der g\u00f8r noget for <em>ham<\/em>, s\u00e5 skulle han selvf\u00f8lgelig det,\u201d siger Per Buchard Hansen.<\/p>\n\n      <\/div>\n  <\/div>\n<div class=\"block core-block core-block--heading\">\n      <div class=\"inner inner--small\">\n      \n<h2 class=\"wp-block-heading\">Hold\u00e5nd p\u00e5 arbejdspladsen<\/h2>\n\n      <\/div>\n  <\/div>\n<div class=\"block core-block core-block--paragraph\">\n      <div class=\"inner inner--small\">\n      \n<p>Ankommet til Tyrkiet k\u00f8rer Jan Kildelund og hans officerskollega til byen Gaziantep, hvor EU og ogs\u00e5 FN\u2019s redningsindsats har base. Det ligger cirka 30 kilometer fra jordsk\u00e6lvets epicenter. De to fra Beredskabsstyrelsen er en del af et nordisk s\u00e5kaldt TAST-team \u2013 technical assistance and support team. De skal underst\u00f8tte EU\u2019s koordinationsarbejde, blandt andet med internet og telefoni. Med sig har de ogs\u00e5 en teltlejr til 50 personer, som fordeles p\u00e5 to byer, Adiyaman og Malatya.<\/p>\n\n      <\/div>\n  <\/div>\n<div class=\"block core-block core-block--image align-left\">\n      <div class=\"inner inner--small\">\n      \n<figure class=\"wp-block-image alignleft size-large is-resized\"><img loading=\"lazy\" decoding=\"async\" src=\"https:\/\/www.interforce.dk\/app\/uploads\/2023\/10\/IMG_6443-768x1024.jpg\" alt=\"\" class=\"wp-image-14736\" style=\"width:348px;height:465px\" width=\"348\" height=\"465\" srcset=\"https:\/\/www.interforce.dk\/app\/uploads\/2023\/10\/IMG_6443-768x1024.jpg 768w, https:\/\/www.interforce.dk\/app\/uploads\/2023\/10\/IMG_6443-225x300.jpg 225w, https:\/\/www.interforce.dk\/app\/uploads\/2023\/10\/IMG_6443-1152x1536.jpg 1152w, https:\/\/www.interforce.dk\/app\/uploads\/2023\/10\/IMG_6443-1536x2048.jpg 1536w, https:\/\/www.interforce.dk\/app\/uploads\/2023\/10\/IMG_6443-9x12.jpg 9w, https:\/\/www.interforce.dk\/app\/uploads\/2023\/10\/IMG_6443-scaled.jpg 1920w\" sizes=\"auto, (max-width: 348px) 100vw, 348px\" \/><figcaption class=\"wp-element-caption\"><em>N\u00e5r Jan Kildelund havde mulighed for det, sendte han opdateringer hjem til sin familie og til sine kollegaer i PowerNet \u2013 for at fort\u00e6lle, at alt var godt. S\u00e6rligt, n\u00e5r nyheden om eftersk\u00e6lv ramte de danske medier. Foto: Privat.<\/em><\/figcaption><\/figure>\n\n      <\/div>\n  <\/div>\n<div class=\"block core-block core-block--paragraph\">\n      <div class=\"inner inner--small\">\n      \n<p>Jan Kildelund driver sidstn\u00e6vnte lejr i intense 14 dage, inden han bliver afl\u00f8st af endnu et hold danskere fra Beredskabsstyrelsen.<\/p>\n\n      <\/div>\n  <\/div>\n<div class=\"block core-block core-block--paragraph\">\n      <div class=\"inner inner--small\">\n      \n<p>\u201dForud for min udsendelse t\u00e6nkte jeg selvf\u00f8lgelig, at nu h\u00e6lder jeg det hele over p\u00e5 mine kollegaer i PowerNet. Vi har jo alle sammen nok at se til. Men jeg tror, at hvis det ikke var, fordi opgaven i Tyrkiet var s\u00e5 alvorlig, som den var, s\u00e5 ville jeg nok have haft sv\u00e6rt ved at tage af sted,\u201d siger Jan Kildelund. Mens han er udsendt, bliver han afl\u00f8nnet af Beredskabsstyrelsen.<\/p>\n\n      <\/div>\n  <\/div>\n<div class=\"block core-block core-block--paragraph\">\n      <div class=\"inner inner--small\">\n      \n<p>N\u00e5r han har en ledig stund fra driften af lejren i Malatya, skimmer han sin arbejdsmail for at sikre sig, at alle mails har en anden kollega cc. Derhjemme ved Per Buchard Hansen, at han kan f\u00e5 fat p\u00e5 Jan via satellittelefon, hvis det er absolut n\u00f8dvendigt. Det bliver det heldigvis ikke.<\/p>\n\n      <\/div>\n  <\/div>\n<div class=\"block core-block core-block--paragraph\">\n      <div class=\"inner inner--small\">\n      \n<p>Til geng\u00e6ld sender Jan Kildelund opdateringer hjem i ny og n\u00e6, ogs\u00e5 til kollegaerne i PowerNet.<\/p>\n\n      <\/div>\n  <\/div>\n<div class=\"block core-block core-block--paragraph\">\n      <div class=\"inner inner--small\">\n      \n<p>Blandt andet modtager Per Buchard Hansen og hans medarbejdere en dramatisk beretning om en aften, hvor Jan Kildelund sidder i en hal med et hold kinesiske redningsfolk og drikker te og spiser suppe. Da rammer et eftersk\u00e6lv omr\u00e5det, og de m\u00e5 alle l\u00f8be ud p\u00e5 parkeringspladsen foran bygningen.<\/p>\n\n      <\/div>\n  <\/div>\n<div class=\"block core-block core-block--paragraph\">\n      <div class=\"inner inner--small\">\n      \n<p>\u201dDet blev noget, vi fulgte med i herhjemme. Det skabte faktisk noget internt, n\u00e6sten hold\u00e5nd. Det g\u00f8r s\u00e5 sandelig noget for et sammenhold. Men det g\u00f8r ogs\u00e5 noget for, at man f\u00f8ler, at man h\u00f8rer til,\u201d siger Per Buchard Hansen.<\/p>\n\n      <\/div>\n  <\/div>\n<div class=\"block core-block core-block--heading\">\n      <div class=\"inner inner--small\">\n      \n<h2 class=\"wp-block-heading\">Godt forberedt<\/h2>\n\n      <\/div>\n  <\/div>\n<div class=\"block core-block core-block--image align-right\">\n      <div class=\"inner inner--small\">\n      \n<figure class=\"wp-block-image alignright size-large is-resized\"><img loading=\"lazy\" decoding=\"async\" src=\"https:\/\/www.interforce.dk\/app\/uploads\/2023\/10\/IMG_7899-1024x683.jpg\" alt=\"\" class=\"wp-image-14742\" style=\"width:389px;height:259px\" width=\"389\" height=\"259\" srcset=\"https:\/\/www.interforce.dk\/app\/uploads\/2023\/10\/IMG_7899-1024x683.jpg 1024w, https:\/\/www.interforce.dk\/app\/uploads\/2023\/10\/IMG_7899-300x200.jpg 300w, https:\/\/www.interforce.dk\/app\/uploads\/2023\/10\/IMG_7899-768x512.jpg 768w, https:\/\/www.interforce.dk\/app\/uploads\/2023\/10\/IMG_7899-1536x1024.jpg 1536w, https:\/\/www.interforce.dk\/app\/uploads\/2023\/10\/IMG_7899-2048x1365.jpg 2048w, https:\/\/www.interforce.dk\/app\/uploads\/2023\/10\/IMG_7899-18x12.jpg 18w\" sizes=\"auto, (max-width: 389px) 100vw, 389px\" \/><figcaption class=\"wp-element-caption\"><em>Martin Munk Hansen er frivillig i Beredskabsstyrelsen og var udsendt til Tyrkiet i februar og marts. Til daglig arbejder han som softwareingeni\u00f8r i virksomheden Roku Inc. Foto: Martin Munk Hansen.<\/em><\/figcaption><\/figure>\n\n      <\/div>\n  <\/div>\n<div class=\"block core-block core-block--paragraph\">\n      <div class=\"inner inner--small\">\n      \n<p>I Aarhus g\u00e5r Martin Munk Hansen i mellemtiden og forbereder sig p\u00e5, at tilbuddet om en udsendelse til Tyrkiet kan komme. Han er frivillig i Beredskabsstyrelsen og en del af den samme gruppe af it-kyndige som Jan Kildelund. Martin Munk Hansen arbejder til daglig som softwareingeni\u00f8r i virksomheden <a href=\"https:\/\/www.roku.com\/\">Roku Inc<\/a>., som fremstiller udstyr og software til streaming.<\/p>\n\n      <\/div>\n  <\/div>\n<div class=\"block core-block core-block--paragraph\">\n      <div class=\"inner inner--small\">\n      \n<p>\u201dJeg var ikke s\u00e5 bekymret for at sp\u00f8rge min chef, Rasmus. Han ved, at jeg gerne vil det her i Beredskabsstyrelsen. Og HR er altid efter mig i forhold til at f\u00e5 afholdt mine feriedage,\u201d siger Martin Munk Hansen med et lille grin.<\/p>\n\n      <\/div>\n  <\/div>\n<div class=\"block core-block core-block--paragraph\">\n      <div class=\"inner inner--small\">\n      \n<p>Han forbereder sin chef, Rasmus Frich, de n\u00e6ste fire-fem dage, inden opkaldet fra Beredskabsstyrelsen endelig kommer.<\/p>\n\n      <\/div>\n  <\/div>\n<div class=\"block core-block core-block--paragraph\">\n      <div class=\"inner inner--small\">\n      \n<p>\u201dMartin var god til at foregribe begivenhederne. S\u00e5 han havde gjort sit forarbejde, da han kom og spurgte, om han m\u00e5tte tage af sted,\u201d husker Rasmus Frich.<\/p>\n\n      <\/div>\n  <\/div>\n<div class=\"block core-block core-block--image align-left\">\n      <div class=\"inner inner--small\">\n      \n<figure class=\"wp-block-image alignleft size-full is-resized\"><img loading=\"lazy\" decoding=\"async\" src=\"https:\/\/www.interforce.dk\/app\/uploads\/2023\/10\/IMG_0132.jpg\" alt=\"\" class=\"wp-image-14744\" style=\"width:324px;height:432px\" width=\"324\" height=\"432\" srcset=\"https:\/\/www.interforce.dk\/app\/uploads\/2023\/10\/IMG_0132.jpg 768w, https:\/\/www.interforce.dk\/app\/uploads\/2023\/10\/IMG_0132-225x300.jpg 225w, https:\/\/www.interforce.dk\/app\/uploads\/2023\/10\/IMG_0132-9x12.jpg 9w\" sizes=\"auto, (max-width: 324px) 100vw, 324px\" \/><figcaption class=\"wp-element-caption\"><em>Ud over it-udstyr havde Beredskabsstyrelsen ogs\u00e5 telte med, som personel fra EU\u2019s koordineringsindsats kunne overnatte i. Teltene blev sl\u00e5et op i de tyrkiske byer Adiyaman og Malatya, som begge var ber\u00f8rt af jordsk\u00e6lvet. Foto: Jan Kildelund.<\/em><\/figcaption><\/figure>\n\n      <\/div>\n  <\/div>\n<div class=\"block core-block core-block--paragraph\">\n      <div class=\"inner inner--small\">\n      \n<p>Sammen f\u00e5r de aftalt, hvilke opgaver skal uddelegeres, og om der er noget, der skal s\u00e6ttes i bero. Martin Munk Hansen f\u00e5r sat et autosvar p\u00e5 sin mail om, at han alts\u00e5 ikke lige er tilg\u00e6ngelig i perioden.<\/p>\n\n      <\/div>\n  <\/div>\n<div class=\"block core-block core-block--paragraph\">\n      <div class=\"inner inner--small\">\n      \n<p>Martin Munk Hansen skal under sin udsendelse st\u00e5 for driften af den ene af teltlejrene. Derudover skal han s\u00f8rge for, at det \u00f8vrige personale f\u00e5r mad, at generatorerne er tankede, og internettet i lejren er stabilt. Og s\u00e5 hj\u00e6lper han til med at f\u00e5 holdets sammenbragte it-udstyr til at spille sammen.<\/p>\n\n      <\/div>\n  <\/div>\n<div class=\"block core-block core-block--paragraph\">\n      <div class=\"inner inner--small\">\n      \n<p>Senere bliver han udl\u00e5nt til FN\u2019s hovedkoordinationscenter i Gaziantep, hvor han skal holde styr p\u00e5 FN-personalets pulje af biler. En arbejdsopgave, der adskiller sig v\u00e6sentligt fra de hjemlige.<\/p>\n\n      <\/div>\n  <\/div>\n<div class=\"block core-block core-block--paragraph\">\n      <div class=\"inner inner--small\">\n      \n<p>\u201dJeg er helt sikker p\u00e5, at det, at jeg bruger tid p\u00e5 beredskabet i min fritid, giver mig nogle styrker, som jeg kan bidrage med p\u00e5 jobbet i Roku Inc. Noget s\u00e5 simpelt som tilgangen til at l\u00f8se et problem. N\u00e5r man l\u00e6rer at blive brandmand, s\u00e5 l\u00e6rer man om trepunktsbefalinger. Min tilgang til problemer er nok nogle gange p\u00e5virket af, hvordan man tackler problemer, n\u00e5r det ikke figurativt br\u00e6nder, men n\u00e5r det rent faktisk br\u00e6nder,\u201d siger Martin Munk Hansen. Han har ogs\u00e5 tidligere v\u00e6ret udsendt til Sverige i forbindelse med kraftige naturbrande i 2018.<\/p>\n\n      <\/div>\n  <\/div>\n<div class=\"block core-block core-block--heading\">\n      <div class=\"inner inner--small\">\n      \n<h2 class=\"wp-block-heading\">Akklimatisering til hverdagen<\/h2>\n\n      <\/div>\n  <\/div>\n<div class=\"block core-block core-block--paragraph\">\n      <div class=\"inner inner--small\">\n      \n<p>Jan Kildelund har v\u00e6ret udsendt 12 gange tidligere med Beredskabsstyrelsen. Derfor ved han, hvordan mennesker og omgivelser bliver p\u00e5virket ved et jordsk\u00e6lv, og at der tilmed er stor risiko for eftersk\u00e6lv. Alligevel bliver han overrasket over omfanget af \u00f8del\u00e6ggelserne i Tyrkiet. P\u00e5 str\u00e6kningen mellem de to teltlejre, som det tager en hel nat at tilbagel\u00e6gge i bil, er der sammenstyrtede bygninger overalt.<\/p>\n\n      <\/div>\n  <\/div>\n<div class=\"block core-block core-block--paragraph\">\n      <div class=\"inner inner--small\">\n      \n<p>Denne gang skal han heller ikke tilbage til et job i beredskabet, men alts\u00e5 et civilt et af slagsen i PowerNet, n\u00e5r han 14 dage senere sidder p\u00e5 et fly p\u00e5 vej hjem til Danmark.<\/p>\n\n      <\/div>\n  <\/div>\n<div class=\"block core-block core-block--paragraph\">\n      <div class=\"inner inner--small\">\n      \n<p>Det kr\u00e6ver mere omstilling end s\u00e6dvanligt.<\/p>\n\n      <\/div>\n  <\/div>\n<div class=\"block core-block core-block--paragraph\">\n      <div class=\"inner inner--small\">\n      \n<p>\u201dMan skal jo trappe ud igen, n\u00e5r man kommer hjem fra et s\u00e5 intenst arbejdsmilj\u00f8. Det er faktisk den st\u00f8rste opgave. Det var jo f\u00f8rste gang, hvor jobbet derhjemme ikke var Beredskabsstyrelsen, vagter, brandbiler og udsendelse af rotationshold. Alts\u00e5 et job, hvor man f\u00e5r lov til at drosle lige s\u00e5 stille ned. Her kom jeg lige hjem\u2026 til en mailboks,\u201d siger Jan Kildelund, som derfor beder sin chef, Per Buchard Hansen, om en ekstra fridag ved hjemkomsten. Han f\u00e5r to.<\/p>\n\n      <\/div>\n  <\/div>\n<div class=\"block core-block core-block--image align-right\">\n      <div class=\"inner inner--small\">\n      \n<figure class=\"wp-block-image alignright size-large is-resized\"><img loading=\"lazy\" decoding=\"async\" src=\"https:\/\/www.interforce.dk\/app\/uploads\/2023\/10\/IMG_0150-1-1024x768.jpg\" alt=\"\" class=\"wp-image-14748\" style=\"width:413px;height:310px\" width=\"413\" height=\"310\" srcset=\"https:\/\/www.interforce.dk\/app\/uploads\/2023\/10\/IMG_0150-1-1024x768.jpg 1024w, https:\/\/www.interforce.dk\/app\/uploads\/2023\/10\/IMG_0150-1-300x225.jpg 300w, https:\/\/www.interforce.dk\/app\/uploads\/2023\/10\/IMG_0150-1-768x576.jpg 768w, https:\/\/www.interforce.dk\/app\/uploads\/2023\/10\/IMG_0150-1-1536x1152.jpg 1536w, https:\/\/www.interforce.dk\/app\/uploads\/2023\/10\/IMG_0150-1-2048x1536.jpg 2048w, https:\/\/www.interforce.dk\/app\/uploads\/2023\/10\/IMG_0150-1-16x12.jpg 16w\" sizes=\"auto, (max-width: 413px) 100vw, 413px\" \/><figcaption class=\"wp-element-caption\"><em>Jan Kildelund har altid en pakket taske st\u00e5ende klar p\u00e5 Beredskabsstyrelsens kaserne i Herning. Denne gang skulle der dog suppleres med ekstra varmt t\u00f8j til den tyrkiske vinter. Foto: Jan Kildelund.<\/em><\/figcaption><\/figure>\n\n      <\/div>\n  <\/div>\n<div class=\"block core-block core-block--paragraph\">\n      <div class=\"inner inner--small\">\n      \n<p>For Per Buchard Hansen er udsendelsen og fleksibiliteten fra arbejdspladsens side et v\u00e6sentligt led i at v\u00e6rne om medarbejderens trivsel.<\/p>\n\n      <\/div>\n  <\/div>\n<div class=\"block core-block core-block--paragraph\">\n      <div class=\"inner inner--small\">\n      \n<p>\u201dJan blev sat fri til at tr\u00e6ffe et valg, der gjorde noget godt for ham. Er det udvikling? Det ved jeg ikke. Men det er i stor stil trivsel p\u00e5 den lange bane. For n\u00e5r Jan kigger tilbage p\u00e5 \u00e5ret, s\u00e5 har det v\u00e6ret et \u00e5r, hvor han har f\u00e5et lidt af begge verdener,\u201d siger PowerNets direkt\u00f8r, Per Buchard Hansen.<\/p>\n\n      <\/div>\n  <\/div>\n<div class=\"block core-block core-block--paragraph\">\n      <div class=\"inner inner--small\">\n      \n<p>D\u00e9n frihed til at blive udsendt har betydning for Jan Kildelund.<\/p>\n\n      <\/div>\n  <\/div>\n<div class=\"block core-block core-block--paragraph\">\n      <div class=\"inner inner--small\">\n      \n<p>\u201dJeg kan f\u00e5 lov til at beholde den del af min identitet. Og s\u00e5 giver det mig muligheden for at komme ud og tilbage igen og se tingene med nye, friske \u00f8jne p\u00e5 min arbejdsplads. S\u00e5 det giver et afbr\u00e6k,\u201d siger Jan Kildelund.<\/p>\n\n      <\/div>\n  <\/div>\n<div class=\"block core-block core-block--heading\">\n      <div class=\"inner inner--small\">\n      \n<h2 class=\"wp-block-heading\">Klogere p\u00e5 sig selv<\/h2>\n\n      <\/div>\n  <\/div>\n<div class=\"block core-block core-block--paragraph\">\n      <div class=\"inner inner--small\">\n      \n<p>Martin Munk Hansens udsendelse til Tyrkiet varer tre uger. Arbejdsopgaverne er omskiftelige, og tempoet er til tider hektisk. Men han oplever det som et velkomment sceneskift, f\u00f8r han igen vender tilbage til dagligdagen i Roku Inc. i Aarhus.<\/p>\n\n      <\/div>\n  <\/div>\n<div class=\"block core-block core-block--paragraph\">\n      <div class=\"inner inner--small\">\n      \n<p>\u201dJeg er taknemmelig for, at jeg har den fleksibilitet p\u00e5 min arbejdsplads og i min rolle p\u00e5 arbejdspladsen. Under min udsendelse har jeg l\u00e6rt mig selv lidt bedre at kende. Jeg har for eksempel l\u00e6rt at arbejde med og blive mere opm\u00e6rksom p\u00e5 faretegnene p\u00e5 stress,\u201d siger Martin Munk Hansen.<\/p>\n\n      <\/div>\n  <\/div>\n<div class=\"block core-block core-block--paragraph\">\n      <div class=\"inner inner--small\">\n      \n<p>Det giver ikke direkte arbejdspladsen noget \u2013 hverken \u00f8konomisk eller kompetencem\u00e6ssigt \u2013 at Martin Munk Hansen er udsendt. Men hans chef, Rasmus Frich, kan sagtens f\u00e5 \u00f8je p\u00e5 klare fordele. S\u00e6rligt p\u00e5 det menneskelige plan. For ham er fleksibiliteten en vigtig m\u00e5de at holde en medarbejder glad.<\/p>\n\n      <\/div>\n  <\/div>\n<div class=\"block core-block core-block--paragraph\">\n      <div class=\"inner inner--small\">\n      \n<p>\u201dIndirekte f\u00e5r vi en medarbejder, som har haft nogle personlige overvejelser om, hvem han er, hvad han kan, og hvad han ogs\u00e5 finder gl\u00e6de i. For hver gang, Martin har v\u00e6ret ude p\u00e5 s\u00e5dan en tur, kommer der nogle nye anerkendelser, og nogle nye ting, han har v\u00e6ret udsat for og pr\u00f8vet. Han bliver mere klar over, hvem han selv er, og hvad han trives med,\u201d siger Rasmus Frich.<\/p>\n\n      <\/div>\n  <\/div>\n<div class=\"block core-block core-block--paragraph\">\n      <div class=\"inner inner--small\">\n      \n<p><\/p>\n\n      <\/div>\n  <\/div>\n<div class=\"block core-block core-block--paragraph\">\n      <div class=\"inner inner--small\">\n      \n<p>L\u00e6s ogs\u00e5: <a href=\"https:\/\/www.interforce.dk\/en\/?p=14933\">Vi har en st\u00e6rk forsvarsvilje<\/a><\/p>\n\n      <\/div>\n  <\/div>","protected":false},"excerpt":{"rendered":"Jan Kildelund og Martin Munk Hansen smed, hvad de havde i h\u00e6nderne, for at bliv...","protected":false},"author":123,"featured_media":14727,"comment_status":"closed","ping_status":"closed","sticky":false,"template":"","format":"standard","meta":{"_acf_changed":false,"footnotes":""},"categories":[156],"tags":[97],"class_list":["post-14713","post","type-post","status-publish","format-standard","has-post-thumbnail","hentry","category-beredskabsstyrelsen","tag-interforce"],"acf":[],"yoast_head":"<!-- This site is optimized with the Yoast SEO plugin v27.3 - https:\/\/yoast.com\/product\/yoast-seo-wordpress\/ -->\n<title>Afsted med kort varsel til Tyrkiet - InterForce<\/title>\n<meta name=\"description\" content=\"Jan Kildelund og Martin Munk Hansen smed, hvad de havde i h\u00e6nderne, for at blive udsendt med Beredskabsstyrelsen til Tyrkiet.\" \/>\n<meta name=\"robots\" content=\"index, follow, max-snippet:-1, max-image-preview:large, max-video-preview:-1\" \/>\n<link rel=\"canonical\" href=\"http:\/\/localhost\/afsted-med-kort-varsel-til-tyrkiet\/\" \/>\n<meta property=\"og:locale\" content=\"en_GB\" \/>\n<meta property=\"og:type\" content=\"article\" \/>\n<meta property=\"og:title\" content=\"Afsted med kort varsel til Tyrkiet - InterForce\" \/>\n<meta property=\"og:description\" content=\"Jan Kildelund og Martin Munk Hansen smed, hvad de havde i h\u00e6nderne, for at blive udsendt med Beredskabsstyrelsen til Tyrkiet.\" \/>\n<meta property=\"og:url\" content=\"http:\/\/localhost\/afsted-med-kort-varsel-til-tyrkiet\/\" \/>\n<meta property=\"og:site_name\" content=\"InterForce\" \/>\n<meta property=\"article:published_time\" content=\"2023-10-26T11:30:00+00:00\" \/>\n<meta property=\"og:image\" content=\"http:\/\/localhost\/app\/uploads\/2023\/10\/IMG_0051-1-scaled.jpg\" \/>\n\t<meta property=\"og:image:width\" content=\"2560\" \/>\n\t<meta property=\"og:image:height\" content=\"1923\" \/>\n\t<meta property=\"og:image:type\" content=\"image\/jpeg\" \/>\n<meta name=\"author\" content=\"Emma Kirketerp\" \/>\n<meta name=\"twitter:card\" content=\"summary_large_image\" \/>\n<meta name=\"twitter:label1\" content=\"Written by\" \/>\n\t<meta name=\"twitter:data1\" content=\"Emma Kirketerp\" \/>\n\t<meta name=\"twitter:label2\" content=\"Est. reading time\" \/>\n\t<meta name=\"twitter:data2\" content=\"10 minutes\" \/>\n<script type=\"application\/ld+json\" class=\"yoast-schema-graph\">{\"@context\":\"https:\\\/\\\/schema.org\",\"@graph\":[{\"@type\":\"Article\",\"@id\":\"http:\\\/\\\/localhost\\\/afsted-med-kort-varsel-til-tyrkiet\\\/#article\",\"isPartOf\":{\"@id\":\"http:\\\/\\\/localhost\\\/afsted-med-kort-varsel-til-tyrkiet\\\/\"},\"author\":{\"name\":\"Emma Kirketerp\",\"@id\":\"https:\\\/\\\/www.interforce.dk\\\/#\\\/schema\\\/person\\\/32030c694ea1ede34e7961ad2860546b\"},\"headline\":\"Afsted med kort varsel til Tyrkiet\",\"datePublished\":\"2023-10-26T11:30:00+00:00\",\"mainEntityOfPage\":{\"@id\":\"http:\\\/\\\/localhost\\\/afsted-med-kort-varsel-til-tyrkiet\\\/\"},\"wordCount\":2092,\"image\":{\"@id\":\"http:\\\/\\\/localhost\\\/afsted-med-kort-varsel-til-tyrkiet\\\/#primaryimage\"},\"thumbnailUrl\":\"https:\\\/\\\/www.interforce.dk\\\/app\\\/uploads\\\/2023\\\/10\\\/IMG_0051-1-scaled.jpg\",\"keywords\":[\"InterForce\"],\"articleSection\":[\"Beredskabsstyrelsen\"],\"inLanguage\":\"en-GB\"},{\"@type\":\"WebPage\",\"@id\":\"http:\\\/\\\/localhost\\\/afsted-med-kort-varsel-til-tyrkiet\\\/\",\"url\":\"http:\\\/\\\/localhost\\\/afsted-med-kort-varsel-til-tyrkiet\\\/\",\"name\":\"Afsted med kort varsel til Tyrkiet - InterForce\",\"isPartOf\":{\"@id\":\"https:\\\/\\\/www.interforce.dk\\\/#website\"},\"primaryImageOfPage\":{\"@id\":\"http:\\\/\\\/localhost\\\/afsted-med-kort-varsel-til-tyrkiet\\\/#primaryimage\"},\"image\":{\"@id\":\"http:\\\/\\\/localhost\\\/afsted-med-kort-varsel-til-tyrkiet\\\/#primaryimage\"},\"thumbnailUrl\":\"https:\\\/\\\/www.interforce.dk\\\/app\\\/uploads\\\/2023\\\/10\\\/IMG_0051-1-scaled.jpg\",\"datePublished\":\"2023-10-26T11:30:00+00:00\",\"author\":{\"@id\":\"https:\\\/\\\/www.interforce.dk\\\/#\\\/schema\\\/person\\\/32030c694ea1ede34e7961ad2860546b\"},\"description\":\"Jan Kildelund og Martin Munk Hansen smed, hvad de havde i h\u00e6nderne, for at blive udsendt med Beredskabsstyrelsen til Tyrkiet.\",\"breadcrumb\":{\"@id\":\"http:\\\/\\\/localhost\\\/afsted-med-kort-varsel-til-tyrkiet\\\/#breadcrumb\"},\"inLanguage\":\"en-GB\",\"potentialAction\":[{\"@type\":\"ReadAction\",\"target\":[\"http:\\\/\\\/localhost\\\/afsted-med-kort-varsel-til-tyrkiet\\\/\"]}]},{\"@type\":\"ImageObject\",\"inLanguage\":\"en-GB\",\"@id\":\"http:\\\/\\\/localhost\\\/afsted-med-kort-varsel-til-tyrkiet\\\/#primaryimage\",\"url\":\"https:\\\/\\\/www.interforce.dk\\\/app\\\/uploads\\\/2023\\\/10\\\/IMG_0051-1-scaled.jpg\",\"contentUrl\":\"https:\\\/\\\/www.interforce.dk\\\/app\\\/uploads\\\/2023\\\/10\\\/IMG_0051-1-scaled.jpg\",\"width\":2560,\"height\":1923},{\"@type\":\"BreadcrumbList\",\"@id\":\"http:\\\/\\\/localhost\\\/afsted-med-kort-varsel-til-tyrkiet\\\/#breadcrumb\",\"itemListElement\":[{\"@type\":\"ListItem\",\"position\":1,\"name\":\"Hjem\",\"item\":\"https:\\\/\\\/www.interforce.dk\\\/\"},{\"@type\":\"ListItem\",\"position\":2,\"name\":\"Afsted med kort varsel til Tyrkiet\"}]},{\"@type\":\"WebSite\",\"@id\":\"https:\\\/\\\/www.interforce.dk\\\/#website\",\"url\":\"https:\\\/\\\/www.interforce.dk\\\/\",\"name\":\"InterForce\",\"description\":\"\",\"potentialAction\":[{\"@type\":\"SearchAction\",\"target\":{\"@type\":\"EntryPoint\",\"urlTemplate\":\"https:\\\/\\\/www.interforce.dk\\\/?s={search_term_string}\"},\"query-input\":{\"@type\":\"PropertyValueSpecification\",\"valueRequired\":true,\"valueName\":\"search_term_string\"}}],\"inLanguage\":\"en-GB\"},{\"@type\":\"Person\",\"@id\":\"https:\\\/\\\/www.interforce.dk\\\/#\\\/schema\\\/person\\\/32030c694ea1ede34e7961ad2860546b\",\"name\":\"Emma Kirketerp\",\"image\":{\"@type\":\"ImageObject\",\"inLanguage\":\"en-GB\",\"@id\":\"https:\\\/\\\/secure.gravatar.com\\\/avatar\\\/d31e8b9b750c06282af897482eae9a82eae3436a2edf04fb11e126b68486a144?s=96&d=mm&r=g\",\"url\":\"https:\\\/\\\/secure.gravatar.com\\\/avatar\\\/d31e8b9b750c06282af897482eae9a82eae3436a2edf04fb11e126b68486a144?s=96&d=mm&r=g\",\"contentUrl\":\"https:\\\/\\\/secure.gravatar.com\\\/avatar\\\/d31e8b9b750c06282af897482eae9a82eae3436a2edf04fb11e126b68486a144?s=96&d=mm&r=g\",\"caption\":\"Emma Kirketerp\"},\"url\":\"https:\\\/\\\/www.interforce.dk\\\/en\\\/author\\\/aarsmagasinforfatter\\\/\"}]}<\/script>\n<!-- \/ Yoast SEO plugin. -->","yoast_head_json":{"title":"Afsted med kort varsel til Tyrkiet - InterForce","description":"Jan Kildelund og Martin Munk Hansen smed, hvad de havde i h\u00e6nderne, for at blive udsendt med Beredskabsstyrelsen til Tyrkiet.","robots":{"index":"index","follow":"follow","max-snippet":"max-snippet:-1","max-image-preview":"max-image-preview:large","max-video-preview":"max-video-preview:-1"},"canonical":"http:\/\/localhost\/afsted-med-kort-varsel-til-tyrkiet\/","og_locale":"en_GB","og_type":"article","og_title":"Afsted med kort varsel til Tyrkiet - InterForce","og_description":"Jan Kildelund og Martin Munk Hansen smed, hvad de havde i h\u00e6nderne, for at blive udsendt med Beredskabsstyrelsen til Tyrkiet.","og_url":"http:\/\/localhost\/afsted-med-kort-varsel-til-tyrkiet\/","og_site_name":"InterForce","article_published_time":"2023-10-26T11:30:00+00:00","og_image":[{"width":2560,"height":1923,"url":"http:\/\/localhost\/app\/uploads\/2023\/10\/IMG_0051-1-scaled.jpg","type":"image\/jpeg"}],"author":"Emma Kirketerp","twitter_card":"summary_large_image","twitter_misc":{"Written by":"Emma Kirketerp","Est. reading time":"10 minutes"},"schema":{"@context":"https:\/\/schema.org","@graph":[{"@type":"Article","@id":"http:\/\/localhost\/afsted-med-kort-varsel-til-tyrkiet\/#article","isPartOf":{"@id":"http:\/\/localhost\/afsted-med-kort-varsel-til-tyrkiet\/"},"author":{"name":"Emma Kirketerp","@id":"https:\/\/www.interforce.dk\/#\/schema\/person\/32030c694ea1ede34e7961ad2860546b"},"headline":"Afsted med kort varsel til Tyrkiet","datePublished":"2023-10-26T11:30:00+00:00","mainEntityOfPage":{"@id":"http:\/\/localhost\/afsted-med-kort-varsel-til-tyrkiet\/"},"wordCount":2092,"image":{"@id":"http:\/\/localhost\/afsted-med-kort-varsel-til-tyrkiet\/#primaryimage"},"thumbnailUrl":"https:\/\/www.interforce.dk\/app\/uploads\/2023\/10\/IMG_0051-1-scaled.jpg","keywords":["InterForce"],"articleSection":["Beredskabsstyrelsen"],"inLanguage":"en-GB"},{"@type":"WebPage","@id":"http:\/\/localhost\/afsted-med-kort-varsel-til-tyrkiet\/","url":"http:\/\/localhost\/afsted-med-kort-varsel-til-tyrkiet\/","name":"Afsted med kort varsel til Tyrkiet - InterForce","isPartOf":{"@id":"https:\/\/www.interforce.dk\/#website"},"primaryImageOfPage":{"@id":"http:\/\/localhost\/afsted-med-kort-varsel-til-tyrkiet\/#primaryimage"},"image":{"@id":"http:\/\/localhost\/afsted-med-kort-varsel-til-tyrkiet\/#primaryimage"},"thumbnailUrl":"https:\/\/www.interforce.dk\/app\/uploads\/2023\/10\/IMG_0051-1-scaled.jpg","datePublished":"2023-10-26T11:30:00+00:00","author":{"@id":"https:\/\/www.interforce.dk\/#\/schema\/person\/32030c694ea1ede34e7961ad2860546b"},"description":"Jan Kildelund og Martin Munk Hansen smed, hvad de havde i h\u00e6nderne, for at blive udsendt med Beredskabsstyrelsen til Tyrkiet.","breadcrumb":{"@id":"http:\/\/localhost\/afsted-med-kort-varsel-til-tyrkiet\/#breadcrumb"},"inLanguage":"en-GB","potentialAction":[{"@type":"ReadAction","target":["http:\/\/localhost\/afsted-med-kort-varsel-til-tyrkiet\/"]}]},{"@type":"ImageObject","inLanguage":"en-GB","@id":"http:\/\/localhost\/afsted-med-kort-varsel-til-tyrkiet\/#primaryimage","url":"https:\/\/www.interforce.dk\/app\/uploads\/2023\/10\/IMG_0051-1-scaled.jpg","contentUrl":"https:\/\/www.interforce.dk\/app\/uploads\/2023\/10\/IMG_0051-1-scaled.jpg","width":2560,"height":1923},{"@type":"BreadcrumbList","@id":"http:\/\/localhost\/afsted-med-kort-varsel-til-tyrkiet\/#breadcrumb","itemListElement":[{"@type":"ListItem","position":1,"name":"Hjem","item":"https:\/\/www.interforce.dk\/"},{"@type":"ListItem","position":2,"name":"Afsted med kort varsel til Tyrkiet"}]},{"@type":"WebSite","@id":"https:\/\/www.interforce.dk\/#website","url":"https:\/\/www.interforce.dk\/","name":"InterForce","description":"","potentialAction":[{"@type":"SearchAction","target":{"@type":"EntryPoint","urlTemplate":"https:\/\/www.interforce.dk\/?s={search_term_string}"},"query-input":{"@type":"PropertyValueSpecification","valueRequired":true,"valueName":"search_term_string"}}],"inLanguage":"en-GB"},{"@type":"Person","@id":"https:\/\/www.interforce.dk\/#\/schema\/person\/32030c694ea1ede34e7961ad2860546b","name":"Emma Kirketerp","image":{"@type":"ImageObject","inLanguage":"en-GB","@id":"https:\/\/secure.gravatar.com\/avatar\/d31e8b9b750c06282af897482eae9a82eae3436a2edf04fb11e126b68486a144?s=96&d=mm&r=g","url":"https:\/\/secure.gravatar.com\/avatar\/d31e8b9b750c06282af897482eae9a82eae3436a2edf04fb11e126b68486a144?s=96&d=mm&r=g","contentUrl":"https:\/\/secure.gravatar.com\/avatar\/d31e8b9b750c06282af897482eae9a82eae3436a2edf04fb11e126b68486a144?s=96&d=mm&r=g","caption":"Emma Kirketerp"},"url":"https:\/\/www.interforce.dk\/en\/author\/aarsmagasinforfatter\/"}]}},"_links":{"self":[{"href":"https:\/\/www.interforce.dk\/en\/wp-json\/wp\/v2\/posts\/14713","targetHints":{"allow":["GET"]}}],"collection":[{"href":"https:\/\/www.interforce.dk\/en\/wp-json\/wp\/v2\/posts"}],"about":[{"href":"https:\/\/www.interforce.dk\/en\/wp-json\/wp\/v2\/types\/post"}],"author":[{"embeddable":true,"href":"https:\/\/www.interforce.dk\/en\/wp-json\/wp\/v2\/users\/123"}],"replies":[{"embeddable":true,"href":"https:\/\/www.interforce.dk\/en\/wp-json\/wp\/v2\/comments?post=14713"}],"version-history":[{"count":15,"href":"https:\/\/www.interforce.dk\/en\/wp-json\/wp\/v2\/posts\/14713\/revisions"}],"predecessor-version":[{"id":15029,"href":"https:\/\/www.interforce.dk\/en\/wp-json\/wp\/v2\/posts\/14713\/revisions\/15029"}],"wp:featuredmedia":[{"embeddable":true,"href":"https:\/\/www.interforce.dk\/en\/wp-json\/wp\/v2\/media\/14727"}],"wp:attachment":[{"href":"https:\/\/www.interforce.dk\/en\/wp-json\/wp\/v2\/media?parent=14713"}],"wp:term":[{"taxonomy":"category","embeddable":true,"href":"https:\/\/www.interforce.dk\/en\/wp-json\/wp\/v2\/categories?post=14713"},{"taxonomy":"post_tag","embeddable":true,"href":"https:\/\/www.interforce.dk\/en\/wp-json\/wp\/v2\/tags?post=14713"}],"curies":[{"name":"wp","href":"https:\/\/api.w.org\/{rel}","templated":true}]}}