{"id":14607,"date":"2023-09-25T13:17:43","date_gmt":"2023-09-25T13:17:43","guid":{"rendered":"https:\/\/www.interforce.dk\/?p=14607"},"modified":"2023-09-25T13:37:15","modified_gmt":"2023-09-25T13:37:15","slug":"hilsen-fra-hkh-prins-joachim","status":"publish","type":"post","link":"https:\/\/www.interforce.dk\/en\/hilsen-fra-hkh-prins-joachim\/","title":{"rendered":"Hilsen fra HKH Prins Joachim ifm. Uniform p\u00e5 jobbet-dagen"},"content":{"rendered":"<div class=\"block core-block core-block--image align-center\">\n      <div class=\"inner inner--small\">\n      \n<figure class=\"wp-block-image aligncenter size-full\"><img loading=\"lazy\" decoding=\"async\" width=\"276\" height=\"680\" src=\"https:\/\/www.interforce.dk\/app\/uploads\/2023\/09\/Prins-Joachim-i-MTS-uniform.jpg\" alt=\"\" class=\"wp-image-14608\" srcset=\"https:\/\/www.interforce.dk\/app\/uploads\/2023\/09\/Prins-Joachim-i-MTS-uniform.jpg 276w, https:\/\/www.interforce.dk\/app\/uploads\/2023\/09\/Prins-Joachim-i-MTS-uniform-122x300.jpg 122w, https:\/\/www.interforce.dk\/app\/uploads\/2023\/09\/Prins-Joachim-i-MTS-uniform-5x12.jpg 5w\" sizes=\"auto, (max-width: 276px) 100vw, 276px\" \/><\/figure>\n\n      <\/div>\n  <\/div>\n<div class=\"block core-block core-block--paragraph\">\n      <div class=\"inner inner--small\">\n      \n<p>&#8220;<em>Det gl\u00e6der mig, at vi i Danmark nu gennemf\u00f8rer Uniform p\u00e5 jobbet-dag, hvor de frivillige og reservisterne fra Forsvaret, Hjemmev\u00e6rnet, Beredskabsstyrelsen og Kystredningstjenesten har mulighed for p\u00e5 deres arbejdsplads eller studie at vise, hvad de g\u00f8r for det danske forsvar og beredskab.<\/em><\/p>\n\n      <\/div>\n  <\/div>\n<div class=\"block core-block core-block--paragraph\">\n      <div class=\"inner inner--small\">\n      \n<p><em>Som protektor for HPRD og med mit tidligere virke som s\u00e6rlig r\u00e5dgiver i relation til Reservestyrken kender jeg det k\u00e6mpe engagement, som frivillige og reservister l\u00e6gger overalt i kongeriget for at passe p\u00e5 vores samfund. Det ligger mig derfor utroligt meget p\u00e5 sinde, at Reservestyrken anerkendes for det store bidrag, og at de enkelte medlemmer p\u00e5 den dag f\u00e5r mulighed for at komme i dialog med deres kolleger og medstuderende om deres s\u00e6rlige indsats.<\/em><\/p>\n\n      <\/div>\n  <\/div>\n<div class=\"block core-block core-block--paragraph\">\n      <div class=\"inner inner--small\">\n      \n<p><em>Samtidigt anerkender jeg de virksomheder og institutioner, som ved at give deres medarbejdere plads til deres anden forpligtelse, viser samfundssind, s\u00e5 vi alle kan v\u00e6re trygge i dagligdagen.<\/em><\/p>\n\n      <\/div>\n  <\/div>\n<div class=\"block core-block core-block--paragraph\">\n      <div class=\"inner inner--small\">\n      \n<p><em>Sidst og ikke mindst giver dagen familierne lejlighed til at f\u00f8le sig stolte over deres n\u00e6res bidrag og anerkendelse for de afsavn, familien har, n\u00e5r deres n\u00e6re igen skal i funktion.<\/em><\/p>\n\n      <\/div>\n  <\/div>\n<div class=\"block core-block core-block--paragraph\">\n      <div class=\"inner inner--small\">\n      \n<p><em>Tak til alle jer, der g\u00f8r en forskel for Danmark \u2013 vi er stolte af Jer!<\/em>&#8220;<\/p>\n\n      <\/div>\n  <\/div>","protected":false},"excerpt":{"rendered":"Hilsen fra KHK Prins Joachim ifm. Uniform p\u00e5 jobbet-dagen...","protected":false},"author":111,"featured_media":14611,"comment_status":"closed","ping_status":"closed","sticky":false,"template":"","format":"standard","meta":{"_acf_changed":false,"footnotes":""},"categories":[12],"tags":[97],"class_list":["post-14607","post","type-post","status-publish","format-standard","has-post-thumbnail","hentry","category-nyt-om-if","tag-interforce"],"acf":[],"yoast_head":"<!-- This site is optimized with the Yoast SEO plugin v27.3 - https:\/\/yoast.com\/product\/yoast-seo-wordpress\/ -->\n<title>Hilsen fra HKH Prins Joachim ifm. Uniform p\u00e5 jobbet-dagen - InterForce<\/title>\n<meta name=\"description\" content=\"&quot;Det gl\u00e6der mig, at vi i Danmark nu gennemf\u00f8rer Uniform p\u00e5 jobbet-dag. Tak til alle jer, der g\u00f8r en forskel for Danmark \u2013 vi er stolte af Jer!&quot;\" \/>\n<meta name=\"robots\" content=\"index, follow, max-snippet:-1, max-image-preview:large, max-video-preview:-1\" \/>\n<link rel=\"canonical\" href=\"https:\/\/www.interforce.dk\/en\/hilsen-fra-hkh-prins-joachim\/\" \/>\n<meta property=\"og:locale\" content=\"en_GB\" \/>\n<meta property=\"og:type\" content=\"article\" \/>\n<meta property=\"og:title\" content=\"Hilsen fra HKH Prins Joachim ifm. Uniform p\u00e5 jobbet-dagen - InterForce\" \/>\n<meta property=\"og:description\" content=\"&quot;Det gl\u00e6der mig, at vi i Danmark nu gennemf\u00f8rer Uniform p\u00e5 jobbet-dag. Tak til alle jer, der g\u00f8r en forskel for Danmark \u2013 vi er stolte af Jer!&quot;\" \/>\n<meta property=\"og:url\" content=\"https:\/\/www.interforce.dk\/en\/hilsen-fra-hkh-prins-joachim\/\" \/>\n<meta property=\"og:site_name\" content=\"InterForce\" \/>\n<meta property=\"article:published_time\" content=\"2023-09-25T13:17:43+00:00\" \/>\n<meta property=\"article:modified_time\" content=\"2023-09-25T13:37:15+00:00\" \/>\n<meta property=\"og:image\" content=\"https:\/\/www.interforce.dk\/app\/uploads\/2023\/09\/Prins-Joachim-i-MTS-uniform-II.jpg\" \/>\n\t<meta property=\"og:image:width\" content=\"276\" \/>\n\t<meta property=\"og:image:height\" content=\"215\" \/>\n\t<meta property=\"og:image:type\" content=\"image\/jpeg\" \/>\n<meta name=\"author\" content=\"Simon Staffeldt Schou\" \/>\n<meta name=\"twitter:card\" content=\"summary_large_image\" \/>\n<meta name=\"twitter:label1\" content=\"Written by\" \/>\n\t<meta name=\"twitter:data1\" content=\"Simon Staffeldt Schou\" \/>\n\t<meta name=\"twitter:label2\" content=\"Est. reading time\" \/>\n\t<meta name=\"twitter:data2\" content=\"1 minute\" \/>\n<script type=\"application\/ld+json\" class=\"yoast-schema-graph\">{\"@context\":\"https:\\\/\\\/schema.org\",\"@graph\":[{\"@type\":\"Article\",\"@id\":\"https:\\\/\\\/www.interforce.dk\\\/hilsen-fra-hkh-prins-joachim\\\/#article\",\"isPartOf\":{\"@id\":\"https:\\\/\\\/www.interforce.dk\\\/hilsen-fra-hkh-prins-joachim\\\/\"},\"author\":{\"name\":\"Simon Staffeldt Schou\",\"@id\":\"https:\\\/\\\/www.interforce.dk\\\/#\\\/schema\\\/person\\\/3604a2bb29e48048ea484fbfb3703fad\"},\"headline\":\"Hilsen fra HKH Prins Joachim ifm. Uniform p\u00e5 jobbet-dagen\",\"datePublished\":\"2023-09-25T13:17:43+00:00\",\"dateModified\":\"2023-09-25T13:37:15+00:00\",\"mainEntityOfPage\":{\"@id\":\"https:\\\/\\\/www.interforce.dk\\\/hilsen-fra-hkh-prins-joachim\\\/\"},\"wordCount\":215,\"image\":{\"@id\":\"https:\\\/\\\/www.interforce.dk\\\/hilsen-fra-hkh-prins-joachim\\\/#primaryimage\"},\"thumbnailUrl\":\"https:\\\/\\\/www.interforce.dk\\\/app\\\/uploads\\\/2023\\\/09\\\/Prins-Joachim-i-MTS-uniform-II.jpg\",\"keywords\":[\"InterForce\"],\"articleSection\":[\"Nyheder om InterForce\"],\"inLanguage\":\"en-GB\"},{\"@type\":\"WebPage\",\"@id\":\"https:\\\/\\\/www.interforce.dk\\\/hilsen-fra-hkh-prins-joachim\\\/\",\"url\":\"https:\\\/\\\/www.interforce.dk\\\/hilsen-fra-hkh-prins-joachim\\\/\",\"name\":\"Hilsen fra HKH Prins Joachim ifm. Uniform p\u00e5 jobbet-dagen - InterForce\",\"isPartOf\":{\"@id\":\"https:\\\/\\\/www.interforce.dk\\\/#website\"},\"primaryImageOfPage\":{\"@id\":\"https:\\\/\\\/www.interforce.dk\\\/hilsen-fra-hkh-prins-joachim\\\/#primaryimage\"},\"image\":{\"@id\":\"https:\\\/\\\/www.interforce.dk\\\/hilsen-fra-hkh-prins-joachim\\\/#primaryimage\"},\"thumbnailUrl\":\"https:\\\/\\\/www.interforce.dk\\\/app\\\/uploads\\\/2023\\\/09\\\/Prins-Joachim-i-MTS-uniform-II.jpg\",\"datePublished\":\"2023-09-25T13:17:43+00:00\",\"dateModified\":\"2023-09-25T13:37:15+00:00\",\"author\":{\"@id\":\"https:\\\/\\\/www.interforce.dk\\\/#\\\/schema\\\/person\\\/3604a2bb29e48048ea484fbfb3703fad\"},\"description\":\"\\\"Det gl\u00e6der mig, at vi i Danmark nu gennemf\u00f8rer Uniform p\u00e5 jobbet-dag. Tak til alle jer, der g\u00f8r en forskel for Danmark \u2013 vi er stolte af Jer!\\\"\",\"breadcrumb\":{\"@id\":\"https:\\\/\\\/www.interforce.dk\\\/hilsen-fra-hkh-prins-joachim\\\/#breadcrumb\"},\"inLanguage\":\"en-GB\",\"potentialAction\":[{\"@type\":\"ReadAction\",\"target\":[\"https:\\\/\\\/www.interforce.dk\\\/hilsen-fra-hkh-prins-joachim\\\/\"]}]},{\"@type\":\"ImageObject\",\"inLanguage\":\"en-GB\",\"@id\":\"https:\\\/\\\/www.interforce.dk\\\/hilsen-fra-hkh-prins-joachim\\\/#primaryimage\",\"url\":\"https:\\\/\\\/www.interforce.dk\\\/app\\\/uploads\\\/2023\\\/09\\\/Prins-Joachim-i-MTS-uniform-II.jpg\",\"contentUrl\":\"https:\\\/\\\/www.interforce.dk\\\/app\\\/uploads\\\/2023\\\/09\\\/Prins-Joachim-i-MTS-uniform-II.jpg\",\"width\":276,\"height\":215},{\"@type\":\"BreadcrumbList\",\"@id\":\"https:\\\/\\\/www.interforce.dk\\\/hilsen-fra-hkh-prins-joachim\\\/#breadcrumb\",\"itemListElement\":[{\"@type\":\"ListItem\",\"position\":1,\"name\":\"Hjem\",\"item\":\"https:\\\/\\\/www.interforce.dk\\\/\"},{\"@type\":\"ListItem\",\"position\":2,\"name\":\"Hilsen fra HKH Prins Joachim ifm. Uniform p\u00e5 jobbet-dagen\"}]},{\"@type\":\"WebSite\",\"@id\":\"https:\\\/\\\/www.interforce.dk\\\/#website\",\"url\":\"https:\\\/\\\/www.interforce.dk\\\/\",\"name\":\"InterForce\",\"description\":\"\",\"potentialAction\":[{\"@type\":\"SearchAction\",\"target\":{\"@type\":\"EntryPoint\",\"urlTemplate\":\"https:\\\/\\\/www.interforce.dk\\\/?s={search_term_string}\"},\"query-input\":{\"@type\":\"PropertyValueSpecification\",\"valueRequired\":true,\"valueName\":\"search_term_string\"}}],\"inLanguage\":\"en-GB\"},{\"@type\":\"Person\",\"@id\":\"https:\\\/\\\/www.interforce.dk\\\/#\\\/schema\\\/person\\\/3604a2bb29e48048ea484fbfb3703fad\",\"name\":\"Simon Staffeldt Schou\",\"image\":{\"@type\":\"ImageObject\",\"inLanguage\":\"en-GB\",\"@id\":\"https:\\\/\\\/secure.gravatar.com\\\/avatar\\\/1ff3b89414668243258c5ed26b84872c273dcdf7fe7ee0c553a52e1b4c2002fd?s=96&d=mm&r=g\",\"url\":\"https:\\\/\\\/secure.gravatar.com\\\/avatar\\\/1ff3b89414668243258c5ed26b84872c273dcdf7fe7ee0c553a52e1b4c2002fd?s=96&d=mm&r=g\",\"contentUrl\":\"https:\\\/\\\/secure.gravatar.com\\\/avatar\\\/1ff3b89414668243258c5ed26b84872c273dcdf7fe7ee0c553a52e1b4c2002fd?s=96&d=mm&r=g\",\"caption\":\"Simon Staffeldt Schou\"},\"url\":\"https:\\\/\\\/www.interforce.dk\\\/en\\\/author\\\/simon\\\/\"}]}<\/script>\n<!-- \/ Yoast SEO plugin. -->","yoast_head_json":{"title":"Hilsen fra HKH Prins Joachim ifm. Uniform p\u00e5 jobbet-dagen - InterForce","description":"\"Det gl\\u00e6der mig, at vi i Danmark nu gennemf\\u00f8rer Uniform p\\u00e5 jobbet-dag. Tak til alle jer, der g\\u00f8r en forskel for Danmark \\u2013 vi er stolte af Jer!\"","robots":{"index":"index","follow":"follow","max-snippet":"max-snippet:-1","max-image-preview":"max-image-preview:large","max-video-preview":"max-video-preview:-1"},"canonical":"https:\/\/www.interforce.dk\/en\/hilsen-fra-hkh-prins-joachim\/","og_locale":"en_GB","og_type":"article","og_title":"Hilsen fra HKH Prins Joachim ifm. Uniform p\u00e5 jobbet-dagen - InterForce","og_description":"\"Det gl\u00e6der mig, at vi i Danmark nu gennemf\u00f8rer Uniform p\u00e5 jobbet-dag. Tak til alle jer, der g\u00f8r en forskel for Danmark \u2013 vi er stolte af Jer!\"","og_url":"https:\/\/www.interforce.dk\/en\/hilsen-fra-hkh-prins-joachim\/","og_site_name":"InterForce","article_published_time":"2023-09-25T13:17:43+00:00","article_modified_time":"2023-09-25T13:37:15+00:00","og_image":[{"width":276,"height":215,"url":"https:\/\/www.interforce.dk\/app\/uploads\/2023\/09\/Prins-Joachim-i-MTS-uniform-II.jpg","type":"image\/jpeg"}],"author":"Simon Staffeldt Schou","twitter_card":"summary_large_image","twitter_misc":{"Written by":"Simon Staffeldt Schou","Est. reading time":"1 minute"},"schema":{"@context":"https:\/\/schema.org","@graph":[{"@type":"Article","@id":"https:\/\/www.interforce.dk\/hilsen-fra-hkh-prins-joachim\/#article","isPartOf":{"@id":"https:\/\/www.interforce.dk\/hilsen-fra-hkh-prins-joachim\/"},"author":{"name":"Simon Staffeldt Schou","@id":"https:\/\/www.interforce.dk\/#\/schema\/person\/3604a2bb29e48048ea484fbfb3703fad"},"headline":"Hilsen fra HKH Prins Joachim ifm. Uniform p\u00e5 jobbet-dagen","datePublished":"2023-09-25T13:17:43+00:00","dateModified":"2023-09-25T13:37:15+00:00","mainEntityOfPage":{"@id":"https:\/\/www.interforce.dk\/hilsen-fra-hkh-prins-joachim\/"},"wordCount":215,"image":{"@id":"https:\/\/www.interforce.dk\/hilsen-fra-hkh-prins-joachim\/#primaryimage"},"thumbnailUrl":"https:\/\/www.interforce.dk\/app\/uploads\/2023\/09\/Prins-Joachim-i-MTS-uniform-II.jpg","keywords":["InterForce"],"articleSection":["Nyheder om InterForce"],"inLanguage":"en-GB"},{"@type":"WebPage","@id":"https:\/\/www.interforce.dk\/hilsen-fra-hkh-prins-joachim\/","url":"https:\/\/www.interforce.dk\/hilsen-fra-hkh-prins-joachim\/","name":"Hilsen fra HKH Prins Joachim ifm. Uniform p\u00e5 jobbet-dagen - InterForce","isPartOf":{"@id":"https:\/\/www.interforce.dk\/#website"},"primaryImageOfPage":{"@id":"https:\/\/www.interforce.dk\/hilsen-fra-hkh-prins-joachim\/#primaryimage"},"image":{"@id":"https:\/\/www.interforce.dk\/hilsen-fra-hkh-prins-joachim\/#primaryimage"},"thumbnailUrl":"https:\/\/www.interforce.dk\/app\/uploads\/2023\/09\/Prins-Joachim-i-MTS-uniform-II.jpg","datePublished":"2023-09-25T13:17:43+00:00","dateModified":"2023-09-25T13:37:15+00:00","author":{"@id":"https:\/\/www.interforce.dk\/#\/schema\/person\/3604a2bb29e48048ea484fbfb3703fad"},"description":"\"Det gl\\u00e6der mig, at vi i Danmark nu gennemf\\u00f8rer Uniform p\\u00e5 jobbet-dag. Tak til alle jer, der g\\u00f8r en forskel for Danmark \\u2013 vi er stolte af Jer!\"","breadcrumb":{"@id":"https:\/\/www.interforce.dk\/hilsen-fra-hkh-prins-joachim\/#breadcrumb"},"inLanguage":"en-GB","potentialAction":[{"@type":"ReadAction","target":["https:\/\/www.interforce.dk\/hilsen-fra-hkh-prins-joachim\/"]}]},{"@type":"ImageObject","inLanguage":"en-GB","@id":"https:\/\/www.interforce.dk\/hilsen-fra-hkh-prins-joachim\/#primaryimage","url":"https:\/\/www.interforce.dk\/app\/uploads\/2023\/09\/Prins-Joachim-i-MTS-uniform-II.jpg","contentUrl":"https:\/\/www.interforce.dk\/app\/uploads\/2023\/09\/Prins-Joachim-i-MTS-uniform-II.jpg","width":276,"height":215},{"@type":"BreadcrumbList","@id":"https:\/\/www.interforce.dk\/hilsen-fra-hkh-prins-joachim\/#breadcrumb","itemListElement":[{"@type":"ListItem","position":1,"name":"Hjem","item":"https:\/\/www.interforce.dk\/"},{"@type":"ListItem","position":2,"name":"Hilsen fra HKH Prins Joachim ifm. Uniform p\u00e5 jobbet-dagen"}]},{"@type":"WebSite","@id":"https:\/\/www.interforce.dk\/#website","url":"https:\/\/www.interforce.dk\/","name":"InterForce","description":"","potentialAction":[{"@type":"SearchAction","target":{"@type":"EntryPoint","urlTemplate":"https:\/\/www.interforce.dk\/?s={search_term_string}"},"query-input":{"@type":"PropertyValueSpecification","valueRequired":true,"valueName":"search_term_string"}}],"inLanguage":"en-GB"},{"@type":"Person","@id":"https:\/\/www.interforce.dk\/#\/schema\/person\/3604a2bb29e48048ea484fbfb3703fad","name":"Simon Staffeldt Schou","image":{"@type":"ImageObject","inLanguage":"en-GB","@id":"https:\/\/secure.gravatar.com\/avatar\/1ff3b89414668243258c5ed26b84872c273dcdf7fe7ee0c553a52e1b4c2002fd?s=96&d=mm&r=g","url":"https:\/\/secure.gravatar.com\/avatar\/1ff3b89414668243258c5ed26b84872c273dcdf7fe7ee0c553a52e1b4c2002fd?s=96&d=mm&r=g","contentUrl":"https:\/\/secure.gravatar.com\/avatar\/1ff3b89414668243258c5ed26b84872c273dcdf7fe7ee0c553a52e1b4c2002fd?s=96&d=mm&r=g","caption":"Simon Staffeldt Schou"},"url":"https:\/\/www.interforce.dk\/en\/author\/simon\/"}]}},"_links":{"self":[{"href":"https:\/\/www.interforce.dk\/en\/wp-json\/wp\/v2\/posts\/14607","targetHints":{"allow":["GET"]}}],"collection":[{"href":"https:\/\/www.interforce.dk\/en\/wp-json\/wp\/v2\/posts"}],"about":[{"href":"https:\/\/www.interforce.dk\/en\/wp-json\/wp\/v2\/types\/post"}],"author":[{"embeddable":true,"href":"https:\/\/www.interforce.dk\/en\/wp-json\/wp\/v2\/users\/111"}],"replies":[{"embeddable":true,"href":"https:\/\/www.interforce.dk\/en\/wp-json\/wp\/v2\/comments?post=14607"}],"version-history":[{"count":1,"href":"https:\/\/www.interforce.dk\/en\/wp-json\/wp\/v2\/posts\/14607\/revisions"}],"predecessor-version":[{"id":14609,"href":"https:\/\/www.interforce.dk\/en\/wp-json\/wp\/v2\/posts\/14607\/revisions\/14609"}],"wp:featuredmedia":[{"embeddable":true,"href":"https:\/\/www.interforce.dk\/en\/wp-json\/wp\/v2\/media\/14611"}],"wp:attachment":[{"href":"https:\/\/www.interforce.dk\/en\/wp-json\/wp\/v2\/media?parent=14607"}],"wp:term":[{"taxonomy":"category","embeddable":true,"href":"https:\/\/www.interforce.dk\/en\/wp-json\/wp\/v2\/categories?post=14607"},{"taxonomy":"post_tag","embeddable":true,"href":"https:\/\/www.interforce.dk\/en\/wp-json\/wp\/v2\/tags?post=14607"}],"curies":[{"name":"wp","href":"https:\/\/api.w.org\/{rel}","templated":true}]}}