{"id":14330,"date":"2023-06-30T12:13:24","date_gmt":"2023-06-30T12:13:24","guid":{"rendered":"https:\/\/www.interforce.dk\/?p=14330"},"modified":"2023-08-02T11:53:38","modified_gmt":"2023-08-02T11:53:38","slug":"uniform-paa-jobbet-dag-bliver-indfoert-i-danmark","status":"publish","type":"post","link":"https:\/\/www.interforce.dk\/en\/uniform-paa-jobbet-dag-bliver-indfoert-i-danmark\/","title":{"rendered":"Uniform p\u00e5 jobbet-dag bliver indf\u00f8rt i Danmark"},"content":{"rendered":"<div class=\"block core-block core-block--image\">\n      <div class=\"inner inner--small\">\n      \n<figure class=\"wp-block-image size-large\"><img loading=\"lazy\" decoding=\"async\" width=\"1024\" height=\"620\" src=\"https:\/\/www.interforce.dk\/app\/uploads\/2023\/06\/Uniform-pa-jobbet-dag-1024x620.jpg\" alt=\"Uniform p\u00e5 jobbet-dag\" class=\"wp-image-14331\" srcset=\"https:\/\/www.interforce.dk\/app\/uploads\/2023\/06\/Uniform-pa-jobbet-dag-1024x620.jpg 1024w, https:\/\/www.interforce.dk\/app\/uploads\/2023\/06\/Uniform-pa-jobbet-dag-300x182.jpg 300w, https:\/\/www.interforce.dk\/app\/uploads\/2023\/06\/Uniform-pa-jobbet-dag-768x465.jpg 768w, https:\/\/www.interforce.dk\/app\/uploads\/2023\/06\/Uniform-pa-jobbet-dag-18x12.jpg 18w, https:\/\/www.interforce.dk\/app\/uploads\/2023\/06\/Uniform-pa-jobbet-dag.jpg 1146w\" sizes=\"auto, (max-width: 1024px) 100vw, 1024px\" \/><\/figure>\n\n      <\/div>\n  <\/div>\n<div class=\"block core-block core-block--paragraph\">\n      <div class=\"inner inner--small\">\n      \n<p>Fungerende forsvarsminister Troels Lund Poulsen <a href=\"https:\/\/www.fmn.dk\/da\/nyheder\/2023\/danmark-indforer-en-uniform-pa-jobbet-dag\/\" target=\"_blank\" rel=\"noreferrer noopener\">annoncerede tidligere i dag<\/a>, at der fremover skal v\u00e6re en Uniform p\u00e5 jobbet-dag i Danmark. I \u00e5r er dagen fastlagt til onsdag den <strong>27. september<\/strong>. Fremover vil dagen \u00e5rligt blive gennemf\u00f8rt den sidste onsdag i september.<\/p>\n\n      <\/div>\n  <\/div>\n<div class=\"block core-block core-block--paragraph\">\n      <div class=\"inner inner--small\">\n      \n<p>Det betyder, at reservister og frivillige i Forsvaret, Hjemmev\u00e6rnet og beredskabet fremover vil kunne b\u00e6re uniform p\u00e5 deres arbejdsplads eller studiested denne ene dag om \u00e5ret. Hvis deres arbejdsplads eller studiested tillader det. Form\u00e5let er med Uniform p\u00e5 jobbet-dag er at skabe opm\u00e6rksomhed om den store indsats for dansk forsvar og beredskab, reservisterne og de frivillige yder.<\/p>\n\n      <\/div>\n  <\/div>\n<div class=\"block core-block core-block--paragraph\">\n      <div class=\"inner inner--small\">\n      \n<p>Det gl\u00e6der os meget i InterForce, at den fungerende forsvarsminister har valgt at stille sig bag dette vigtige initiativ. Og han vil prioritere det, s\u00e5 dagen bliver gennemf\u00f8rt allerede fra i \u00e5r.<\/p>\n\n      <\/div>\n  <\/div>\n<div class=\"block core-block core-block--paragraph\">\n      <div class=\"inner inner--small\">\n      \n<p>I den kommende uge vil der blive udsendt et brev om dagen til alle reservisterne. De frivillige i Hjemmev\u00e6rnet, Beredskabsstyrelsen og Kystredningstjenesten vil f\u00e5 besked om dagen gennem deres respektive myndigheder.<\/p>\n\n      <\/div>\n  <\/div>\n<div class=\"block core-block core-block--paragraph\">\n      <div class=\"inner inner--small\">\n      \n<p>I midten af august vil vi lancere en hjemmeside med yderligere information om dagen til b\u00e5de virksomheder og medlemmer af Reservestyrken, www.uniformpaajobbet.dk. Derudover opretter vi en mailadresse, uniformpaajobbet@mil.dk, som man kan skrive til, hvis man har sp\u00f8rgsm\u00e5l vedr\u00f8rende dagen.<\/p>\n\n      <\/div>\n  <\/div>\n<div class=\"block core-block core-block--paragraph\">\n      <div class=\"inner inner--small\">\n      \n<p>L\u00e6s ogs\u00e5: <a href=\"https:\/\/www.interforce.dk\/en\/hvorfor-stoette-interforce\/\" target=\"_blank\" rel=\"noreferrer noopener\">Why support InterForce?<\/a><\/p>\n\n      <\/div>\n  <\/div>","protected":false},"excerpt":{"rendered":"Ligesom i vores nabolande f\u00e5r vi en Uniform p\u00e5 jobbet-dag i Danmark...","protected":false},"author":111,"featured_media":14331,"comment_status":"closed","ping_status":"closed","sticky":false,"template":"","format":"standard","meta":{"_acf_changed":false,"footnotes":""},"categories":[12],"tags":[97],"class_list":["post-14330","post","type-post","status-publish","format-standard","has-post-thumbnail","hentry","category-nyt-om-if","tag-interforce"],"acf":[],"yoast_head":"<!-- This site is optimized with the Yoast SEO plugin v27.3 - https:\/\/yoast.com\/product\/yoast-seo-wordpress\/ -->\n<title>Uniform p\u00e5 jobbet-dag bliver indf\u00f8rt i Danmark - InterForce<\/title>\n<meta name=\"description\" content=\"Ligesom i vores nabolande f\u00e5r vi en Uniform p\u00e5 jobbet-dag i Danmark. Dagen er i \u00e5r blevet fastlagt til onsdag d. 27. september.\" \/>\n<meta name=\"robots\" content=\"index, follow, max-snippet:-1, max-image-preview:large, max-video-preview:-1\" \/>\n<link rel=\"canonical\" href=\"https:\/\/www.interforce.dk\/en\/uniform-paa-jobbet-dag-bliver-indfoert-i-danmark\/\" \/>\n<meta property=\"og:locale\" content=\"en_GB\" \/>\n<meta property=\"og:type\" content=\"article\" \/>\n<meta property=\"og:title\" content=\"Uniform p\u00e5 jobbet-dag bliver indf\u00f8rt i Danmark - InterForce\" \/>\n<meta property=\"og:description\" content=\"Ligesom i vores nabolande f\u00e5r vi en Uniform p\u00e5 jobbet-dag i Danmark. Dagen er i \u00e5r blevet fastlagt til onsdag d. 27. september.\" \/>\n<meta property=\"og:url\" content=\"https:\/\/www.interforce.dk\/en\/uniform-paa-jobbet-dag-bliver-indfoert-i-danmark\/\" \/>\n<meta property=\"og:site_name\" content=\"InterForce\" \/>\n<meta property=\"article:published_time\" content=\"2023-06-30T12:13:24+00:00\" \/>\n<meta property=\"article:modified_time\" content=\"2023-08-02T11:53:38+00:00\" \/>\n<meta property=\"og:image\" content=\"https:\/\/www.interforce.dk\/app\/uploads\/2023\/06\/Uniform-pa-jobbet-dag.jpg\" \/>\n\t<meta property=\"og:image:width\" content=\"1146\" \/>\n\t<meta property=\"og:image:height\" content=\"694\" \/>\n\t<meta property=\"og:image:type\" content=\"image\/jpeg\" \/>\n<meta name=\"author\" content=\"Simon Staffeldt Schou\" \/>\n<meta name=\"twitter:card\" content=\"summary_large_image\" \/>\n<meta name=\"twitter:label1\" content=\"Written by\" \/>\n\t<meta name=\"twitter:data1\" content=\"Simon Staffeldt Schou\" \/>\n\t<meta name=\"twitter:label2\" content=\"Est. reading time\" \/>\n\t<meta name=\"twitter:data2\" content=\"2 minutes\" \/>\n<script type=\"application\/ld+json\" class=\"yoast-schema-graph\">{\"@context\":\"https:\\\/\\\/schema.org\",\"@graph\":[{\"@type\":\"Article\",\"@id\":\"https:\\\/\\\/www.interforce.dk\\\/uniform-paa-jobbet-dag-bliver-indfoert-i-danmark\\\/#article\",\"isPartOf\":{\"@id\":\"https:\\\/\\\/www.interforce.dk\\\/uniform-paa-jobbet-dag-bliver-indfoert-i-danmark\\\/\"},\"author\":{\"name\":\"Simon Staffeldt Schou\",\"@id\":\"https:\\\/\\\/www.interforce.dk\\\/#\\\/schema\\\/person\\\/3604a2bb29e48048ea484fbfb3703fad\"},\"headline\":\"Uniform p\u00e5 jobbet-dag bliver indf\u00f8rt i Danmark\",\"datePublished\":\"2023-06-30T12:13:24+00:00\",\"dateModified\":\"2023-08-02T11:53:38+00:00\",\"mainEntityOfPage\":{\"@id\":\"https:\\\/\\\/www.interforce.dk\\\/uniform-paa-jobbet-dag-bliver-indfoert-i-danmark\\\/\"},\"wordCount\":231,\"image\":{\"@id\":\"https:\\\/\\\/www.interforce.dk\\\/uniform-paa-jobbet-dag-bliver-indfoert-i-danmark\\\/#primaryimage\"},\"thumbnailUrl\":\"https:\\\/\\\/www.interforce.dk\\\/app\\\/uploads\\\/2023\\\/06\\\/Uniform-pa-jobbet-dag.jpg\",\"keywords\":[\"InterForce\"],\"articleSection\":[\"Nyheder om InterForce\"],\"inLanguage\":\"en-GB\"},{\"@type\":\"WebPage\",\"@id\":\"https:\\\/\\\/www.interforce.dk\\\/uniform-paa-jobbet-dag-bliver-indfoert-i-danmark\\\/\",\"url\":\"https:\\\/\\\/www.interforce.dk\\\/uniform-paa-jobbet-dag-bliver-indfoert-i-danmark\\\/\",\"name\":\"Uniform p\u00e5 jobbet-dag bliver indf\u00f8rt i Danmark - InterForce\",\"isPartOf\":{\"@id\":\"https:\\\/\\\/www.interforce.dk\\\/#website\"},\"primaryImageOfPage\":{\"@id\":\"https:\\\/\\\/www.interforce.dk\\\/uniform-paa-jobbet-dag-bliver-indfoert-i-danmark\\\/#primaryimage\"},\"image\":{\"@id\":\"https:\\\/\\\/www.interforce.dk\\\/uniform-paa-jobbet-dag-bliver-indfoert-i-danmark\\\/#primaryimage\"},\"thumbnailUrl\":\"https:\\\/\\\/www.interforce.dk\\\/app\\\/uploads\\\/2023\\\/06\\\/Uniform-pa-jobbet-dag.jpg\",\"datePublished\":\"2023-06-30T12:13:24+00:00\",\"dateModified\":\"2023-08-02T11:53:38+00:00\",\"author\":{\"@id\":\"https:\\\/\\\/www.interforce.dk\\\/#\\\/schema\\\/person\\\/3604a2bb29e48048ea484fbfb3703fad\"},\"description\":\"Ligesom i vores nabolande f\u00e5r vi en Uniform p\u00e5 jobbet-dag i Danmark. Dagen er i \u00e5r blevet fastlagt til onsdag d. 27. september.\",\"breadcrumb\":{\"@id\":\"https:\\\/\\\/www.interforce.dk\\\/uniform-paa-jobbet-dag-bliver-indfoert-i-danmark\\\/#breadcrumb\"},\"inLanguage\":\"en-GB\",\"potentialAction\":[{\"@type\":\"ReadAction\",\"target\":[\"https:\\\/\\\/www.interforce.dk\\\/uniform-paa-jobbet-dag-bliver-indfoert-i-danmark\\\/\"]}]},{\"@type\":\"ImageObject\",\"inLanguage\":\"en-GB\",\"@id\":\"https:\\\/\\\/www.interforce.dk\\\/uniform-paa-jobbet-dag-bliver-indfoert-i-danmark\\\/#primaryimage\",\"url\":\"https:\\\/\\\/www.interforce.dk\\\/app\\\/uploads\\\/2023\\\/06\\\/Uniform-pa-jobbet-dag.jpg\",\"contentUrl\":\"https:\\\/\\\/www.interforce.dk\\\/app\\\/uploads\\\/2023\\\/06\\\/Uniform-pa-jobbet-dag.jpg\",\"width\":1146,\"height\":694},{\"@type\":\"BreadcrumbList\",\"@id\":\"https:\\\/\\\/www.interforce.dk\\\/uniform-paa-jobbet-dag-bliver-indfoert-i-danmark\\\/#breadcrumb\",\"itemListElement\":[{\"@type\":\"ListItem\",\"position\":1,\"name\":\"Hjem\",\"item\":\"https:\\\/\\\/www.interforce.dk\\\/\"},{\"@type\":\"ListItem\",\"position\":2,\"name\":\"Uniform p\u00e5 jobbet-dag bliver indf\u00f8rt i Danmark\"}]},{\"@type\":\"WebSite\",\"@id\":\"https:\\\/\\\/www.interforce.dk\\\/#website\",\"url\":\"https:\\\/\\\/www.interforce.dk\\\/\",\"name\":\"InterForce\",\"description\":\"\",\"potentialAction\":[{\"@type\":\"SearchAction\",\"target\":{\"@type\":\"EntryPoint\",\"urlTemplate\":\"https:\\\/\\\/www.interforce.dk\\\/?s={search_term_string}\"},\"query-input\":{\"@type\":\"PropertyValueSpecification\",\"valueRequired\":true,\"valueName\":\"search_term_string\"}}],\"inLanguage\":\"en-GB\"},{\"@type\":\"Person\",\"@id\":\"https:\\\/\\\/www.interforce.dk\\\/#\\\/schema\\\/person\\\/3604a2bb29e48048ea484fbfb3703fad\",\"name\":\"Simon Staffeldt Schou\",\"image\":{\"@type\":\"ImageObject\",\"inLanguage\":\"en-GB\",\"@id\":\"https:\\\/\\\/secure.gravatar.com\\\/avatar\\\/1ff3b89414668243258c5ed26b84872c273dcdf7fe7ee0c553a52e1b4c2002fd?s=96&d=mm&r=g\",\"url\":\"https:\\\/\\\/secure.gravatar.com\\\/avatar\\\/1ff3b89414668243258c5ed26b84872c273dcdf7fe7ee0c553a52e1b4c2002fd?s=96&d=mm&r=g\",\"contentUrl\":\"https:\\\/\\\/secure.gravatar.com\\\/avatar\\\/1ff3b89414668243258c5ed26b84872c273dcdf7fe7ee0c553a52e1b4c2002fd?s=96&d=mm&r=g\",\"caption\":\"Simon Staffeldt Schou\"},\"url\":\"https:\\\/\\\/www.interforce.dk\\\/en\\\/author\\\/simon\\\/\"}]}<\/script>\n<!-- \/ Yoast SEO plugin. -->","yoast_head_json":{"title":"Uniform p\u00e5 jobbet-dag bliver indf\u00f8rt i Danmark - InterForce","description":"Ligesom i vores nabolande f\u00e5r vi en Uniform p\u00e5 jobbet-dag i Danmark. Dagen er i \u00e5r blevet fastlagt til onsdag d. 27. september.","robots":{"index":"index","follow":"follow","max-snippet":"max-snippet:-1","max-image-preview":"max-image-preview:large","max-video-preview":"max-video-preview:-1"},"canonical":"https:\/\/www.interforce.dk\/en\/uniform-paa-jobbet-dag-bliver-indfoert-i-danmark\/","og_locale":"en_GB","og_type":"article","og_title":"Uniform p\u00e5 jobbet-dag bliver indf\u00f8rt i Danmark - InterForce","og_description":"Ligesom i vores nabolande f\u00e5r vi en Uniform p\u00e5 jobbet-dag i Danmark. Dagen er i \u00e5r blevet fastlagt til onsdag d. 27. september.","og_url":"https:\/\/www.interforce.dk\/en\/uniform-paa-jobbet-dag-bliver-indfoert-i-danmark\/","og_site_name":"InterForce","article_published_time":"2023-06-30T12:13:24+00:00","article_modified_time":"2023-08-02T11:53:38+00:00","og_image":[{"width":1146,"height":694,"url":"https:\/\/www.interforce.dk\/app\/uploads\/2023\/06\/Uniform-pa-jobbet-dag.jpg","type":"image\/jpeg"}],"author":"Simon Staffeldt Schou","twitter_card":"summary_large_image","twitter_misc":{"Written by":"Simon Staffeldt Schou","Est. reading time":"2 minutes"},"schema":{"@context":"https:\/\/schema.org","@graph":[{"@type":"Article","@id":"https:\/\/www.interforce.dk\/uniform-paa-jobbet-dag-bliver-indfoert-i-danmark\/#article","isPartOf":{"@id":"https:\/\/www.interforce.dk\/uniform-paa-jobbet-dag-bliver-indfoert-i-danmark\/"},"author":{"name":"Simon Staffeldt Schou","@id":"https:\/\/www.interforce.dk\/#\/schema\/person\/3604a2bb29e48048ea484fbfb3703fad"},"headline":"Uniform p\u00e5 jobbet-dag bliver indf\u00f8rt i Danmark","datePublished":"2023-06-30T12:13:24+00:00","dateModified":"2023-08-02T11:53:38+00:00","mainEntityOfPage":{"@id":"https:\/\/www.interforce.dk\/uniform-paa-jobbet-dag-bliver-indfoert-i-danmark\/"},"wordCount":231,"image":{"@id":"https:\/\/www.interforce.dk\/uniform-paa-jobbet-dag-bliver-indfoert-i-danmark\/#primaryimage"},"thumbnailUrl":"https:\/\/www.interforce.dk\/app\/uploads\/2023\/06\/Uniform-pa-jobbet-dag.jpg","keywords":["InterForce"],"articleSection":["Nyheder om InterForce"],"inLanguage":"en-GB"},{"@type":"WebPage","@id":"https:\/\/www.interforce.dk\/uniform-paa-jobbet-dag-bliver-indfoert-i-danmark\/","url":"https:\/\/www.interforce.dk\/uniform-paa-jobbet-dag-bliver-indfoert-i-danmark\/","name":"Uniform p\u00e5 jobbet-dag bliver indf\u00f8rt i Danmark - InterForce","isPartOf":{"@id":"https:\/\/www.interforce.dk\/#website"},"primaryImageOfPage":{"@id":"https:\/\/www.interforce.dk\/uniform-paa-jobbet-dag-bliver-indfoert-i-danmark\/#primaryimage"},"image":{"@id":"https:\/\/www.interforce.dk\/uniform-paa-jobbet-dag-bliver-indfoert-i-danmark\/#primaryimage"},"thumbnailUrl":"https:\/\/www.interforce.dk\/app\/uploads\/2023\/06\/Uniform-pa-jobbet-dag.jpg","datePublished":"2023-06-30T12:13:24+00:00","dateModified":"2023-08-02T11:53:38+00:00","author":{"@id":"https:\/\/www.interforce.dk\/#\/schema\/person\/3604a2bb29e48048ea484fbfb3703fad"},"description":"Ligesom i vores nabolande f\u00e5r vi en Uniform p\u00e5 jobbet-dag i Danmark. Dagen er i \u00e5r blevet fastlagt til onsdag d. 27. september.","breadcrumb":{"@id":"https:\/\/www.interforce.dk\/uniform-paa-jobbet-dag-bliver-indfoert-i-danmark\/#breadcrumb"},"inLanguage":"en-GB","potentialAction":[{"@type":"ReadAction","target":["https:\/\/www.interforce.dk\/uniform-paa-jobbet-dag-bliver-indfoert-i-danmark\/"]}]},{"@type":"ImageObject","inLanguage":"en-GB","@id":"https:\/\/www.interforce.dk\/uniform-paa-jobbet-dag-bliver-indfoert-i-danmark\/#primaryimage","url":"https:\/\/www.interforce.dk\/app\/uploads\/2023\/06\/Uniform-pa-jobbet-dag.jpg","contentUrl":"https:\/\/www.interforce.dk\/app\/uploads\/2023\/06\/Uniform-pa-jobbet-dag.jpg","width":1146,"height":694},{"@type":"BreadcrumbList","@id":"https:\/\/www.interforce.dk\/uniform-paa-jobbet-dag-bliver-indfoert-i-danmark\/#breadcrumb","itemListElement":[{"@type":"ListItem","position":1,"name":"Hjem","item":"https:\/\/www.interforce.dk\/"},{"@type":"ListItem","position":2,"name":"Uniform p\u00e5 jobbet-dag bliver indf\u00f8rt i Danmark"}]},{"@type":"WebSite","@id":"https:\/\/www.interforce.dk\/#website","url":"https:\/\/www.interforce.dk\/","name":"InterForce","description":"","potentialAction":[{"@type":"SearchAction","target":{"@type":"EntryPoint","urlTemplate":"https:\/\/www.interforce.dk\/?s={search_term_string}"},"query-input":{"@type":"PropertyValueSpecification","valueRequired":true,"valueName":"search_term_string"}}],"inLanguage":"en-GB"},{"@type":"Person","@id":"https:\/\/www.interforce.dk\/#\/schema\/person\/3604a2bb29e48048ea484fbfb3703fad","name":"Simon Staffeldt Schou","image":{"@type":"ImageObject","inLanguage":"en-GB","@id":"https:\/\/secure.gravatar.com\/avatar\/1ff3b89414668243258c5ed26b84872c273dcdf7fe7ee0c553a52e1b4c2002fd?s=96&d=mm&r=g","url":"https:\/\/secure.gravatar.com\/avatar\/1ff3b89414668243258c5ed26b84872c273dcdf7fe7ee0c553a52e1b4c2002fd?s=96&d=mm&r=g","contentUrl":"https:\/\/secure.gravatar.com\/avatar\/1ff3b89414668243258c5ed26b84872c273dcdf7fe7ee0c553a52e1b4c2002fd?s=96&d=mm&r=g","caption":"Simon Staffeldt Schou"},"url":"https:\/\/www.interforce.dk\/en\/author\/simon\/"}]}},"_links":{"self":[{"href":"https:\/\/www.interforce.dk\/en\/wp-json\/wp\/v2\/posts\/14330","targetHints":{"allow":["GET"]}}],"collection":[{"href":"https:\/\/www.interforce.dk\/en\/wp-json\/wp\/v2\/posts"}],"about":[{"href":"https:\/\/www.interforce.dk\/en\/wp-json\/wp\/v2\/types\/post"}],"author":[{"embeddable":true,"href":"https:\/\/www.interforce.dk\/en\/wp-json\/wp\/v2\/users\/111"}],"replies":[{"embeddable":true,"href":"https:\/\/www.interforce.dk\/en\/wp-json\/wp\/v2\/comments?post=14330"}],"version-history":[{"count":2,"href":"https:\/\/www.interforce.dk\/en\/wp-json\/wp\/v2\/posts\/14330\/revisions"}],"predecessor-version":[{"id":14334,"href":"https:\/\/www.interforce.dk\/en\/wp-json\/wp\/v2\/posts\/14330\/revisions\/14334"}],"wp:featuredmedia":[{"embeddable":true,"href":"https:\/\/www.interforce.dk\/en\/wp-json\/wp\/v2\/media\/14331"}],"wp:attachment":[{"href":"https:\/\/www.interforce.dk\/en\/wp-json\/wp\/v2\/media?parent=14330"}],"wp:term":[{"taxonomy":"category","embeddable":true,"href":"https:\/\/www.interforce.dk\/en\/wp-json\/wp\/v2\/categories?post=14330"},{"taxonomy":"post_tag","embeddable":true,"href":"https:\/\/www.interforce.dk\/en\/wp-json\/wp\/v2\/tags?post=14330"}],"curies":[{"name":"wp","href":"https:\/\/api.w.org\/{rel}","templated":true}]}}