{"id":14236,"date":"2023-06-02T07:32:24","date_gmt":"2023-06-02T07:32:24","guid":{"rendered":"https:\/\/www.interforce.dk\/?p=14236"},"modified":"2023-06-02T07:32:24","modified_gmt":"2023-06-02T07:32:24","slug":"soeren-gade-modtager-haeder-for-frivillig-tjeneste","status":"publish","type":"post","link":"https:\/\/www.interforce.dk\/en\/soeren-gade-modtager-haeder-for-frivillig-tjeneste\/","title":{"rendered":"Tak for stor frivillig indsats"},"content":{"rendered":"<div class=\"block core-block core-block--paragraph\">\n      <div class=\"inner inner--small\">\n      \n<p>Den 31. maj fik InterForce ny formand.<\/p>\n\n      <\/div>\n  <\/div>\n<div class=\"block core-block core-block--paragraph\">\n      <div class=\"inner inner--small\">\n      \n<p>Fhv. minister og Folketingets formand S\u00f8ren Gade gav efter 6\u00bd \u00e5r stafetten videre til fhv. minister, forsvarsordf\u00f8rer og formand for Folketinget Henrik Dam Kristensen.<\/p>\n\n      <\/div>\n  <\/div>\n<div class=\"block core-block core-block--image\">\n      <div class=\"inner inner--small\">\n      \n<figure class=\"wp-block-image size-large\"><img loading=\"lazy\" decoding=\"async\" width=\"768\" height=\"1024\" src=\"https:\/\/www.interforce.dk\/app\/uploads\/2023\/06\/Soren-Gade-II-768x1024.jpeg\" alt=\"S\u00f8ren Gade modtager tak for frivillig tjeneste\" class=\"wp-image-14237\" srcset=\"https:\/\/www.interforce.dk\/app\/uploads\/2023\/06\/Soren-Gade-II-768x1024.jpeg 768w, https:\/\/www.interforce.dk\/app\/uploads\/2023\/06\/Soren-Gade-II-225x300.jpeg 225w, https:\/\/www.interforce.dk\/app\/uploads\/2023\/06\/Soren-Gade-II-1152x1536.jpeg 1152w, https:\/\/www.interforce.dk\/app\/uploads\/2023\/06\/Soren-Gade-II-1535x2048.jpeg 1535w, https:\/\/www.interforce.dk\/app\/uploads\/2023\/06\/Soren-Gade-II-9x12.jpeg 9w, https:\/\/www.interforce.dk\/app\/uploads\/2023\/06\/Soren-Gade-II-scaled.jpeg 1919w\" sizes=\"auto, (max-width: 768px) 100vw, 768px\" \/><figcaption class=\"wp-element-caption\"><em>InterForces afg\u00e5ende formand, S\u00f8ren Gade, modtager Forsvarets Medalje for Fortjenstfuld Indsats og Fortjensttegnet for god tjeneste i Forsvarets reserve i 40 \u00e5r af Forsvarschef Flemming Lentfer. I forgrunden ses tidligere Forsvarschef Christian Hvidt, der grundlagde InterForce i 1999.<\/em><\/figcaption><\/figure>\n\n      <\/div>\n  <\/div>\n<div class=\"block core-block core-block--paragraph\">\n      <div class=\"inner inner--small\">\n      \n<p>Det skete p\u00e5 Folketingets formands kontor, hvor Forsvarschef Flemming Lentfer sagde tak for en stor indsats som aktiv formand for InterForce.<\/p>\n\n      <\/div>\n  <\/div>\n<div class=\"block core-block core-block--paragraph\">\n      <div class=\"inner inner--small\">\n      \n<p>Forsvarschefen gav S\u00f8ren Gade <a href=\"https:\/\/www.forsvaret.dk\/da\/om-os\/kultur-fakta-historie\/medaljer\/forsvarets-medalje-for-fortjenstfuld-indsats\/\" target=\"_blank\" rel=\"noreferrer noopener\">Forsvarets Medalje for Fortjenstfuld Indsats<\/a> for hans store frivillige indsats. Han benyttede tillige lejligheden til at give den afg\u00e5ende formand, som er major af reserven, <a href=\"https:\/\/www.forsvaret.dk\/da\/om-os\/kultur-fakta-historie\/medaljer\/fortjensttegnet-for-god-tjeneste-i-forsvarets-reserve-i-40-ar\/\" target=\"_blank\" rel=\"noreferrer noopener\">Fortjensttegnet for god tjeneste i Forsvarets reserve i 40 \u00e5r<\/a>.<\/p>\n\n      <\/div>\n  <\/div>\n<div class=\"block core-block core-block--paragraph\">\n      <div class=\"inner inner--small\">\n      \n<p>S\u00f8ren Gade kvitterede med at sige tak for en sp\u00e6ndende periode og lovede fortsat at arbejde for at fremme forholdene for Reservestyrken og dermed hj\u00e6lpe InterForce.<\/p>\n\n      <\/div>\n  <\/div>\n<div class=\"block core-block core-block--paragraph\">\n      <div class=\"inner inner--small\">\n      \n<p>Forsvarschefen b\u00f8d tillige tidl. minister og tidl. Formand for Folketinget Henrik Dam Kristensen velkommen som formand for InterForce og gl\u00e6dede sig til det kommende samarbejde.<\/p>\n\n      <\/div>\n  <\/div>\n<div class=\"block core-block core-block--paragraph\">\n      <div class=\"inner inner--small\">\n      \n<p>Den afg\u00e5ede formand modtog H\u00e6dersskjold nr. 2 fra InterForce.\u00a0<\/p>\n\n      <\/div>\n  <\/div>\n<div class=\"block core-block core-block--paragraph\">\n      <div class=\"inner inner--small\">\n      \n<p><\/p>\n\n      <\/div>\n  <\/div>\n<div class=\"block core-block core-block--paragraph\">\n      <div class=\"inner inner--small\">\n      \n<p>L\u00e6s ogs\u00e5: <a href=\"https:\/\/www.interforce.dk\/en\/historie\/\" target=\"_blank\" rel=\"noreferrer noopener\">How did InterForce start?<\/a><\/p>\n\n      <\/div>\n  <\/div>","protected":false},"excerpt":{"rendered":"Efter 6\u00bd \u00e5r gav S\u00f8ren Gade stafetten videre til fhv. minister, forsvarsordf\u00f8...","protected":false},"author":111,"featured_media":14237,"comment_status":"closed","ping_status":"closed","sticky":false,"template":"","format":"standard","meta":{"_acf_changed":false,"footnotes":""},"categories":[12],"tags":[97],"class_list":["post-14236","post","type-post","status-publish","format-standard","has-post-thumbnail","hentry","category-nyt-om-if","tag-interforce"],"acf":[],"yoast_head":"<!-- This site is optimized with the Yoast SEO plugin v27.3 - https:\/\/yoast.com\/product\/yoast-seo-wordpress\/ -->\n<title>Tak for stor frivillig indsats - InterForce<\/title>\n<meta name=\"description\" content=\"Folketingets formand S\u00f8ren Gade gav efter 6\u00bd \u00e5r stafetten videre til fhv. formand for Folketinget Henrik Dam Kristensen.\" \/>\n<meta name=\"robots\" content=\"index, follow, max-snippet:-1, max-image-preview:large, max-video-preview:-1\" \/>\n<link rel=\"canonical\" href=\"https:\/\/www.interforce.dk\/en\/soeren-gade-modtager-haeder-for-frivillig-tjeneste\/\" \/>\n<meta property=\"og:locale\" content=\"en_GB\" \/>\n<meta property=\"og:type\" content=\"article\" \/>\n<meta property=\"og:title\" content=\"Tak for stor frivillig indsats - InterForce\" \/>\n<meta property=\"og:description\" content=\"Folketingets formand S\u00f8ren Gade gav efter 6\u00bd \u00e5r stafetten videre til fhv. formand for Folketinget Henrik Dam Kristensen.\" \/>\n<meta property=\"og:url\" content=\"https:\/\/www.interforce.dk\/en\/soeren-gade-modtager-haeder-for-frivillig-tjeneste\/\" \/>\n<meta property=\"og:site_name\" content=\"InterForce\" \/>\n<meta property=\"article:published_time\" content=\"2023-06-02T07:32:24+00:00\" \/>\n<meta property=\"og:image\" content=\"https:\/\/www.interforce.dk\/app\/uploads\/2023\/06\/Soren-Gade-II-scaled.jpeg\" \/>\n\t<meta property=\"og:image:width\" content=\"1919\" \/>\n\t<meta property=\"og:image:height\" content=\"2560\" \/>\n\t<meta property=\"og:image:type\" content=\"image\/jpeg\" \/>\n<meta name=\"author\" content=\"Simon Staffeldt Schou\" \/>\n<meta name=\"twitter:card\" content=\"summary_large_image\" \/>\n<meta name=\"twitter:label1\" content=\"Written by\" \/>\n\t<meta name=\"twitter:data1\" content=\"Simon Staffeldt Schou\" \/>\n\t<meta name=\"twitter:label2\" content=\"Est. reading time\" \/>\n\t<meta name=\"twitter:data2\" content=\"2 minutes\" \/>\n<script type=\"application\/ld+json\" class=\"yoast-schema-graph\">{\"@context\":\"https:\\\/\\\/schema.org\",\"@graph\":[{\"@type\":\"Article\",\"@id\":\"https:\\\/\\\/www.interforce.dk\\\/soeren-gade-modtager-haeder-for-frivillig-tjeneste\\\/#article\",\"isPartOf\":{\"@id\":\"https:\\\/\\\/www.interforce.dk\\\/soeren-gade-modtager-haeder-for-frivillig-tjeneste\\\/\"},\"author\":{\"name\":\"Simon Staffeldt Schou\",\"@id\":\"https:\\\/\\\/www.interforce.dk\\\/#\\\/schema\\\/person\\\/3604a2bb29e48048ea484fbfb3703fad\"},\"headline\":\"Tak for stor frivillig indsats\",\"datePublished\":\"2023-06-02T07:32:24+00:00\",\"mainEntityOfPage\":{\"@id\":\"https:\\\/\\\/www.interforce.dk\\\/soeren-gade-modtager-haeder-for-frivillig-tjeneste\\\/\"},\"wordCount\":207,\"image\":{\"@id\":\"https:\\\/\\\/www.interforce.dk\\\/soeren-gade-modtager-haeder-for-frivillig-tjeneste\\\/#primaryimage\"},\"thumbnailUrl\":\"https:\\\/\\\/www.interforce.dk\\\/app\\\/uploads\\\/2023\\\/06\\\/Soren-Gade-II-scaled.jpeg\",\"keywords\":[\"InterForce\"],\"articleSection\":[\"Nyheder om InterForce\"],\"inLanguage\":\"en-GB\"},{\"@type\":\"WebPage\",\"@id\":\"https:\\\/\\\/www.interforce.dk\\\/soeren-gade-modtager-haeder-for-frivillig-tjeneste\\\/\",\"url\":\"https:\\\/\\\/www.interforce.dk\\\/soeren-gade-modtager-haeder-for-frivillig-tjeneste\\\/\",\"name\":\"Tak for stor frivillig indsats - InterForce\",\"isPartOf\":{\"@id\":\"https:\\\/\\\/www.interforce.dk\\\/#website\"},\"primaryImageOfPage\":{\"@id\":\"https:\\\/\\\/www.interforce.dk\\\/soeren-gade-modtager-haeder-for-frivillig-tjeneste\\\/#primaryimage\"},\"image\":{\"@id\":\"https:\\\/\\\/www.interforce.dk\\\/soeren-gade-modtager-haeder-for-frivillig-tjeneste\\\/#primaryimage\"},\"thumbnailUrl\":\"https:\\\/\\\/www.interforce.dk\\\/app\\\/uploads\\\/2023\\\/06\\\/Soren-Gade-II-scaled.jpeg\",\"datePublished\":\"2023-06-02T07:32:24+00:00\",\"author\":{\"@id\":\"https:\\\/\\\/www.interforce.dk\\\/#\\\/schema\\\/person\\\/3604a2bb29e48048ea484fbfb3703fad\"},\"description\":\"Folketingets formand S\u00f8ren Gade gav efter 6\u00bd \u00e5r stafetten videre til fhv. formand for Folketinget Henrik Dam Kristensen.\",\"breadcrumb\":{\"@id\":\"https:\\\/\\\/www.interforce.dk\\\/soeren-gade-modtager-haeder-for-frivillig-tjeneste\\\/#breadcrumb\"},\"inLanguage\":\"en-GB\",\"potentialAction\":[{\"@type\":\"ReadAction\",\"target\":[\"https:\\\/\\\/www.interforce.dk\\\/soeren-gade-modtager-haeder-for-frivillig-tjeneste\\\/\"]}]},{\"@type\":\"ImageObject\",\"inLanguage\":\"en-GB\",\"@id\":\"https:\\\/\\\/www.interforce.dk\\\/soeren-gade-modtager-haeder-for-frivillig-tjeneste\\\/#primaryimage\",\"url\":\"https:\\\/\\\/www.interforce.dk\\\/app\\\/uploads\\\/2023\\\/06\\\/Soren-Gade-II-scaled.jpeg\",\"contentUrl\":\"https:\\\/\\\/www.interforce.dk\\\/app\\\/uploads\\\/2023\\\/06\\\/Soren-Gade-II-scaled.jpeg\",\"width\":1919,\"height\":2560,\"caption\":\"S\u00f8ren Gade\"},{\"@type\":\"BreadcrumbList\",\"@id\":\"https:\\\/\\\/www.interforce.dk\\\/soeren-gade-modtager-haeder-for-frivillig-tjeneste\\\/#breadcrumb\",\"itemListElement\":[{\"@type\":\"ListItem\",\"position\":1,\"name\":\"Hjem\",\"item\":\"https:\\\/\\\/www.interforce.dk\\\/\"},{\"@type\":\"ListItem\",\"position\":2,\"name\":\"Tak for stor frivillig indsats\"}]},{\"@type\":\"WebSite\",\"@id\":\"https:\\\/\\\/www.interforce.dk\\\/#website\",\"url\":\"https:\\\/\\\/www.interforce.dk\\\/\",\"name\":\"InterForce\",\"description\":\"\",\"potentialAction\":[{\"@type\":\"SearchAction\",\"target\":{\"@type\":\"EntryPoint\",\"urlTemplate\":\"https:\\\/\\\/www.interforce.dk\\\/?s={search_term_string}\"},\"query-input\":{\"@type\":\"PropertyValueSpecification\",\"valueRequired\":true,\"valueName\":\"search_term_string\"}}],\"inLanguage\":\"en-GB\"},{\"@type\":\"Person\",\"@id\":\"https:\\\/\\\/www.interforce.dk\\\/#\\\/schema\\\/person\\\/3604a2bb29e48048ea484fbfb3703fad\",\"name\":\"Simon Staffeldt Schou\",\"image\":{\"@type\":\"ImageObject\",\"inLanguage\":\"en-GB\",\"@id\":\"https:\\\/\\\/secure.gravatar.com\\\/avatar\\\/1ff3b89414668243258c5ed26b84872c273dcdf7fe7ee0c553a52e1b4c2002fd?s=96&d=mm&r=g\",\"url\":\"https:\\\/\\\/secure.gravatar.com\\\/avatar\\\/1ff3b89414668243258c5ed26b84872c273dcdf7fe7ee0c553a52e1b4c2002fd?s=96&d=mm&r=g\",\"contentUrl\":\"https:\\\/\\\/secure.gravatar.com\\\/avatar\\\/1ff3b89414668243258c5ed26b84872c273dcdf7fe7ee0c553a52e1b4c2002fd?s=96&d=mm&r=g\",\"caption\":\"Simon Staffeldt Schou\"},\"url\":\"https:\\\/\\\/www.interforce.dk\\\/en\\\/author\\\/simon\\\/\"}]}<\/script>\n<!-- \/ Yoast SEO plugin. -->","yoast_head_json":{"title":"Tak for stor frivillig indsats - InterForce","description":"Folketingets formand S\u00f8ren Gade gav efter 6\u00bd \u00e5r stafetten videre til fhv. formand for Folketinget Henrik Dam Kristensen.","robots":{"index":"index","follow":"follow","max-snippet":"max-snippet:-1","max-image-preview":"max-image-preview:large","max-video-preview":"max-video-preview:-1"},"canonical":"https:\/\/www.interforce.dk\/en\/soeren-gade-modtager-haeder-for-frivillig-tjeneste\/","og_locale":"en_GB","og_type":"article","og_title":"Tak for stor frivillig indsats - InterForce","og_description":"Folketingets formand S\u00f8ren Gade gav efter 6\u00bd \u00e5r stafetten videre til fhv. formand for Folketinget Henrik Dam Kristensen.","og_url":"https:\/\/www.interforce.dk\/en\/soeren-gade-modtager-haeder-for-frivillig-tjeneste\/","og_site_name":"InterForce","article_published_time":"2023-06-02T07:32:24+00:00","og_image":[{"width":1919,"height":2560,"url":"https:\/\/www.interforce.dk\/app\/uploads\/2023\/06\/Soren-Gade-II-scaled.jpeg","type":"image\/jpeg"}],"author":"Simon Staffeldt Schou","twitter_card":"summary_large_image","twitter_misc":{"Written by":"Simon Staffeldt Schou","Est. reading time":"2 minutes"},"schema":{"@context":"https:\/\/schema.org","@graph":[{"@type":"Article","@id":"https:\/\/www.interforce.dk\/soeren-gade-modtager-haeder-for-frivillig-tjeneste\/#article","isPartOf":{"@id":"https:\/\/www.interforce.dk\/soeren-gade-modtager-haeder-for-frivillig-tjeneste\/"},"author":{"name":"Simon Staffeldt Schou","@id":"https:\/\/www.interforce.dk\/#\/schema\/person\/3604a2bb29e48048ea484fbfb3703fad"},"headline":"Tak for stor frivillig indsats","datePublished":"2023-06-02T07:32:24+00:00","mainEntityOfPage":{"@id":"https:\/\/www.interforce.dk\/soeren-gade-modtager-haeder-for-frivillig-tjeneste\/"},"wordCount":207,"image":{"@id":"https:\/\/www.interforce.dk\/soeren-gade-modtager-haeder-for-frivillig-tjeneste\/#primaryimage"},"thumbnailUrl":"https:\/\/www.interforce.dk\/app\/uploads\/2023\/06\/Soren-Gade-II-scaled.jpeg","keywords":["InterForce"],"articleSection":["Nyheder om InterForce"],"inLanguage":"en-GB"},{"@type":"WebPage","@id":"https:\/\/www.interforce.dk\/soeren-gade-modtager-haeder-for-frivillig-tjeneste\/","url":"https:\/\/www.interforce.dk\/soeren-gade-modtager-haeder-for-frivillig-tjeneste\/","name":"Tak for stor frivillig indsats - InterForce","isPartOf":{"@id":"https:\/\/www.interforce.dk\/#website"},"primaryImageOfPage":{"@id":"https:\/\/www.interforce.dk\/soeren-gade-modtager-haeder-for-frivillig-tjeneste\/#primaryimage"},"image":{"@id":"https:\/\/www.interforce.dk\/soeren-gade-modtager-haeder-for-frivillig-tjeneste\/#primaryimage"},"thumbnailUrl":"https:\/\/www.interforce.dk\/app\/uploads\/2023\/06\/Soren-Gade-II-scaled.jpeg","datePublished":"2023-06-02T07:32:24+00:00","author":{"@id":"https:\/\/www.interforce.dk\/#\/schema\/person\/3604a2bb29e48048ea484fbfb3703fad"},"description":"Folketingets formand S\u00f8ren Gade gav efter 6\u00bd \u00e5r stafetten videre til fhv. formand for Folketinget Henrik Dam Kristensen.","breadcrumb":{"@id":"https:\/\/www.interforce.dk\/soeren-gade-modtager-haeder-for-frivillig-tjeneste\/#breadcrumb"},"inLanguage":"en-GB","potentialAction":[{"@type":"ReadAction","target":["https:\/\/www.interforce.dk\/soeren-gade-modtager-haeder-for-frivillig-tjeneste\/"]}]},{"@type":"ImageObject","inLanguage":"en-GB","@id":"https:\/\/www.interforce.dk\/soeren-gade-modtager-haeder-for-frivillig-tjeneste\/#primaryimage","url":"https:\/\/www.interforce.dk\/app\/uploads\/2023\/06\/Soren-Gade-II-scaled.jpeg","contentUrl":"https:\/\/www.interforce.dk\/app\/uploads\/2023\/06\/Soren-Gade-II-scaled.jpeg","width":1919,"height":2560,"caption":"S\u00f8ren Gade"},{"@type":"BreadcrumbList","@id":"https:\/\/www.interforce.dk\/soeren-gade-modtager-haeder-for-frivillig-tjeneste\/#breadcrumb","itemListElement":[{"@type":"ListItem","position":1,"name":"Hjem","item":"https:\/\/www.interforce.dk\/"},{"@type":"ListItem","position":2,"name":"Tak for stor frivillig indsats"}]},{"@type":"WebSite","@id":"https:\/\/www.interforce.dk\/#website","url":"https:\/\/www.interforce.dk\/","name":"InterForce","description":"","potentialAction":[{"@type":"SearchAction","target":{"@type":"EntryPoint","urlTemplate":"https:\/\/www.interforce.dk\/?s={search_term_string}"},"query-input":{"@type":"PropertyValueSpecification","valueRequired":true,"valueName":"search_term_string"}}],"inLanguage":"en-GB"},{"@type":"Person","@id":"https:\/\/www.interforce.dk\/#\/schema\/person\/3604a2bb29e48048ea484fbfb3703fad","name":"Simon Staffeldt Schou","image":{"@type":"ImageObject","inLanguage":"en-GB","@id":"https:\/\/secure.gravatar.com\/avatar\/1ff3b89414668243258c5ed26b84872c273dcdf7fe7ee0c553a52e1b4c2002fd?s=96&d=mm&r=g","url":"https:\/\/secure.gravatar.com\/avatar\/1ff3b89414668243258c5ed26b84872c273dcdf7fe7ee0c553a52e1b4c2002fd?s=96&d=mm&r=g","contentUrl":"https:\/\/secure.gravatar.com\/avatar\/1ff3b89414668243258c5ed26b84872c273dcdf7fe7ee0c553a52e1b4c2002fd?s=96&d=mm&r=g","caption":"Simon Staffeldt Schou"},"url":"https:\/\/www.interforce.dk\/en\/author\/simon\/"}]}},"_links":{"self":[{"href":"https:\/\/www.interforce.dk\/en\/wp-json\/wp\/v2\/posts\/14236","targetHints":{"allow":["GET"]}}],"collection":[{"href":"https:\/\/www.interforce.dk\/en\/wp-json\/wp\/v2\/posts"}],"about":[{"href":"https:\/\/www.interforce.dk\/en\/wp-json\/wp\/v2\/types\/post"}],"author":[{"embeddable":true,"href":"https:\/\/www.interforce.dk\/en\/wp-json\/wp\/v2\/users\/111"}],"replies":[{"embeddable":true,"href":"https:\/\/www.interforce.dk\/en\/wp-json\/wp\/v2\/comments?post=14236"}],"version-history":[{"count":1,"href":"https:\/\/www.interforce.dk\/en\/wp-json\/wp\/v2\/posts\/14236\/revisions"}],"predecessor-version":[{"id":14238,"href":"https:\/\/www.interforce.dk\/en\/wp-json\/wp\/v2\/posts\/14236\/revisions\/14238"}],"wp:featuredmedia":[{"embeddable":true,"href":"https:\/\/www.interforce.dk\/en\/wp-json\/wp\/v2\/media\/14237"}],"wp:attachment":[{"href":"https:\/\/www.interforce.dk\/en\/wp-json\/wp\/v2\/media?parent=14236"}],"wp:term":[{"taxonomy":"category","embeddable":true,"href":"https:\/\/www.interforce.dk\/en\/wp-json\/wp\/v2\/categories?post=14236"},{"taxonomy":"post_tag","embeddable":true,"href":"https:\/\/www.interforce.dk\/en\/wp-json\/wp\/v2\/tags?post=14236"}],"curies":[{"name":"wp","href":"https:\/\/api.w.org\/{rel}","templated":true}]}}