{"id":14215,"date":"2023-05-25T15:33:34","date_gmt":"2023-05-25T15:33:34","guid":{"rendered":"https:\/\/www.interforce.dk\/?p=14215"},"modified":"2023-05-25T15:35:26","modified_gmt":"2023-05-25T15:35:26","slug":"koebenhavns-politi-modtager-interforce-skjold","status":"publish","type":"post","link":"https:\/\/www.interforce.dk\/en\/koebenhavns-politi-modtager-interforce-skjold\/","title":{"rendered":"K\u00f8benhavns Politi st\u00f8tter op om InterForce"},"content":{"rendered":"<div class=\"block core-block core-block--image\">\n      <div class=\"inner inner--small\">\n      \n<figure class=\"wp-block-image size-large\"><img loading=\"lazy\" decoding=\"async\" width=\"768\" height=\"1024\" src=\"https:\/\/www.interforce.dk\/app\/uploads\/2023\/05\/Kobenhavns-Politi-modtager-InterForce-skjoldet-768x1024.jpg\" alt=\"K\u00f8benhavns Politi st\u00f8tter op om InterForce\" class=\"wp-image-14216\" srcset=\"https:\/\/www.interforce.dk\/app\/uploads\/2023\/05\/Kobenhavns-Politi-modtager-InterForce-skjoldet-768x1024.jpg 768w, https:\/\/www.interforce.dk\/app\/uploads\/2023\/05\/Kobenhavns-Politi-modtager-InterForce-skjoldet-225x300.jpg 225w, https:\/\/www.interforce.dk\/app\/uploads\/2023\/05\/Kobenhavns-Politi-modtager-InterForce-skjoldet-1152x1536.jpg 1152w, https:\/\/www.interforce.dk\/app\/uploads\/2023\/05\/Kobenhavns-Politi-modtager-InterForce-skjoldet-1536x2048.jpg 1536w, https:\/\/www.interforce.dk\/app\/uploads\/2023\/05\/Kobenhavns-Politi-modtager-InterForce-skjoldet-9x12.jpg 9w, https:\/\/www.interforce.dk\/app\/uploads\/2023\/05\/Kobenhavns-Politi-modtager-InterForce-skjoldet-scaled.jpg 1920w\" sizes=\"auto, (max-width: 768px) 100vw, 768px\" \/><figcaption class=\"wp-element-caption\"><em>Politidirekt\u00f8r i K\u00f8benhavns Politi, Anne T\u00f8nnes, modtager InterForce-skjoldet af Oberst Peer Sander Rouff.<\/em><\/figcaption><\/figure>\n\n      <\/div>\n  <\/div>\n<div class=\"block core-block core-block--paragraph\">\n      <div class=\"inner inner--small\">\n      \n<p>Den 22. maj modtog Politidirekt\u00f8ren i K\u00f8benhavns Politi, Anne T\u00f8nnes, et InterForce-skjold. Det blev overrakt af milit\u00e6r koordinator for InterForce Region Hovedstaden og chef for Landsdelsregion \u00d8st,\u00a0Oberst Peer Sander Rouff.<br><\/p>\n\n      <\/div>\n  <\/div>\n<div class=\"block core-block core-block--paragraph\">\n      <div class=\"inner inner--small\">\n      \n<p>Ved overr\u00e6kkelsen udtrykte Peer Sander Rouff stor taknemmelighed for K\u00f8benhavns Politis engagement i <a href=\"https:\/\/reservestyrken.dk\/\" target=\"_blank\" rel=\"noreferrer noopener\">Reservestyrken<\/a>. Flere medarbejdere i Politiet har kontrakt i Reservestyrken, og mange er frivillige i Hjemmev\u00e6rnet. Ledelsen i K\u00f8benhavns Politi har derudover altid udvist stor forst\u00e5else for Reservestyrkens behov for milit\u00e6r uddannelse og \u00f8velsesaktivitet. <br><br>Anne T\u00f8nnes berettede om ledelsens store interesse for InterForces arbejde, og det blev til en lang og god dialog. Peer Sander Rouff &#8211; som var ledsaget af eventkoordinator ved InterForce Region Hovedstaden Pauline H\u00f8jlund Olsen &#8211; takkede for det t\u00e6tte operative samarbejde. Det har altid v\u00e6ret velplanlagt og godt og har bevist sit v\u00e6rd ved flere st\u00f8rre h\u00e6ndelser og beredskabssituationer.<\/p>\n\n      <\/div>\n  <\/div>\n<div class=\"block core-block core-block--paragraph\">\n      <div class=\"inner inner--small\">\n      \n<p>Tak for jeres st\u00f8tte!<\/p>\n\n      <\/div>\n  <\/div>\n<div class=\"block core-block core-block--paragraph\">\n      <div class=\"inner inner--small\">\n      \n<p>L\u00e6s ogs\u00e5: <a href=\"https:\/\/www.interforce.dk\/en\/hvorfor-stoette-interforce\/\" target=\"_blank\" rel=\"noreferrer noopener\">Why support InterForce?<\/a><\/p>\n\n      <\/div>\n  <\/div>","protected":false},"excerpt":{"rendered":"K\u00f8benhavns Politi blev h\u00e6dret for sin store opbakning til Reservestyrken....","protected":false},"author":111,"featured_media":14216,"comment_status":"closed","ping_status":"closed","sticky":false,"template":"","format":"standard","meta":{"_acf_changed":false,"footnotes":""},"categories":[12],"tags":[55],"class_list":["post-14215","post","type-post","status-publish","format-standard","has-post-thumbnail","hentry","category-nyt-om-if","tag-tag-hovedstaden"],"acf":[],"yoast_head":"<!-- This site is optimized with the Yoast SEO plugin v27.3 - https:\/\/yoast.com\/product\/yoast-seo-wordpress\/ -->\n<title>K\u00f8benhavns Politi st\u00f8tter op om InterForce - InterForce<\/title>\n<meta name=\"description\" content=\"K\u00f8benhavns Politi modtager InterForce-skjold for deres store st\u00f8tte til Reservestyrken og prioritering af frivilliges og reservisters behov.\" \/>\n<meta name=\"robots\" content=\"index, follow, max-snippet:-1, max-image-preview:large, max-video-preview:-1\" \/>\n<link rel=\"canonical\" href=\"https:\/\/www.interforce.dk\/en\/koebenhavns-politi-modtager-interforce-skjold\/\" \/>\n<meta property=\"og:locale\" content=\"en_GB\" \/>\n<meta property=\"og:type\" content=\"article\" \/>\n<meta property=\"og:title\" content=\"K\u00f8benhavns Politi st\u00f8tter op om InterForce - InterForce\" \/>\n<meta property=\"og:description\" content=\"K\u00f8benhavns Politi modtager InterForce-skjold for deres store st\u00f8tte til Reservestyrken og prioritering af frivilliges og reservisters behov.\" \/>\n<meta property=\"og:url\" content=\"https:\/\/www.interforce.dk\/en\/koebenhavns-politi-modtager-interforce-skjold\/\" \/>\n<meta property=\"og:site_name\" content=\"InterForce\" \/>\n<meta property=\"article:published_time\" content=\"2023-05-25T15:33:34+00:00\" \/>\n<meta property=\"article:modified_time\" content=\"2023-05-25T15:35:26+00:00\" \/>\n<meta property=\"og:image\" content=\"https:\/\/www.interforce.dk\/app\/uploads\/2023\/05\/Kobenhavns-Politi-modtager-InterForce-skjoldet-scaled.jpg\" \/>\n\t<meta property=\"og:image:width\" content=\"1920\" \/>\n\t<meta property=\"og:image:height\" content=\"2560\" \/>\n\t<meta property=\"og:image:type\" content=\"image\/jpeg\" \/>\n<meta name=\"author\" content=\"Simon Staffeldt Schou\" \/>\n<meta name=\"twitter:card\" content=\"summary_large_image\" \/>\n<meta name=\"twitter:label1\" content=\"Written by\" \/>\n\t<meta name=\"twitter:data1\" content=\"Simon Staffeldt Schou\" \/>\n\t<meta name=\"twitter:label2\" content=\"Est. reading time\" \/>\n\t<meta name=\"twitter:data2\" content=\"1 minute\" \/>\n<script type=\"application\/ld+json\" class=\"yoast-schema-graph\">{\"@context\":\"https:\\\/\\\/schema.org\",\"@graph\":[{\"@type\":\"Article\",\"@id\":\"https:\\\/\\\/www.interforce.dk\\\/koebenhavns-politi-modtager-interforce-skjold\\\/#article\",\"isPartOf\":{\"@id\":\"https:\\\/\\\/www.interforce.dk\\\/koebenhavns-politi-modtager-interforce-skjold\\\/\"},\"author\":{\"name\":\"Simon Staffeldt Schou\",\"@id\":\"https:\\\/\\\/www.interforce.dk\\\/#\\\/schema\\\/person\\\/3604a2bb29e48048ea484fbfb3703fad\"},\"headline\":\"K\u00f8benhavns Politi st\u00f8tter op om InterForce\",\"datePublished\":\"2023-05-25T15:33:34+00:00\",\"dateModified\":\"2023-05-25T15:35:26+00:00\",\"mainEntityOfPage\":{\"@id\":\"https:\\\/\\\/www.interforce.dk\\\/koebenhavns-politi-modtager-interforce-skjold\\\/\"},\"wordCount\":189,\"image\":{\"@id\":\"https:\\\/\\\/www.interforce.dk\\\/koebenhavns-politi-modtager-interforce-skjold\\\/#primaryimage\"},\"thumbnailUrl\":\"https:\\\/\\\/www.interforce.dk\\\/app\\\/uploads\\\/2023\\\/05\\\/Kobenhavns-Politi-modtager-InterForce-skjoldet-scaled.jpg\",\"keywords\":[\"Tag:Hovedstaden\"],\"articleSection\":[\"Nyheder om InterForce\"],\"inLanguage\":\"en-GB\"},{\"@type\":\"WebPage\",\"@id\":\"https:\\\/\\\/www.interforce.dk\\\/koebenhavns-politi-modtager-interforce-skjold\\\/\",\"url\":\"https:\\\/\\\/www.interforce.dk\\\/koebenhavns-politi-modtager-interforce-skjold\\\/\",\"name\":\"K\u00f8benhavns Politi st\u00f8tter op om InterForce - InterForce\",\"isPartOf\":{\"@id\":\"https:\\\/\\\/www.interforce.dk\\\/#website\"},\"primaryImageOfPage\":{\"@id\":\"https:\\\/\\\/www.interforce.dk\\\/koebenhavns-politi-modtager-interforce-skjold\\\/#primaryimage\"},\"image\":{\"@id\":\"https:\\\/\\\/www.interforce.dk\\\/koebenhavns-politi-modtager-interforce-skjold\\\/#primaryimage\"},\"thumbnailUrl\":\"https:\\\/\\\/www.interforce.dk\\\/app\\\/uploads\\\/2023\\\/05\\\/Kobenhavns-Politi-modtager-InterForce-skjoldet-scaled.jpg\",\"datePublished\":\"2023-05-25T15:33:34+00:00\",\"dateModified\":\"2023-05-25T15:35:26+00:00\",\"author\":{\"@id\":\"https:\\\/\\\/www.interforce.dk\\\/#\\\/schema\\\/person\\\/3604a2bb29e48048ea484fbfb3703fad\"},\"description\":\"K\u00f8benhavns Politi modtager InterForce-skjold for deres store st\u00f8tte til Reservestyrken og prioritering af frivilliges og reservisters behov.\",\"breadcrumb\":{\"@id\":\"https:\\\/\\\/www.interforce.dk\\\/koebenhavns-politi-modtager-interforce-skjold\\\/#breadcrumb\"},\"inLanguage\":\"en-GB\",\"potentialAction\":[{\"@type\":\"ReadAction\",\"target\":[\"https:\\\/\\\/www.interforce.dk\\\/koebenhavns-politi-modtager-interforce-skjold\\\/\"]}]},{\"@type\":\"ImageObject\",\"inLanguage\":\"en-GB\",\"@id\":\"https:\\\/\\\/www.interforce.dk\\\/koebenhavns-politi-modtager-interforce-skjold\\\/#primaryimage\",\"url\":\"https:\\\/\\\/www.interforce.dk\\\/app\\\/uploads\\\/2023\\\/05\\\/Kobenhavns-Politi-modtager-InterForce-skjoldet-scaled.jpg\",\"contentUrl\":\"https:\\\/\\\/www.interforce.dk\\\/app\\\/uploads\\\/2023\\\/05\\\/Kobenhavns-Politi-modtager-InterForce-skjoldet-scaled.jpg\",\"width\":1920,\"height\":2560,\"caption\":\"K\u00f8benhavns Politi st\u00f8tter op om InterForce\"},{\"@type\":\"BreadcrumbList\",\"@id\":\"https:\\\/\\\/www.interforce.dk\\\/koebenhavns-politi-modtager-interforce-skjold\\\/#breadcrumb\",\"itemListElement\":[{\"@type\":\"ListItem\",\"position\":1,\"name\":\"Hjem\",\"item\":\"https:\\\/\\\/www.interforce.dk\\\/\"},{\"@type\":\"ListItem\",\"position\":2,\"name\":\"K\u00f8benhavns Politi st\u00f8tter op om InterForce\"}]},{\"@type\":\"WebSite\",\"@id\":\"https:\\\/\\\/www.interforce.dk\\\/#website\",\"url\":\"https:\\\/\\\/www.interforce.dk\\\/\",\"name\":\"InterForce\",\"description\":\"\",\"potentialAction\":[{\"@type\":\"SearchAction\",\"target\":{\"@type\":\"EntryPoint\",\"urlTemplate\":\"https:\\\/\\\/www.interforce.dk\\\/?s={search_term_string}\"},\"query-input\":{\"@type\":\"PropertyValueSpecification\",\"valueRequired\":true,\"valueName\":\"search_term_string\"}}],\"inLanguage\":\"en-GB\"},{\"@type\":\"Person\",\"@id\":\"https:\\\/\\\/www.interforce.dk\\\/#\\\/schema\\\/person\\\/3604a2bb29e48048ea484fbfb3703fad\",\"name\":\"Simon Staffeldt Schou\",\"image\":{\"@type\":\"ImageObject\",\"inLanguage\":\"en-GB\",\"@id\":\"https:\\\/\\\/secure.gravatar.com\\\/avatar\\\/1ff3b89414668243258c5ed26b84872c273dcdf7fe7ee0c553a52e1b4c2002fd?s=96&d=mm&r=g\",\"url\":\"https:\\\/\\\/secure.gravatar.com\\\/avatar\\\/1ff3b89414668243258c5ed26b84872c273dcdf7fe7ee0c553a52e1b4c2002fd?s=96&d=mm&r=g\",\"contentUrl\":\"https:\\\/\\\/secure.gravatar.com\\\/avatar\\\/1ff3b89414668243258c5ed26b84872c273dcdf7fe7ee0c553a52e1b4c2002fd?s=96&d=mm&r=g\",\"caption\":\"Simon Staffeldt Schou\"},\"url\":\"https:\\\/\\\/www.interforce.dk\\\/en\\\/author\\\/simon\\\/\"}]}<\/script>\n<!-- \/ Yoast SEO plugin. -->","yoast_head_json":{"title":"K\u00f8benhavns Politi st\u00f8tter op om InterForce - InterForce","description":"K\u00f8benhavns Politi modtager InterForce-skjold for deres store st\u00f8tte til Reservestyrken og prioritering af frivilliges og reservisters behov.","robots":{"index":"index","follow":"follow","max-snippet":"max-snippet:-1","max-image-preview":"max-image-preview:large","max-video-preview":"max-video-preview:-1"},"canonical":"https:\/\/www.interforce.dk\/en\/koebenhavns-politi-modtager-interforce-skjold\/","og_locale":"en_GB","og_type":"article","og_title":"K\u00f8benhavns Politi st\u00f8tter op om InterForce - InterForce","og_description":"K\u00f8benhavns Politi modtager InterForce-skjold for deres store st\u00f8tte til Reservestyrken og prioritering af frivilliges og reservisters behov.","og_url":"https:\/\/www.interforce.dk\/en\/koebenhavns-politi-modtager-interforce-skjold\/","og_site_name":"InterForce","article_published_time":"2023-05-25T15:33:34+00:00","article_modified_time":"2023-05-25T15:35:26+00:00","og_image":[{"width":1920,"height":2560,"url":"https:\/\/www.interforce.dk\/app\/uploads\/2023\/05\/Kobenhavns-Politi-modtager-InterForce-skjoldet-scaled.jpg","type":"image\/jpeg"}],"author":"Simon Staffeldt Schou","twitter_card":"summary_large_image","twitter_misc":{"Written by":"Simon Staffeldt Schou","Est. reading time":"1 minute"},"schema":{"@context":"https:\/\/schema.org","@graph":[{"@type":"Article","@id":"https:\/\/www.interforce.dk\/koebenhavns-politi-modtager-interforce-skjold\/#article","isPartOf":{"@id":"https:\/\/www.interforce.dk\/koebenhavns-politi-modtager-interforce-skjold\/"},"author":{"name":"Simon Staffeldt Schou","@id":"https:\/\/www.interforce.dk\/#\/schema\/person\/3604a2bb29e48048ea484fbfb3703fad"},"headline":"K\u00f8benhavns Politi st\u00f8tter op om InterForce","datePublished":"2023-05-25T15:33:34+00:00","dateModified":"2023-05-25T15:35:26+00:00","mainEntityOfPage":{"@id":"https:\/\/www.interforce.dk\/koebenhavns-politi-modtager-interforce-skjold\/"},"wordCount":189,"image":{"@id":"https:\/\/www.interforce.dk\/koebenhavns-politi-modtager-interforce-skjold\/#primaryimage"},"thumbnailUrl":"https:\/\/www.interforce.dk\/app\/uploads\/2023\/05\/Kobenhavns-Politi-modtager-InterForce-skjoldet-scaled.jpg","keywords":["Tag:Hovedstaden"],"articleSection":["Nyheder om InterForce"],"inLanguage":"en-GB"},{"@type":"WebPage","@id":"https:\/\/www.interforce.dk\/koebenhavns-politi-modtager-interforce-skjold\/","url":"https:\/\/www.interforce.dk\/koebenhavns-politi-modtager-interforce-skjold\/","name":"K\u00f8benhavns Politi st\u00f8tter op om InterForce - InterForce","isPartOf":{"@id":"https:\/\/www.interforce.dk\/#website"},"primaryImageOfPage":{"@id":"https:\/\/www.interforce.dk\/koebenhavns-politi-modtager-interforce-skjold\/#primaryimage"},"image":{"@id":"https:\/\/www.interforce.dk\/koebenhavns-politi-modtager-interforce-skjold\/#primaryimage"},"thumbnailUrl":"https:\/\/www.interforce.dk\/app\/uploads\/2023\/05\/Kobenhavns-Politi-modtager-InterForce-skjoldet-scaled.jpg","datePublished":"2023-05-25T15:33:34+00:00","dateModified":"2023-05-25T15:35:26+00:00","author":{"@id":"https:\/\/www.interforce.dk\/#\/schema\/person\/3604a2bb29e48048ea484fbfb3703fad"},"description":"K\u00f8benhavns Politi modtager InterForce-skjold for deres store st\u00f8tte til Reservestyrken og prioritering af frivilliges og reservisters behov.","breadcrumb":{"@id":"https:\/\/www.interforce.dk\/koebenhavns-politi-modtager-interforce-skjold\/#breadcrumb"},"inLanguage":"en-GB","potentialAction":[{"@type":"ReadAction","target":["https:\/\/www.interforce.dk\/koebenhavns-politi-modtager-interforce-skjold\/"]}]},{"@type":"ImageObject","inLanguage":"en-GB","@id":"https:\/\/www.interforce.dk\/koebenhavns-politi-modtager-interforce-skjold\/#primaryimage","url":"https:\/\/www.interforce.dk\/app\/uploads\/2023\/05\/Kobenhavns-Politi-modtager-InterForce-skjoldet-scaled.jpg","contentUrl":"https:\/\/www.interforce.dk\/app\/uploads\/2023\/05\/Kobenhavns-Politi-modtager-InterForce-skjoldet-scaled.jpg","width":1920,"height":2560,"caption":"K\u00f8benhavns Politi st\u00f8tter op om InterForce"},{"@type":"BreadcrumbList","@id":"https:\/\/www.interforce.dk\/koebenhavns-politi-modtager-interforce-skjold\/#breadcrumb","itemListElement":[{"@type":"ListItem","position":1,"name":"Hjem","item":"https:\/\/www.interforce.dk\/"},{"@type":"ListItem","position":2,"name":"K\u00f8benhavns Politi st\u00f8tter op om InterForce"}]},{"@type":"WebSite","@id":"https:\/\/www.interforce.dk\/#website","url":"https:\/\/www.interforce.dk\/","name":"InterForce","description":"","potentialAction":[{"@type":"SearchAction","target":{"@type":"EntryPoint","urlTemplate":"https:\/\/www.interforce.dk\/?s={search_term_string}"},"query-input":{"@type":"PropertyValueSpecification","valueRequired":true,"valueName":"search_term_string"}}],"inLanguage":"en-GB"},{"@type":"Person","@id":"https:\/\/www.interforce.dk\/#\/schema\/person\/3604a2bb29e48048ea484fbfb3703fad","name":"Simon Staffeldt Schou","image":{"@type":"ImageObject","inLanguage":"en-GB","@id":"https:\/\/secure.gravatar.com\/avatar\/1ff3b89414668243258c5ed26b84872c273dcdf7fe7ee0c553a52e1b4c2002fd?s=96&d=mm&r=g","url":"https:\/\/secure.gravatar.com\/avatar\/1ff3b89414668243258c5ed26b84872c273dcdf7fe7ee0c553a52e1b4c2002fd?s=96&d=mm&r=g","contentUrl":"https:\/\/secure.gravatar.com\/avatar\/1ff3b89414668243258c5ed26b84872c273dcdf7fe7ee0c553a52e1b4c2002fd?s=96&d=mm&r=g","caption":"Simon Staffeldt Schou"},"url":"https:\/\/www.interforce.dk\/en\/author\/simon\/"}]}},"_links":{"self":[{"href":"https:\/\/www.interforce.dk\/en\/wp-json\/wp\/v2\/posts\/14215","targetHints":{"allow":["GET"]}}],"collection":[{"href":"https:\/\/www.interforce.dk\/en\/wp-json\/wp\/v2\/posts"}],"about":[{"href":"https:\/\/www.interforce.dk\/en\/wp-json\/wp\/v2\/types\/post"}],"author":[{"embeddable":true,"href":"https:\/\/www.interforce.dk\/en\/wp-json\/wp\/v2\/users\/111"}],"replies":[{"embeddable":true,"href":"https:\/\/www.interforce.dk\/en\/wp-json\/wp\/v2\/comments?post=14215"}],"version-history":[{"count":3,"href":"https:\/\/www.interforce.dk\/en\/wp-json\/wp\/v2\/posts\/14215\/revisions"}],"predecessor-version":[{"id":14220,"href":"https:\/\/www.interforce.dk\/en\/wp-json\/wp\/v2\/posts\/14215\/revisions\/14220"}],"wp:featuredmedia":[{"embeddable":true,"href":"https:\/\/www.interforce.dk\/en\/wp-json\/wp\/v2\/media\/14216"}],"wp:attachment":[{"href":"https:\/\/www.interforce.dk\/en\/wp-json\/wp\/v2\/media?parent=14215"}],"wp:term":[{"taxonomy":"category","embeddable":true,"href":"https:\/\/www.interforce.dk\/en\/wp-json\/wp\/v2\/categories?post=14215"},{"taxonomy":"post_tag","embeddable":true,"href":"https:\/\/www.interforce.dk\/en\/wp-json\/wp\/v2\/tags?post=14215"}],"curies":[{"name":"wp","href":"https:\/\/api.w.org\/{rel}","templated":true}]}}