{"id":1332,"date":"2020-08-24T07:51:57","date_gmt":"2020-08-24T07:51:57","guid":{"rendered":"http:\/\/www.interforce.dk\/?p=1332"},"modified":"2020-08-24T07:51:58","modified_gmt":"2020-08-24T07:51:58","slug":"direktoer-tog-orlov-for-at-blive-generalens-stedfortraeder","status":"publish","type":"post","link":"https:\/\/www.interforce.dk\/en\/direktoer-tog-orlov-for-at-blive-generalens-stedfortraeder\/","title":{"rendered":"DIREKT\u00d8R TOG ORLOV FOR AT  blive generalens stedfortr\u00e6der"},"content":{"rendered":"<div class=\"block core-block core-block--paragraph\">\n      <div class=\"inner inner--small\">\n      \n<p><strong>HedeDanmark A\/S\u2019 kunde- og udviklingschef trak i uniformen i et \u00e5r, da H\u00e6rens skarpeste brigade stod og manglede en n\u00e6stkommanderende.<\/strong><\/p>\n\n      <\/div>\n  <\/div>\n<div class=\"block core-block core-block--paragraph\">\n      <div class=\"inner inner--small\">\n      \n<p>&nbsp;Af Morten Fredslund<\/p>\n\n      <\/div>\n  <\/div>\n<div class=\"block core-block core-block--image align-center\">\n      <div class=\"inner inner--small\">\n      \n<div class=\"wp-block-image\"><figure class=\"aligncenter size-large\"><img loading=\"lazy\" decoding=\"async\" width=\"683\" height=\"1024\" src=\"\/app\/uploads\/2020\/02\/D59B7705-683x1024.jpg\" alt=\"\" class=\"wp-image-1333\" srcset=\"https:\/\/www.interforce.dk\/app\/uploads\/2020\/02\/D59B7705-683x1024.jpg 683w, https:\/\/www.interforce.dk\/app\/uploads\/2020\/02\/D59B7705-200x300.jpg 200w, https:\/\/www.interforce.dk\/app\/uploads\/2020\/02\/D59B7705-768x1152.jpg 768w, https:\/\/www.interforce.dk\/app\/uploads\/2020\/02\/D59B7705-1024x1536.jpg 1024w, https:\/\/www.interforce.dk\/app\/uploads\/2020\/02\/D59B7705-1365x2048.jpg 1365w, https:\/\/www.interforce.dk\/app\/uploads\/2020\/02\/D59B7705-scaled.jpg 1707w\" sizes=\"auto, (max-width: 683px) 100vw, 683px\" \/><figcaption> Direkt\u00f8r i HedeDanmark A\/S og oberstl\u00f8jtnant af reserven, Michael Glud var i 11 m\u00e5neder n\u00e6stkommanderende i 1. Brigade. <br>Foto: Morten Fredslund <\/figcaption><\/figure><\/div>\n\n      <\/div>\n  <\/div>\n<div class=\"block core-block core-block--paragraph\">\n      <div class=\"inner inner--small\">\n      \n<p>\u00bbP\u00e5\ndet operative plan tr\u00e5dte jeg bare ind og udfyldte rollen qua mine mange\nuddannelser og lange karriere som reserveofficer. Men i forhold til den daglige\nforvaltning, sagsbehandling og administration, som man k\u00f8rer i Forsvaret, stod\njeg pludselig som den dumme i klassen. Det var meget interessant og l\u00e6rerigt i\nen alder af 58 \u00e5r.\u00ab<\/p>\n\n      <\/div>\n  <\/div>\n<div class=\"block core-block core-block--paragraph\">\n      <div class=\"inner inner--small\">\n      \n<p>Det\nfort\u00e6ller Michael Glud, efter han i 11 m\u00e5neder har v\u00e6ret ansat som\nn\u00e6stkommanderende i 1. Brigade, der kaldes \u201dH\u00e6rens Knytn\u00e6ve\u201d, og i dag t\u00e6ller\n3.000 soldater.<\/p>\n\n      <\/div>\n  <\/div>\n<div class=\"block core-block core-block--paragraph\">\n      <div class=\"inner inner--small\">\n      \n<p>Michael\nGlud har v\u00e6ret reserveofficer siden 1980 og har i dag rang af oberstl\u00f8jtnant af\nreserven. Til n\u00e6ste \u00e5r har han 25-\u00e5rs jubil\u00e6um i HedeDanmark, hvor han\ntidligere har v\u00e6ret divisionsdirekt\u00f8r og siden 2012 har v\u00e6ret kunde- og\nudviklingschef i koncernens skovbrugsdivision. <\/p>\n\n      <\/div>\n  <\/div>\n<div class=\"block core-block core-block--paragraph\">\n      <div class=\"inner inner--small\">\n      \n<p>\u00bbDa\nbrigadegeneral Henrik Lyhne f\u00f8rste gang spurgte mig, om jeg kunne t\u00e6nke mig at\nblive hans n\u00e6stkommanderende, var jeg ret skeptisk. For umiddelbart havde jeg\nikke lyst til at skifte mit gode, faste job i HedeDanmark ud med en stilling i\nH\u00e6ren, hvor man jo pensioneres som 60-\u00e5rig. S\u00e5 jeg sagde p\u00e6nt nej tak, selv om\njobtilbuddet l\u00f8d fristende,\u00ab siger Michael Glud.<\/p>\n\n      <\/div>\n  <\/div>\n<div class=\"block core-block core-block--paragraph\">\n      <div class=\"inner inner--small\">\n      \n<p><strong>Satte navn p\u00e5 opgaver<\/strong><\/p>\n\n      <\/div>\n  <\/div>\n<div class=\"block core-block core-block--paragraph\">\n      <div class=\"inner inner--small\">\n      \n<p>Det\nvar da brigadens dav\u00e6rende n\u00e6stkommanderende blev udstationeret i Estland, at\nder pludselig opstod et hul p\u00e5 den \u00f8verste hylde i brigadens stab. Som\nn\u00e6stkommanderende skal man kunne overtage den skarpe, operative ledelse og\nf\u00f8ring af brigaden, hvis brigadechefen f\u00e5r forfald.<\/p>\n\n      <\/div>\n  <\/div>\n<div class=\"block core-block core-block--paragraph\">\n      <div class=\"inner inner--small\">\n      \n<p>\u00bbBrigadechefen\nvendte tilbage efter et par m\u00e5neder og spurgte, hvordan det ville se ud, hvis\nstillingen blev tidsbegr\u00e6nset til et \u00e5rs tid. Og s\u00e5 var sagen jo en anden. Det\nskulle dog klappes af i b\u00e5de H\u00e6ren, i min familie og ikke mindst hos min\narbejdsgiver,\u00ab siger Michael Glud. <\/p>\n\n      <\/div>\n  <\/div>\n<div class=\"block core-block core-block--paragraph\">\n      <div class=\"inner inner--small\">\n      \n<p>Inden\nhan bankede p\u00e5 d\u00f8ren til hj\u00f8rnekontoret, lavede han en plan med en oversigt\nover alle kommende opgaver, med navn p\u00e5, hvem der skulle klare hvad i hans\nfrav\u00e6r, og hvilke projekter, der kunne udskydes et \u00e5r til, at Michael ville\nv\u00e6re retur igen. <\/p>\n\n      <\/div>\n  <\/div>\n<div class=\"block core-block core-block--paragraph\">\n      <div class=\"inner inner--small\">\n      \n<p>\u00bbJeg\nfortalte min chef, at det ville v\u00e6re b\u00e5de udfordrende og sp\u00e6ndende at pr\u00f8ve\nnoget nyt i et \u00e5r. Og at jeg var overbevist om, at HedeDanmark ville opleve at\nf\u00e5 en medarbejder tilbage, der har f\u00e5et masser af ny inspiration og ny energi\naf at have pr\u00f8vet noget helt andet i et \u00e5r. Og s\u00e5 viste jeg ham planen for,\nhvordan det skulle fungere i det \u00e5r, jeg ville v\u00e6re v\u00e6k, og sagde: Det er jo\nikke mig, der bestemmer, hvordan I vil g\u00f8re, n\u00e5r jeg ikke er her, men her har\njeg et forslag til, hvordan I kan h\u00e5ndtere det,\u00ab fort\u00e6ller Michael Glud. <\/p>\n\n      <\/div>\n  <\/div>\n<div class=\"block core-block core-block--paragraph\">\n      <div class=\"inner inner--small\">\n      \n<p><strong>En vigtig brigade \u2013 en vigtig samfundsopgave<\/strong><\/p>\n\n      <\/div>\n  <\/div>\n<div class=\"block core-block core-block--paragraph\">\n      <div class=\"inner inner--small\">\n      \n<p>Han\nstillede ogs\u00e5 en betingelse op om, at hvis han fik ja, s\u00e5 skulle der ogs\u00e5 v\u00e6re\nen garanti for, at han kunne vende tilbage til samme position efterf\u00f8lgende.<\/p>\n\n      <\/div>\n  <\/div>\n<div class=\"block core-block core-block--paragraph\">\n      <div class=\"inner inner--small\">\n      \n<p>\u00bbDen\ngaranti fik jeg. Og min direkt\u00f8r l\u00e6nede sig ind over bordet: Den der nye\nbrigade, den er vel vigtig \u2013 er den ikke? Jo. Jame,n s\u00e5 skal vi da ogs\u00e5 kunne\ndet her. Det er jo en samfundsopgave at f\u00e5 den brigade til at fungere,\u00ab husker\nMichael Glud.<\/p>\n\n      <\/div>\n  <\/div>\n<div class=\"block core-block core-block--paragraph\">\n      <div class=\"inner inner--small\">\n      \n<p>Det\nseneste forsvarsforlig dikterer opbygningen af 1. Brigade i en ny og mere\nslagkraftig udgave, som H\u00e6rens spydspids, der kan stilles til r\u00e5dighed for NATO\nmed kort varsel. Opbygningen er i fuld gang og skal v\u00e6re gennemf\u00f8rt i 2023. Til\nden tid vil brigaden best\u00e5 af 4.000 soldater, hvoraf op til 1.000 hentes fra\nReservestyrken. Brigaden har alle h\u00e6rens v\u00e5benarter i sig og skal kunne\ndeployeres og k\u00e6mpe selvst\u00e6ndigt over en l\u00e6ngere periode. I sin nye form skal\n1. Brigade p\u00e5 anmodning fra FN eller NATO selvst\u00e6ndigt kunne gennemf\u00f8re Artikel\n5-operationer \u2013 det vil sige alle deciderede offensive og defensive kamp-<br>\nopgaver. <\/p>\n\n      <\/div>\n  <\/div>\n<div class=\"block core-block core-block--paragraph\">\n      <div class=\"inner inner--small\">\n      \n<p>Brigadens\nn\u00e6stkommanderende bliver typisk brugt i de udadvendte funktioner som kontakt\ntil de lokale myndigheder og politiet, samtaler med lokale borgmestre, f\u00e5\nreddet ting ud for at f\u00e5 skabt de rigtige rammer om faciliteter, mens chefen\nkan koncentrere sig om det operative. Men hvis chefen f\u00e5r forfald, skal\nn\u00e6stkommanderende overtage, s\u00e5 der var tale om en skarp, operativ funktion. Men\ndet skr\u00e6mte ikke Michael Glud. <\/p>\n\n      <\/div>\n  <\/div>\n<div class=\"block core-block core-block--paragraph\">\n      <div class=\"inner inner--small\">\n      \n<p><strong>Ud af de trygge rammer<\/strong><\/p>\n\n      <\/div>\n  <\/div>\n<div class=\"block core-block core-block--paragraph\">\n      <div class=\"inner inner--small\">\n      \n<p>\u00bbJeg\nhar l\u00f8bende taget alle de uddannelser og kurser, som man tidligere tilb\u00f8d\nreserveofficerer. Desuden har jeg v\u00e6ret tilknyttet 1. Brigade siden 2006 og har\naltid haft operative stillinger \u2013 blandt andet som vagtchef i\noperationscentret, som ogs\u00e5 var den stilling, jeg havde, da jeg valgte at blive\nudsendt til Afghanistan i tre m\u00e5neder i 2009. S\u00e5 jeg har hele tiden f\u00f8lt mig\ngodt kl\u00e6dt p\u00e5 til den operative opgave som n\u00e6stkommanderende,\u00ab siger Michael\nGlud og tilf\u00f8jer: <\/p>\n\n      <\/div>\n  <\/div>\n<div class=\"block core-block core-block--paragraph\">\n      <div class=\"inner inner--small\">\n      \n<p>\u00bbMen\ndet kneb mere med forvaltningsdelen. Jeg havde jo ikke netv\u00e6rket, som andre, og\nkendte ikke arbejdsgangene og procedurerne. S\u00e5 her var jeg sv\u00e6rt udfordret, og\ndet tog mig tre m\u00e5neder at s\u00e6tte mig ordentligt ind i, hvordan det her\nfungerer,\u00ab siger Michael Glud, der fungerede som n\u00e6stkommanderende i 1. Brigade\nfra februar til december sidste \u00e5r. <\/p>\n\n      <\/div>\n  <\/div>\n<div class=\"block core-block core-block--paragraph\">\n      <div class=\"inner inner--small\">\n      \n<p>\u00bbPersonligt\nvar det en fantastisk stor oplevelse. Is\u00e6r fordi jeg i HedeDanmark var en af de\nallermest erfarne. Jeg vidste jo stort set alt, og var der nogen, der kom i\ntvivl om noget, kom de og spurgte mig. Men nu vendte situationen sig lige\npludselig til, at det var mig, der ikke vidste en dyt om noget. Og det var\nfaktisk en ret sund \u00f8velse at blive taget ud af sine trygge rammer og placeret\net sted, hvor jeg intet anede om forvaltning og sagsbehandling og derfor m\u00e5tte\nsp\u00f8rge og pr\u00f8ve mig frem i en lang periode,\u00ab siger Michael Glud. <\/p>\n\n      <\/div>\n  <\/div>\n<div class=\"block core-block core-block--paragraph\">\n      <div class=\"inner inner--small\">\n      \n<p><strong>Ogs\u00e5 godt for firmaet<\/strong><\/p>\n\n      <\/div>\n  <\/div>\n<div class=\"block core-block core-block--paragraph\">\n      <div class=\"inner inner--small\">\n      \n<p>Han\ner nu vendt tilbage til sin tidligere funktion som chef for 1. Brigades\nreservepersonel og leder af en sektion med forbindelsesofficerer. Og jobbet som\nkunde- og udviklingschef stod som aftalt klar, da han vendte tilbage til\nHedeDanmark ved \u00e5rsskiftet. <\/p>\n\n      <\/div>\n  <\/div>\n<div class=\"block core-block core-block--paragraph\">\n      <div class=\"inner inner--small\">\n      \n<p>\u00bbNogle\nvar overraskede over at se mig komme tilbage. De ved godt, at mit hjerte ogs\u00e5\nbanker for opgaven som soldat, s\u00e5 de troede, at jeg blev i Forsvaret. Men der\nl\u00e5 jo en klar aftale med b\u00e5de Forsvaret og min arbejdsplads. Og nu er jeg vendt\ntilbage med helt ny energi. Det har v\u00e6ret sundt at st\u00e5 udenfor og kigge ind \u2013\nman f\u00e5r et helt andet kritisk \u00f8je og ideer til, hvordan man kan l\u00f8se opgaverne\np\u00e5 en anden m\u00e5de,\u00ab siger Michael Glud, og tilf\u00f8jer:<\/p>\n\n      <\/div>\n  <\/div>\n<div class=\"block core-block core-block--paragraph\">\n      <div class=\"inner inner--small\">\n      \n<p>\u00bbI HedeDanmark har man en grundl\u00e6ggende holdning til, at det her, det skal vi kunne. Og man har et samfundsansvar. Men det handler ogs\u00e5 om ens egen tilgang. Jeg f\u00f8ler mig godt tilpas i uniform og godt tilpas i H\u00e6ren, og jeg har over for min virksomhed aldrig nogensinde efterladt tvivl om, at det her, det vil jeg tre-fire uger om \u00e5ret. Til geng\u00e6ld har jeg v\u00e6ret p\u00e5 meget f\u00e5 kurser og efteruddannelse i den civile verden.Det milit\u00e6re giver mig energi, det giver mig br\u00e6ndstof og ny inspiration, som virksomheden ogs\u00e5 h\u00f8ster af. Det er en god id\u00e9 for alle parter, og jeg synes godt man kan v\u00e6re lidt modig og p\u00e5g\u00e5ende og sige til ens chef: Jeg g\u00f8r det her, men jeg g\u00f8r det ogs\u00e5, fordi det er godt for firmaet. Og ja, du skal undv\u00e6re mig en uge, men du f\u00e5r mere af mig tilbage igen.\u00ab <br><br><em>Denne artikel blev f\u00f8rste gang bragt i <a href=\"https:\/\/www.interforce.dk\/en\/magasin-arkiv\/\">InterForce News 2019\/3<\/a><\/em><\/p>\n\n      <\/div>\n  <\/div>","protected":false},"excerpt":{"rendered":"En vigtig samfundsopgave...","protected":false},"author":4,"featured_media":1333,"comment_status":"closed","ping_status":"closed","sticky":false,"template":"","format":"standard","meta":{"_acf_changed":false,"footnotes":""},"categories":[56,18],"tags":[],"class_list":["post-1332","post","type-post","status-publish","format-standard","has-post-thumbnail","hentry","category-erhvervsliv","category-army"],"acf":[],"yoast_head":"<!-- This site is optimized with the Yoast SEO plugin v27.3 - https:\/\/yoast.com\/product\/yoast-seo-wordpress\/ -->\n<title>DIREKT\u00d8R TOG ORLOV FOR AT blive generalens stedfortr\u00e6der - InterForce<\/title>\n<meta name=\"robots\" content=\"index, follow, max-snippet:-1, max-image-preview:large, max-video-preview:-1\" \/>\n<link rel=\"canonical\" href=\"https:\/\/www.interforce.dk\/en\/direktoer-tog-orlov-for-at-blive-generalens-stedfortraeder\/\" \/>\n<meta property=\"og:locale\" content=\"en_GB\" \/>\n<meta property=\"og:type\" content=\"article\" \/>\n<meta property=\"og:title\" content=\"DIREKT\u00d8R TOG ORLOV FOR AT blive generalens stedfortr\u00e6der - InterForce\" \/>\n<meta property=\"og:description\" content=\"En vigtig samfundsopgave\" \/>\n<meta property=\"og:url\" content=\"https:\/\/www.interforce.dk\/en\/direktoer-tog-orlov-for-at-blive-generalens-stedfortraeder\/\" \/>\n<meta property=\"og:site_name\" content=\"InterForce\" \/>\n<meta property=\"article:published_time\" content=\"2020-08-24T07:51:57+00:00\" \/>\n<meta property=\"article:modified_time\" content=\"2020-08-24T07:51:58+00:00\" \/>\n<meta property=\"og:image\" content=\"https:\/\/www.interforce.dk\/app\/uploads\/2020\/02\/D59B7705-scaled.jpg\" \/>\n\t<meta property=\"og:image:width\" content=\"1707\" \/>\n\t<meta property=\"og:image:height\" content=\"2560\" \/>\n\t<meta property=\"og:image:type\" content=\"image\/jpeg\" \/>\n<meta name=\"author\" content=\"Morten Fredslund\" \/>\n<meta name=\"twitter:card\" content=\"summary_large_image\" \/>\n<meta name=\"twitter:label1\" content=\"Written by\" \/>\n\t<meta name=\"twitter:data1\" content=\"Morten Fredslund\" \/>\n\t<meta name=\"twitter:label2\" content=\"Est. reading time\" \/>\n\t<meta name=\"twitter:data2\" content=\"7 minutes\" \/>\n<script type=\"application\/ld+json\" class=\"yoast-schema-graph\">{\"@context\":\"https:\\\/\\\/schema.org\",\"@graph\":[{\"@type\":\"Article\",\"@id\":\"https:\\\/\\\/www.interforce.dk\\\/en\\\/direktoer-tog-orlov-for-at-blive-generalens-stedfortraeder\\\/#article\",\"isPartOf\":{\"@id\":\"https:\\\/\\\/www.interforce.dk\\\/en\\\/direktoer-tog-orlov-for-at-blive-generalens-stedfortraeder\\\/\"},\"author\":{\"name\":\"Morten Fredslund\",\"@id\":\"https:\\\/\\\/www.interforce.dk\\\/#\\\/schema\\\/person\\\/5477512a00e03f11d143b8bb3eb2eb90\"},\"headline\":\"DIREKT\u00d8R TOG ORLOV FOR AT blive generalens stedfortr\u00e6der\",\"datePublished\":\"2020-08-24T07:51:57+00:00\",\"dateModified\":\"2020-08-24T07:51:58+00:00\",\"mainEntityOfPage\":{\"@id\":\"https:\\\/\\\/www.interforce.dk\\\/en\\\/direktoer-tog-orlov-for-at-blive-generalens-stedfortraeder\\\/\"},\"wordCount\":1359,\"image\":{\"@id\":\"https:\\\/\\\/www.interforce.dk\\\/en\\\/direktoer-tog-orlov-for-at-blive-generalens-stedfortraeder\\\/#primaryimage\"},\"thumbnailUrl\":\"https:\\\/\\\/www.interforce.dk\\\/app\\\/uploads\\\/2020\\\/02\\\/D59B7705-scaled.jpg\",\"articleSection\":[\"Erhvervsliv\",\"H\u00e6ren\"],\"inLanguage\":\"en-GB\"},{\"@type\":\"WebPage\",\"@id\":\"https:\\\/\\\/www.interforce.dk\\\/en\\\/direktoer-tog-orlov-for-at-blive-generalens-stedfortraeder\\\/\",\"url\":\"https:\\\/\\\/www.interforce.dk\\\/en\\\/direktoer-tog-orlov-for-at-blive-generalens-stedfortraeder\\\/\",\"name\":\"DIREKT\u00d8R TOG ORLOV FOR AT blive generalens stedfortr\u00e6der - InterForce\",\"isPartOf\":{\"@id\":\"https:\\\/\\\/www.interforce.dk\\\/#website\"},\"primaryImageOfPage\":{\"@id\":\"https:\\\/\\\/www.interforce.dk\\\/en\\\/direktoer-tog-orlov-for-at-blive-generalens-stedfortraeder\\\/#primaryimage\"},\"image\":{\"@id\":\"https:\\\/\\\/www.interforce.dk\\\/en\\\/direktoer-tog-orlov-for-at-blive-generalens-stedfortraeder\\\/#primaryimage\"},\"thumbnailUrl\":\"https:\\\/\\\/www.interforce.dk\\\/app\\\/uploads\\\/2020\\\/02\\\/D59B7705-scaled.jpg\",\"datePublished\":\"2020-08-24T07:51:57+00:00\",\"dateModified\":\"2020-08-24T07:51:58+00:00\",\"author\":{\"@id\":\"https:\\\/\\\/www.interforce.dk\\\/#\\\/schema\\\/person\\\/5477512a00e03f11d143b8bb3eb2eb90\"},\"breadcrumb\":{\"@id\":\"https:\\\/\\\/www.interforce.dk\\\/en\\\/direktoer-tog-orlov-for-at-blive-generalens-stedfortraeder\\\/#breadcrumb\"},\"inLanguage\":\"en-GB\",\"potentialAction\":[{\"@type\":\"ReadAction\",\"target\":[\"https:\\\/\\\/www.interforce.dk\\\/en\\\/direktoer-tog-orlov-for-at-blive-generalens-stedfortraeder\\\/\"]}]},{\"@type\":\"ImageObject\",\"inLanguage\":\"en-GB\",\"@id\":\"https:\\\/\\\/www.interforce.dk\\\/en\\\/direktoer-tog-orlov-for-at-blive-generalens-stedfortraeder\\\/#primaryimage\",\"url\":\"https:\\\/\\\/www.interforce.dk\\\/app\\\/uploads\\\/2020\\\/02\\\/D59B7705-scaled.jpg\",\"contentUrl\":\"https:\\\/\\\/www.interforce.dk\\\/app\\\/uploads\\\/2020\\\/02\\\/D59B7705-scaled.jpg\",\"width\":1707,\"height\":2560},{\"@type\":\"BreadcrumbList\",\"@id\":\"https:\\\/\\\/www.interforce.dk\\\/en\\\/direktoer-tog-orlov-for-at-blive-generalens-stedfortraeder\\\/#breadcrumb\",\"itemListElement\":[{\"@type\":\"ListItem\",\"position\":1,\"name\":\"Hjem\",\"item\":\"https:\\\/\\\/www.interforce.dk\\\/\"},{\"@type\":\"ListItem\",\"position\":2,\"name\":\"DIREKT\u00d8R TOG ORLOV FOR AT blive generalens stedfortr\u00e6der\"}]},{\"@type\":\"WebSite\",\"@id\":\"https:\\\/\\\/www.interforce.dk\\\/#website\",\"url\":\"https:\\\/\\\/www.interforce.dk\\\/\",\"name\":\"InterForce\",\"description\":\"\",\"potentialAction\":[{\"@type\":\"SearchAction\",\"target\":{\"@type\":\"EntryPoint\",\"urlTemplate\":\"https:\\\/\\\/www.interforce.dk\\\/?s={search_term_string}\"},\"query-input\":{\"@type\":\"PropertyValueSpecification\",\"valueRequired\":true,\"valueName\":\"search_term_string\"}}],\"inLanguage\":\"en-GB\"},{\"@type\":\"Person\",\"@id\":\"https:\\\/\\\/www.interforce.dk\\\/#\\\/schema\\\/person\\\/5477512a00e03f11d143b8bb3eb2eb90\",\"name\":\"Morten Fredslund\",\"image\":{\"@type\":\"ImageObject\",\"inLanguage\":\"en-GB\",\"@id\":\"https:\\\/\\\/secure.gravatar.com\\\/avatar\\\/67a6005c62149980e771e9a43b3cd6a4384c966c10c03c2641da6ea4f52fb6b8?s=96&d=mm&r=g\",\"url\":\"https:\\\/\\\/secure.gravatar.com\\\/avatar\\\/67a6005c62149980e771e9a43b3cd6a4384c966c10c03c2641da6ea4f52fb6b8?s=96&d=mm&r=g\",\"contentUrl\":\"https:\\\/\\\/secure.gravatar.com\\\/avatar\\\/67a6005c62149980e771e9a43b3cd6a4384c966c10c03c2641da6ea4f52fb6b8?s=96&d=mm&r=g\",\"caption\":\"Morten Fredslund\"},\"url\":\"https:\\\/\\\/www.interforce.dk\\\/en\\\/author\\\/morten-fredslund\\\/\"}]}<\/script>\n<!-- \/ Yoast SEO plugin. -->","yoast_head_json":{"title":"DIREKT\u00d8R TOG ORLOV FOR AT blive generalens stedfortr\u00e6der - InterForce","robots":{"index":"index","follow":"follow","max-snippet":"max-snippet:-1","max-image-preview":"max-image-preview:large","max-video-preview":"max-video-preview:-1"},"canonical":"https:\/\/www.interforce.dk\/en\/direktoer-tog-orlov-for-at-blive-generalens-stedfortraeder\/","og_locale":"en_GB","og_type":"article","og_title":"DIREKT\u00d8R TOG ORLOV FOR AT blive generalens stedfortr\u00e6der - InterForce","og_description":"En vigtig samfundsopgave","og_url":"https:\/\/www.interforce.dk\/en\/direktoer-tog-orlov-for-at-blive-generalens-stedfortraeder\/","og_site_name":"InterForce","article_published_time":"2020-08-24T07:51:57+00:00","article_modified_time":"2020-08-24T07:51:58+00:00","og_image":[{"width":1707,"height":2560,"url":"https:\/\/www.interforce.dk\/app\/uploads\/2020\/02\/D59B7705-scaled.jpg","type":"image\/jpeg"}],"author":"Morten Fredslund","twitter_card":"summary_large_image","twitter_misc":{"Written by":"Morten Fredslund","Est. reading time":"7 minutes"},"schema":{"@context":"https:\/\/schema.org","@graph":[{"@type":"Article","@id":"https:\/\/www.interforce.dk\/en\/direktoer-tog-orlov-for-at-blive-generalens-stedfortraeder\/#article","isPartOf":{"@id":"https:\/\/www.interforce.dk\/en\/direktoer-tog-orlov-for-at-blive-generalens-stedfortraeder\/"},"author":{"name":"Morten Fredslund","@id":"https:\/\/www.interforce.dk\/#\/schema\/person\/5477512a00e03f11d143b8bb3eb2eb90"},"headline":"DIREKT\u00d8R TOG ORLOV FOR AT blive generalens stedfortr\u00e6der","datePublished":"2020-08-24T07:51:57+00:00","dateModified":"2020-08-24T07:51:58+00:00","mainEntityOfPage":{"@id":"https:\/\/www.interforce.dk\/en\/direktoer-tog-orlov-for-at-blive-generalens-stedfortraeder\/"},"wordCount":1359,"image":{"@id":"https:\/\/www.interforce.dk\/en\/direktoer-tog-orlov-for-at-blive-generalens-stedfortraeder\/#primaryimage"},"thumbnailUrl":"https:\/\/www.interforce.dk\/app\/uploads\/2020\/02\/D59B7705-scaled.jpg","articleSection":["Erhvervsliv","H\u00e6ren"],"inLanguage":"en-GB"},{"@type":"WebPage","@id":"https:\/\/www.interforce.dk\/en\/direktoer-tog-orlov-for-at-blive-generalens-stedfortraeder\/","url":"https:\/\/www.interforce.dk\/en\/direktoer-tog-orlov-for-at-blive-generalens-stedfortraeder\/","name":"DIREKT\u00d8R TOG ORLOV FOR AT blive generalens stedfortr\u00e6der - InterForce","isPartOf":{"@id":"https:\/\/www.interforce.dk\/#website"},"primaryImageOfPage":{"@id":"https:\/\/www.interforce.dk\/en\/direktoer-tog-orlov-for-at-blive-generalens-stedfortraeder\/#primaryimage"},"image":{"@id":"https:\/\/www.interforce.dk\/en\/direktoer-tog-orlov-for-at-blive-generalens-stedfortraeder\/#primaryimage"},"thumbnailUrl":"https:\/\/www.interforce.dk\/app\/uploads\/2020\/02\/D59B7705-scaled.jpg","datePublished":"2020-08-24T07:51:57+00:00","dateModified":"2020-08-24T07:51:58+00:00","author":{"@id":"https:\/\/www.interforce.dk\/#\/schema\/person\/5477512a00e03f11d143b8bb3eb2eb90"},"breadcrumb":{"@id":"https:\/\/www.interforce.dk\/en\/direktoer-tog-orlov-for-at-blive-generalens-stedfortraeder\/#breadcrumb"},"inLanguage":"en-GB","potentialAction":[{"@type":"ReadAction","target":["https:\/\/www.interforce.dk\/en\/direktoer-tog-orlov-for-at-blive-generalens-stedfortraeder\/"]}]},{"@type":"ImageObject","inLanguage":"en-GB","@id":"https:\/\/www.interforce.dk\/en\/direktoer-tog-orlov-for-at-blive-generalens-stedfortraeder\/#primaryimage","url":"https:\/\/www.interforce.dk\/app\/uploads\/2020\/02\/D59B7705-scaled.jpg","contentUrl":"https:\/\/www.interforce.dk\/app\/uploads\/2020\/02\/D59B7705-scaled.jpg","width":1707,"height":2560},{"@type":"BreadcrumbList","@id":"https:\/\/www.interforce.dk\/en\/direktoer-tog-orlov-for-at-blive-generalens-stedfortraeder\/#breadcrumb","itemListElement":[{"@type":"ListItem","position":1,"name":"Hjem","item":"https:\/\/www.interforce.dk\/"},{"@type":"ListItem","position":2,"name":"DIREKT\u00d8R TOG ORLOV FOR AT blive generalens stedfortr\u00e6der"}]},{"@type":"WebSite","@id":"https:\/\/www.interforce.dk\/#website","url":"https:\/\/www.interforce.dk\/","name":"InterForce","description":"","potentialAction":[{"@type":"SearchAction","target":{"@type":"EntryPoint","urlTemplate":"https:\/\/www.interforce.dk\/?s={search_term_string}"},"query-input":{"@type":"PropertyValueSpecification","valueRequired":true,"valueName":"search_term_string"}}],"inLanguage":"en-GB"},{"@type":"Person","@id":"https:\/\/www.interforce.dk\/#\/schema\/person\/5477512a00e03f11d143b8bb3eb2eb90","name":"Morten Fredslund","image":{"@type":"ImageObject","inLanguage":"en-GB","@id":"https:\/\/secure.gravatar.com\/avatar\/67a6005c62149980e771e9a43b3cd6a4384c966c10c03c2641da6ea4f52fb6b8?s=96&d=mm&r=g","url":"https:\/\/secure.gravatar.com\/avatar\/67a6005c62149980e771e9a43b3cd6a4384c966c10c03c2641da6ea4f52fb6b8?s=96&d=mm&r=g","contentUrl":"https:\/\/secure.gravatar.com\/avatar\/67a6005c62149980e771e9a43b3cd6a4384c966c10c03c2641da6ea4f52fb6b8?s=96&d=mm&r=g","caption":"Morten Fredslund"},"url":"https:\/\/www.interforce.dk\/en\/author\/morten-fredslund\/"}]}},"_links":{"self":[{"href":"https:\/\/www.interforce.dk\/en\/wp-json\/wp\/v2\/posts\/1332","targetHints":{"allow":["GET"]}}],"collection":[{"href":"https:\/\/www.interforce.dk\/en\/wp-json\/wp\/v2\/posts"}],"about":[{"href":"https:\/\/www.interforce.dk\/en\/wp-json\/wp\/v2\/types\/post"}],"author":[{"embeddable":true,"href":"https:\/\/www.interforce.dk\/en\/wp-json\/wp\/v2\/users\/4"}],"replies":[{"embeddable":true,"href":"https:\/\/www.interforce.dk\/en\/wp-json\/wp\/v2\/comments?post=1332"}],"version-history":[{"count":0,"href":"https:\/\/www.interforce.dk\/en\/wp-json\/wp\/v2\/posts\/1332\/revisions"}],"wp:featuredmedia":[{"embeddable":true,"href":"https:\/\/www.interforce.dk\/en\/wp-json\/wp\/v2\/media\/1333"}],"wp:attachment":[{"href":"https:\/\/www.interforce.dk\/en\/wp-json\/wp\/v2\/media?parent=1332"}],"wp:term":[{"taxonomy":"category","embeddable":true,"href":"https:\/\/www.interforce.dk\/en\/wp-json\/wp\/v2\/categories?post=1332"},{"taxonomy":"post_tag","embeddable":true,"href":"https:\/\/www.interforce.dk\/en\/wp-json\/wp\/v2\/tags?post=1332"}],"curies":[{"name":"wp","href":"https:\/\/api.w.org\/{rel}","templated":true}]}}