{"id":13178,"date":"2022-11-24T08:14:50","date_gmt":"2022-11-24T08:14:50","guid":{"rendered":"https:\/\/www.interforce.dk\/?p=13178"},"modified":"2022-11-24T08:22:42","modified_gmt":"2022-11-24T08:22:42","slug":"dansker-i-spidsen-for-nrfc","status":"publish","type":"post","link":"https:\/\/www.interforce.dk\/en\/dansker-i-spidsen-for-nrfc\/","title":{"rendered":"Dansker i spidsen for NATOs reservister"},"content":{"rendered":"<div class=\"block core-block core-block--image\">\n      <div class=\"inner inner--small\">\n      \n<figure class=\"wp-block-image size-large\"><img loading=\"lazy\" decoding=\"async\" width=\"1024\" height=\"680\" src=\"https:\/\/www.interforce.dk\/app\/uploads\/2022\/11\/Charlotte-Wetche-1024x680.jpg\" alt=\"Brigadegeneral Charlotte Wetche i spidsen for NATOs reservister\" class=\"wp-image-13183\" srcset=\"https:\/\/www.interforce.dk\/app\/uploads\/2022\/11\/Charlotte-Wetche-1024x680.jpg 1024w, https:\/\/www.interforce.dk\/app\/uploads\/2022\/11\/Charlotte-Wetche-300x199.jpg 300w, https:\/\/www.interforce.dk\/app\/uploads\/2022\/11\/Charlotte-Wetche-768x510.jpg 768w, https:\/\/www.interforce.dk\/app\/uploads\/2022\/11\/Charlotte-Wetche-1536x1020.jpg 1536w, https:\/\/www.interforce.dk\/app\/uploads\/2022\/11\/Charlotte-Wetche-2048x1360.jpg 2048w, https:\/\/www.interforce.dk\/app\/uploads\/2022\/11\/Charlotte-Wetche-16x12.jpg 16w\" sizes=\"auto, (max-width: 1024px) 100vw, 1024px\" \/><figcaption><em>Brigadegeneral Charlotte Wetche st\u00e5r i spidsen for Danmarks formandskab af NRFC, NATOs paraplyorganisation for reservister<\/em><\/figcaption><\/figure>\n\n      <\/div>\n  <\/div>\n<div class=\"block core-block core-block--paragraph\">\n      <div class=\"inner inner--small\">\n      \n<p>De f\u00e6rreste ved det nok. Selv ikke folk, der arbejder i forsvaret. Men NATO har en paraplyorganisation for alle reservisterne i NATOs 30 medlemslande.<\/p>\n\n      <\/div>\n  <\/div>\n<div class=\"block core-block core-block--paragraph\">\n      <div class=\"inner inner--small\">\n      \n<p>Organisationen hedder NRFC, <a href=\"https:\/\/www.act.nato.int\/nrfc\" target=\"_blank\" rel=\"noreferrer noopener\">National Reserve Forces Committee<\/a>. Og da Ruslands invasion af Ukraine pludselig fik mange til at indse, at vi i Vesten i en fart skal styrke vores forsvar, kom der pludselig spotlys p\u00e5 NRFC.<\/p>\n\n      <\/div>\n  <\/div>\n<div class=\"block core-block core-block--paragraph\">\n      <div class=\"inner inner--small\">\n      \n<p>For uden en st\u00e6rk Reserve i alle NATOs medlemslande n\u00e5r vi aldrig de m\u00e5l, vi har sat os ift. at stille med nok soldater til at forsvare os.<\/p>\n\n      <\/div>\n  <\/div>\n<div class=\"block core-block core-block--paragraph\">\n      <div class=\"inner inner--small\">\n      \n<p>Derfor er NRFC-samarbejdet vigtigere end nogensinde f\u00f8r. For vi skal sammen med de andre NATO-medlemslande hurtigt have udvekslet de bedste erfaringer med at opbygge en st\u00e6rk Reserve.<\/p>\n\n      <\/div>\n  <\/div>\n<div class=\"block core-block core-block--heading\">\n      <div class=\"inner inner--small\">\n      \n<h2 class=\"wp-block-heading\">En dansker i spidsen for NRFC<\/h2>\n\n      <\/div>\n  <\/div>\n<div class=\"block core-block core-block--paragraph\">\n      <div class=\"inner inner--small\">\n      \n<p>Dette vidste du sikkert heller ikke: Siden d. 7. juli har Danmark haft formandsskabet af NRFC. Og i front st\u00e5r Charlotte Wetche.<\/p>\n\n      <\/div>\n  <\/div>\n<div class=\"block core-block core-block--paragraph\">\n      <div class=\"inner inner--small\">\n      \n<p>Charlotte har over 30 \u00e5rs arbejdserfaring fra det danske forsvar. Hun har bl.a. v\u00e6ret udsendt til Bosnien og Afghanistan, og i 2018 var hun dansk styrkechef i Irak. Derudover stod hun i spidsen for evakueringsmissionen i Afghanistan. Der, hvor forsvaret var med til at evakuere ca. 1.000 personer fra Kabul og Islamabad, efter at Taliban havde overtaget magten.<\/p>\n\n      <\/div>\n  <\/div>\n<div class=\"block core-block core-block--image\">\n      <div class=\"inner inner--small\">\n      \n<figure class=\"wp-block-image size-large\"><img loading=\"lazy\" decoding=\"async\" width=\"1024\" height=\"683\" src=\"https:\/\/www.interforce.dk\/app\/uploads\/2022\/11\/Charlotte-Wetche-Falck-I-1024x683.jpeg\" alt=\"Charlotte Wetche i spidsen for NATOs reservister\" class=\"wp-image-13181\" srcset=\"https:\/\/www.interforce.dk\/app\/uploads\/2022\/11\/Charlotte-Wetche-Falck-I-1024x683.jpeg 1024w, https:\/\/www.interforce.dk\/app\/uploads\/2022\/11\/Charlotte-Wetche-Falck-I-300x200.jpeg 300w, https:\/\/www.interforce.dk\/app\/uploads\/2022\/11\/Charlotte-Wetche-Falck-I-768x512.jpeg 768w, https:\/\/www.interforce.dk\/app\/uploads\/2022\/11\/Charlotte-Wetche-Falck-I-1536x1024.jpeg 1536w, https:\/\/www.interforce.dk\/app\/uploads\/2022\/11\/Charlotte-Wetche-Falck-I-2048x1365.jpeg 2048w, https:\/\/www.interforce.dk\/app\/uploads\/2022\/11\/Charlotte-Wetche-Falck-I-16x12.jpeg 16w\" sizes=\"auto, (max-width: 1024px) 100vw, 1024px\" \/><figcaption><em>I sit private arbejdsliv er Charlotte Wetche direkt\u00f8r hos Falck<\/em><\/figcaption><\/figure>\n\n      <\/div>\n  <\/div>\n<div class=\"block core-block core-block--paragraph\">\n      <div class=\"inner inner--small\">\n      \n<p>I februar i \u00e5r forlod hun forsvaret og blev direkt\u00f8r hos Falck. Men hun slap ikke forsvaret, for hun forsatte med rang af brigadegeneral i Reserven. Og det er med det udgangspunkt, at hun nu leder Danmarks formandskab af NRFC.<\/p>\n\n      <\/div>\n  <\/div>\n<div class=\"block core-block core-block--paragraph\">\n      <div class=\"inner inner--small\">\n      \n<p>Vi m\u00f8dte hende til en snak om, hvad NRFC er for en st\u00f8rrelse. Og hvad vi kan bruge det danske formandskab til.<\/p>\n\n      <\/div>\n  <\/div>\n<div class=\"block core-block core-block--heading\">\n      <div class=\"inner inner--small\">\n      \n<h2 class=\"wp-block-heading\">Hvilken betydning har det, at vi i Danmark nu har f\u00e5et formandsposten i NRFC?<\/h2>\n\n      <\/div>\n  <\/div>\n<div class=\"block core-block core-block--paragraph\">\n      <div class=\"inner inner--small\">\n      \n<p>&#8220;Det betyder, at vi kan v\u00e6re med til at forme, hvordan NATO ser p\u00e5 Reserven. Og v\u00e6re med til at dele erfaringer om, hvordan man bedst muligt bruger Reserven.<\/p>\n\n      <\/div>\n  <\/div>\n<div class=\"block core-block core-block--paragraph\">\n      <div class=\"inner inner--small\">\n      \n<p>Der er ingen tvivl om, at Reserven kommer til at spille en meget stor rolle i den sikkerhedspolitiske situation, vi st\u00e5r i nu. St\u00f8rre end vi har set siden Murens fald.<\/p>\n\n      <\/div>\n  <\/div>\n<div class=\"block core-block core-block--paragraph\">\n      <div class=\"inner inner--small\">\n      \n<p>Men jeg har selv siddet i NATO fra 2009-14. Og i den tid h\u00f8rte jeg ikke et ord om NRFC. S\u00e5 ogs\u00e5 i NATO-regi har NRFC-komit\u00e9en indtil nu fl\u00f8jet lidt under radaren \u2013 ogs\u00e5 fordi reservens forhold er et nationalt anliggende.&#8221;<\/p>\n\n      <\/div>\n  <\/div>\n<div class=\"block core-block core-block--heading\">\n      <div class=\"inner inner--small\">\n      \n<h2 class=\"wp-block-heading\">Reserven har heller ikke v\u00e6ret s\u00e6rlig synlig i det danske forsvar siden Den kolde krig&#8230;<\/h2>\n\n      <\/div>\n  <\/div>\n<div class=\"block core-block core-block--paragraph\">\n      <div class=\"inner inner--small\">\n      \n<p>&#8220;Nej, pr\u00e6cis. Det skal vi \u00e6ndre p\u00e5 nu!<\/p>\n\n      <\/div>\n  <\/div>\n<div class=\"block core-block core-block--paragraph\">\n      <div class=\"inner inner--small\">\n      \n<p>For vi kan ikke komme udenom, at vi i NATO kan ikke stille med alle de soldater, vi \u00f8nsker, uden at vi tr\u00e6kker p\u00e5 Reserven.<\/p>\n\n      <\/div>\n  <\/div>\n<div class=\"block core-block core-block--paragraph\">\n      <div class=\"inner inner--small\">\n      \n<p>S\u00e5 nu skal vi fra dansk side v\u00e6re med til at bringe Reserven helt frem p\u00e5 dagsordenen i NATO.&#8221;<\/p>\n\n      <\/div>\n  <\/div>\n<div class=\"block core-block core-block--heading\">\n      <div class=\"inner inner--small\">\n      \n<h2 class=\"wp-block-heading\">St\u00e5r de andre NATO-medlemmer med de samme udfordringer som os? Fx med rekruttering af personale til Reserven<\/h2>\n\n      <\/div>\n  <\/div>\n<div class=\"block core-block core-block--paragraph\">\n      <div class=\"inner inner--small\">\n      \n<p>&#8220;Nogle g\u00f8r. Men der er meget store forskelle mellem de forskellige medlemmer.<\/p>\n\n      <\/div>\n  <\/div>\n<div class=\"block core-block core-block--paragraph\">\n      <div class=\"inner inner--small\">\n      \n<p>I nogle landes lovgivning kompenserer man arbejdsgivere \u00f8konomisk for at afgive medarbejdere i kortere eller l\u00e6ngere perioder til Reserven. Og i andre lande st\u00e5r der i loven, at man som virksomhed skal give sine medarbejdere fri, hvis de i en periode bliver indkaldt til Forsvaret.&#8221;<\/p>\n\n      <\/div>\n  <\/div>\n<div class=\"block core-block core-block--paragraph\">\n      <div class=\"inner inner--small\">\n      \n<p>Det sp\u00e6nder meget vidt. Derfor er der en del at l\u00e6re af hinanden.<\/p>\n\n      <\/div>\n  <\/div>\n<div class=\"block core-block core-block--heading\">\n      <div class=\"inner inner--small\">\n      \n<h2 class=\"wp-block-heading\">I Frankrig kan man som fransk statsborger skrive til det franske forsvar, at man vil v\u00e6re reservist. Dagen efter har man svar. Efter en uge har det franske forsvar fundet ud af, hvor du kan indtr\u00e6de. Og inden for en m\u00e5ned er du i gang. S\u00e5 let er det ikke endnu i Danmark, mildt sagt&#8230;<\/h2>\n\n      <\/div>\n  <\/div>\n<div class=\"block core-block core-block--paragraph\">\n      <div class=\"inner inner--small\">\n      \n<p>&#8220;Det ville v\u00e6re fantastisk, hvis vi kunne n\u00e5 derhen her i Danmark. Og jeg ved, at der bliver arbejdet for, at det skal blive lige s\u00e5 let at melde sig som reservist herhjemme.<\/p>\n\n      <\/div>\n  <\/div>\n<div class=\"block core-block core-block--paragraph\">\n      <div class=\"inner inner--small\">\n      \n<p>Det er et stort indsatsomr\u00e5de for Center for Reservestyrken.&#8221;<\/p>\n\n      <\/div>\n  <\/div>\n<div class=\"block core-block core-block--heading\">\n      <div class=\"inner inner--small\">\n      \n<h2 class=\"wp-block-heading\">Det er faktisk ret b\u00f8vlet lige nu at blive reservist i Danmark<\/h2>\n\n      <\/div>\n  <\/div>\n<div class=\"block core-block core-block--paragraph\">\n      <div class=\"inner inner--small\">\n      \n<p>&#8220;Ja.<\/p>\n\n      <\/div>\n  <\/div>\n<div class=\"block core-block core-block--paragraph\">\n      <div class=\"inner inner--small\">\n      \n<p>En af mine gode kollegaer, som jeg var i Afghanistan med, gik ud af Forsvaret for godt 10 \u00e5r siden. Han har nu i otte m\u00e5neder arbejdet p\u00e5 at komme ind p\u00e5 en reservekontrakt. Og der er stadig et stykke vej endnu.<\/p>\n\n      <\/div>\n  <\/div>\n<div class=\"block core-block core-block--paragraph\">\n      <div class=\"inner inner--small\">\n      \n<p>Det skal vi g\u00f8re bedre, og det er ogs\u00e5 et hovedindsatsomr\u00e5de nu.<\/p>\n\n      <\/div>\n  <\/div>\n<div class=\"block core-block core-block--paragraph\">\n      <div class=\"inner inner--small\">\n      \n<p>Sagen er, at vi i en r\u00e6kke \u00e5r ikke rigtig har haft brug for Reserven. Derfor er vores system slet ikke gearet til at f\u00e5 folk s\u00e5 let ind i strukturen, som vi \u00f8nsker det. Men det bliver der som sagt arbejdet h\u00e5rdt p\u00e5 at \u00e6ndre.<\/p>\n\n      <\/div>\n  <\/div>\n<div class=\"block core-block core-block--paragraph\">\n      <div class=\"inner inner--small\">\n      \n<p>Jeg tror, at vi vil se et krav om, at vi v\u00e6kster Reserven markant, n\u00e5r vi f\u00e5r et nyt forsvarsforlig. Og det krav skal vi i det danske forsvar v\u00e6re klar til at kunne im\u00f8dekomme.&#8221;<\/p>\n\n      <\/div>\n  <\/div>\n<div class=\"block core-block core-block--heading\">\n      <div class=\"inner inner--small\">\n      \n<h2 class=\"wp-block-heading\">Vi havde bes\u00f8g af amerikanerne for nylig. Hvorfor kom de?<\/h2>\n\n      <\/div>\n  <\/div>\n<div class=\"block core-block core-block--paragraph\">\n      <div class=\"inner inner--small\">\n      \n<p>&#8220;Vi fik bes\u00f8g af den amerikanske head of delegation fra NRFC, kontreadmiral Richard Rodriguez, som har en baggrund i US Navy Seals.<\/p>\n\n      <\/div>\n  <\/div>\n<div class=\"block core-block core-block--image\">\n      <div class=\"inner inner--small\">\n      \n<figure class=\"wp-block-image size-large\"><img loading=\"lazy\" decoding=\"async\" width=\"683\" height=\"1024\" src=\"https:\/\/www.interforce.dk\/app\/uploads\/2022\/11\/Charlotte-Wetche-og-udenlandsk-delegation-II-683x1024.jpg\" alt=\"OL Bo Stenhuus (NRFC sekretariat), Rear Admiral Richard Rodriguez (dav\u00e6rende US Head of Delegation NRFC og Reserve Vice Director for Joint Force Development, J7, Joint Staff), BG Charlotte Wetche (Chair NRFC), Rear Admiral Donald M. Plummer (nuv\u00e6rende US HoD NRFC), CAPT US Navy Matthew Hawkins\" class=\"wp-image-13180\" srcset=\"https:\/\/www.interforce.dk\/app\/uploads\/2022\/11\/Charlotte-Wetche-og-udenlandsk-delegation-II-683x1024.jpg 683w, https:\/\/www.interforce.dk\/app\/uploads\/2022\/11\/Charlotte-Wetche-og-udenlandsk-delegation-II-200x300.jpg 200w, https:\/\/www.interforce.dk\/app\/uploads\/2022\/11\/Charlotte-Wetche-og-udenlandsk-delegation-II-768x1152.jpg 768w, https:\/\/www.interforce.dk\/app\/uploads\/2022\/11\/Charlotte-Wetche-og-udenlandsk-delegation-II-1024x1536.jpg 1024w, https:\/\/www.interforce.dk\/app\/uploads\/2022\/11\/Charlotte-Wetche-og-udenlandsk-delegation-II-1365x2048.jpg 1365w, https:\/\/www.interforce.dk\/app\/uploads\/2022\/11\/Charlotte-Wetche-og-udenlandsk-delegation-II-8x12.jpg 8w, https:\/\/www.interforce.dk\/app\/uploads\/2022\/11\/Charlotte-Wetche-og-udenlandsk-delegation-II-scaled.jpg 1707w\" sizes=\"auto, (max-width: 683px) 100vw, 683px\" \/><figcaption><em>Fra venstre mod h\u00f8jre: Oberst-l\u00f8jtnavn Bo Stenhuus (NRFC-sekretariatet), Rear Admiral Richard Rodriguez (dav\u00e6rende US Head of Delegation NRFC og Reserve Vice Director for Joint Force Development, J7, Joint Staff), brigadegeneral Charlotte Wetche (Chair NRFC), Rear Admiral Donald M. Plummer (nuv\u00e6rende US HoD NRFC) og CAPT US Navy Matthew Hawkins<\/em><\/figcaption><\/figure>\n\n      <\/div>\n  <\/div>\n<div class=\"block core-block core-block--paragraph\">\n      <div class=\"inner inner--small\">\n      \n<p>Det, admiralen ville, var at h\u00f8re, hvordan vi h\u00e5ndterer Reservens forhold i Danmark \u2013 og s\u00e5 ville han naturligvis ogs\u00e5 gerne give amerikanernes bud p\u00e5 prioriteringen af NRFC-arbejdet under det danske formandskab.<\/p>\n\n      <\/div>\n  <\/div>\n<div class=\"block core-block core-block--paragraph\">\n      <div class=\"inner inner--small\">\n      \n<p>Han var med ude at bes\u00f8ge Fr\u00f8mandskorpset, fordi han jo selv kommer fra Navy Seals. Men ogs\u00e5 fordi vores Specialoperationskommando faktisk allerede har en rigtig god model for anvendelsen af Reserven. B\u00e5de hvad ang\u00e5r J\u00e6gerkorpset og Fr\u00f8mandskorpset.<\/p>\n\n      <\/div>\n  <\/div>\n<div class=\"block core-block core-block--paragraph\">\n      <div class=\"inner inner--small\">\n      \n<p>Begge korps har mange af deres reservister embedded inde i deres enheder af fastansatte. US Navy Seals har samme model, men derudover ogs\u00e5 enheder, der udelukkende er bemandede af reservister. Der er kort sagt mange ligheder mellem, hvordan de og vi g\u00f8r tingene. Og s\u00e5 nogle forskelligheder. Der kan vi l\u00e6re en del af hinanden.<\/p>\n\n      <\/div>\n  <\/div>\n<div class=\"block core-block core-block--paragraph\">\n      <div class=\"inner inner--small\">\n      \n<p>Jeg lagde m\u00e6rke til, at vores Specialoperationskommando noterede sig, at man godt kan have nogle enheder, der udelukkende er bemandede af Reserven. Og bruge dem p\u00e5 en god m\u00e5de. Fx nogle teknologiske kapaciteter, der kan underst\u00f8tte specialenheder med fastansatte.&#8221;<\/p>\n\n      <\/div>\n  <\/div>\n<div class=\"block core-block core-block--heading\">\n      <div class=\"inner inner--small\">\n      \n<h2 class=\"wp-block-heading\">Vi har formandskabet i NRFC i to \u00e5r endnu?<\/h2>\n\n      <\/div>\n  <\/div>\n<div class=\"block core-block core-block--paragraph\">\n      <div class=\"inner inner--small\">\n      \n<p>Ja, indtil sommeren 2024. Derefter overtager holl\u00e6nderne.<\/p>\n\n      <\/div>\n  <\/div>\n<div class=\"block core-block core-block--paragraph\">\n      <div class=\"inner inner--small\">\n      \n<p>S\u00e5 nu skal vi b\u00e5de h\u00f8ste af alle de gode udenlandske erfaringer og selv fors\u00f8ge at g\u00f8re NRFC mere synlig og relevant, s\u00e5 vi p\u00e5virke NATO p\u00e5 bedst mulig m\u00e5de.<\/p>\n\n      <\/div>\n  <\/div>\n<div class=\"block core-block core-block--paragraph\">\n      <div class=\"inner inner--small\">\n      \n<p><\/p>\n\n      <\/div>\n  <\/div>\n<div class=\"block core-block core-block--paragraph\">\n      <div class=\"inner inner--small\">\n      \n<p>L\u00e6s ogs\u00e5: <a href=\"https:\/\/www.interforce.dk\/en\/dramatiske-geopolitiske-udfordringer\/\" target=\"_blank\" rel=\"noreferrer noopener\">&#8216;Dramatiske geopolitiske udfordringer og Danmarks sikkerhed&#8217;<\/a><\/p>\n\n      <\/div>\n  <\/div>","protected":false},"excerpt":{"rendered":"Reserven kommer snart til at spille en langt st\u00f8rre rolle, i hele NATO. En dans...","protected":false},"author":111,"featured_media":13183,"comment_status":"closed","ping_status":"closed","sticky":false,"template":"","format":"standard","meta":{"_acf_changed":false,"footnotes":""},"categories":[8],"tags":[97],"class_list":["post-13178","post","type-post","status-publish","format-standard","has-post-thumbnail","hentry","category-sikkerhedsnyt","tag-interforce"],"acf":[],"yoast_head":"<!-- This site is optimized with the Yoast SEO plugin v27.3 - https:\/\/yoast.com\/product\/yoast-seo-wordpress\/ -->\n<title>Dansker i spidsen for NATOs reservister - InterForce<\/title>\n<meta name=\"description\" content=\"Reserven kommer snart til at spille en langt st\u00f8rre rolle. En dansker leder i disse \u00e5r formandskabet for NRFC, NATOs National Reserve Forces Committee.\" \/>\n<meta name=\"robots\" content=\"index, follow, max-snippet:-1, max-image-preview:large, max-video-preview:-1\" \/>\n<link rel=\"canonical\" href=\"https:\/\/www.interforce.dk\/en\/dansker-i-spidsen-for-nrfc\/\" \/>\n<meta property=\"og:locale\" content=\"en_GB\" \/>\n<meta property=\"og:type\" content=\"article\" \/>\n<meta property=\"og:title\" content=\"Dansker i spidsen for NATOs reservister - InterForce\" \/>\n<meta property=\"og:description\" content=\"Reserven kommer snart til at spille en langt st\u00f8rre rolle. En dansker leder i disse \u00e5r formandskabet for NRFC, NATOs National Reserve Forces Committee.\" \/>\n<meta property=\"og:url\" content=\"https:\/\/www.interforce.dk\/en\/dansker-i-spidsen-for-nrfc\/\" \/>\n<meta property=\"og:site_name\" content=\"InterForce\" \/>\n<meta property=\"article:published_time\" content=\"2022-11-24T08:14:50+00:00\" \/>\n<meta property=\"article:modified_time\" content=\"2022-11-24T08:22:42+00:00\" \/>\n<meta property=\"og:image\" content=\"https:\/\/www.interforce.dk\/app\/uploads\/2022\/11\/Charlotte-Wetche-scaled.jpg\" \/>\n\t<meta property=\"og:image:width\" content=\"2560\" \/>\n\t<meta property=\"og:image:height\" content=\"1701\" \/>\n\t<meta property=\"og:image:type\" content=\"image\/jpeg\" \/>\n<meta name=\"author\" content=\"Simon Staffeldt Schou\" \/>\n<meta name=\"twitter:card\" content=\"summary_large_image\" \/>\n<meta name=\"twitter:label1\" content=\"Written by\" \/>\n\t<meta name=\"twitter:data1\" content=\"Simon Staffeldt Schou\" \/>\n\t<meta name=\"twitter:label2\" content=\"Est. reading time\" \/>\n\t<meta name=\"twitter:data2\" content=\"6 minutes\" \/>\n<script type=\"application\/ld+json\" class=\"yoast-schema-graph\">{\"@context\":\"https:\\\/\\\/schema.org\",\"@graph\":[{\"@type\":\"Article\",\"@id\":\"https:\\\/\\\/www.interforce.dk\\\/dansker-i-spidsen-for-nrfc\\\/#article\",\"isPartOf\":{\"@id\":\"https:\\\/\\\/www.interforce.dk\\\/dansker-i-spidsen-for-nrfc\\\/\"},\"author\":{\"name\":\"Simon Staffeldt Schou\",\"@id\":\"https:\\\/\\\/www.interforce.dk\\\/#\\\/schema\\\/person\\\/3604a2bb29e48048ea484fbfb3703fad\"},\"headline\":\"Dansker i spidsen for NATOs reservister\",\"datePublished\":\"2022-11-24T08:14:50+00:00\",\"dateModified\":\"2022-11-24T08:22:42+00:00\",\"mainEntityOfPage\":{\"@id\":\"https:\\\/\\\/www.interforce.dk\\\/dansker-i-spidsen-for-nrfc\\\/\"},\"wordCount\":1173,\"image\":{\"@id\":\"https:\\\/\\\/www.interforce.dk\\\/dansker-i-spidsen-for-nrfc\\\/#primaryimage\"},\"thumbnailUrl\":\"https:\\\/\\\/www.interforce.dk\\\/app\\\/uploads\\\/2022\\\/11\\\/Charlotte-Wetche-scaled.jpg\",\"keywords\":[\"InterForce\"],\"articleSection\":[\"Sikkerhedsnyt\"],\"inLanguage\":\"en-GB\"},{\"@type\":\"WebPage\",\"@id\":\"https:\\\/\\\/www.interforce.dk\\\/dansker-i-spidsen-for-nrfc\\\/\",\"url\":\"https:\\\/\\\/www.interforce.dk\\\/dansker-i-spidsen-for-nrfc\\\/\",\"name\":\"Dansker i spidsen for NATOs reservister - InterForce\",\"isPartOf\":{\"@id\":\"https:\\\/\\\/www.interforce.dk\\\/#website\"},\"primaryImageOfPage\":{\"@id\":\"https:\\\/\\\/www.interforce.dk\\\/dansker-i-spidsen-for-nrfc\\\/#primaryimage\"},\"image\":{\"@id\":\"https:\\\/\\\/www.interforce.dk\\\/dansker-i-spidsen-for-nrfc\\\/#primaryimage\"},\"thumbnailUrl\":\"https:\\\/\\\/www.interforce.dk\\\/app\\\/uploads\\\/2022\\\/11\\\/Charlotte-Wetche-scaled.jpg\",\"datePublished\":\"2022-11-24T08:14:50+00:00\",\"dateModified\":\"2022-11-24T08:22:42+00:00\",\"author\":{\"@id\":\"https:\\\/\\\/www.interforce.dk\\\/#\\\/schema\\\/person\\\/3604a2bb29e48048ea484fbfb3703fad\"},\"description\":\"Reserven kommer snart til at spille en langt st\u00f8rre rolle. En dansker leder i disse \u00e5r formandskabet for NRFC, NATOs National Reserve Forces Committee.\",\"breadcrumb\":{\"@id\":\"https:\\\/\\\/www.interforce.dk\\\/dansker-i-spidsen-for-nrfc\\\/#breadcrumb\"},\"inLanguage\":\"en-GB\",\"potentialAction\":[{\"@type\":\"ReadAction\",\"target\":[\"https:\\\/\\\/www.interforce.dk\\\/dansker-i-spidsen-for-nrfc\\\/\"]}]},{\"@type\":\"ImageObject\",\"inLanguage\":\"en-GB\",\"@id\":\"https:\\\/\\\/www.interforce.dk\\\/dansker-i-spidsen-for-nrfc\\\/#primaryimage\",\"url\":\"https:\\\/\\\/www.interforce.dk\\\/app\\\/uploads\\\/2022\\\/11\\\/Charlotte-Wetche-scaled.jpg\",\"contentUrl\":\"https:\\\/\\\/www.interforce.dk\\\/app\\\/uploads\\\/2022\\\/11\\\/Charlotte-Wetche-scaled.jpg\",\"width\":2560,\"height\":1701,\"caption\":\"Brigadegeneral Charlotte Wetche i spidsen for NATOs reservister\"},{\"@type\":\"BreadcrumbList\",\"@id\":\"https:\\\/\\\/www.interforce.dk\\\/dansker-i-spidsen-for-nrfc\\\/#breadcrumb\",\"itemListElement\":[{\"@type\":\"ListItem\",\"position\":1,\"name\":\"Hjem\",\"item\":\"https:\\\/\\\/www.interforce.dk\\\/\"},{\"@type\":\"ListItem\",\"position\":2,\"name\":\"Dansker i spidsen for NATOs reservister\"}]},{\"@type\":\"WebSite\",\"@id\":\"https:\\\/\\\/www.interforce.dk\\\/#website\",\"url\":\"https:\\\/\\\/www.interforce.dk\\\/\",\"name\":\"InterForce\",\"description\":\"\",\"potentialAction\":[{\"@type\":\"SearchAction\",\"target\":{\"@type\":\"EntryPoint\",\"urlTemplate\":\"https:\\\/\\\/www.interforce.dk\\\/?s={search_term_string}\"},\"query-input\":{\"@type\":\"PropertyValueSpecification\",\"valueRequired\":true,\"valueName\":\"search_term_string\"}}],\"inLanguage\":\"en-GB\"},{\"@type\":\"Person\",\"@id\":\"https:\\\/\\\/www.interforce.dk\\\/#\\\/schema\\\/person\\\/3604a2bb29e48048ea484fbfb3703fad\",\"name\":\"Simon Staffeldt Schou\",\"image\":{\"@type\":\"ImageObject\",\"inLanguage\":\"en-GB\",\"@id\":\"https:\\\/\\\/secure.gravatar.com\\\/avatar\\\/1ff3b89414668243258c5ed26b84872c273dcdf7fe7ee0c553a52e1b4c2002fd?s=96&d=mm&r=g\",\"url\":\"https:\\\/\\\/secure.gravatar.com\\\/avatar\\\/1ff3b89414668243258c5ed26b84872c273dcdf7fe7ee0c553a52e1b4c2002fd?s=96&d=mm&r=g\",\"contentUrl\":\"https:\\\/\\\/secure.gravatar.com\\\/avatar\\\/1ff3b89414668243258c5ed26b84872c273dcdf7fe7ee0c553a52e1b4c2002fd?s=96&d=mm&r=g\",\"caption\":\"Simon Staffeldt Schou\"},\"url\":\"https:\\\/\\\/www.interforce.dk\\\/en\\\/author\\\/simon\\\/\"}]}<\/script>\n<!-- \/ Yoast SEO plugin. -->","yoast_head_json":{"title":"Dansker i spidsen for NATOs reservister - InterForce","description":"Reserven kommer snart til at spille en langt st\u00f8rre rolle. En dansker leder i disse \u00e5r formandskabet for NRFC, NATOs National Reserve Forces Committee.","robots":{"index":"index","follow":"follow","max-snippet":"max-snippet:-1","max-image-preview":"max-image-preview:large","max-video-preview":"max-video-preview:-1"},"canonical":"https:\/\/www.interforce.dk\/en\/dansker-i-spidsen-for-nrfc\/","og_locale":"en_GB","og_type":"article","og_title":"Dansker i spidsen for NATOs reservister - InterForce","og_description":"Reserven kommer snart til at spille en langt st\u00f8rre rolle. En dansker leder i disse \u00e5r formandskabet for NRFC, NATOs National Reserve Forces Committee.","og_url":"https:\/\/www.interforce.dk\/en\/dansker-i-spidsen-for-nrfc\/","og_site_name":"InterForce","article_published_time":"2022-11-24T08:14:50+00:00","article_modified_time":"2022-11-24T08:22:42+00:00","og_image":[{"width":2560,"height":1701,"url":"https:\/\/www.interforce.dk\/app\/uploads\/2022\/11\/Charlotte-Wetche-scaled.jpg","type":"image\/jpeg"}],"author":"Simon Staffeldt Schou","twitter_card":"summary_large_image","twitter_misc":{"Written by":"Simon Staffeldt Schou","Est. reading time":"6 minutes"},"schema":{"@context":"https:\/\/schema.org","@graph":[{"@type":"Article","@id":"https:\/\/www.interforce.dk\/dansker-i-spidsen-for-nrfc\/#article","isPartOf":{"@id":"https:\/\/www.interforce.dk\/dansker-i-spidsen-for-nrfc\/"},"author":{"name":"Simon Staffeldt Schou","@id":"https:\/\/www.interforce.dk\/#\/schema\/person\/3604a2bb29e48048ea484fbfb3703fad"},"headline":"Dansker i spidsen for NATOs reservister","datePublished":"2022-11-24T08:14:50+00:00","dateModified":"2022-11-24T08:22:42+00:00","mainEntityOfPage":{"@id":"https:\/\/www.interforce.dk\/dansker-i-spidsen-for-nrfc\/"},"wordCount":1173,"image":{"@id":"https:\/\/www.interforce.dk\/dansker-i-spidsen-for-nrfc\/#primaryimage"},"thumbnailUrl":"https:\/\/www.interforce.dk\/app\/uploads\/2022\/11\/Charlotte-Wetche-scaled.jpg","keywords":["InterForce"],"articleSection":["Sikkerhedsnyt"],"inLanguage":"en-GB"},{"@type":"WebPage","@id":"https:\/\/www.interforce.dk\/dansker-i-spidsen-for-nrfc\/","url":"https:\/\/www.interforce.dk\/dansker-i-spidsen-for-nrfc\/","name":"Dansker i spidsen for NATOs reservister - InterForce","isPartOf":{"@id":"https:\/\/www.interforce.dk\/#website"},"primaryImageOfPage":{"@id":"https:\/\/www.interforce.dk\/dansker-i-spidsen-for-nrfc\/#primaryimage"},"image":{"@id":"https:\/\/www.interforce.dk\/dansker-i-spidsen-for-nrfc\/#primaryimage"},"thumbnailUrl":"https:\/\/www.interforce.dk\/app\/uploads\/2022\/11\/Charlotte-Wetche-scaled.jpg","datePublished":"2022-11-24T08:14:50+00:00","dateModified":"2022-11-24T08:22:42+00:00","author":{"@id":"https:\/\/www.interforce.dk\/#\/schema\/person\/3604a2bb29e48048ea484fbfb3703fad"},"description":"Reserven kommer snart til at spille en langt st\u00f8rre rolle. En dansker leder i disse \u00e5r formandskabet for NRFC, NATOs National Reserve Forces Committee.","breadcrumb":{"@id":"https:\/\/www.interforce.dk\/dansker-i-spidsen-for-nrfc\/#breadcrumb"},"inLanguage":"en-GB","potentialAction":[{"@type":"ReadAction","target":["https:\/\/www.interforce.dk\/dansker-i-spidsen-for-nrfc\/"]}]},{"@type":"ImageObject","inLanguage":"en-GB","@id":"https:\/\/www.interforce.dk\/dansker-i-spidsen-for-nrfc\/#primaryimage","url":"https:\/\/www.interforce.dk\/app\/uploads\/2022\/11\/Charlotte-Wetche-scaled.jpg","contentUrl":"https:\/\/www.interforce.dk\/app\/uploads\/2022\/11\/Charlotte-Wetche-scaled.jpg","width":2560,"height":1701,"caption":"Brigadegeneral Charlotte Wetche i spidsen for NATOs reservister"},{"@type":"BreadcrumbList","@id":"https:\/\/www.interforce.dk\/dansker-i-spidsen-for-nrfc\/#breadcrumb","itemListElement":[{"@type":"ListItem","position":1,"name":"Hjem","item":"https:\/\/www.interforce.dk\/"},{"@type":"ListItem","position":2,"name":"Dansker i spidsen for NATOs reservister"}]},{"@type":"WebSite","@id":"https:\/\/www.interforce.dk\/#website","url":"https:\/\/www.interforce.dk\/","name":"InterForce","description":"","potentialAction":[{"@type":"SearchAction","target":{"@type":"EntryPoint","urlTemplate":"https:\/\/www.interforce.dk\/?s={search_term_string}"},"query-input":{"@type":"PropertyValueSpecification","valueRequired":true,"valueName":"search_term_string"}}],"inLanguage":"en-GB"},{"@type":"Person","@id":"https:\/\/www.interforce.dk\/#\/schema\/person\/3604a2bb29e48048ea484fbfb3703fad","name":"Simon Staffeldt Schou","image":{"@type":"ImageObject","inLanguage":"en-GB","@id":"https:\/\/secure.gravatar.com\/avatar\/1ff3b89414668243258c5ed26b84872c273dcdf7fe7ee0c553a52e1b4c2002fd?s=96&d=mm&r=g","url":"https:\/\/secure.gravatar.com\/avatar\/1ff3b89414668243258c5ed26b84872c273dcdf7fe7ee0c553a52e1b4c2002fd?s=96&d=mm&r=g","contentUrl":"https:\/\/secure.gravatar.com\/avatar\/1ff3b89414668243258c5ed26b84872c273dcdf7fe7ee0c553a52e1b4c2002fd?s=96&d=mm&r=g","caption":"Simon Staffeldt Schou"},"url":"https:\/\/www.interforce.dk\/en\/author\/simon\/"}]}},"_links":{"self":[{"href":"https:\/\/www.interforce.dk\/en\/wp-json\/wp\/v2\/posts\/13178","targetHints":{"allow":["GET"]}}],"collection":[{"href":"https:\/\/www.interforce.dk\/en\/wp-json\/wp\/v2\/posts"}],"about":[{"href":"https:\/\/www.interforce.dk\/en\/wp-json\/wp\/v2\/types\/post"}],"author":[{"embeddable":true,"href":"https:\/\/www.interforce.dk\/en\/wp-json\/wp\/v2\/users\/111"}],"replies":[{"embeddable":true,"href":"https:\/\/www.interforce.dk\/en\/wp-json\/wp\/v2\/comments?post=13178"}],"version-history":[{"count":2,"href":"https:\/\/www.interforce.dk\/en\/wp-json\/wp\/v2\/posts\/13178\/revisions"}],"predecessor-version":[{"id":13185,"href":"https:\/\/www.interforce.dk\/en\/wp-json\/wp\/v2\/posts\/13178\/revisions\/13185"}],"wp:featuredmedia":[{"embeddable":true,"href":"https:\/\/www.interforce.dk\/en\/wp-json\/wp\/v2\/media\/13183"}],"wp:attachment":[{"href":"https:\/\/www.interforce.dk\/en\/wp-json\/wp\/v2\/media?parent=13178"}],"wp:term":[{"taxonomy":"category","embeddable":true,"href":"https:\/\/www.interforce.dk\/en\/wp-json\/wp\/v2\/categories?post=13178"},{"taxonomy":"post_tag","embeddable":true,"href":"https:\/\/www.interforce.dk\/en\/wp-json\/wp\/v2\/tags?post=13178"}],"curies":[{"name":"wp","href":"https:\/\/api.w.org\/{rel}","templated":true}]}}