{"id":13024,"date":"2022-10-04T06:51:34","date_gmt":"2022-10-04T06:51:34","guid":{"rendered":"https:\/\/www.interforce.dk\/?p=13024"},"modified":"2022-10-04T10:30:28","modified_gmt":"2022-10-04T10:30:28","slug":"peter-vinther-christensen","status":"publish","type":"post","link":"https:\/\/www.interforce.dk\/en\/peter-vinther-christensen\/","title":{"rendered":"H\u00e6dring af Peter Vinther Christensen"},"content":{"rendered":"<div class=\"block core-block core-block--paragraph\">\n      <div class=\"inner inner--small\">\n      \n<p>Som den f\u00f8rste dansker nogensinde modtog konsul og bestyrelsesformand Peter Vinther Christensen Forsvarets Fortjenstmedalje med egel\u00f8v i s\u00f8lv.<\/p>\n\n      <\/div>\n  <\/div>\n<div class=\"block core-block core-block--paragraph\">\n      <div class=\"inner inner--small\">\n      \n<p>P\u00e5 vegne af Forsvarschefen blev medaljen overrakt til Peter Vinther Christensen af Chefen for H\u00e6ren, brigadegeneral Gunner Arpe Nielsen, p\u00e5 InterForces \u00e5rlige komit\u00e9m\u00f8de. M\u00f8det blev afholdt p\u00e5 Frederiksberg Slot d. 30. september.<\/p>\n\n      <\/div>\n  <\/div>\n<div class=\"block core-block core-block--heading\">\n      <div class=\"inner inner--small\">\n      \n<h2 class=\"wp-block-heading\">Peter Vinther Christensens store engagement<\/h2>\n\n      <\/div>\n  <\/div>\n<div class=\"block core-block core-block--paragraph\">\n      <div class=\"inner inner--small\">\n      \n<p>Begrundelsen for tildelingen af fortjenstmedaljen var Peter Vinther Christensens store og flere \u00e5rtier lange engagement i InterForce:<\/p>\n\n      <\/div>\n  <\/div>\n<div class=\"block core-block core-block--paragraph\">\n      <div class=\"inner inner--small\">\n      \n<p>Peter Vinther Christensen var med til at etablere InterForce i 1999. Efterf\u00f8lgende har han lagt et utr\u00e6tteligt arbejde i at knytte t\u00e6tte b\u00e5nd mellem det civile erhvervsliv og Forsvaret.<\/p>\n\n      <\/div>\n  <\/div>\n<div class=\"block core-block core-block--paragraph\">\n      <div class=\"inner inner--small\">\n      \n<p>Det har han prim\u00e6rt gjort som formand for InterForce Region Midtjylland. Hans vedholdende arbejde har betydet, at mange i det private erhvervsliv har f\u00e5et en langt st\u00f8rre viden om ikke bare Forsvaret, men ogs\u00e5 om Reservestyrkens betydning, herunder Hjemmev\u00e6rnet.<\/p>\n\n      <\/div>\n  <\/div>\n<div class=\"block core-block core-block--paragraph\">\n      <div class=\"inner inner--small\">\n      \n<p>Hans arbejde har dermed v\u00e6ret med til at danne grundlaget for den store opbakning til Forsvaret og Reservestyrken, vi oplever i disse \u00e5r.<\/p>\n\n      <\/div>\n  <\/div>\n<div class=\"block core-block core-block--paragraph\">\n      <div class=\"inner inner--small\">\n      \n<p>Medaljeoverr\u00e6kkelsen markerede Peter Vinther Christensens fratr\u00e6delse som formand for InterForce Region Midtjylland efter lang og tro tjeneste.<\/p>\n\n      <\/div>\n  <\/div>\n<div class=\"block core-block core-block--image\">\n      <div class=\"inner inner--small\">\n      \n<figure class=\"wp-block-image size-large\"><img loading=\"lazy\" decoding=\"async\" width=\"1024\" height=\"1006\" src=\"https:\/\/www.interforce.dk\/app\/uploads\/2022\/10\/2-1024x1006.jpg\" alt=\"Peter Vinther Christensens ordner, som ogs\u00e5 t\u00e6ller Ridderkorset og Hjemmev\u00e6rnets Fortjenstmedalje\" class=\"wp-image-13026\" srcset=\"https:\/\/www.interforce.dk\/app\/uploads\/2022\/10\/2-1024x1006.jpg 1024w, https:\/\/www.interforce.dk\/app\/uploads\/2022\/10\/2-300x295.jpg 300w, https:\/\/www.interforce.dk\/app\/uploads\/2022\/10\/2-768x755.jpg 768w, https:\/\/www.interforce.dk\/app\/uploads\/2022\/10\/2-1536x1509.jpg 1536w, https:\/\/www.interforce.dk\/app\/uploads\/2022\/10\/2-12x12.jpg 12w, https:\/\/www.interforce.dk\/app\/uploads\/2022\/10\/2.jpg 2024w\" sizes=\"auto, (max-width: 1024px) 100vw, 1024px\" \/><figcaption>Peter Vinther Christensens ordner, som ogs\u00e5 t\u00e6ller Ridderkorset og Hjemmev\u00e6rnets Fortjenstmedalje<\/figcaption><\/figure>\n\n      <\/div>\n  <\/div>\n<div class=\"block core-block core-block--paragraph\">\n      <div class=\"inner inner--small\">\n      \n<p>Ud over Fortjenstmedaljen med egel\u00f8v i s\u00f8lv har Peter Vinter Christensen tidligere modtaget Hjemmev\u00e6rnets Fortjenstmedalje og Forsvarets medalje for S\u00e6rlig Fortjenstfuld Indsats. Derudover er han Ridder af 1. grad af Dannebrogsordenen.<\/p>\n\n      <\/div>\n  <\/div>\n<div class=\"block core-block core-block--paragraph\">\n      <div class=\"inner inner--small\">\n      \n<p>Her fra InterForce vil vi gerne sige en dybf\u00f8lt tak til Peter Vinther Christensen for hans arbejde.<\/p>\n\n      <\/div>\n  <\/div>\n<div class=\"block core-block core-block--paragraph\">\n      <div class=\"inner inner--small\">\n      \n<p>Stort tillykke med fortjenstmedaljen!<\/p>\n\n      <\/div>\n  <\/div>\n<div class=\"block core-block core-block--paragraph\">\n      <div class=\"inner inner--small\">\n      \n<p><\/p>\n\n      <\/div>\n  <\/div>\n<div class=\"block core-block core-block--paragraph\">\n      <div class=\"inner inner--small\">\n      \n<p>L\u00e6s ogs\u00e5: <a href=\"https:\/\/www.interforce.dk\/en\/dramatiske-geopolitiske-udfordringer\/\" target=\"_blank\" rel=\"noreferrer noopener\">&#8216;Dramatiske geopolitiske udfordringer og Danmarks sikkerhed&#8217;<\/a><\/p>\n\n      <\/div>\n  <\/div>","protected":false},"excerpt":{"rendered":"S\u00e6rlig medalje til den afg\u00e5ende formand for InterForce Region Midtjylland....","protected":false},"author":111,"featured_media":13025,"comment_status":"closed","ping_status":"closed","sticky":false,"template":"","format":"standard","meta":{"_acf_changed":false,"footnotes":""},"categories":[12],"tags":[97,52],"class_list":["post-13024","post","type-post","status-publish","format-standard","has-post-thumbnail","hentry","category-nyt-om-if","tag-interforce","tag-tag-midtjylland"],"acf":[],"yoast_head":"<!-- This site is optimized with the Yoast SEO plugin v27.3 - https:\/\/yoast.com\/product\/yoast-seo-wordpress\/ -->\n<title>H\u00e6dring af Peter Vinther Christensen - InterForce<\/title>\n<meta name=\"description\" content=\"Afg\u00e5ende formand for InterForce Region Midtjylland, Peter Vinther Christensen, modtager som den f\u00f8rste dansker Fortjenstmedalje med egel\u00f8v i s\u00f8lv.\" \/>\n<meta name=\"robots\" content=\"index, follow, max-snippet:-1, max-image-preview:large, max-video-preview:-1\" \/>\n<link rel=\"canonical\" href=\"https:\/\/www.interforce.dk\/en\/peter-vinther-christensen\/\" \/>\n<meta property=\"og:locale\" content=\"en_GB\" \/>\n<meta property=\"og:type\" content=\"article\" \/>\n<meta property=\"og:title\" content=\"H\u00e6dring af Peter Vinther Christensen - InterForce\" \/>\n<meta property=\"og:description\" content=\"Afg\u00e5ende formand for InterForce Region Midtjylland, Peter Vinther Christensen, modtager som den f\u00f8rste dansker Fortjenstmedalje med egel\u00f8v i s\u00f8lv.\" \/>\n<meta property=\"og:url\" content=\"https:\/\/www.interforce.dk\/en\/peter-vinther-christensen\/\" \/>\n<meta property=\"og:site_name\" content=\"InterForce\" \/>\n<meta property=\"article:published_time\" content=\"2022-10-04T06:51:34+00:00\" \/>\n<meta property=\"article:modified_time\" content=\"2022-10-04T10:30:28+00:00\" \/>\n<meta property=\"og:image\" content=\"https:\/\/www.interforce.dk\/app\/uploads\/2022\/10\/1-scaled.jpg\" \/>\n\t<meta property=\"og:image:width\" content=\"1815\" \/>\n\t<meta property=\"og:image:height\" content=\"2560\" \/>\n\t<meta property=\"og:image:type\" content=\"image\/jpeg\" \/>\n<meta name=\"author\" content=\"Simon Staffeldt Schou\" \/>\n<meta name=\"twitter:card\" content=\"summary_large_image\" \/>\n<meta name=\"twitter:label1\" content=\"Written by\" \/>\n\t<meta name=\"twitter:data1\" content=\"Simon Staffeldt Schou\" \/>\n\t<meta name=\"twitter:label2\" content=\"Est. reading time\" \/>\n\t<meta name=\"twitter:data2\" content=\"2 minutes\" \/>\n<script type=\"application\/ld+json\" class=\"yoast-schema-graph\">{\"@context\":\"https:\\\/\\\/schema.org\",\"@graph\":[{\"@type\":\"Article\",\"@id\":\"https:\\\/\\\/www.interforce.dk\\\/peter-vinther-christensen\\\/#article\",\"isPartOf\":{\"@id\":\"https:\\\/\\\/www.interforce.dk\\\/peter-vinther-christensen\\\/\"},\"author\":{\"name\":\"Simon Staffeldt Schou\",\"@id\":\"https:\\\/\\\/www.interforce.dk\\\/#\\\/schema\\\/person\\\/3604a2bb29e48048ea484fbfb3703fad\"},\"headline\":\"H\u00e6dring af Peter Vinther Christensen\",\"datePublished\":\"2022-10-04T06:51:34+00:00\",\"dateModified\":\"2022-10-04T10:30:28+00:00\",\"mainEntityOfPage\":{\"@id\":\"https:\\\/\\\/www.interforce.dk\\\/peter-vinther-christensen\\\/\"},\"wordCount\":280,\"image\":{\"@id\":\"https:\\\/\\\/www.interforce.dk\\\/peter-vinther-christensen\\\/#primaryimage\"},\"thumbnailUrl\":\"https:\\\/\\\/www.interforce.dk\\\/app\\\/uploads\\\/2022\\\/10\\\/1-scaled.jpg\",\"keywords\":[\"InterForce\",\"Tag:Midtjylland\"],\"articleSection\":[\"Nyheder om InterForce\"],\"inLanguage\":\"en-GB\"},{\"@type\":\"WebPage\",\"@id\":\"https:\\\/\\\/www.interforce.dk\\\/peter-vinther-christensen\\\/\",\"url\":\"https:\\\/\\\/www.interforce.dk\\\/peter-vinther-christensen\\\/\",\"name\":\"H\u00e6dring af Peter Vinther Christensen - InterForce\",\"isPartOf\":{\"@id\":\"https:\\\/\\\/www.interforce.dk\\\/#website\"},\"primaryImageOfPage\":{\"@id\":\"https:\\\/\\\/www.interforce.dk\\\/peter-vinther-christensen\\\/#primaryimage\"},\"image\":{\"@id\":\"https:\\\/\\\/www.interforce.dk\\\/peter-vinther-christensen\\\/#primaryimage\"},\"thumbnailUrl\":\"https:\\\/\\\/www.interforce.dk\\\/app\\\/uploads\\\/2022\\\/10\\\/1-scaled.jpg\",\"datePublished\":\"2022-10-04T06:51:34+00:00\",\"dateModified\":\"2022-10-04T10:30:28+00:00\",\"author\":{\"@id\":\"https:\\\/\\\/www.interforce.dk\\\/#\\\/schema\\\/person\\\/3604a2bb29e48048ea484fbfb3703fad\"},\"description\":\"Afg\u00e5ende formand for InterForce Region Midtjylland, Peter Vinther Christensen, modtager som den f\u00f8rste dansker Fortjenstmedalje med egel\u00f8v i s\u00f8lv.\",\"breadcrumb\":{\"@id\":\"https:\\\/\\\/www.interforce.dk\\\/peter-vinther-christensen\\\/#breadcrumb\"},\"inLanguage\":\"en-GB\",\"potentialAction\":[{\"@type\":\"ReadAction\",\"target\":[\"https:\\\/\\\/www.interforce.dk\\\/peter-vinther-christensen\\\/\"]}]},{\"@type\":\"ImageObject\",\"inLanguage\":\"en-GB\",\"@id\":\"https:\\\/\\\/www.interforce.dk\\\/peter-vinther-christensen\\\/#primaryimage\",\"url\":\"https:\\\/\\\/www.interforce.dk\\\/app\\\/uploads\\\/2022\\\/10\\\/1-scaled.jpg\",\"contentUrl\":\"https:\\\/\\\/www.interforce.dk\\\/app\\\/uploads\\\/2022\\\/10\\\/1-scaled.jpg\",\"width\":1815,\"height\":2560,\"caption\":\"Peter Vinther Christensen h\u00e6dret med s\u00e6rlig fortjentsmedalje\"},{\"@type\":\"BreadcrumbList\",\"@id\":\"https:\\\/\\\/www.interforce.dk\\\/peter-vinther-christensen\\\/#breadcrumb\",\"itemListElement\":[{\"@type\":\"ListItem\",\"position\":1,\"name\":\"Hjem\",\"item\":\"https:\\\/\\\/www.interforce.dk\\\/\"},{\"@type\":\"ListItem\",\"position\":2,\"name\":\"H\u00e6dring af Peter Vinther Christensen\"}]},{\"@type\":\"WebSite\",\"@id\":\"https:\\\/\\\/www.interforce.dk\\\/#website\",\"url\":\"https:\\\/\\\/www.interforce.dk\\\/\",\"name\":\"InterForce\",\"description\":\"\",\"potentialAction\":[{\"@type\":\"SearchAction\",\"target\":{\"@type\":\"EntryPoint\",\"urlTemplate\":\"https:\\\/\\\/www.interforce.dk\\\/?s={search_term_string}\"},\"query-input\":{\"@type\":\"PropertyValueSpecification\",\"valueRequired\":true,\"valueName\":\"search_term_string\"}}],\"inLanguage\":\"en-GB\"},{\"@type\":\"Person\",\"@id\":\"https:\\\/\\\/www.interforce.dk\\\/#\\\/schema\\\/person\\\/3604a2bb29e48048ea484fbfb3703fad\",\"name\":\"Simon Staffeldt Schou\",\"image\":{\"@type\":\"ImageObject\",\"inLanguage\":\"en-GB\",\"@id\":\"https:\\\/\\\/secure.gravatar.com\\\/avatar\\\/1ff3b89414668243258c5ed26b84872c273dcdf7fe7ee0c553a52e1b4c2002fd?s=96&d=mm&r=g\",\"url\":\"https:\\\/\\\/secure.gravatar.com\\\/avatar\\\/1ff3b89414668243258c5ed26b84872c273dcdf7fe7ee0c553a52e1b4c2002fd?s=96&d=mm&r=g\",\"contentUrl\":\"https:\\\/\\\/secure.gravatar.com\\\/avatar\\\/1ff3b89414668243258c5ed26b84872c273dcdf7fe7ee0c553a52e1b4c2002fd?s=96&d=mm&r=g\",\"caption\":\"Simon Staffeldt Schou\"},\"url\":\"https:\\\/\\\/www.interforce.dk\\\/en\\\/author\\\/simon\\\/\"}]}<\/script>\n<!-- \/ Yoast SEO plugin. -->","yoast_head_json":{"title":"H\u00e6dring af Peter Vinther Christensen - InterForce","description":"Afg\u00e5ende formand for InterForce Region Midtjylland, Peter Vinther Christensen, modtager som den f\u00f8rste dansker Fortjenstmedalje med egel\u00f8v i s\u00f8lv.","robots":{"index":"index","follow":"follow","max-snippet":"max-snippet:-1","max-image-preview":"max-image-preview:large","max-video-preview":"max-video-preview:-1"},"canonical":"https:\/\/www.interforce.dk\/en\/peter-vinther-christensen\/","og_locale":"en_GB","og_type":"article","og_title":"H\u00e6dring af Peter Vinther Christensen - InterForce","og_description":"Afg\u00e5ende formand for InterForce Region Midtjylland, Peter Vinther Christensen, modtager som den f\u00f8rste dansker Fortjenstmedalje med egel\u00f8v i s\u00f8lv.","og_url":"https:\/\/www.interforce.dk\/en\/peter-vinther-christensen\/","og_site_name":"InterForce","article_published_time":"2022-10-04T06:51:34+00:00","article_modified_time":"2022-10-04T10:30:28+00:00","og_image":[{"width":1815,"height":2560,"url":"https:\/\/www.interforce.dk\/app\/uploads\/2022\/10\/1-scaled.jpg","type":"image\/jpeg"}],"author":"Simon Staffeldt Schou","twitter_card":"summary_large_image","twitter_misc":{"Written by":"Simon Staffeldt Schou","Est. reading time":"2 minutes"},"schema":{"@context":"https:\/\/schema.org","@graph":[{"@type":"Article","@id":"https:\/\/www.interforce.dk\/peter-vinther-christensen\/#article","isPartOf":{"@id":"https:\/\/www.interforce.dk\/peter-vinther-christensen\/"},"author":{"name":"Simon Staffeldt Schou","@id":"https:\/\/www.interforce.dk\/#\/schema\/person\/3604a2bb29e48048ea484fbfb3703fad"},"headline":"H\u00e6dring af Peter Vinther Christensen","datePublished":"2022-10-04T06:51:34+00:00","dateModified":"2022-10-04T10:30:28+00:00","mainEntityOfPage":{"@id":"https:\/\/www.interforce.dk\/peter-vinther-christensen\/"},"wordCount":280,"image":{"@id":"https:\/\/www.interforce.dk\/peter-vinther-christensen\/#primaryimage"},"thumbnailUrl":"https:\/\/www.interforce.dk\/app\/uploads\/2022\/10\/1-scaled.jpg","keywords":["InterForce","Tag:Midtjylland"],"articleSection":["Nyheder om InterForce"],"inLanguage":"en-GB"},{"@type":"WebPage","@id":"https:\/\/www.interforce.dk\/peter-vinther-christensen\/","url":"https:\/\/www.interforce.dk\/peter-vinther-christensen\/","name":"H\u00e6dring af Peter Vinther Christensen - InterForce","isPartOf":{"@id":"https:\/\/www.interforce.dk\/#website"},"primaryImageOfPage":{"@id":"https:\/\/www.interforce.dk\/peter-vinther-christensen\/#primaryimage"},"image":{"@id":"https:\/\/www.interforce.dk\/peter-vinther-christensen\/#primaryimage"},"thumbnailUrl":"https:\/\/www.interforce.dk\/app\/uploads\/2022\/10\/1-scaled.jpg","datePublished":"2022-10-04T06:51:34+00:00","dateModified":"2022-10-04T10:30:28+00:00","author":{"@id":"https:\/\/www.interforce.dk\/#\/schema\/person\/3604a2bb29e48048ea484fbfb3703fad"},"description":"Afg\u00e5ende formand for InterForce Region Midtjylland, Peter Vinther Christensen, modtager som den f\u00f8rste dansker Fortjenstmedalje med egel\u00f8v i s\u00f8lv.","breadcrumb":{"@id":"https:\/\/www.interforce.dk\/peter-vinther-christensen\/#breadcrumb"},"inLanguage":"en-GB","potentialAction":[{"@type":"ReadAction","target":["https:\/\/www.interforce.dk\/peter-vinther-christensen\/"]}]},{"@type":"ImageObject","inLanguage":"en-GB","@id":"https:\/\/www.interforce.dk\/peter-vinther-christensen\/#primaryimage","url":"https:\/\/www.interforce.dk\/app\/uploads\/2022\/10\/1-scaled.jpg","contentUrl":"https:\/\/www.interforce.dk\/app\/uploads\/2022\/10\/1-scaled.jpg","width":1815,"height":2560,"caption":"Peter Vinther Christensen h\u00e6dret med s\u00e6rlig fortjentsmedalje"},{"@type":"BreadcrumbList","@id":"https:\/\/www.interforce.dk\/peter-vinther-christensen\/#breadcrumb","itemListElement":[{"@type":"ListItem","position":1,"name":"Hjem","item":"https:\/\/www.interforce.dk\/"},{"@type":"ListItem","position":2,"name":"H\u00e6dring af Peter Vinther Christensen"}]},{"@type":"WebSite","@id":"https:\/\/www.interforce.dk\/#website","url":"https:\/\/www.interforce.dk\/","name":"InterForce","description":"","potentialAction":[{"@type":"SearchAction","target":{"@type":"EntryPoint","urlTemplate":"https:\/\/www.interforce.dk\/?s={search_term_string}"},"query-input":{"@type":"PropertyValueSpecification","valueRequired":true,"valueName":"search_term_string"}}],"inLanguage":"en-GB"},{"@type":"Person","@id":"https:\/\/www.interforce.dk\/#\/schema\/person\/3604a2bb29e48048ea484fbfb3703fad","name":"Simon Staffeldt Schou","image":{"@type":"ImageObject","inLanguage":"en-GB","@id":"https:\/\/secure.gravatar.com\/avatar\/1ff3b89414668243258c5ed26b84872c273dcdf7fe7ee0c553a52e1b4c2002fd?s=96&d=mm&r=g","url":"https:\/\/secure.gravatar.com\/avatar\/1ff3b89414668243258c5ed26b84872c273dcdf7fe7ee0c553a52e1b4c2002fd?s=96&d=mm&r=g","contentUrl":"https:\/\/secure.gravatar.com\/avatar\/1ff3b89414668243258c5ed26b84872c273dcdf7fe7ee0c553a52e1b4c2002fd?s=96&d=mm&r=g","caption":"Simon Staffeldt Schou"},"url":"https:\/\/www.interforce.dk\/en\/author\/simon\/"}]}},"_links":{"self":[{"href":"https:\/\/www.interforce.dk\/en\/wp-json\/wp\/v2\/posts\/13024","targetHints":{"allow":["GET"]}}],"collection":[{"href":"https:\/\/www.interforce.dk\/en\/wp-json\/wp\/v2\/posts"}],"about":[{"href":"https:\/\/www.interforce.dk\/en\/wp-json\/wp\/v2\/types\/post"}],"author":[{"embeddable":true,"href":"https:\/\/www.interforce.dk\/en\/wp-json\/wp\/v2\/users\/111"}],"replies":[{"embeddable":true,"href":"https:\/\/www.interforce.dk\/en\/wp-json\/wp\/v2\/comments?post=13024"}],"version-history":[{"count":1,"href":"https:\/\/www.interforce.dk\/en\/wp-json\/wp\/v2\/posts\/13024\/revisions"}],"predecessor-version":[{"id":13027,"href":"https:\/\/www.interforce.dk\/en\/wp-json\/wp\/v2\/posts\/13024\/revisions\/13027"}],"wp:featuredmedia":[{"embeddable":true,"href":"https:\/\/www.interforce.dk\/en\/wp-json\/wp\/v2\/media\/13025"}],"wp:attachment":[{"href":"https:\/\/www.interforce.dk\/en\/wp-json\/wp\/v2\/media?parent=13024"}],"wp:term":[{"taxonomy":"category","embeddable":true,"href":"https:\/\/www.interforce.dk\/en\/wp-json\/wp\/v2\/categories?post=13024"},{"taxonomy":"post_tag","embeddable":true,"href":"https:\/\/www.interforce.dk\/en\/wp-json\/wp\/v2\/tags?post=13024"}],"curies":[{"name":"wp","href":"https:\/\/api.w.org\/{rel}","templated":true}]}}