{"id":12964,"date":"2022-09-23T08:31:08","date_gmt":"2022-09-23T08:31:08","guid":{"rendered":"https:\/\/www.interforce.dk\/?p=12964"},"modified":"2022-09-23T08:45:47","modified_gmt":"2022-09-23T08:45:47","slug":"samarbejde-om-danmarks-sikkerhed","status":"publish","type":"post","link":"https:\/\/www.interforce.dk\/en\/samarbejde-om-danmarks-sikkerhed\/","title":{"rendered":"Forsvarschefen: \u00bbVi skal have et st\u00f8rre samarbejde med det civile arbejdsmarked om Danmarks sikkerhed\u00ab"},"content":{"rendered":"<div class=\"block core-block core-block--image\">\n      <div class=\"inner inner--small\">\n      \n<figure class=\"wp-block-image size-large\"><img loading=\"lazy\" decoding=\"async\" width=\"683\" height=\"1024\" src=\"\/app\/uploads\/2022\/09\/Lentfer-683x1024.jpg\" alt=\"Forsvarschefen for det danske forsvar, Flemming Lentfer.\" class=\"wp-image-12965\" srcset=\"https:\/\/www.interforce.dk\/app\/uploads\/2022\/09\/Lentfer-683x1024.jpg 683w, https:\/\/www.interforce.dk\/app\/uploads\/2022\/09\/Lentfer-200x300.jpg 200w, https:\/\/www.interforce.dk\/app\/uploads\/2022\/09\/Lentfer-768x1152.jpg 768w, https:\/\/www.interforce.dk\/app\/uploads\/2022\/09\/Lentfer-1024x1536.jpg 1024w, https:\/\/www.interforce.dk\/app\/uploads\/2022\/09\/Lentfer-1365x2048.jpg 1365w, https:\/\/www.interforce.dk\/app\/uploads\/2022\/09\/Lentfer-8x12.jpg 8w, https:\/\/www.interforce.dk\/app\/uploads\/2022\/09\/Lentfer-scaled.jpg 1707w\" sizes=\"auto, (max-width: 683px) 100vw, 683px\" \/><figcaption>Forsvarschef Flemming Lentfer<\/figcaption><\/figure>\n\n      <\/div>\n  <\/div>\n<div class=\"block core-block core-block--paragraph\">\n      <div class=\"inner inner--small\">\n      \n<p>Invasionen af Ukraine tilbage i februar markerede starten p\u00e5 en ny verdensorden, som har v\u00e6ret undervejs i et stykke tid.<\/p>\n\n      <\/div>\n  <\/div>\n<div class=\"block core-block core-block--paragraph\">\n      <div class=\"inner inner--small\">\n      \n<p>Vi m\u00f8dte chefen for de danske styrker, forsvarschef Flemming Lentfer, til en snak om, hvad den nye verdensorden betyder for dig og mig, vores samfund og for forholdet mellem Forsvaret og det civile arbejdsmarked. Og ikke mindst for Danmarks sikkerhed.<\/p>\n\n      <\/div>\n  <\/div>\n<div class=\"block core-block core-block--paragraph\">\n      <div class=\"inner inner--small\">\n      \n<p><strong>Hvordan ser verden ud, set fra din stol?<\/strong><\/p>\n\n      <\/div>\n  <\/div>\n<div class=\"block core-block core-block--paragraph\">\n      <div class=\"inner inner--small\">\n      \n<p>\u00bbDer var et verdensbillede f\u00f8r d. 24. februar og et efter. Den dato markerer en pilep\u00e6l, men de fleste kan nok se, at den ny verdensorden allerede var p\u00e5 vej f\u00f8r da. D. 24. februar var blot det strategiske chok, der fik de fleste til at v\u00e5gne og se, at verden har forandret sig.<\/p>\n\n      <\/div>\n  <\/div>\n<div class=\"block core-block core-block--paragraph\">\n      <div class=\"inner inner--small\">\n      \n<p>Den globalisering, vi alle siden Den kolde krigs oph\u00f8r troede bare ville forts\u00e6tte og forts\u00e6tte, viste sig ikke at vare ved. Vi ser en form for afglobalisering nu, hvor den regelbaserede verdensorden er udfordret. Vi er desv\u00e6rre ved at vende tilbage til, at det er den st\u00e6rkes magt, der t\u00e6ller. Der stiller vi os op i den vestlige verden og siger, at s\u00e5dan vil vi ikke have det. Vi vil g\u00f8re alt, vi kan, for at fastholde en regelbaseret verdensorden. Men vi st\u00e5r ved et vejskifte, vi skal til at se anderledes p\u00e5 verden.\u00ab<\/p>\n\n      <\/div>\n  <\/div>\n<div class=\"block core-block core-block--paragraph\">\n      <div class=\"inner inner--small\">\n      \n<p><strong>Hvad betyder det, helt konkret?<\/strong><\/p>\n\n      <\/div>\n  <\/div>\n<div class=\"block core-block core-block--paragraph\">\n      <div class=\"inner inner--small\">\n      \n<p>\u00bbAt vi fx m\u00e5 til at kigge sikkerhedspolitisk p\u00e5 vores handel, b\u00e5de nationalt og internationalt. At bare det at f\u00e5 str\u00f8m hjemme i vores boliger bliver ogs\u00e5 en del af vores sikkerhedspolitik. Vi har taget disse ting for givet i mange \u00e5r: at vi kunne f\u00e5 str\u00f8m, at vi kunne handle frit med verden. Der er verden en anden nu. Den er i opbrud, og der skal etableres en anden balance. Det m\u00e5 vi alle forholde os til, ikke kun os i Forsvaret. Vi skal til at kigge mere p\u00e5 samfundets samlede modstandskraft.\u00ab<\/p>\n\n      <\/div>\n  <\/div>\n<div class=\"block core-block core-block--image\">\n      <div class=\"inner inner--small\">\n      \n<figure class=\"wp-block-image size-large\"><img loading=\"lazy\" decoding=\"async\" width=\"1024\" height=\"575\" src=\"\/app\/uploads\/2022\/09\/210220_HDMS-THETIS-DRONE-FLYVNING-Brian-Djurslev-9-1024x575.jpg\" alt=\"\" class=\"wp-image-12966\" srcset=\"https:\/\/www.interforce.dk\/app\/uploads\/2022\/09\/210220_HDMS-THETIS-DRONE-FLYVNING-Brian-Djurslev-9-1024x575.jpg 1024w, https:\/\/www.interforce.dk\/app\/uploads\/2022\/09\/210220_HDMS-THETIS-DRONE-FLYVNING-Brian-Djurslev-9-300x169.jpg 300w, https:\/\/www.interforce.dk\/app\/uploads\/2022\/09\/210220_HDMS-THETIS-DRONE-FLYVNING-Brian-Djurslev-9-768x431.jpg 768w, https:\/\/www.interforce.dk\/app\/uploads\/2022\/09\/210220_HDMS-THETIS-DRONE-FLYVNING-Brian-Djurslev-9-1536x863.jpg 1536w, https:\/\/www.interforce.dk\/app\/uploads\/2022\/09\/210220_HDMS-THETIS-DRONE-FLYVNING-Brian-Djurslev-9-2048x1150.jpg 2048w, https:\/\/www.interforce.dk\/app\/uploads\/2022\/09\/210220_HDMS-THETIS-DRONE-FLYVNING-Brian-Djurslev-9-16x9.jpg 16w\" sizes=\"auto, (max-width: 1024px) 100vw, 1024px\" \/><figcaption>Foto: Brian Djurslev<\/figcaption><\/figure>\n\n      <\/div>\n  <\/div>\n<div class=\"block core-block core-block--paragraph\">\n      <div class=\"inner inner--small\">\n      \n<p><strong>Hvilken rolle spiller Reservestyrken \u2013 alts\u00e5 Hjemmev\u00e6rnet, vores reservepersonel, Beredskabsstyrelsen m.fl. \u2013 i den sammenh\u00e6ng?<\/strong><\/p>\n\n      <\/div>\n  <\/div>\n<div class=\"block core-block core-block--paragraph\">\n      <div class=\"inner inner--small\">\n      \n<p>\u00bbReserven spillede en meget stor rolle i Danmarks samlede forsvar indtil Den kolde krigs oph\u00f8r. Derefter spillede reserven en meget mindre rolle. Nu har vi i h\u00f8j grad brug for Reservestyrken igen. Derfor har vi ogs\u00e5 brug for et st\u00f8rre samarbejde med det civile erhvervsliv. Det bliver et samarbejde, der indeb\u00e6rer, at man tager et samfundsansvar ved at frigive ens medarbejdere til tjeneste i Forsvaret i perioder i l\u00f8bet af \u00e5ret. Jeg oplever heldigvis ogs\u00e5, at der er flere og flere virksomheder, der faktisk gerne vil give deres medarbejdere fri til tjeneste i Forsvaret 10 eller 20 dage om \u00e5ret.\u00ab<\/p>\n\n      <\/div>\n  <\/div>\n<div class=\"block core-block core-block--paragraph\">\n      <div class=\"inner inner--small\">\n      \n<p><strong>Kan du m\u00e6rke et skift i forsvarsviljen i forhold til tidligere?<\/strong><\/p>\n\n      <\/div>\n  <\/div>\n<div class=\"block core-block core-block--paragraph\">\n      <div class=\"inner inner--small\">\n      \n<p>\u00bbJa, tydeligt. Virksomhederne kan ogs\u00e5 se en fordel for dem i at have medarbejdere p\u00e5 en form for deleordning. De kan se, at det ogs\u00e5 hj\u00e6lper deres virksomhed at st\u00f8tte op om Forsvaret og v\u00e6re med til at yde deres bidrag til Danmarks samlede sikkerhed.\u00ab<\/p>\n\n      <\/div>\n  <\/div>\n<div class=\"block core-block core-block--paragraph\">\n      <div class=\"inner inner--small\">\n      \n<p><strong>Hvordan kan s\u00e5dan en deleordning eller samarbejde se ud?<\/strong><\/p>\n\n      <\/div>\n  <\/div>\n<div class=\"block core-block core-block--paragraph\">\n      <div class=\"inner inner--small\">\n      \n<p>\u00bbMange virksomheder oplever perioder af \u00e5ret, hvor der ikke er s\u00e5 travlt hos dem. Der kan nogle af deres medarbejdere g\u00e5 ind at g\u00f8re tjeneste hos os i Forsvaret. Det er b\u00e5de en gevinst for den enkelte medarbejder, for virksomhederne og for os. Det g\u00e6lder b\u00e5de for h\u00e5ndv\u00e6rkere, kontormedarbejdere, akademikere og for dem i ledelseslagene. Og det g\u00e6lder ikke kun for det private arbejdsmarked, det g\u00e6lder ogs\u00e5 for ansatte i det offentlige.\u00ab<\/p>\n\n      <\/div>\n  <\/div>\n<div class=\"block core-block core-block--paragraph\">\n      <div class=\"inner inner--small\">\n      \n<p><strong>Ser du et mere forpligtende samarbejde mellem Forsvaret og det civile erhvervsliv i de kommende \u00e5r?<\/strong><\/p>\n\n      <\/div>\n  <\/div>\n<div class=\"block core-block core-block--paragraph\">\n      <div class=\"inner inner--small\">\n      \n<p>\u00bbJa, det g\u00f8r jeg. Lige nu tr\u00e6kker vi kun p\u00e5 det samfundssind, som den enkelte virksomhed har. Vi sp\u00f8rger, om vi m\u00e5 f\u00e5 lov at l\u00e5ne deres medarbejdere nogle dage om \u00e5ret. Der skal vi hen et sted, hvor samarbejdet er mere forpligtende. Hvor vi kan tilbyde virksomhederne noget, de virkelig kan bruge og har gavn af. Og hvor vi til geng\u00e6ld kan stille nogle krav om at kunne tr\u00e6kke p\u00e5 nogle af deres medarbejdere i perioder af \u00e5ret. Vi kan fx bidrage med kompetenceudvikling af disse medarbejdere. Der skal v\u00e6re noget i det for alle parter. B\u00e5de for medarbejderne, virksomhederne og for os. I Forsvaret har vi brug for en r\u00e6kke civile kompetencer \u2013 fagl\u00e6rte og ufagl\u00e6rte, juridiske, h\u00e5ndv\u00e6rksm\u00e6ssige og sundhedsfaglige. Der kan jeg se et stort overlap mellem os og s\u00e5 en r\u00e6kke private virksomheder og offentlige instanser.\u00ab<\/p>\n\n      <\/div>\n  <\/div>\n<div class=\"block core-block core-block--paragraph\">\n      <div class=\"inner inner--small\">\n      \n<p><strong>Der er lande, der er langt foran os mht. samarbejde mellem forsvarene og det civile, fx Storbritannien\u2026<\/strong><\/p>\n\n      <\/div>\n  <\/div>\n<div class=\"block core-block core-block--paragraph\">\n      <div class=\"inner inner--small\">\n      \n<p>\u00bbB\u00e5de engl\u00e6nderne og amerikanerne har et langt st\u00e6rkere forhold mellem deres forsvar og deres civile sektor. Det er meget lettere at komme fra deres forsvar og over i det civile og den anden vej, end det er hos os. Hos os har tilgangen v\u00e6ret meget mere lukket. Det skal \u00e6ndres nu. Det er bl.a. det, vi arbejder for gennem Center for Reservestyrken og gennem InterForce, som er den gren af Forsvaret, der r\u00e6kker ud mod det civile arbejdsmarked.\u00ab<\/p>\n\n      <\/div>\n  <\/div>\n<div class=\"block core-block core-block--image\">\n      <div class=\"inner inner--small\">\n      \n<figure class=\"wp-block-image size-large\"><img loading=\"lazy\" decoding=\"async\" width=\"683\" height=\"1024\" src=\"\/app\/uploads\/2022\/09\/IMG_2506-683x1024.jpg\" alt=\"InterForce arbejder for at bygge bro mellem Forsvaret og det civile arbejdsmarked, for Danmarks sikkerhed. \" class=\"wp-image-12968\" srcset=\"https:\/\/www.interforce.dk\/app\/uploads\/2022\/09\/IMG_2506-683x1024.jpg 683w, https:\/\/www.interforce.dk\/app\/uploads\/2022\/09\/IMG_2506-200x300.jpg 200w, https:\/\/www.interforce.dk\/app\/uploads\/2022\/09\/IMG_2506-768x1152.jpg 768w, https:\/\/www.interforce.dk\/app\/uploads\/2022\/09\/IMG_2506-1024x1536.jpg 1024w, https:\/\/www.interforce.dk\/app\/uploads\/2022\/09\/IMG_2506-1365x2048.jpg 1365w, https:\/\/www.interforce.dk\/app\/uploads\/2022\/09\/IMG_2506-8x12.jpg 8w, https:\/\/www.interforce.dk\/app\/uploads\/2022\/09\/IMG_2506-scaled.jpg 1707w\" sizes=\"auto, (max-width: 683px) 100vw, 683px\" \/><figcaption>Foto: Simon Staffeldt Schou<\/figcaption><\/figure>\n\n      <\/div>\n  <\/div>\n<div class=\"block core-block core-block--paragraph\">\n      <div class=\"inner inner--small\">\n      \n<p><strong>Men Forsvaret skal ogs\u00e5 se n\u00e6rmere p\u00e5, hvad det er for nogle klare fordele, man kan tilbyde det civile arbejdsmarked for at opn\u00e5 et mere forpligtende samarbejde?<\/strong><\/p>\n\n      <\/div>\n  <\/div>\n<div class=\"block core-block core-block--paragraph\">\n      <div class=\"inner inner--small\">\n      \n<p>\u00bbJa, der har vi ikke fundet de vises sten endnu. Men det er noget, der i den grad bliver arbejdet p\u00e5. Helt op p\u00e5 det h\u00f8jeste politiske niveau. Det er bl.a. noget, vi giver stor opm\u00e6rksomhed i forhold til et nyt, kommende forsvarsforlig. Vi har simpelthen brug for flere h\u00e6nder i Forsvaret, s\u00e5 vi sammen kan tage godt h\u00e5nd om Danmarks samlede sikkerhed.\u00ab<\/p>\n\n      <\/div>\n  <\/div>\n<div class=\"block core-block core-block--paragraph\">\n      <div class=\"inner inner--small\">\n      \n<p>L\u00e6s ogs\u00e5: <a href=\"https:\/\/www.interforce.dk\/en\/faelles-opgave-at-vaerne-om-danmarks-sikkerhed\/\" target=\"_blank\" rel=\"noreferrer noopener\">\u00bbDet er en f\u00e6lles opgave at v\u00e6rne om Danmarks sikkerhed.\u00ab<\/a><\/p>\n\n      <\/div>\n  <\/div>","protected":false},"excerpt":{"rendered":"Invasionen af Ukraine tilbage i februar markerede starten p\u00e5 en ny verdensorden...","protected":false},"author":111,"featured_media":12965,"comment_status":"closed","ping_status":"closed","sticky":false,"template":"","format":"standard","meta":{"_acf_changed":false,"footnotes":""},"categories":[8],"tags":[],"class_list":["post-12964","post","type-post","status-publish","format-standard","has-post-thumbnail","hentry","category-sikkerhedsnyt"],"acf":[],"yoast_head":"<!-- This site is optimized with the Yoast SEO plugin v27.3 - https:\/\/yoast.com\/product\/yoast-seo-wordpress\/ -->\n<title>Forsvarschefen: \u00bbVi skal have et st\u00f8rre samarbejde med det civile arbejdsmarked om Danmarks sikkerhed\u00ab - InterForce<\/title>\n<meta name=\"description\" content=\"Hvad betyder den nye verdensorden for samfundet og for forholdet mellem Forsvaret og det civile arbejdsmarked - og for Danmarks sikkerhed?\" \/>\n<meta name=\"robots\" content=\"index, follow, max-snippet:-1, max-image-preview:large, max-video-preview:-1\" \/>\n<link rel=\"canonical\" href=\"https:\/\/www.interforce.dk\/en\/samarbejde-om-danmarks-sikkerhed\/\" \/>\n<meta property=\"og:locale\" content=\"en_GB\" \/>\n<meta property=\"og:type\" content=\"article\" \/>\n<meta property=\"og:title\" content=\"Forsvarschefen: \u00bbVi skal have et st\u00f8rre samarbejde med det civile arbejdsmarked om Danmarks sikkerhed\u00ab - InterForce\" \/>\n<meta property=\"og:description\" content=\"Hvad betyder den nye verdensorden for samfundet og for forholdet mellem Forsvaret og det civile arbejdsmarked - og for Danmarks sikkerhed?\" \/>\n<meta property=\"og:url\" content=\"https:\/\/www.interforce.dk\/en\/samarbejde-om-danmarks-sikkerhed\/\" \/>\n<meta property=\"og:site_name\" content=\"InterForce\" \/>\n<meta property=\"article:published_time\" content=\"2022-09-23T08:31:08+00:00\" \/>\n<meta property=\"article:modified_time\" content=\"2022-09-23T08:45:47+00:00\" \/>\n<meta property=\"og:image\" content=\"https:\/\/www.interforce.dk\/app\/uploads\/2022\/09\/Lentfer-scaled.jpg\" \/>\n\t<meta property=\"og:image:width\" content=\"1707\" \/>\n\t<meta property=\"og:image:height\" content=\"2560\" \/>\n\t<meta property=\"og:image:type\" content=\"image\/jpeg\" \/>\n<meta name=\"author\" content=\"Simon Staffeldt Schou\" \/>\n<meta name=\"twitter:card\" content=\"summary_large_image\" \/>\n<meta name=\"twitter:label1\" content=\"Written by\" \/>\n\t<meta name=\"twitter:data1\" content=\"Simon Staffeldt Schou\" \/>\n\t<meta name=\"twitter:label2\" content=\"Est. reading time\" \/>\n\t<meta name=\"twitter:data2\" content=\"5 minutes\" \/>\n<script type=\"application\/ld+json\" class=\"yoast-schema-graph\">{\"@context\":\"https:\\\/\\\/schema.org\",\"@graph\":[{\"@type\":\"Article\",\"@id\":\"https:\\\/\\\/www.interforce.dk\\\/kl\\\/samarbejde-om-danmarks-sikkerhed\\\/#article\",\"isPartOf\":{\"@id\":\"https:\\\/\\\/www.interforce.dk\\\/kl\\\/samarbejde-om-danmarks-sikkerhed\\\/\"},\"author\":{\"name\":\"Simon Staffeldt Schou\",\"@id\":\"https:\\\/\\\/www.interforce.dk\\\/#\\\/schema\\\/person\\\/3604a2bb29e48048ea484fbfb3703fad\"},\"headline\":\"Forsvarschefen: \u00bbVi skal have et st\u00f8rre samarbejde med det civile arbejdsmarked om Danmarks sikkerhed\u00ab\",\"datePublished\":\"2022-09-23T08:31:08+00:00\",\"dateModified\":\"2022-09-23T08:45:47+00:00\",\"mainEntityOfPage\":{\"@id\":\"https:\\\/\\\/www.interforce.dk\\\/kl\\\/samarbejde-om-danmarks-sikkerhed\\\/\"},\"wordCount\":1006,\"image\":{\"@id\":\"https:\\\/\\\/www.interforce.dk\\\/kl\\\/samarbejde-om-danmarks-sikkerhed\\\/#primaryimage\"},\"thumbnailUrl\":\"https:\\\/\\\/www.interforce.dk\\\/app\\\/uploads\\\/2022\\\/09\\\/Lentfer-scaled.jpg\",\"articleSection\":[\"Sikkerhedsnyt\"],\"inLanguage\":\"en-GB\"},{\"@type\":\"WebPage\",\"@id\":\"https:\\\/\\\/www.interforce.dk\\\/kl\\\/samarbejde-om-danmarks-sikkerhed\\\/\",\"url\":\"https:\\\/\\\/www.interforce.dk\\\/kl\\\/samarbejde-om-danmarks-sikkerhed\\\/\",\"name\":\"Forsvarschefen: \u00bbVi skal have et st\u00f8rre samarbejde med det civile arbejdsmarked om Danmarks sikkerhed\u00ab - InterForce\",\"isPartOf\":{\"@id\":\"https:\\\/\\\/www.interforce.dk\\\/#website\"},\"primaryImageOfPage\":{\"@id\":\"https:\\\/\\\/www.interforce.dk\\\/kl\\\/samarbejde-om-danmarks-sikkerhed\\\/#primaryimage\"},\"image\":{\"@id\":\"https:\\\/\\\/www.interforce.dk\\\/kl\\\/samarbejde-om-danmarks-sikkerhed\\\/#primaryimage\"},\"thumbnailUrl\":\"https:\\\/\\\/www.interforce.dk\\\/app\\\/uploads\\\/2022\\\/09\\\/Lentfer-scaled.jpg\",\"datePublished\":\"2022-09-23T08:31:08+00:00\",\"dateModified\":\"2022-09-23T08:45:47+00:00\",\"author\":{\"@id\":\"https:\\\/\\\/www.interforce.dk\\\/#\\\/schema\\\/person\\\/3604a2bb29e48048ea484fbfb3703fad\"},\"description\":\"Hvad betyder den nye verdensorden for samfundet og for forholdet mellem Forsvaret og det civile arbejdsmarked - og for Danmarks sikkerhed?\",\"breadcrumb\":{\"@id\":\"https:\\\/\\\/www.interforce.dk\\\/kl\\\/samarbejde-om-danmarks-sikkerhed\\\/#breadcrumb\"},\"inLanguage\":\"en-GB\",\"potentialAction\":[{\"@type\":\"ReadAction\",\"target\":[\"https:\\\/\\\/www.interforce.dk\\\/kl\\\/samarbejde-om-danmarks-sikkerhed\\\/\"]}]},{\"@type\":\"ImageObject\",\"inLanguage\":\"en-GB\",\"@id\":\"https:\\\/\\\/www.interforce.dk\\\/kl\\\/samarbejde-om-danmarks-sikkerhed\\\/#primaryimage\",\"url\":\"https:\\\/\\\/www.interforce.dk\\\/app\\\/uploads\\\/2022\\\/09\\\/Lentfer-scaled.jpg\",\"contentUrl\":\"https:\\\/\\\/www.interforce.dk\\\/app\\\/uploads\\\/2022\\\/09\\\/Lentfer-scaled.jpg\",\"width\":1707,\"height\":2560},{\"@type\":\"BreadcrumbList\",\"@id\":\"https:\\\/\\\/www.interforce.dk\\\/kl\\\/samarbejde-om-danmarks-sikkerhed\\\/#breadcrumb\",\"itemListElement\":[{\"@type\":\"ListItem\",\"position\":1,\"name\":\"Hjem\",\"item\":\"https:\\\/\\\/www.interforce.dk\\\/\"},{\"@type\":\"ListItem\",\"position\":2,\"name\":\"Forsvarschefen: \u00bbVi skal have et st\u00f8rre samarbejde med det civile arbejdsmarked om Danmarks sikkerhed\u00ab\"}]},{\"@type\":\"WebSite\",\"@id\":\"https:\\\/\\\/www.interforce.dk\\\/#website\",\"url\":\"https:\\\/\\\/www.interforce.dk\\\/\",\"name\":\"InterForce\",\"description\":\"\",\"potentialAction\":[{\"@type\":\"SearchAction\",\"target\":{\"@type\":\"EntryPoint\",\"urlTemplate\":\"https:\\\/\\\/www.interforce.dk\\\/?s={search_term_string}\"},\"query-input\":{\"@type\":\"PropertyValueSpecification\",\"valueRequired\":true,\"valueName\":\"search_term_string\"}}],\"inLanguage\":\"en-GB\"},{\"@type\":\"Person\",\"@id\":\"https:\\\/\\\/www.interforce.dk\\\/#\\\/schema\\\/person\\\/3604a2bb29e48048ea484fbfb3703fad\",\"name\":\"Simon Staffeldt Schou\",\"image\":{\"@type\":\"ImageObject\",\"inLanguage\":\"en-GB\",\"@id\":\"https:\\\/\\\/secure.gravatar.com\\\/avatar\\\/1ff3b89414668243258c5ed26b84872c273dcdf7fe7ee0c553a52e1b4c2002fd?s=96&d=mm&r=g\",\"url\":\"https:\\\/\\\/secure.gravatar.com\\\/avatar\\\/1ff3b89414668243258c5ed26b84872c273dcdf7fe7ee0c553a52e1b4c2002fd?s=96&d=mm&r=g\",\"contentUrl\":\"https:\\\/\\\/secure.gravatar.com\\\/avatar\\\/1ff3b89414668243258c5ed26b84872c273dcdf7fe7ee0c553a52e1b4c2002fd?s=96&d=mm&r=g\",\"caption\":\"Simon Staffeldt Schou\"},\"url\":\"https:\\\/\\\/www.interforce.dk\\\/en\\\/author\\\/simon\\\/\"}]}<\/script>\n<!-- \/ Yoast SEO plugin. -->","yoast_head_json":{"title":"Forsvarschefen: \u00bbVi skal have et st\u00f8rre samarbejde med det civile arbejdsmarked om Danmarks sikkerhed\u00ab - InterForce","description":"Hvad betyder den nye verdensorden for samfundet og for forholdet mellem Forsvaret og det civile arbejdsmarked - og for Danmarks sikkerhed?","robots":{"index":"index","follow":"follow","max-snippet":"max-snippet:-1","max-image-preview":"max-image-preview:large","max-video-preview":"max-video-preview:-1"},"canonical":"https:\/\/www.interforce.dk\/en\/samarbejde-om-danmarks-sikkerhed\/","og_locale":"en_GB","og_type":"article","og_title":"Forsvarschefen: \u00bbVi skal have et st\u00f8rre samarbejde med det civile arbejdsmarked om Danmarks sikkerhed\u00ab - InterForce","og_description":"Hvad betyder den nye verdensorden for samfundet og for forholdet mellem Forsvaret og det civile arbejdsmarked - og for Danmarks sikkerhed?","og_url":"https:\/\/www.interforce.dk\/en\/samarbejde-om-danmarks-sikkerhed\/","og_site_name":"InterForce","article_published_time":"2022-09-23T08:31:08+00:00","article_modified_time":"2022-09-23T08:45:47+00:00","og_image":[{"width":1707,"height":2560,"url":"https:\/\/www.interforce.dk\/app\/uploads\/2022\/09\/Lentfer-scaled.jpg","type":"image\/jpeg"}],"author":"Simon Staffeldt Schou","twitter_card":"summary_large_image","twitter_misc":{"Written by":"Simon Staffeldt Schou","Est. reading time":"5 minutes"},"schema":{"@context":"https:\/\/schema.org","@graph":[{"@type":"Article","@id":"https:\/\/www.interforce.dk\/kl\/samarbejde-om-danmarks-sikkerhed\/#article","isPartOf":{"@id":"https:\/\/www.interforce.dk\/kl\/samarbejde-om-danmarks-sikkerhed\/"},"author":{"name":"Simon Staffeldt Schou","@id":"https:\/\/www.interforce.dk\/#\/schema\/person\/3604a2bb29e48048ea484fbfb3703fad"},"headline":"Forsvarschefen: \u00bbVi skal have et st\u00f8rre samarbejde med det civile arbejdsmarked om Danmarks sikkerhed\u00ab","datePublished":"2022-09-23T08:31:08+00:00","dateModified":"2022-09-23T08:45:47+00:00","mainEntityOfPage":{"@id":"https:\/\/www.interforce.dk\/kl\/samarbejde-om-danmarks-sikkerhed\/"},"wordCount":1006,"image":{"@id":"https:\/\/www.interforce.dk\/kl\/samarbejde-om-danmarks-sikkerhed\/#primaryimage"},"thumbnailUrl":"https:\/\/www.interforce.dk\/app\/uploads\/2022\/09\/Lentfer-scaled.jpg","articleSection":["Sikkerhedsnyt"],"inLanguage":"en-GB"},{"@type":"WebPage","@id":"https:\/\/www.interforce.dk\/kl\/samarbejde-om-danmarks-sikkerhed\/","url":"https:\/\/www.interforce.dk\/kl\/samarbejde-om-danmarks-sikkerhed\/","name":"Forsvarschefen: \u00bbVi skal have et st\u00f8rre samarbejde med det civile arbejdsmarked om Danmarks sikkerhed\u00ab - InterForce","isPartOf":{"@id":"https:\/\/www.interforce.dk\/#website"},"primaryImageOfPage":{"@id":"https:\/\/www.interforce.dk\/kl\/samarbejde-om-danmarks-sikkerhed\/#primaryimage"},"image":{"@id":"https:\/\/www.interforce.dk\/kl\/samarbejde-om-danmarks-sikkerhed\/#primaryimage"},"thumbnailUrl":"https:\/\/www.interforce.dk\/app\/uploads\/2022\/09\/Lentfer-scaled.jpg","datePublished":"2022-09-23T08:31:08+00:00","dateModified":"2022-09-23T08:45:47+00:00","author":{"@id":"https:\/\/www.interforce.dk\/#\/schema\/person\/3604a2bb29e48048ea484fbfb3703fad"},"description":"Hvad betyder den nye verdensorden for samfundet og for forholdet mellem Forsvaret og det civile arbejdsmarked - og for Danmarks sikkerhed?","breadcrumb":{"@id":"https:\/\/www.interforce.dk\/kl\/samarbejde-om-danmarks-sikkerhed\/#breadcrumb"},"inLanguage":"en-GB","potentialAction":[{"@type":"ReadAction","target":["https:\/\/www.interforce.dk\/kl\/samarbejde-om-danmarks-sikkerhed\/"]}]},{"@type":"ImageObject","inLanguage":"en-GB","@id":"https:\/\/www.interforce.dk\/kl\/samarbejde-om-danmarks-sikkerhed\/#primaryimage","url":"https:\/\/www.interforce.dk\/app\/uploads\/2022\/09\/Lentfer-scaled.jpg","contentUrl":"https:\/\/www.interforce.dk\/app\/uploads\/2022\/09\/Lentfer-scaled.jpg","width":1707,"height":2560},{"@type":"BreadcrumbList","@id":"https:\/\/www.interforce.dk\/kl\/samarbejde-om-danmarks-sikkerhed\/#breadcrumb","itemListElement":[{"@type":"ListItem","position":1,"name":"Hjem","item":"https:\/\/www.interforce.dk\/"},{"@type":"ListItem","position":2,"name":"Forsvarschefen: \u00bbVi skal have et st\u00f8rre samarbejde med det civile arbejdsmarked om Danmarks sikkerhed\u00ab"}]},{"@type":"WebSite","@id":"https:\/\/www.interforce.dk\/#website","url":"https:\/\/www.interforce.dk\/","name":"InterForce","description":"","potentialAction":[{"@type":"SearchAction","target":{"@type":"EntryPoint","urlTemplate":"https:\/\/www.interforce.dk\/?s={search_term_string}"},"query-input":{"@type":"PropertyValueSpecification","valueRequired":true,"valueName":"search_term_string"}}],"inLanguage":"en-GB"},{"@type":"Person","@id":"https:\/\/www.interforce.dk\/#\/schema\/person\/3604a2bb29e48048ea484fbfb3703fad","name":"Simon Staffeldt Schou","image":{"@type":"ImageObject","inLanguage":"en-GB","@id":"https:\/\/secure.gravatar.com\/avatar\/1ff3b89414668243258c5ed26b84872c273dcdf7fe7ee0c553a52e1b4c2002fd?s=96&d=mm&r=g","url":"https:\/\/secure.gravatar.com\/avatar\/1ff3b89414668243258c5ed26b84872c273dcdf7fe7ee0c553a52e1b4c2002fd?s=96&d=mm&r=g","contentUrl":"https:\/\/secure.gravatar.com\/avatar\/1ff3b89414668243258c5ed26b84872c273dcdf7fe7ee0c553a52e1b4c2002fd?s=96&d=mm&r=g","caption":"Simon Staffeldt Schou"},"url":"https:\/\/www.interforce.dk\/en\/author\/simon\/"}]}},"_links":{"self":[{"href":"https:\/\/www.interforce.dk\/en\/wp-json\/wp\/v2\/posts\/12964","targetHints":{"allow":["GET"]}}],"collection":[{"href":"https:\/\/www.interforce.dk\/en\/wp-json\/wp\/v2\/posts"}],"about":[{"href":"https:\/\/www.interforce.dk\/en\/wp-json\/wp\/v2\/types\/post"}],"author":[{"embeddable":true,"href":"https:\/\/www.interforce.dk\/en\/wp-json\/wp\/v2\/users\/111"}],"replies":[{"embeddable":true,"href":"https:\/\/www.interforce.dk\/en\/wp-json\/wp\/v2\/comments?post=12964"}],"version-history":[{"count":3,"href":"https:\/\/www.interforce.dk\/en\/wp-json\/wp\/v2\/posts\/12964\/revisions"}],"predecessor-version":[{"id":12972,"href":"https:\/\/www.interforce.dk\/en\/wp-json\/wp\/v2\/posts\/12964\/revisions\/12972"}],"wp:featuredmedia":[{"embeddable":true,"href":"https:\/\/www.interforce.dk\/en\/wp-json\/wp\/v2\/media\/12965"}],"wp:attachment":[{"href":"https:\/\/www.interforce.dk\/en\/wp-json\/wp\/v2\/media?parent=12964"}],"wp:term":[{"taxonomy":"category","embeddable":true,"href":"https:\/\/www.interforce.dk\/en\/wp-json\/wp\/v2\/categories?post=12964"},{"taxonomy":"post_tag","embeddable":true,"href":"https:\/\/www.interforce.dk\/en\/wp-json\/wp\/v2\/tags?post=12964"}],"curies":[{"name":"wp","href":"https:\/\/api.w.org\/{rel}","templated":true}]}}