{"id":12872,"date":"2022-09-01T08:50:09","date_gmt":"2022-09-01T08:50:09","guid":{"rendered":"https:\/\/www.interforce.dk\/?p=12872"},"modified":"2025-08-21T11:10:54","modified_gmt":"2025-08-21T11:10:54","slug":"succesfulde-staerekassemoeder","status":"publish","type":"post","link":"https:\/\/www.interforce.dk\/en\/succesfulde-staerekassemoeder\/","title":{"rendered":"Succesfulde St\u00e6rekassem\u00f8der"},"content":{"rendered":"<div class=\"block core-block core-block--paragraph\">\n      <div class=\"inner inner--small\">\n      \n<p>D. 24.-25. august slog InterForce Region Hovedstaden for syvende gang d\u00f8rene op for de traditionsrige St\u00e6rekassem\u00f8der. <\/p>\n\n      <\/div>\n  <\/div>\n<div class=\"block core-block core-block--image\">\n      <div class=\"inner inner--small\">\n      \n<figure class=\"wp-block-image size-large\"><img loading=\"lazy\" decoding=\"async\" width=\"1024\" height=\"683\" src=\"\/app\/uploads\/2022\/09\/E2A3710_resize-1024x683.jpg\" alt=\"Livgardens Tambourkorps deltog p\u00e5 de to St\u00e6rekassem\u00f8der.\" class=\"wp-image-12877\" srcset=\"https:\/\/www.interforce.dk\/app\/uploads\/2022\/09\/E2A3710_resize-1024x683.jpg 1024w, https:\/\/www.interforce.dk\/app\/uploads\/2022\/09\/E2A3710_resize-300x200.jpg 300w, https:\/\/www.interforce.dk\/app\/uploads\/2022\/09\/E2A3710_resize-768x512.jpg 768w, https:\/\/www.interforce.dk\/app\/uploads\/2022\/09\/E2A3710_resize-16x12.jpg 16w, https:\/\/www.interforce.dk\/app\/uploads\/2022\/09\/E2A3710_resize.jpg 1200w\" sizes=\"auto, (max-width: 1024px) 100vw, 1024px\" \/><figcaption class=\"wp-element-caption\">Livgardens Tambourkorps deltog p\u00e5 de to St\u00e6rekassem\u00f8der.<\/figcaption><\/figure>\n\n      <\/div>\n  <\/div>\n<div class=\"block core-block core-block--paragraph\">\n      <div class=\"inner inner--small\">\n      \n<p>Som det er tradition, m\u00f8dtes et bredt udvalg af danske virksomhedsledere og HR-chefer med Forsvarets ledelse p\u00e5 f\u00f8rstedagen. P\u00e5 andendagen m\u00f8dtes toplederne med Forsvarets \u00f8verste ledelse.<\/p>\n\n      <\/div>\n  <\/div>\n<div class=\"block core-block core-block--image\">\n      <div class=\"inner inner--small\">\n      \n<figure class=\"wp-block-image size-large\"><img loading=\"lazy\" decoding=\"async\" width=\"1024\" height=\"683\" src=\"\/app\/uploads\/2022\/09\/E2A3589_resize-1024x683.jpg\" alt=\"Igen i \u00e5r var et bredt udvalg af virksomhedsledere, HR-chefer og topledere inviterede til debat med Forsvarets ledelse og topledelse p\u00e5 det traditionsrige St\u00e6rekassem\u00f8der.\" class=\"wp-image-12874\" srcset=\"https:\/\/www.interforce.dk\/app\/uploads\/2022\/09\/E2A3589_resize-1024x683.jpg 1024w, https:\/\/www.interforce.dk\/app\/uploads\/2022\/09\/E2A3589_resize-300x200.jpg 300w, https:\/\/www.interforce.dk\/app\/uploads\/2022\/09\/E2A3589_resize-768x512.jpg 768w, https:\/\/www.interforce.dk\/app\/uploads\/2022\/09\/E2A3589_resize-16x12.jpg 16w, https:\/\/www.interforce.dk\/app\/uploads\/2022\/09\/E2A3589_resize.jpg 1200w\" sizes=\"auto, (max-width: 1024px) 100vw, 1024px\" \/><figcaption class=\"wp-element-caption\">Igen i \u00e5r var et bredt udvalg af virksomhedsledere, HR-chefer og topledere inviterede til debat med Forsvarets ledelse og topledelse.<\/figcaption><\/figure>\n\n      <\/div>\n  <\/div>\n<div class=\"block core-block core-block--paragraph\">\n      <div class=\"inner inner--small\">\n      \n<p>Debatemnet var det samme de to aftener, nemlig resultat- og relationsorienteret ledelsesstil i forhold til den enkelte m\u00f8dedeltagers ledelsesstil. Debatten kom ogs\u00e5 hurtigt til at handle om de ledelsesm\u00e6ssige udfordringer i en tid med pandemier, forsyningsproblemer, krig i Ukraine og inflation. Og ikke mindst et arbejdsmarked, der skriger p\u00e5 flere h\u00e6nder, b\u00e5de i Forsvaret, i det offentlige og p\u00e5 det private arbejdsmarked.<\/p>\n\n      <\/div>\n  <\/div>\n<div class=\"block core-block core-block--heading\">\n      <div class=\"inner inner--small\">\n      \n<h2 class=\"wp-block-heading\">Krav om purpose<\/h2>\n\n      <\/div>\n  <\/div>\n<div class=\"block core-block core-block--paragraph\">\n      <div class=\"inner inner--small\">\n      \n<p>Det er en tid, hvor ledelse er vigtigere end nogensinde f\u00f8r, understregede Forsvarschef Flemming Lentfer i sit opl\u00e6g. Men en ledelse, der i h\u00f8jere grad skal inddrage medarbejderne, s\u00e5 de tydeligt f\u00f8ler, at der er et h\u00f8jere form\u00e5l, et purpose, med deres arbejde.<\/p>\n\n      <\/div>\n  <\/div>\n<div class=\"block core-block core-block--image\">\n      <div class=\"inner inner--small\">\n      \n<figure class=\"wp-block-image size-large\"><img loading=\"lazy\" decoding=\"async\" width=\"1024\" height=\"683\" src=\"\/app\/uploads\/2022\/09\/E2A3565_resize-1024x683.jpg\" alt=\"CEO for Salling Group, Per Bank, lagde v\u00e6gt p\u00e5, at ledelse skal v\u00e6re v\u00e6rdibaseret og give medarbejderne et tydeligt form\u00e5l med deres arbejde.\" class=\"wp-image-12875\" srcset=\"https:\/\/www.interforce.dk\/app\/uploads\/2022\/09\/E2A3565_resize-1024x683.jpg 1024w, https:\/\/www.interforce.dk\/app\/uploads\/2022\/09\/E2A3565_resize-300x200.jpg 300w, https:\/\/www.interforce.dk\/app\/uploads\/2022\/09\/E2A3565_resize-768x512.jpg 768w, https:\/\/www.interforce.dk\/app\/uploads\/2022\/09\/E2A3565_resize-16x12.jpg 16w, https:\/\/www.interforce.dk\/app\/uploads\/2022\/09\/E2A3565_resize.jpg 1200w\" sizes=\"auto, (max-width: 1024px) 100vw, 1024px\" \/><figcaption class=\"wp-element-caption\">CEO for Salling Group, Per Bank, lagde v\u00e6gt p\u00e5, at ledelse skal v\u00e6re v\u00e6rdibaseret og give medarbejderne et tydeligt form\u00e5l med deres arbejde.<\/figcaption><\/figure>\n\n      <\/div>\n  <\/div>\n<div class=\"block core-block core-block--paragraph\">\n      <div class=\"inner inner--small\">\n      \n<p>Der var en tydelig r\u00e5d tr\u00e5d i samtalerne over de to dage: S\u00e6rligt de yngre generationer p\u00e5 arbejdsmarkedet kr\u00e6ver ikke bare st\u00f8rre fleksibilitet, men ogs\u00e5 et tydeligt form\u00e5l med deres arbejde. Det kom s\u00e6rligt til udtryk i CEO for <a href=\"https:\/\/sallinggroup.com\/\" target=\"_blank\" rel=\"noreferrer noopener\">Salling Group<\/a>,&nbsp;Per Banks debatopl\u00e6g:<\/p>\n\n      <\/div>\n  <\/div>\n<div class=\"block core-block core-block--paragraph\">\n      <div class=\"inner inner--small\">\n      \n<p>Ledelse skal v\u00e6re purpose-drevet, den skal v\u00e6re v\u00e6rdibaseret. Der skal noget mere til end bare en \u00f8konomisk bundlinje! Der skal ogs\u00e5 v\u00e6re fokus p\u00e5 den energi-, milj\u00f8m\u00e6ssige- og sikkerhedspolitiske bundlinje.<\/p>\n\n      <\/div>\n  <\/div>\n<div class=\"block core-block core-block--heading\">\n      <div class=\"inner inner--small\">\n      \n<h2 class=\"wp-block-heading\">Relationsorienteret ledelsesstil<\/h2>\n\n      <\/div>\n  <\/div>\n<div class=\"block core-block core-block--paragraph\">\n      <div class=\"inner inner--small\">\n      \n<p>Begge dage modererede\u00a0<a href=\"https:\/\/www.linkedin.com\/in\/ACoAAAL1f0IBOEc8tpYqVZ62o-Lplx0tt3K6dfU\" target=\"_blank\" rel=\"noreferrer noopener\">Thomas Juul-Dam<\/a>, tidligere s\u00e6rlig r\u00e5dgiver for statsminister Helle Thorning-Schmidt, debatterne. Formand for InterForce Region Hovedstaden, professionel bestyrelsesformand og \u2013medlem af en r\u00e6kke bestyrelser\u00a0<a href=\"https:\/\/www.linkedin.com\/in\/ACoAAAAKMh8BTxvTtqR0DPNnewaYh_CrH7_-RJ8\" target=\"_blank\" rel=\"noreferrer noopener\">Martin B\u00f8ge Mikkelsen<\/a>\u00a0satte rammerne for de to debataftener. Ved afslutningen af de to dages St\u00e6rekassem\u00f8der opsummerede han:<\/p>\n\n      <\/div>\n  <\/div>\n<div class=\"block core-block core-block--paragraph\">\n      <div class=\"inner inner--small\">\n      \n<p>De medarbejdere, der er s\u00e6rligt efterspurgt i disse \u00e5r, er begavede, arbejdssomme, har h\u00f8je sociale kompetencer og \u00f8nsker st\u00f8rre fleksibilitet. Derudover eftersp\u00f8rger de mere end tidligere et h\u00f8jere form\u00e5l med deres arbejde. Det kr\u00e6ver derfor et s\u00e6rligt fokus p\u00e5 den relationsorienterede ledelsesstil af den leder, der vil tiltr\u00e6kke de rette medarbejdere til sin virksomhed.<\/p>\n\n      <\/div>\n  <\/div>\n<div class=\"block core-block core-block--image\">\n      <div class=\"inner inner--small\">\n      \n<figure class=\"wp-block-image size-large\"><img loading=\"lazy\" decoding=\"async\" width=\"1024\" height=\"683\" src=\"\/app\/uploads\/2022\/09\/E2A3346_resize-1024x683.jpg\" alt=\"Forpersonen for InterForce Region Hovedstaden, Martin B\u00f8ge Mikkelsen, satte rammerne om de to debataftener.\" class=\"wp-image-12873\" srcset=\"https:\/\/www.interforce.dk\/app\/uploads\/2022\/09\/E2A3346_resize-1024x683.jpg 1024w, https:\/\/www.interforce.dk\/app\/uploads\/2022\/09\/E2A3346_resize-300x200.jpg 300w, https:\/\/www.interforce.dk\/app\/uploads\/2022\/09\/E2A3346_resize-768x512.jpg 768w, https:\/\/www.interforce.dk\/app\/uploads\/2022\/09\/E2A3346_resize-16x12.jpg 16w, https:\/\/www.interforce.dk\/app\/uploads\/2022\/09\/E2A3346_resize.jpg 1200w\" sizes=\"auto, (max-width: 1024px) 100vw, 1024px\" \/><figcaption class=\"wp-element-caption\">Formanden for InterForce Region Hovedstaden, Martin B\u00f8ge Mikkelsen, satte rammerne om de to debataftener.<\/figcaption><\/figure>\n\n      <\/div>\n  <\/div>\n<div class=\"block core-block core-block--paragraph\">\n      <div class=\"inner inner--small\">\n      \n<p>En stor tak til alle virksomhedslederne, der glade m\u00f8dte op til debat p\u00e5 de to St\u00e6rekassem\u00f8der. Tak til InterForce Region Hovedstaden for at planl\u00e6gge og eksekvere de to arrangementer. Og en stor tak til S\u00f8v\u00e6rnets og Livgardens Tambourkorps for at g\u00f8re aftenerne endnu mere festlige.<\/p>\n\n      <\/div>\n  <\/div>\n<div class=\"block core-block core-block--image\">\n      <div class=\"inner inner--small\">\n      \n<figure class=\"wp-block-image size-large\"><img loading=\"lazy\" decoding=\"async\" width=\"1024\" height=\"683\" src=\"\/app\/uploads\/2022\/09\/E2A3485_resize-1024x683.jpg\" alt=\"S\u00f8v\u00e6rnets Tambourkorps var med til at g\u00f8re St\u00e6rekassem\u00f8derne festlige. \" class=\"wp-image-12876\" srcset=\"https:\/\/www.interforce.dk\/app\/uploads\/2022\/09\/E2A3485_resize-1024x683.jpg 1024w, https:\/\/www.interforce.dk\/app\/uploads\/2022\/09\/E2A3485_resize-300x200.jpg 300w, https:\/\/www.interforce.dk\/app\/uploads\/2022\/09\/E2A3485_resize-768x512.jpg 768w, https:\/\/www.interforce.dk\/app\/uploads\/2022\/09\/E2A3485_resize-16x12.jpg 16w, https:\/\/www.interforce.dk\/app\/uploads\/2022\/09\/E2A3485_resize.jpg 1200w\" sizes=\"auto, (max-width: 1024px) 100vw, 1024px\" \/><figcaption class=\"wp-element-caption\">S\u00f8v\u00e6rnets Tambourkorps var med til at g\u00f8re debatarrangementerne festlige.<\/figcaption><\/figure>\n\n      <\/div>\n  <\/div>\n<div class=\"block core-block core-block--paragraph\">\n      <div class=\"inner inner--small\">\n      \n<p>Fotos: H\u00e9l\u00e8ne Marie Mogensen de Monl\u00e9on<\/p>\n\n      <\/div>\n  <\/div>\n<div class=\"block core-block core-block--paragraph\">\n      <div class=\"inner inner--small\">\n      \n<p>Er du interesseret i at h\u00f8re mere om InterForce Region Hovedstadens arrangementer, eller overvejer du at blive st\u00f8ttevirksomhed? <a href=\"https:\/\/www.interforce.dk\/en\/regioner\/region-hovedstaden\/\" target=\"_blank\" rel=\"noreferrer noopener\">Klik her for kontaktinfo.<\/a> <\/p>\n\n      <\/div>\n  <\/div>","protected":false},"excerpt":{"rendered":"D. 24.-25. august kunne InterForce Region Hovedstaden for syvende gang sl\u00e5 d\u00f8r...","protected":false},"author":111,"featured_media":12875,"comment_status":"closed","ping_status":"closed","sticky":false,"template":"","format":"standard","meta":{"_acf_changed":false,"footnotes":""},"categories":[13],"tags":[55],"class_list":["post-12872","post","type-post","status-publish","format-standard","has-post-thumbnail","hentry","category-events","tag-tag-hovedstaden"],"acf":[],"yoast_head":"<!-- This site is optimized with the Yoast SEO plugin v27.3 - https:\/\/yoast.com\/product\/yoast-seo-wordpress\/ -->\n<title>Succesfulde St\u00e6rekassem\u00f8der - InterForce<\/title>\n<meta name=\"description\" content=\"D. 24.-25. august kunne InterForce Region Hovedstaden for syvende gang sl\u00e5 d\u00f8rene op for de traditionsrige St\u00e6rekassem\u00f8der.\" \/>\n<meta name=\"robots\" content=\"index, follow, max-snippet:-1, max-image-preview:large, max-video-preview:-1\" \/>\n<link rel=\"canonical\" href=\"https:\/\/www.interforce.dk\/en\/succesfulde-staerekassemoeder\/\" \/>\n<meta property=\"og:locale\" content=\"en_GB\" \/>\n<meta property=\"og:type\" content=\"article\" \/>\n<meta property=\"og:title\" content=\"Succesfulde St\u00e6rekassem\u00f8der - InterForce\" \/>\n<meta property=\"og:description\" content=\"D. 24.-25. august kunne InterForce Region Hovedstaden for syvende gang sl\u00e5 d\u00f8rene op for de traditionsrige St\u00e6rekassem\u00f8der.\" \/>\n<meta property=\"og:url\" content=\"https:\/\/www.interforce.dk\/en\/succesfulde-staerekassemoeder\/\" \/>\n<meta property=\"og:site_name\" content=\"InterForce\" \/>\n<meta property=\"article:published_time\" content=\"2022-09-01T08:50:09+00:00\" \/>\n<meta property=\"article:modified_time\" content=\"2025-08-21T11:10:54+00:00\" \/>\n<meta property=\"og:image\" content=\"https:\/\/www.interforce.dk\/app\/uploads\/2022\/09\/E2A3565_resize.jpg\" \/>\n\t<meta property=\"og:image:width\" content=\"1200\" \/>\n\t<meta property=\"og:image:height\" content=\"800\" \/>\n\t<meta property=\"og:image:type\" content=\"image\/jpeg\" \/>\n<meta name=\"author\" content=\"Simon Staffeldt Schou\" \/>\n<meta name=\"twitter:card\" content=\"summary_large_image\" \/>\n<meta name=\"twitter:label1\" content=\"Written by\" \/>\n\t<meta name=\"twitter:data1\" content=\"Simon Staffeldt Schou\" \/>\n\t<meta name=\"twitter:label2\" content=\"Est. reading time\" \/>\n\t<meta name=\"twitter:data2\" content=\"4 minutes\" \/>\n<script type=\"application\/ld+json\" class=\"yoast-schema-graph\">{\"@context\":\"https:\\\/\\\/schema.org\",\"@graph\":[{\"@type\":\"Article\",\"@id\":\"https:\\\/\\\/www.interforce.dk\\\/succesfulde-staerekassemoeder\\\/#article\",\"isPartOf\":{\"@id\":\"https:\\\/\\\/www.interforce.dk\\\/succesfulde-staerekassemoeder\\\/\"},\"author\":{\"name\":\"Simon Staffeldt Schou\",\"@id\":\"https:\\\/\\\/www.interforce.dk\\\/#\\\/schema\\\/person\\\/3604a2bb29e48048ea484fbfb3703fad\"},\"headline\":\"Succesfulde St\u00e6rekassem\u00f8der\",\"datePublished\":\"2022-09-01T08:50:09+00:00\",\"dateModified\":\"2025-08-21T11:10:54+00:00\",\"mainEntityOfPage\":{\"@id\":\"https:\\\/\\\/www.interforce.dk\\\/succesfulde-staerekassemoeder\\\/\"},\"wordCount\":542,\"image\":{\"@id\":\"https:\\\/\\\/www.interforce.dk\\\/succesfulde-staerekassemoeder\\\/#primaryimage\"},\"thumbnailUrl\":\"https:\\\/\\\/www.interforce.dk\\\/app\\\/uploads\\\/2022\\\/09\\\/E2A3565_resize.jpg\",\"keywords\":[\"Tag:Hovedstaden\"],\"articleSection\":[\"Arrangementsomtale\"],\"inLanguage\":\"en-GB\"},{\"@type\":\"WebPage\",\"@id\":\"https:\\\/\\\/www.interforce.dk\\\/succesfulde-staerekassemoeder\\\/\",\"url\":\"https:\\\/\\\/www.interforce.dk\\\/succesfulde-staerekassemoeder\\\/\",\"name\":\"Succesfulde St\u00e6rekassem\u00f8der - InterForce\",\"isPartOf\":{\"@id\":\"https:\\\/\\\/www.interforce.dk\\\/#website\"},\"primaryImageOfPage\":{\"@id\":\"https:\\\/\\\/www.interforce.dk\\\/succesfulde-staerekassemoeder\\\/#primaryimage\"},\"image\":{\"@id\":\"https:\\\/\\\/www.interforce.dk\\\/succesfulde-staerekassemoeder\\\/#primaryimage\"},\"thumbnailUrl\":\"https:\\\/\\\/www.interforce.dk\\\/app\\\/uploads\\\/2022\\\/09\\\/E2A3565_resize.jpg\",\"datePublished\":\"2022-09-01T08:50:09+00:00\",\"dateModified\":\"2025-08-21T11:10:54+00:00\",\"author\":{\"@id\":\"https:\\\/\\\/www.interforce.dk\\\/#\\\/schema\\\/person\\\/3604a2bb29e48048ea484fbfb3703fad\"},\"description\":\"D. 24.-25. august kunne InterForce Region Hovedstaden for syvende gang sl\u00e5 d\u00f8rene op for de traditionsrige St\u00e6rekassem\u00f8der.\",\"breadcrumb\":{\"@id\":\"https:\\\/\\\/www.interforce.dk\\\/succesfulde-staerekassemoeder\\\/#breadcrumb\"},\"inLanguage\":\"en-GB\",\"potentialAction\":[{\"@type\":\"ReadAction\",\"target\":[\"https:\\\/\\\/www.interforce.dk\\\/succesfulde-staerekassemoeder\\\/\"]}]},{\"@type\":\"ImageObject\",\"inLanguage\":\"en-GB\",\"@id\":\"https:\\\/\\\/www.interforce.dk\\\/succesfulde-staerekassemoeder\\\/#primaryimage\",\"url\":\"https:\\\/\\\/www.interforce.dk\\\/app\\\/uploads\\\/2022\\\/09\\\/E2A3565_resize.jpg\",\"contentUrl\":\"https:\\\/\\\/www.interforce.dk\\\/app\\\/uploads\\\/2022\\\/09\\\/E2A3565_resize.jpg\",\"width\":1200,\"height\":800},{\"@type\":\"BreadcrumbList\",\"@id\":\"https:\\\/\\\/www.interforce.dk\\\/succesfulde-staerekassemoeder\\\/#breadcrumb\",\"itemListElement\":[{\"@type\":\"ListItem\",\"position\":1,\"name\":\"Hjem\",\"item\":\"https:\\\/\\\/www.interforce.dk\\\/\"},{\"@type\":\"ListItem\",\"position\":2,\"name\":\"Succesfulde St\u00e6rekassem\u00f8der\"}]},{\"@type\":\"WebSite\",\"@id\":\"https:\\\/\\\/www.interforce.dk\\\/#website\",\"url\":\"https:\\\/\\\/www.interforce.dk\\\/\",\"name\":\"InterForce\",\"description\":\"\",\"potentialAction\":[{\"@type\":\"SearchAction\",\"target\":{\"@type\":\"EntryPoint\",\"urlTemplate\":\"https:\\\/\\\/www.interforce.dk\\\/?s={search_term_string}\"},\"query-input\":{\"@type\":\"PropertyValueSpecification\",\"valueRequired\":true,\"valueName\":\"search_term_string\"}}],\"inLanguage\":\"en-GB\"},{\"@type\":\"Person\",\"@id\":\"https:\\\/\\\/www.interforce.dk\\\/#\\\/schema\\\/person\\\/3604a2bb29e48048ea484fbfb3703fad\",\"name\":\"Simon Staffeldt Schou\",\"image\":{\"@type\":\"ImageObject\",\"inLanguage\":\"en-GB\",\"@id\":\"https:\\\/\\\/secure.gravatar.com\\\/avatar\\\/1ff3b89414668243258c5ed26b84872c273dcdf7fe7ee0c553a52e1b4c2002fd?s=96&d=mm&r=g\",\"url\":\"https:\\\/\\\/secure.gravatar.com\\\/avatar\\\/1ff3b89414668243258c5ed26b84872c273dcdf7fe7ee0c553a52e1b4c2002fd?s=96&d=mm&r=g\",\"contentUrl\":\"https:\\\/\\\/secure.gravatar.com\\\/avatar\\\/1ff3b89414668243258c5ed26b84872c273dcdf7fe7ee0c553a52e1b4c2002fd?s=96&d=mm&r=g\",\"caption\":\"Simon Staffeldt Schou\"},\"url\":\"https:\\\/\\\/www.interforce.dk\\\/en\\\/author\\\/simon\\\/\"}]}<\/script>\n<!-- \/ Yoast SEO plugin. -->","yoast_head_json":{"title":"Succesfulde St\u00e6rekassem\u00f8der - InterForce","description":"D. 24.-25. august kunne InterForce Region Hovedstaden for syvende gang sl\u00e5 d\u00f8rene op for de traditionsrige St\u00e6rekassem\u00f8der.","robots":{"index":"index","follow":"follow","max-snippet":"max-snippet:-1","max-image-preview":"max-image-preview:large","max-video-preview":"max-video-preview:-1"},"canonical":"https:\/\/www.interforce.dk\/en\/succesfulde-staerekassemoeder\/","og_locale":"en_GB","og_type":"article","og_title":"Succesfulde St\u00e6rekassem\u00f8der - InterForce","og_description":"D. 24.-25. august kunne InterForce Region Hovedstaden for syvende gang sl\u00e5 d\u00f8rene op for de traditionsrige St\u00e6rekassem\u00f8der.","og_url":"https:\/\/www.interforce.dk\/en\/succesfulde-staerekassemoeder\/","og_site_name":"InterForce","article_published_time":"2022-09-01T08:50:09+00:00","article_modified_time":"2025-08-21T11:10:54+00:00","og_image":[{"width":1200,"height":800,"url":"https:\/\/www.interforce.dk\/app\/uploads\/2022\/09\/E2A3565_resize.jpg","type":"image\/jpeg"}],"author":"Simon Staffeldt Schou","twitter_card":"summary_large_image","twitter_misc":{"Written by":"Simon Staffeldt Schou","Est. reading time":"4 minutes"},"schema":{"@context":"https:\/\/schema.org","@graph":[{"@type":"Article","@id":"https:\/\/www.interforce.dk\/succesfulde-staerekassemoeder\/#article","isPartOf":{"@id":"https:\/\/www.interforce.dk\/succesfulde-staerekassemoeder\/"},"author":{"name":"Simon Staffeldt Schou","@id":"https:\/\/www.interforce.dk\/#\/schema\/person\/3604a2bb29e48048ea484fbfb3703fad"},"headline":"Succesfulde St\u00e6rekassem\u00f8der","datePublished":"2022-09-01T08:50:09+00:00","dateModified":"2025-08-21T11:10:54+00:00","mainEntityOfPage":{"@id":"https:\/\/www.interforce.dk\/succesfulde-staerekassemoeder\/"},"wordCount":542,"image":{"@id":"https:\/\/www.interforce.dk\/succesfulde-staerekassemoeder\/#primaryimage"},"thumbnailUrl":"https:\/\/www.interforce.dk\/app\/uploads\/2022\/09\/E2A3565_resize.jpg","keywords":["Tag:Hovedstaden"],"articleSection":["Arrangementsomtale"],"inLanguage":"en-GB"},{"@type":"WebPage","@id":"https:\/\/www.interforce.dk\/succesfulde-staerekassemoeder\/","url":"https:\/\/www.interforce.dk\/succesfulde-staerekassemoeder\/","name":"Succesfulde St\u00e6rekassem\u00f8der - InterForce","isPartOf":{"@id":"https:\/\/www.interforce.dk\/#website"},"primaryImageOfPage":{"@id":"https:\/\/www.interforce.dk\/succesfulde-staerekassemoeder\/#primaryimage"},"image":{"@id":"https:\/\/www.interforce.dk\/succesfulde-staerekassemoeder\/#primaryimage"},"thumbnailUrl":"https:\/\/www.interforce.dk\/app\/uploads\/2022\/09\/E2A3565_resize.jpg","datePublished":"2022-09-01T08:50:09+00:00","dateModified":"2025-08-21T11:10:54+00:00","author":{"@id":"https:\/\/www.interforce.dk\/#\/schema\/person\/3604a2bb29e48048ea484fbfb3703fad"},"description":"D. 24.-25. august kunne InterForce Region Hovedstaden for syvende gang sl\u00e5 d\u00f8rene op for de traditionsrige St\u00e6rekassem\u00f8der.","breadcrumb":{"@id":"https:\/\/www.interforce.dk\/succesfulde-staerekassemoeder\/#breadcrumb"},"inLanguage":"en-GB","potentialAction":[{"@type":"ReadAction","target":["https:\/\/www.interforce.dk\/succesfulde-staerekassemoeder\/"]}]},{"@type":"ImageObject","inLanguage":"en-GB","@id":"https:\/\/www.interforce.dk\/succesfulde-staerekassemoeder\/#primaryimage","url":"https:\/\/www.interforce.dk\/app\/uploads\/2022\/09\/E2A3565_resize.jpg","contentUrl":"https:\/\/www.interforce.dk\/app\/uploads\/2022\/09\/E2A3565_resize.jpg","width":1200,"height":800},{"@type":"BreadcrumbList","@id":"https:\/\/www.interforce.dk\/succesfulde-staerekassemoeder\/#breadcrumb","itemListElement":[{"@type":"ListItem","position":1,"name":"Hjem","item":"https:\/\/www.interforce.dk\/"},{"@type":"ListItem","position":2,"name":"Succesfulde St\u00e6rekassem\u00f8der"}]},{"@type":"WebSite","@id":"https:\/\/www.interforce.dk\/#website","url":"https:\/\/www.interforce.dk\/","name":"InterForce","description":"","potentialAction":[{"@type":"SearchAction","target":{"@type":"EntryPoint","urlTemplate":"https:\/\/www.interforce.dk\/?s={search_term_string}"},"query-input":{"@type":"PropertyValueSpecification","valueRequired":true,"valueName":"search_term_string"}}],"inLanguage":"en-GB"},{"@type":"Person","@id":"https:\/\/www.interforce.dk\/#\/schema\/person\/3604a2bb29e48048ea484fbfb3703fad","name":"Simon Staffeldt Schou","image":{"@type":"ImageObject","inLanguage":"en-GB","@id":"https:\/\/secure.gravatar.com\/avatar\/1ff3b89414668243258c5ed26b84872c273dcdf7fe7ee0c553a52e1b4c2002fd?s=96&d=mm&r=g","url":"https:\/\/secure.gravatar.com\/avatar\/1ff3b89414668243258c5ed26b84872c273dcdf7fe7ee0c553a52e1b4c2002fd?s=96&d=mm&r=g","contentUrl":"https:\/\/secure.gravatar.com\/avatar\/1ff3b89414668243258c5ed26b84872c273dcdf7fe7ee0c553a52e1b4c2002fd?s=96&d=mm&r=g","caption":"Simon Staffeldt Schou"},"url":"https:\/\/www.interforce.dk\/en\/author\/simon\/"}]}},"_links":{"self":[{"href":"https:\/\/www.interforce.dk\/en\/wp-json\/wp\/v2\/posts\/12872","targetHints":{"allow":["GET"]}}],"collection":[{"href":"https:\/\/www.interforce.dk\/en\/wp-json\/wp\/v2\/posts"}],"about":[{"href":"https:\/\/www.interforce.dk\/en\/wp-json\/wp\/v2\/types\/post"}],"author":[{"embeddable":true,"href":"https:\/\/www.interforce.dk\/en\/wp-json\/wp\/v2\/users\/111"}],"replies":[{"embeddable":true,"href":"https:\/\/www.interforce.dk\/en\/wp-json\/wp\/v2\/comments?post=12872"}],"version-history":[{"count":5,"href":"https:\/\/www.interforce.dk\/en\/wp-json\/wp\/v2\/posts\/12872\/revisions"}],"predecessor-version":[{"id":17649,"href":"https:\/\/www.interforce.dk\/en\/wp-json\/wp\/v2\/posts\/12872\/revisions\/17649"}],"wp:featuredmedia":[{"embeddable":true,"href":"https:\/\/www.interforce.dk\/en\/wp-json\/wp\/v2\/media\/12875"}],"wp:attachment":[{"href":"https:\/\/www.interforce.dk\/en\/wp-json\/wp\/v2\/media?parent=12872"}],"wp:term":[{"taxonomy":"category","embeddable":true,"href":"https:\/\/www.interforce.dk\/en\/wp-json\/wp\/v2\/categories?post=12872"},{"taxonomy":"post_tag","embeddable":true,"href":"https:\/\/www.interforce.dk\/en\/wp-json\/wp\/v2\/tags?post=12872"}],"curies":[{"name":"wp","href":"https:\/\/api.w.org\/{rel}","templated":true}]}}