{"id":12819,"date":"2022-08-15T12:21:18","date_gmt":"2022-08-15T12:21:18","guid":{"rendered":"https:\/\/www.interforce.dk\/?p=12819"},"modified":"2022-08-15T12:23:32","modified_gmt":"2022-08-15T12:23:32","slug":"piihl-og-soen-aps-modtager-interforce-skjold","status":"publish","type":"post","link":"https:\/\/www.interforce.dk\/en\/piihl-og-soen-aps-modtager-interforce-skjold\/","title":{"rendered":"Piihl og S\u00f8n ApS modtager InterForce Skjold"},"content":{"rendered":"<div class=\"block core-block core-block--image\">\n      <div class=\"inner inner--small\">\n      \n<figure class=\"wp-block-image size-large\"><img loading=\"lazy\" decoding=\"async\" width=\"1024\" height=\"707\" src=\"\/app\/uploads\/2022\/08\/Piihl-Skjold-1-1024x707.jpg\" alt=\"\" class=\"wp-image-12821\" srcset=\"https:\/\/www.interforce.dk\/app\/uploads\/2022\/08\/Piihl-Skjold-1-1024x707.jpg 1024w, https:\/\/www.interforce.dk\/app\/uploads\/2022\/08\/Piihl-Skjold-1-300x207.jpg 300w, https:\/\/www.interforce.dk\/app\/uploads\/2022\/08\/Piihl-Skjold-1-768x530.jpg 768w, https:\/\/www.interforce.dk\/app\/uploads\/2022\/08\/Piihl-Skjold-1-1536x1061.jpg 1536w, https:\/\/www.interforce.dk\/app\/uploads\/2022\/08\/Piihl-Skjold-1-2048x1414.jpg 2048w, https:\/\/www.interforce.dk\/app\/uploads\/2022\/08\/Piihl-Skjold-1-16x12.jpg 16w\" sizes=\"auto, (max-width: 1024px) 100vw, 1024px\" \/><figcaption>Indehaver Henrik Piihl samt InterForce Ambassad\u00f8r Jesper Bach Ladefoged.<\/figcaption><\/figure>\n\n      <\/div>\n  <\/div>\n<div class=\"block core-block core-block--paragraph\">\n      <div class=\"inner inner--small\">\n      \n<p><a href=\"https:\/\/www.piihlogsoen.dk\/\">T\u00f8mrerfirmaet Piihl og S\u00f8n ApS<\/a> ved Kolding fik overrakt InterForce-skjoldet som anerkendelse for st\u00f8tten til det Danske Forsvar. Indehaveren Henrik Piihl, der er tredje generation ejer af firmaet, har ogs\u00e5 selv en datter, der netop lige har gennemf\u00f8rt v\u00e6rnepligten ved Livgarden og nu overvejer en videre karriere i Forsvaret. S\u00e5 vigtigheden af st\u00f8tten til InterForce er helt inde p\u00e5 livet. <\/p>\n\n      <\/div>\n  <\/div>\n<div class=\"block core-block core-block--paragraph\">\n      <div class=\"inner inner--small\">\n      \n<p>Skjoldet blev overrakt af InterForce ambassad\u00f8r og Oberstl\u00f8jtnant af Reserven, Jesper Bach Ladefoged.<\/p>\n\n      <\/div>\n  <\/div>","protected":false},"excerpt":{"rendered":"T\u00f8mrerfirmaet Piihl og S\u00f8n ApS ved Kolding fik overrakt InterForce-skjoldet so...","protected":false},"author":111,"featured_media":12821,"comment_status":"closed","ping_status":"closed","sticky":false,"template":"","format":"standard","meta":{"_acf_changed":false,"footnotes":""},"categories":[56],"tags":[53],"class_list":["post-12819","post","type-post","status-publish","format-standard","has-post-thumbnail","hentry","category-erhvervsliv","tag-tag-syddanmark"],"acf":[],"yoast_head":"<!-- This site is optimized with the Yoast SEO plugin v27.3 - https:\/\/yoast.com\/product\/yoast-seo-wordpress\/ -->\n<title>Piihl og S\u00f8n ApS modtager InterForce Skjold - InterForce<\/title>\n<meta name=\"robots\" content=\"index, follow, max-snippet:-1, max-image-preview:large, max-video-preview:-1\" \/>\n<link rel=\"canonical\" href=\"https:\/\/www.interforce.dk\/en\/piihl-og-soen-aps-modtager-interforce-skjold\/\" \/>\n<meta property=\"og:locale\" content=\"en_GB\" \/>\n<meta property=\"og:type\" content=\"article\" \/>\n<meta property=\"og:title\" content=\"Piihl og S\u00f8n ApS modtager InterForce Skjold - InterForce\" \/>\n<meta property=\"og:description\" content=\"T\u00f8mrerfirmaet Piihl og S\u00f8n ApS ved Kolding fik overrakt InterForce-skjoldet som anerkendelse for st\u00f8tten...\" \/>\n<meta property=\"og:url\" content=\"https:\/\/www.interforce.dk\/en\/piihl-og-soen-aps-modtager-interforce-skjold\/\" \/>\n<meta property=\"og:site_name\" content=\"InterForce\" \/>\n<meta property=\"article:published_time\" content=\"2022-08-15T12:21:18+00:00\" \/>\n<meta property=\"article:modified_time\" content=\"2022-08-15T12:23:32+00:00\" \/>\n<meta property=\"og:image\" content=\"https:\/\/www.interforce.dk\/app\/uploads\/2022\/08\/Piihl-Skjold-1-scaled.jpg\" \/>\n\t<meta property=\"og:image:width\" content=\"2560\" \/>\n\t<meta property=\"og:image:height\" content=\"1768\" \/>\n\t<meta property=\"og:image:type\" content=\"image\/jpeg\" \/>\n<meta name=\"author\" content=\"Simon Staffeldt Schou\" \/>\n<meta name=\"twitter:card\" content=\"summary_large_image\" \/>\n<meta name=\"twitter:label1\" content=\"Written by\" \/>\n\t<meta name=\"twitter:data1\" content=\"Simon Staffeldt Schou\" \/>\n\t<meta name=\"twitter:label2\" content=\"Est. reading time\" \/>\n\t<meta name=\"twitter:data2\" content=\"1 minute\" \/>\n<script type=\"application\/ld+json\" class=\"yoast-schema-graph\">{\"@context\":\"https:\\\/\\\/schema.org\",\"@graph\":[{\"@type\":\"Article\",\"@id\":\"https:\\\/\\\/www.interforce.dk\\\/piihl-og-soen-aps-modtager-interforce-skjold\\\/#article\",\"isPartOf\":{\"@id\":\"https:\\\/\\\/www.interforce.dk\\\/piihl-og-soen-aps-modtager-interforce-skjold\\\/\"},\"author\":{\"name\":\"Simon Staffeldt Schou\",\"@id\":\"https:\\\/\\\/www.interforce.dk\\\/#\\\/schema\\\/person\\\/3604a2bb29e48048ea484fbfb3703fad\"},\"headline\":\"Piihl og S\u00f8n ApS modtager InterForce Skjold\",\"datePublished\":\"2022-08-15T12:21:18+00:00\",\"dateModified\":\"2022-08-15T12:23:32+00:00\",\"mainEntityOfPage\":{\"@id\":\"https:\\\/\\\/www.interforce.dk\\\/piihl-og-soen-aps-modtager-interforce-skjold\\\/\"},\"wordCount\":99,\"image\":{\"@id\":\"https:\\\/\\\/www.interforce.dk\\\/piihl-og-soen-aps-modtager-interforce-skjold\\\/#primaryimage\"},\"thumbnailUrl\":\"https:\\\/\\\/www.interforce.dk\\\/app\\\/uploads\\\/2022\\\/08\\\/Piihl-Skjold-1-scaled.jpg\",\"keywords\":[\"Tag:Syddanmark\"],\"articleSection\":[\"Erhvervsliv\"],\"inLanguage\":\"en-GB\"},{\"@type\":\"WebPage\",\"@id\":\"https:\\\/\\\/www.interforce.dk\\\/piihl-og-soen-aps-modtager-interforce-skjold\\\/\",\"url\":\"https:\\\/\\\/www.interforce.dk\\\/piihl-og-soen-aps-modtager-interforce-skjold\\\/\",\"name\":\"Piihl og S\u00f8n ApS modtager InterForce Skjold - InterForce\",\"isPartOf\":{\"@id\":\"https:\\\/\\\/www.interforce.dk\\\/#website\"},\"primaryImageOfPage\":{\"@id\":\"https:\\\/\\\/www.interforce.dk\\\/piihl-og-soen-aps-modtager-interforce-skjold\\\/#primaryimage\"},\"image\":{\"@id\":\"https:\\\/\\\/www.interforce.dk\\\/piihl-og-soen-aps-modtager-interforce-skjold\\\/#primaryimage\"},\"thumbnailUrl\":\"https:\\\/\\\/www.interforce.dk\\\/app\\\/uploads\\\/2022\\\/08\\\/Piihl-Skjold-1-scaled.jpg\",\"datePublished\":\"2022-08-15T12:21:18+00:00\",\"dateModified\":\"2022-08-15T12:23:32+00:00\",\"author\":{\"@id\":\"https:\\\/\\\/www.interforce.dk\\\/#\\\/schema\\\/person\\\/3604a2bb29e48048ea484fbfb3703fad\"},\"breadcrumb\":{\"@id\":\"https:\\\/\\\/www.interforce.dk\\\/piihl-og-soen-aps-modtager-interforce-skjold\\\/#breadcrumb\"},\"inLanguage\":\"en-GB\",\"potentialAction\":[{\"@type\":\"ReadAction\",\"target\":[\"https:\\\/\\\/www.interforce.dk\\\/piihl-og-soen-aps-modtager-interforce-skjold\\\/\"]}]},{\"@type\":\"ImageObject\",\"inLanguage\":\"en-GB\",\"@id\":\"https:\\\/\\\/www.interforce.dk\\\/piihl-og-soen-aps-modtager-interforce-skjold\\\/#primaryimage\",\"url\":\"https:\\\/\\\/www.interforce.dk\\\/app\\\/uploads\\\/2022\\\/08\\\/Piihl-Skjold-1-scaled.jpg\",\"contentUrl\":\"https:\\\/\\\/www.interforce.dk\\\/app\\\/uploads\\\/2022\\\/08\\\/Piihl-Skjold-1-scaled.jpg\",\"width\":2560,\"height\":1768},{\"@type\":\"BreadcrumbList\",\"@id\":\"https:\\\/\\\/www.interforce.dk\\\/piihl-og-soen-aps-modtager-interforce-skjold\\\/#breadcrumb\",\"itemListElement\":[{\"@type\":\"ListItem\",\"position\":1,\"name\":\"Hjem\",\"item\":\"https:\\\/\\\/www.interforce.dk\\\/\"},{\"@type\":\"ListItem\",\"position\":2,\"name\":\"Piihl og S\u00f8n ApS modtager InterForce Skjold\"}]},{\"@type\":\"WebSite\",\"@id\":\"https:\\\/\\\/www.interforce.dk\\\/#website\",\"url\":\"https:\\\/\\\/www.interforce.dk\\\/\",\"name\":\"InterForce\",\"description\":\"\",\"potentialAction\":[{\"@type\":\"SearchAction\",\"target\":{\"@type\":\"EntryPoint\",\"urlTemplate\":\"https:\\\/\\\/www.interforce.dk\\\/?s={search_term_string}\"},\"query-input\":{\"@type\":\"PropertyValueSpecification\",\"valueRequired\":true,\"valueName\":\"search_term_string\"}}],\"inLanguage\":\"en-GB\"},{\"@type\":\"Person\",\"@id\":\"https:\\\/\\\/www.interforce.dk\\\/#\\\/schema\\\/person\\\/3604a2bb29e48048ea484fbfb3703fad\",\"name\":\"Simon Staffeldt Schou\",\"image\":{\"@type\":\"ImageObject\",\"inLanguage\":\"en-GB\",\"@id\":\"https:\\\/\\\/secure.gravatar.com\\\/avatar\\\/1ff3b89414668243258c5ed26b84872c273dcdf7fe7ee0c553a52e1b4c2002fd?s=96&d=mm&r=g\",\"url\":\"https:\\\/\\\/secure.gravatar.com\\\/avatar\\\/1ff3b89414668243258c5ed26b84872c273dcdf7fe7ee0c553a52e1b4c2002fd?s=96&d=mm&r=g\",\"contentUrl\":\"https:\\\/\\\/secure.gravatar.com\\\/avatar\\\/1ff3b89414668243258c5ed26b84872c273dcdf7fe7ee0c553a52e1b4c2002fd?s=96&d=mm&r=g\",\"caption\":\"Simon Staffeldt Schou\"},\"url\":\"https:\\\/\\\/www.interforce.dk\\\/en\\\/author\\\/simon\\\/\"}]}<\/script>\n<!-- \/ Yoast SEO plugin. -->","yoast_head_json":{"title":"Piihl og S\u00f8n ApS modtager InterForce Skjold - InterForce","robots":{"index":"index","follow":"follow","max-snippet":"max-snippet:-1","max-image-preview":"max-image-preview:large","max-video-preview":"max-video-preview:-1"},"canonical":"https:\/\/www.interforce.dk\/en\/piihl-og-soen-aps-modtager-interforce-skjold\/","og_locale":"en_GB","og_type":"article","og_title":"Piihl og S\u00f8n ApS modtager InterForce Skjold - InterForce","og_description":"T\u00f8mrerfirmaet Piihl og S\u00f8n ApS ved Kolding fik overrakt InterForce-skjoldet som anerkendelse for st\u00f8tten...","og_url":"https:\/\/www.interforce.dk\/en\/piihl-og-soen-aps-modtager-interforce-skjold\/","og_site_name":"InterForce","article_published_time":"2022-08-15T12:21:18+00:00","article_modified_time":"2022-08-15T12:23:32+00:00","og_image":[{"width":2560,"height":1768,"url":"https:\/\/www.interforce.dk\/app\/uploads\/2022\/08\/Piihl-Skjold-1-scaled.jpg","type":"image\/jpeg"}],"author":"Simon Staffeldt Schou","twitter_card":"summary_large_image","twitter_misc":{"Written by":"Simon Staffeldt Schou","Est. reading time":"1 minute"},"schema":{"@context":"https:\/\/schema.org","@graph":[{"@type":"Article","@id":"https:\/\/www.interforce.dk\/piihl-og-soen-aps-modtager-interforce-skjold\/#article","isPartOf":{"@id":"https:\/\/www.interforce.dk\/piihl-og-soen-aps-modtager-interforce-skjold\/"},"author":{"name":"Simon Staffeldt Schou","@id":"https:\/\/www.interforce.dk\/#\/schema\/person\/3604a2bb29e48048ea484fbfb3703fad"},"headline":"Piihl og S\u00f8n ApS modtager InterForce Skjold","datePublished":"2022-08-15T12:21:18+00:00","dateModified":"2022-08-15T12:23:32+00:00","mainEntityOfPage":{"@id":"https:\/\/www.interforce.dk\/piihl-og-soen-aps-modtager-interforce-skjold\/"},"wordCount":99,"image":{"@id":"https:\/\/www.interforce.dk\/piihl-og-soen-aps-modtager-interforce-skjold\/#primaryimage"},"thumbnailUrl":"https:\/\/www.interforce.dk\/app\/uploads\/2022\/08\/Piihl-Skjold-1-scaled.jpg","keywords":["Tag:Syddanmark"],"articleSection":["Erhvervsliv"],"inLanguage":"en-GB"},{"@type":"WebPage","@id":"https:\/\/www.interforce.dk\/piihl-og-soen-aps-modtager-interforce-skjold\/","url":"https:\/\/www.interforce.dk\/piihl-og-soen-aps-modtager-interforce-skjold\/","name":"Piihl og S\u00f8n ApS modtager InterForce Skjold - InterForce","isPartOf":{"@id":"https:\/\/www.interforce.dk\/#website"},"primaryImageOfPage":{"@id":"https:\/\/www.interforce.dk\/piihl-og-soen-aps-modtager-interforce-skjold\/#primaryimage"},"image":{"@id":"https:\/\/www.interforce.dk\/piihl-og-soen-aps-modtager-interforce-skjold\/#primaryimage"},"thumbnailUrl":"https:\/\/www.interforce.dk\/app\/uploads\/2022\/08\/Piihl-Skjold-1-scaled.jpg","datePublished":"2022-08-15T12:21:18+00:00","dateModified":"2022-08-15T12:23:32+00:00","author":{"@id":"https:\/\/www.interforce.dk\/#\/schema\/person\/3604a2bb29e48048ea484fbfb3703fad"},"breadcrumb":{"@id":"https:\/\/www.interforce.dk\/piihl-og-soen-aps-modtager-interforce-skjold\/#breadcrumb"},"inLanguage":"en-GB","potentialAction":[{"@type":"ReadAction","target":["https:\/\/www.interforce.dk\/piihl-og-soen-aps-modtager-interforce-skjold\/"]}]},{"@type":"ImageObject","inLanguage":"en-GB","@id":"https:\/\/www.interforce.dk\/piihl-og-soen-aps-modtager-interforce-skjold\/#primaryimage","url":"https:\/\/www.interforce.dk\/app\/uploads\/2022\/08\/Piihl-Skjold-1-scaled.jpg","contentUrl":"https:\/\/www.interforce.dk\/app\/uploads\/2022\/08\/Piihl-Skjold-1-scaled.jpg","width":2560,"height":1768},{"@type":"BreadcrumbList","@id":"https:\/\/www.interforce.dk\/piihl-og-soen-aps-modtager-interforce-skjold\/#breadcrumb","itemListElement":[{"@type":"ListItem","position":1,"name":"Hjem","item":"https:\/\/www.interforce.dk\/"},{"@type":"ListItem","position":2,"name":"Piihl og S\u00f8n ApS modtager InterForce Skjold"}]},{"@type":"WebSite","@id":"https:\/\/www.interforce.dk\/#website","url":"https:\/\/www.interforce.dk\/","name":"InterForce","description":"","potentialAction":[{"@type":"SearchAction","target":{"@type":"EntryPoint","urlTemplate":"https:\/\/www.interforce.dk\/?s={search_term_string}"},"query-input":{"@type":"PropertyValueSpecification","valueRequired":true,"valueName":"search_term_string"}}],"inLanguage":"en-GB"},{"@type":"Person","@id":"https:\/\/www.interforce.dk\/#\/schema\/person\/3604a2bb29e48048ea484fbfb3703fad","name":"Simon Staffeldt Schou","image":{"@type":"ImageObject","inLanguage":"en-GB","@id":"https:\/\/secure.gravatar.com\/avatar\/1ff3b89414668243258c5ed26b84872c273dcdf7fe7ee0c553a52e1b4c2002fd?s=96&d=mm&r=g","url":"https:\/\/secure.gravatar.com\/avatar\/1ff3b89414668243258c5ed26b84872c273dcdf7fe7ee0c553a52e1b4c2002fd?s=96&d=mm&r=g","contentUrl":"https:\/\/secure.gravatar.com\/avatar\/1ff3b89414668243258c5ed26b84872c273dcdf7fe7ee0c553a52e1b4c2002fd?s=96&d=mm&r=g","caption":"Simon Staffeldt Schou"},"url":"https:\/\/www.interforce.dk\/en\/author\/simon\/"}]}},"_links":{"self":[{"href":"https:\/\/www.interforce.dk\/en\/wp-json\/wp\/v2\/posts\/12819","targetHints":{"allow":["GET"]}}],"collection":[{"href":"https:\/\/www.interforce.dk\/en\/wp-json\/wp\/v2\/posts"}],"about":[{"href":"https:\/\/www.interforce.dk\/en\/wp-json\/wp\/v2\/types\/post"}],"author":[{"embeddable":true,"href":"https:\/\/www.interforce.dk\/en\/wp-json\/wp\/v2\/users\/111"}],"replies":[{"embeddable":true,"href":"https:\/\/www.interforce.dk\/en\/wp-json\/wp\/v2\/comments?post=12819"}],"version-history":[{"count":2,"href":"https:\/\/www.interforce.dk\/en\/wp-json\/wp\/v2\/posts\/12819\/revisions"}],"predecessor-version":[{"id":12823,"href":"https:\/\/www.interforce.dk\/en\/wp-json\/wp\/v2\/posts\/12819\/revisions\/12823"}],"wp:featuredmedia":[{"embeddable":true,"href":"https:\/\/www.interforce.dk\/en\/wp-json\/wp\/v2\/media\/12821"}],"wp:attachment":[{"href":"https:\/\/www.interforce.dk\/en\/wp-json\/wp\/v2\/media?parent=12819"}],"wp:term":[{"taxonomy":"category","embeddable":true,"href":"https:\/\/www.interforce.dk\/en\/wp-json\/wp\/v2\/categories?post=12819"},{"taxonomy":"post_tag","embeddable":true,"href":"https:\/\/www.interforce.dk\/en\/wp-json\/wp\/v2\/tags?post=12819"}],"curies":[{"name":"wp","href":"https:\/\/api.w.org\/{rel}","templated":true}]}}