{"id":12629,"date":"2022-05-30T08:17:00","date_gmt":"2022-05-30T08:17:00","guid":{"rendered":"https:\/\/www.interforce.dk\/?p=12629"},"modified":"2022-05-30T08:40:05","modified_gmt":"2022-05-30T08:40:05","slug":"laesoe-kommune-faar-overrakt-skjold","status":"publish","type":"post","link":"https:\/\/www.interforce.dk\/en\/laesoe-kommune-faar-overrakt-skjold\/","title":{"rendered":"L\u00e6s\u00f8 Kommune f\u00e5r overrakt skjold"},"content":{"rendered":"<div class=\"block core-block core-block--paragraph\">\n      <div class=\"inner inner--small\">\n      \n<p>af Lars Raae.<\/p>\n\n      <\/div>\n  <\/div>\n<div class=\"block core-block core-block--paragraph\">\n      <div class=\"inner inner--small\">\n      \n<p>\u201dMan glemmer aldrig tiden i Forsvaret\u201d<\/p>\n\n      <\/div>\n  <\/div>\n<div class=\"block core-block core-block--paragraph\">\n      <div class=\"inner inner--small\">\n      \n<p>Det var ordene, hvormed borgmester Tobias Birch Johansen i L\u00e6s\u00f8 Kommune beskrev sin v\u00e6rnepligt i 1999. Den s\u00e6tning indledte et l\u00e6ngere m\u00f8de med borgmesteren og kommunaldirekt\u00f8r Kurt Bennetsen i forbindelse med, at L\u00e6s\u00f8 Kommune fik overrakt et v\u00e5benskjold fra InterForce samt den medf\u00f8lgende takkeskrivelse fra general Finn Winkler.<\/p>\n\n      <\/div>\n  <\/div>\n<div class=\"block core-block core-block--paragraph\">\n      <div class=\"inner inner--small\">\n      \n<p>B\u00e5de borgmesteren og kommunaldirekt\u00f8ren udtrykker p\u00e5 kommunens vegne gl\u00e6de over, at de via medlemskabet af InterForce kan st\u00f8tte forsvaret af Danmark ved at give reservister fra Forsvaret og frivillige fra Hjemmev\u00e6rnet mulighed for at forrette tjeneste, n\u00e5r det er p\u00e5kr\u00e6vet.<\/p>\n\n      <\/div>\n  <\/div>\n<div class=\"block core-block core-block--paragraph\">\n      <div class=\"inner inner--small\">\n      \n<p>Da befolkningstallet p\u00e5 L\u00e6s\u00f8 ikke er s\u00e5 stort, s\u00e5 ser man ganske mange af de samme personer v\u00e6rende frivillige i Hjemmev\u00e6rn og i brandv\u00e6sen.<br>Det samme g\u00f8r sig g\u00e6ldende blandt kommunens ansatte \u2013 flere af dem har flere funktioner men som det udtrykkes p\u00e5 kommunens website, s\u00e5 g\u00f8r den fremgangsm\u00e5de borgerbetjeningen optimal og g\u00f8r kommunens tilbud \u201dlet tilg\u00e6ngelige og overskuelige\u201d.<\/p>\n\n      <\/div>\n  <\/div>\n<div class=\"block core-block core-block--paragraph\">\n      <div class=\"inner inner--small\">\n      \n<p>Der hersker en s\u00e6rlig \u00e5nd p\u00e5 \u00f8en, hvor man hj\u00e6lper hinanden og tager fat, n\u00e5r der er brug for det. L\u00e6s\u00f8 er den kommune i Danmark, der har det h\u00f8jeste antal selvst\u00e6ndige i forhold til indbyggertallet. Det er selvst\u00e6ndighedskulturen, der pr\u00e6ger samfundet.<\/p>\n\n      <\/div>\n  <\/div>\n<div class=\"block core-block core-block--paragraph\">\n      <div class=\"inner inner--small\">\n      \n<p>Det er som regel muligt at finde arbejde p\u00e5 L\u00e6s\u00f8. Specielt h\u00e5ndv\u00e6rkere og personale inden for social- og sundhedssektoren er meget efterspurgt. Men den driftige iv\u00e6rks\u00e6tter vil ogs\u00e5 m\u00f8de et omr\u00e5de, der har masser af potentiale for den rigtige person.<\/p>\n\n      <\/div>\n  <\/div>\n<div class=\"block core-block core-block--paragraph\">\n      <div class=\"inner inner--small\">\n      \n<p>InterForce takker for, at L\u00e6s\u00f8 Kommune er medlem af InterForce og derved st\u00f8ttet op om forsvaret af Danmark og vore danske v\u00e6rdier.<\/p>\n\n      <\/div>\n  <\/div>\n<div class=\"block core-block core-block--image\">\n      <div class=\"inner inner--small\">\n      \n<figure class=\"wp-block-image size-large is-resized\"><img loading=\"lazy\" decoding=\"async\" src=\"\/app\/uploads\/2022\/05\/Laeso-1.jpg\" alt=\"\" class=\"wp-image-12630\" width=\"480\" height=\"640\" srcset=\"https:\/\/www.interforce.dk\/app\/uploads\/2022\/05\/Laeso-1.jpg 480w, https:\/\/www.interforce.dk\/app\/uploads\/2022\/05\/Laeso-1-225x300.jpg 225w, https:\/\/www.interforce.dk\/app\/uploads\/2022\/05\/Laeso-1-9x12.jpg 9w\" sizes=\"auto, (max-width: 480px) 100vw, 480px\" \/><figcaption>L\u00e6s\u00f8 borgmester Tobias Birch Johansen f\u00e5r her overrakt InterForce skjold af ambassad\u00f8r Lars Raae. (foto privat)                                                         <\/figcaption><\/figure>\n\n      <\/div>\n  <\/div>","protected":false},"excerpt":{"rendered":"af Lars Raae. \u201dMan glemmer aldrig tiden i Forsvaret\u201d Det var ordene, hvormed...","protected":false},"author":5,"featured_media":12630,"comment_status":"closed","ping_status":"closed","sticky":false,"template":"","format":"standard","meta":{"_acf_changed":false,"footnotes":""},"categories":[56],"tags":[51],"class_list":["post-12629","post","type-post","status-publish","format-standard","has-post-thumbnail","hentry","category-erhvervsliv","tag-tag-nordjylland"],"acf":[],"yoast_head":"<!-- This site is optimized with the Yoast SEO plugin v27.3 - https:\/\/yoast.com\/product\/yoast-seo-wordpress\/ -->\n<title>L\u00e6s\u00f8 Kommune f\u00e5r overrakt skjold - InterForce<\/title>\n<meta name=\"robots\" content=\"index, follow, max-snippet:-1, max-image-preview:large, max-video-preview:-1\" \/>\n<link rel=\"canonical\" href=\"https:\/\/www.interforce.dk\/en\/laesoe-kommune-faar-overrakt-skjold\/\" \/>\n<meta property=\"og:locale\" content=\"en_GB\" \/>\n<meta property=\"og:type\" content=\"article\" \/>\n<meta property=\"og:title\" content=\"L\u00e6s\u00f8 Kommune f\u00e5r overrakt skjold - InterForce\" \/>\n<meta property=\"og:description\" content=\"af Lars Raae. \u201dMan glemmer aldrig tiden i Forsvaret\u201d Det var ordene, hvormed borgmester Tobias Birch Johansen i L\u00e6s\u00f8 Kommune beskrev sin v\u00e6rnepligt i 1999. Den s\u00e6tning indledte et l\u00e6ngere m\u00f8de med borgmesteren og kommunaldirekt\u00f8r Kurt Bennetsen i forbindelse med, at L\u00e6s\u00f8 Kommune fik overrakt et v\u00e5benskjold fra InterForce samt den medf\u00f8lgende takkeskrivelse fra general &hellip;\" \/>\n<meta property=\"og:url\" content=\"https:\/\/www.interforce.dk\/en\/laesoe-kommune-faar-overrakt-skjold\/\" \/>\n<meta property=\"og:site_name\" content=\"InterForce\" \/>\n<meta property=\"article:published_time\" content=\"2022-05-30T08:17:00+00:00\" \/>\n<meta property=\"article:modified_time\" content=\"2022-05-30T08:40:05+00:00\" \/>\n<meta property=\"og:image\" content=\"https:\/\/www.interforce.dk\/app\/uploads\/2022\/05\/Laeso-1.jpg\" \/>\n\t<meta property=\"og:image:width\" content=\"480\" \/>\n\t<meta property=\"og:image:height\" content=\"640\" \/>\n\t<meta property=\"og:image:type\" content=\"image\/jpeg\" \/>\n<meta name=\"author\" content=\"Marianne Agerholm\" \/>\n<meta name=\"twitter:card\" content=\"summary_large_image\" \/>\n<meta name=\"twitter:label1\" content=\"Written by\" \/>\n\t<meta name=\"twitter:data1\" content=\"Marianne Agerholm\" \/>\n\t<meta name=\"twitter:label2\" content=\"Est. reading time\" \/>\n\t<meta name=\"twitter:data2\" content=\"2 minutes\" \/>\n<script type=\"application\/ld+json\" class=\"yoast-schema-graph\">{\"@context\":\"https:\\\/\\\/schema.org\",\"@graph\":[{\"@type\":\"Article\",\"@id\":\"https:\\\/\\\/www.interforce.dk\\\/kl\\\/laesoe-kommune-faar-overrakt-skjold\\\/#article\",\"isPartOf\":{\"@id\":\"https:\\\/\\\/www.interforce.dk\\\/kl\\\/laesoe-kommune-faar-overrakt-skjold\\\/\"},\"author\":{\"name\":\"Marianne Agerholm\",\"@id\":\"https:\\\/\\\/www.interforce.dk\\\/#\\\/schema\\\/person\\\/6a4f514d14e6438ecc9021a3f046ec42\"},\"headline\":\"L\u00e6s\u00f8 Kommune f\u00e5r overrakt skjold\",\"datePublished\":\"2022-05-30T08:17:00+00:00\",\"dateModified\":\"2022-05-30T08:40:05+00:00\",\"mainEntityOfPage\":{\"@id\":\"https:\\\/\\\/www.interforce.dk\\\/kl\\\/laesoe-kommune-faar-overrakt-skjold\\\/\"},\"wordCount\":330,\"image\":{\"@id\":\"https:\\\/\\\/www.interforce.dk\\\/kl\\\/laesoe-kommune-faar-overrakt-skjold\\\/#primaryimage\"},\"thumbnailUrl\":\"https:\\\/\\\/www.interforce.dk\\\/app\\\/uploads\\\/2022\\\/05\\\/Laeso-1.jpg\",\"keywords\":[\"Tag:Nordjylland\"],\"articleSection\":[\"Erhvervsliv\"],\"inLanguage\":\"en-GB\"},{\"@type\":\"WebPage\",\"@id\":\"https:\\\/\\\/www.interforce.dk\\\/kl\\\/laesoe-kommune-faar-overrakt-skjold\\\/\",\"url\":\"https:\\\/\\\/www.interforce.dk\\\/kl\\\/laesoe-kommune-faar-overrakt-skjold\\\/\",\"name\":\"L\u00e6s\u00f8 Kommune f\u00e5r overrakt skjold - InterForce\",\"isPartOf\":{\"@id\":\"https:\\\/\\\/www.interforce.dk\\\/#website\"},\"primaryImageOfPage\":{\"@id\":\"https:\\\/\\\/www.interforce.dk\\\/kl\\\/laesoe-kommune-faar-overrakt-skjold\\\/#primaryimage\"},\"image\":{\"@id\":\"https:\\\/\\\/www.interforce.dk\\\/kl\\\/laesoe-kommune-faar-overrakt-skjold\\\/#primaryimage\"},\"thumbnailUrl\":\"https:\\\/\\\/www.interforce.dk\\\/app\\\/uploads\\\/2022\\\/05\\\/Laeso-1.jpg\",\"datePublished\":\"2022-05-30T08:17:00+00:00\",\"dateModified\":\"2022-05-30T08:40:05+00:00\",\"author\":{\"@id\":\"https:\\\/\\\/www.interforce.dk\\\/#\\\/schema\\\/person\\\/6a4f514d14e6438ecc9021a3f046ec42\"},\"breadcrumb\":{\"@id\":\"https:\\\/\\\/www.interforce.dk\\\/kl\\\/laesoe-kommune-faar-overrakt-skjold\\\/#breadcrumb\"},\"inLanguage\":\"en-GB\",\"potentialAction\":[{\"@type\":\"ReadAction\",\"target\":[\"https:\\\/\\\/www.interforce.dk\\\/kl\\\/laesoe-kommune-faar-overrakt-skjold\\\/\"]}]},{\"@type\":\"ImageObject\",\"inLanguage\":\"en-GB\",\"@id\":\"https:\\\/\\\/www.interforce.dk\\\/kl\\\/laesoe-kommune-faar-overrakt-skjold\\\/#primaryimage\",\"url\":\"https:\\\/\\\/www.interforce.dk\\\/app\\\/uploads\\\/2022\\\/05\\\/Laeso-1.jpg\",\"contentUrl\":\"https:\\\/\\\/www.interforce.dk\\\/app\\\/uploads\\\/2022\\\/05\\\/Laeso-1.jpg\",\"width\":480,\"height\":640},{\"@type\":\"BreadcrumbList\",\"@id\":\"https:\\\/\\\/www.interforce.dk\\\/kl\\\/laesoe-kommune-faar-overrakt-skjold\\\/#breadcrumb\",\"itemListElement\":[{\"@type\":\"ListItem\",\"position\":1,\"name\":\"Hjem\",\"item\":\"https:\\\/\\\/www.interforce.dk\\\/\"},{\"@type\":\"ListItem\",\"position\":2,\"name\":\"L\u00e6s\u00f8 Kommune f\u00e5r overrakt skjold\"}]},{\"@type\":\"WebSite\",\"@id\":\"https:\\\/\\\/www.interforce.dk\\\/#website\",\"url\":\"https:\\\/\\\/www.interforce.dk\\\/\",\"name\":\"InterForce\",\"description\":\"\",\"potentialAction\":[{\"@type\":\"SearchAction\",\"target\":{\"@type\":\"EntryPoint\",\"urlTemplate\":\"https:\\\/\\\/www.interforce.dk\\\/?s={search_term_string}\"},\"query-input\":{\"@type\":\"PropertyValueSpecification\",\"valueRequired\":true,\"valueName\":\"search_term_string\"}}],\"inLanguage\":\"en-GB\"},{\"@type\":\"Person\",\"@id\":\"https:\\\/\\\/www.interforce.dk\\\/#\\\/schema\\\/person\\\/6a4f514d14e6438ecc9021a3f046ec42\",\"name\":\"Marianne Agerholm\",\"image\":{\"@type\":\"ImageObject\",\"inLanguage\":\"en-GB\",\"@id\":\"https:\\\/\\\/secure.gravatar.com\\\/avatar\\\/02e5de10c9af88dfa509a1074293e4ddcd8e4d30b7f02f856370b606164c6df5?s=96&d=mm&r=g\",\"url\":\"https:\\\/\\\/secure.gravatar.com\\\/avatar\\\/02e5de10c9af88dfa509a1074293e4ddcd8e4d30b7f02f856370b606164c6df5?s=96&d=mm&r=g\",\"contentUrl\":\"https:\\\/\\\/secure.gravatar.com\\\/avatar\\\/02e5de10c9af88dfa509a1074293e4ddcd8e4d30b7f02f856370b606164c6df5?s=96&d=mm&r=g\",\"caption\":\"Marianne Agerholm\"},\"url\":\"https:\\\/\\\/www.interforce.dk\\\/en\\\/author\\\/interforce-nordjylland\\\/\"}]}<\/script>\n<!-- \/ Yoast SEO plugin. -->","yoast_head_json":{"title":"L\u00e6s\u00f8 Kommune f\u00e5r overrakt skjold - InterForce","robots":{"index":"index","follow":"follow","max-snippet":"max-snippet:-1","max-image-preview":"max-image-preview:large","max-video-preview":"max-video-preview:-1"},"canonical":"https:\/\/www.interforce.dk\/en\/laesoe-kommune-faar-overrakt-skjold\/","og_locale":"en_GB","og_type":"article","og_title":"L\u00e6s\u00f8 Kommune f\u00e5r overrakt skjold - InterForce","og_description":"af Lars Raae. \u201dMan glemmer aldrig tiden i Forsvaret\u201d Det var ordene, hvormed borgmester Tobias Birch Johansen i L\u00e6s\u00f8 Kommune beskrev sin v\u00e6rnepligt i 1999. Den s\u00e6tning indledte et l\u00e6ngere m\u00f8de med borgmesteren og kommunaldirekt\u00f8r Kurt Bennetsen i forbindelse med, at L\u00e6s\u00f8 Kommune fik overrakt et v\u00e5benskjold fra InterForce samt den medf\u00f8lgende takkeskrivelse fra general &hellip;","og_url":"https:\/\/www.interforce.dk\/en\/laesoe-kommune-faar-overrakt-skjold\/","og_site_name":"InterForce","article_published_time":"2022-05-30T08:17:00+00:00","article_modified_time":"2022-05-30T08:40:05+00:00","og_image":[{"width":480,"height":640,"url":"https:\/\/www.interforce.dk\/app\/uploads\/2022\/05\/Laeso-1.jpg","type":"image\/jpeg"}],"author":"Marianne Agerholm","twitter_card":"summary_large_image","twitter_misc":{"Written by":"Marianne Agerholm","Est. reading time":"2 minutes"},"schema":{"@context":"https:\/\/schema.org","@graph":[{"@type":"Article","@id":"https:\/\/www.interforce.dk\/kl\/laesoe-kommune-faar-overrakt-skjold\/#article","isPartOf":{"@id":"https:\/\/www.interforce.dk\/kl\/laesoe-kommune-faar-overrakt-skjold\/"},"author":{"name":"Marianne Agerholm","@id":"https:\/\/www.interforce.dk\/#\/schema\/person\/6a4f514d14e6438ecc9021a3f046ec42"},"headline":"L\u00e6s\u00f8 Kommune f\u00e5r overrakt skjold","datePublished":"2022-05-30T08:17:00+00:00","dateModified":"2022-05-30T08:40:05+00:00","mainEntityOfPage":{"@id":"https:\/\/www.interforce.dk\/kl\/laesoe-kommune-faar-overrakt-skjold\/"},"wordCount":330,"image":{"@id":"https:\/\/www.interforce.dk\/kl\/laesoe-kommune-faar-overrakt-skjold\/#primaryimage"},"thumbnailUrl":"https:\/\/www.interforce.dk\/app\/uploads\/2022\/05\/Laeso-1.jpg","keywords":["Tag:Nordjylland"],"articleSection":["Erhvervsliv"],"inLanguage":"en-GB"},{"@type":"WebPage","@id":"https:\/\/www.interforce.dk\/kl\/laesoe-kommune-faar-overrakt-skjold\/","url":"https:\/\/www.interforce.dk\/kl\/laesoe-kommune-faar-overrakt-skjold\/","name":"L\u00e6s\u00f8 Kommune f\u00e5r overrakt skjold - InterForce","isPartOf":{"@id":"https:\/\/www.interforce.dk\/#website"},"primaryImageOfPage":{"@id":"https:\/\/www.interforce.dk\/kl\/laesoe-kommune-faar-overrakt-skjold\/#primaryimage"},"image":{"@id":"https:\/\/www.interforce.dk\/kl\/laesoe-kommune-faar-overrakt-skjold\/#primaryimage"},"thumbnailUrl":"https:\/\/www.interforce.dk\/app\/uploads\/2022\/05\/Laeso-1.jpg","datePublished":"2022-05-30T08:17:00+00:00","dateModified":"2022-05-30T08:40:05+00:00","author":{"@id":"https:\/\/www.interforce.dk\/#\/schema\/person\/6a4f514d14e6438ecc9021a3f046ec42"},"breadcrumb":{"@id":"https:\/\/www.interforce.dk\/kl\/laesoe-kommune-faar-overrakt-skjold\/#breadcrumb"},"inLanguage":"en-GB","potentialAction":[{"@type":"ReadAction","target":["https:\/\/www.interforce.dk\/kl\/laesoe-kommune-faar-overrakt-skjold\/"]}]},{"@type":"ImageObject","inLanguage":"en-GB","@id":"https:\/\/www.interforce.dk\/kl\/laesoe-kommune-faar-overrakt-skjold\/#primaryimage","url":"https:\/\/www.interforce.dk\/app\/uploads\/2022\/05\/Laeso-1.jpg","contentUrl":"https:\/\/www.interforce.dk\/app\/uploads\/2022\/05\/Laeso-1.jpg","width":480,"height":640},{"@type":"BreadcrumbList","@id":"https:\/\/www.interforce.dk\/kl\/laesoe-kommune-faar-overrakt-skjold\/#breadcrumb","itemListElement":[{"@type":"ListItem","position":1,"name":"Hjem","item":"https:\/\/www.interforce.dk\/"},{"@type":"ListItem","position":2,"name":"L\u00e6s\u00f8 Kommune f\u00e5r overrakt skjold"}]},{"@type":"WebSite","@id":"https:\/\/www.interforce.dk\/#website","url":"https:\/\/www.interforce.dk\/","name":"InterForce","description":"","potentialAction":[{"@type":"SearchAction","target":{"@type":"EntryPoint","urlTemplate":"https:\/\/www.interforce.dk\/?s={search_term_string}"},"query-input":{"@type":"PropertyValueSpecification","valueRequired":true,"valueName":"search_term_string"}}],"inLanguage":"en-GB"},{"@type":"Person","@id":"https:\/\/www.interforce.dk\/#\/schema\/person\/6a4f514d14e6438ecc9021a3f046ec42","name":"Marianne Agerholm","image":{"@type":"ImageObject","inLanguage":"en-GB","@id":"https:\/\/secure.gravatar.com\/avatar\/02e5de10c9af88dfa509a1074293e4ddcd8e4d30b7f02f856370b606164c6df5?s=96&d=mm&r=g","url":"https:\/\/secure.gravatar.com\/avatar\/02e5de10c9af88dfa509a1074293e4ddcd8e4d30b7f02f856370b606164c6df5?s=96&d=mm&r=g","contentUrl":"https:\/\/secure.gravatar.com\/avatar\/02e5de10c9af88dfa509a1074293e4ddcd8e4d30b7f02f856370b606164c6df5?s=96&d=mm&r=g","caption":"Marianne Agerholm"},"url":"https:\/\/www.interforce.dk\/en\/author\/interforce-nordjylland\/"}]}},"_links":{"self":[{"href":"https:\/\/www.interforce.dk\/en\/wp-json\/wp\/v2\/posts\/12629","targetHints":{"allow":["GET"]}}],"collection":[{"href":"https:\/\/www.interforce.dk\/en\/wp-json\/wp\/v2\/posts"}],"about":[{"href":"https:\/\/www.interforce.dk\/en\/wp-json\/wp\/v2\/types\/post"}],"author":[{"embeddable":true,"href":"https:\/\/www.interforce.dk\/en\/wp-json\/wp\/v2\/users\/5"}],"replies":[{"embeddable":true,"href":"https:\/\/www.interforce.dk\/en\/wp-json\/wp\/v2\/comments?post=12629"}],"version-history":[{"count":2,"href":"https:\/\/www.interforce.dk\/en\/wp-json\/wp\/v2\/posts\/12629\/revisions"}],"predecessor-version":[{"id":12632,"href":"https:\/\/www.interforce.dk\/en\/wp-json\/wp\/v2\/posts\/12629\/revisions\/12632"}],"wp:featuredmedia":[{"embeddable":true,"href":"https:\/\/www.interforce.dk\/en\/wp-json\/wp\/v2\/media\/12630"}],"wp:attachment":[{"href":"https:\/\/www.interforce.dk\/en\/wp-json\/wp\/v2\/media?parent=12629"}],"wp:term":[{"taxonomy":"category","embeddable":true,"href":"https:\/\/www.interforce.dk\/en\/wp-json\/wp\/v2\/categories?post=12629"},{"taxonomy":"post_tag","embeddable":true,"href":"https:\/\/www.interforce.dk\/en\/wp-json\/wp\/v2\/tags?post=12629"}],"curies":[{"name":"wp","href":"https:\/\/api.w.org\/{rel}","templated":true}]}}