{"id":12342,"date":"2022-03-27T10:07:26","date_gmt":"2022-03-27T10:07:26","guid":{"rendered":"https:\/\/www.interforce.dk\/?p=12342"},"modified":"2022-03-27T10:07:27","modified_gmt":"2022-03-27T10:07:27","slug":"groenkjaer-maskinvaerksted-faar-overrakt-interforce-skjold","status":"publish","type":"post","link":"https:\/\/www.interforce.dk\/en\/groenkjaer-maskinvaerksted-faar-overrakt-interforce-skjold\/","title":{"rendered":"Gr\u00f8nkj\u00e6r Maskinv\u00e6rksted modtager InterForce-skjoldet"},"content":{"rendered":"<div class=\"block core-block core-block--paragraph\">\n      <div class=\"inner inner--small\">\n      \n<p>Af Lars Raae<\/p>\n\n      <\/div>\n  <\/div>\n<div class=\"block core-block core-block--paragraph\">\n      <div class=\"inner inner--small\">\n      \n<p>&#8220;Der er h\u00f8jere til himlen i Thy&#8221; &#8211; det siger thyboerne. Hvis du har v\u00e6ret s\u00e5 heldigt at kigge opad, st\u00e5ende p\u00e5 den thyske&nbsp;muld, s\u00e5 ser du det straks. Der er alts\u00e5 et eller andet med farverne pga.&nbsp;Vesterhavet p\u00e5 den ene side og Limfjorden p\u00e5 den anden side.<\/p>\n\n      <\/div>\n  <\/div>\n<div class=\"block core-block core-block--paragraph\">\n      <div class=\"inner inner--small\">\n      \n<p>Men hvis man ser sig omkring i Thy, s\u00e5 ser man faktisk ogs\u00e5 en del vindm\u00f8ller, hvorp\u00e5 der st\u00e5r &#8220;Thy M\u00f8llen&#8221;. Sidstn\u00e6vnte er kendt for sin solide kvalitet &#8211; og i Thy ser man m\u00f8llenavnet&nbsp;overalt. M\u00f8llerne bliver produceret p\u00e5 Gr\u00f8nkj\u00e6r Maskinv\u00e6rksted sammen med en lang r\u00e6kke andre produkter.<\/p>\n\n      <\/div>\n  <\/div>\n<div class=\"block core-block core-block--paragraph\">\n      <div class=\"inner inner--small\">\n      \n<p>InterForce, repr\u00e6senteret af overtegnede, blev varmt modtaget af br\u00f8drene Flemming og Bent, som er den tredje generation af ejere. Begge er stolte af at bakke op om InterForce og dermed forsvaret af Danmark.<\/p>\n\n      <\/div>\n  <\/div>\n<div class=\"block core-block core-block--paragraph\">\n      <div class=\"inner inner--small\">\n      \n<p>Udover Thy M\u00f8llen fremstiller virksomheden en lang r\u00e6kke specialmaskiner, som kun eksperter kender til. Eksempelvis en ribbensudtr\u00e6kker&nbsp;og en spidsrygsav.<br>Bare rolig &#8211; de er lavet til slagterier og deres form\u00e5l er at forbedre arbejdsmilj\u00f8et og spare p\u00e5 produktionstiden. <br>N\u00e5r man er p\u00e5 virksomheden, er det tydeligt at opleve, at der s\u00e6ttes stor pris p\u00e5 gode arbejdsforhold &#8211; og et godt arbejdsmilj\u00f8.<\/p>\n\n      <\/div>\n  <\/div>\n<div class=\"block core-block core-block--paragraph\">\n      <div class=\"inner inner--small\">\n      \n<p>Tak for jeres st\u00f8tte til Reservestyrken!<\/p>\n\n      <\/div>\n  <\/div>\n<div class=\"block core-block core-block--image align-center\">\n      <div class=\"inner inner--small\">\n      \n<div class=\"wp-block-image\"><figure class=\"aligncenter size-large\"><img loading=\"lazy\" decoding=\"async\" width=\"480\" height=\"640\" src=\"\/app\/uploads\/2022\/03\/Gronkjaers-Maskinvaerksted-rotated.jpg\" alt=\"\" class=\"wp-image-12344\" srcset=\"https:\/\/www.interforce.dk\/app\/uploads\/2022\/03\/Gronkjaers-Maskinvaerksted-rotated.jpg 480w, https:\/\/www.interforce.dk\/app\/uploads\/2022\/03\/Gronkjaers-Maskinvaerksted-225x300.jpg 225w, https:\/\/www.interforce.dk\/app\/uploads\/2022\/03\/Gronkjaers-Maskinvaerksted-9x12.jpg 9w\" sizes=\"auto, (max-width: 480px) 100vw, 480px\" \/><figcaption>Flemming og Bent Gr\u00f8nkj\u00e6r f\u00e5r her overrakt InterForce-skjoldet af ambassad\u00f8r Lars Raae. Foto privat.<\/figcaption><\/figure><\/div>\n\n      <\/div>\n  <\/div>\n<div class=\"block core-block core-block--paragraph\">\n      <div class=\"inner inner--small\">\n      \n<p><\/p>\n\n      <\/div>\n  <\/div>","protected":false},"excerpt":{"rendered":"Tak for st\u00f8tten!...","protected":false},"author":111,"featured_media":12344,"comment_status":"closed","ping_status":"closed","sticky":false,"template":"","format":"standard","meta":{"_acf_changed":false,"footnotes":""},"categories":[56],"tags":[51],"class_list":["post-12342","post","type-post","status-publish","format-standard","has-post-thumbnail","hentry","category-erhvervsliv","tag-tag-nordjylland"],"acf":[],"yoast_head":"<!-- This site is optimized with the Yoast SEO plugin v27.3 - https:\/\/yoast.com\/product\/yoast-seo-wordpress\/ -->\n<title>Gr\u00f8nkj\u00e6r Maskinv\u00e6rksted modtager InterForce-skjoldet - InterForce<\/title>\n<meta name=\"robots\" content=\"index, follow, max-snippet:-1, max-image-preview:large, max-video-preview:-1\" \/>\n<link rel=\"canonical\" href=\"https:\/\/www.interforce.dk\/en\/groenkjaer-maskinvaerksted-faar-overrakt-interforce-skjold\/\" \/>\n<meta property=\"og:locale\" content=\"en_GB\" \/>\n<meta property=\"og:type\" content=\"article\" \/>\n<meta property=\"og:title\" content=\"Gr\u00f8nkj\u00e6r Maskinv\u00e6rksted modtager InterForce-skjoldet - InterForce\" \/>\n<meta property=\"og:description\" content=\"Tak for st\u00f8tten!\" \/>\n<meta property=\"og:url\" content=\"https:\/\/www.interforce.dk\/en\/groenkjaer-maskinvaerksted-faar-overrakt-interforce-skjold\/\" \/>\n<meta property=\"og:site_name\" content=\"InterForce\" \/>\n<meta property=\"article:published_time\" content=\"2022-03-27T10:07:26+00:00\" \/>\n<meta property=\"article:modified_time\" content=\"2022-03-27T10:07:27+00:00\" \/>\n<meta property=\"og:image\" content=\"https:\/\/www.interforce.dk\/app\/uploads\/2022\/03\/Gronkjaers-Maskinvaerksted-rotated.jpg\" \/>\n\t<meta property=\"og:image:width\" content=\"480\" \/>\n\t<meta property=\"og:image:height\" content=\"640\" \/>\n\t<meta property=\"og:image:type\" content=\"image\/jpeg\" \/>\n<meta name=\"author\" content=\"Simon Staffeldt Schou\" \/>\n<meta name=\"twitter:card\" content=\"summary_large_image\" \/>\n<meta name=\"twitter:label1\" content=\"Written by\" \/>\n\t<meta name=\"twitter:data1\" content=\"Simon Staffeldt Schou\" \/>\n\t<meta name=\"twitter:label2\" content=\"Est. reading time\" \/>\n\t<meta name=\"twitter:data2\" content=\"2 minutes\" \/>\n<script type=\"application\/ld+json\" class=\"yoast-schema-graph\">{\"@context\":\"https:\\\/\\\/schema.org\",\"@graph\":[{\"@type\":\"Article\",\"@id\":\"https:\\\/\\\/www.interforce.dk\\\/kl\\\/groenkjaer-maskinvaerksted-faar-overrakt-interforce-skjold\\\/#article\",\"isPartOf\":{\"@id\":\"https:\\\/\\\/www.interforce.dk\\\/kl\\\/groenkjaer-maskinvaerksted-faar-overrakt-interforce-skjold\\\/\"},\"author\":{\"name\":\"Simon Staffeldt Schou\",\"@id\":\"https:\\\/\\\/www.interforce.dk\\\/#\\\/schema\\\/person\\\/3604a2bb29e48048ea484fbfb3703fad\"},\"headline\":\"Gr\u00f8nkj\u00e6r Maskinv\u00e6rksted modtager InterForce-skjoldet\",\"datePublished\":\"2022-03-27T10:07:26+00:00\",\"dateModified\":\"2022-03-27T10:07:27+00:00\",\"mainEntityOfPage\":{\"@id\":\"https:\\\/\\\/www.interforce.dk\\\/kl\\\/groenkjaer-maskinvaerksted-faar-overrakt-interforce-skjold\\\/\"},\"wordCount\":255,\"image\":{\"@id\":\"https:\\\/\\\/www.interforce.dk\\\/kl\\\/groenkjaer-maskinvaerksted-faar-overrakt-interforce-skjold\\\/#primaryimage\"},\"thumbnailUrl\":\"https:\\\/\\\/www.interforce.dk\\\/app\\\/uploads\\\/2022\\\/03\\\/Gronkjaers-Maskinvaerksted-rotated.jpg\",\"keywords\":[\"Tag:Nordjylland\"],\"articleSection\":[\"Erhvervsliv\"],\"inLanguage\":\"en-GB\"},{\"@type\":\"WebPage\",\"@id\":\"https:\\\/\\\/www.interforce.dk\\\/kl\\\/groenkjaer-maskinvaerksted-faar-overrakt-interforce-skjold\\\/\",\"url\":\"https:\\\/\\\/www.interforce.dk\\\/kl\\\/groenkjaer-maskinvaerksted-faar-overrakt-interforce-skjold\\\/\",\"name\":\"Gr\u00f8nkj\u00e6r Maskinv\u00e6rksted modtager InterForce-skjoldet - InterForce\",\"isPartOf\":{\"@id\":\"https:\\\/\\\/www.interforce.dk\\\/#website\"},\"primaryImageOfPage\":{\"@id\":\"https:\\\/\\\/www.interforce.dk\\\/kl\\\/groenkjaer-maskinvaerksted-faar-overrakt-interforce-skjold\\\/#primaryimage\"},\"image\":{\"@id\":\"https:\\\/\\\/www.interforce.dk\\\/kl\\\/groenkjaer-maskinvaerksted-faar-overrakt-interforce-skjold\\\/#primaryimage\"},\"thumbnailUrl\":\"https:\\\/\\\/www.interforce.dk\\\/app\\\/uploads\\\/2022\\\/03\\\/Gronkjaers-Maskinvaerksted-rotated.jpg\",\"datePublished\":\"2022-03-27T10:07:26+00:00\",\"dateModified\":\"2022-03-27T10:07:27+00:00\",\"author\":{\"@id\":\"https:\\\/\\\/www.interforce.dk\\\/#\\\/schema\\\/person\\\/3604a2bb29e48048ea484fbfb3703fad\"},\"breadcrumb\":{\"@id\":\"https:\\\/\\\/www.interforce.dk\\\/kl\\\/groenkjaer-maskinvaerksted-faar-overrakt-interforce-skjold\\\/#breadcrumb\"},\"inLanguage\":\"en-GB\",\"potentialAction\":[{\"@type\":\"ReadAction\",\"target\":[\"https:\\\/\\\/www.interforce.dk\\\/kl\\\/groenkjaer-maskinvaerksted-faar-overrakt-interforce-skjold\\\/\"]}]},{\"@type\":\"ImageObject\",\"inLanguage\":\"en-GB\",\"@id\":\"https:\\\/\\\/www.interforce.dk\\\/kl\\\/groenkjaer-maskinvaerksted-faar-overrakt-interforce-skjold\\\/#primaryimage\",\"url\":\"https:\\\/\\\/www.interforce.dk\\\/app\\\/uploads\\\/2022\\\/03\\\/Gronkjaers-Maskinvaerksted-rotated.jpg\",\"contentUrl\":\"https:\\\/\\\/www.interforce.dk\\\/app\\\/uploads\\\/2022\\\/03\\\/Gronkjaers-Maskinvaerksted-rotated.jpg\",\"width\":480,\"height\":640},{\"@type\":\"BreadcrumbList\",\"@id\":\"https:\\\/\\\/www.interforce.dk\\\/kl\\\/groenkjaer-maskinvaerksted-faar-overrakt-interforce-skjold\\\/#breadcrumb\",\"itemListElement\":[{\"@type\":\"ListItem\",\"position\":1,\"name\":\"Hjem\",\"item\":\"https:\\\/\\\/www.interforce.dk\\\/\"},{\"@type\":\"ListItem\",\"position\":2,\"name\":\"Gr\u00f8nkj\u00e6r Maskinv\u00e6rksted modtager InterForce-skjoldet\"}]},{\"@type\":\"WebSite\",\"@id\":\"https:\\\/\\\/www.interforce.dk\\\/#website\",\"url\":\"https:\\\/\\\/www.interforce.dk\\\/\",\"name\":\"InterForce\",\"description\":\"\",\"potentialAction\":[{\"@type\":\"SearchAction\",\"target\":{\"@type\":\"EntryPoint\",\"urlTemplate\":\"https:\\\/\\\/www.interforce.dk\\\/?s={search_term_string}\"},\"query-input\":{\"@type\":\"PropertyValueSpecification\",\"valueRequired\":true,\"valueName\":\"search_term_string\"}}],\"inLanguage\":\"en-GB\"},{\"@type\":\"Person\",\"@id\":\"https:\\\/\\\/www.interforce.dk\\\/#\\\/schema\\\/person\\\/3604a2bb29e48048ea484fbfb3703fad\",\"name\":\"Simon Staffeldt Schou\",\"image\":{\"@type\":\"ImageObject\",\"inLanguage\":\"en-GB\",\"@id\":\"https:\\\/\\\/secure.gravatar.com\\\/avatar\\\/1ff3b89414668243258c5ed26b84872c273dcdf7fe7ee0c553a52e1b4c2002fd?s=96&d=mm&r=g\",\"url\":\"https:\\\/\\\/secure.gravatar.com\\\/avatar\\\/1ff3b89414668243258c5ed26b84872c273dcdf7fe7ee0c553a52e1b4c2002fd?s=96&d=mm&r=g\",\"contentUrl\":\"https:\\\/\\\/secure.gravatar.com\\\/avatar\\\/1ff3b89414668243258c5ed26b84872c273dcdf7fe7ee0c553a52e1b4c2002fd?s=96&d=mm&r=g\",\"caption\":\"Simon Staffeldt Schou\"},\"url\":\"https:\\\/\\\/www.interforce.dk\\\/en\\\/author\\\/simon\\\/\"}]}<\/script>\n<!-- \/ Yoast SEO plugin. -->","yoast_head_json":{"title":"Gr\u00f8nkj\u00e6r Maskinv\u00e6rksted modtager InterForce-skjoldet - InterForce","robots":{"index":"index","follow":"follow","max-snippet":"max-snippet:-1","max-image-preview":"max-image-preview:large","max-video-preview":"max-video-preview:-1"},"canonical":"https:\/\/www.interforce.dk\/en\/groenkjaer-maskinvaerksted-faar-overrakt-interforce-skjold\/","og_locale":"en_GB","og_type":"article","og_title":"Gr\u00f8nkj\u00e6r Maskinv\u00e6rksted modtager InterForce-skjoldet - InterForce","og_description":"Tak for st\u00f8tten!","og_url":"https:\/\/www.interforce.dk\/en\/groenkjaer-maskinvaerksted-faar-overrakt-interforce-skjold\/","og_site_name":"InterForce","article_published_time":"2022-03-27T10:07:26+00:00","article_modified_time":"2022-03-27T10:07:27+00:00","og_image":[{"width":480,"height":640,"url":"https:\/\/www.interforce.dk\/app\/uploads\/2022\/03\/Gronkjaers-Maskinvaerksted-rotated.jpg","type":"image\/jpeg"}],"author":"Simon Staffeldt Schou","twitter_card":"summary_large_image","twitter_misc":{"Written by":"Simon Staffeldt Schou","Est. reading time":"2 minutes"},"schema":{"@context":"https:\/\/schema.org","@graph":[{"@type":"Article","@id":"https:\/\/www.interforce.dk\/kl\/groenkjaer-maskinvaerksted-faar-overrakt-interforce-skjold\/#article","isPartOf":{"@id":"https:\/\/www.interforce.dk\/kl\/groenkjaer-maskinvaerksted-faar-overrakt-interforce-skjold\/"},"author":{"name":"Simon Staffeldt Schou","@id":"https:\/\/www.interforce.dk\/#\/schema\/person\/3604a2bb29e48048ea484fbfb3703fad"},"headline":"Gr\u00f8nkj\u00e6r Maskinv\u00e6rksted modtager InterForce-skjoldet","datePublished":"2022-03-27T10:07:26+00:00","dateModified":"2022-03-27T10:07:27+00:00","mainEntityOfPage":{"@id":"https:\/\/www.interforce.dk\/kl\/groenkjaer-maskinvaerksted-faar-overrakt-interforce-skjold\/"},"wordCount":255,"image":{"@id":"https:\/\/www.interforce.dk\/kl\/groenkjaer-maskinvaerksted-faar-overrakt-interforce-skjold\/#primaryimage"},"thumbnailUrl":"https:\/\/www.interforce.dk\/app\/uploads\/2022\/03\/Gronkjaers-Maskinvaerksted-rotated.jpg","keywords":["Tag:Nordjylland"],"articleSection":["Erhvervsliv"],"inLanguage":"en-GB"},{"@type":"WebPage","@id":"https:\/\/www.interforce.dk\/kl\/groenkjaer-maskinvaerksted-faar-overrakt-interforce-skjold\/","url":"https:\/\/www.interforce.dk\/kl\/groenkjaer-maskinvaerksted-faar-overrakt-interforce-skjold\/","name":"Gr\u00f8nkj\u00e6r Maskinv\u00e6rksted modtager InterForce-skjoldet - InterForce","isPartOf":{"@id":"https:\/\/www.interforce.dk\/#website"},"primaryImageOfPage":{"@id":"https:\/\/www.interforce.dk\/kl\/groenkjaer-maskinvaerksted-faar-overrakt-interforce-skjold\/#primaryimage"},"image":{"@id":"https:\/\/www.interforce.dk\/kl\/groenkjaer-maskinvaerksted-faar-overrakt-interforce-skjold\/#primaryimage"},"thumbnailUrl":"https:\/\/www.interforce.dk\/app\/uploads\/2022\/03\/Gronkjaers-Maskinvaerksted-rotated.jpg","datePublished":"2022-03-27T10:07:26+00:00","dateModified":"2022-03-27T10:07:27+00:00","author":{"@id":"https:\/\/www.interforce.dk\/#\/schema\/person\/3604a2bb29e48048ea484fbfb3703fad"},"breadcrumb":{"@id":"https:\/\/www.interforce.dk\/kl\/groenkjaer-maskinvaerksted-faar-overrakt-interforce-skjold\/#breadcrumb"},"inLanguage":"en-GB","potentialAction":[{"@type":"ReadAction","target":["https:\/\/www.interforce.dk\/kl\/groenkjaer-maskinvaerksted-faar-overrakt-interforce-skjold\/"]}]},{"@type":"ImageObject","inLanguage":"en-GB","@id":"https:\/\/www.interforce.dk\/kl\/groenkjaer-maskinvaerksted-faar-overrakt-interforce-skjold\/#primaryimage","url":"https:\/\/www.interforce.dk\/app\/uploads\/2022\/03\/Gronkjaers-Maskinvaerksted-rotated.jpg","contentUrl":"https:\/\/www.interforce.dk\/app\/uploads\/2022\/03\/Gronkjaers-Maskinvaerksted-rotated.jpg","width":480,"height":640},{"@type":"BreadcrumbList","@id":"https:\/\/www.interforce.dk\/kl\/groenkjaer-maskinvaerksted-faar-overrakt-interforce-skjold\/#breadcrumb","itemListElement":[{"@type":"ListItem","position":1,"name":"Hjem","item":"https:\/\/www.interforce.dk\/"},{"@type":"ListItem","position":2,"name":"Gr\u00f8nkj\u00e6r Maskinv\u00e6rksted modtager InterForce-skjoldet"}]},{"@type":"WebSite","@id":"https:\/\/www.interforce.dk\/#website","url":"https:\/\/www.interforce.dk\/","name":"InterForce","description":"","potentialAction":[{"@type":"SearchAction","target":{"@type":"EntryPoint","urlTemplate":"https:\/\/www.interforce.dk\/?s={search_term_string}"},"query-input":{"@type":"PropertyValueSpecification","valueRequired":true,"valueName":"search_term_string"}}],"inLanguage":"en-GB"},{"@type":"Person","@id":"https:\/\/www.interforce.dk\/#\/schema\/person\/3604a2bb29e48048ea484fbfb3703fad","name":"Simon Staffeldt Schou","image":{"@type":"ImageObject","inLanguage":"en-GB","@id":"https:\/\/secure.gravatar.com\/avatar\/1ff3b89414668243258c5ed26b84872c273dcdf7fe7ee0c553a52e1b4c2002fd?s=96&d=mm&r=g","url":"https:\/\/secure.gravatar.com\/avatar\/1ff3b89414668243258c5ed26b84872c273dcdf7fe7ee0c553a52e1b4c2002fd?s=96&d=mm&r=g","contentUrl":"https:\/\/secure.gravatar.com\/avatar\/1ff3b89414668243258c5ed26b84872c273dcdf7fe7ee0c553a52e1b4c2002fd?s=96&d=mm&r=g","caption":"Simon Staffeldt Schou"},"url":"https:\/\/www.interforce.dk\/en\/author\/simon\/"}]}},"_links":{"self":[{"href":"https:\/\/www.interforce.dk\/en\/wp-json\/wp\/v2\/posts\/12342","targetHints":{"allow":["GET"]}}],"collection":[{"href":"https:\/\/www.interforce.dk\/en\/wp-json\/wp\/v2\/posts"}],"about":[{"href":"https:\/\/www.interforce.dk\/en\/wp-json\/wp\/v2\/types\/post"}],"author":[{"embeddable":true,"href":"https:\/\/www.interforce.dk\/en\/wp-json\/wp\/v2\/users\/111"}],"replies":[{"embeddable":true,"href":"https:\/\/www.interforce.dk\/en\/wp-json\/wp\/v2\/comments?post=12342"}],"version-history":[{"count":5,"href":"https:\/\/www.interforce.dk\/en\/wp-json\/wp\/v2\/posts\/12342\/revisions"}],"predecessor-version":[{"id":12379,"href":"https:\/\/www.interforce.dk\/en\/wp-json\/wp\/v2\/posts\/12342\/revisions\/12379"}],"wp:featuredmedia":[{"embeddable":true,"href":"https:\/\/www.interforce.dk\/en\/wp-json\/wp\/v2\/media\/12344"}],"wp:attachment":[{"href":"https:\/\/www.interforce.dk\/en\/wp-json\/wp\/v2\/media?parent=12342"}],"wp:term":[{"taxonomy":"category","embeddable":true,"href":"https:\/\/www.interforce.dk\/en\/wp-json\/wp\/v2\/categories?post=12342"},{"taxonomy":"post_tag","embeddable":true,"href":"https:\/\/www.interforce.dk\/en\/wp-json\/wp\/v2\/tags?post=12342"}],"curies":[{"name":"wp","href":"https:\/\/api.w.org\/{rel}","templated":true}]}}