{"id":11956,"date":"2021-12-06T11:32:32","date_gmt":"2021-12-06T11:32:32","guid":{"rendered":"https:\/\/www.interforce.dk\/?p=11956"},"modified":"2021-12-06T11:32:32","modified_gmt":"2021-12-06T11:32:32","slug":"avk-international-modtager-skjold-fra-interforce","status":"publish","type":"post","link":"https:\/\/www.interforce.dk\/en\/avk-international-modtager-skjold-fra-interforce\/","title":{"rendered":"AVK International modtager skjold fra InterForce"},"content":{"rendered":"<div class=\"block core-block core-block--image\">\n      <div class=\"inner inner--small\">\n      \n<figure class=\"wp-block-image size-large\"><img loading=\"lazy\" decoding=\"async\" width=\"655\" height=\"1024\" src=\"\/app\/uploads\/2021\/12\/AVK-International-655x1024.jpg\" alt=\"\" class=\"wp-image-11957\" srcset=\"https:\/\/www.interforce.dk\/app\/uploads\/2021\/12\/AVK-International-655x1024.jpg 655w, https:\/\/www.interforce.dk\/app\/uploads\/2021\/12\/AVK-International-192x300.jpg 192w, https:\/\/www.interforce.dk\/app\/uploads\/2021\/12\/AVK-International-768x1200.jpg 768w, https:\/\/www.interforce.dk\/app\/uploads\/2021\/12\/AVK-International-8x12.jpg 8w, https:\/\/www.interforce.dk\/app\/uploads\/2021\/12\/AVK-International.jpg 819w\" sizes=\"auto, (max-width: 655px) 100vw, 655px\" \/><figcaption>Fra venstre produktionschef Lars Christiansen, AVK Group Director Morten S\u00e6derup Nielsen, ambassad\u00f8r for InterForce RM Claus Winther og endelig Product Manager Kenny Elmkvist Nielsen.<\/figcaption><\/figure>\n\n      <\/div>\n  <\/div>\n<div class=\"block core-block core-block--paragraph\">\n      <div class=\"inner inner--small\">\n      \n<p>AVK International er en dansk koncern, der internationalt besk\u00e6ftiger mere end 4.400 ansatte, og som arbejder med produktion af ventiler og brandsikring m.m.\u00a0Ovenst\u00e5ende billede er taget foran en af de st\u00f8rre ventiler i produktportef\u00f8ljen. <\/p>\n\n      <\/div>\n  <\/div>\n<div class=\"block core-block core-block--paragraph\">\n      <div class=\"inner inner--small\">\n      \n<p>AVK International er meget interesserede i samarbejdet med InterForce. Man stiller sig velvilligt til at have ansatte, som ogs\u00e5 har en funktion i forsvaret, og n\u00e5r det er muligt, bakker man op om at give disse ansatte mulighed for at deltage i aktiviteter i forsvaret. AVK International ser ogs\u00e5 positivt p\u00e5 de kompetencer, som medarbejderne kan tilegne sig hos forsvaret, og som virksomheden herefter ogs\u00e5 kan drage nytte af.<\/p>\n\n      <\/div>\n  <\/div>\n<div class=\"block core-block core-block--paragraph\">\n      <div class=\"inner inner--small\">\n      \n<p><a href=\"https:\/\/www.avkventiler.dk\/da-dk\" target=\"_blank\" rel=\"noreferrer noopener\">https:\/\/www.avkventiler.dk\/da-dk<\/a><\/p>\n\n      <\/div>\n  <\/div>\n<div class=\"block core-block core-block--paragraph\">\n      <div class=\"inner inner--small\">\n      \n<p><\/p>\n\n      <\/div>\n  <\/div>\n<div class=\"block core-block core-block--paragraph\">\n      <div class=\"inner inner--small\">\n      \n<p><\/p>\n\n      <\/div>\n  <\/div>","protected":false},"excerpt":{"rendered":"Koncern med 4.400 ansatte st\u00f8tter Reservestyrken....","protected":false},"author":26,"featured_media":11957,"comment_status":"closed","ping_status":"closed","sticky":false,"template":"","format":"standard","meta":{"_acf_changed":false,"footnotes":""},"categories":[56],"tags":[52],"class_list":["post-11956","post","type-post","status-publish","format-standard","has-post-thumbnail","hentry","category-erhvervsliv","tag-tag-midtjylland"],"acf":[],"yoast_head":"<!-- This site is optimized with the Yoast SEO plugin v27.3 - https:\/\/yoast.com\/product\/yoast-seo-wordpress\/ -->\n<title>AVK International modtager skjold fra InterForce - InterForce<\/title>\n<meta name=\"robots\" content=\"index, follow, max-snippet:-1, max-image-preview:large, max-video-preview:-1\" \/>\n<link rel=\"canonical\" href=\"https:\/\/www.interforce.dk\/en\/avk-international-modtager-skjold-fra-interforce\/\" \/>\n<meta property=\"og:locale\" content=\"en_GB\" \/>\n<meta property=\"og:type\" content=\"article\" \/>\n<meta property=\"og:title\" content=\"AVK International modtager skjold fra InterForce - InterForce\" \/>\n<meta property=\"og:description\" content=\"Koncern med 4.400 ansatte st\u00f8tter Reservestyrken.\" \/>\n<meta property=\"og:url\" content=\"https:\/\/www.interforce.dk\/en\/avk-international-modtager-skjold-fra-interforce\/\" \/>\n<meta property=\"og:site_name\" content=\"InterForce\" \/>\n<meta property=\"article:published_time\" content=\"2021-12-06T11:32:32+00:00\" \/>\n<meta property=\"og:image\" content=\"https:\/\/www.interforce.dk\/app\/uploads\/2021\/12\/AVK-International.jpg\" \/>\n\t<meta property=\"og:image:width\" content=\"819\" \/>\n\t<meta property=\"og:image:height\" content=\"1280\" \/>\n\t<meta property=\"og:image:type\" content=\"image\/jpeg\" \/>\n<meta name=\"author\" content=\"Birgitte Nielsen\" \/>\n<meta name=\"twitter:card\" content=\"summary_large_image\" \/>\n<meta name=\"twitter:label1\" content=\"Written by\" \/>\n\t<meta name=\"twitter:data1\" content=\"Birgitte Nielsen\" \/>\n\t<meta name=\"twitter:label2\" content=\"Est. reading time\" \/>\n\t<meta name=\"twitter:data2\" content=\"1 minute\" \/>\n<script type=\"application\/ld+json\" class=\"yoast-schema-graph\">{\"@context\":\"https:\\\/\\\/schema.org\",\"@graph\":[{\"@type\":\"Article\",\"@id\":\"https:\\\/\\\/www.interforce.dk\\\/avk-international-modtager-skjold-fra-interforce\\\/#article\",\"isPartOf\":{\"@id\":\"https:\\\/\\\/www.interforce.dk\\\/avk-international-modtager-skjold-fra-interforce\\\/\"},\"author\":{\"name\":\"Birgitte Nielsen\",\"@id\":\"https:\\\/\\\/www.interforce.dk\\\/#\\\/schema\\\/person\\\/41b0658575535ca51309711ff349b9e3\"},\"headline\":\"AVK International modtager skjold fra InterForce\",\"datePublished\":\"2021-12-06T11:32:32+00:00\",\"mainEntityOfPage\":{\"@id\":\"https:\\\/\\\/www.interforce.dk\\\/avk-international-modtager-skjold-fra-interforce\\\/\"},\"wordCount\":146,\"image\":{\"@id\":\"https:\\\/\\\/www.interforce.dk\\\/avk-international-modtager-skjold-fra-interforce\\\/#primaryimage\"},\"thumbnailUrl\":\"https:\\\/\\\/www.interforce.dk\\\/app\\\/uploads\\\/2021\\\/12\\\/AVK-International.jpg\",\"keywords\":[\"Tag:Midtjylland\"],\"articleSection\":[\"Erhvervsliv\"],\"inLanguage\":\"en-GB\"},{\"@type\":\"WebPage\",\"@id\":\"https:\\\/\\\/www.interforce.dk\\\/avk-international-modtager-skjold-fra-interforce\\\/\",\"url\":\"https:\\\/\\\/www.interforce.dk\\\/avk-international-modtager-skjold-fra-interforce\\\/\",\"name\":\"AVK International modtager skjold fra InterForce - InterForce\",\"isPartOf\":{\"@id\":\"https:\\\/\\\/www.interforce.dk\\\/#website\"},\"primaryImageOfPage\":{\"@id\":\"https:\\\/\\\/www.interforce.dk\\\/avk-international-modtager-skjold-fra-interforce\\\/#primaryimage\"},\"image\":{\"@id\":\"https:\\\/\\\/www.interforce.dk\\\/avk-international-modtager-skjold-fra-interforce\\\/#primaryimage\"},\"thumbnailUrl\":\"https:\\\/\\\/www.interforce.dk\\\/app\\\/uploads\\\/2021\\\/12\\\/AVK-International.jpg\",\"datePublished\":\"2021-12-06T11:32:32+00:00\",\"author\":{\"@id\":\"https:\\\/\\\/www.interforce.dk\\\/#\\\/schema\\\/person\\\/41b0658575535ca51309711ff349b9e3\"},\"breadcrumb\":{\"@id\":\"https:\\\/\\\/www.interforce.dk\\\/avk-international-modtager-skjold-fra-interforce\\\/#breadcrumb\"},\"inLanguage\":\"en-GB\",\"potentialAction\":[{\"@type\":\"ReadAction\",\"target\":[\"https:\\\/\\\/www.interforce.dk\\\/avk-international-modtager-skjold-fra-interforce\\\/\"]}]},{\"@type\":\"ImageObject\",\"inLanguage\":\"en-GB\",\"@id\":\"https:\\\/\\\/www.interforce.dk\\\/avk-international-modtager-skjold-fra-interforce\\\/#primaryimage\",\"url\":\"https:\\\/\\\/www.interforce.dk\\\/app\\\/uploads\\\/2021\\\/12\\\/AVK-International.jpg\",\"contentUrl\":\"https:\\\/\\\/www.interforce.dk\\\/app\\\/uploads\\\/2021\\\/12\\\/AVK-International.jpg\",\"width\":819,\"height\":1280},{\"@type\":\"BreadcrumbList\",\"@id\":\"https:\\\/\\\/www.interforce.dk\\\/avk-international-modtager-skjold-fra-interforce\\\/#breadcrumb\",\"itemListElement\":[{\"@type\":\"ListItem\",\"position\":1,\"name\":\"Hjem\",\"item\":\"https:\\\/\\\/www.interforce.dk\\\/\"},{\"@type\":\"ListItem\",\"position\":2,\"name\":\"AVK International modtager skjold fra InterForce\"}]},{\"@type\":\"WebSite\",\"@id\":\"https:\\\/\\\/www.interforce.dk\\\/#website\",\"url\":\"https:\\\/\\\/www.interforce.dk\\\/\",\"name\":\"InterForce\",\"description\":\"\",\"potentialAction\":[{\"@type\":\"SearchAction\",\"target\":{\"@type\":\"EntryPoint\",\"urlTemplate\":\"https:\\\/\\\/www.interforce.dk\\\/?s={search_term_string}\"},\"query-input\":{\"@type\":\"PropertyValueSpecification\",\"valueRequired\":true,\"valueName\":\"search_term_string\"}}],\"inLanguage\":\"en-GB\"},{\"@type\":\"Person\",\"@id\":\"https:\\\/\\\/www.interforce.dk\\\/#\\\/schema\\\/person\\\/41b0658575535ca51309711ff349b9e3\",\"name\":\"Birgitte Nielsen\",\"image\":{\"@type\":\"ImageObject\",\"inLanguage\":\"en-GB\",\"@id\":\"https:\\\/\\\/secure.gravatar.com\\\/avatar\\\/81b3d9e74c5222861e29f3ef814bb64697af08736530ea8aaa6d2773f4c878e3?s=96&d=mm&r=g\",\"url\":\"https:\\\/\\\/secure.gravatar.com\\\/avatar\\\/81b3d9e74c5222861e29f3ef814bb64697af08736530ea8aaa6d2773f4c878e3?s=96&d=mm&r=g\",\"contentUrl\":\"https:\\\/\\\/secure.gravatar.com\\\/avatar\\\/81b3d9e74c5222861e29f3ef814bb64697af08736530ea8aaa6d2773f4c878e3?s=96&d=mm&r=g\",\"caption\":\"Birgitte Nielsen\"},\"url\":\"https:\\\/\\\/www.interforce.dk\\\/en\\\/author\\\/midtjyllandinterforce-dk\\\/\"}]}<\/script>\n<!-- \/ Yoast SEO plugin. -->","yoast_head_json":{"title":"AVK International modtager skjold fra InterForce - InterForce","robots":{"index":"index","follow":"follow","max-snippet":"max-snippet:-1","max-image-preview":"max-image-preview:large","max-video-preview":"max-video-preview:-1"},"canonical":"https:\/\/www.interforce.dk\/en\/avk-international-modtager-skjold-fra-interforce\/","og_locale":"en_GB","og_type":"article","og_title":"AVK International modtager skjold fra InterForce - InterForce","og_description":"Koncern med 4.400 ansatte st\u00f8tter Reservestyrken.","og_url":"https:\/\/www.interforce.dk\/en\/avk-international-modtager-skjold-fra-interforce\/","og_site_name":"InterForce","article_published_time":"2021-12-06T11:32:32+00:00","og_image":[{"width":819,"height":1280,"url":"https:\/\/www.interforce.dk\/app\/uploads\/2021\/12\/AVK-International.jpg","type":"image\/jpeg"}],"author":"Birgitte Nielsen","twitter_card":"summary_large_image","twitter_misc":{"Written by":"Birgitte Nielsen","Est. reading time":"1 minute"},"schema":{"@context":"https:\/\/schema.org","@graph":[{"@type":"Article","@id":"https:\/\/www.interforce.dk\/avk-international-modtager-skjold-fra-interforce\/#article","isPartOf":{"@id":"https:\/\/www.interforce.dk\/avk-international-modtager-skjold-fra-interforce\/"},"author":{"name":"Birgitte Nielsen","@id":"https:\/\/www.interforce.dk\/#\/schema\/person\/41b0658575535ca51309711ff349b9e3"},"headline":"AVK International modtager skjold fra InterForce","datePublished":"2021-12-06T11:32:32+00:00","mainEntityOfPage":{"@id":"https:\/\/www.interforce.dk\/avk-international-modtager-skjold-fra-interforce\/"},"wordCount":146,"image":{"@id":"https:\/\/www.interforce.dk\/avk-international-modtager-skjold-fra-interforce\/#primaryimage"},"thumbnailUrl":"https:\/\/www.interforce.dk\/app\/uploads\/2021\/12\/AVK-International.jpg","keywords":["Tag:Midtjylland"],"articleSection":["Erhvervsliv"],"inLanguage":"en-GB"},{"@type":"WebPage","@id":"https:\/\/www.interforce.dk\/avk-international-modtager-skjold-fra-interforce\/","url":"https:\/\/www.interforce.dk\/avk-international-modtager-skjold-fra-interforce\/","name":"AVK International modtager skjold fra InterForce - InterForce","isPartOf":{"@id":"https:\/\/www.interforce.dk\/#website"},"primaryImageOfPage":{"@id":"https:\/\/www.interforce.dk\/avk-international-modtager-skjold-fra-interforce\/#primaryimage"},"image":{"@id":"https:\/\/www.interforce.dk\/avk-international-modtager-skjold-fra-interforce\/#primaryimage"},"thumbnailUrl":"https:\/\/www.interforce.dk\/app\/uploads\/2021\/12\/AVK-International.jpg","datePublished":"2021-12-06T11:32:32+00:00","author":{"@id":"https:\/\/www.interforce.dk\/#\/schema\/person\/41b0658575535ca51309711ff349b9e3"},"breadcrumb":{"@id":"https:\/\/www.interforce.dk\/avk-international-modtager-skjold-fra-interforce\/#breadcrumb"},"inLanguage":"en-GB","potentialAction":[{"@type":"ReadAction","target":["https:\/\/www.interforce.dk\/avk-international-modtager-skjold-fra-interforce\/"]}]},{"@type":"ImageObject","inLanguage":"en-GB","@id":"https:\/\/www.interforce.dk\/avk-international-modtager-skjold-fra-interforce\/#primaryimage","url":"https:\/\/www.interforce.dk\/app\/uploads\/2021\/12\/AVK-International.jpg","contentUrl":"https:\/\/www.interforce.dk\/app\/uploads\/2021\/12\/AVK-International.jpg","width":819,"height":1280},{"@type":"BreadcrumbList","@id":"https:\/\/www.interforce.dk\/avk-international-modtager-skjold-fra-interforce\/#breadcrumb","itemListElement":[{"@type":"ListItem","position":1,"name":"Hjem","item":"https:\/\/www.interforce.dk\/"},{"@type":"ListItem","position":2,"name":"AVK International modtager skjold fra InterForce"}]},{"@type":"WebSite","@id":"https:\/\/www.interforce.dk\/#website","url":"https:\/\/www.interforce.dk\/","name":"InterForce","description":"","potentialAction":[{"@type":"SearchAction","target":{"@type":"EntryPoint","urlTemplate":"https:\/\/www.interforce.dk\/?s={search_term_string}"},"query-input":{"@type":"PropertyValueSpecification","valueRequired":true,"valueName":"search_term_string"}}],"inLanguage":"en-GB"},{"@type":"Person","@id":"https:\/\/www.interforce.dk\/#\/schema\/person\/41b0658575535ca51309711ff349b9e3","name":"Birgitte Nielsen","image":{"@type":"ImageObject","inLanguage":"en-GB","@id":"https:\/\/secure.gravatar.com\/avatar\/81b3d9e74c5222861e29f3ef814bb64697af08736530ea8aaa6d2773f4c878e3?s=96&d=mm&r=g","url":"https:\/\/secure.gravatar.com\/avatar\/81b3d9e74c5222861e29f3ef814bb64697af08736530ea8aaa6d2773f4c878e3?s=96&d=mm&r=g","contentUrl":"https:\/\/secure.gravatar.com\/avatar\/81b3d9e74c5222861e29f3ef814bb64697af08736530ea8aaa6d2773f4c878e3?s=96&d=mm&r=g","caption":"Birgitte Nielsen"},"url":"https:\/\/www.interforce.dk\/en\/author\/midtjyllandinterforce-dk\/"}]}},"_links":{"self":[{"href":"https:\/\/www.interforce.dk\/en\/wp-json\/wp\/v2\/posts\/11956","targetHints":{"allow":["GET"]}}],"collection":[{"href":"https:\/\/www.interforce.dk\/en\/wp-json\/wp\/v2\/posts"}],"about":[{"href":"https:\/\/www.interforce.dk\/en\/wp-json\/wp\/v2\/types\/post"}],"author":[{"embeddable":true,"href":"https:\/\/www.interforce.dk\/en\/wp-json\/wp\/v2\/users\/26"}],"replies":[{"embeddable":true,"href":"https:\/\/www.interforce.dk\/en\/wp-json\/wp\/v2\/comments?post=11956"}],"version-history":[{"count":3,"href":"https:\/\/www.interforce.dk\/en\/wp-json\/wp\/v2\/posts\/11956\/revisions"}],"predecessor-version":[{"id":11961,"href":"https:\/\/www.interforce.dk\/en\/wp-json\/wp\/v2\/posts\/11956\/revisions\/11961"}],"wp:featuredmedia":[{"embeddable":true,"href":"https:\/\/www.interforce.dk\/en\/wp-json\/wp\/v2\/media\/11957"}],"wp:attachment":[{"href":"https:\/\/www.interforce.dk\/en\/wp-json\/wp\/v2\/media?parent=11956"}],"wp:term":[{"taxonomy":"category","embeddable":true,"href":"https:\/\/www.interforce.dk\/en\/wp-json\/wp\/v2\/categories?post=11956"},{"taxonomy":"post_tag","embeddable":true,"href":"https:\/\/www.interforce.dk\/en\/wp-json\/wp\/v2\/tags?post=11956"}],"curies":[{"name":"wp","href":"https:\/\/api.w.org\/{rel}","templated":true}]}}