{"id":11934,"date":"2021-11-15T12:34:00","date_gmt":"2021-11-15T12:34:00","guid":{"rendered":"https:\/\/www.interforce.dk\/?p=11934"},"modified":"2021-12-02T08:41:56","modified_gmt":"2021-12-02T08:41:56","slug":"anerkendelse-af-randers-kommune-i-interforce","status":"publish","type":"post","link":"https:\/\/www.interforce.dk\/en\/anerkendelse-af-randers-kommune-i-interforce\/","title":{"rendered":"Anerkendelse af Randers Kommune i InterForce"},"content":{"rendered":"<div class=\"block core-block core-block--image\">\n      <div class=\"inner inner--small\">\n      \n<figure class=\"wp-block-image size-large is-resized\"><img loading=\"lazy\" decoding=\"async\" src=\"\/app\/uploads\/2021\/12\/Randers-Kommune-og-Henrik-Herold.jpg\" alt=\"\" class=\"wp-image-11935\" width=\"828\" height=\"565\" srcset=\"https:\/\/www.interforce.dk\/app\/uploads\/2021\/12\/Randers-Kommune-og-Henrik-Herold.jpg 540w, https:\/\/www.interforce.dk\/app\/uploads\/2021\/12\/Randers-Kommune-og-Henrik-Herold-300x205.jpg 300w, https:\/\/www.interforce.dk\/app\/uploads\/2021\/12\/Randers-Kommune-og-Henrik-Herold-16x12.jpg 16w\" sizes=\"auto, (max-width: 828px) 100vw, 828px\" \/><figcaption>Fra Venstre Borgmester Rander Kommune Torben Hansen og Direkt\u00f8r for Randers Regnskov Henrik Herold som er  ambassad\u00f8r for InterForce Region Midtjylland <\/figcaption><\/figure>\n\n      <\/div>\n  <\/div>\n<div class=\"block core-block core-block--paragraph\">\n      <div class=\"inner inner--small\">\n      \n<p>Henrik Herold overrakte mandag 8. november 2021 et skjold til borgmester Torben Hansen og&nbsp;Randers Kommune, som en synlig anerkendelse af, at Randers Kommune indg\u00e5r i INTERFORCE samarbejdet. Samarbejdet bidrager til, at medarbejdere der enten indg\u00e5r i reserven eller i Hjemmev\u00e6rnet kan f\u00e5 orlov til at g\u00e5 i tjeneste og efterf\u00f8lgende vende tilbage til deres civile job. &nbsp;<\/p>\n\n      <\/div>\n  <\/div>\n<div class=\"block core-block core-block--paragraph\">\n      <div class=\"inner inner--small\">\n      \n<p>&#8220;Jeg er rigtig stolt af, at vi i Randers Kommune har en flot veteranpolitik og over den m\u00e5de, vi har skruet veteranarbejdet sammen p\u00e5. Det var lige til at blive r\u00f8rt af, at vi ogs\u00e5 som den f\u00f8rste kommune modtog forsvarsministerens veteranpris. Jeg kommer med skjoldet i dag, som en anerkendelse af, at Randers Kommune er blandt de kommuner, der indg\u00e5r i samarbejdet med forsvaret. Kommuner er netop store arbejdspladser med betydning for mange mennesker, &#8221; sagde Henrik Herold, da han overrakte prisen. &nbsp;<\/p>\n\n      <\/div>\n  <\/div>\n<div class=\"block core-block core-block--paragraph\">\n      <div class=\"inner inner--small\">\n      \n<p>INTERFORCE er et samarbejde mellem forsvaret og b\u00e5de private og offentlige virksomheder om forsvarets brug af reserven og Hjemmev\u00e6rnets frivillige. Samarbejdet betyder, at milit\u00e6rfolk af reserven, veteraner og hjemmev\u00e6rnsfolk, som til hverdag arbejder for eksempel i Randers Kommune, kan indg\u00e5 i forsvarssammenh\u00e6nge og f\u00e5 orlov til det i en periode, og efterf\u00f8lgende kunne vende tilbage til sit job. &nbsp;<\/p>\n\n      <\/div>\n  <\/div>\n<div class=\"block core-block core-block--paragraph\">\n      <div class=\"inner inner--small\">\n      \n<p>&#8220;P\u00e5 vegne af Randers Kommune er jeg rigtig glad for at modtage skjoldet. Randers Kommune er en stor arbejdsplads, og vi skal netop sikre, at har vi medarbejdere, som indg\u00e5r i enten den civile eller en milit\u00e6r forpligtelse i forsvaret, s\u00e5 skal der v\u00e6re ordentlige forhold for at g\u00f8re det. Jeg er meget stolt af, at vi nu modtager skjoldet ogs\u00e5 i lyset af, at vi netop er blevet \u00c5rets Veterankommune, &#8221; siger Torben Hansen, borgmester i Randers Kommune og forts\u00e6tter:<\/p>\n\n      <\/div>\n  <\/div>\n<div class=\"block core-block core-block--paragraph\">\n      <div class=\"inner inner--small\">\n      \n<p>&#8220;Og s\u00e5 er jeg ikke i tvivl om, at de kompetencer man f\u00e5r ved at have erfaring fra enten den civile eller den milit\u00e6re del af reservestyrken, det er absolut ogs\u00e5 gode kompetencer i ens arbejde.&#8221;<\/p>\n\n      <\/div>\n  <\/div>\n<div class=\"block core-block core-block--paragraph\">\n      <div class=\"inner inner--small\">\n      \n<p>Henrik Herold, der til daglig er direkt\u00f8r i Randers Regnskov, er ogs\u00e5 aktiv officer i reserven og engageret i INTERFORCE som ambassad\u00f8r for samarbejdet.<\/p>\n\n      <\/div>\n  <\/div>\n<div class=\"block core-block core-block--paragraph\">\n      <div class=\"inner inner--small\">\n      \n<p>&#8220;Jeg er en af de mange, der b\u00e5de har et fast job i det civile og samtidig er aktiv i reserven. Jeg ved derfor, hvor vigtigt det er, at der er et positivt syn p\u00e5, at man gerne vil bidrage til forsvaret, og at man faktisk kommer med kompetencer, der ogs\u00e5 kan bruges i ens faste, civile arbejde. Samtidig er det en synlig anerkendelse af, at man har forst\u00e5else for vores forsvar, &#8221; siger Henrik Herold og forts\u00e6tter: &#8220;Randers har l\u00e6nge v\u00e6ret medlem af INTERFORCE og f\u00e5r nu et synligt bevis herfor. At kommunen som den f\u00f8rste i landet ogs\u00e5 modtager prisen om \u00e5rets veterankommune viser med stor tydelighed en stor opbakning til forsvaret og forsvarets ansatte.&#8221;<\/p>\n\n      <\/div>\n  <\/div>","protected":false},"excerpt":{"rendered":"Henrik Herold overrakte mandag 8. november 2021 et skjold til borgmester Torben ...","protected":false},"author":26,"featured_media":11935,"comment_status":"closed","ping_status":"closed","sticky":false,"template":"","format":"standard","meta":{"_acf_changed":false,"footnotes":""},"categories":[56],"tags":[52],"class_list":["post-11934","post","type-post","status-publish","format-standard","has-post-thumbnail","hentry","category-erhvervsliv","tag-tag-midtjylland"],"acf":[],"yoast_head":"<!-- This site is optimized with the Yoast SEO plugin v27.3 - https:\/\/yoast.com\/product\/yoast-seo-wordpress\/ -->\n<title>Anerkendelse af Randers Kommune i InterForce - InterForce<\/title>\n<meta name=\"robots\" content=\"index, follow, max-snippet:-1, max-image-preview:large, max-video-preview:-1\" \/>\n<link rel=\"canonical\" href=\"https:\/\/www.interforce.dk\/en\/anerkendelse-af-randers-kommune-i-interforce\/\" \/>\n<meta property=\"og:locale\" content=\"en_GB\" \/>\n<meta property=\"og:type\" content=\"article\" \/>\n<meta property=\"og:title\" content=\"Anerkendelse af Randers Kommune i InterForce - InterForce\" \/>\n<meta property=\"og:description\" content=\"Henrik Herold overrakte mandag 8. november 2021 et skjold til borgmester Torben Hansen og&nbsp;Randers Kommune, som en synlig anerkendelse af, at Randers Kommune indg\u00e5r i INTERFORCE samarbejdet. Samarbejdet bidrager til, at medarbejdere der enten indg\u00e5r i reserven eller i Hjemmev\u00e6rnet kan f\u00e5 orlov til at g\u00e5 i tjeneste og efterf\u00f8lgende vende tilbage til deres civile &hellip;\" \/>\n<meta property=\"og:url\" content=\"https:\/\/www.interforce.dk\/en\/anerkendelse-af-randers-kommune-i-interforce\/\" \/>\n<meta property=\"og:site_name\" content=\"InterForce\" \/>\n<meta property=\"article:published_time\" content=\"2021-11-15T12:34:00+00:00\" \/>\n<meta property=\"article:modified_time\" content=\"2021-12-02T08:41:56+00:00\" \/>\n<meta property=\"og:image\" content=\"https:\/\/www.interforce.dk\/app\/uploads\/2021\/12\/Randers-Kommune-og-Henrik-Herold.jpg\" \/>\n\t<meta property=\"og:image:width\" content=\"540\" \/>\n\t<meta property=\"og:image:height\" content=\"369\" \/>\n\t<meta property=\"og:image:type\" content=\"image\/jpeg\" \/>\n<meta name=\"author\" content=\"Birgitte Nielsen\" \/>\n<meta name=\"twitter:card\" content=\"summary_large_image\" \/>\n<meta name=\"twitter:label1\" content=\"Written by\" \/>\n\t<meta name=\"twitter:data1\" content=\"Birgitte Nielsen\" \/>\n\t<meta name=\"twitter:label2\" content=\"Est. reading time\" \/>\n\t<meta name=\"twitter:data2\" content=\"3 minutes\" \/>\n<script type=\"application\/ld+json\" class=\"yoast-schema-graph\">{\"@context\":\"https:\\\/\\\/schema.org\",\"@graph\":[{\"@type\":\"Article\",\"@id\":\"https:\\\/\\\/www.interforce.dk\\\/anerkendelse-af-randers-kommune-i-interforce\\\/#article\",\"isPartOf\":{\"@id\":\"https:\\\/\\\/www.interforce.dk\\\/anerkendelse-af-randers-kommune-i-interforce\\\/\"},\"author\":{\"name\":\"Birgitte Nielsen\",\"@id\":\"https:\\\/\\\/www.interforce.dk\\\/#\\\/schema\\\/person\\\/41b0658575535ca51309711ff349b9e3\"},\"headline\":\"Anerkendelse af Randers Kommune i InterForce\",\"datePublished\":\"2021-11-15T12:34:00+00:00\",\"dateModified\":\"2021-12-02T08:41:56+00:00\",\"mainEntityOfPage\":{\"@id\":\"https:\\\/\\\/www.interforce.dk\\\/anerkendelse-af-randers-kommune-i-interforce\\\/\"},\"wordCount\":514,\"image\":{\"@id\":\"https:\\\/\\\/www.interforce.dk\\\/anerkendelse-af-randers-kommune-i-interforce\\\/#primaryimage\"},\"thumbnailUrl\":\"https:\\\/\\\/www.interforce.dk\\\/app\\\/uploads\\\/2021\\\/12\\\/Randers-Kommune-og-Henrik-Herold.jpg\",\"keywords\":[\"Tag:Midtjylland\"],\"articleSection\":[\"Erhvervsliv\"],\"inLanguage\":\"en-GB\"},{\"@type\":\"WebPage\",\"@id\":\"https:\\\/\\\/www.interforce.dk\\\/anerkendelse-af-randers-kommune-i-interforce\\\/\",\"url\":\"https:\\\/\\\/www.interforce.dk\\\/anerkendelse-af-randers-kommune-i-interforce\\\/\",\"name\":\"Anerkendelse af Randers Kommune i InterForce - InterForce\",\"isPartOf\":{\"@id\":\"https:\\\/\\\/www.interforce.dk\\\/#website\"},\"primaryImageOfPage\":{\"@id\":\"https:\\\/\\\/www.interforce.dk\\\/anerkendelse-af-randers-kommune-i-interforce\\\/#primaryimage\"},\"image\":{\"@id\":\"https:\\\/\\\/www.interforce.dk\\\/anerkendelse-af-randers-kommune-i-interforce\\\/#primaryimage\"},\"thumbnailUrl\":\"https:\\\/\\\/www.interforce.dk\\\/app\\\/uploads\\\/2021\\\/12\\\/Randers-Kommune-og-Henrik-Herold.jpg\",\"datePublished\":\"2021-11-15T12:34:00+00:00\",\"dateModified\":\"2021-12-02T08:41:56+00:00\",\"author\":{\"@id\":\"https:\\\/\\\/www.interforce.dk\\\/#\\\/schema\\\/person\\\/41b0658575535ca51309711ff349b9e3\"},\"breadcrumb\":{\"@id\":\"https:\\\/\\\/www.interforce.dk\\\/anerkendelse-af-randers-kommune-i-interforce\\\/#breadcrumb\"},\"inLanguage\":\"en-GB\",\"potentialAction\":[{\"@type\":\"ReadAction\",\"target\":[\"https:\\\/\\\/www.interforce.dk\\\/anerkendelse-af-randers-kommune-i-interforce\\\/\"]}]},{\"@type\":\"ImageObject\",\"inLanguage\":\"en-GB\",\"@id\":\"https:\\\/\\\/www.interforce.dk\\\/anerkendelse-af-randers-kommune-i-interforce\\\/#primaryimage\",\"url\":\"https:\\\/\\\/www.interforce.dk\\\/app\\\/uploads\\\/2021\\\/12\\\/Randers-Kommune-og-Henrik-Herold.jpg\",\"contentUrl\":\"https:\\\/\\\/www.interforce.dk\\\/app\\\/uploads\\\/2021\\\/12\\\/Randers-Kommune-og-Henrik-Herold.jpg\",\"width\":540,\"height\":369},{\"@type\":\"BreadcrumbList\",\"@id\":\"https:\\\/\\\/www.interforce.dk\\\/anerkendelse-af-randers-kommune-i-interforce\\\/#breadcrumb\",\"itemListElement\":[{\"@type\":\"ListItem\",\"position\":1,\"name\":\"Hjem\",\"item\":\"https:\\\/\\\/www.interforce.dk\\\/\"},{\"@type\":\"ListItem\",\"position\":2,\"name\":\"Anerkendelse af Randers Kommune i InterForce\"}]},{\"@type\":\"WebSite\",\"@id\":\"https:\\\/\\\/www.interforce.dk\\\/#website\",\"url\":\"https:\\\/\\\/www.interforce.dk\\\/\",\"name\":\"InterForce\",\"description\":\"\",\"potentialAction\":[{\"@type\":\"SearchAction\",\"target\":{\"@type\":\"EntryPoint\",\"urlTemplate\":\"https:\\\/\\\/www.interforce.dk\\\/?s={search_term_string}\"},\"query-input\":{\"@type\":\"PropertyValueSpecification\",\"valueRequired\":true,\"valueName\":\"search_term_string\"}}],\"inLanguage\":\"en-GB\"},{\"@type\":\"Person\",\"@id\":\"https:\\\/\\\/www.interforce.dk\\\/#\\\/schema\\\/person\\\/41b0658575535ca51309711ff349b9e3\",\"name\":\"Birgitte Nielsen\",\"image\":{\"@type\":\"ImageObject\",\"inLanguage\":\"en-GB\",\"@id\":\"https:\\\/\\\/secure.gravatar.com\\\/avatar\\\/81b3d9e74c5222861e29f3ef814bb64697af08736530ea8aaa6d2773f4c878e3?s=96&d=mm&r=g\",\"url\":\"https:\\\/\\\/secure.gravatar.com\\\/avatar\\\/81b3d9e74c5222861e29f3ef814bb64697af08736530ea8aaa6d2773f4c878e3?s=96&d=mm&r=g\",\"contentUrl\":\"https:\\\/\\\/secure.gravatar.com\\\/avatar\\\/81b3d9e74c5222861e29f3ef814bb64697af08736530ea8aaa6d2773f4c878e3?s=96&d=mm&r=g\",\"caption\":\"Birgitte Nielsen\"},\"url\":\"https:\\\/\\\/www.interforce.dk\\\/en\\\/author\\\/midtjyllandinterforce-dk\\\/\"}]}<\/script>\n<!-- \/ Yoast SEO plugin. -->","yoast_head_json":{"title":"Anerkendelse af Randers Kommune i InterForce - InterForce","robots":{"index":"index","follow":"follow","max-snippet":"max-snippet:-1","max-image-preview":"max-image-preview:large","max-video-preview":"max-video-preview:-1"},"canonical":"https:\/\/www.interforce.dk\/en\/anerkendelse-af-randers-kommune-i-interforce\/","og_locale":"en_GB","og_type":"article","og_title":"Anerkendelse af Randers Kommune i InterForce - InterForce","og_description":"Henrik Herold overrakte mandag 8. november 2021 et skjold til borgmester Torben Hansen og&nbsp;Randers Kommune, som en synlig anerkendelse af, at Randers Kommune indg\u00e5r i INTERFORCE samarbejdet. Samarbejdet bidrager til, at medarbejdere der enten indg\u00e5r i reserven eller i Hjemmev\u00e6rnet kan f\u00e5 orlov til at g\u00e5 i tjeneste og efterf\u00f8lgende vende tilbage til deres civile &hellip;","og_url":"https:\/\/www.interforce.dk\/en\/anerkendelse-af-randers-kommune-i-interforce\/","og_site_name":"InterForce","article_published_time":"2021-11-15T12:34:00+00:00","article_modified_time":"2021-12-02T08:41:56+00:00","og_image":[{"width":540,"height":369,"url":"https:\/\/www.interforce.dk\/app\/uploads\/2021\/12\/Randers-Kommune-og-Henrik-Herold.jpg","type":"image\/jpeg"}],"author":"Birgitte Nielsen","twitter_card":"summary_large_image","twitter_misc":{"Written by":"Birgitte Nielsen","Est. reading time":"3 minutes"},"schema":{"@context":"https:\/\/schema.org","@graph":[{"@type":"Article","@id":"https:\/\/www.interforce.dk\/anerkendelse-af-randers-kommune-i-interforce\/#article","isPartOf":{"@id":"https:\/\/www.interforce.dk\/anerkendelse-af-randers-kommune-i-interforce\/"},"author":{"name":"Birgitte Nielsen","@id":"https:\/\/www.interforce.dk\/#\/schema\/person\/41b0658575535ca51309711ff349b9e3"},"headline":"Anerkendelse af Randers Kommune i InterForce","datePublished":"2021-11-15T12:34:00+00:00","dateModified":"2021-12-02T08:41:56+00:00","mainEntityOfPage":{"@id":"https:\/\/www.interforce.dk\/anerkendelse-af-randers-kommune-i-interforce\/"},"wordCount":514,"image":{"@id":"https:\/\/www.interforce.dk\/anerkendelse-af-randers-kommune-i-interforce\/#primaryimage"},"thumbnailUrl":"https:\/\/www.interforce.dk\/app\/uploads\/2021\/12\/Randers-Kommune-og-Henrik-Herold.jpg","keywords":["Tag:Midtjylland"],"articleSection":["Erhvervsliv"],"inLanguage":"en-GB"},{"@type":"WebPage","@id":"https:\/\/www.interforce.dk\/anerkendelse-af-randers-kommune-i-interforce\/","url":"https:\/\/www.interforce.dk\/anerkendelse-af-randers-kommune-i-interforce\/","name":"Anerkendelse af Randers Kommune i InterForce - InterForce","isPartOf":{"@id":"https:\/\/www.interforce.dk\/#website"},"primaryImageOfPage":{"@id":"https:\/\/www.interforce.dk\/anerkendelse-af-randers-kommune-i-interforce\/#primaryimage"},"image":{"@id":"https:\/\/www.interforce.dk\/anerkendelse-af-randers-kommune-i-interforce\/#primaryimage"},"thumbnailUrl":"https:\/\/www.interforce.dk\/app\/uploads\/2021\/12\/Randers-Kommune-og-Henrik-Herold.jpg","datePublished":"2021-11-15T12:34:00+00:00","dateModified":"2021-12-02T08:41:56+00:00","author":{"@id":"https:\/\/www.interforce.dk\/#\/schema\/person\/41b0658575535ca51309711ff349b9e3"},"breadcrumb":{"@id":"https:\/\/www.interforce.dk\/anerkendelse-af-randers-kommune-i-interforce\/#breadcrumb"},"inLanguage":"en-GB","potentialAction":[{"@type":"ReadAction","target":["https:\/\/www.interforce.dk\/anerkendelse-af-randers-kommune-i-interforce\/"]}]},{"@type":"ImageObject","inLanguage":"en-GB","@id":"https:\/\/www.interforce.dk\/anerkendelse-af-randers-kommune-i-interforce\/#primaryimage","url":"https:\/\/www.interforce.dk\/app\/uploads\/2021\/12\/Randers-Kommune-og-Henrik-Herold.jpg","contentUrl":"https:\/\/www.interforce.dk\/app\/uploads\/2021\/12\/Randers-Kommune-og-Henrik-Herold.jpg","width":540,"height":369},{"@type":"BreadcrumbList","@id":"https:\/\/www.interforce.dk\/anerkendelse-af-randers-kommune-i-interforce\/#breadcrumb","itemListElement":[{"@type":"ListItem","position":1,"name":"Hjem","item":"https:\/\/www.interforce.dk\/"},{"@type":"ListItem","position":2,"name":"Anerkendelse af Randers Kommune i InterForce"}]},{"@type":"WebSite","@id":"https:\/\/www.interforce.dk\/#website","url":"https:\/\/www.interforce.dk\/","name":"InterForce","description":"","potentialAction":[{"@type":"SearchAction","target":{"@type":"EntryPoint","urlTemplate":"https:\/\/www.interforce.dk\/?s={search_term_string}"},"query-input":{"@type":"PropertyValueSpecification","valueRequired":true,"valueName":"search_term_string"}}],"inLanguage":"en-GB"},{"@type":"Person","@id":"https:\/\/www.interforce.dk\/#\/schema\/person\/41b0658575535ca51309711ff349b9e3","name":"Birgitte Nielsen","image":{"@type":"ImageObject","inLanguage":"en-GB","@id":"https:\/\/secure.gravatar.com\/avatar\/81b3d9e74c5222861e29f3ef814bb64697af08736530ea8aaa6d2773f4c878e3?s=96&d=mm&r=g","url":"https:\/\/secure.gravatar.com\/avatar\/81b3d9e74c5222861e29f3ef814bb64697af08736530ea8aaa6d2773f4c878e3?s=96&d=mm&r=g","contentUrl":"https:\/\/secure.gravatar.com\/avatar\/81b3d9e74c5222861e29f3ef814bb64697af08736530ea8aaa6d2773f4c878e3?s=96&d=mm&r=g","caption":"Birgitte Nielsen"},"url":"https:\/\/www.interforce.dk\/en\/author\/midtjyllandinterforce-dk\/"}]}},"_links":{"self":[{"href":"https:\/\/www.interforce.dk\/en\/wp-json\/wp\/v2\/posts\/11934","targetHints":{"allow":["GET"]}}],"collection":[{"href":"https:\/\/www.interforce.dk\/en\/wp-json\/wp\/v2\/posts"}],"about":[{"href":"https:\/\/www.interforce.dk\/en\/wp-json\/wp\/v2\/types\/post"}],"author":[{"embeddable":true,"href":"https:\/\/www.interforce.dk\/en\/wp-json\/wp\/v2\/users\/26"}],"replies":[{"embeddable":true,"href":"https:\/\/www.interforce.dk\/en\/wp-json\/wp\/v2\/comments?post=11934"}],"version-history":[{"count":2,"href":"https:\/\/www.interforce.dk\/en\/wp-json\/wp\/v2\/posts\/11934\/revisions"}],"predecessor-version":[{"id":11950,"href":"https:\/\/www.interforce.dk\/en\/wp-json\/wp\/v2\/posts\/11934\/revisions\/11950"}],"wp:featuredmedia":[{"embeddable":true,"href":"https:\/\/www.interforce.dk\/en\/wp-json\/wp\/v2\/media\/11935"}],"wp:attachment":[{"href":"https:\/\/www.interforce.dk\/en\/wp-json\/wp\/v2\/media?parent=11934"}],"wp:term":[{"taxonomy":"category","embeddable":true,"href":"https:\/\/www.interforce.dk\/en\/wp-json\/wp\/v2\/categories?post=11934"},{"taxonomy":"post_tag","embeddable":true,"href":"https:\/\/www.interforce.dk\/en\/wp-json\/wp\/v2\/tags?post=11934"}],"curies":[{"name":"wp","href":"https:\/\/api.w.org\/{rel}","templated":true}]}}