{"id":1173,"date":"2020-02-10T13:07:59","date_gmt":"2020-02-10T13:07:59","guid":{"rendered":"http:\/\/www.interforce.dk\/?p=1173"},"modified":"2020-02-14T12:08:01","modified_gmt":"2020-02-14T12:08:01","slug":"fra-felten-til-udvalgsmoedet-og-tur-retur-paa-2-timer","status":"publish","type":"post","link":"https:\/\/www.interforce.dk\/en\/fra-felten-til-udvalgsmoedet-og-tur-retur-paa-2-timer\/","title":{"rendered":"Fra felten til udvalgsm\u00f8det og tur-retur p\u00e5 to timer"},"content":{"rendered":"<div class=\"block core-block core-block--paragraph\">\n      <div class=\"inner inner--small\">\n      \n<p><strong>Vi kender dem alle. De tidligere soldater, der har f\u00f8rt det vidt i deres efterf\u00f8lgende civile karriere. Men for reservisterne er der ikke noget f\u00f8r og efter. De er <em>Twice a Citizen<\/em>. De udf\u00f8rer deres civile hverv, men samtidigt prioriterer de vores f\u00e6lles forsvar. InterForce har talt med \u00e9n, der p\u00e5 bedste vis har vist hvordan.<\/strong><\/p>\n\n      <\/div>\n  <\/div>\n<div class=\"block core-block core-block--paragraph\">\n      <div class=\"inner inner--small\">\n      \n<p>Af Troels Astrup, ambassad\u00f8r for InterForce i Region Nordjylland.<\/p>\n\n      <\/div>\n  <\/div>\n<div class=\"block core-block core-block--image\">\n      <div class=\"inner inner--small\">\n      \n<figure class=\"wp-block-image size-large\"><img loading=\"lazy\" decoding=\"async\" width=\"1024\" height=\"776\" src=\"\/app\/uploads\/2020\/02\/Civilt-foto_S\u00f8ren-G.-Kjeldsen-1024x776.jpg\" alt=\"\" class=\"wp-image-1174\" srcset=\"https:\/\/www.interforce.dk\/app\/uploads\/2020\/02\/Civilt-foto_S\u00f8ren-G.-Kjeldsen-1024x776.jpg 1024w, https:\/\/www.interforce.dk\/app\/uploads\/2020\/02\/Civilt-foto_S\u00f8ren-G.-Kjeldsen-300x227.jpg 300w, https:\/\/www.interforce.dk\/app\/uploads\/2020\/02\/Civilt-foto_S\u00f8ren-G.-Kjeldsen-768x582.jpg 768w, https:\/\/www.interforce.dk\/app\/uploads\/2020\/02\/Civilt-foto_S\u00f8ren-G.-Kjeldsen-1536x1164.jpg 1536w, https:\/\/www.interforce.dk\/app\/uploads\/2020\/02\/Civilt-foto_S\u00f8ren-G.-Kjeldsen-2048x1552.jpg 2048w\" sizes=\"auto, (max-width: 1024px) 100vw, 1024px\" \/><figcaption>S\u00f8ren G. Kjeldsen. Foto: privat.<\/figcaption><\/figure>\n\n      <\/div>\n  <\/div>\n<div class=\"block core-block core-block--paragraph\">\n      <div class=\"inner inner--small\">\n      \n<p>Direkt\u00f8r for Milj\u00f8- og Energiforvaltningen i Aalborg Kommune S\u00f8ren Gais Kjeldsen startede sin milit\u00e6re karriere i juli 1978. \u201dDet var h\u00e5rdt, men ogs\u00e5 noget af det bedste, jeg har pr\u00f8vet,\u201d siger S\u00f8ren Gais Kjedsen om den intensive uddannelse p\u00e5 Reserveofficersskolen i det vestjyske Oksb\u00f8l, langt fra hjemmet i K\u00f8benhavn. \u201dMen sv\u00e6rdet skal holdes skarpt!\u201d tilf\u00f8jer S\u00f8ren Gais Kjeldsen og understreger betydningen af den kontinuerlige milit\u00e6re tjeneste som afg\u00f8rende: \u201dDet er i vekselvirkningen mellem civilt arbejde og reservetjeneste, at synergien for alvor opst\u00e5r \u2013 til gavn for b\u00e5de arbejdsgivere og samfund.\u201d <\/p>\n\n      <\/div>\n  <\/div>\n<div class=\"block core-block core-block--paragraph\">\n      <div class=\"inner inner--small\">\n      \n<p>Efter tre \u00e5rs fastans\u00e6ttelse i h\u00e6ren indledte S\u00f8ren Gais Kjeldsen sin civile uddannelse, der blev afs\u00e6ttet for en karriere med masser af fremdrift og avancement. Men helt fra begyndelsen var reservetjenesten en fast integreret del: \u201dSom studerende passede reservetjenesten fantastisk,&#8221; forklarer S\u00f8ren Gais Kjeldsen og tilf\u00f8jer: \u201dMit civile studie p\u00e5 Den Kongelige Veterin\u00e6r- og Landboh\u00f8jskole indeholdt ogs\u00e5 et st\u00e6rkt planl\u00e6gningsm\u00e6ssigt element. Men s\u00e6rligt p\u00e5 det ledelsesm\u00e6ssige omr\u00e5de benytter jeg den dag i dag, igen og igen, evner og f\u00e6rdigheder fra milit\u00e6re uddannelse og l\u00f8bende tjeneste som reservist.\u201d <\/p>\n\n      <\/div>\n  <\/div>\n<div class=\"block core-block core-block--paragraph\">\n      <div class=\"inner inner--small\">\n      \n<p><strong> Fra helikoptertjeneste p\u00e5 Cypern til kommunal topleder<\/strong><\/p>\n\n      <\/div>\n  <\/div>\n<div class=\"block core-block core-block--paragraph\">\n      <div class=\"inner inner--small\">\n      \n<p>I dag har reservister ofte international erfaring. Syv m\u00e5neders udsendelse til Cypern gav S\u00f8ren Gais Kjeldsen en r\u00e6kke af helt anderledes erfaringer: \u201dDet var vildt at sidde som ung, 21-\u00e5rig sekondl\u00f8jtnant og v\u00e6re <em>Air Liaison Officer<\/em> i <em>Joint Operations Centre. <\/em>Jeg havde ansvaret for al forsyning af de afsidesliggende observationsposter i bjergene, der kun kunne f\u00e5 mad og vand via helikopter. Jeg var udfordret p\u00e5 en m\u00e5de, jeg ikke ville kunne finde civilt. Og det resulterede selvsagt i en markant udvikling b\u00e5de professionelt og personligt.\u201d  <\/p>\n\n      <\/div>\n  <\/div>\n<div class=\"block core-block core-block--image align-center\">\n      <div class=\"inner inner--small\">\n      \n<div class=\"wp-block-image\"><figure class=\"aligncenter size-large\"><img loading=\"lazy\" decoding=\"async\" width=\"328\" height=\"368\" src=\"\/app\/uploads\/2020\/02\/Cypern-foto_S\u00f8ren-G.-Kjeldsen.png\" alt=\"\" class=\"wp-image-1176\" srcset=\"https:\/\/www.interforce.dk\/app\/uploads\/2020\/02\/Cypern-foto_S\u00f8ren-G.-Kjeldsen.png 328w, https:\/\/www.interforce.dk\/app\/uploads\/2020\/02\/Cypern-foto_S\u00f8ren-G.-Kjeldsen-267x300.png 267w\" sizes=\"auto, (max-width: 328px) 100vw, 328px\" \/><figcaption>Udsendt som FN-soldat p\u00e5 Cypern. Foto: privat.<\/figcaption><\/figure><\/div>\n\n      <\/div>\n  <\/div>\n<div class=\"block core-block core-block--paragraph\">\n      <div class=\"inner inner--small\">\n      \n<p>Den strukturerede tilgang til selv store opgaver tog S\u00f8ren Gais Kjeldsen med sig, da han cirka 25 \u00e5r senere sad som direkt\u00f8r og implementerede kommunalreformen. \u201dSom officer fik jeg ansvaret for genindkaldelsen af en hel bataljon. Det var en k\u00e6mpe man\u00f8vre, hvor minuti\u00f8s planl\u00e6gning var n\u00f8dvendig,&#8221; fort\u00e6ller S\u00f8ren Gais Kjeldsen. \u201dDa der var gang i arbejdet med kommunalreformen, n\u00e5ede kompleksiteten et niveau, hvor planen ofte m\u00e5tte tilrettes. Det var ikke meget anderledes end at v\u00e6re operationsofficer i en kampbataljon under udvigende kamp og en brigade under henholdende kamp.\u201d <\/p>\n\n      <\/div>\n  <\/div>\n<div class=\"block core-block core-block--paragraph\">\n      <div class=\"inner inner--small\">\n      \n<p>Netop rollen som operationsofficer i brigaden bestred S\u00f8ren Gais Kjeldsen ad flere omgange som reserveofficer, mens han civilt virkede som bl.a. skovrider. Via deltagelse i en lang r\u00e6kke uddannelser i H\u00e6ren ved siden af sit civile arbejde avancerede S\u00f8ren Gais Kjeldsen til grad af major. Som topleder i den offentlige forvaltning har S\u00f8ren Gais Kjeldsen ofte anvendt sin op\u00f8vede evne til hurtig og st\u00e6rk kommunikation: \u201dSidel\u00f8bende med, at min civile karriere tog fart, gjorde jeg tjeneste i h\u00f8jere stabe p\u00e5 store \u00f8velser. Her fik jeg mulighed for at holde min evne til at kommunikere klart og tydeligt ved lige. Som ung befalingsmand og officer er kommunikation naturligvis en grundpille, men den skal bringes j\u00e6vnligt i spil. Det er for mig et klart eksempel p\u00e5, hvordan&nbsp; jeg civilt har draget nytte af min reservetjeneste.\u201d <\/p>\n\n      <\/div>\n  <\/div>\n<div class=\"block core-block core-block--paragraph\">\n      <div class=\"inner inner--small\">\n      \n<p><strong>Lettere sagt end gjort?<\/strong><\/p>\n\n      <\/div>\n  <\/div>\n<div class=\"block core-block core-block--paragraph\">\n      <div class=\"inner inner--small\">\n      \n<p>Men selv for S\u00f8ren Gais Kjeldsen har d\u00f8gnet kun 24 timer, og en succesfuld civil karriere kr\u00e6ver en dedikeret indsats. \u201dMange vil nok se det som et enten-eller, men for mig har det i langt h\u00f8jere grad v\u00e6ret et b\u00e5de-og,&#8221; siger han og forts\u00e6tter: \u201dFor det f\u00f8rste har jeg f\u00e5et skrevet min reservetjeneste ind i mine kontrakter. Det er klart, at det ikke er en mulighed for alle. Men det handler om varsling af sin arbejdsgiver og generel planl\u00e6gning.\u201d P\u00e5 den m\u00e5de er det lykkedes S\u00f8ren Gais Kjeldsen at v\u00e6re aktiv reserveofficer gennem mere end 25 \u00e5r. <\/p>\n\n      <\/div>\n  <\/div>\n<div class=\"block core-block core-block--paragraph\">\n      <div class=\"inner inner--small\">\n      \n<p><br>Nogle gange kan selv den bedst planlagte kalender imidlertid blive udfordret: \u201dKonkret har jeg st\u00e5et i den situation, at et udvalgsm\u00f8de kr\u00e6vede min tilstedev\u00e6relse samtidig med, at jeg var p\u00e5 \u00f8velse. Jeg overvejede kort situationen og l\u00f8ste den s\u00e5 p\u00e5 den m\u00e5de, som enhver soldat vil g\u00f8re det: Jeg pakkede en kuffert med civilt t\u00f8j, meldte kortvarigt fra p\u00e5 \u00f8velsen og k\u00f8rte til m\u00f8det. To timer senere var jeg igen klar til kamp med sl\u00f8ring i ansigtet.\u201d <\/p>\n\n      <\/div>\n  <\/div>\n<div class=\"block core-block core-block--paragraph\">\n      <div class=\"inner inner--small\">\n      \n<p>S\u00f8ren Gais Kjeldsen understreger behovet for fleksibilitet: \u201dSom reservist skal man selvf\u00f8lgelig v\u00e6re bevidst om, at man skal v\u00e6re klar til at g\u00f8re en ekstra indsats for at f\u00e5 enderne til at m\u00f8des. Men det skal man ogs\u00e5 som arbejdsgiver! At have en reservist ansat kan m\u00e5ske umiddelbart opfattes som en byrde, men de eventuelle&nbsp; ulemper forbundet med frav\u00e6r fra arbejdet opvejes s\u00e5 rigeligt af gevinsterne: Topmotiverede medarbejdere, der gratis modtager uddannelse og tr\u00e6ning ved landets bedste uddannelsesinstitution for ledere.\u201d<\/p>\n\n      <\/div>\n  <\/div>\n<div class=\"block core-block core-block--paragraph\">\n      <div class=\"inner inner--small\">\n      \n<p>S\u00f8ren Gais Kjeldsens r\u00e5d til virksomhedslederen, der er i tvivl om, hvorvidt vedkommende b\u00f8r ans\u00e6tte en person med forpligtelser i reserven, lyder: \u201dSe at f\u00e5 dem ansat! De er guld v\u00e6rd, og de f\u00e5 ulemper opvejes s\u00e5 rigeligt af fordelene!\u201d <\/p>\n\n      <\/div>\n  <\/div>\n<div class=\"block core-block core-block--paragraph\">\n      <div class=\"inner inner--small\">\n      \n<p>En opfordring der i \u00f8vrigt er i fuld overensstemmelse med Aalborg Kommunes veteranpolitik og is\u00e6r medlemskab af InterForce.<\/p>\n\n      <\/div>\n  <\/div>\n<div class=\"block core-block core-block--image\">\n      <div class=\"inner inner--small\">\n      \n<figure class=\"wp-block-image size-large\"><img loading=\"lazy\" decoding=\"async\" width=\"421\" height=\"126\" src=\"\/app\/uploads\/2020\/02\/Samlet-logo.png\" alt=\"\" class=\"wp-image-1197\" srcset=\"https:\/\/www.interforce.dk\/app\/uploads\/2020\/02\/Samlet-logo.png 421w, https:\/\/www.interforce.dk\/app\/uploads\/2020\/02\/Samlet-logo-300x90.png 300w\" sizes=\"auto, (max-width: 421px) 100vw, 421px\" \/><\/figure>\n\n      <\/div>\n  <\/div>","protected":false},"excerpt":{"rendered":"Reservisten er Twice a Citizen, og S.G. Kjeldsen er et eksempel....","protected":false},"author":2,"featured_media":1174,"comment_status":"closed","ping_status":"closed","sticky":false,"template":"","format":"standard","meta":{"_acf_changed":false,"footnotes":""},"categories":[56],"tags":[51],"class_list":["post-1173","post","type-post","status-publish","format-standard","has-post-thumbnail","hentry","category-erhvervsliv","tag-tag-nordjylland"],"acf":[],"yoast_head":"<!-- This site is optimized with the Yoast SEO plugin v27.3 - https:\/\/yoast.com\/product\/yoast-seo-wordpress\/ -->\n<title>Fra felten til udvalgsm\u00f8det og tur-retur p\u00e5 to timer - InterForce<\/title>\n<meta name=\"robots\" content=\"index, follow, max-snippet:-1, max-image-preview:large, max-video-preview:-1\" \/>\n<link rel=\"canonical\" href=\"https:\/\/www.interforce.dk\/en\/fra-felten-til-udvalgsmoedet-og-tur-retur-paa-2-timer\/\" \/>\n<meta property=\"og:locale\" content=\"en_GB\" \/>\n<meta property=\"og:type\" content=\"article\" \/>\n<meta property=\"og:title\" content=\"Fra felten til udvalgsm\u00f8det og tur-retur p\u00e5 to timer - InterForce\" \/>\n<meta property=\"og:description\" content=\"Reservisten er Twice a Citizen, og S.G. Kjeldsen er et eksempel.\" \/>\n<meta property=\"og:url\" content=\"https:\/\/www.interforce.dk\/en\/fra-felten-til-udvalgsmoedet-og-tur-retur-paa-2-timer\/\" \/>\n<meta property=\"og:site_name\" content=\"InterForce\" \/>\n<meta property=\"article:published_time\" content=\"2020-02-10T13:07:59+00:00\" \/>\n<meta property=\"article:modified_time\" content=\"2020-02-14T12:08:01+00:00\" \/>\n<meta property=\"og:image\" content=\"https:\/\/www.interforce.dk\/app\/uploads\/2020\/02\/Civilt-foto_S\u00f8ren-G.-Kjeldsen-scaled.jpg\" \/>\n\t<meta property=\"og:image:width\" content=\"2560\" \/>\n\t<meta property=\"og:image:height\" content=\"1940\" \/>\n\t<meta property=\"og:image:type\" content=\"image\/jpeg\" \/>\n<meta name=\"author\" content=\"InterForce\" \/>\n<meta name=\"twitter:card\" content=\"summary_large_image\" \/>\n<meta name=\"twitter:label1\" content=\"Written by\" \/>\n\t<meta name=\"twitter:data1\" content=\"InterForce\" \/>\n\t<meta name=\"twitter:label2\" content=\"Est. reading time\" \/>\n\t<meta name=\"twitter:data2\" content=\"5 minutes\" \/>\n<script type=\"application\/ld+json\" class=\"yoast-schema-graph\">{\"@context\":\"https:\\\/\\\/schema.org\",\"@graph\":[{\"@type\":\"Article\",\"@id\":\"https:\\\/\\\/www.interforce.dk\\\/kl\\\/fra-felten-til-udvalgsmoedet-og-tur-retur-paa-2-timer\\\/#article\",\"isPartOf\":{\"@id\":\"https:\\\/\\\/www.interforce.dk\\\/kl\\\/fra-felten-til-udvalgsmoedet-og-tur-retur-paa-2-timer\\\/\"},\"author\":{\"name\":\"InterForce\",\"@id\":\"https:\\\/\\\/www.interforce.dk\\\/#\\\/schema\\\/person\\\/e0192b63d0a5b8f69ae146e87f7116fb\"},\"headline\":\"Fra felten til udvalgsm\u00f8det og tur-retur p\u00e5 to timer\",\"datePublished\":\"2020-02-10T13:07:59+00:00\",\"dateModified\":\"2020-02-14T12:08:01+00:00\",\"mainEntityOfPage\":{\"@id\":\"https:\\\/\\\/www.interforce.dk\\\/kl\\\/fra-felten-til-udvalgsmoedet-og-tur-retur-paa-2-timer\\\/\"},\"wordCount\":1000,\"image\":{\"@id\":\"https:\\\/\\\/www.interforce.dk\\\/kl\\\/fra-felten-til-udvalgsmoedet-og-tur-retur-paa-2-timer\\\/#primaryimage\"},\"thumbnailUrl\":\"https:\\\/\\\/www.interforce.dk\\\/app\\\/uploads\\\/2020\\\/02\\\/Civilt-foto_S\u00f8ren-G.-Kjeldsen-scaled.jpg\",\"keywords\":[\"Tag:Nordjylland\"],\"articleSection\":[\"Erhvervsliv\"],\"inLanguage\":\"en-GB\"},{\"@type\":\"WebPage\",\"@id\":\"https:\\\/\\\/www.interforce.dk\\\/kl\\\/fra-felten-til-udvalgsmoedet-og-tur-retur-paa-2-timer\\\/\",\"url\":\"https:\\\/\\\/www.interforce.dk\\\/kl\\\/fra-felten-til-udvalgsmoedet-og-tur-retur-paa-2-timer\\\/\",\"name\":\"Fra felten til udvalgsm\u00f8det og tur-retur p\u00e5 to timer - InterForce\",\"isPartOf\":{\"@id\":\"https:\\\/\\\/www.interforce.dk\\\/#website\"},\"primaryImageOfPage\":{\"@id\":\"https:\\\/\\\/www.interforce.dk\\\/kl\\\/fra-felten-til-udvalgsmoedet-og-tur-retur-paa-2-timer\\\/#primaryimage\"},\"image\":{\"@id\":\"https:\\\/\\\/www.interforce.dk\\\/kl\\\/fra-felten-til-udvalgsmoedet-og-tur-retur-paa-2-timer\\\/#primaryimage\"},\"thumbnailUrl\":\"https:\\\/\\\/www.interforce.dk\\\/app\\\/uploads\\\/2020\\\/02\\\/Civilt-foto_S\u00f8ren-G.-Kjeldsen-scaled.jpg\",\"datePublished\":\"2020-02-10T13:07:59+00:00\",\"dateModified\":\"2020-02-14T12:08:01+00:00\",\"author\":{\"@id\":\"https:\\\/\\\/www.interforce.dk\\\/#\\\/schema\\\/person\\\/e0192b63d0a5b8f69ae146e87f7116fb\"},\"breadcrumb\":{\"@id\":\"https:\\\/\\\/www.interforce.dk\\\/kl\\\/fra-felten-til-udvalgsmoedet-og-tur-retur-paa-2-timer\\\/#breadcrumb\"},\"inLanguage\":\"en-GB\",\"potentialAction\":[{\"@type\":\"ReadAction\",\"target\":[\"https:\\\/\\\/www.interforce.dk\\\/kl\\\/fra-felten-til-udvalgsmoedet-og-tur-retur-paa-2-timer\\\/\"]}]},{\"@type\":\"ImageObject\",\"inLanguage\":\"en-GB\",\"@id\":\"https:\\\/\\\/www.interforce.dk\\\/kl\\\/fra-felten-til-udvalgsmoedet-og-tur-retur-paa-2-timer\\\/#primaryimage\",\"url\":\"https:\\\/\\\/www.interforce.dk\\\/app\\\/uploads\\\/2020\\\/02\\\/Civilt-foto_S\u00f8ren-G.-Kjeldsen-scaled.jpg\",\"contentUrl\":\"https:\\\/\\\/www.interforce.dk\\\/app\\\/uploads\\\/2020\\\/02\\\/Civilt-foto_S\u00f8ren-G.-Kjeldsen-scaled.jpg\",\"width\":2560,\"height\":1940},{\"@type\":\"BreadcrumbList\",\"@id\":\"https:\\\/\\\/www.interforce.dk\\\/kl\\\/fra-felten-til-udvalgsmoedet-og-tur-retur-paa-2-timer\\\/#breadcrumb\",\"itemListElement\":[{\"@type\":\"ListItem\",\"position\":1,\"name\":\"Hjem\",\"item\":\"https:\\\/\\\/www.interforce.dk\\\/\"},{\"@type\":\"ListItem\",\"position\":2,\"name\":\"Fra felten til udvalgsm\u00f8det og tur-retur p\u00e5 to timer\"}]},{\"@type\":\"WebSite\",\"@id\":\"https:\\\/\\\/www.interforce.dk\\\/#website\",\"url\":\"https:\\\/\\\/www.interforce.dk\\\/\",\"name\":\"InterForce\",\"description\":\"\",\"potentialAction\":[{\"@type\":\"SearchAction\",\"target\":{\"@type\":\"EntryPoint\",\"urlTemplate\":\"https:\\\/\\\/www.interforce.dk\\\/?s={search_term_string}\"},\"query-input\":{\"@type\":\"PropertyValueSpecification\",\"valueRequired\":true,\"valueName\":\"search_term_string\"}}],\"inLanguage\":\"en-GB\"},{\"@type\":\"Person\",\"@id\":\"https:\\\/\\\/www.interforce.dk\\\/#\\\/schema\\\/person\\\/e0192b63d0a5b8f69ae146e87f7116fb\",\"name\":\"InterForce\",\"image\":{\"@type\":\"ImageObject\",\"inLanguage\":\"en-GB\",\"@id\":\"https:\\\/\\\/secure.gravatar.com\\\/avatar\\\/2ca4b79c0fb3239b8666089682925a48076b8ca78fd38cf279aa4345189a33e3?s=96&d=mm&r=g\",\"url\":\"https:\\\/\\\/secure.gravatar.com\\\/avatar\\\/2ca4b79c0fb3239b8666089682925a48076b8ca78fd38cf279aa4345189a33e3?s=96&d=mm&r=g\",\"contentUrl\":\"https:\\\/\\\/secure.gravatar.com\\\/avatar\\\/2ca4b79c0fb3239b8666089682925a48076b8ca78fd38cf279aa4345189a33e3?s=96&d=mm&r=g\",\"caption\":\"InterForce\"},\"sameAs\":[\"https:\\\/\\\/www.interforce.dk\"],\"url\":\"https:\\\/\\\/www.interforce.dk\\\/en\\\/author\\\/interforce\\\/\"}]}<\/script>\n<!-- \/ Yoast SEO plugin. -->","yoast_head_json":{"title":"Fra felten til udvalgsm\u00f8det og tur-retur p\u00e5 to timer - InterForce","robots":{"index":"index","follow":"follow","max-snippet":"max-snippet:-1","max-image-preview":"max-image-preview:large","max-video-preview":"max-video-preview:-1"},"canonical":"https:\/\/www.interforce.dk\/en\/fra-felten-til-udvalgsmoedet-og-tur-retur-paa-2-timer\/","og_locale":"en_GB","og_type":"article","og_title":"Fra felten til udvalgsm\u00f8det og tur-retur p\u00e5 to timer - InterForce","og_description":"Reservisten er Twice a Citizen, og S.G. Kjeldsen er et eksempel.","og_url":"https:\/\/www.interforce.dk\/en\/fra-felten-til-udvalgsmoedet-og-tur-retur-paa-2-timer\/","og_site_name":"InterForce","article_published_time":"2020-02-10T13:07:59+00:00","article_modified_time":"2020-02-14T12:08:01+00:00","og_image":[{"width":2560,"height":1940,"url":"https:\/\/www.interforce.dk\/app\/uploads\/2020\/02\/Civilt-foto_S\u00f8ren-G.-Kjeldsen-scaled.jpg","type":"image\/jpeg"}],"author":"InterForce","twitter_card":"summary_large_image","twitter_misc":{"Written by":"InterForce","Est. reading time":"5 minutes"},"schema":{"@context":"https:\/\/schema.org","@graph":[{"@type":"Article","@id":"https:\/\/www.interforce.dk\/kl\/fra-felten-til-udvalgsmoedet-og-tur-retur-paa-2-timer\/#article","isPartOf":{"@id":"https:\/\/www.interforce.dk\/kl\/fra-felten-til-udvalgsmoedet-og-tur-retur-paa-2-timer\/"},"author":{"name":"InterForce","@id":"https:\/\/www.interforce.dk\/#\/schema\/person\/e0192b63d0a5b8f69ae146e87f7116fb"},"headline":"Fra felten til udvalgsm\u00f8det og tur-retur p\u00e5 to timer","datePublished":"2020-02-10T13:07:59+00:00","dateModified":"2020-02-14T12:08:01+00:00","mainEntityOfPage":{"@id":"https:\/\/www.interforce.dk\/kl\/fra-felten-til-udvalgsmoedet-og-tur-retur-paa-2-timer\/"},"wordCount":1000,"image":{"@id":"https:\/\/www.interforce.dk\/kl\/fra-felten-til-udvalgsmoedet-og-tur-retur-paa-2-timer\/#primaryimage"},"thumbnailUrl":"https:\/\/www.interforce.dk\/app\/uploads\/2020\/02\/Civilt-foto_S\u00f8ren-G.-Kjeldsen-scaled.jpg","keywords":["Tag:Nordjylland"],"articleSection":["Erhvervsliv"],"inLanguage":"en-GB"},{"@type":"WebPage","@id":"https:\/\/www.interforce.dk\/kl\/fra-felten-til-udvalgsmoedet-og-tur-retur-paa-2-timer\/","url":"https:\/\/www.interforce.dk\/kl\/fra-felten-til-udvalgsmoedet-og-tur-retur-paa-2-timer\/","name":"Fra felten til udvalgsm\u00f8det og tur-retur p\u00e5 to timer - InterForce","isPartOf":{"@id":"https:\/\/www.interforce.dk\/#website"},"primaryImageOfPage":{"@id":"https:\/\/www.interforce.dk\/kl\/fra-felten-til-udvalgsmoedet-og-tur-retur-paa-2-timer\/#primaryimage"},"image":{"@id":"https:\/\/www.interforce.dk\/kl\/fra-felten-til-udvalgsmoedet-og-tur-retur-paa-2-timer\/#primaryimage"},"thumbnailUrl":"https:\/\/www.interforce.dk\/app\/uploads\/2020\/02\/Civilt-foto_S\u00f8ren-G.-Kjeldsen-scaled.jpg","datePublished":"2020-02-10T13:07:59+00:00","dateModified":"2020-02-14T12:08:01+00:00","author":{"@id":"https:\/\/www.interforce.dk\/#\/schema\/person\/e0192b63d0a5b8f69ae146e87f7116fb"},"breadcrumb":{"@id":"https:\/\/www.interforce.dk\/kl\/fra-felten-til-udvalgsmoedet-og-tur-retur-paa-2-timer\/#breadcrumb"},"inLanguage":"en-GB","potentialAction":[{"@type":"ReadAction","target":["https:\/\/www.interforce.dk\/kl\/fra-felten-til-udvalgsmoedet-og-tur-retur-paa-2-timer\/"]}]},{"@type":"ImageObject","inLanguage":"en-GB","@id":"https:\/\/www.interforce.dk\/kl\/fra-felten-til-udvalgsmoedet-og-tur-retur-paa-2-timer\/#primaryimage","url":"https:\/\/www.interforce.dk\/app\/uploads\/2020\/02\/Civilt-foto_S\u00f8ren-G.-Kjeldsen-scaled.jpg","contentUrl":"https:\/\/www.interforce.dk\/app\/uploads\/2020\/02\/Civilt-foto_S\u00f8ren-G.-Kjeldsen-scaled.jpg","width":2560,"height":1940},{"@type":"BreadcrumbList","@id":"https:\/\/www.interforce.dk\/kl\/fra-felten-til-udvalgsmoedet-og-tur-retur-paa-2-timer\/#breadcrumb","itemListElement":[{"@type":"ListItem","position":1,"name":"Hjem","item":"https:\/\/www.interforce.dk\/"},{"@type":"ListItem","position":2,"name":"Fra felten til udvalgsm\u00f8det og tur-retur p\u00e5 to timer"}]},{"@type":"WebSite","@id":"https:\/\/www.interforce.dk\/#website","url":"https:\/\/www.interforce.dk\/","name":"InterForce","description":"","potentialAction":[{"@type":"SearchAction","target":{"@type":"EntryPoint","urlTemplate":"https:\/\/www.interforce.dk\/?s={search_term_string}"},"query-input":{"@type":"PropertyValueSpecification","valueRequired":true,"valueName":"search_term_string"}}],"inLanguage":"en-GB"},{"@type":"Person","@id":"https:\/\/www.interforce.dk\/#\/schema\/person\/e0192b63d0a5b8f69ae146e87f7116fb","name":"InterForce","image":{"@type":"ImageObject","inLanguage":"en-GB","@id":"https:\/\/secure.gravatar.com\/avatar\/2ca4b79c0fb3239b8666089682925a48076b8ca78fd38cf279aa4345189a33e3?s=96&d=mm&r=g","url":"https:\/\/secure.gravatar.com\/avatar\/2ca4b79c0fb3239b8666089682925a48076b8ca78fd38cf279aa4345189a33e3?s=96&d=mm&r=g","contentUrl":"https:\/\/secure.gravatar.com\/avatar\/2ca4b79c0fb3239b8666089682925a48076b8ca78fd38cf279aa4345189a33e3?s=96&d=mm&r=g","caption":"InterForce"},"sameAs":["https:\/\/www.interforce.dk"],"url":"https:\/\/www.interforce.dk\/en\/author\/interforce\/"}]}},"_links":{"self":[{"href":"https:\/\/www.interforce.dk\/en\/wp-json\/wp\/v2\/posts\/1173","targetHints":{"allow":["GET"]}}],"collection":[{"href":"https:\/\/www.interforce.dk\/en\/wp-json\/wp\/v2\/posts"}],"about":[{"href":"https:\/\/www.interforce.dk\/en\/wp-json\/wp\/v2\/types\/post"}],"author":[{"embeddable":true,"href":"https:\/\/www.interforce.dk\/en\/wp-json\/wp\/v2\/users\/2"}],"replies":[{"embeddable":true,"href":"https:\/\/www.interforce.dk\/en\/wp-json\/wp\/v2\/comments?post=1173"}],"version-history":[{"count":0,"href":"https:\/\/www.interforce.dk\/en\/wp-json\/wp\/v2\/posts\/1173\/revisions"}],"wp:featuredmedia":[{"embeddable":true,"href":"https:\/\/www.interforce.dk\/en\/wp-json\/wp\/v2\/media\/1174"}],"wp:attachment":[{"href":"https:\/\/www.interforce.dk\/en\/wp-json\/wp\/v2\/media?parent=1173"}],"wp:term":[{"taxonomy":"category","embeddable":true,"href":"https:\/\/www.interforce.dk\/en\/wp-json\/wp\/v2\/categories?post=1173"},{"taxonomy":"post_tag","embeddable":true,"href":"https:\/\/www.interforce.dk\/en\/wp-json\/wp\/v2\/tags?post=1173"}],"curies":[{"name":"wp","href":"https:\/\/api.w.org\/{rel}","templated":true}]}}