{"id":11414,"date":"2021-06-22T07:51:49","date_gmt":"2021-06-22T07:51:49","guid":{"rendered":"https:\/\/www.interforce.dk\/?p=11414"},"modified":"2021-06-22T07:52:14","modified_gmt":"2021-06-22T07:52:14","slug":"uddanner-ungdommen-og-stoetter-reservestyrken","status":"publish","type":"post","link":"https:\/\/www.interforce.dk\/en\/uddanner-ungdommen-og-stoetter-reservestyrken\/","title":{"rendered":"Uddanner ungdommen og st\u00f8tter Reservestyrken"},"content":{"rendered":"<div class=\"block core-block core-block--paragraph\">\n      <div class=\"inner inner--small\">\n      \n<p>InterForce havde den 10. juni 2021 forn\u00f8jelsen at overr\u00e6kke InterForce-skjoldet til Bo Banch, der er uddannelsesdirekt\u00f8r for EUD og EUX ved TECHCOLLEGE beliggende i Aalborg.<\/p>\n\n      <\/div>\n  <\/div>\n<div class=\"block core-block core-block--paragraph\">\n      <div class=\"inner inner--small\">\n      \n<p>TECHCOLLEGE er en af de st\u00f8rste erhvervsskoler i Danmark og udbyder en bred vifte af erhvervsuddannelser (EUD) for unge mennesker, som \u00f8nsker at kvalificere sig til alt fra mekaniker eller fris\u00f8r til it-supporter. Samtidig tilbyder TECHCOLLEGE en stribe EUX-uddannelser til dem, der vil have b\u00e5de en h\u00e5ndv\u00e6rksfaglig uddannelse og studiekompetencer. Ligeledes st\u00e5r TECHCOLLEGE bag Aalborg Tekniske Gymnasium (HTX).<\/p>\n\n      <\/div>\n  <\/div>\n<div class=\"block core-block core-block--paragraph\">\n      <div class=\"inner inner--small\">\n      \n<p>Uddannelsesdirekt\u00f8r Bo Banch har selv en baggrund fra forsvaret og ser st\u00f8tten til Reservestyrken som<em> <\/em>&#8220;en stor v\u00e6rdi for samfundet&#8221;.<em> <\/em>TECHCOLLEGE tager aktivt del i st\u00f8tten til InterForce og de ansatte, der som en del af Reservestyrken b\u00e5de har en civil og uniformeret forpligtelse.<\/p>\n\n      <\/div>\n  <\/div>\n<div class=\"block core-block core-block--paragraph\">\n      <div class=\"inner inner--small\">\n      \n<p>InterForce byder TECHCOLLEGE velkommen og ser frem til samarbejdet.<\/p>\n\n      <\/div>\n  <\/div>\n<div class=\"block core-block core-block--image\">\n      <div class=\"inner inner--small\">\n      \n<figure class=\"wp-block-image size-large\"><img loading=\"lazy\" decoding=\"async\" width=\"1024\" height=\"768\" src=\"\/app\/uploads\/2021\/06\/TECHCOLLEGE-1024x768.jpg\" alt=\"\" class=\"wp-image-11415\" srcset=\"https:\/\/www.interforce.dk\/app\/uploads\/2021\/06\/TECHCOLLEGE-1024x768.jpg 1024w, https:\/\/www.interforce.dk\/app\/uploads\/2021\/06\/TECHCOLLEGE-300x225.jpg 300w, https:\/\/www.interforce.dk\/app\/uploads\/2021\/06\/TECHCOLLEGE-768x576.jpg 768w, https:\/\/www.interforce.dk\/app\/uploads\/2021\/06\/TECHCOLLEGE-1536x1152.jpg 1536w, https:\/\/www.interforce.dk\/app\/uploads\/2021\/06\/TECHCOLLEGE-2048x1536.jpg 2048w, https:\/\/www.interforce.dk\/app\/uploads\/2021\/06\/TECHCOLLEGE-16x12.jpg 16w\" sizes=\"auto, (max-width: 1024px) 100vw, 1024px\" \/><\/figure>\n\n      <\/div>\n  <\/div>\n<div class=\"block core-block core-block--paragraph\">\n      <div class=\"inner inner--small\">\n      \n<p>InterForce-ambassad\u00f8r, major af reserven Christian Braae Brynje overr\u00e6kker her InterForce-skjoldet til uddannelsesdirekt\u00f8r Bo Banch. Foto: privat.<\/p>\n\n      <\/div>\n  <\/div>\n<div class=\"block core-block core-block--paragraph\">\n      <div class=\"inner inner--small\">\n      \n<p>L\u00e6s mere om TECHCOLLEGE <a href=\"https:\/\/techcollege.dk\/\">HER<\/a><\/p>\n\n      <\/div>\n  <\/div>","protected":false},"excerpt":{"rendered":"TECHCOLLEGE er nu en del af InterForce....","protected":false},"author":5,"featured_media":11415,"comment_status":"closed","ping_status":"closed","sticky":false,"template":"","format":"standard","meta":{"_acf_changed":false,"footnotes":""},"categories":[56],"tags":[51],"class_list":["post-11414","post","type-post","status-publish","format-standard","has-post-thumbnail","hentry","category-erhvervsliv","tag-tag-nordjylland"],"acf":[],"yoast_head":"<!-- This site is optimized with the Yoast SEO plugin v27.3 - https:\/\/yoast.com\/product\/yoast-seo-wordpress\/ -->\n<title>Uddanner ungdommen og st\u00f8tter Reservestyrken - InterForce<\/title>\n<meta name=\"robots\" content=\"index, follow, max-snippet:-1, max-image-preview:large, max-video-preview:-1\" \/>\n<link rel=\"canonical\" href=\"https:\/\/www.interforce.dk\/en\/uddanner-ungdommen-og-stoetter-reservestyrken\/\" \/>\n<meta property=\"og:locale\" content=\"en_GB\" \/>\n<meta property=\"og:type\" content=\"article\" \/>\n<meta property=\"og:title\" content=\"Uddanner ungdommen og st\u00f8tter Reservestyrken - InterForce\" \/>\n<meta property=\"og:description\" content=\"TECHCOLLEGE er nu en del af InterForce.\" \/>\n<meta property=\"og:url\" content=\"https:\/\/www.interforce.dk\/en\/uddanner-ungdommen-og-stoetter-reservestyrken\/\" \/>\n<meta property=\"og:site_name\" content=\"InterForce\" \/>\n<meta property=\"article:published_time\" content=\"2021-06-22T07:51:49+00:00\" \/>\n<meta property=\"article:modified_time\" content=\"2021-06-22T07:52:14+00:00\" \/>\n<meta property=\"og:image\" content=\"https:\/\/www.interforce.dk\/app\/uploads\/2021\/06\/TECHCOLLEGE-scaled.jpg\" \/>\n\t<meta property=\"og:image:width\" content=\"2560\" \/>\n\t<meta property=\"og:image:height\" content=\"1920\" \/>\n\t<meta property=\"og:image:type\" content=\"image\/jpeg\" \/>\n<meta name=\"author\" content=\"Marianne Agerholm\" \/>\n<meta name=\"twitter:card\" content=\"summary_large_image\" \/>\n<meta name=\"twitter:label1\" content=\"Written by\" \/>\n\t<meta name=\"twitter:data1\" content=\"Marianne Agerholm\" \/>\n\t<meta name=\"twitter:label2\" content=\"Est. reading time\" \/>\n\t<meta name=\"twitter:data2\" content=\"1 minute\" \/>\n<script type=\"application\/ld+json\" class=\"yoast-schema-graph\">{\"@context\":\"https:\\\/\\\/schema.org\",\"@graph\":[{\"@type\":\"Article\",\"@id\":\"https:\\\/\\\/www.interforce.dk\\\/kl\\\/uddanner-ungdommen-og-stoetter-reservestyrken\\\/#article\",\"isPartOf\":{\"@id\":\"https:\\\/\\\/www.interforce.dk\\\/kl\\\/uddanner-ungdommen-og-stoetter-reservestyrken\\\/\"},\"author\":{\"name\":\"Marianne Agerholm\",\"@id\":\"https:\\\/\\\/www.interforce.dk\\\/#\\\/schema\\\/person\\\/6a4f514d14e6438ecc9021a3f046ec42\"},\"headline\":\"Uddanner ungdommen og st\u00f8tter Reservestyrken\",\"datePublished\":\"2021-06-22T07:51:49+00:00\",\"dateModified\":\"2021-06-22T07:52:14+00:00\",\"mainEntityOfPage\":{\"@id\":\"https:\\\/\\\/www.interforce.dk\\\/kl\\\/uddanner-ungdommen-og-stoetter-reservestyrken\\\/\"},\"wordCount\":179,\"image\":{\"@id\":\"https:\\\/\\\/www.interforce.dk\\\/kl\\\/uddanner-ungdommen-og-stoetter-reservestyrken\\\/#primaryimage\"},\"thumbnailUrl\":\"https:\\\/\\\/www.interforce.dk\\\/app\\\/uploads\\\/2021\\\/06\\\/TECHCOLLEGE-scaled.jpg\",\"keywords\":[\"Tag:Nordjylland\"],\"articleSection\":[\"Erhvervsliv\"],\"inLanguage\":\"en-GB\"},{\"@type\":\"WebPage\",\"@id\":\"https:\\\/\\\/www.interforce.dk\\\/kl\\\/uddanner-ungdommen-og-stoetter-reservestyrken\\\/\",\"url\":\"https:\\\/\\\/www.interforce.dk\\\/kl\\\/uddanner-ungdommen-og-stoetter-reservestyrken\\\/\",\"name\":\"Uddanner ungdommen og st\u00f8tter Reservestyrken - InterForce\",\"isPartOf\":{\"@id\":\"https:\\\/\\\/www.interforce.dk\\\/#website\"},\"primaryImageOfPage\":{\"@id\":\"https:\\\/\\\/www.interforce.dk\\\/kl\\\/uddanner-ungdommen-og-stoetter-reservestyrken\\\/#primaryimage\"},\"image\":{\"@id\":\"https:\\\/\\\/www.interforce.dk\\\/kl\\\/uddanner-ungdommen-og-stoetter-reservestyrken\\\/#primaryimage\"},\"thumbnailUrl\":\"https:\\\/\\\/www.interforce.dk\\\/app\\\/uploads\\\/2021\\\/06\\\/TECHCOLLEGE-scaled.jpg\",\"datePublished\":\"2021-06-22T07:51:49+00:00\",\"dateModified\":\"2021-06-22T07:52:14+00:00\",\"author\":{\"@id\":\"https:\\\/\\\/www.interforce.dk\\\/#\\\/schema\\\/person\\\/6a4f514d14e6438ecc9021a3f046ec42\"},\"breadcrumb\":{\"@id\":\"https:\\\/\\\/www.interforce.dk\\\/kl\\\/uddanner-ungdommen-og-stoetter-reservestyrken\\\/#breadcrumb\"},\"inLanguage\":\"en-GB\",\"potentialAction\":[{\"@type\":\"ReadAction\",\"target\":[\"https:\\\/\\\/www.interforce.dk\\\/kl\\\/uddanner-ungdommen-og-stoetter-reservestyrken\\\/\"]}]},{\"@type\":\"ImageObject\",\"inLanguage\":\"en-GB\",\"@id\":\"https:\\\/\\\/www.interforce.dk\\\/kl\\\/uddanner-ungdommen-og-stoetter-reservestyrken\\\/#primaryimage\",\"url\":\"https:\\\/\\\/www.interforce.dk\\\/app\\\/uploads\\\/2021\\\/06\\\/TECHCOLLEGE-scaled.jpg\",\"contentUrl\":\"https:\\\/\\\/www.interforce.dk\\\/app\\\/uploads\\\/2021\\\/06\\\/TECHCOLLEGE-scaled.jpg\",\"width\":2560,\"height\":1920},{\"@type\":\"BreadcrumbList\",\"@id\":\"https:\\\/\\\/www.interforce.dk\\\/kl\\\/uddanner-ungdommen-og-stoetter-reservestyrken\\\/#breadcrumb\",\"itemListElement\":[{\"@type\":\"ListItem\",\"position\":1,\"name\":\"Hjem\",\"item\":\"https:\\\/\\\/www.interforce.dk\\\/\"},{\"@type\":\"ListItem\",\"position\":2,\"name\":\"Uddanner ungdommen og st\u00f8tter Reservestyrken\"}]},{\"@type\":\"WebSite\",\"@id\":\"https:\\\/\\\/www.interforce.dk\\\/#website\",\"url\":\"https:\\\/\\\/www.interforce.dk\\\/\",\"name\":\"InterForce\",\"description\":\"\",\"potentialAction\":[{\"@type\":\"SearchAction\",\"target\":{\"@type\":\"EntryPoint\",\"urlTemplate\":\"https:\\\/\\\/www.interforce.dk\\\/?s={search_term_string}\"},\"query-input\":{\"@type\":\"PropertyValueSpecification\",\"valueRequired\":true,\"valueName\":\"search_term_string\"}}],\"inLanguage\":\"en-GB\"},{\"@type\":\"Person\",\"@id\":\"https:\\\/\\\/www.interforce.dk\\\/#\\\/schema\\\/person\\\/6a4f514d14e6438ecc9021a3f046ec42\",\"name\":\"Marianne Agerholm\",\"image\":{\"@type\":\"ImageObject\",\"inLanguage\":\"en-GB\",\"@id\":\"https:\\\/\\\/secure.gravatar.com\\\/avatar\\\/02e5de10c9af88dfa509a1074293e4ddcd8e4d30b7f02f856370b606164c6df5?s=96&d=mm&r=g\",\"url\":\"https:\\\/\\\/secure.gravatar.com\\\/avatar\\\/02e5de10c9af88dfa509a1074293e4ddcd8e4d30b7f02f856370b606164c6df5?s=96&d=mm&r=g\",\"contentUrl\":\"https:\\\/\\\/secure.gravatar.com\\\/avatar\\\/02e5de10c9af88dfa509a1074293e4ddcd8e4d30b7f02f856370b606164c6df5?s=96&d=mm&r=g\",\"caption\":\"Marianne Agerholm\"},\"url\":\"https:\\\/\\\/www.interforce.dk\\\/en\\\/author\\\/interforce-nordjylland\\\/\"}]}<\/script>\n<!-- \/ Yoast SEO plugin. -->","yoast_head_json":{"title":"Uddanner ungdommen og st\u00f8tter Reservestyrken - InterForce","robots":{"index":"index","follow":"follow","max-snippet":"max-snippet:-1","max-image-preview":"max-image-preview:large","max-video-preview":"max-video-preview:-1"},"canonical":"https:\/\/www.interforce.dk\/en\/uddanner-ungdommen-og-stoetter-reservestyrken\/","og_locale":"en_GB","og_type":"article","og_title":"Uddanner ungdommen og st\u00f8tter Reservestyrken - InterForce","og_description":"TECHCOLLEGE er nu en del af InterForce.","og_url":"https:\/\/www.interforce.dk\/en\/uddanner-ungdommen-og-stoetter-reservestyrken\/","og_site_name":"InterForce","article_published_time":"2021-06-22T07:51:49+00:00","article_modified_time":"2021-06-22T07:52:14+00:00","og_image":[{"width":2560,"height":1920,"url":"https:\/\/www.interforce.dk\/app\/uploads\/2021\/06\/TECHCOLLEGE-scaled.jpg","type":"image\/jpeg"}],"author":"Marianne Agerholm","twitter_card":"summary_large_image","twitter_misc":{"Written by":"Marianne Agerholm","Est. reading time":"1 minute"},"schema":{"@context":"https:\/\/schema.org","@graph":[{"@type":"Article","@id":"https:\/\/www.interforce.dk\/kl\/uddanner-ungdommen-og-stoetter-reservestyrken\/#article","isPartOf":{"@id":"https:\/\/www.interforce.dk\/kl\/uddanner-ungdommen-og-stoetter-reservestyrken\/"},"author":{"name":"Marianne Agerholm","@id":"https:\/\/www.interforce.dk\/#\/schema\/person\/6a4f514d14e6438ecc9021a3f046ec42"},"headline":"Uddanner ungdommen og st\u00f8tter Reservestyrken","datePublished":"2021-06-22T07:51:49+00:00","dateModified":"2021-06-22T07:52:14+00:00","mainEntityOfPage":{"@id":"https:\/\/www.interforce.dk\/kl\/uddanner-ungdommen-og-stoetter-reservestyrken\/"},"wordCount":179,"image":{"@id":"https:\/\/www.interforce.dk\/kl\/uddanner-ungdommen-og-stoetter-reservestyrken\/#primaryimage"},"thumbnailUrl":"https:\/\/www.interforce.dk\/app\/uploads\/2021\/06\/TECHCOLLEGE-scaled.jpg","keywords":["Tag:Nordjylland"],"articleSection":["Erhvervsliv"],"inLanguage":"en-GB"},{"@type":"WebPage","@id":"https:\/\/www.interforce.dk\/kl\/uddanner-ungdommen-og-stoetter-reservestyrken\/","url":"https:\/\/www.interforce.dk\/kl\/uddanner-ungdommen-og-stoetter-reservestyrken\/","name":"Uddanner ungdommen og st\u00f8tter Reservestyrken - InterForce","isPartOf":{"@id":"https:\/\/www.interforce.dk\/#website"},"primaryImageOfPage":{"@id":"https:\/\/www.interforce.dk\/kl\/uddanner-ungdommen-og-stoetter-reservestyrken\/#primaryimage"},"image":{"@id":"https:\/\/www.interforce.dk\/kl\/uddanner-ungdommen-og-stoetter-reservestyrken\/#primaryimage"},"thumbnailUrl":"https:\/\/www.interforce.dk\/app\/uploads\/2021\/06\/TECHCOLLEGE-scaled.jpg","datePublished":"2021-06-22T07:51:49+00:00","dateModified":"2021-06-22T07:52:14+00:00","author":{"@id":"https:\/\/www.interforce.dk\/#\/schema\/person\/6a4f514d14e6438ecc9021a3f046ec42"},"breadcrumb":{"@id":"https:\/\/www.interforce.dk\/kl\/uddanner-ungdommen-og-stoetter-reservestyrken\/#breadcrumb"},"inLanguage":"en-GB","potentialAction":[{"@type":"ReadAction","target":["https:\/\/www.interforce.dk\/kl\/uddanner-ungdommen-og-stoetter-reservestyrken\/"]}]},{"@type":"ImageObject","inLanguage":"en-GB","@id":"https:\/\/www.interforce.dk\/kl\/uddanner-ungdommen-og-stoetter-reservestyrken\/#primaryimage","url":"https:\/\/www.interforce.dk\/app\/uploads\/2021\/06\/TECHCOLLEGE-scaled.jpg","contentUrl":"https:\/\/www.interforce.dk\/app\/uploads\/2021\/06\/TECHCOLLEGE-scaled.jpg","width":2560,"height":1920},{"@type":"BreadcrumbList","@id":"https:\/\/www.interforce.dk\/kl\/uddanner-ungdommen-og-stoetter-reservestyrken\/#breadcrumb","itemListElement":[{"@type":"ListItem","position":1,"name":"Hjem","item":"https:\/\/www.interforce.dk\/"},{"@type":"ListItem","position":2,"name":"Uddanner ungdommen og st\u00f8tter Reservestyrken"}]},{"@type":"WebSite","@id":"https:\/\/www.interforce.dk\/#website","url":"https:\/\/www.interforce.dk\/","name":"InterForce","description":"","potentialAction":[{"@type":"SearchAction","target":{"@type":"EntryPoint","urlTemplate":"https:\/\/www.interforce.dk\/?s={search_term_string}"},"query-input":{"@type":"PropertyValueSpecification","valueRequired":true,"valueName":"search_term_string"}}],"inLanguage":"en-GB"},{"@type":"Person","@id":"https:\/\/www.interforce.dk\/#\/schema\/person\/6a4f514d14e6438ecc9021a3f046ec42","name":"Marianne Agerholm","image":{"@type":"ImageObject","inLanguage":"en-GB","@id":"https:\/\/secure.gravatar.com\/avatar\/02e5de10c9af88dfa509a1074293e4ddcd8e4d30b7f02f856370b606164c6df5?s=96&d=mm&r=g","url":"https:\/\/secure.gravatar.com\/avatar\/02e5de10c9af88dfa509a1074293e4ddcd8e4d30b7f02f856370b606164c6df5?s=96&d=mm&r=g","contentUrl":"https:\/\/secure.gravatar.com\/avatar\/02e5de10c9af88dfa509a1074293e4ddcd8e4d30b7f02f856370b606164c6df5?s=96&d=mm&r=g","caption":"Marianne Agerholm"},"url":"https:\/\/www.interforce.dk\/en\/author\/interforce-nordjylland\/"}]}},"_links":{"self":[{"href":"https:\/\/www.interforce.dk\/en\/wp-json\/wp\/v2\/posts\/11414","targetHints":{"allow":["GET"]}}],"collection":[{"href":"https:\/\/www.interforce.dk\/en\/wp-json\/wp\/v2\/posts"}],"about":[{"href":"https:\/\/www.interforce.dk\/en\/wp-json\/wp\/v2\/types\/post"}],"author":[{"embeddable":true,"href":"https:\/\/www.interforce.dk\/en\/wp-json\/wp\/v2\/users\/5"}],"replies":[{"embeddable":true,"href":"https:\/\/www.interforce.dk\/en\/wp-json\/wp\/v2\/comments?post=11414"}],"version-history":[{"count":2,"href":"https:\/\/www.interforce.dk\/en\/wp-json\/wp\/v2\/posts\/11414\/revisions"}],"predecessor-version":[{"id":11418,"href":"https:\/\/www.interforce.dk\/en\/wp-json\/wp\/v2\/posts\/11414\/revisions\/11418"}],"wp:featuredmedia":[{"embeddable":true,"href":"https:\/\/www.interforce.dk\/en\/wp-json\/wp\/v2\/media\/11415"}],"wp:attachment":[{"href":"https:\/\/www.interforce.dk\/en\/wp-json\/wp\/v2\/media?parent=11414"}],"wp:term":[{"taxonomy":"category","embeddable":true,"href":"https:\/\/www.interforce.dk\/en\/wp-json\/wp\/v2\/categories?post=11414"},{"taxonomy":"post_tag","embeddable":true,"href":"https:\/\/www.interforce.dk\/en\/wp-json\/wp\/v2\/tags?post=11414"}],"curies":[{"name":"wp","href":"https:\/\/api.w.org\/{rel}","templated":true}]}}