{"id":10404,"date":"2020-07-29T13:33:33","date_gmt":"2020-07-29T13:33:33","guid":{"rendered":"http:\/\/www.interforce.dk\/?p=10404"},"modified":"2020-07-30T13:25:28","modified_gmt":"2020-07-30T13:25:28","slug":"peter-viggo-jakobsen-reservestyrken-er-kampafgoerende","status":"publish","type":"post","link":"https:\/\/www.interforce.dk\/en\/peter-viggo-jakobsen-reservestyrken-er-kampafgoerende\/","title":{"rendered":"Peter Viggo Jakobsen: Reservestyrken er kampafg\u00f8rende"},"content":{"rendered":"<div class=\"block core-block core-block--paragraph\">\n      <div class=\"inner inner--small\">\n      \n<p><b>Behovet for frivillige hjemmev\u00e6rnssoldater og personel til forsvarets reserve vil stige markant de kommende \u00e5r, vurderer lektor ved Forsvarsakademiet Peter Viggo Jakobsen<\/b>.<\/p>\n\n      <\/div>\n  <\/div>\n<div class=\"block core-block core-block--paragraph\">\n      <div class=\"inner inner--small\">\n      \n<p>Tekst: Morten Fredslund<br>Foto: S\u00f8ren Bidstrup\/Scanpix<\/p>\n\n      <\/div>\n  <\/div>\n<div class=\"block core-block core-block--paragraph\">\n      <div class=\"inner inner--small\">\n      \n<p>Reservestyrken er en afg\u00f8rende faktor for kampkraften i H\u00e6rens nye brigade og for Danmarks beredskab generelt. Og selv om reserven er udset til at skulle stige med mere end 30 procent i indev\u00e6rende forligsperiode, vil der fortsat blive behov for flere reservister i fremtiden. Behovet for flere frivillige hjemmev\u00e6rnssoldater vil ogs\u00e5 stige. Det forudser lektor ved Institut for Strategi, Forsvarsakademiet, og professor ved Center for War Studies, Syddansk Universitet, Peter Viggo Jakobsen.<\/p>\n\n      <\/div>\n  <\/div>\n<div class=\"block core-block core-block--image\">\n      <div class=\"inner inner--small\">\n      \n<figure class=\"wp-block-image size-large\"><img loading=\"lazy\" decoding=\"async\" width=\"1024\" height=\"682\" src=\"\/app\/uploads\/2020\/07\/Peter-viggo-portr\u00e6t-1024x682.jpg\" alt=\"\" class=\"wp-image-10408\" srcset=\"https:\/\/www.interforce.dk\/app\/uploads\/2020\/07\/Peter-viggo-portr\u00e6t-1024x682.jpg 1024w, https:\/\/www.interforce.dk\/app\/uploads\/2020\/07\/Peter-viggo-portr\u00e6t-300x200.jpg 300w, https:\/\/www.interforce.dk\/app\/uploads\/2020\/07\/Peter-viggo-portr\u00e6t-768x512.jpg 768w, https:\/\/www.interforce.dk\/app\/uploads\/2020\/07\/Peter-viggo-portr\u00e6t.jpg 1280w\" sizes=\"auto, (max-width: 1024px) 100vw, 1024px\" \/><figcaption>Forsvarsekspert Peter Viggo Jakobsen.<\/figcaption><\/figure>\n\n      <\/div>\n  <\/div>\n<div class=\"block core-block core-block--paragraph\">\n      <div class=\"inner inner--small\">\n      \n<p>\u00bbOm ti \u00e5rs tid forventer jeg, at b\u00e5de reserven og Hjemmev\u00e6rnet mandskabsm\u00e6ssigt er betydeligt st\u00f8rre, end de er i dag. Ligesom mange andre myndigheder og institutioner har forsvaret simpelthen brug for flere h\u00e6nder, som skal bidrage til st\u00f8rre robusthed,\u00ab siger Peter Viggo Jakobsen.<br>I f\u00f8rste omgang er det opbygningen af en hurtigt udrykkende, tung brigade, der vil \u00f8ge behovet for flere reservister. Etableringen af en deployerbar brigade p\u00e5 4.000 mand, som skal kunne rykke ud til et potentielt krigs- eller konfliktomr\u00e5de med kort varsel, er et markant punkt i den seneste forsvarsaftale.<br><br>\u00bbVi er stadig i en opbygningsfase med brigaden, som man vil arbejde videre med ved udgangen af det her forlig. I takt med, at man opbygger brigaden frem til 2030, forventer jeg, at tallet for reservister ogs\u00e5 vokser,\u00ab siger Peter Viggo Jakobsen.<br><br>Den hurtigt udrykkende brigade har tilknyttet soldater fra en lang r\u00e6kke milit\u00e6re enheder fra hele landet. I \u00f8jeblikket l\u00f8ser soldaterne mange forskellige opgaver herhjemme og i nogle af de internationale missioner, som Danmark bidrager til. Peter Viggo Jakobsen peger p\u00e5, at der ud over reservister i selve brigadens organisation derfor ogs\u00e5 skal bruges en stor reservestyrke til at l\u00f8se de opgaver, s\u00e5fremt brigadens 4.000 mand deployeres i forbindelse med en krise eller konflikt.<\/p>\n\n      <\/div>\n  <\/div>\n<div class=\"block core-block core-block--paragraph\">\n      <div class=\"inner inner--small\">\n      \n<p><strong>Hopper fra isflage til isflage<\/strong><br>\u00bbI \u00f8jeblikket hopper man fra isflage til isflage og slukker brande i takt med, at de opst\u00e5r. Det er de umiddelbare behov, man fra politisk side prioriterer, og mange af brigadens soldater l\u00f8ser en bred vifte af opgaver for andre myndigheder i stedet for at tr\u00e6ne de milit\u00e6re opgaver, der skal l\u00f8ses, hvis ballonen skulle g\u00e5 op. Eksempelvis har vi soldater fra brigadens enheder til at tjekke pas nede ved gr\u00e6nsen. Et eller andet sted er det en fornuftig prioritering af de ressourcer, vi har, men det illustrerer p\u00e5 tydelig vis, at beredskabet ikke er stort nok, og at vi har brug for flere h\u00e6nder,\u00ab siger Peter Viggo Jakobsen.<br><br>Hvis brigaden bliver deployeret er det Hjemmev\u00e6rnet og reserven \u2013 samlet kaldet Reservestyrken \u2013 der skal passe p\u00e5 Danmark og blandt andet g\u00f8re det muligt for Danmark at modtage og huse store styrker fra andre NATO-lande. Samtidig skal de sikre de mange m\u00e5l, som fjenden kunne t\u00e6nkes at angribe, ligesom Hjemmev\u00e6rnet og reserven ogs\u00e5 har f\u00e5et en hovedrolle i opbygningen af den nye Totalforsvarsstyrke.<br><br>\u00bbSamlet set g\u00f8r det dem afg\u00f8rende for, om Danmark kan l\u00f8fte sin del af opgaven med at afskr\u00e6kke russerne og forhindre krig. Denne opgave vil kr\u00e6ve mange flere frivillige, som er villige til at bruge flere timer, end det er tilf\u00e6ldet i dag, og jeg vil ikke afvise, at et element af tvang ogs\u00e5 kan blive n\u00f8dvendigt,\u00ab siger Peter Viggo Jakobsen og forts\u00e6tter:<br><br>\u00bbHvis vi kigger p\u00e5, hvilke opgaver Forsvaret har f\u00e5et i det her forlig, hvor vi i stigende grad skal lave politiarbejde og stille stadig st\u00f8rre dele af styrken til r\u00e5dighed for organisationer m.m., s\u00e5 kan jeg ikke se andet, end vi n\u00f8dt til at have et meget st\u00f8rre beredskab, s\u00e5 man kan skrue ordentlig op for kapaciteten, n\u00e5r der opst\u00e5r en krise.\u00ab<\/p>\n\n      <\/div>\n  <\/div>\n<div class=\"block core-block core-block--paragraph\">\n      <div class=\"inner inner--small\">\n      \n<p><strong>Reserven m\u00e5 t\u00e6nkes ind p\u00e5 en ny m\u00e5de<\/strong><br>Peter Viggo Jakobsen pointerer, at hvis den nye, tunge brigade skal v\u00e6re klar i 2030, vil det kr\u00e6ve fokus p\u00e5 brigadens opbygning til at kunne l\u00f8se opgaver uden for landets gr\u00e6nser.<br>\u00bbJeg tror, NATO vil presse p\u00e5, og vi derfor kommer til at prioritere brigaden h\u00f8jere, n\u00e5r vi kommer ind i n\u00e6ste forlig. Det bliver ogs\u00e5 her et sp\u00f8rgsm\u00e5l om flere penge, og jeg tror, at man vil \u00e6ndre den m\u00e5de, vi t\u00e6nker reserven ind p\u00e5. Det vil ske i takt med, at vi vil indse, at vi har brug for flere reserver, og hvis udviklingen forts\u00e6tter, tror jeg, vi m\u00e5 t\u00e6nke i nye baner. Ogs\u00e5 s\u00e5 det bliver mere acceptabelt for arbejdsgivere, der skal afgive medarbejdere. Hvordan det konkret vil kunne tilrettel\u00e6gges, har jeg ikke umiddelbart et bud p\u00e5, men jeg tror blot ikke p\u00e5, at den model vi har i dag, er den samme, vi vil have om 5-10 \u00e5r,\u00ab siger Peter Viggo Jakobsen og tilf\u00f8jer:<br>\u00bbOg hvis vi skal bruge reserven til opgaver, hvor de rent faktisk skal l\u00f8se en operativ, reel opgave, bliver vi n\u00f8dt til at sikre os, at de er gode nok. Det kr\u00e6ver en hel del \u00f8velsesvirksomhed og tr\u00e6ning, hvis det skal v\u00e6re seri\u00f8st, og de kan indg\u00e5 i reelle milit\u00e6re enheder, der rent faktisk kan sl\u00e5s under de vilk\u00e5r, vi forestiller os.\u00ab<\/p>\n\n      <\/div>\n  <\/div>\n<div class=\"block core-block core-block--image\">\n      <div class=\"inner inner--small\">\n      \n<figure class=\"wp-block-image size-large\"><img loading=\"lazy\" decoding=\"async\" width=\"682\" height=\"1024\" src=\"\/app\/uploads\/2020\/07\/peter-viggo-skuer-1-682x1024.jpg\" alt=\"\" class=\"wp-image-10410\" srcset=\"https:\/\/www.interforce.dk\/app\/uploads\/2020\/07\/peter-viggo-skuer-1-682x1024.jpg 682w, https:\/\/www.interforce.dk\/app\/uploads\/2020\/07\/peter-viggo-skuer-1-200x300.jpg 200w, https:\/\/www.interforce.dk\/app\/uploads\/2020\/07\/peter-viggo-skuer-1-768x1152.jpg 768w, https:\/\/www.interforce.dk\/app\/uploads\/2020\/07\/peter-viggo-skuer-1.jpg 853w\" sizes=\"auto, (max-width: 682px) 100vw, 682px\" \/><figcaption>Forsvarsekspert Peter Viggo Jakobsen.<\/figcaption><\/figure>\n\n      <\/div>\n  <\/div>\n<div class=\"block core-block core-block--paragraph\">\n      <div class=\"inner inner--small\">\n      \n<p><strong>Frivillighed sl\u00e5r ikke til<\/strong><br>Vi fanger lektoren p\u00e5 mobilen tre uger inde i corona-krisen, hvor frivillige, tidligere soldater og hjemmev\u00e6rnsfolk i stort antal har meldt sig til puljer for sanitetsfaglige, callcentre og andre stand-by registre, hvorfra man vil kunne hente personel, s\u00e5fremt corona-pandemien skulle l\u00f8be l\u00f8bsk i Danmark.<br>\u00bbDet er rigtig fint, at folk har meldt sig frivilligt, og det skal jeg ikke for-klejne. Men hvis et beredskab skal fungere \u2013 og fungere under kriser, storme og oversv\u00f8mmelser, der dukker op igen og igen \u2013 ja, s\u00e5 skal det v\u00e6re mere struktureret end, det vi ser lige nu (under corona-krisen, red.). Man vil jo godt stille op som frivillig i en periode, n\u00e5r der sker noget ekstraordin\u00e6rt. Men n\u00e5r det ekstraordin\u00e6re bliver noget, der sker hele tiden, s\u00e5 gider man jo ikke til sidst. Hvad vil der eksempelvis ske, hvis vi f\u00e5r en corona-krise nummer to,\u00ab sp\u00f8rger Peter Viggo Jakobsen.<br>Han peger desuden p\u00e5, at opbygningen af den nye Totalforsvarsstyrke, som skal best\u00e5 af 12.000 hjemsendte v\u00e6rnepligtige ledet af officerer og befalings-m\u00e6nd fra reserven, er en rigtig god id\u00e9, som vil kunne komme i anvendelse under kriser af samme omfang som corona-pandemien.<br>\u00bbDet er pr\u00e6cis kriser af det omfang, som den nye Totalforsvarsstyrke styr-ke skal kunne bruges til. Men corona-pandemien har ogs\u00e5 vist, at presset p\u00e5 den offentlige sektor er s\u00e5 voldsomt, at der ingen overskudskapacitet er. Og det er jo der, en reservestyrke kan g\u00e5 ind op fylde nogle huller, n\u00e5r vores systemer bliver presset for meget. Her er vi n\u00f8dt til at kunne kaste nogle menne-sker ind, n\u00e5r behovet opst\u00e5r. Men hvis vi skal have et beredskab, der skal kunne tage fra og underst\u00f8tte det faste personel i den stadig voksende vifte af opgaver, hvor Forsvaret i stigende grad skal lave politiarbejde og stille en stadig st\u00f8rre del af styrken til r\u00e5dighed for organisationer m.m., s\u00e5 kan jeg ikke se anden l\u00f8sning, end at man ogs\u00e5 bliver n\u00f8dt til at g\u00f8re reserverne st\u00f8rre,\u00ab siger Peter Viggo Jakobsen.<\/p>\n\n      <\/div>\n  <\/div>\n<div class=\"block core-block core-block--paragraph\">\n      <div class=\"inner inner--small\">\n      \n<p><strong>Et mere slagkraftigt Hjemmev\u00e6rn<\/strong><br>Han mener desuden, at corona-krisen ogs\u00e5 vil betyde et \u00f8get fokus p\u00e5 behovet for en st\u00f8rre Reservestyrke.<br><br>\u00bbN\u00e5r man generelt ser p\u00e5 samfundets h\u00e5ndtering af det, vi g\u00e5r igennem lige nu med corona, s\u00e5 viser det, at der ikke er noget beredskab i samfundet l\u00e6ngere. Det g\u00e6lder i forhold til vores lagerbeholdning af v\u00e6rnemidler, vacciner, det g\u00e6lder p\u00e5 personelsiden \u2013 ja, hele vejen rundt. Det, vi st\u00e5r med i dag til at s\u00e6tte ind i en krisesituation, det er overhovedet ikke nok. Og den t\u00e6nkning tror jeg ogs\u00e5 vil smitte af p\u00e5 forsvaret. Fremadrettet bliver vi n\u00f8dt til at have nogle systemer, hvor vi kan ringe og sige, at nu skal x, y og z stille der og der og g\u00f8re det, som de er blevet tr\u00e6net til at g\u00f8re. Og s\u00e5 skal vi satse mindre p\u00e5, at folk udelukkende kommer frivilligt blot fordi, de har lyst til det. Derfor er vi ogs\u00e5 n\u00f8dt til at udbygge Hjemmev\u00e6rnet til noget meget st\u00f8rre og mere slagkraftigt end det hjemmev\u00e6rn, vi kender i dag. Samlet set vil det simpelthen stille nogle udfordringer til, at Forsvaret skal v\u00e6re i stand til at arbejde med en meget st\u00f8rre reservestyrke, som man kan tr\u00e6kke ind, n\u00e5r situationer a la corona-krisen opst\u00e5r,\u00ab siger Peter Viggo Jakobsen og tilf\u00f8jer:<br><br>\u00bbReserven er kampafg\u00f8rende, fordi der ikke er robusthed tilbage. Vi er simpelthen n\u00f8dt til at genopbygge og genopfinde en reserve, da der ikke er noget personel at tage af, fordi det hele allerede er indsat. Det er rigtig fint, at vi kan komme langt med frivillighed, men vi skal finde en balance, hvor der kan tr\u00e6kkes p\u00e5 et st\u00f8rre beredskab p\u00e5 en organiseret m\u00e5de, s\u00e5 der er st\u00f8rre sikkerhed for at de folk, man har brug for kommer p\u00e5 rette tid, p\u00e5 rette sted og med de rigtige foruds\u00e6tninger. Lige nu er det ret tilf\u00e6ldigt om det lykkes \u2013 og det er ikke godt nok.\u00ab<\/p>\n\n      <\/div>\n  <\/div>\n<div class=\"block core-block core-block--paragraph\">\n      <div class=\"inner inner--small\">\n      \n<p><em>Denne artikel er f\u00f8rste gang bragt i InterForce \u00c5rsmagasin 2020. Find pdf-udgaver af dette og andre <a href=\"https:\/\/www.interforce.dk\/en\/magasin-arkiv\/\">tidligere trykte publikationer i arkivet her<\/a>.<\/em><\/p>\n\n      <\/div>\n  <\/div>\n<div class=\"block core-block core-block--paragraph\">\n      <div class=\"inner inner--small\">\n      \n<p><br><\/p>\n\n      <\/div>\n  <\/div>","protected":false},"excerpt":{"rendered":"Behovet for frivillige hjemmev\u00e6rnssoldater og personel til forsvarets reserve v...","protected":false},"author":4,"featured_media":10408,"comment_status":"closed","ping_status":"closed","sticky":false,"template":"","format":"standard","meta":{"_acf_changed":false,"footnotes":""},"categories":[8],"tags":[],"class_list":["post-10404","post","type-post","status-publish","format-standard","has-post-thumbnail","hentry","category-sikkerhedsnyt"],"acf":[],"yoast_head":"<!-- This site is optimized with the Yoast SEO plugin v27.3 - https:\/\/yoast.com\/product\/yoast-seo-wordpress\/ -->\n<title>Peter Viggo Jakobsen: Reservestyrken er kampafg\u00f8rende - InterForce<\/title>\n<meta name=\"robots\" content=\"index, follow, max-snippet:-1, max-image-preview:large, max-video-preview:-1\" \/>\n<link rel=\"canonical\" href=\"https:\/\/www.interforce.dk\/en\/peter-viggo-jakobsen-reservestyrken-er-kampafgoerende\/\" \/>\n<meta property=\"og:locale\" content=\"en_GB\" \/>\n<meta property=\"og:type\" content=\"article\" \/>\n<meta property=\"og:title\" content=\"Peter Viggo Jakobsen: Reservestyrken er kampafg\u00f8rende - InterForce\" \/>\n<meta property=\"og:description\" content=\"Behovet for frivillige hjemmev\u00e6rnssoldater og personel til forsvarets reserve vil stige markant de kommende \u00e5r, vurderer lektor ved Forsvarsakademiet Peter Viggo Jakobsen. Tekst: Morten FredslundFoto: S\u00f8ren Bidstrup\/Scanpix Reservestyrken er en afg\u00f8rende faktor for kampkraften i H\u00e6rens nye brigade og for Danmarks beredskab generelt. Og selv om reserven er udset til at skulle stige med mere &hellip;\" \/>\n<meta property=\"og:url\" content=\"https:\/\/www.interforce.dk\/en\/peter-viggo-jakobsen-reservestyrken-er-kampafgoerende\/\" \/>\n<meta property=\"og:site_name\" content=\"InterForce\" \/>\n<meta property=\"article:published_time\" content=\"2020-07-29T13:33:33+00:00\" \/>\n<meta property=\"article:modified_time\" content=\"2020-07-30T13:25:28+00:00\" \/>\n<meta property=\"og:image\" content=\"https:\/\/www.interforce.dk\/app\/uploads\/2020\/07\/Peter-viggo-portr\u00e6t.jpg\" \/>\n\t<meta property=\"og:image:width\" content=\"1280\" \/>\n\t<meta property=\"og:image:height\" content=\"853\" \/>\n\t<meta property=\"og:image:type\" content=\"image\/jpeg\" \/>\n<meta name=\"author\" content=\"Morten Fredslund\" \/>\n<meta name=\"twitter:card\" content=\"summary_large_image\" \/>\n<meta name=\"twitter:label1\" content=\"Written by\" \/>\n\t<meta name=\"twitter:data1\" content=\"Morten Fredslund\" \/>\n\t<meta name=\"twitter:label2\" content=\"Est. reading time\" \/>\n\t<meta name=\"twitter:data2\" content=\"8 minutes\" \/>\n<script type=\"application\/ld+json\" class=\"yoast-schema-graph\">{\"@context\":\"https:\\\/\\\/schema.org\",\"@graph\":[{\"@type\":\"Article\",\"@id\":\"https:\\\/\\\/www.interforce.dk\\\/kl\\\/peter-viggo-jakobsen-reservestyrken-er-kampafgoerende\\\/#article\",\"isPartOf\":{\"@id\":\"https:\\\/\\\/www.interforce.dk\\\/kl\\\/peter-viggo-jakobsen-reservestyrken-er-kampafgoerende\\\/\"},\"author\":{\"name\":\"Morten Fredslund\",\"@id\":\"https:\\\/\\\/www.interforce.dk\\\/#\\\/schema\\\/person\\\/5477512a00e03f11d143b8bb3eb2eb90\"},\"headline\":\"Peter Viggo Jakobsen: Reservestyrken er kampafg\u00f8rende\",\"datePublished\":\"2020-07-29T13:33:33+00:00\",\"dateModified\":\"2020-07-30T13:25:28+00:00\",\"mainEntityOfPage\":{\"@id\":\"https:\\\/\\\/www.interforce.dk\\\/kl\\\/peter-viggo-jakobsen-reservestyrken-er-kampafgoerende\\\/\"},\"wordCount\":1649,\"image\":{\"@id\":\"https:\\\/\\\/www.interforce.dk\\\/kl\\\/peter-viggo-jakobsen-reservestyrken-er-kampafgoerende\\\/#primaryimage\"},\"thumbnailUrl\":\"https:\\\/\\\/www.interforce.dk\\\/app\\\/uploads\\\/2020\\\/07\\\/Peter-viggo-portr\u00e6t.jpg\",\"articleSection\":[\"Sikkerhedsnyt\"],\"inLanguage\":\"en-GB\"},{\"@type\":\"WebPage\",\"@id\":\"https:\\\/\\\/www.interforce.dk\\\/kl\\\/peter-viggo-jakobsen-reservestyrken-er-kampafgoerende\\\/\",\"url\":\"https:\\\/\\\/www.interforce.dk\\\/kl\\\/peter-viggo-jakobsen-reservestyrken-er-kampafgoerende\\\/\",\"name\":\"Peter Viggo Jakobsen: Reservestyrken er kampafg\u00f8rende - InterForce\",\"isPartOf\":{\"@id\":\"https:\\\/\\\/www.interforce.dk\\\/#website\"},\"primaryImageOfPage\":{\"@id\":\"https:\\\/\\\/www.interforce.dk\\\/kl\\\/peter-viggo-jakobsen-reservestyrken-er-kampafgoerende\\\/#primaryimage\"},\"image\":{\"@id\":\"https:\\\/\\\/www.interforce.dk\\\/kl\\\/peter-viggo-jakobsen-reservestyrken-er-kampafgoerende\\\/#primaryimage\"},\"thumbnailUrl\":\"https:\\\/\\\/www.interforce.dk\\\/app\\\/uploads\\\/2020\\\/07\\\/Peter-viggo-portr\u00e6t.jpg\",\"datePublished\":\"2020-07-29T13:33:33+00:00\",\"dateModified\":\"2020-07-30T13:25:28+00:00\",\"author\":{\"@id\":\"https:\\\/\\\/www.interforce.dk\\\/#\\\/schema\\\/person\\\/5477512a00e03f11d143b8bb3eb2eb90\"},\"breadcrumb\":{\"@id\":\"https:\\\/\\\/www.interforce.dk\\\/kl\\\/peter-viggo-jakobsen-reservestyrken-er-kampafgoerende\\\/#breadcrumb\"},\"inLanguage\":\"en-GB\",\"potentialAction\":[{\"@type\":\"ReadAction\",\"target\":[\"https:\\\/\\\/www.interforce.dk\\\/kl\\\/peter-viggo-jakobsen-reservestyrken-er-kampafgoerende\\\/\"]}]},{\"@type\":\"ImageObject\",\"inLanguage\":\"en-GB\",\"@id\":\"https:\\\/\\\/www.interforce.dk\\\/kl\\\/peter-viggo-jakobsen-reservestyrken-er-kampafgoerende\\\/#primaryimage\",\"url\":\"https:\\\/\\\/www.interforce.dk\\\/app\\\/uploads\\\/2020\\\/07\\\/Peter-viggo-portr\u00e6t.jpg\",\"contentUrl\":\"https:\\\/\\\/www.interforce.dk\\\/app\\\/uploads\\\/2020\\\/07\\\/Peter-viggo-portr\u00e6t.jpg\",\"width\":1280,\"height\":853,\"caption\":\"Forsvarsekspert Peter Viggo Jakobsen.\"},{\"@type\":\"BreadcrumbList\",\"@id\":\"https:\\\/\\\/www.interforce.dk\\\/kl\\\/peter-viggo-jakobsen-reservestyrken-er-kampafgoerende\\\/#breadcrumb\",\"itemListElement\":[{\"@type\":\"ListItem\",\"position\":1,\"name\":\"Hjem\",\"item\":\"https:\\\/\\\/www.interforce.dk\\\/\"},{\"@type\":\"ListItem\",\"position\":2,\"name\":\"Peter Viggo Jakobsen: Reservestyrken er kampafg\u00f8rende\"}]},{\"@type\":\"WebSite\",\"@id\":\"https:\\\/\\\/www.interforce.dk\\\/#website\",\"url\":\"https:\\\/\\\/www.interforce.dk\\\/\",\"name\":\"InterForce\",\"description\":\"\",\"potentialAction\":[{\"@type\":\"SearchAction\",\"target\":{\"@type\":\"EntryPoint\",\"urlTemplate\":\"https:\\\/\\\/www.interforce.dk\\\/?s={search_term_string}\"},\"query-input\":{\"@type\":\"PropertyValueSpecification\",\"valueRequired\":true,\"valueName\":\"search_term_string\"}}],\"inLanguage\":\"en-GB\"},{\"@type\":\"Person\",\"@id\":\"https:\\\/\\\/www.interforce.dk\\\/#\\\/schema\\\/person\\\/5477512a00e03f11d143b8bb3eb2eb90\",\"name\":\"Morten Fredslund\",\"image\":{\"@type\":\"ImageObject\",\"inLanguage\":\"en-GB\",\"@id\":\"https:\\\/\\\/secure.gravatar.com\\\/avatar\\\/67a6005c62149980e771e9a43b3cd6a4384c966c10c03c2641da6ea4f52fb6b8?s=96&d=mm&r=g\",\"url\":\"https:\\\/\\\/secure.gravatar.com\\\/avatar\\\/67a6005c62149980e771e9a43b3cd6a4384c966c10c03c2641da6ea4f52fb6b8?s=96&d=mm&r=g\",\"contentUrl\":\"https:\\\/\\\/secure.gravatar.com\\\/avatar\\\/67a6005c62149980e771e9a43b3cd6a4384c966c10c03c2641da6ea4f52fb6b8?s=96&d=mm&r=g\",\"caption\":\"Morten Fredslund\"},\"url\":\"https:\\\/\\\/www.interforce.dk\\\/en\\\/author\\\/morten-fredslund\\\/\"}]}<\/script>\n<!-- \/ Yoast SEO plugin. -->","yoast_head_json":{"title":"Peter Viggo Jakobsen: Reservestyrken er kampafg\u00f8rende - InterForce","robots":{"index":"index","follow":"follow","max-snippet":"max-snippet:-1","max-image-preview":"max-image-preview:large","max-video-preview":"max-video-preview:-1"},"canonical":"https:\/\/www.interforce.dk\/en\/peter-viggo-jakobsen-reservestyrken-er-kampafgoerende\/","og_locale":"en_GB","og_type":"article","og_title":"Peter Viggo Jakobsen: Reservestyrken er kampafg\u00f8rende - InterForce","og_description":"Behovet for frivillige hjemmev\u00e6rnssoldater og personel til forsvarets reserve vil stige markant de kommende \u00e5r, vurderer lektor ved Forsvarsakademiet Peter Viggo Jakobsen. Tekst: Morten FredslundFoto: S\u00f8ren Bidstrup\/Scanpix Reservestyrken er en afg\u00f8rende faktor for kampkraften i H\u00e6rens nye brigade og for Danmarks beredskab generelt. Og selv om reserven er udset til at skulle stige med mere &hellip;","og_url":"https:\/\/www.interforce.dk\/en\/peter-viggo-jakobsen-reservestyrken-er-kampafgoerende\/","og_site_name":"InterForce","article_published_time":"2020-07-29T13:33:33+00:00","article_modified_time":"2020-07-30T13:25:28+00:00","og_image":[{"width":1280,"height":853,"url":"https:\/\/www.interforce.dk\/app\/uploads\/2020\/07\/Peter-viggo-portr\u00e6t.jpg","type":"image\/jpeg"}],"author":"Morten Fredslund","twitter_card":"summary_large_image","twitter_misc":{"Written by":"Morten Fredslund","Est. reading time":"8 minutes"},"schema":{"@context":"https:\/\/schema.org","@graph":[{"@type":"Article","@id":"https:\/\/www.interforce.dk\/kl\/peter-viggo-jakobsen-reservestyrken-er-kampafgoerende\/#article","isPartOf":{"@id":"https:\/\/www.interforce.dk\/kl\/peter-viggo-jakobsen-reservestyrken-er-kampafgoerende\/"},"author":{"name":"Morten Fredslund","@id":"https:\/\/www.interforce.dk\/#\/schema\/person\/5477512a00e03f11d143b8bb3eb2eb90"},"headline":"Peter Viggo Jakobsen: Reservestyrken er kampafg\u00f8rende","datePublished":"2020-07-29T13:33:33+00:00","dateModified":"2020-07-30T13:25:28+00:00","mainEntityOfPage":{"@id":"https:\/\/www.interforce.dk\/kl\/peter-viggo-jakobsen-reservestyrken-er-kampafgoerende\/"},"wordCount":1649,"image":{"@id":"https:\/\/www.interforce.dk\/kl\/peter-viggo-jakobsen-reservestyrken-er-kampafgoerende\/#primaryimage"},"thumbnailUrl":"https:\/\/www.interforce.dk\/app\/uploads\/2020\/07\/Peter-viggo-portr\u00e6t.jpg","articleSection":["Sikkerhedsnyt"],"inLanguage":"en-GB"},{"@type":"WebPage","@id":"https:\/\/www.interforce.dk\/kl\/peter-viggo-jakobsen-reservestyrken-er-kampafgoerende\/","url":"https:\/\/www.interforce.dk\/kl\/peter-viggo-jakobsen-reservestyrken-er-kampafgoerende\/","name":"Peter Viggo Jakobsen: Reservestyrken er kampafg\u00f8rende - InterForce","isPartOf":{"@id":"https:\/\/www.interforce.dk\/#website"},"primaryImageOfPage":{"@id":"https:\/\/www.interforce.dk\/kl\/peter-viggo-jakobsen-reservestyrken-er-kampafgoerende\/#primaryimage"},"image":{"@id":"https:\/\/www.interforce.dk\/kl\/peter-viggo-jakobsen-reservestyrken-er-kampafgoerende\/#primaryimage"},"thumbnailUrl":"https:\/\/www.interforce.dk\/app\/uploads\/2020\/07\/Peter-viggo-portr\u00e6t.jpg","datePublished":"2020-07-29T13:33:33+00:00","dateModified":"2020-07-30T13:25:28+00:00","author":{"@id":"https:\/\/www.interforce.dk\/#\/schema\/person\/5477512a00e03f11d143b8bb3eb2eb90"},"breadcrumb":{"@id":"https:\/\/www.interforce.dk\/kl\/peter-viggo-jakobsen-reservestyrken-er-kampafgoerende\/#breadcrumb"},"inLanguage":"en-GB","potentialAction":[{"@type":"ReadAction","target":["https:\/\/www.interforce.dk\/kl\/peter-viggo-jakobsen-reservestyrken-er-kampafgoerende\/"]}]},{"@type":"ImageObject","inLanguage":"en-GB","@id":"https:\/\/www.interforce.dk\/kl\/peter-viggo-jakobsen-reservestyrken-er-kampafgoerende\/#primaryimage","url":"https:\/\/www.interforce.dk\/app\/uploads\/2020\/07\/Peter-viggo-portr\u00e6t.jpg","contentUrl":"https:\/\/www.interforce.dk\/app\/uploads\/2020\/07\/Peter-viggo-portr\u00e6t.jpg","width":1280,"height":853,"caption":"Forsvarsekspert Peter Viggo Jakobsen."},{"@type":"BreadcrumbList","@id":"https:\/\/www.interforce.dk\/kl\/peter-viggo-jakobsen-reservestyrken-er-kampafgoerende\/#breadcrumb","itemListElement":[{"@type":"ListItem","position":1,"name":"Hjem","item":"https:\/\/www.interforce.dk\/"},{"@type":"ListItem","position":2,"name":"Peter Viggo Jakobsen: Reservestyrken er kampafg\u00f8rende"}]},{"@type":"WebSite","@id":"https:\/\/www.interforce.dk\/#website","url":"https:\/\/www.interforce.dk\/","name":"InterForce","description":"","potentialAction":[{"@type":"SearchAction","target":{"@type":"EntryPoint","urlTemplate":"https:\/\/www.interforce.dk\/?s={search_term_string}"},"query-input":{"@type":"PropertyValueSpecification","valueRequired":true,"valueName":"search_term_string"}}],"inLanguage":"en-GB"},{"@type":"Person","@id":"https:\/\/www.interforce.dk\/#\/schema\/person\/5477512a00e03f11d143b8bb3eb2eb90","name":"Morten Fredslund","image":{"@type":"ImageObject","inLanguage":"en-GB","@id":"https:\/\/secure.gravatar.com\/avatar\/67a6005c62149980e771e9a43b3cd6a4384c966c10c03c2641da6ea4f52fb6b8?s=96&d=mm&r=g","url":"https:\/\/secure.gravatar.com\/avatar\/67a6005c62149980e771e9a43b3cd6a4384c966c10c03c2641da6ea4f52fb6b8?s=96&d=mm&r=g","contentUrl":"https:\/\/secure.gravatar.com\/avatar\/67a6005c62149980e771e9a43b3cd6a4384c966c10c03c2641da6ea4f52fb6b8?s=96&d=mm&r=g","caption":"Morten Fredslund"},"url":"https:\/\/www.interforce.dk\/en\/author\/morten-fredslund\/"}]}},"_links":{"self":[{"href":"https:\/\/www.interforce.dk\/en\/wp-json\/wp\/v2\/posts\/10404","targetHints":{"allow":["GET"]}}],"collection":[{"href":"https:\/\/www.interforce.dk\/en\/wp-json\/wp\/v2\/posts"}],"about":[{"href":"https:\/\/www.interforce.dk\/en\/wp-json\/wp\/v2\/types\/post"}],"author":[{"embeddable":true,"href":"https:\/\/www.interforce.dk\/en\/wp-json\/wp\/v2\/users\/4"}],"replies":[{"embeddable":true,"href":"https:\/\/www.interforce.dk\/en\/wp-json\/wp\/v2\/comments?post=10404"}],"version-history":[{"count":0,"href":"https:\/\/www.interforce.dk\/en\/wp-json\/wp\/v2\/posts\/10404\/revisions"}],"wp:featuredmedia":[{"embeddable":true,"href":"https:\/\/www.interforce.dk\/en\/wp-json\/wp\/v2\/media\/10408"}],"wp:attachment":[{"href":"https:\/\/www.interforce.dk\/en\/wp-json\/wp\/v2\/media?parent=10404"}],"wp:term":[{"taxonomy":"category","embeddable":true,"href":"https:\/\/www.interforce.dk\/en\/wp-json\/wp\/v2\/categories?post=10404"},{"taxonomy":"post_tag","embeddable":true,"href":"https:\/\/www.interforce.dk\/en\/wp-json\/wp\/v2\/tags?post=10404"}],"curies":[{"name":"wp","href":"https:\/\/api.w.org\/{rel}","templated":true}]}}