{"id":10295,"date":"2020-07-02T12:02:17","date_gmt":"2020-07-02T12:02:17","guid":{"rendered":"http:\/\/www.interforce.dk\/?p=10295"},"modified":"2020-07-09T09:44:58","modified_gmt":"2020-07-09T09:44:58","slug":"danske-soldater-hjem-fra-al-asad-i-irak","status":"publish","type":"post","link":"https:\/\/www.interforce.dk\/en\/danske-soldater-hjem-fra-al-asad-i-irak\/","title":{"rendered":"Danske soldater hjem fra Al Asad i Irak"},"content":{"rendered":"<div class=\"block core-block core-block--paragraph\">\n      <div class=\"inner inner--small\">\n      \n<p><strong>Efter godt fem \u00e5rs tr\u00e6ning af irakiske sikkerhedsstyrker er de danske soldater p\u00e5 Al Asad basen i det centrale Irak nu trukket hjem f\u00f8r planlagt. Danskerne har gennemf\u00f8rt tr\u00e6ning af&nbsp;i alt 19.583 irakiske soldater og politifolk.<\/strong><\/p>\n\n      <\/div>\n  <\/div>\n<div class=\"block core-block core-block--paragraph\">\n      <div class=\"inner inner--small\">\n      \n<p>Af Morten Fredslund<\/p>\n\n      <\/div>\n  <\/div>\n<div class=\"block core-block core-block--paragraph\">\n      <div class=\"inner inner--small\">\n      \n<p>I aftes blev den sidste danske fod l\u00f8ftet fra Al Asad Airbase.<\/p>\n\n      <\/div>\n  <\/div>\n<div class=\"block core-block core-block--paragraph\">\n      <div class=\"inner inner--small\">\n      \n<p>De sidste fire soldater fra det Nationale St\u00f8tteelement,NSE), som var tilbage p\u00e5 basen i Irak for at s\u00f8rge for at f\u00e5 det sidste materiel ud, kunne i aftes s\u00e6tte sig i et fly og nyde turen hjemad fra den irakiske luftbase.<\/p>\n\n      <\/div>\n  <\/div>\n<div class=\"block core-block core-block--paragraph\">\n      <div class=\"inner inner--small\">\n      \n<p>Der er nu ingen danske soldater p\u00e5 Al Asad Airbase, fremg\u00e5r det af et opslag, Tr\u00e6nregimentet har lagt p\u00e5 Facebook.&nbsp;&nbsp;<\/p>\n\n      <\/div>\n  <\/div>\n<div class=\"block core-block core-block--paragraph\">\n      <div class=\"inner inner--small\">\n      \n<p>Siden starten af 2015 har der ellers v\u00e6ret danske soldater p\u00e5 Al Asad luftbase i det centrale Irak. Men siden et iransk missilangreb ramte luftbasen den 8. januar, har de danske soldaters opgave med at tr\u00e6ne irakiske sikkerhedsstyrker v\u00e6ret sat p\u00e5 pause. Det planlage sidste hold danskere \u2013 Hold 11 \u2013 var ellers allerede p\u00e5 plads i Irak, da tr\u00e6ningen blev yderligere udsat af de irakiske myndigheder af hensyn til indd\u00e6mning af coronavirus. Derfor har Forsvaret nu besluttet at tr\u00e6kke det danske bidrag hjem.&nbsp;<\/p>\n\n      <\/div>\n  <\/div>\n<div class=\"block core-block core-block--image\">\n      <div class=\"inner inner--small\">\n      \n<figure class=\"wp-block-image size-large is-resized\"><img loading=\"lazy\" decoding=\"async\" src=\"\/app\/uploads\/2020\/07\/IMGL1468-1024x683.jpg\" alt=\"\" class=\"wp-image-10296\" width=\"512\" height=\"342\"\/><figcaption>Siden 2015 har danske soldater v\u00e6ret udsendt til Al Asad Airbase I Irak for at undervise irakiske sikkerhedsstyrker. Blandt de udsendte danske soldater har en stor del v\u00e6ret hentet fra Forsvarets reserve eller Hjemmev\u00e6rnet &#8211; samlet kaldet Reservestyrken. Arkivfoto: Morten Fredslund<\/figcaption><\/figure>\n\n      <\/div>\n  <\/div>\n<div class=\"block core-block core-block--paragraph\">\n      <div class=\"inner inner--small\">\n      \n<p>De danske bidrag af tr\u00e6nerer til Operation Inherent Resolve, OIR, i Irak var udsendt i seks m\u00e5neder ad gangen og talte i omegnen af 150 soldater \u2013 heriblandt ogs\u00e5 soldater fra Reservestyrken. I 2019 var 93 af de i alt 659 daske soldater i Operation Inherent Resolve fra Reservestyrken. Herudover var 13 reservister med sundhedsfaglig baggrund udstationeret p\u00e5 Al Asad som en del af et dansk kirurghold.<\/p>\n\n      <\/div>\n  <\/div>\n<div class=\"block core-block core-block--paragraph\">\n      <div class=\"inner inner--small\">\n      \n<p><strong>&nbsp;Fortsat danskere i Irak<\/strong><\/p>\n\n      <\/div>\n  <\/div>\n<div class=\"block core-block core-block--paragraph\">\n      <div class=\"inner inner--small\">\n      \n<p>OIR blev oprettet som en international koalition i 2014, der gennem&nbsp;&nbsp;st\u00f8tte til de irakiske sikkerhedsstyrker i Irak og koalitionens partnere i Syrien har bidraget til bek\u00e6mpelsen af ISIL. Den internationale koalition t\u00e6ller i dag 74 medlemsstater, heraf flere fra regionen samt bl.a. NATO og EU.<\/p>\n\n      <\/div>\n  <\/div>\n<div class=\"block core-block core-block--paragraph\">\n      <div class=\"inner inner--small\">\n      \n<p>Samtidig med nedlukningen af det danske tr\u00e6ningsbidrag p\u00e5 Al Asad-luftbasen, forts\u00e6tter forberedelserne til, at Danmark kan overtage af ledelsen af NATO\u2019s mission i Irak til december 2020. I marts blev generall\u00f8jtnant Per Pugholm Olsen udpeget til at varetage stillingen som den f\u00f8rste danske chef for NATO Mission Iraq (NMI), n\u00e5r Danmark ultimo 2020 forventes at overtage missionen fra Canada.&nbsp;Forventeligt sendes 210 danske soldater til Irak for at lede og st\u00f8tte missionen, der er fokuseret omkring Baghdad omr\u00e5det.&nbsp;<\/p>\n\n      <\/div>\n  <\/div>\n<div class=\"block core-block core-block--paragraph\">\n      <div class=\"inner inner--small\">\n      \n<p>De \u00f8vrige danske bidrag til Operation Inherent Resolve fors\u00e6tter u\u00e6ndret. De omfatter et stabsbidrag, der indg\u00e5r i koalitionens hovedkvarterer i regionen, herunder lufthovedkvarteret samt operat\u00f8rer fra Flyvev\u00e5bnet, der&nbsp;bidrager til koalitionens luftoperationer.&nbsp;De er udsendt&nbsp;til Al Dhafra luftbasen i De Forenede Arabiske Emirater.&nbsp;Ogs\u00e5 i de bidrag er der, eller har der v\u00e6ret, soldater fra reserven.<\/p>\n\n      <\/div>\n  <\/div>","protected":false},"excerpt":{"rendered":"Efter godt fem \u00e5rs tr\u00e6ning af irakiske sikkerhedsstyrker er de danske soldater...","protected":false},"author":4,"featured_media":10303,"comment_status":"closed","ping_status":"closed","sticky":false,"template":"","format":"standard","meta":{"_acf_changed":false,"footnotes":""},"categories":[94,18,8],"tags":[],"class_list":["post-10295","post","type-post","status-publish","format-standard","has-post-thumbnail","hentry","category-andet-nyt","category-army","category-sikkerhedsnyt"],"acf":[],"yoast_head":"<!-- This site is optimized with the Yoast SEO plugin v27.3 - https:\/\/yoast.com\/product\/yoast-seo-wordpress\/ -->\n<title>Danske soldater hjem fra Al Asad i Irak - InterForce<\/title>\n<meta name=\"robots\" content=\"index, follow, max-snippet:-1, max-image-preview:large, max-video-preview:-1\" \/>\n<link rel=\"canonical\" href=\"https:\/\/www.interforce.dk\/en\/danske-soldater-hjem-fra-al-asad-i-irak\/\" \/>\n<meta property=\"og:locale\" content=\"en_GB\" \/>\n<meta property=\"og:type\" content=\"article\" \/>\n<meta property=\"og:title\" content=\"Danske soldater hjem fra Al Asad i Irak - InterForce\" \/>\n<meta property=\"og:description\" content=\"Efter godt fem \u00e5rs tr\u00e6ning af irakiske sikkerhedsstyrker er de danske soldater p\u00e5 Al Asad basen i det centrale Irak nu trukket hjem f\u00f8r planlagt. Danskerne har gennemf\u00f8rt tr\u00e6ning af&nbsp;i alt 19.583 irakiske soldater og politifolk. Af Morten Fredslund I aftes blev den sidste danske fod l\u00f8ftet fra Al Asad Airbase. De sidste fire soldater &hellip;\" \/>\n<meta property=\"og:url\" content=\"https:\/\/www.interforce.dk\/en\/danske-soldater-hjem-fra-al-asad-i-irak\/\" \/>\n<meta property=\"og:site_name\" content=\"InterForce\" \/>\n<meta property=\"article:published_time\" content=\"2020-07-02T12:02:17+00:00\" \/>\n<meta property=\"article:modified_time\" content=\"2020-07-09T09:44:58+00:00\" \/>\n<meta property=\"og:image\" content=\"https:\/\/www.interforce.dk\/app\/uploads\/2020\/07\/IMGL1468-kopi-scaled.jpeg\" \/>\n\t<meta property=\"og:image:width\" content=\"2560\" \/>\n\t<meta property=\"og:image:height\" content=\"2560\" \/>\n\t<meta property=\"og:image:type\" content=\"image\/jpeg\" \/>\n<meta name=\"author\" content=\"Morten Fredslund\" \/>\n<meta name=\"twitter:card\" content=\"summary_large_image\" \/>\n<meta name=\"twitter:label1\" content=\"Written by\" \/>\n\t<meta name=\"twitter:data1\" content=\"Morten Fredslund\" \/>\n\t<meta name=\"twitter:label2\" content=\"Est. reading time\" \/>\n\t<meta name=\"twitter:data2\" content=\"3 minutes\" \/>\n<script type=\"application\/ld+json\" class=\"yoast-schema-graph\">{\"@context\":\"https:\\\/\\\/schema.org\",\"@graph\":[{\"@type\":\"Article\",\"@id\":\"https:\\\/\\\/www.interforce.dk\\\/danske-soldater-hjem-fra-al-asad-i-irak\\\/#article\",\"isPartOf\":{\"@id\":\"https:\\\/\\\/www.interforce.dk\\\/danske-soldater-hjem-fra-al-asad-i-irak\\\/\"},\"author\":{\"name\":\"Morten Fredslund\",\"@id\":\"https:\\\/\\\/www.interforce.dk\\\/#\\\/schema\\\/person\\\/5477512a00e03f11d143b8bb3eb2eb90\"},\"headline\":\"Danske soldater hjem fra Al Asad i Irak\",\"datePublished\":\"2020-07-02T12:02:17+00:00\",\"dateModified\":\"2020-07-09T09:44:58+00:00\",\"mainEntityOfPage\":{\"@id\":\"https:\\\/\\\/www.interforce.dk\\\/danske-soldater-hjem-fra-al-asad-i-irak\\\/\"},\"wordCount\":533,\"image\":{\"@id\":\"https:\\\/\\\/www.interforce.dk\\\/danske-soldater-hjem-fra-al-asad-i-irak\\\/#primaryimage\"},\"thumbnailUrl\":\"https:\\\/\\\/www.interforce.dk\\\/app\\\/uploads\\\/2020\\\/07\\\/IMGL1468-kopi-scaled.jpeg\",\"articleSection\":[\"Andet nyt\",\"H\u00e6ren\",\"Sikkerhedsnyt\"],\"inLanguage\":\"en-GB\"},{\"@type\":\"WebPage\",\"@id\":\"https:\\\/\\\/www.interforce.dk\\\/danske-soldater-hjem-fra-al-asad-i-irak\\\/\",\"url\":\"https:\\\/\\\/www.interforce.dk\\\/danske-soldater-hjem-fra-al-asad-i-irak\\\/\",\"name\":\"Danske soldater hjem fra Al Asad i Irak - InterForce\",\"isPartOf\":{\"@id\":\"https:\\\/\\\/www.interforce.dk\\\/#website\"},\"primaryImageOfPage\":{\"@id\":\"https:\\\/\\\/www.interforce.dk\\\/danske-soldater-hjem-fra-al-asad-i-irak\\\/#primaryimage\"},\"image\":{\"@id\":\"https:\\\/\\\/www.interforce.dk\\\/danske-soldater-hjem-fra-al-asad-i-irak\\\/#primaryimage\"},\"thumbnailUrl\":\"https:\\\/\\\/www.interforce.dk\\\/app\\\/uploads\\\/2020\\\/07\\\/IMGL1468-kopi-scaled.jpeg\",\"datePublished\":\"2020-07-02T12:02:17+00:00\",\"dateModified\":\"2020-07-09T09:44:58+00:00\",\"author\":{\"@id\":\"https:\\\/\\\/www.interforce.dk\\\/#\\\/schema\\\/person\\\/5477512a00e03f11d143b8bb3eb2eb90\"},\"breadcrumb\":{\"@id\":\"https:\\\/\\\/www.interforce.dk\\\/danske-soldater-hjem-fra-al-asad-i-irak\\\/#breadcrumb\"},\"inLanguage\":\"en-GB\",\"potentialAction\":[{\"@type\":\"ReadAction\",\"target\":[\"https:\\\/\\\/www.interforce.dk\\\/danske-soldater-hjem-fra-al-asad-i-irak\\\/\"]}]},{\"@type\":\"ImageObject\",\"inLanguage\":\"en-GB\",\"@id\":\"https:\\\/\\\/www.interforce.dk\\\/danske-soldater-hjem-fra-al-asad-i-irak\\\/#primaryimage\",\"url\":\"https:\\\/\\\/www.interforce.dk\\\/app\\\/uploads\\\/2020\\\/07\\\/IMGL1468-kopi-scaled.jpeg\",\"contentUrl\":\"https:\\\/\\\/www.interforce.dk\\\/app\\\/uploads\\\/2020\\\/07\\\/IMGL1468-kopi-scaled.jpeg\",\"width\":2560,\"height\":2560,\"caption\":\"Siden 2015 har danske soldater v\u00e6ret udsendt til Al Asad Airbase I Irak for at undervise irakiske sikkerhedsstyrker. Bland de udsendte danske soldater har en stor del v\u00e6ret hentet fra Forsvarets reserve eller Hjemmev\u00e6rnet - samlet kaldet Reservestyrken. Arkivfoto: Morten Fredslund\"},{\"@type\":\"BreadcrumbList\",\"@id\":\"https:\\\/\\\/www.interforce.dk\\\/danske-soldater-hjem-fra-al-asad-i-irak\\\/#breadcrumb\",\"itemListElement\":[{\"@type\":\"ListItem\",\"position\":1,\"name\":\"Hjem\",\"item\":\"https:\\\/\\\/www.interforce.dk\\\/\"},{\"@type\":\"ListItem\",\"position\":2,\"name\":\"Danske soldater hjem fra Al Asad i Irak\"}]},{\"@type\":\"WebSite\",\"@id\":\"https:\\\/\\\/www.interforce.dk\\\/#website\",\"url\":\"https:\\\/\\\/www.interforce.dk\\\/\",\"name\":\"InterForce\",\"description\":\"\",\"potentialAction\":[{\"@type\":\"SearchAction\",\"target\":{\"@type\":\"EntryPoint\",\"urlTemplate\":\"https:\\\/\\\/www.interforce.dk\\\/?s={search_term_string}\"},\"query-input\":{\"@type\":\"PropertyValueSpecification\",\"valueRequired\":true,\"valueName\":\"search_term_string\"}}],\"inLanguage\":\"en-GB\"},{\"@type\":\"Person\",\"@id\":\"https:\\\/\\\/www.interforce.dk\\\/#\\\/schema\\\/person\\\/5477512a00e03f11d143b8bb3eb2eb90\",\"name\":\"Morten Fredslund\",\"image\":{\"@type\":\"ImageObject\",\"inLanguage\":\"en-GB\",\"@id\":\"https:\\\/\\\/secure.gravatar.com\\\/avatar\\\/67a6005c62149980e771e9a43b3cd6a4384c966c10c03c2641da6ea4f52fb6b8?s=96&d=mm&r=g\",\"url\":\"https:\\\/\\\/secure.gravatar.com\\\/avatar\\\/67a6005c62149980e771e9a43b3cd6a4384c966c10c03c2641da6ea4f52fb6b8?s=96&d=mm&r=g\",\"contentUrl\":\"https:\\\/\\\/secure.gravatar.com\\\/avatar\\\/67a6005c62149980e771e9a43b3cd6a4384c966c10c03c2641da6ea4f52fb6b8?s=96&d=mm&r=g\",\"caption\":\"Morten Fredslund\"},\"url\":\"https:\\\/\\\/www.interforce.dk\\\/en\\\/author\\\/morten-fredslund\\\/\"}]}<\/script>\n<!-- \/ Yoast SEO plugin. -->","yoast_head_json":{"title":"Danske soldater hjem fra Al Asad i Irak - InterForce","robots":{"index":"index","follow":"follow","max-snippet":"max-snippet:-1","max-image-preview":"max-image-preview:large","max-video-preview":"max-video-preview:-1"},"canonical":"https:\/\/www.interforce.dk\/en\/danske-soldater-hjem-fra-al-asad-i-irak\/","og_locale":"en_GB","og_type":"article","og_title":"Danske soldater hjem fra Al Asad i Irak - InterForce","og_description":"Efter godt fem \u00e5rs tr\u00e6ning af irakiske sikkerhedsstyrker er de danske soldater p\u00e5 Al Asad basen i det centrale Irak nu trukket hjem f\u00f8r planlagt. Danskerne har gennemf\u00f8rt tr\u00e6ning af&nbsp;i alt 19.583 irakiske soldater og politifolk. Af Morten Fredslund I aftes blev den sidste danske fod l\u00f8ftet fra Al Asad Airbase. De sidste fire soldater &hellip;","og_url":"https:\/\/www.interforce.dk\/en\/danske-soldater-hjem-fra-al-asad-i-irak\/","og_site_name":"InterForce","article_published_time":"2020-07-02T12:02:17+00:00","article_modified_time":"2020-07-09T09:44:58+00:00","og_image":[{"width":2560,"height":2560,"url":"https:\/\/www.interforce.dk\/app\/uploads\/2020\/07\/IMGL1468-kopi-scaled.jpeg","type":"image\/jpeg"}],"author":"Morten Fredslund","twitter_card":"summary_large_image","twitter_misc":{"Written by":"Morten Fredslund","Est. reading time":"3 minutes"},"schema":{"@context":"https:\/\/schema.org","@graph":[{"@type":"Article","@id":"https:\/\/www.interforce.dk\/danske-soldater-hjem-fra-al-asad-i-irak\/#article","isPartOf":{"@id":"https:\/\/www.interforce.dk\/danske-soldater-hjem-fra-al-asad-i-irak\/"},"author":{"name":"Morten Fredslund","@id":"https:\/\/www.interforce.dk\/#\/schema\/person\/5477512a00e03f11d143b8bb3eb2eb90"},"headline":"Danske soldater hjem fra Al Asad i Irak","datePublished":"2020-07-02T12:02:17+00:00","dateModified":"2020-07-09T09:44:58+00:00","mainEntityOfPage":{"@id":"https:\/\/www.interforce.dk\/danske-soldater-hjem-fra-al-asad-i-irak\/"},"wordCount":533,"image":{"@id":"https:\/\/www.interforce.dk\/danske-soldater-hjem-fra-al-asad-i-irak\/#primaryimage"},"thumbnailUrl":"https:\/\/www.interforce.dk\/app\/uploads\/2020\/07\/IMGL1468-kopi-scaled.jpeg","articleSection":["Andet nyt","H\u00e6ren","Sikkerhedsnyt"],"inLanguage":"en-GB"},{"@type":"WebPage","@id":"https:\/\/www.interforce.dk\/danske-soldater-hjem-fra-al-asad-i-irak\/","url":"https:\/\/www.interforce.dk\/danske-soldater-hjem-fra-al-asad-i-irak\/","name":"Danske soldater hjem fra Al Asad i Irak - InterForce","isPartOf":{"@id":"https:\/\/www.interforce.dk\/#website"},"primaryImageOfPage":{"@id":"https:\/\/www.interforce.dk\/danske-soldater-hjem-fra-al-asad-i-irak\/#primaryimage"},"image":{"@id":"https:\/\/www.interforce.dk\/danske-soldater-hjem-fra-al-asad-i-irak\/#primaryimage"},"thumbnailUrl":"https:\/\/www.interforce.dk\/app\/uploads\/2020\/07\/IMGL1468-kopi-scaled.jpeg","datePublished":"2020-07-02T12:02:17+00:00","dateModified":"2020-07-09T09:44:58+00:00","author":{"@id":"https:\/\/www.interforce.dk\/#\/schema\/person\/5477512a00e03f11d143b8bb3eb2eb90"},"breadcrumb":{"@id":"https:\/\/www.interforce.dk\/danske-soldater-hjem-fra-al-asad-i-irak\/#breadcrumb"},"inLanguage":"en-GB","potentialAction":[{"@type":"ReadAction","target":["https:\/\/www.interforce.dk\/danske-soldater-hjem-fra-al-asad-i-irak\/"]}]},{"@type":"ImageObject","inLanguage":"en-GB","@id":"https:\/\/www.interforce.dk\/danske-soldater-hjem-fra-al-asad-i-irak\/#primaryimage","url":"https:\/\/www.interforce.dk\/app\/uploads\/2020\/07\/IMGL1468-kopi-scaled.jpeg","contentUrl":"https:\/\/www.interforce.dk\/app\/uploads\/2020\/07\/IMGL1468-kopi-scaled.jpeg","width":2560,"height":2560,"caption":"Siden 2015 har danske soldater v\u00e6ret udsendt til Al Asad Airbase I Irak for at undervise irakiske sikkerhedsstyrker. Bland de udsendte danske soldater har en stor del v\u00e6ret hentet fra Forsvarets reserve eller Hjemmev\u00e6rnet - samlet kaldet Reservestyrken. Arkivfoto: Morten Fredslund"},{"@type":"BreadcrumbList","@id":"https:\/\/www.interforce.dk\/danske-soldater-hjem-fra-al-asad-i-irak\/#breadcrumb","itemListElement":[{"@type":"ListItem","position":1,"name":"Hjem","item":"https:\/\/www.interforce.dk\/"},{"@type":"ListItem","position":2,"name":"Danske soldater hjem fra Al Asad i Irak"}]},{"@type":"WebSite","@id":"https:\/\/www.interforce.dk\/#website","url":"https:\/\/www.interforce.dk\/","name":"InterForce","description":"","potentialAction":[{"@type":"SearchAction","target":{"@type":"EntryPoint","urlTemplate":"https:\/\/www.interforce.dk\/?s={search_term_string}"},"query-input":{"@type":"PropertyValueSpecification","valueRequired":true,"valueName":"search_term_string"}}],"inLanguage":"en-GB"},{"@type":"Person","@id":"https:\/\/www.interforce.dk\/#\/schema\/person\/5477512a00e03f11d143b8bb3eb2eb90","name":"Morten Fredslund","image":{"@type":"ImageObject","inLanguage":"en-GB","@id":"https:\/\/secure.gravatar.com\/avatar\/67a6005c62149980e771e9a43b3cd6a4384c966c10c03c2641da6ea4f52fb6b8?s=96&d=mm&r=g","url":"https:\/\/secure.gravatar.com\/avatar\/67a6005c62149980e771e9a43b3cd6a4384c966c10c03c2641da6ea4f52fb6b8?s=96&d=mm&r=g","contentUrl":"https:\/\/secure.gravatar.com\/avatar\/67a6005c62149980e771e9a43b3cd6a4384c966c10c03c2641da6ea4f52fb6b8?s=96&d=mm&r=g","caption":"Morten Fredslund"},"url":"https:\/\/www.interforce.dk\/en\/author\/morten-fredslund\/"}]}},"_links":{"self":[{"href":"https:\/\/www.interforce.dk\/en\/wp-json\/wp\/v2\/posts\/10295","targetHints":{"allow":["GET"]}}],"collection":[{"href":"https:\/\/www.interforce.dk\/en\/wp-json\/wp\/v2\/posts"}],"about":[{"href":"https:\/\/www.interforce.dk\/en\/wp-json\/wp\/v2\/types\/post"}],"author":[{"embeddable":true,"href":"https:\/\/www.interforce.dk\/en\/wp-json\/wp\/v2\/users\/4"}],"replies":[{"embeddable":true,"href":"https:\/\/www.interforce.dk\/en\/wp-json\/wp\/v2\/comments?post=10295"}],"version-history":[{"count":0,"href":"https:\/\/www.interforce.dk\/en\/wp-json\/wp\/v2\/posts\/10295\/revisions"}],"wp:featuredmedia":[{"embeddable":true,"href":"https:\/\/www.interforce.dk\/en\/wp-json\/wp\/v2\/media\/10303"}],"wp:attachment":[{"href":"https:\/\/www.interforce.dk\/en\/wp-json\/wp\/v2\/media?parent=10295"}],"wp:term":[{"taxonomy":"category","embeddable":true,"href":"https:\/\/www.interforce.dk\/en\/wp-json\/wp\/v2\/categories?post=10295"},{"taxonomy":"post_tag","embeddable":true,"href":"https:\/\/www.interforce.dk\/en\/wp-json\/wp\/v2\/tags?post=10295"}],"curies":[{"name":"wp","href":"https:\/\/api.w.org\/{rel}","templated":true}]}}