{"id":10001,"date":"2019-06-22T17:44:28","date_gmt":"2019-06-22T17:44:28","guid":{"rendered":"https:\/\/www.interforce.dk\/?p=10001"},"modified":"2020-03-26T15:16:24","modified_gmt":"2020-03-26T15:16:24","slug":"livgardens-reserveenhed-staar-foran-et-markant-boost","status":"publish","type":"post","link":"https:\/\/www.interforce.dk\/en\/livgardens-reserveenhed-staar-foran-et-markant-boost\/","title":{"rendered":"Livgardens reserveenhed st\u00e5r foran et markant boost"},"content":{"rendered":"<div class=\"block core-block core-block--heading\">\n      <div class=\"inner inner--small\">\n      \n<h4 class=\"wp-block-heading\"><strong>Med hele otte stillingsopslag har Livgardens reserveenhed indledt jagten p\u00e5 tidligere og hjemsendte soldater af alle grader. P\u00e5 sigt skal Livgardens reservestyrke mangedobles.<\/strong><\/h4>\n\n      <\/div>\n  <\/div>\n<div class=\"block core-block core-block--paragraph\">\n      <div class=\"inner inner--small\">\n      \n<p>Af Morten Fredslund<\/p>\n\n      <\/div>\n  <\/div>\n<div class=\"block core-block core-block--paragraph\">\n      <div class=\"inner inner--small\">\n      \n<p>Det er is\u00e6r den nye struktur i Totalforsvarsstyrken, der betyder, at Den Kongelige Livgarde nu har kastet sn\u00f8ren ud efter tidligere og hjemsendte soldater \u2013 fra konstabel til kaptajn \u2013, der kunne t\u00e6nke sig igen at f\u00e5 en tilknytning til Forsvaret i form af en r\u00e5dighedskontrakt.&nbsp;<\/p>\n\n      <\/div>\n  <\/div>\n<div class=\"block core-block core-block--paragraph\">\n      <div class=\"inner inner--small\">\n      \n<p>Fem af de otte stillingsopslag er stadig aktive og er rettet mod konstabler, korporaler, sergenter, over- og seniorsergenter. Man skal dog spidse pennen, hvis man vil l\u00e6gge billet ind, da ans\u00f8gningsfristen er s\u00f8ndag den 23. juni. Efter sommerferien vil Livgarden igen annoncere efter reserveofficerer med rang af premierl\u00f8jtnant og kaptajn.<\/p>\n\n      <\/div>\n  <\/div>\n<div class=\"block core-block core-block--paragraph\">\n      <div class=\"inner inner--small\">\n      \n<p>Livgardens reserveentitet t\u00e6ller i dag 21 mand, men skal ved udgangen af forligsperioden v\u00e6re for\u00f8get til godt 50 personer. Desuden skal Livgarden levere omkring 100 befalingsm\u00e6nd og officerer af alle grader til f\u00f8ringsstrukturen i Totalforsvarsstyrken, som opstilles af Hjemmev\u00e6rnet. P\u00e5 sigt kommer Livgardens reserveentitet dermed til at rumme 150-160 reservister.<\/p>\n\n      <\/div>\n  <\/div>\n<div class=\"block core-block core-block--image align-left\">\n      <div class=\"inner inner--small\">\n      \n<div class=\"wp-block-image\"><figure class=\"alignleft\"><img loading=\"lazy\" decoding=\"async\" width=\"1024\" height=\"742\" src=\"\/app\/uploads\/2019\/06\/IMGL5552-1024x742.jpg\" alt=\"\" class=\"wp-image-896\" srcset=\"https:\/\/www.interforce.dk\/app\/uploads\/2019\/06\/IMGL5552-1024x742.jpg 1024w, https:\/\/www.interforce.dk\/app\/uploads\/2019\/06\/IMGL5552-300x218.jpg 300w, https:\/\/www.interforce.dk\/app\/uploads\/2019\/06\/IMGL5552-768x557.jpg 768w, https:\/\/www.interforce.dk\/app\/uploads\/2019\/06\/IMGL5552.jpg 1280w\" sizes=\"auto, (max-width: 1024px) 100vw, 1024px\" \/><figcaption>Det er stort set alle enheder hos Livgarden, der har behov for noget af det reservepersonel, som Livgardens reserveentitet nu er g\u00e5et p\u00e5 jagt efter via stillingsopslag p\u00e5 karriere.forsvaret.dk. Arkivfoto: Morten Fredslund<\/figcaption><\/figure><\/div>\n\n      <\/div>\n  <\/div>\n<div class=\"block core-block core-block--heading\">\n      <div class=\"inner inner--small\">\n      \n<h6 class=\"wp-block-heading\"><strong>L\u00e5ner soldater ud til Hjemmev\u00e6rnet<\/strong><\/h6>\n\n      <\/div>\n  <\/div>\n<div class=\"block core-block core-block--paragraph\">\n      <div class=\"inner inner--small\">\n      \n<p>&#8211; Hvert \u00e5r de n\u00e6ste fire \u00e5r skal Livgarden levere hele f\u00f8ringsstrukturen til et kompagni i Totalforsvarsstyrken. Konkret handler det om en r\u00e6kke kompagnichefer samt delings- og gruppef\u00f8rere, som vi l\u00e5ner ud til Hjemmev\u00e6rnets Landsdelsregion \u00d8st, der st\u00e5r for opstillingen. Det er en ny opgave for os, og det er en af grundene til, at vi f\u00e5r brug for mange flere reservister, end vi r\u00e5der over i dag, siger&nbsp;oberstl\u00f8jtnant af reserven Benny&nbsp;&nbsp;Smith.<\/p>\n\n      <\/div>\n  <\/div>\n<div class=\"block core-block core-block--image align-right\">\n      <div class=\"inner inner--small\">\n      \n<div class=\"wp-block-image\"><figure class=\"alignright is-resized\"><img loading=\"lazy\" decoding=\"async\" src=\"\/app\/uploads\/2019\/06\/BOS-foto-8-1024x1024.jpg\" alt=\"\" class=\"wp-image-897\" width=\"333\" height=\"333\" srcset=\"https:\/\/www.interforce.dk\/app\/uploads\/2019\/06\/BOS-foto-8-1024x1024.jpg 1024w, https:\/\/www.interforce.dk\/app\/uploads\/2019\/06\/BOS-foto-8-300x300.jpg 300w, https:\/\/www.interforce.dk\/app\/uploads\/2019\/06\/BOS-foto-8-768x768.jpg 768w\" sizes=\"auto, (max-width: 333px) 100vw, 333px\" \/><figcaption>Chefen for Livgardens reserveentitet, oberstl\u00f8jtnant af reserven Benny Smith er civilt CEO for ca. 100 ansatte hos Poul Johansen Maskiner i F\u00e5revejle og er desuden en del af InterForces ambassad\u00f8rkorps i Region Hovedstaden. Foto:Privat<br><\/figcaption><\/figure><\/div>\n\n      <\/div>\n  <\/div>\n<div class=\"block core-block core-block--paragraph\">\n      <div class=\"inner inner--small\">\n      \n<p>Han er chef for Livgardens reserveentitet og er desuden tilknyttet InterForces ambassad\u00f8rkorps i Region Hovedstaden. For nyligt har han lagt sidste h\u00e5nd p\u00e5 en plan for, hvordan fremtidens reservestruktur skal se ud i Livgarden.&nbsp;<\/p>\n\n      <\/div>\n  <\/div>\n<div class=\"block core-block core-block--paragraph\">\n      <div class=\"inner inner--small\">\n      \n<p>&#8211; Hvis vi f\u00e5r gr\u00f8nt lys til planen, vil vi opbygge reserveenhedens organisation som en bataljon. Det betyder, at reservepersonellet knyttes til konkrete stillinger og funktioner modsat nu, hvor personellet kan hentes fra en pulje til at l\u00f8se forskellige opgaver. Den nye struktur vil givetvis g\u00f8re det mere overskueligt og attraktivt at v\u00e6re en del af Livgardens reserveenhed. Og det vil ogs\u00e5 styrke korps\u00e5nden, siger Benny Smith, der civilt er CEO for ca. 100 ansatte hos Poul Johansen Maskiner i F\u00e5revejle.<\/p>\n\n      <\/div>\n  <\/div>\n<div class=\"block core-block core-block--heading\">\n      <div class=\"inner inner--small\">\n      \n<h6 class=\"wp-block-heading\"><strong>En bred vifte af kompetencer<\/strong><\/h6>\n\n      <\/div>\n  <\/div>\n<div class=\"block core-block core-block--paragraph\">\n      <div class=\"inner inner--small\">\n      \n<p>I stillingsopslagene har det ikke v\u00e6ret anf\u00f8rt, hvor mange soldater fra de forskellige kategorier, man konkret er ude efter. &#8220;En r\u00e6kke&#8230;&#8221;, st\u00e5r der i opslagene p\u00e5 karriere.forsvaret.dk.<\/p>\n\n      <\/div>\n  <\/div>\n<div class=\"block core-block core-block--paragraph\">\n      <div class=\"inner inner--small\">\n      \n<p>&#8211; Konkret s\u00f8ger vi seks tambourer fra konstabelgruppen til reserven ved Livgardens Tambourkorps. Men derudover skal man se opslagene som et f\u00e6lles opslag, hvor vi lodder stemningen for, hvor vi st\u00e5r i forhold til at rekruttere hjemsendt personel til Livgardens reserveenhed. Ud over f\u00f8ringsstrukturen ved Totalforsvarsstyrken, skal vi bruge reservepersonel til I\/Livgarden, der er en operativ bataljon, men ogs\u00e5 til vagtkompagniet&nbsp;&nbsp;og uddannelsesbataljonen. S\u00e5 det er en meget bred vifte af kompetencer, vi nu er g\u00e5et p\u00e5 jagt efter. Og man beh\u00f8ver som udgangspunkt ikke at have gjort tjeneste i Livgarden for at komme i betragtning, selv om det selvf\u00f8lgelig ikke er en ulempe, siger Benny Ole Smith.<\/p>\n\n      <\/div>\n  <\/div>\n<div class=\"block core-block core-block--image align-left\">\n      <div class=\"inner inner--small\">\n      \n<div class=\"wp-block-image\"><figure class=\"alignleft\"><img loading=\"lazy\" decoding=\"async\" width=\"1024\" height=\"682\" src=\"\/app\/uploads\/2019\/06\/IMGM3527-kopi-1024x682.jpg\" alt=\"\" class=\"wp-image-898\" srcset=\"https:\/\/www.interforce.dk\/app\/uploads\/2019\/06\/IMGM3527-kopi-1024x682.jpg 1024w, https:\/\/www.interforce.dk\/app\/uploads\/2019\/06\/IMGM3527-kopi-300x200.jpg 300w, https:\/\/www.interforce.dk\/app\/uploads\/2019\/06\/IMGM3527-kopi-768x512.jpg 768w, https:\/\/www.interforce.dk\/app\/uploads\/2019\/06\/IMGM3527-kopi.jpg 1280w\" sizes=\"auto, (max-width: 1024px) 100vw, 1024px\" \/><figcaption>Livgarden s\u00f8ger bl.a. seks konstabler, der kan indg\u00e5 som tambourer i Tambourkorpsets reserve. Her ses v\u00e6rnepligtige og tambourer modtage et hold soldater hjemvendt fra Irak. Arkivfoto: Morten Fredslund.<\/figcaption><\/figure><\/div>\n\n      <\/div>\n  <\/div>\n<div class=\"block core-block core-block--paragraph\">\n      <div class=\"inner inner--small\">\n      \n<p>Den nye Totalforsvarsstyrke kommer p\u00e5 landsplan til at best\u00e5 af op til 12.000 v\u00e6rnepligtige samt f\u00f8rere fra reserven. De hjemsendte v\u00e6rnepligtige bliver fordelt p\u00e5 milit\u00e6re enheder, som vil v\u00e6re placeret i Hjemmev\u00e6rnet, der f\u00e5r brug for i omegnen af 700 reservister som f\u00f8rere af Totalforsvarsstyrken.&nbsp;<\/p>\n\n      <\/div>\n  <\/div>\n<div class=\"block core-block core-block--paragraph\">\n      <div class=\"inner inner--small\">\n      \n<p>&#8211; I Livgarden f\u00e5r vi brug for omkring 140 flere reservister, end vi er i dag. Det kan blive en udfordring at n\u00e5 at f\u00e5 rekrutteret et s\u00e5 stort antal i forligsperioden, da Livgarden jo ikke er alene om at have et markant st\u00f8rre behov for reservister. Derfor griber vi ogs\u00e5 fat i alle i den nuv\u00e6rende reserveenhed. Men mange skal hverves blandt hjemsendte v\u00e6rnepligtige befalingsm\u00e6nd og tidligere ansatte i forsvaret. Eller blandt soldater som af en eller anden grund \u00f8nsker at forlade deres faste stilling i forsvarets til fordel for et civilt job. Dem vil vi gribe fat i, og desuden l\u00f8bende sl\u00e5 ledige stillinger op i takt med, at vi f\u00e5r et overblik over de konkrete behov, siger Benny&nbsp;&nbsp;Smith.&nbsp;<\/p>\n\n      <\/div>\n  <\/div>","protected":false},"excerpt":{"rendered":"Med hele otte stillingsopslag har Livgardens reserveenhed indledt jagten p\u00e5 tid...","protected":false},"author":4,"featured_media":899,"comment_status":"closed","ping_status":"closed","sticky":false,"template":"","format":"standard","meta":{"_acf_changed":false,"footnotes":""},"categories":[1],"tags":[],"class_list":["post-10001","post","type-post","status-publish","format-standard","has-post-thumbnail","hentry","category-uncategorized-da"],"acf":[],"yoast_head":"<!-- This site is optimized with the Yoast SEO plugin v27.3 - https:\/\/yoast.com\/product\/yoast-seo-wordpress\/ -->\n<title>Livgardens reserveenhed st\u00e5r foran et markant boost - InterForce<\/title>\n<meta name=\"robots\" content=\"index, follow, max-snippet:-1, max-image-preview:large, max-video-preview:-1\" \/>\n<link rel=\"canonical\" href=\"https:\/\/www.interforce.dk\/en\/livgardens-reserveenhed-staar-foran-et-markant-boost\/\" \/>\n<meta property=\"og:locale\" content=\"en_GB\" \/>\n<meta property=\"og:type\" content=\"article\" \/>\n<meta property=\"og:title\" content=\"Livgardens reserveenhed st\u00e5r foran et markant boost - InterForce\" \/>\n<meta property=\"og:description\" content=\"Med hele otte stillingsopslag har Livgardens reserveenhed indledt jagten p\u00e5 tidligere og hjemsendte soldater af alle grader. P\u00e5 sigt skal Livgardens reservestyrke mangedobles. Af Morten Fredslund Det er is\u00e6r den nye struktur i Totalforsvarsstyrken, der betyder, at Den Kongelige Livgarde nu har kastet sn\u00f8ren ud efter tidligere og hjemsendte soldater \u2013 fra konstabel til kaptajn &hellip;\" \/>\n<meta property=\"og:url\" content=\"https:\/\/www.interforce.dk\/en\/livgardens-reserveenhed-staar-foran-et-markant-boost\/\" \/>\n<meta property=\"og:site_name\" content=\"InterForce\" \/>\n<meta property=\"article:published_time\" content=\"2019-06-22T17:44:28+00:00\" \/>\n<meta property=\"article:modified_time\" content=\"2020-03-26T15:16:24+00:00\" \/>\n<meta property=\"og:image\" content=\"https:\/\/www.interforce.dk\/app\/uploads\/2019\/06\/IMGL5552-1.jpg\" \/>\n\t<meta property=\"og:image:width\" content=\"1280\" \/>\n\t<meta property=\"og:image:height\" content=\"928\" \/>\n\t<meta property=\"og:image:type\" content=\"image\/jpeg\" \/>\n<meta name=\"author\" content=\"Morten Fredslund\" \/>\n<meta name=\"twitter:card\" content=\"summary_large_image\" \/>\n<meta name=\"twitter:label1\" content=\"Written by\" \/>\n\t<meta name=\"twitter:data1\" content=\"Morten Fredslund\" \/>\n\t<meta name=\"twitter:label2\" content=\"Est. reading time\" \/>\n\t<meta name=\"twitter:data2\" content=\"4 minutes\" \/>\n<script type=\"application\/ld+json\" class=\"yoast-schema-graph\">{\"@context\":\"https:\\\/\\\/schema.org\",\"@graph\":[{\"@type\":\"Article\",\"@id\":\"https:\\\/\\\/www.interforce.dk\\\/livgardens-reserveenhed-staar-foran-et-markant-boost\\\/#article\",\"isPartOf\":{\"@id\":\"https:\\\/\\\/www.interforce.dk\\\/livgardens-reserveenhed-staar-foran-et-markant-boost\\\/\"},\"author\":{\"name\":\"Morten Fredslund\",\"@id\":\"https:\\\/\\\/www.interforce.dk\\\/#\\\/schema\\\/person\\\/5477512a00e03f11d143b8bb3eb2eb90\"},\"headline\":\"Livgardens reserveenhed st\u00e5r foran et markant boost\",\"datePublished\":\"2019-06-22T17:44:28+00:00\",\"dateModified\":\"2020-03-26T15:16:24+00:00\",\"mainEntityOfPage\":{\"@id\":\"https:\\\/\\\/www.interforce.dk\\\/livgardens-reserveenhed-staar-foran-et-markant-boost\\\/\"},\"wordCount\":849,\"image\":{\"@id\":\"https:\\\/\\\/www.interforce.dk\\\/livgardens-reserveenhed-staar-foran-et-markant-boost\\\/#primaryimage\"},\"thumbnailUrl\":\"https:\\\/\\\/www.interforce.dk\\\/app\\\/uploads\\\/2019\\\/06\\\/IMGL5552-1.jpg\",\"articleSection\":[\"Uncategorized @da\"],\"inLanguage\":\"en-GB\"},{\"@type\":\"WebPage\",\"@id\":\"https:\\\/\\\/www.interforce.dk\\\/livgardens-reserveenhed-staar-foran-et-markant-boost\\\/\",\"url\":\"https:\\\/\\\/www.interforce.dk\\\/livgardens-reserveenhed-staar-foran-et-markant-boost\\\/\",\"name\":\"Livgardens reserveenhed st\u00e5r foran et markant boost - InterForce\",\"isPartOf\":{\"@id\":\"https:\\\/\\\/www.interforce.dk\\\/#website\"},\"primaryImageOfPage\":{\"@id\":\"https:\\\/\\\/www.interforce.dk\\\/livgardens-reserveenhed-staar-foran-et-markant-boost\\\/#primaryimage\"},\"image\":{\"@id\":\"https:\\\/\\\/www.interforce.dk\\\/livgardens-reserveenhed-staar-foran-et-markant-boost\\\/#primaryimage\"},\"thumbnailUrl\":\"https:\\\/\\\/www.interforce.dk\\\/app\\\/uploads\\\/2019\\\/06\\\/IMGL5552-1.jpg\",\"datePublished\":\"2019-06-22T17:44:28+00:00\",\"dateModified\":\"2020-03-26T15:16:24+00:00\",\"author\":{\"@id\":\"https:\\\/\\\/www.interforce.dk\\\/#\\\/schema\\\/person\\\/5477512a00e03f11d143b8bb3eb2eb90\"},\"breadcrumb\":{\"@id\":\"https:\\\/\\\/www.interforce.dk\\\/livgardens-reserveenhed-staar-foran-et-markant-boost\\\/#breadcrumb\"},\"inLanguage\":\"en-GB\",\"potentialAction\":[{\"@type\":\"ReadAction\",\"target\":[\"https:\\\/\\\/www.interforce.dk\\\/livgardens-reserveenhed-staar-foran-et-markant-boost\\\/\"]}]},{\"@type\":\"ImageObject\",\"inLanguage\":\"en-GB\",\"@id\":\"https:\\\/\\\/www.interforce.dk\\\/livgardens-reserveenhed-staar-foran-et-markant-boost\\\/#primaryimage\",\"url\":\"https:\\\/\\\/www.interforce.dk\\\/app\\\/uploads\\\/2019\\\/06\\\/IMGL5552-1.jpg\",\"contentUrl\":\"https:\\\/\\\/www.interforce.dk\\\/app\\\/uploads\\\/2019\\\/06\\\/IMGL5552-1.jpg\",\"width\":1280,\"height\":928,\"caption\":\"Stort set alle livgardens enheder har behov for reservepersonel. Arkivfoto: Morten Fredslund\"},{\"@type\":\"BreadcrumbList\",\"@id\":\"https:\\\/\\\/www.interforce.dk\\\/livgardens-reserveenhed-staar-foran-et-markant-boost\\\/#breadcrumb\",\"itemListElement\":[{\"@type\":\"ListItem\",\"position\":1,\"name\":\"Hjem\",\"item\":\"https:\\\/\\\/www.interforce.dk\\\/\"},{\"@type\":\"ListItem\",\"position\":2,\"name\":\"Livgardens reserveenhed st\u00e5r foran et markant boost\"}]},{\"@type\":\"WebSite\",\"@id\":\"https:\\\/\\\/www.interforce.dk\\\/#website\",\"url\":\"https:\\\/\\\/www.interforce.dk\\\/\",\"name\":\"InterForce\",\"description\":\"\",\"potentialAction\":[{\"@type\":\"SearchAction\",\"target\":{\"@type\":\"EntryPoint\",\"urlTemplate\":\"https:\\\/\\\/www.interforce.dk\\\/?s={search_term_string}\"},\"query-input\":{\"@type\":\"PropertyValueSpecification\",\"valueRequired\":true,\"valueName\":\"search_term_string\"}}],\"inLanguage\":\"en-GB\"},{\"@type\":\"Person\",\"@id\":\"https:\\\/\\\/www.interforce.dk\\\/#\\\/schema\\\/person\\\/5477512a00e03f11d143b8bb3eb2eb90\",\"name\":\"Morten Fredslund\",\"image\":{\"@type\":\"ImageObject\",\"inLanguage\":\"en-GB\",\"@id\":\"https:\\\/\\\/secure.gravatar.com\\\/avatar\\\/67a6005c62149980e771e9a43b3cd6a4384c966c10c03c2641da6ea4f52fb6b8?s=96&d=mm&r=g\",\"url\":\"https:\\\/\\\/secure.gravatar.com\\\/avatar\\\/67a6005c62149980e771e9a43b3cd6a4384c966c10c03c2641da6ea4f52fb6b8?s=96&d=mm&r=g\",\"contentUrl\":\"https:\\\/\\\/secure.gravatar.com\\\/avatar\\\/67a6005c62149980e771e9a43b3cd6a4384c966c10c03c2641da6ea4f52fb6b8?s=96&d=mm&r=g\",\"caption\":\"Morten Fredslund\"},\"url\":\"https:\\\/\\\/www.interforce.dk\\\/en\\\/author\\\/morten-fredslund\\\/\"}]}<\/script>\n<!-- \/ Yoast SEO plugin. -->","yoast_head_json":{"title":"Livgardens reserveenhed st\u00e5r foran et markant boost - InterForce","robots":{"index":"index","follow":"follow","max-snippet":"max-snippet:-1","max-image-preview":"max-image-preview:large","max-video-preview":"max-video-preview:-1"},"canonical":"https:\/\/www.interforce.dk\/en\/livgardens-reserveenhed-staar-foran-et-markant-boost\/","og_locale":"en_GB","og_type":"article","og_title":"Livgardens reserveenhed st\u00e5r foran et markant boost - InterForce","og_description":"Med hele otte stillingsopslag har Livgardens reserveenhed indledt jagten p\u00e5 tidligere og hjemsendte soldater af alle grader. P\u00e5 sigt skal Livgardens reservestyrke mangedobles. Af Morten Fredslund Det er is\u00e6r den nye struktur i Totalforsvarsstyrken, der betyder, at Den Kongelige Livgarde nu har kastet sn\u00f8ren ud efter tidligere og hjemsendte soldater \u2013 fra konstabel til kaptajn &hellip;","og_url":"https:\/\/www.interforce.dk\/en\/livgardens-reserveenhed-staar-foran-et-markant-boost\/","og_site_name":"InterForce","article_published_time":"2019-06-22T17:44:28+00:00","article_modified_time":"2020-03-26T15:16:24+00:00","og_image":[{"width":1280,"height":928,"url":"https:\/\/www.interforce.dk\/app\/uploads\/2019\/06\/IMGL5552-1.jpg","type":"image\/jpeg"}],"author":"Morten Fredslund","twitter_card":"summary_large_image","twitter_misc":{"Written by":"Morten Fredslund","Est. reading time":"4 minutes"},"schema":{"@context":"https:\/\/schema.org","@graph":[{"@type":"Article","@id":"https:\/\/www.interforce.dk\/livgardens-reserveenhed-staar-foran-et-markant-boost\/#article","isPartOf":{"@id":"https:\/\/www.interforce.dk\/livgardens-reserveenhed-staar-foran-et-markant-boost\/"},"author":{"name":"Morten Fredslund","@id":"https:\/\/www.interforce.dk\/#\/schema\/person\/5477512a00e03f11d143b8bb3eb2eb90"},"headline":"Livgardens reserveenhed st\u00e5r foran et markant boost","datePublished":"2019-06-22T17:44:28+00:00","dateModified":"2020-03-26T15:16:24+00:00","mainEntityOfPage":{"@id":"https:\/\/www.interforce.dk\/livgardens-reserveenhed-staar-foran-et-markant-boost\/"},"wordCount":849,"image":{"@id":"https:\/\/www.interforce.dk\/livgardens-reserveenhed-staar-foran-et-markant-boost\/#primaryimage"},"thumbnailUrl":"https:\/\/www.interforce.dk\/app\/uploads\/2019\/06\/IMGL5552-1.jpg","articleSection":["Uncategorized @da"],"inLanguage":"en-GB"},{"@type":"WebPage","@id":"https:\/\/www.interforce.dk\/livgardens-reserveenhed-staar-foran-et-markant-boost\/","url":"https:\/\/www.interforce.dk\/livgardens-reserveenhed-staar-foran-et-markant-boost\/","name":"Livgardens reserveenhed st\u00e5r foran et markant boost - InterForce","isPartOf":{"@id":"https:\/\/www.interforce.dk\/#website"},"primaryImageOfPage":{"@id":"https:\/\/www.interforce.dk\/livgardens-reserveenhed-staar-foran-et-markant-boost\/#primaryimage"},"image":{"@id":"https:\/\/www.interforce.dk\/livgardens-reserveenhed-staar-foran-et-markant-boost\/#primaryimage"},"thumbnailUrl":"https:\/\/www.interforce.dk\/app\/uploads\/2019\/06\/IMGL5552-1.jpg","datePublished":"2019-06-22T17:44:28+00:00","dateModified":"2020-03-26T15:16:24+00:00","author":{"@id":"https:\/\/www.interforce.dk\/#\/schema\/person\/5477512a00e03f11d143b8bb3eb2eb90"},"breadcrumb":{"@id":"https:\/\/www.interforce.dk\/livgardens-reserveenhed-staar-foran-et-markant-boost\/#breadcrumb"},"inLanguage":"en-GB","potentialAction":[{"@type":"ReadAction","target":["https:\/\/www.interforce.dk\/livgardens-reserveenhed-staar-foran-et-markant-boost\/"]}]},{"@type":"ImageObject","inLanguage":"en-GB","@id":"https:\/\/www.interforce.dk\/livgardens-reserveenhed-staar-foran-et-markant-boost\/#primaryimage","url":"https:\/\/www.interforce.dk\/app\/uploads\/2019\/06\/IMGL5552-1.jpg","contentUrl":"https:\/\/www.interforce.dk\/app\/uploads\/2019\/06\/IMGL5552-1.jpg","width":1280,"height":928,"caption":"Stort set alle livgardens enheder har behov for reservepersonel. Arkivfoto: Morten Fredslund"},{"@type":"BreadcrumbList","@id":"https:\/\/www.interforce.dk\/livgardens-reserveenhed-staar-foran-et-markant-boost\/#breadcrumb","itemListElement":[{"@type":"ListItem","position":1,"name":"Hjem","item":"https:\/\/www.interforce.dk\/"},{"@type":"ListItem","position":2,"name":"Livgardens reserveenhed st\u00e5r foran et markant boost"}]},{"@type":"WebSite","@id":"https:\/\/www.interforce.dk\/#website","url":"https:\/\/www.interforce.dk\/","name":"InterForce","description":"","potentialAction":[{"@type":"SearchAction","target":{"@type":"EntryPoint","urlTemplate":"https:\/\/www.interforce.dk\/?s={search_term_string}"},"query-input":{"@type":"PropertyValueSpecification","valueRequired":true,"valueName":"search_term_string"}}],"inLanguage":"en-GB"},{"@type":"Person","@id":"https:\/\/www.interforce.dk\/#\/schema\/person\/5477512a00e03f11d143b8bb3eb2eb90","name":"Morten Fredslund","image":{"@type":"ImageObject","inLanguage":"en-GB","@id":"https:\/\/secure.gravatar.com\/avatar\/67a6005c62149980e771e9a43b3cd6a4384c966c10c03c2641da6ea4f52fb6b8?s=96&d=mm&r=g","url":"https:\/\/secure.gravatar.com\/avatar\/67a6005c62149980e771e9a43b3cd6a4384c966c10c03c2641da6ea4f52fb6b8?s=96&d=mm&r=g","contentUrl":"https:\/\/secure.gravatar.com\/avatar\/67a6005c62149980e771e9a43b3cd6a4384c966c10c03c2641da6ea4f52fb6b8?s=96&d=mm&r=g","caption":"Morten Fredslund"},"url":"https:\/\/www.interforce.dk\/en\/author\/morten-fredslund\/"}]}},"_links":{"self":[{"href":"https:\/\/www.interforce.dk\/en\/wp-json\/wp\/v2\/posts\/10001","targetHints":{"allow":["GET"]}}],"collection":[{"href":"https:\/\/www.interforce.dk\/en\/wp-json\/wp\/v2\/posts"}],"about":[{"href":"https:\/\/www.interforce.dk\/en\/wp-json\/wp\/v2\/types\/post"}],"author":[{"embeddable":true,"href":"https:\/\/www.interforce.dk\/en\/wp-json\/wp\/v2\/users\/4"}],"replies":[{"embeddable":true,"href":"https:\/\/www.interforce.dk\/en\/wp-json\/wp\/v2\/comments?post=10001"}],"version-history":[{"count":0,"href":"https:\/\/www.interforce.dk\/en\/wp-json\/wp\/v2\/posts\/10001\/revisions"}],"wp:featuredmedia":[{"embeddable":true,"href":"https:\/\/www.interforce.dk\/en\/wp-json\/wp\/v2\/media\/899"}],"wp:attachment":[{"href":"https:\/\/www.interforce.dk\/en\/wp-json\/wp\/v2\/media?parent=10001"}],"wp:term":[{"taxonomy":"category","embeddable":true,"href":"https:\/\/www.interforce.dk\/en\/wp-json\/wp\/v2\/categories?post=10001"},{"taxonomy":"post_tag","embeddable":true,"href":"https:\/\/www.interforce.dk\/en\/wp-json\/wp\/v2\/tags?post=10001"}],"curies":[{"name":"wp","href":"https:\/\/api.w.org\/{rel}","templated":true}]}}